{"id":251345,"date":"2026-09-02T09:55:12","date_gmt":"2026-09-02T16:55:12","guid":{"rendered":"https:\/\/www.sonoraenequipo.com.mx\/?p=251345"},"modified":"2026-09-02T13:55:20","modified_gmt":"2026-09-02T20:55:20","slug":"gobierno-de-sonora-refuerza-vigilancia-pesquera-en-la-presa-el-oviachic","status":"publish","type":"post","link":"https:\/\/www.sonoraenequipo.com.mx\/gobierno-de-sonora-refuerza-vigilancia-pesquera-en-la-presa-el-oviachic\/","title":{"rendered":"Gobierno de Sonora refuerza vigilancia pesquera en la presa \u201cEl Oviachic\u201d"},"content":{"rendered":"<p><strong>CAJEME, SONORA .MX. \u2014 <\/strong> El Gobierno de Sonora, a trav\u00e9s de la Secretar\u00eda de Agricultura, Ganader\u00eda, Recursos Hidr\u00e1ulicos, Pesca y Acuacultura (Sagarhpa), en coordinaci\u00f3n con la Comisi\u00f3n Nacional de Acuacultura y Pesca (Conapesca), detect\u00f3 dos redes de arrastre y siete atarrayas pulgadas durante un operativo de inspecci\u00f3n y vigilancia en la presa \u00c1lvaro Obreg\u00f3n \u201cEl Oviachic\u201d.<\/p>\n<p>&nbsp;<\/p>\n<p>&nbsp;<\/p>\n<p> <\/p>\n<p>Con el objetivo de fortalecer la regulaci\u00f3n de la pesca comercial, la Sagarhpa, acompa\u00f1ada por oficiales de la Conapesca y personal de la Subsecretar\u00eda de Pesca, realiz\u00f3 recorridos acu\u00e1ticos. En las acciones tambi\u00e9n participaron elementos de la Polic\u00eda Estatal de Seguridad P\u00fablica del Estado de Sonora, quienes brindaron apoyo durante las labores de vigilancia y verificaci\u00f3n de la normativa pesquera.<\/p>\n<p>&nbsp;<\/p>\n<p>Como resultado de la inspecci\u00f3n, se detectaron dos redes de arrastre de aproximadamente 40 metros de longitud, as\u00ed como siete atarrayas de 2\u00bd pulgadas, las cuales fueron retenidas de manera provisional como parte de las acciones de verificaci\u00f3n realizadas durante la jornada.<\/p>\n<div id='gallery-1' class='gallery galleryid-251345 gallery-columns-2 gallery-size-large'><figure class='gallery-item'>\n\t\t\t<div class='gallery-icon landscape'>\n\t\t\t\t<a href='https:\/\/www.sonoraenequipo.com.mx\/gobierno-de-sonora-refuerza-vigilancia-pesquera-en-la-presa-el-oviachic\/gobierno-de-sonora-refuerza-vigilancia-pesquera-en-la-presa-el-oviachic-1-2\/'><img width=\"640\" height=\"372\" src=\"https:\/\/www.sonoraenequipo.com.mx\/storage\/2026\/09\/Gobierno-de-Sonora-refuerza-vigilancia-pesquera-en-la-presa-El-Oviachic.-1-1-825x480.jpg\" class=\"attachment-large size-large\" alt=\"Gobierno de Sonora refuerza vigilancia pesquera en la presa \u201cEl Oviachic\u201d.. (1)\" srcset=\"https:\/\/www.sonoraenequipo.com.mx\/storage\/2026\/09\/Gobierno-de-Sonora-refuerza-vigilancia-pesquera-en-la-presa-El-Oviachic.-1-1-825x480.jpg 825w, https:\/\/www.sonoraenequipo.com.mx\/storage\/2026\/09\/Gobierno-de-Sonora-refuerza-vigilancia-pesquera-en-la-presa-El-Oviachic.-1-1-627x365.jpg 627w, https:\/\/www.sonoraenequipo.com.mx\/storage\/2026\/09\/Gobierno-de-Sonora-refuerza-vigilancia-pesquera-en-la-presa-El-Oviachic.-1-1-481x280.jpg 481w, https:\/\/www.sonoraenequipo.com.mx\/storage\/2026\/09\/Gobierno-de-Sonora-refuerza-vigilancia-pesquera-en-la-presa-El-Oviachic.-1-1-768x447.jpg 768w, https:\/\/www.sonoraenequipo.com.mx\/storage\/2026\/09\/Gobierno-de-Sonora-refuerza-vigilancia-pesquera-en-la-presa-El-Oviachic.-1-1.jpg 1000w\" sizes=\"auto, (max-width: 640px) 100vw, 640px\" loading=\"lazy\" decoding=\"async\" \/><\/a>\n\t\t\t<\/div><\/figure><figure class='gallery-item'>\n\t\t\t<div class='gallery-icon landscape'>\n\t\t\t\t<a href='https:\/\/www.sonoraenequipo.com.mx\/gobierno-de-sonora-refuerza-vigilancia-pesquera-en-la-presa-el-oviachic\/gobierno-de-sonora-refuerza-vigilancia-pesquera-en-la-presa-el-oviachic-1\/'><img width=\"640\" height=\"385\" src=\"https:\/\/www.sonoraenequipo.com.mx\/storage\/2026\/09\/Gobierno-de-Sonora-refuerza-vigilancia-pesquera-en-la-presa-El-Oviachic.-1-797x480.jpg\" class=\"attachment-large size-large\" alt=\"Gobierno de Sonora refuerza vigilancia pesquera en la presa \u201cEl Oviachic\u201d... (1)\" srcset=\"https:\/\/www.sonoraenequipo.com.mx\/storage\/2026\/09\/Gobierno-de-Sonora-refuerza-vigilancia-pesquera-en-la-presa-El-Oviachic.-1-797x480.jpg 797w, https:\/\/www.sonoraenequipo.com.mx\/storage\/2026\/09\/Gobierno-de-Sonora-refuerza-vigilancia-pesquera-en-la-presa-El-Oviachic.-1-606x365.jpg 606w, https:\/\/www.sonoraenequipo.com.mx\/storage\/2026\/09\/Gobierno-de-Sonora-refuerza-vigilancia-pesquera-en-la-presa-El-Oviachic.-1-465x280.jpg 465w, https:\/\/www.sonoraenequipo.com.mx\/storage\/2026\/09\/Gobierno-de-Sonora-refuerza-vigilancia-pesquera-en-la-presa-El-Oviachic.-1-768x462.jpg 768w, https:\/\/www.sonoraenequipo.com.mx\/storage\/2026\/09\/Gobierno-de-Sonora-refuerza-vigilancia-pesquera-en-la-presa-El-Oviachic.-1.jpg 1000w\" sizes=\"auto, (max-width: 640px) 100vw, 640px\" loading=\"lazy\" decoding=\"async\" \/><\/a>\n\t\t\t<\/div><\/figure>\n\t\t<\/div>\n\n<p>Estas acciones forman parte del trabajo coordinado entre autoridades federales y estatales para promover la prevenci\u00f3n, regulaci\u00f3n y vigilancia de las actividades pesqueras en Sonora, as\u00ed como el aprovechamiento responsable de los recursos y la protecci\u00f3n de la actividad productiva y econ\u00f3mica de las familias que dependen de este sector.<\/p>\n<p>&nbsp;<\/p>\n<p>La Sagarhpa refrenda su compromiso de continuar fortaleciendo las acciones de inspecci\u00f3n y vigilancia, en coordinaci\u00f3n con las autoridades competentes, para contribuir al ordenamiento de la actividad pesquera y al cuidado de los recursos naturales en beneficio de las comunidades pesqueras de Sonora.<\/p>\n<p>&nbsp;<\/p>\n<p>&nbsp;<\/p>\n<p>PUBLICADO EL 02 SEPT DE 2026 Con informaci\u00f3n de GOBSON 0926\/012)<\/p>\n","protected":false},"excerpt":{"rendered":"<p>CAJEME, SONORA .MX. \u2014 El Gobierno de Sonora, a trav\u00e9s de la Secretar\u00eda de Agricultura,&#8230;<\/p>\n","protected":false},"author":1,"featured_media":251350,"comment_status":"open","ping_status":"open","sticky":false,"template":"","format":"standard","meta":{"_monsterinsights_skip_tracking":false,"_monsterinsights_sitenote_active":false,"_monsterinsights_sitenote_note":"","_monsterinsights_sitenote_category":0,"footnotes":""},"categories":[22],"tags":[],"class_list":["post"],"yoast_head":" \n<title>Sonora en Equipo. Gobierno de Sonora refuerza vigilancia pesquera en la presa \u201cEl Oviachic\u201d Sonora<\/title>\n<meta name=\"description\" content=\"CAJEME, SONORA .MX. \u2014 El Gobierno de Sonora, a trav\u00e9s de la Secretar\u00eda de Agricultura, Ganader\u00eda, Recursos Hidr\u00e1ulicos, Pesca y Acuacultura (Sagarhpa), en En Sonora en Equipo publicamos toda la informaci\u00f3n de Sonora, M\u00e9xico y el Mundo de manera oportuna y busca que la libertad de expresi\u00f3n sea real. Visita nuestro medio informativo publicado desde Hermosillo, Sonora. %\" \/>\n<meta name=\"robots\" content=\"index, follow, max-snippet:-1, max-image-preview:large, max-video-preview:-1\" \/>\n<link rel=\"canonical\" href=\"https:\/\/www.sonoraenequipo.com.mx\/gobierno-de-sonora-refuerza-vigilancia-pesquera-en-la-presa-el-oviachic\/\" \/>\n<meta property=\"og:locale\" content=\"es_ES\" \/>\n<meta property=\"og:type\" content=\"article\" \/>\n<meta property=\"og:title\" content=\"Sonora en Equipo. Gobierno de Sonora refuerza vigilancia pesquera en la presa \u201cEl Oviachic\u201d Sonora\" \/>\n<meta property=\"og:description\" content=\"CAJEME, SONORA .MX. \u2014 El Gobierno de Sonora, a trav\u00e9s de la Secretar\u00eda de Agricultura, Ganader\u00eda, Recursos Hidr\u00e1ulicos, Pesca y Acuacultura (Sagarhpa), en En Sonora en Equipo publicamos toda la informaci\u00f3n de Sonora, M\u00e9xico y el Mundo de manera oportuna y busca que la libertad de expresi\u00f3n sea real. Visita nuestro medio informativo publicado desde Hermosillo, Sonora. %\" \/>\n<meta property=\"og:url\" content=\"https:\/\/www.sonoraenequipo.com.mx\/gobierno-de-sonora-refuerza-vigilancia-pesquera-en-la-presa-el-oviachic\/\" \/>\n<meta property=\"og:site_name\" content=\"Sonora en Equipo.\" \/>\n<meta property=\"article:publisher\" content=\"https:\/\/www.facebook.com\/SonoraEE\/\" \/>\n<meta property=\"article:author\" content=\"https:\/\/www.facebook.com\/SonoraEE\" \/>\n<meta property=\"article:published_time\" content=\"2026-09-02T16:55:12+00:00\" \/>\n<meta property=\"article:modified_time\" content=\"2026-09-02T20:55:20+00:00\" \/>\n<meta property=\"og:image\" content=\"https:\/\/www.sonoraenequipo.com.mx\/storage\/2026\/09\/Gobierno-de-Sonora-refuerza-vigilancia-pesquera-en-la-presa-El-Oviachic-1.jpg\" \/>\n\t<meta property=\"og:image:width\" content=\"956\" \/>\n\t<meta property=\"og:image:height\" content=\"597\" \/>\n\t<meta property=\"og:image:type\" content=\"image\/jpeg\" \/>\n<meta name=\"author\" content=\"enequipo\" \/>\n<meta name=\"twitter:card\" content=\"summary_large_image\" \/>\n<meta name=\"twitter:creator\" content=\"@sonoraenequipo\" \/>\n<meta name=\"twitter:site\" content=\"@sonoraenequipo\" \/>\n<meta name=\"twitter:label1\" content=\"Escrito por\" \/>\n\t<meta name=\"twitter:data1\" content=\"enequipo\" \/>\n\t<meta name=\"twitter:label2\" content=\"Tiempo de lectura\" \/>\n\t<meta name=\"twitter:data2\" content=\"1 minuto\" \/>\n<script type=\"application\/ld+json\" class=\"yoast-schema-graph\">{\"@context\":\"https:\/\/schema.org\",\"@graph\":[{\"@type\":\"Article\",\"@id\":\"https:\/\/www.sonoraenequipo.com.mx\/gobierno-de-sonora-refuerza-vigilancia-pesquera-en-la-presa-el-oviachic\/#article\",\"isPartOf\":{\"@id\":\"https:\/\/www.sonoraenequipo.com.mx\/gobierno-de-sonora-refuerza-vigilancia-pesquera-en-la-presa-el-oviachic\/\"},\"author\":{\"name\":\"enequipo\",\"@id\":\"https:\/\/www.sonoraenequipo.com.mx\/#\/schema\/person\/50102df0fb23a8fa9e8effad8fa81386\"},\"headline\":\"Gobierno de Sonora refuerza vigilancia pesquera en la presa \u201cEl Oviachic\u201d\",\"datePublished\":\"2026-09-02T16:55:12+00:00\",\"dateModified\":\"2026-09-02T20:55:20+00:00\",\"mainEntityOfPage\":{\"@id\":\"https:\/\/www.sonoraenequipo.com.mx\/gobierno-de-sonora-refuerza-vigilancia-pesquera-en-la-presa-el-oviachic\/\"},\"wordCount\":303,\"commentCount\":0,\"publisher\":{\"@id\":\"https:\/\/www.sonoraenequipo.com.mx\/#organization\"},\"image\":{\"@id\":\"https:\/\/www.sonoraenequipo.com.mx\/gobierno-de-sonora-refuerza-vigilancia-pesquera-en-la-presa-el-oviachic\/#primaryimage\"},\"thumbnailUrl\":\"https:\/\/www.sonoraenequipo.com.mx\/storage\/2026\/09\/Gobierno-de-Sonora-refuerza-vigilancia-pesquera-en-la-presa-El-Oviachic-1.jpg\",\"articleSection\":[\"Sonora\"],\"inLanguage\":\"es\",\"potentialAction\":[{\"@type\":\"CommentAction\",\"name\":\"Comment\",\"target\":[\"https:\/\/www.sonoraenequipo.com.mx\/gobierno-de-sonora-refuerza-vigilancia-pesquera-en-la-presa-el-oviachic\/#respond\"]}]},{\"@type\":\"WebPage\",\"@id\":\"https:\/\/www.sonoraenequipo.com.mx\/gobierno-de-sonora-refuerza-vigilancia-pesquera-en-la-presa-el-oviachic\/\",\"url\":\"https:\/\/www.sonoraenequipo.com.mx\/gobierno-de-sonora-refuerza-vigilancia-pesquera-en-la-presa-el-oviachic\/\",\"name\":\"Sonora en Equipo. Gobierno de Sonora refuerza vigilancia pesquera en la presa \u201cEl Oviachic\u201d Sonora\",\"isPartOf\":{\"@id\":\"https:\/\/www.sonoraenequipo.com.mx\/#website\"},\"primaryImageOfPage\":{\"@id\":\"https:\/\/www.sonoraenequipo.com.mx\/gobierno-de-sonora-refuerza-vigilancia-pesquera-en-la-presa-el-oviachic\/#primaryimage\"},\"image\":{\"@id\":\"https:\/\/www.sonoraenequipo.com.mx\/gobierno-de-sonora-refuerza-vigilancia-pesquera-en-la-presa-el-oviachic\/#primaryimage\"},\"thumbnailUrl\":\"https:\/\/www.sonoraenequipo.com.mx\/storage\/2026\/09\/Gobierno-de-Sonora-refuerza-vigilancia-pesquera-en-la-presa-El-Oviachic-1.jpg\",\"datePublished\":\"2026-09-02T16:55:12+00:00\",\"dateModified\":\"2026-09-02T20:55:20+00:00\",\"description\":\"CAJEME, SONORA .MX. \u2014 El Gobierno de Sonora, a trav\u00e9s de la Secretar\u00eda de Agricultura, Ganader\u00eda, Recursos Hidr\u00e1ulicos, Pesca y Acuacultura (Sagarhpa), en En Sonora en Equipo publicamos toda la informaci\u00f3n de Sonora, M\u00e9xico y el Mundo de manera oportuna y busca que la libertad de expresi\u00f3n sea real. Visita nuestro medio informativo publicado desde Hermosillo, Sonora. %\",\"breadcrumb\":{\"@id\":\"https:\/\/www.sonoraenequipo.com.mx\/gobierno-de-sonora-refuerza-vigilancia-pesquera-en-la-presa-el-oviachic\/#breadcrumb\"},\"inLanguage\":\"es\",\"potentialAction\":[{\"@type\":\"ReadAction\",\"target\":[\"https:\/\/www.sonoraenequipo.com.mx\/gobierno-de-sonora-refuerza-vigilancia-pesquera-en-la-presa-el-oviachic\/\"]}]},{\"@type\":\"ImageObject\",\"inLanguage\":\"es\",\"@id\":\"https:\/\/www.sonoraenequipo.com.mx\/gobierno-de-sonora-refuerza-vigilancia-pesquera-en-la-presa-el-oviachic\/#primaryimage\",\"url\":\"https:\/\/www.sonoraenequipo.com.mx\/storage\/2026\/09\/Gobierno-de-Sonora-refuerza-vigilancia-pesquera-en-la-presa-El-Oviachic-1.jpg\",\"contentUrl\":\"https:\/\/www.sonoraenequipo.com.mx\/storage\/2026\/09\/Gobierno-de-Sonora-refuerza-vigilancia-pesquera-en-la-presa-El-Oviachic-1.jpg\",\"width\":956,\"height\":597},{\"@type\":\"BreadcrumbList\",\"@id\":\"https:\/\/www.sonoraenequipo.com.mx\/gobierno-de-sonora-refuerza-vigilancia-pesquera-en-la-presa-el-oviachic\/#breadcrumb\",\"itemListElement\":[{\"@type\":\"ListItem\",\"position\":1,\"name\":\"Portada\",\"item\":\"https:\/\/www.sonoraenequipo.com.mx\/\"},{\"@type\":\"ListItem\",\"position\":2,\"name\":\"Gobierno de Sonora refuerza vigilancia pesquera en la presa \u201cEl Oviachic\u201d\"}]},{\"@type\":\"WebSite\",\"@id\":\"https:\/\/www.sonoraenequipo.com.mx\/#website\",\"url\":\"https:\/\/www.sonoraenequipo.com.mx\/\",\"name\":\"Sonora en Equipo.\",\"description\":\"Diario en l\u00ednea con Noticias desde Hermosillo, Sonora\",\"publisher\":{\"@id\":\"https:\/\/www.sonoraenequipo.com.mx\/#organization\"},\"potentialAction\":[{\"@type\":\"SearchAction\",\"target\":{\"@type\":\"EntryPoint\",\"urlTemplate\":\"https:\/\/www.sonoraenequipo.com.mx\/?s={search_term_string}\"},\"query-input\":{\"@type\":\"PropertyValueSpecification\",\"valueRequired\":true,\"valueName\":\"search_term_string\"}}],\"inLanguage\":\"es\"},{\"@type\":\"Organization\",\"@id\":\"https:\/\/www.sonoraenequipo.com.mx\/#organization\",\"name\":\"Sonoraenequipo.com.mx\",\"url\":\"https:\/\/www.sonoraenequipo.com.mx\/\",\"logo\":{\"@type\":\"ImageObject\",\"inLanguage\":\"es\",\"@id\":\"https:\/\/www.sonoraenequipo.com.mx\/#\/schema\/logo\/image\/\",\"url\":\"https:\/\/www.sonoraenequipo.com.mx\/storage\/2019\/01\/sonoraenequipo_opt.png\",\"contentUrl\":\"https:\/\/www.sonoraenequipo.com.mx\/storage\/2019\/01\/sonoraenequipo_opt.png\",\"width\":375,\"height\":125,\"caption\":\"Sonoraenequipo.com.mx\"},\"image\":{\"@id\":\"https:\/\/www.sonoraenequipo.com.mx\/#\/schema\/logo\/image\/\"},\"sameAs\":[\"https:\/\/www.facebook.com\/SonoraEE\/\",\"https:\/\/x.com\/sonoraenequipo\",\"https:\/\/www.youtube.com\/channel\/UC338nW-lPEYmJQs4ZABQ1SQ\"]},{\"@type\":\"Person\",\"@id\":\"https:\/\/www.sonoraenequipo.com.mx\/#\/schema\/person\/50102df0fb23a8fa9e8effad8fa81386\",\"name\":\"enequipo\",\"image\":{\"@type\":\"ImageObject\",\"inLanguage\":\"es\",\"@id\":\"https:\/\/www.sonoraenequipo.com.mx\/#\/schema\/person\/image\/\",\"url\":\"https:\/\/secure.gravatar.com\/avatar\/049821681b589dabc0bc20695993ccebb09f5b5d4d790cd9251b97faac7c652b?s=96&d=blank&r=g\",\"contentUrl\":\"https:\/\/secure.gravatar.com\/avatar\/049821681b589dabc0bc20695993ccebb09f5b5d4d790cd9251b97faac7c652b?s=96&d=blank&r=g\",\"caption\":\"enequipo\"},\"sameAs\":[\"https:\/\/www.facebook.com\/SonoraEE\"]}]}<\/script>\n ","yoast_head_json":{"title":"Sonora en Equipo. Gobierno de Sonora refuerza vigilancia pesquera en la presa \u201cEl Oviachic\u201d Sonora","description":"CAJEME, SONORA .MX. \u2014 El Gobierno de Sonora, a trav\u00e9s de la Secretar\u00eda de Agricultura, Ganader\u00eda, Recursos Hidr\u00e1ulicos, Pesca y Acuacultura (Sagarhpa), en En Sonora en Equipo publicamos toda la informaci\u00f3n de Sonora, M\u00e9xico y el Mundo de manera oportuna y busca que la libertad de expresi\u00f3n sea real. Visita nuestro medio informativo publicado desde Hermosillo, Sonora. %","robots":{"index":"index","follow":"follow","max-snippet":"max-snippet:-1","max-image-preview":"max-image-preview:large","max-video-preview":"max-video-preview:-1"},"canonical":"https:\/\/www.sonoraenequipo.com.mx\/gobierno-de-sonora-refuerza-vigilancia-pesquera-en-la-presa-el-oviachic\/","og_locale":"es_ES","og_type":"article","og_title":"Sonora en Equipo. Gobierno de Sonora refuerza vigilancia pesquera en la presa \u201cEl Oviachic\u201d Sonora","og_description":"CAJEME, SONORA .MX. \u2014 El Gobierno de Sonora, a trav\u00e9s de la Secretar\u00eda de Agricultura, Ganader\u00eda, Recursos Hidr\u00e1ulicos, Pesca y Acuacultura (Sagarhpa), en En Sonora en Equipo publicamos toda la informaci\u00f3n de Sonora, M\u00e9xico y el Mundo de manera oportuna y busca que la libertad de expresi\u00f3n sea real. Visita nuestro medio informativo publicado desde Hermosillo, Sonora. %","og_url":"https:\/\/www.sonoraenequipo.com.mx\/gobierno-de-sonora-refuerza-vigilancia-pesquera-en-la-presa-el-oviachic\/","og_site_name":"Sonora en Equipo.","article_publisher":"https:\/\/www.facebook.com\/SonoraEE\/","article_author":"https:\/\/www.facebook.com\/SonoraEE","article_published_time":"2026-09-02T16:55:12+00:00","article_modified_time":"2026-09-02T20:55:20+00:00","og_image":[{"width":956,"height":597,"url":"https:\/\/www.sonoraenequipo.com.mx\/storage\/2026\/09\/Gobierno-de-Sonora-refuerza-vigilancia-pesquera-en-la-presa-El-Oviachic-1.jpg","type":"image\/jpeg"}],"author":"enequipo","twitter_card":"summary_large_image","twitter_creator":"@sonoraenequipo","twitter_site":"@sonoraenequipo","twitter_misc":{"Escrito por":"enequipo","Tiempo de lectura":"1 minuto"},"schema":{"@context":"https:\/\/schema.org","@graph":[{"@type":"Article","@id":"https:\/\/www.sonoraenequipo.com.mx\/gobierno-de-sonora-refuerza-vigilancia-pesquera-en-la-presa-el-oviachic\/#article","isPartOf":{"@id":"https:\/\/www.sonoraenequipo.com.mx\/gobierno-de-sonora-refuerza-vigilancia-pesquera-en-la-presa-el-oviachic\/"},"author":{"name":"enequipo","@id":"https:\/\/www.sonoraenequipo.com.mx\/#\/schema\/person\/50102df0fb23a8fa9e8effad8fa81386"},"headline":"Gobierno de Sonora refuerza vigilancia pesquera en la presa \u201cEl Oviachic\u201d","datePublished":"2026-09-02T16:55:12+00:00","dateModified":"2026-09-02T20:55:20+00:00","mainEntityOfPage":{"@id":"https:\/\/www.sonoraenequipo.com.mx\/gobierno-de-sonora-refuerza-vigilancia-pesquera-en-la-presa-el-oviachic\/"},"wordCount":303,"commentCount":0,"publisher":{"@id":"https:\/\/www.sonoraenequipo.com.mx\/#organization"},"image":{"@id":"https:\/\/www.sonoraenequipo.com.mx\/gobierno-de-sonora-refuerza-vigilancia-pesquera-en-la-presa-el-oviachic\/#primaryimage"},"thumbnailUrl":"https:\/\/www.sonoraenequipo.com.mx\/storage\/2026\/09\/Gobierno-de-Sonora-refuerza-vigilancia-pesquera-en-la-presa-El-Oviachic-1.jpg","articleSection":["Sonora"],"inLanguage":"es","potentialAction":[{"@type":"CommentAction","name":"Comment","target":["https:\/\/www.sonoraenequipo.com.mx\/gobierno-de-sonora-refuerza-vigilancia-pesquera-en-la-presa-el-oviachic\/#respond"]}]},{"@type":"WebPage","@id":"https:\/\/www.sonoraenequipo.com.mx\/gobierno-de-sonora-refuerza-vigilancia-pesquera-en-la-presa-el-oviachic\/","url":"https:\/\/www.sonoraenequipo.com.mx\/gobierno-de-sonora-refuerza-vigilancia-pesquera-en-la-presa-el-oviachic\/","name":"Sonora en Equipo. Gobierno de Sonora refuerza vigilancia pesquera en la presa \u201cEl Oviachic\u201d Sonora","isPartOf":{"@id":"https:\/\/www.sonoraenequipo.com.mx\/#website"},"primaryImageOfPage":{"@id":"https:\/\/www.sonoraenequipo.com.mx\/gobierno-de-sonora-refuerza-vigilancia-pesquera-en-la-presa-el-oviachic\/#primaryimage"},"image":{"@id":"https:\/\/www.sonoraenequipo.com.mx\/gobierno-de-sonora-refuerza-vigilancia-pesquera-en-la-presa-el-oviachic\/#primaryimage"},"thumbnailUrl":"https:\/\/www.sonoraenequipo.com.mx\/storage\/2026\/09\/Gobierno-de-Sonora-refuerza-vigilancia-pesquera-en-la-presa-El-Oviachic-1.jpg","datePublished":"2026-09-02T16:55:12+00:00","dateModified":"2026-09-02T20:55:20+00:00","description":"CAJEME, SONORA .MX. \u2014 El Gobierno de Sonora, a trav\u00e9s de la Secretar\u00eda de Agricultura, Ganader\u00eda, Recursos Hidr\u00e1ulicos, Pesca y Acuacultura (Sagarhpa), en En Sonora en Equipo publicamos toda la informaci\u00f3n de Sonora, M\u00e9xico y el Mundo de manera oportuna y busca que la libertad de expresi\u00f3n sea real. Visita nuestro medio informativo publicado desde Hermosillo, Sonora. %","breadcrumb":{"@id":"https:\/\/www.sonoraenequipo.com.mx\/gobierno-de-sonora-refuerza-vigilancia-pesquera-en-la-presa-el-oviachic\/#breadcrumb"},"inLanguage":"es","potentialAction":[{"@type":"ReadAction","target":["https:\/\/www.sonoraenequipo.com.mx\/gobierno-de-sonora-refuerza-vigilancia-pesquera-en-la-presa-el-oviachic\/"]}]},{"@type":"ImageObject","inLanguage":"es","@id":"https:\/\/www.sonoraenequipo.com.mx\/gobierno-de-sonora-refuerza-vigilancia-pesquera-en-la-presa-el-oviachic\/#primaryimage","url":"https:\/\/www.sonoraenequipo.com.mx\/storage\/2026\/09\/Gobierno-de-Sonora-refuerza-vigilancia-pesquera-en-la-presa-El-Oviachic-1.jpg","contentUrl":"https:\/\/www.sonoraenequipo.com.mx\/storage\/2026\/09\/Gobierno-de-Sonora-refuerza-vigilancia-pesquera-en-la-presa-El-Oviachic-1.jpg","width":956,"height":597},{"@type":"BreadcrumbList","@id":"https:\/\/www.sonoraenequipo.com.mx\/gobierno-de-sonora-refuerza-vigilancia-pesquera-en-la-presa-el-oviachic\/#breadcrumb","itemListElement":[{"@type":"ListItem","position":1,"name":"Portada","item":"https:\/\/www.sonoraenequipo.com.mx\/"},{"@type":"ListItem","position":2,"name":"Gobierno de Sonora refuerza vigilancia pesquera en la presa \u201cEl Oviachic\u201d"}]},{"@type":"WebSite","@id":"https:\/\/www.sonoraenequipo.com.mx\/#website","url":"https:\/\/www.sonoraenequipo.com.mx\/","name":"Sonora en Equipo.","description":"Diario en l\u00ednea con Noticias desde Hermosillo, Sonora","publisher":{"@id":"https:\/\/www.sonoraenequipo.com.mx\/#organization"},"potentialAction":[{"@type":"SearchAction","target":{"@type":"EntryPoint","urlTemplate":"https:\/\/www.sonoraenequipo.com.mx\/?s={search_term_string}"},"query-input":{"@type":"PropertyValueSpecification","valueRequired":true,"valueName":"search_term_string"}}],"inLanguage":"es"},{"@type":"Organization","@id":"https:\/\/www.sonoraenequipo.com.mx\/#organization","name":"Sonoraenequipo.com.mx","url":"https:\/\/www.sonoraenequipo.com.mx\/","logo":{"@type":"ImageObject","inLanguage":"es","@id":"https:\/\/www.sonoraenequipo.com.mx\/#\/schema\/logo\/image\/","url":"https:\/\/www.sonoraenequipo.com.mx\/storage\/2019\/01\/sonoraenequipo_opt.png","contentUrl":"https:\/\/www.sonoraenequipo.com.mx\/storage\/2019\/01\/sonoraenequipo_opt.png","width":375,"height":125,"caption":"Sonoraenequipo.com.mx"},"image":{"@id":"https:\/\/www.sonoraenequipo.com.mx\/#\/schema\/logo\/image\/"},"sameAs":["https:\/\/www.facebook.com\/SonoraEE\/","https:\/\/x.com\/sonoraenequipo","https:\/\/www.youtube.com\/channel\/UC338nW-lPEYmJQs4ZABQ1SQ"]},{"@type":"Person","@id":"https:\/\/www.sonoraenequipo.com.mx\/#\/schema\/person\/50102df0fb23a8fa9e8effad8fa81386","name":"enequipo","image":{"@type":"ImageObject","inLanguage":"es","@id":"https:\/\/www.sonoraenequipo.com.mx\/#\/schema\/person\/image\/","url":"https:\/\/secure.gravatar.com\/avatar\/049821681b589dabc0bc20695993ccebb09f5b5d4d790cd9251b97faac7c652b?s=96&d=blank&r=g","contentUrl":"https:\/\/secure.gravatar.com\/avatar\/049821681b589dabc0bc20695993ccebb09f5b5d4d790cd9251b97faac7c652b?s=96&d=blank&r=g","caption":"enequipo"},"sameAs":["https:\/\/www.facebook.com\/SonoraEE"]}]}},"jetpack_featured_media_url":"https:\/\/www.sonoraenequipo.com.mx\/storage\/2026\/09\/Gobierno-de-Sonora-refuerza-vigilancia-pesquera-en-la-presa-El-Oviachic-1.jpg","_links":{"self":[{"href":"https:\/\/www.sonoraenequipo.com.mx\/api\/wp\/v2\/posts\/251345","targetHints":{"allow":["GET"]}}],"collection":[{"href":"https:\/\/www.sonoraenequipo.com.mx\/api\/wp\/v2\/posts"}],"about":[{"href":"https:\/\/www.sonoraenequipo.com.mx\/api\/wp\/v2\/types\/post"}],"author":[{"embeddable":true,"href":"https:\/\/www.sonoraenequipo.com.mx\/api\/wp\/v2\/users\/1"}],"replies":[{"embeddable":true,"href":"https:\/\/www.sonoraenequipo.com.mx\/api\/wp\/v2\/comments?post=251345"}],"version-history":[{"count":1,"href":"https:\/\/www.sonoraenequipo.com.mx\/api\/wp\/v2\/posts\/251345\/revisions"}],"predecessor-version":[{"id":251353,"href":"https:\/\/www.sonoraenequipo.com.mx\/api\/wp\/v2\/posts\/251345\/revisions\/251353"}],"wp:featuredmedia":[{"embeddable":true,"href":"https:\/\/www.sonoraenequipo.com.mx\/api\/wp\/v2\/media\/251350"}],"wp:attachment":[{"href":"https:\/\/www.sonoraenequipo.com.mx\/api\/wp\/v2\/media?parent=251345"}],"wp:term":[{"taxonomy":"category","embeddable":true,"href":"https:\/\/www.sonoraenequipo.com.mx\/api\/wp\/v2\/categories?post=251345"},{"taxonomy":"post_tag","embeddable":true,"href":"https:\/\/www.sonoraenequipo.com.mx\/api\/wp\/v2\/tags?post=251345"}],"curies":[{"name":"wp","href":"https:\/\/api.w.org\/{rel}","templated":true}]}}