{"id":251354,"date":"2026-09-02T10:15:25","date_gmt":"2026-09-02T17:15:25","guid":{"rendered":"https:\/\/www.sonoraenequipo.com.mx\/?p=251354"},"modified":"2026-09-02T14:00:03","modified_gmt":"2026-09-02T21:00:03","slug":"promueve-salud-sonora-uso-responsable-de-celulares-para-cuidar-la-salud-mental-de-ninas-y-ninos","status":"publish","type":"post","link":"https:\/\/www.sonoraenequipo.com.mx\/promueve-salud-sonora-uso-responsable-de-celulares-para-cuidar-la-salud-mental-de-ninas-y-ninos\/","title":{"rendered":"Promueve Salud Sonora uso responsable de celulares para cuidar la salud mental de ni\u00f1as y ni\u00f1os"},"content":{"rendered":"<p><strong>HERMOSILLO, SONORA. MX. \u2014 <\/strong>Para favorecer el desarrollo y la salud mental de ni\u00f1as y ni\u00f1os durante la jornada escolar, el Gobierno de Sonora, a trav\u00e9s de la Secretar\u00eda de Salud P\u00fablica (SSP), promueve el uso responsable y equilibrado de celulares y dispositivos electr\u00f3nicos en escuelas.<\/p>\n<p>&nbsp;<\/p>\n<p>&nbsp;<\/p>\n<p> <\/p>\n<p>Cada vez existe mayor inter\u00e9s por acompa\u00f1ar a ni\u00f1as y ni\u00f1os en su relaci\u00f3n con las pantallas y redes sociales, pues aplicaciones como TikTok, Instagram y Facebook requieren supervisi\u00f3n y acompa\u00f1amiento de madres y padres de familia.<\/p>\n<p>&nbsp;<\/p>\n<p>El uso equilibrado de dispositivos electr\u00f3nicos contribuye a prevenir afectaciones en la psicomotricidad fina, la exposici\u00f3n a contenido inadecuado, as\u00ed como situaciones de bullying, acoso escolar o riesgos derivados de la sobreexposici\u00f3n p\u00fablica desde edades muy tempranas.<\/p>\n<p>&nbsp;<\/p>\n<p>Jos\u00e9 Antonio Noriega Escalante, director de Salud Mental y Adicciones estatal, plantea regular m\u00e1s que prohibir, involucrando a madres, padres y escuelas para promover un uso responsable y saludable de los dispositivos electr\u00f3nicos.<\/p>\n<p>&nbsp;<\/p>\n<p>La se\u00f1al de una relaci\u00f3n problem\u00e1tica aparece cuando el menor no puede dejar videojuegos o redes, siente ansiedad sin acceso, evita convivir y prefiere permanecer frente a pantallas constantemente.<\/p>\n<p>&nbsp;<\/p>\n<p>Por ello, la SSP llama a establecer l\u00edmites, supervisar contenidos y fomentar la convivencia familiar, actividades recreativas y sociales, recordando que las tecnolog\u00edas pueden ser herramientas \u00fatiles cuando existe acompa\u00f1amiento adecuado.<\/p>\n<p>&nbsp;<\/p>\n<p>&nbsp;<\/p>\n<p>PUBLICADO EL 02 SEPT DE 2026 Con informaci\u00f3n de GOBSON 0826\/013)<\/p>\n","protected":false},"excerpt":{"rendered":"<p>HERMOSILLO, SONORA. MX. \u2014 Para favorecer el desarrollo y la salud mental de ni\u00f1as y&#8230;<\/p>\n","protected":false},"author":1,"featured_media":251352,"comment_status":"open","ping_status":"open","sticky":false,"template":"","format":"standard","meta":{"_monsterinsights_skip_tracking":false,"_monsterinsights_sitenote_active":false,"_monsterinsights_sitenote_note":"","_monsterinsights_sitenote_category":0,"footnotes":""},"categories":[22],"tags":[],"class_list":["post"],"yoast_head":" \n<title>Sonora en Equipo. Promueve Salud Sonora uso responsable de celulares para cuidar la salud mental de ni\u00f1as y ni\u00f1os Sonora<\/title>\n<meta name=\"description\" content=\"HERMOSILLO, SONORA. MX. \u2014 Para favorecer el desarrollo y la salud mental de ni\u00f1as y ni\u00f1os durante la jornada escolar, el Gobierno de Sonora, a trav\u00e9s de En Sonora en Equipo publicamos toda la informaci\u00f3n de Sonora, M\u00e9xico y el Mundo de manera oportuna y busca que la libertad de expresi\u00f3n sea real. Visita nuestro medio informativo publicado desde Hermosillo, Sonora. %\" \/>\n<meta name=\"robots\" content=\"index, follow, max-snippet:-1, max-image-preview:large, max-video-preview:-1\" \/>\n<link rel=\"canonical\" href=\"https:\/\/www.sonoraenequipo.com.mx\/promueve-salud-sonora-uso-responsable-de-celulares-para-cuidar-la-salud-mental-de-ninas-y-ninos\/\" \/>\n<meta property=\"og:locale\" content=\"es_ES\" \/>\n<meta property=\"og:type\" content=\"article\" \/>\n<meta property=\"og:title\" content=\"Sonora en Equipo. Promueve Salud Sonora uso responsable de celulares para cuidar la salud mental de ni\u00f1as y ni\u00f1os Sonora\" \/>\n<meta property=\"og:description\" content=\"HERMOSILLO, SONORA. MX. \u2014 Para favorecer el desarrollo y la salud mental de ni\u00f1as y ni\u00f1os durante la jornada escolar, el Gobierno de Sonora, a trav\u00e9s de En Sonora en Equipo publicamos toda la informaci\u00f3n de Sonora, M\u00e9xico y el Mundo de manera oportuna y busca que la libertad de expresi\u00f3n sea real. Visita nuestro medio informativo publicado desde Hermosillo, Sonora. %\" \/>\n<meta property=\"og:url\" content=\"https:\/\/www.sonoraenequipo.com.mx\/promueve-salud-sonora-uso-responsable-de-celulares-para-cuidar-la-salud-mental-de-ninas-y-ninos\/\" \/>\n<meta property=\"og:site_name\" content=\"Sonora en Equipo.\" \/>\n<meta property=\"article:publisher\" content=\"https:\/\/www.facebook.com\/SonoraEE\/\" \/>\n<meta property=\"article:author\" content=\"https:\/\/www.facebook.com\/SonoraEE\" \/>\n<meta property=\"article:published_time\" content=\"2026-09-02T17:15:25+00:00\" \/>\n<meta property=\"article:modified_time\" content=\"2026-09-02T21:00:03+00:00\" \/>\n<meta property=\"og:image\" content=\"https:\/\/www.sonoraenequipo.com.mx\/storage\/2026\/09\/Promueve-Salud-Sonora-uso-responsable-de-celulares-para-cuidar-la-salud-mental-1.jpg\" \/>\n\t<meta property=\"og:image:width\" content=\"1000\" \/>\n\t<meta property=\"og:image:height\" content=\"666\" \/>\n\t<meta property=\"og:image:type\" content=\"image\/jpeg\" \/>\n<meta name=\"author\" content=\"enequipo\" \/>\n<meta name=\"twitter:card\" content=\"summary_large_image\" \/>\n<meta name=\"twitter:creator\" content=\"@sonoraenequipo\" \/>\n<meta name=\"twitter:site\" content=\"@sonoraenequipo\" \/>\n<meta name=\"twitter:label1\" content=\"Escrito por\" \/>\n\t<meta name=\"twitter:data1\" content=\"enequipo\" \/>\n\t<meta name=\"twitter:label2\" content=\"Tiempo de lectura\" \/>\n\t<meta name=\"twitter:data2\" content=\"1 minuto\" \/>\n<script type=\"application\/ld+json\" class=\"yoast-schema-graph\">{\"@context\":\"https:\/\/schema.org\",\"@graph\":[{\"@type\":\"Article\",\"@id\":\"https:\/\/www.sonoraenequipo.com.mx\/promueve-salud-sonora-uso-responsable-de-celulares-para-cuidar-la-salud-mental-de-ninas-y-ninos\/#article\",\"isPartOf\":{\"@id\":\"https:\/\/www.sonoraenequipo.com.mx\/promueve-salud-sonora-uso-responsable-de-celulares-para-cuidar-la-salud-mental-de-ninas-y-ninos\/\"},\"author\":{\"name\":\"enequipo\",\"@id\":\"https:\/\/www.sonoraenequipo.com.mx\/#\/schema\/person\/50102df0fb23a8fa9e8effad8fa81386\"},\"headline\":\"Promueve Salud Sonora uso responsable de celulares para cuidar la salud mental de ni\u00f1as y ni\u00f1os\",\"datePublished\":\"2026-09-02T17:15:25+00:00\",\"dateModified\":\"2026-09-02T21:00:03+00:00\",\"mainEntityOfPage\":{\"@id\":\"https:\/\/www.sonoraenequipo.com.mx\/promueve-salud-sonora-uso-responsable-de-celulares-para-cuidar-la-salud-mental-de-ninas-y-ninos\/\"},\"wordCount\":272,\"commentCount\":0,\"publisher\":{\"@id\":\"https:\/\/www.sonoraenequipo.com.mx\/#organization\"},\"image\":{\"@id\":\"https:\/\/www.sonoraenequipo.com.mx\/promueve-salud-sonora-uso-responsable-de-celulares-para-cuidar-la-salud-mental-de-ninas-y-ninos\/#primaryimage\"},\"thumbnailUrl\":\"https:\/\/www.sonoraenequipo.com.mx\/storage\/2026\/09\/Promueve-Salud-Sonora-uso-responsable-de-celulares-para-cuidar-la-salud-mental-1.jpg\",\"articleSection\":[\"Sonora\"],\"inLanguage\":\"es\",\"potentialAction\":[{\"@type\":\"CommentAction\",\"name\":\"Comment\",\"target\":[\"https:\/\/www.sonoraenequipo.com.mx\/promueve-salud-sonora-uso-responsable-de-celulares-para-cuidar-la-salud-mental-de-ninas-y-ninos\/#respond\"]}]},{\"@type\":\"WebPage\",\"@id\":\"https:\/\/www.sonoraenequipo.com.mx\/promueve-salud-sonora-uso-responsable-de-celulares-para-cuidar-la-salud-mental-de-ninas-y-ninos\/\",\"url\":\"https:\/\/www.sonoraenequipo.com.mx\/promueve-salud-sonora-uso-responsable-de-celulares-para-cuidar-la-salud-mental-de-ninas-y-ninos\/\",\"name\":\"Sonora en Equipo. Promueve Salud Sonora uso responsable de celulares para cuidar la salud mental de ni\u00f1as y ni\u00f1os Sonora\",\"isPartOf\":{\"@id\":\"https:\/\/www.sonoraenequipo.com.mx\/#website\"},\"primaryImageOfPage\":{\"@id\":\"https:\/\/www.sonoraenequipo.com.mx\/promueve-salud-sonora-uso-responsable-de-celulares-para-cuidar-la-salud-mental-de-ninas-y-ninos\/#primaryimage\"},\"image\":{\"@id\":\"https:\/\/www.sonoraenequipo.com.mx\/promueve-salud-sonora-uso-responsable-de-celulares-para-cuidar-la-salud-mental-de-ninas-y-ninos\/#primaryimage\"},\"thumbnailUrl\":\"https:\/\/www.sonoraenequipo.com.mx\/storage\/2026\/09\/Promueve-Salud-Sonora-uso-responsable-de-celulares-para-cuidar-la-salud-mental-1.jpg\",\"datePublished\":\"2026-09-02T17:15:25+00:00\",\"dateModified\":\"2026-09-02T21:00:03+00:00\",\"description\":\"HERMOSILLO, SONORA. MX. \u2014 Para favorecer el desarrollo y la salud mental de ni\u00f1as y ni\u00f1os durante la jornada escolar, el Gobierno de Sonora, a trav\u00e9s de En Sonora en Equipo publicamos toda la informaci\u00f3n de Sonora, M\u00e9xico y el Mundo de manera oportuna y busca que la libertad de expresi\u00f3n sea real. Visita nuestro medio informativo publicado desde Hermosillo, Sonora. %\",\"breadcrumb\":{\"@id\":\"https:\/\/www.sonoraenequipo.com.mx\/promueve-salud-sonora-uso-responsable-de-celulares-para-cuidar-la-salud-mental-de-ninas-y-ninos\/#breadcrumb\"},\"inLanguage\":\"es\",\"potentialAction\":[{\"@type\":\"ReadAction\",\"target\":[\"https:\/\/www.sonoraenequipo.com.mx\/promueve-salud-sonora-uso-responsable-de-celulares-para-cuidar-la-salud-mental-de-ninas-y-ninos\/\"]}]},{\"@type\":\"ImageObject\",\"inLanguage\":\"es\",\"@id\":\"https:\/\/www.sonoraenequipo.com.mx\/promueve-salud-sonora-uso-responsable-de-celulares-para-cuidar-la-salud-mental-de-ninas-y-ninos\/#primaryimage\",\"url\":\"https:\/\/www.sonoraenequipo.com.mx\/storage\/2026\/09\/Promueve-Salud-Sonora-uso-responsable-de-celulares-para-cuidar-la-salud-mental-1.jpg\",\"contentUrl\":\"https:\/\/www.sonoraenequipo.com.mx\/storage\/2026\/09\/Promueve-Salud-Sonora-uso-responsable-de-celulares-para-cuidar-la-salud-mental-1.jpg\",\"width\":1000,\"height\":666},{\"@type\":\"BreadcrumbList\",\"@id\":\"https:\/\/www.sonoraenequipo.com.mx\/promueve-salud-sonora-uso-responsable-de-celulares-para-cuidar-la-salud-mental-de-ninas-y-ninos\/#breadcrumb\",\"itemListElement\":[{\"@type\":\"ListItem\",\"position\":1,\"name\":\"Portada\",\"item\":\"https:\/\/www.sonoraenequipo.com.mx\/\"},{\"@type\":\"ListItem\",\"position\":2,\"name\":\"Promueve Salud Sonora uso responsable de celulares para cuidar la salud mental de ni\u00f1as y ni\u00f1os\"}]},{\"@type\":\"WebSite\",\"@id\":\"https:\/\/www.sonoraenequipo.com.mx\/#website\",\"url\":\"https:\/\/www.sonoraenequipo.com.mx\/\",\"name\":\"Sonora en Equipo.\",\"description\":\"Diario en l\u00ednea con Noticias desde Hermosillo, Sonora\",\"publisher\":{\"@id\":\"https:\/\/www.sonoraenequipo.com.mx\/#organization\"},\"potentialAction\":[{\"@type\":\"SearchAction\",\"target\":{\"@type\":\"EntryPoint\",\"urlTemplate\":\"https:\/\/www.sonoraenequipo.com.mx\/?s={search_term_string}\"},\"query-input\":{\"@type\":\"PropertyValueSpecification\",\"valueRequired\":true,\"valueName\":\"search_term_string\"}}],\"inLanguage\":\"es\"},{\"@type\":\"Organization\",\"@id\":\"https:\/\/www.sonoraenequipo.com.mx\/#organization\",\"name\":\"Sonoraenequipo.com.mx\",\"url\":\"https:\/\/www.sonoraenequipo.com.mx\/\",\"logo\":{\"@type\":\"ImageObject\",\"inLanguage\":\"es\",\"@id\":\"https:\/\/www.sonoraenequipo.com.mx\/#\/schema\/logo\/image\/\",\"url\":\"https:\/\/www.sonoraenequipo.com.mx\/storage\/2019\/01\/sonoraenequipo_opt.png\",\"contentUrl\":\"https:\/\/www.sonoraenequipo.com.mx\/storage\/2019\/01\/sonoraenequipo_opt.png\",\"width\":375,\"height\":125,\"caption\":\"Sonoraenequipo.com.mx\"},\"image\":{\"@id\":\"https:\/\/www.sonoraenequipo.com.mx\/#\/schema\/logo\/image\/\"},\"sameAs\":[\"https:\/\/www.facebook.com\/SonoraEE\/\",\"https:\/\/x.com\/sonoraenequipo\",\"https:\/\/www.youtube.com\/channel\/UC338nW-lPEYmJQs4ZABQ1SQ\"]},{\"@type\":\"Person\",\"@id\":\"https:\/\/www.sonoraenequipo.com.mx\/#\/schema\/person\/50102df0fb23a8fa9e8effad8fa81386\",\"name\":\"enequipo\",\"image\":{\"@type\":\"ImageObject\",\"inLanguage\":\"es\",\"@id\":\"https:\/\/www.sonoraenequipo.com.mx\/#\/schema\/person\/image\/\",\"url\":\"https:\/\/secure.gravatar.com\/avatar\/049821681b589dabc0bc20695993ccebb09f5b5d4d790cd9251b97faac7c652b?s=96&d=blank&r=g\",\"contentUrl\":\"https:\/\/secure.gravatar.com\/avatar\/049821681b589dabc0bc20695993ccebb09f5b5d4d790cd9251b97faac7c652b?s=96&d=blank&r=g\",\"caption\":\"enequipo\"},\"sameAs\":[\"https:\/\/www.facebook.com\/SonoraEE\"]}]}<\/script>\n ","yoast_head_json":{"title":"Sonora en Equipo. Promueve Salud Sonora uso responsable de celulares para cuidar la salud mental de ni\u00f1as y ni\u00f1os Sonora","description":"HERMOSILLO, SONORA. MX. \u2014 Para favorecer el desarrollo y la salud mental de ni\u00f1as y ni\u00f1os durante la jornada escolar, el Gobierno de Sonora, a trav\u00e9s de En Sonora en Equipo publicamos toda la informaci\u00f3n de Sonora, M\u00e9xico y el Mundo de manera oportuna y busca que la libertad de expresi\u00f3n sea real. Visita nuestro medio informativo publicado desde Hermosillo, Sonora. %","robots":{"index":"index","follow":"follow","max-snippet":"max-snippet:-1","max-image-preview":"max-image-preview:large","max-video-preview":"max-video-preview:-1"},"canonical":"https:\/\/www.sonoraenequipo.com.mx\/promueve-salud-sonora-uso-responsable-de-celulares-para-cuidar-la-salud-mental-de-ninas-y-ninos\/","og_locale":"es_ES","og_type":"article","og_title":"Sonora en Equipo. Promueve Salud Sonora uso responsable de celulares para cuidar la salud mental de ni\u00f1as y ni\u00f1os Sonora","og_description":"HERMOSILLO, SONORA. MX. \u2014 Para favorecer el desarrollo y la salud mental de ni\u00f1as y ni\u00f1os durante la jornada escolar, el Gobierno de Sonora, a trav\u00e9s de En Sonora en Equipo publicamos toda la informaci\u00f3n de Sonora, M\u00e9xico y el Mundo de manera oportuna y busca que la libertad de expresi\u00f3n sea real. Visita nuestro medio informativo publicado desde Hermosillo, Sonora. %","og_url":"https:\/\/www.sonoraenequipo.com.mx\/promueve-salud-sonora-uso-responsable-de-celulares-para-cuidar-la-salud-mental-de-ninas-y-ninos\/","og_site_name":"Sonora en Equipo.","article_publisher":"https:\/\/www.facebook.com\/SonoraEE\/","article_author":"https:\/\/www.facebook.com\/SonoraEE","article_published_time":"2026-09-02T17:15:25+00:00","article_modified_time":"2026-09-02T21:00:03+00:00","og_image":[{"width":1000,"height":666,"url":"https:\/\/www.sonoraenequipo.com.mx\/storage\/2026\/09\/Promueve-Salud-Sonora-uso-responsable-de-celulares-para-cuidar-la-salud-mental-1.jpg","type":"image\/jpeg"}],"author":"enequipo","twitter_card":"summary_large_image","twitter_creator":"@sonoraenequipo","twitter_site":"@sonoraenequipo","twitter_misc":{"Escrito por":"enequipo","Tiempo de lectura":"1 minuto"},"schema":{"@context":"https:\/\/schema.org","@graph":[{"@type":"Article","@id":"https:\/\/www.sonoraenequipo.com.mx\/promueve-salud-sonora-uso-responsable-de-celulares-para-cuidar-la-salud-mental-de-ninas-y-ninos\/#article","isPartOf":{"@id":"https:\/\/www.sonoraenequipo.com.mx\/promueve-salud-sonora-uso-responsable-de-celulares-para-cuidar-la-salud-mental-de-ninas-y-ninos\/"},"author":{"name":"enequipo","@id":"https:\/\/www.sonoraenequipo.com.mx\/#\/schema\/person\/50102df0fb23a8fa9e8effad8fa81386"},"headline":"Promueve Salud Sonora uso responsable de celulares para cuidar la salud mental de ni\u00f1as y ni\u00f1os","datePublished":"2026-09-02T17:15:25+00:00","dateModified":"2026-09-02T21:00:03+00:00","mainEntityOfPage":{"@id":"https:\/\/www.sonoraenequipo.com.mx\/promueve-salud-sonora-uso-responsable-de-celulares-para-cuidar-la-salud-mental-de-ninas-y-ninos\/"},"wordCount":272,"commentCount":0,"publisher":{"@id":"https:\/\/www.sonoraenequipo.com.mx\/#organization"},"image":{"@id":"https:\/\/www.sonoraenequipo.com.mx\/promueve-salud-sonora-uso-responsable-de-celulares-para-cuidar-la-salud-mental-de-ninas-y-ninos\/#primaryimage"},"thumbnailUrl":"https:\/\/www.sonoraenequipo.com.mx\/storage\/2026\/09\/Promueve-Salud-Sonora-uso-responsable-de-celulares-para-cuidar-la-salud-mental-1.jpg","articleSection":["Sonora"],"inLanguage":"es","potentialAction":[{"@type":"CommentAction","name":"Comment","target":["https:\/\/www.sonoraenequipo.com.mx\/promueve-salud-sonora-uso-responsable-de-celulares-para-cuidar-la-salud-mental-de-ninas-y-ninos\/#respond"]}]},{"@type":"WebPage","@id":"https:\/\/www.sonoraenequipo.com.mx\/promueve-salud-sonora-uso-responsable-de-celulares-para-cuidar-la-salud-mental-de-ninas-y-ninos\/","url":"https:\/\/www.sonoraenequipo.com.mx\/promueve-salud-sonora-uso-responsable-de-celulares-para-cuidar-la-salud-mental-de-ninas-y-ninos\/","name":"Sonora en Equipo. Promueve Salud Sonora uso responsable de celulares para cuidar la salud mental de ni\u00f1as y ni\u00f1os Sonora","isPartOf":{"@id":"https:\/\/www.sonoraenequipo.com.mx\/#website"},"primaryImageOfPage":{"@id":"https:\/\/www.sonoraenequipo.com.mx\/promueve-salud-sonora-uso-responsable-de-celulares-para-cuidar-la-salud-mental-de-ninas-y-ninos\/#primaryimage"},"image":{"@id":"https:\/\/www.sonoraenequipo.com.mx\/promueve-salud-sonora-uso-responsable-de-celulares-para-cuidar-la-salud-mental-de-ninas-y-ninos\/#primaryimage"},"thumbnailUrl":"https:\/\/www.sonoraenequipo.com.mx\/storage\/2026\/09\/Promueve-Salud-Sonora-uso-responsable-de-celulares-para-cuidar-la-salud-mental-1.jpg","datePublished":"2026-09-02T17:15:25+00:00","dateModified":"2026-09-02T21:00:03+00:00","description":"HERMOSILLO, SONORA. MX. \u2014 Para favorecer el desarrollo y la salud mental de ni\u00f1as y ni\u00f1os durante la jornada escolar, el Gobierno de Sonora, a trav\u00e9s de En Sonora en Equipo publicamos toda la informaci\u00f3n de Sonora, M\u00e9xico y el Mundo de manera oportuna y busca que la libertad de expresi\u00f3n sea real. Visita nuestro medio informativo publicado desde Hermosillo, Sonora. %","breadcrumb":{"@id":"https:\/\/www.sonoraenequipo.com.mx\/promueve-salud-sonora-uso-responsable-de-celulares-para-cuidar-la-salud-mental-de-ninas-y-ninos\/#breadcrumb"},"inLanguage":"es","potentialAction":[{"@type":"ReadAction","target":["https:\/\/www.sonoraenequipo.com.mx\/promueve-salud-sonora-uso-responsable-de-celulares-para-cuidar-la-salud-mental-de-ninas-y-ninos\/"]}]},{"@type":"ImageObject","inLanguage":"es","@id":"https:\/\/www.sonoraenequipo.com.mx\/promueve-salud-sonora-uso-responsable-de-celulares-para-cuidar-la-salud-mental-de-ninas-y-ninos\/#primaryimage","url":"https:\/\/www.sonoraenequipo.com.mx\/storage\/2026\/09\/Promueve-Salud-Sonora-uso-responsable-de-celulares-para-cuidar-la-salud-mental-1.jpg","contentUrl":"https:\/\/www.sonoraenequipo.com.mx\/storage\/2026\/09\/Promueve-Salud-Sonora-uso-responsable-de-celulares-para-cuidar-la-salud-mental-1.jpg","width":1000,"height":666},{"@type":"BreadcrumbList","@id":"https:\/\/www.sonoraenequipo.com.mx\/promueve-salud-sonora-uso-responsable-de-celulares-para-cuidar-la-salud-mental-de-ninas-y-ninos\/#breadcrumb","itemListElement":[{"@type":"ListItem","position":1,"name":"Portada","item":"https:\/\/www.sonoraenequipo.com.mx\/"},{"@type":"ListItem","position":2,"name":"Promueve Salud Sonora uso responsable de celulares para cuidar la salud mental de ni\u00f1as y ni\u00f1os"}]},{"@type":"WebSite","@id":"https:\/\/www.sonoraenequipo.com.mx\/#website","url":"https:\/\/www.sonoraenequipo.com.mx\/","name":"Sonora en Equipo.","description":"Diario en l\u00ednea con Noticias desde Hermosillo, Sonora","publisher":{"@id":"https:\/\/www.sonoraenequipo.com.mx\/#organization"},"potentialAction":[{"@type":"SearchAction","target":{"@type":"EntryPoint","urlTemplate":"https:\/\/www.sonoraenequipo.com.mx\/?s={search_term_string}"},"query-input":{"@type":"PropertyValueSpecification","valueRequired":true,"valueName":"search_term_string"}}],"inLanguage":"es"},{"@type":"Organization","@id":"https:\/\/www.sonoraenequipo.com.mx\/#organization","name":"Sonoraenequipo.com.mx","url":"https:\/\/www.sonoraenequipo.com.mx\/","logo":{"@type":"ImageObject","inLanguage":"es","@id":"https:\/\/www.sonoraenequipo.com.mx\/#\/schema\/logo\/image\/","url":"https:\/\/www.sonoraenequipo.com.mx\/storage\/2019\/01\/sonoraenequipo_opt.png","contentUrl":"https:\/\/www.sonoraenequipo.com.mx\/storage\/2019\/01\/sonoraenequipo_opt.png","width":375,"height":125,"caption":"Sonoraenequipo.com.mx"},"image":{"@id":"https:\/\/www.sonoraenequipo.com.mx\/#\/schema\/logo\/image\/"},"sameAs":["https:\/\/www.facebook.com\/SonoraEE\/","https:\/\/x.com\/sonoraenequipo","https:\/\/www.youtube.com\/channel\/UC338nW-lPEYmJQs4ZABQ1SQ"]},{"@type":"Person","@id":"https:\/\/www.sonoraenequipo.com.mx\/#\/schema\/person\/50102df0fb23a8fa9e8effad8fa81386","name":"enequipo","image":{"@type":"ImageObject","inLanguage":"es","@id":"https:\/\/www.sonoraenequipo.com.mx\/#\/schema\/person\/image\/","url":"https:\/\/secure.gravatar.com\/avatar\/049821681b589dabc0bc20695993ccebb09f5b5d4d790cd9251b97faac7c652b?s=96&d=blank&r=g","contentUrl":"https:\/\/secure.gravatar.com\/avatar\/049821681b589dabc0bc20695993ccebb09f5b5d4d790cd9251b97faac7c652b?s=96&d=blank&r=g","caption":"enequipo"},"sameAs":["https:\/\/www.facebook.com\/SonoraEE"]}]}},"jetpack_featured_media_url":"https:\/\/www.sonoraenequipo.com.mx\/storage\/2026\/09\/Promueve-Salud-Sonora-uso-responsable-de-celulares-para-cuidar-la-salud-mental-1.jpg","_links":{"self":[{"href":"https:\/\/www.sonoraenequipo.com.mx\/api\/wp\/v2\/posts\/251354","targetHints":{"allow":["GET"]}}],"collection":[{"href":"https:\/\/www.sonoraenequipo.com.mx\/api\/wp\/v2\/posts"}],"about":[{"href":"https:\/\/www.sonoraenequipo.com.mx\/api\/wp\/v2\/types\/post"}],"author":[{"embeddable":true,"href":"https:\/\/www.sonoraenequipo.com.mx\/api\/wp\/v2\/users\/1"}],"replies":[{"embeddable":true,"href":"https:\/\/www.sonoraenequipo.com.mx\/api\/wp\/v2\/comments?post=251354"}],"version-history":[{"count":2,"href":"https:\/\/www.sonoraenequipo.com.mx\/api\/wp\/v2\/posts\/251354\/revisions"}],"predecessor-version":[{"id":251358,"href":"https:\/\/www.sonoraenequipo.com.mx\/api\/wp\/v2\/posts\/251354\/revisions\/251358"}],"wp:featuredmedia":[{"embeddable":true,"href":"https:\/\/www.sonoraenequipo.com.mx\/api\/wp\/v2\/media\/251352"}],"wp:attachment":[{"href":"https:\/\/www.sonoraenequipo.com.mx\/api\/wp\/v2\/media?parent=251354"}],"wp:term":[{"taxonomy":"category","embeddable":true,"href":"https:\/\/www.sonoraenequipo.com.mx\/api\/wp\/v2\/categories?post=251354"},{"taxonomy":"post_tag","embeddable":true,"href":"https:\/\/www.sonoraenequipo.com.mx\/api\/wp\/v2\/tags?post=251354"}],"curies":[{"name":"wp","href":"https:\/\/api.w.org\/{rel}","templated":true}]}}