{"id":251364,"date":"2026-09-02T08:35:09","date_gmt":"2026-09-02T15:35:09","guid":{"rendered":"https:\/\/www.sonoraenequipo.com.mx\/?p=251364"},"modified":"2026-09-02T14:24:33","modified_gmt":"2026-09-02T21:24:33","slug":"actores-del-gobierno-de-eu-buscan-debilitar-soberanias-pero-aqui-se-toparon-con-pared-sheinbaum","status":"publish","type":"post","link":"https:\/\/www.sonoraenequipo.com.mx\/actores-del-gobierno-de-eu-buscan-debilitar-soberanias-pero-aqui-se-toparon-con-pared-sheinbaum\/","title":{"rendered":"Actores del gobierno de EU buscan debilitar soberan\u00edas pero aqu\u00ed se toparon con pared: Sheinbaum"},"content":{"rendered":"<p><strong>CIUDAD DE M\u00c9XICO. MX. \u2014 <\/strong>\u00a0La presidenta Claudia Sheinbaum Pardo consider\u00f3 que actores del gobierno de Estados Unidos buscan debilitar a administraciones de otros pa\u00edses que defienden sus soberan\u00edas e influir en las elecciones.<\/p>\n<p>&nbsp;<\/p>\n<p> <\/p>\n<p>Asimismo, reconoci\u00f3 que lo m\u00e1s dif\u00edcil que ha enfrentado en casi dos a\u00f1os de gobierno, ha sido la relaci\u00f3n con el vecino del norte. \u201cHa sido compleja la relaci\u00f3n con Estados Unidos. Hemos buscado una buena relaci\u00f3n pero ha habido momentos de dificultades, vamos a ponerlo as\u00ed\u201d.<\/p>\n<p>&nbsp;<\/p>\n<p>Cuestionada en la ma\u00f1anera de este mi\u00e9rcoles sobre si los recientes comentarios del director de la Administraci\u00f3n para el Control de Drogas (DEA) estadunidense, Terry Cole, en favor del secretario de Seguridad y Protecci\u00f3n Ciudadana de M\u00e9xico, Omar Garc\u00eda Harfuch, a quien se refiri\u00f3 como un \u201csocio de confianza y un buen amigo de Estados Unidos\u201d, representaban un respaldo directo en favor del funcionario con miras al relevo presidencial de 2030, la mandataria se\u00f1al\u00f3 que existe unidad en el gabinete de seguridad.<\/p>\n<p>&nbsp;<\/p>\n<h3>Aqu\u00ed se topan con pared<\/h3>\n<p>&nbsp;<\/p>\n<p><em><strong>\u201cEllos buscan de una u otra manera debilitar a los gobiernos, \u00e9ste es uno de sus objetivos, y particularmente gobiernos independientes que defendemos la soberan\u00eda, dividirnos internamente. Es una de sus estrategias, no de ahora, de siempre: generar divisiones al interior del gabinete de seguridad, del gabinete federal. Son t\u00e1cticas que usan ellos de injerencia\u201d<\/strong><\/em>, respondi\u00f3 a la interrogante.<\/p>\n<p>&nbsp;<\/p>\n<p>&nbsp;<\/p>\n<p>Sin embargo, acot\u00f3, <strong><em>\u201cse topan con pared porque el gabinete de seguridad del gobierno de M\u00e9xico tienen una coordinaci\u00f3n y una unidad enorme. El general secretario (Ricardo Trevilla), el almirante secretario (Raymundo Pedro Morales), Omar (Garc\u00eda Harfuch), la secretaria de Gobernaci\u00f3n (Rosa Icela Rodr\u00edguez) y la Consejera Jur\u00eddica (Luisa Alcalde) que son las principales instituciones que participan en el gabinete; pero principalmente las tres instituciones de seguridad como tal tienen una coordinaci\u00f3n extraordinaria y mucha colaboraci\u00f3n, mucho entendimiento, no hay divisiones al exterior\u201d.<\/em><\/strong><\/p>\n<p>&nbsp;<\/p>\n<p>La jefa del Ejecutivo sostuvo que en Estados Unidos \u201cpiensan que por hablar bien de uno y mal de otros \u2014funcionarios del gobierno federal mexicano\u2014 van a generar al interior divisi\u00f3n; pero fracasan en eso, porque no lo logran, porque hay mucha coordinaci\u00f3n y mucho patriotismo de todos de la defensa de M\u00e9xico.<\/p>\n<p>&nbsp;<\/p>\n<p><em><strong>\u201cY ellos, recuerden, que est\u00e1n en elecciones, en noviembre, y usan muchas veces a M\u00e9xico como parte de su elecci\u00f3n. Como hemos dicho: que se ocupen de los asuntos de all\u00e1, ac\u00e1 nos ocupamos nosotros de los asuntos de ac\u00e1. Y nos coordinamos, como lo hemos hecho hasta ahora que ha habido muy buena coordinaci\u00f3n. Y ellos tambi\u00e9n han entendido nuestra posici\u00f3n soberana, lo ha dicho el secretario de seguridad de Estados Unidos: \u2018Respetamos la decisi\u00f3n de M\u00e9xico de mantener su soberan\u00eda\u2019. Y en ese marco nos estamos coordinando.<\/strong><\/em><\/p>\n<p>&nbsp;<\/p>\n<h3>Buscan influir en las elecciones<\/h3>\n<p>&nbsp;<\/p>\n<p>\u2014<strong>\u00bfNo considera que (las afirmaciones de Cole) sean un voto por el secretario (Garc\u00eda Harfuch)<\/strong> \u2014se le insisti\u00f3.<\/p>\n<p>&nbsp;<\/p>\n<p>\u2014<em><strong>No, lo que buscan es\u2026 y tambi\u00e9n influir en las elecciones nuestras, pero es un asunto de siempre. Y nada m\u00e1s nosotros tener claridad de ello, no hay divisi\u00f3n ni problemas, ni si hablan bien de uno y mal de otro generan problemas internos entre nosotros.<\/strong><\/em><\/p>\n<p>&nbsp;<\/p>\n<p><strong><em>\u201cLos resultados que tenemos, de 51 por ciento de reducci\u00f3n de homicidios, no se podr\u00edan tener si no hay coordinaci\u00f3n del gabinete de seguridad; y con la fiscal\u00eda tambi\u00e9n, porque aunque es aut\u00f3noma, hay mucha coordinaci\u00f3n y colaboraci\u00f3n en todo lo que tiene que ver con la delincuencia organizada y otros delitos\u201d<\/em><\/strong>.<\/p>\n<p>&nbsp;<\/p>\n<p>M\u00e1s adelante, a pregunta sobre cu\u00e1l ha sido la parte m\u00e1s dif\u00edcil que ha enfrentado en casi dos a\u00f1os de gobierno, Sheinbaum Pardo indic\u00f3 que <em><strong>\u201c ha sido compleja la relaci\u00f3n con Estados Unidos. Hemos buscado una buena relaci\u00f3n pero ha habido momentos de dificultades, vamos a ponerlo as\u00ed\u201d.<\/strong><\/em><\/p>\n<p>&nbsp;<\/p>\n<p>Por ejemplo, dijo, el tema de los aranceles o cuando el Departamento de Justicia se\u00f1al\u00f3 a diez funcionarios mexicanos, entre ellos el gobernador con licencia de Sinaloa, Rub\u00e9n Rocha, de presuntos nexos con el crimen organizado.<\/p>\n<p>&nbsp;<\/p>\n<p>&nbsp;<\/p>\n<p>PUBLICADO EL 02 SEPT DE 2026 Con informaci\u00f3n de Emir Olivares y Arturo S\u00e1nchez)<\/p>\n","protected":false},"excerpt":{"rendered":"<p>CIUDAD DE M\u00c9XICO. MX. \u2014 \u00a0La presidenta Claudia Sheinbaum Pardo consider\u00f3 que actores del gobierno&#8230;<\/p>\n","protected":false},"author":1,"featured_media":251365,"comment_status":"open","ping_status":"open","sticky":false,"template":"","format":"standard","meta":{"_monsterinsights_skip_tracking":false,"_monsterinsights_sitenote_active":false,"_monsterinsights_sitenote_note":"","_monsterinsights_sitenote_category":0,"footnotes":""},"categories":[5],"tags":[],"class_list":["post"],"yoast_head":" \n<title>Sonora en Equipo. Actores del gobierno de EU buscan debilitar soberan\u00edas pero aqu\u00ed se toparon con pared: Sheinbaum Rep\u00fablica<\/title>\n<meta name=\"description\" content=\"CIUDAD DE M\u00c9XICO. MX. \u2014 \u00a0La presidenta Claudia Sheinbaum Pardo consider\u00f3 que actores del gobierno de Estados Unidos buscan debilitar a administraciones de En Sonora en Equipo publicamos toda la informaci\u00f3n de Sonora, M\u00e9xico y el Mundo de manera oportuna y busca que la libertad de expresi\u00f3n sea real. Visita nuestro medio informativo publicado desde Hermosillo, Sonora. %\" \/>\n<meta name=\"robots\" content=\"index, follow, max-snippet:-1, max-image-preview:large, max-video-preview:-1\" \/>\n<link rel=\"canonical\" href=\"https:\/\/www.sonoraenequipo.com.mx\/actores-del-gobierno-de-eu-buscan-debilitar-soberanias-pero-aqui-se-toparon-con-pared-sheinbaum\/\" \/>\n<meta property=\"og:locale\" content=\"es_ES\" \/>\n<meta property=\"og:type\" content=\"article\" \/>\n<meta property=\"og:title\" content=\"Sonora en Equipo. Actores del gobierno de EU buscan debilitar soberan\u00edas pero aqu\u00ed se toparon con pared: Sheinbaum Rep\u00fablica\" \/>\n<meta property=\"og:description\" content=\"CIUDAD DE M\u00c9XICO. MX. \u2014 \u00a0La presidenta Claudia Sheinbaum Pardo consider\u00f3 que actores del gobierno de Estados Unidos buscan debilitar a administraciones de En Sonora en Equipo publicamos toda la informaci\u00f3n de Sonora, M\u00e9xico y el Mundo de manera oportuna y busca que la libertad de expresi\u00f3n sea real. Visita nuestro medio informativo publicado desde Hermosillo, Sonora. %\" \/>\n<meta property=\"og:url\" content=\"https:\/\/www.sonoraenequipo.com.mx\/actores-del-gobierno-de-eu-buscan-debilitar-soberanias-pero-aqui-se-toparon-con-pared-sheinbaum\/\" \/>\n<meta property=\"og:site_name\" content=\"Sonora en Equipo.\" \/>\n<meta property=\"article:publisher\" content=\"https:\/\/www.facebook.com\/SonoraEE\/\" \/>\n<meta property=\"article:author\" content=\"https:\/\/www.facebook.com\/SonoraEE\" \/>\n<meta property=\"article:published_time\" content=\"2026-09-02T15:35:09+00:00\" \/>\n<meta property=\"article:modified_time\" content=\"2026-09-02T21:24:33+00:00\" \/>\n<meta property=\"og:image\" content=\"https:\/\/www.sonoraenequipo.com.mx\/storage\/2026\/09\/Hay-coordinacion-con-EU-dice-sheinbaum.jpg\" \/>\n\t<meta property=\"og:image:width\" content=\"1000\" \/>\n\t<meta property=\"og:image:height\" content=\"541\" \/>\n\t<meta property=\"og:image:type\" content=\"image\/jpeg\" \/>\n<meta name=\"author\" content=\"enequipo\" \/>\n<meta name=\"twitter:card\" content=\"summary_large_image\" \/>\n<meta name=\"twitter:creator\" content=\"@sonoraenequipo\" \/>\n<meta name=\"twitter:site\" content=\"@sonoraenequipo\" \/>\n<meta name=\"twitter:label1\" content=\"Escrito por\" \/>\n\t<meta name=\"twitter:data1\" content=\"enequipo\" \/>\n\t<meta name=\"twitter:label2\" content=\"Tiempo de lectura\" \/>\n\t<meta name=\"twitter:data2\" content=\"4 minutos\" \/>\n<script type=\"application\/ld+json\" class=\"yoast-schema-graph\">{\"@context\":\"https:\/\/schema.org\",\"@graph\":[{\"@type\":\"Article\",\"@id\":\"https:\/\/www.sonoraenequipo.com.mx\/actores-del-gobierno-de-eu-buscan-debilitar-soberanias-pero-aqui-se-toparon-con-pared-sheinbaum\/#article\",\"isPartOf\":{\"@id\":\"https:\/\/www.sonoraenequipo.com.mx\/actores-del-gobierno-de-eu-buscan-debilitar-soberanias-pero-aqui-se-toparon-con-pared-sheinbaum\/\"},\"author\":{\"name\":\"enequipo\",\"@id\":\"https:\/\/www.sonoraenequipo.com.mx\/#\/schema\/person\/50102df0fb23a8fa9e8effad8fa81386\"},\"headline\":\"Actores del gobierno de EU buscan debilitar soberan\u00edas pero aqu\u00ed se toparon con pared: Sheinbaum\",\"datePublished\":\"2026-09-02T15:35:09+00:00\",\"dateModified\":\"2026-09-02T21:24:33+00:00\",\"mainEntityOfPage\":{\"@id\":\"https:\/\/www.sonoraenequipo.com.mx\/actores-del-gobierno-de-eu-buscan-debilitar-soberanias-pero-aqui-se-toparon-con-pared-sheinbaum\/\"},\"wordCount\":759,\"commentCount\":0,\"publisher\":{\"@id\":\"https:\/\/www.sonoraenequipo.com.mx\/#organization\"},\"image\":{\"@id\":\"https:\/\/www.sonoraenequipo.com.mx\/actores-del-gobierno-de-eu-buscan-debilitar-soberanias-pero-aqui-se-toparon-con-pared-sheinbaum\/#primaryimage\"},\"thumbnailUrl\":\"https:\/\/www.sonoraenequipo.com.mx\/storage\/2026\/09\/Hay-coordinacion-con-EU-dice-sheinbaum.jpg\",\"articleSection\":[\"Rep\u00fablica\"],\"inLanguage\":\"es\",\"potentialAction\":[{\"@type\":\"CommentAction\",\"name\":\"Comment\",\"target\":[\"https:\/\/www.sonoraenequipo.com.mx\/actores-del-gobierno-de-eu-buscan-debilitar-soberanias-pero-aqui-se-toparon-con-pared-sheinbaum\/#respond\"]}]},{\"@type\":\"WebPage\",\"@id\":\"https:\/\/www.sonoraenequipo.com.mx\/actores-del-gobierno-de-eu-buscan-debilitar-soberanias-pero-aqui-se-toparon-con-pared-sheinbaum\/\",\"url\":\"https:\/\/www.sonoraenequipo.com.mx\/actores-del-gobierno-de-eu-buscan-debilitar-soberanias-pero-aqui-se-toparon-con-pared-sheinbaum\/\",\"name\":\"Sonora en Equipo. Actores del gobierno de EU buscan debilitar soberan\u00edas pero aqu\u00ed se toparon con pared: Sheinbaum Rep\u00fablica\",\"isPartOf\":{\"@id\":\"https:\/\/www.sonoraenequipo.com.mx\/#website\"},\"primaryImageOfPage\":{\"@id\":\"https:\/\/www.sonoraenequipo.com.mx\/actores-del-gobierno-de-eu-buscan-debilitar-soberanias-pero-aqui-se-toparon-con-pared-sheinbaum\/#primaryimage\"},\"image\":{\"@id\":\"https:\/\/www.sonoraenequipo.com.mx\/actores-del-gobierno-de-eu-buscan-debilitar-soberanias-pero-aqui-se-toparon-con-pared-sheinbaum\/#primaryimage\"},\"thumbnailUrl\":\"https:\/\/www.sonoraenequipo.com.mx\/storage\/2026\/09\/Hay-coordinacion-con-EU-dice-sheinbaum.jpg\",\"datePublished\":\"2026-09-02T15:35:09+00:00\",\"dateModified\":\"2026-09-02T21:24:33+00:00\",\"description\":\"CIUDAD DE M\u00c9XICO. MX. \u2014 \u00a0La presidenta Claudia Sheinbaum Pardo consider\u00f3 que actores del gobierno de Estados Unidos buscan debilitar a administraciones de En Sonora en Equipo publicamos toda la informaci\u00f3n de Sonora, M\u00e9xico y el Mundo de manera oportuna y busca que la libertad de expresi\u00f3n sea real. Visita nuestro medio informativo publicado desde Hermosillo, Sonora. %\",\"breadcrumb\":{\"@id\":\"https:\/\/www.sonoraenequipo.com.mx\/actores-del-gobierno-de-eu-buscan-debilitar-soberanias-pero-aqui-se-toparon-con-pared-sheinbaum\/#breadcrumb\"},\"inLanguage\":\"es\",\"potentialAction\":[{\"@type\":\"ReadAction\",\"target\":[\"https:\/\/www.sonoraenequipo.com.mx\/actores-del-gobierno-de-eu-buscan-debilitar-soberanias-pero-aqui-se-toparon-con-pared-sheinbaum\/\"]}]},{\"@type\":\"ImageObject\",\"inLanguage\":\"es\",\"@id\":\"https:\/\/www.sonoraenequipo.com.mx\/actores-del-gobierno-de-eu-buscan-debilitar-soberanias-pero-aqui-se-toparon-con-pared-sheinbaum\/#primaryimage\",\"url\":\"https:\/\/www.sonoraenequipo.com.mx\/storage\/2026\/09\/Hay-coordinacion-con-EU-dice-sheinbaum.jpg\",\"contentUrl\":\"https:\/\/www.sonoraenequipo.com.mx\/storage\/2026\/09\/Hay-coordinacion-con-EU-dice-sheinbaum.jpg\",\"width\":1000,\"height\":541},{\"@type\":\"BreadcrumbList\",\"@id\":\"https:\/\/www.sonoraenequipo.com.mx\/actores-del-gobierno-de-eu-buscan-debilitar-soberanias-pero-aqui-se-toparon-con-pared-sheinbaum\/#breadcrumb\",\"itemListElement\":[{\"@type\":\"ListItem\",\"position\":1,\"name\":\"Portada\",\"item\":\"https:\/\/www.sonoraenequipo.com.mx\/\"},{\"@type\":\"ListItem\",\"position\":2,\"name\":\"Actores del gobierno de EU buscan debilitar soberan\u00edas pero aqu\u00ed se toparon con pared: Sheinbaum\"}]},{\"@type\":\"WebSite\",\"@id\":\"https:\/\/www.sonoraenequipo.com.mx\/#website\",\"url\":\"https:\/\/www.sonoraenequipo.com.mx\/\",\"name\":\"Sonora en Equipo.\",\"description\":\"Diario en l\u00ednea con Noticias desde Hermosillo, Sonora\",\"publisher\":{\"@id\":\"https:\/\/www.sonoraenequipo.com.mx\/#organization\"},\"potentialAction\":[{\"@type\":\"SearchAction\",\"target\":{\"@type\":\"EntryPoint\",\"urlTemplate\":\"https:\/\/www.sonoraenequipo.com.mx\/?s={search_term_string}\"},\"query-input\":{\"@type\":\"PropertyValueSpecification\",\"valueRequired\":true,\"valueName\":\"search_term_string\"}}],\"inLanguage\":\"es\"},{\"@type\":\"Organization\",\"@id\":\"https:\/\/www.sonoraenequipo.com.mx\/#organization\",\"name\":\"Sonoraenequipo.com.mx\",\"url\":\"https:\/\/www.sonoraenequipo.com.mx\/\",\"logo\":{\"@type\":\"ImageObject\",\"inLanguage\":\"es\",\"@id\":\"https:\/\/www.sonoraenequipo.com.mx\/#\/schema\/logo\/image\/\",\"url\":\"https:\/\/www.sonoraenequipo.com.mx\/storage\/2019\/01\/sonoraenequipo_opt.png\",\"contentUrl\":\"https:\/\/www.sonoraenequipo.com.mx\/storage\/2019\/01\/sonoraenequipo_opt.png\",\"width\":375,\"height\":125,\"caption\":\"Sonoraenequipo.com.mx\"},\"image\":{\"@id\":\"https:\/\/www.sonoraenequipo.com.mx\/#\/schema\/logo\/image\/\"},\"sameAs\":[\"https:\/\/www.facebook.com\/SonoraEE\/\",\"https:\/\/x.com\/sonoraenequipo\",\"https:\/\/www.youtube.com\/channel\/UC338nW-lPEYmJQs4ZABQ1SQ\"]},{\"@type\":\"Person\",\"@id\":\"https:\/\/www.sonoraenequipo.com.mx\/#\/schema\/person\/50102df0fb23a8fa9e8effad8fa81386\",\"name\":\"enequipo\",\"image\":{\"@type\":\"ImageObject\",\"inLanguage\":\"es\",\"@id\":\"https:\/\/www.sonoraenequipo.com.mx\/#\/schema\/person\/image\/\",\"url\":\"https:\/\/secure.gravatar.com\/avatar\/049821681b589dabc0bc20695993ccebb09f5b5d4d790cd9251b97faac7c652b?s=96&d=blank&r=g\",\"contentUrl\":\"https:\/\/secure.gravatar.com\/avatar\/049821681b589dabc0bc20695993ccebb09f5b5d4d790cd9251b97faac7c652b?s=96&d=blank&r=g\",\"caption\":\"enequipo\"},\"sameAs\":[\"https:\/\/www.facebook.com\/SonoraEE\"]}]}<\/script>\n ","yoast_head_json":{"title":"Sonora en Equipo. Actores del gobierno de EU buscan debilitar soberan\u00edas pero aqu\u00ed se toparon con pared: Sheinbaum Rep\u00fablica","description":"CIUDAD DE M\u00c9XICO. MX. \u2014 \u00a0La presidenta Claudia Sheinbaum Pardo consider\u00f3 que actores del gobierno de Estados Unidos buscan debilitar a administraciones de En Sonora en Equipo publicamos toda la informaci\u00f3n de Sonora, M\u00e9xico y el Mundo de manera oportuna y busca que la libertad de expresi\u00f3n sea real. Visita nuestro medio informativo publicado desde Hermosillo, Sonora. %","robots":{"index":"index","follow":"follow","max-snippet":"max-snippet:-1","max-image-preview":"max-image-preview:large","max-video-preview":"max-video-preview:-1"},"canonical":"https:\/\/www.sonoraenequipo.com.mx\/actores-del-gobierno-de-eu-buscan-debilitar-soberanias-pero-aqui-se-toparon-con-pared-sheinbaum\/","og_locale":"es_ES","og_type":"article","og_title":"Sonora en Equipo. Actores del gobierno de EU buscan debilitar soberan\u00edas pero aqu\u00ed se toparon con pared: Sheinbaum Rep\u00fablica","og_description":"CIUDAD DE M\u00c9XICO. MX. \u2014 \u00a0La presidenta Claudia Sheinbaum Pardo consider\u00f3 que actores del gobierno de Estados Unidos buscan debilitar a administraciones de En Sonora en Equipo publicamos toda la informaci\u00f3n de Sonora, M\u00e9xico y el Mundo de manera oportuna y busca que la libertad de expresi\u00f3n sea real. Visita nuestro medio informativo publicado desde Hermosillo, Sonora. %","og_url":"https:\/\/www.sonoraenequipo.com.mx\/actores-del-gobierno-de-eu-buscan-debilitar-soberanias-pero-aqui-se-toparon-con-pared-sheinbaum\/","og_site_name":"Sonora en Equipo.","article_publisher":"https:\/\/www.facebook.com\/SonoraEE\/","article_author":"https:\/\/www.facebook.com\/SonoraEE","article_published_time":"2026-09-02T15:35:09+00:00","article_modified_time":"2026-09-02T21:24:33+00:00","og_image":[{"width":1000,"height":541,"url":"https:\/\/www.sonoraenequipo.com.mx\/storage\/2026\/09\/Hay-coordinacion-con-EU-dice-sheinbaum.jpg","type":"image\/jpeg"}],"author":"enequipo","twitter_card":"summary_large_image","twitter_creator":"@sonoraenequipo","twitter_site":"@sonoraenequipo","twitter_misc":{"Escrito por":"enequipo","Tiempo de lectura":"4 minutos"},"schema":{"@context":"https:\/\/schema.org","@graph":[{"@type":"Article","@id":"https:\/\/www.sonoraenequipo.com.mx\/actores-del-gobierno-de-eu-buscan-debilitar-soberanias-pero-aqui-se-toparon-con-pared-sheinbaum\/#article","isPartOf":{"@id":"https:\/\/www.sonoraenequipo.com.mx\/actores-del-gobierno-de-eu-buscan-debilitar-soberanias-pero-aqui-se-toparon-con-pared-sheinbaum\/"},"author":{"name":"enequipo","@id":"https:\/\/www.sonoraenequipo.com.mx\/#\/schema\/person\/50102df0fb23a8fa9e8effad8fa81386"},"headline":"Actores del gobierno de EU buscan debilitar soberan\u00edas pero aqu\u00ed se toparon con pared: Sheinbaum","datePublished":"2026-09-02T15:35:09+00:00","dateModified":"2026-09-02T21:24:33+00:00","mainEntityOfPage":{"@id":"https:\/\/www.sonoraenequipo.com.mx\/actores-del-gobierno-de-eu-buscan-debilitar-soberanias-pero-aqui-se-toparon-con-pared-sheinbaum\/"},"wordCount":759,"commentCount":0,"publisher":{"@id":"https:\/\/www.sonoraenequipo.com.mx\/#organization"},"image":{"@id":"https:\/\/www.sonoraenequipo.com.mx\/actores-del-gobierno-de-eu-buscan-debilitar-soberanias-pero-aqui-se-toparon-con-pared-sheinbaum\/#primaryimage"},"thumbnailUrl":"https:\/\/www.sonoraenequipo.com.mx\/storage\/2026\/09\/Hay-coordinacion-con-EU-dice-sheinbaum.jpg","articleSection":["Rep\u00fablica"],"inLanguage":"es","potentialAction":[{"@type":"CommentAction","name":"Comment","target":["https:\/\/www.sonoraenequipo.com.mx\/actores-del-gobierno-de-eu-buscan-debilitar-soberanias-pero-aqui-se-toparon-con-pared-sheinbaum\/#respond"]}]},{"@type":"WebPage","@id":"https:\/\/www.sonoraenequipo.com.mx\/actores-del-gobierno-de-eu-buscan-debilitar-soberanias-pero-aqui-se-toparon-con-pared-sheinbaum\/","url":"https:\/\/www.sonoraenequipo.com.mx\/actores-del-gobierno-de-eu-buscan-debilitar-soberanias-pero-aqui-se-toparon-con-pared-sheinbaum\/","name":"Sonora en Equipo. Actores del gobierno de EU buscan debilitar soberan\u00edas pero aqu\u00ed se toparon con pared: Sheinbaum Rep\u00fablica","isPartOf":{"@id":"https:\/\/www.sonoraenequipo.com.mx\/#website"},"primaryImageOfPage":{"@id":"https:\/\/www.sonoraenequipo.com.mx\/actores-del-gobierno-de-eu-buscan-debilitar-soberanias-pero-aqui-se-toparon-con-pared-sheinbaum\/#primaryimage"},"image":{"@id":"https:\/\/www.sonoraenequipo.com.mx\/actores-del-gobierno-de-eu-buscan-debilitar-soberanias-pero-aqui-se-toparon-con-pared-sheinbaum\/#primaryimage"},"thumbnailUrl":"https:\/\/www.sonoraenequipo.com.mx\/storage\/2026\/09\/Hay-coordinacion-con-EU-dice-sheinbaum.jpg","datePublished":"2026-09-02T15:35:09+00:00","dateModified":"2026-09-02T21:24:33+00:00","description":"CIUDAD DE M\u00c9XICO. MX. \u2014 \u00a0La presidenta Claudia Sheinbaum Pardo consider\u00f3 que actores del gobierno de Estados Unidos buscan debilitar a administraciones de En Sonora en Equipo publicamos toda la informaci\u00f3n de Sonora, M\u00e9xico y el Mundo de manera oportuna y busca que la libertad de expresi\u00f3n sea real. Visita nuestro medio informativo publicado desde Hermosillo, Sonora. %","breadcrumb":{"@id":"https:\/\/www.sonoraenequipo.com.mx\/actores-del-gobierno-de-eu-buscan-debilitar-soberanias-pero-aqui-se-toparon-con-pared-sheinbaum\/#breadcrumb"},"inLanguage":"es","potentialAction":[{"@type":"ReadAction","target":["https:\/\/www.sonoraenequipo.com.mx\/actores-del-gobierno-de-eu-buscan-debilitar-soberanias-pero-aqui-se-toparon-con-pared-sheinbaum\/"]}]},{"@type":"ImageObject","inLanguage":"es","@id":"https:\/\/www.sonoraenequipo.com.mx\/actores-del-gobierno-de-eu-buscan-debilitar-soberanias-pero-aqui-se-toparon-con-pared-sheinbaum\/#primaryimage","url":"https:\/\/www.sonoraenequipo.com.mx\/storage\/2026\/09\/Hay-coordinacion-con-EU-dice-sheinbaum.jpg","contentUrl":"https:\/\/www.sonoraenequipo.com.mx\/storage\/2026\/09\/Hay-coordinacion-con-EU-dice-sheinbaum.jpg","width":1000,"height":541},{"@type":"BreadcrumbList","@id":"https:\/\/www.sonoraenequipo.com.mx\/actores-del-gobierno-de-eu-buscan-debilitar-soberanias-pero-aqui-se-toparon-con-pared-sheinbaum\/#breadcrumb","itemListElement":[{"@type":"ListItem","position":1,"name":"Portada","item":"https:\/\/www.sonoraenequipo.com.mx\/"},{"@type":"ListItem","position":2,"name":"Actores del gobierno de EU buscan debilitar soberan\u00edas pero aqu\u00ed se toparon con pared: Sheinbaum"}]},{"@type":"WebSite","@id":"https:\/\/www.sonoraenequipo.com.mx\/#website","url":"https:\/\/www.sonoraenequipo.com.mx\/","name":"Sonora en Equipo.","description":"Diario en l\u00ednea con Noticias desde Hermosillo, Sonora","publisher":{"@id":"https:\/\/www.sonoraenequipo.com.mx\/#organization"},"potentialAction":[{"@type":"SearchAction","target":{"@type":"EntryPoint","urlTemplate":"https:\/\/www.sonoraenequipo.com.mx\/?s={search_term_string}"},"query-input":{"@type":"PropertyValueSpecification","valueRequired":true,"valueName":"search_term_string"}}],"inLanguage":"es"},{"@type":"Organization","@id":"https:\/\/www.sonoraenequipo.com.mx\/#organization","name":"Sonoraenequipo.com.mx","url":"https:\/\/www.sonoraenequipo.com.mx\/","logo":{"@type":"ImageObject","inLanguage":"es","@id":"https:\/\/www.sonoraenequipo.com.mx\/#\/schema\/logo\/image\/","url":"https:\/\/www.sonoraenequipo.com.mx\/storage\/2019\/01\/sonoraenequipo_opt.png","contentUrl":"https:\/\/www.sonoraenequipo.com.mx\/storage\/2019\/01\/sonoraenequipo_opt.png","width":375,"height":125,"caption":"Sonoraenequipo.com.mx"},"image":{"@id":"https:\/\/www.sonoraenequipo.com.mx\/#\/schema\/logo\/image\/"},"sameAs":["https:\/\/www.facebook.com\/SonoraEE\/","https:\/\/x.com\/sonoraenequipo","https:\/\/www.youtube.com\/channel\/UC338nW-lPEYmJQs4ZABQ1SQ"]},{"@type":"Person","@id":"https:\/\/www.sonoraenequipo.com.mx\/#\/schema\/person\/50102df0fb23a8fa9e8effad8fa81386","name":"enequipo","image":{"@type":"ImageObject","inLanguage":"es","@id":"https:\/\/www.sonoraenequipo.com.mx\/#\/schema\/person\/image\/","url":"https:\/\/secure.gravatar.com\/avatar\/049821681b589dabc0bc20695993ccebb09f5b5d4d790cd9251b97faac7c652b?s=96&d=blank&r=g","contentUrl":"https:\/\/secure.gravatar.com\/avatar\/049821681b589dabc0bc20695993ccebb09f5b5d4d790cd9251b97faac7c652b?s=96&d=blank&r=g","caption":"enequipo"},"sameAs":["https:\/\/www.facebook.com\/SonoraEE"]}]}},"jetpack_featured_media_url":"https:\/\/www.sonoraenequipo.com.mx\/storage\/2026\/09\/Hay-coordinacion-con-EU-dice-sheinbaum.jpg","_links":{"self":[{"href":"https:\/\/www.sonoraenequipo.com.mx\/api\/wp\/v2\/posts\/251364","targetHints":{"allow":["GET"]}}],"collection":[{"href":"https:\/\/www.sonoraenequipo.com.mx\/api\/wp\/v2\/posts"}],"about":[{"href":"https:\/\/www.sonoraenequipo.com.mx\/api\/wp\/v2\/types\/post"}],"author":[{"embeddable":true,"href":"https:\/\/www.sonoraenequipo.com.mx\/api\/wp\/v2\/users\/1"}],"replies":[{"embeddable":true,"href":"https:\/\/www.sonoraenequipo.com.mx\/api\/wp\/v2\/comments?post=251364"}],"version-history":[{"count":3,"href":"https:\/\/www.sonoraenequipo.com.mx\/api\/wp\/v2\/posts\/251364\/revisions"}],"predecessor-version":[{"id":251368,"href":"https:\/\/www.sonoraenequipo.com.mx\/api\/wp\/v2\/posts\/251364\/revisions\/251368"}],"wp:featuredmedia":[{"embeddable":true,"href":"https:\/\/www.sonoraenequipo.com.mx\/api\/wp\/v2\/media\/251365"}],"wp:attachment":[{"href":"https:\/\/www.sonoraenequipo.com.mx\/api\/wp\/v2\/media?parent=251364"}],"wp:term":[{"taxonomy":"category","embeddable":true,"href":"https:\/\/www.sonoraenequipo.com.mx\/api\/wp\/v2\/categories?post=251364"},{"taxonomy":"post_tag","embeddable":true,"href":"https:\/\/www.sonoraenequipo.com.mx\/api\/wp\/v2\/tags?post=251364"}],"curies":[{"name":"wp","href":"https:\/\/api.w.org\/{rel}","templated":true}]}}