{"id":251393,"date":"2026-09-02T17:57:21","date_gmt":"2026-09-03T00:57:21","guid":{"rendered":"https:\/\/www.sonoraenequipo.com.mx\/?p=251393"},"modified":"2026-09-02T18:11:02","modified_gmt":"2026-09-03T01:11:02","slug":"gobierno-de-sonora-presenta-cartelera-con-45-eventos-para-fortalecer-el-turismo-y-la-economia-en-septiembre-y-octubre","status":"publish","type":"post","link":"https:\/\/www.sonoraenequipo.com.mx\/gobierno-de-sonora-presenta-cartelera-con-45-eventos-para-fortalecer-el-turismo-y-la-economia-en-septiembre-y-octubre\/","title":{"rendered":"Gobierno de Sonora presenta cartelera con 45 eventos para fortalecer el turismo y la econom\u00eda en septiembre y octubre"},"content":{"rendered":"<p><strong>HERMOSILLO, SONORA, MX. \u2014<\/strong> El gobernador Alfonso Durazo Monta\u00f1o impulsa una estrategia para fortalecer la actividad tur\u00edstica y generar oportunidades de desarrollo econ\u00f3mico en las distintas regiones de la entidad. A trav\u00e9s de la Secretar\u00eda de Econom\u00eda y Turismo (SETUR), se present\u00f3 la cartelera de eventos correspondiente a los meses de septiembre y octubre, que contempla 45 actividades en 16 municipios.<\/p>\n<p> <\/p>\n<p>La agenda tur\u00edstica promueve la riqueza cultural, gastron\u00f3mica, hist\u00f3rica y natural de las comunidades sonorenses, al tiempo que genera condiciones para incrementar la llegada de visitantes y fortalecer la econom\u00eda de prestadores de servicios, comerciantes y emprendedores locales.<\/p>\n<p>&nbsp;<\/p>\n<p>&nbsp;<\/p>\n<p>&nbsp;<\/p>\n<p>El secretario de Econom\u00eda y Turismo, Roberto Gradillas, destac\u00f3 que mantiene una coordinaci\u00f3n permanente con los ayuntamientos, las Oficinas de Convenciones y Visitantes (OCV), as\u00ed como con prestadores de servicios para integrar y promover esta agenda, con el prop\u00f3sito de que cada evento contribuya a incrementar la afluencia tur\u00edstica y la derrama econ\u00f3mica en las comunidades sede.<\/p>\n<p>&nbsp;<\/p>\n<p>&nbsp;<\/p>\n<p>&nbsp;<\/p>\n<p>\u201cGracias al gobernador Alfonso Durazo, durante septiembre y octubre, sonorenses y visitantes podr\u00e1n disfrutar de una amplia variedad de actividades que incluyen festivales, fiestas patronales, encuentros culturales y gastron\u00f3micos, eventos deportivos y actividades de promoci\u00f3n tur\u00edstica, que consolidan a Sonora como referente del turismo a nivel internacional\u201d, indic\u00f3.<\/p>\n<p>&nbsp;<\/p>\n<p>&nbsp;<\/p>\n<p>&nbsp;<\/p>\n<p>Con esta cartelera, el Gobierno de Sonora, a trav\u00e9s de la SETUR, refrenda su compromiso de impulsar un turismo con presencia en las distintas regiones del estado, aprovechando las vocaciones y atractivos de cada municipio para generar beneficios econ\u00f3micos y fortalecer la identidad sonorense.<\/p>\n<p>&nbsp;<\/p>\n<p>&nbsp;<\/p>\n<p>&nbsp;<\/p>\n<h3>LISTA DE EVENTOS:<\/h3>\n<p>&nbsp;<\/p>\n<p>&nbsp;<\/p>\n<p>&nbsp;<\/p>\n<ul>\n<li>BACOACHI: Fiestas Patronales de \u201cSan Miguel Arc\u00e1ngel\u201d &#8211; 26 al 29 de septiembre.<\/li>\n<\/ul>\n<p>&nbsp;<\/p>\n<ul>\n<li>SAN MIGUEL DE HORCASITAS: Fiestas Patronales de San Miguel Arc\u00e1ngel &#8211; 25 al 29 de septiembre.<\/li>\n<\/ul>\n<p>&nbsp;<\/p>\n<ul>\n<li>SOYOPA: Fiestas Patronales de \u201cSan Miguel Arc\u00e1ngel\u201d &#8211; 26 al 29 de septiembre.<\/li>\n<\/ul>\n<p>&nbsp;<\/p>\n<ul>\n<li>BAVISPE: Fiestas Patronales de San Miguel Arc\u00e1ngel 2026 &#8211; 27 al 29 de septiembre.<\/li>\n<\/ul>\n<p>&nbsp;<\/p>\n<ul>\n<li>CIUDAD OBREG\u00d3N: Copa Duo Padel Park &#8211; 3 de septiembre.<\/li>\n<\/ul>\n<p>&nbsp;<\/p>\n<ul>\n<li>CIUDAD OBREG\u00d3N: 25 Aniversario de la Academia de Arte y Oficios \u201cElsa Cacho\u201d &#8211; 5 de septiembre.<\/li>\n<\/ul>\n<p>&nbsp;<\/p>\n<ul>\n<li>CIUDAD OBREG\u00d3N: Tours abiertos de kayak \/ R\u00edo Yaqui 4 km &#8211; 5 al 27 de septiembre.<\/li>\n<\/ul>\n<p>&nbsp;<\/p>\n<ul>\n<li>CIUDAD OBREG\u00d3N: Expo Bodas &amp; XV A\u00f1os, decimoctava edici\u00f3n &#8211; 8 de septiembre.<\/li>\n<\/ul>\n<p>&nbsp;<\/p>\n<ul>\n<li>CIUDAD OBREG\u00d3N: Summit Conecta Cajeme 2026 &#8211; 9 y 10 de septiembre.<\/li>\n<\/ul>\n<p>&nbsp;<\/p>\n<ul>\n<li>CIUDAD OBREG\u00d3N: Torneo Nueva Era Match Play &#8211; 11 y 12 de septiembre.<\/li>\n<\/ul>\n<p>&nbsp;<\/p>\n<ul>\n<li>C\u00d3CORIT: Festival Saboreando C\u00f3corit, Ruta del Pan &#8211; 13 de septiembre.<\/li>\n<\/ul>\n<p>&nbsp;<\/p>\n<ul>\n<li>CIUDAD OBREG\u00d3N: Congreso Internacional Anual de la SOMIM 2026 &#8211; 23 al 25 de septiembre.<\/li>\n<\/ul>\n<p>&nbsp;<\/p>\n<ul>\n<li>CIUDAD OBREG\u00d3N: Arre Run, primera edici\u00f3n &#8211; 26 de septiembre.<\/li>\n<\/ul>\n<p>&nbsp;<\/p>\n<ul>\n<li>PRESA OVI\u00c1CHIC: Sonora Bass Open &#8211; 2 al 4 de octubre.<\/li>\n<\/ul>\n<p>&nbsp;<\/p>\n<ul>\n<li>CD. OBREG\u00d3N \/ PRESA \u00c1LVARO OBREG\u00d3N: Kayak Race 2026 &#8211; 11 y 12 de octubre.<\/li>\n<\/ul>\n<p>&nbsp;<\/p>\n<ul>\n<li>CIUDAD OBREG\u00d3N: CILOG 2026, Congreso Internacional en Log\u00edstica y Supply Chain &#8211; 14 al 16 de octubre.<\/li>\n<\/ul>\n<p>&nbsp;<\/p>\n<ul>\n<li>CIUDAD OBREG\u00d3N: Juego inaugural de b\u00e9isbol Estadio Yaquis &#8211; 15 de octubre.<\/li>\n<\/ul>\n<p>&nbsp;<\/p>\n<ul>\n<li>HERMOSILLO \u2013 SAN CARLOS: Ruta Proyecto X Girls 2026 &#8211; 25 al 27 de septiembre.<\/li>\n<\/ul>\n<p>&nbsp;<\/p>\n<ul>\n<li>GUAYMAS: Cruce de Bah\u00eda Miramar 2026 &#8211; 13 de septiembre.<\/li>\n<\/ul>\n<p>&nbsp;<\/p>\n<ul>\n<li>NAVOJOA: Celebremos la Independencia de M\u00e9xico &#8211; 15 de septiembre.<\/li>\n<\/ul>\n<p>&nbsp;<\/p>\n<ul>\n<li>ETCHOJOA: Copa Etchojoa, segunda edici\u00f3n 2026 &#8211; 18 al 20 de septiembre.<\/li>\n<\/ul>\n<p>&nbsp;<\/p>\n<ul>\n<li>NAVOJOA: Torneo Patrio &#8211; 25 y 26 de septiembre.<\/li>\n<\/ul>\n<p>&nbsp;<\/p>\n<ul>\n<li>MASIACA: Fiestas Tradicionales y Patronales de San Miguel Arc\u00e1ngel &#8211; 27 al 29 de septiembre.<\/li>\n<\/ul>\n<p>&nbsp;<\/p>\n<ul>\n<li>CABORCA: Certamen Reina Turismo Caborca 2026 &#8211; 4 de septiembre.<\/li>\n<\/ul>\n<p>&nbsp;<\/p>\n<ul>\n<li>ARIZPE, SAN FELIPE DE JES\u00daS, HU\u00c9PAC Y BAN\u00c1MICHI: Medio Marat\u00f3n R\u00edo Sonora 2026 &#8211; 20 de septiembre.<\/li>\n<\/ul>\n<p>&nbsp;<\/p>\n<ul>\n<li>PUERTO PE\u00d1ASCO: La Concentraci\u00f3n &#8211; 5 de septiembre.<\/li>\n<\/ul>\n<p>&nbsp;<\/p>\n<ul>\n<li>PUERTO PE\u00d1ASCO: Noche Mexicana &#8211; 12 de septiembre.<\/li>\n<\/ul>\n<p>&nbsp;<\/p>\n<ul>\n<li>PUERTO PE\u00d1ASCO: Sand Drags &#8211; 12 de septiembre.<\/li>\n<\/ul>\n<p>&nbsp;<\/p>\n<ul>\n<li>PUERTO PE\u00d1ASCO: Batalla de Bacanora &#8211; 17 de septiembre.<\/li>\n<\/ul>\n<p>&nbsp;<\/p>\n<ul>\n<li>PUERTO PE\u00d1ASCO: Expo Eleganza Novias &amp; XV &#8211; 19 y 20 de septiembre.<\/li>\n<\/ul>\n<p>&nbsp;<\/p>\n<ul>\n<li>PUERTO PE\u00d1ASCO: Car Fest 2K26 &#8211; 26 y 27 de septiembre.<\/li>\n<\/ul>\n<p>&nbsp;<\/p>\n<ul>\n<li>PUERTO PE\u00d1ASCO: Chilaquiliza Social Run 5K &#8211; 27 de septiembre.<\/li>\n<\/ul>\n<p>&nbsp;<\/p>\n<ul>\n<li>\u00c1TIL: Fiestas Patronales en Honor a San Francisco de As\u00eds &#8211; 2 al 4 de octubre.<\/li>\n<\/ul>\n<p>&nbsp;<\/p>\n<ul>\n<li>RAY\u00d3N: Fiestas Patronales de \u201cNuestra Se\u00f1ora del Rosario\u201d &#8211; 3 y 4 de octubre.<\/li>\n<\/ul>\n<p>&nbsp;<\/p>\n<ul>\n<li>SAN CARLOS: Tukasawa Festival de Parrilla y Bacanora &#8211; 3 de octubre.<\/li>\n<\/ul>\n<p>&nbsp;<\/p>\n<ul>\n<li>GUAYMAS: 9.\u00b0 Festival \u201cTr\u00e1nsito en el Mar\u201d &#8211; 3 al 11 de octubre.<\/li>\n<\/ul>\n<p>&nbsp;<\/p>\n<ul>\n<li>GUAYMAS: Guaymazo Off Road, 5.\u00aa edici\u00f3n &#8211; 10 y 11 de octubre.<\/li>\n<\/ul>\n<p>&nbsp;<\/p>\n<ul>\n<li>OQUITOA: 50.\u00aa Edici\u00f3n, Caravana del Recuerdo 2026 &#8211; 9 al 11 de octubre.<\/li>\n<\/ul>\n<p>&nbsp;<\/p>\n<ul>\n<li>VILLA HIDALGO: Fiestas Regionales de Villa Hidalgo, Sonora 2026 &#8211; 9 al 11 de octubre.<\/li>\n<\/ul>\n<p>&nbsp;<\/p>\n<ul>\n<li>NAVOJOA: Copa Navsyon, octava edici\u00f3n &#8211; 8 al 11 de octubre.<\/li>\n<\/ul>\n<p>&nbsp;<\/p>\n<ul>\n<li>NAVOJOA \/ BUAYSIACOBE, HUATABAMPO Y EL QUITO: 2.\u00aa edici\u00f3n Feria del Libro del Mayo &#8211; 12 al 18 de octubre.<\/li>\n<\/ul>\n<p>&nbsp;<\/p>\n<ul>\n<li>EMPALME: Festival Art\u00edstico y Cultural Hilario S\u00e1nchez Rubio \u201cHISAR 2026\u201d &#8211; 16 al 18 de octubre.<\/li>\n<\/ul>\n<p>&nbsp;<\/p>\n<ul>\n<li>TEPACHE: Fiestas Patronales en Honor a Jes\u00fas Nazareno &#8211; 16 al 18 de octubre.<\/li>\n<\/ul>\n<p>&nbsp;<\/p>\n<ul>\n<li>HUATABAMPITO: 2.\u00aa Edici\u00f3n, Ra\u00edces y Sabores de la Regi\u00f3n &#8211; 25 de octubre.<\/li>\n<\/ul>\n<p>&nbsp;<\/p>\n<ul>\n<li>PUERTO PE\u00d1ASCO: Gran Carrera del Desierto &#8211; 24 de octubre.<\/li>\n<\/ul>\n<p><strong>Fecha de publicaci\u00f3n mi\u00e9rcoles 2 de septiembre de 2026<\/strong><\/p>\n","protected":false},"excerpt":{"rendered":"<p>HERMOSILLO, SONORA, MX. \u2014 El gobernador Alfonso Durazo Monta\u00f1o impulsa una estrategia para fortalecer la&#8230;<\/p>\n","protected":false},"author":1,"featured_media":251394,"comment_status":"open","ping_status":"open","sticky":false,"template":"","format":"standard","meta":{"_monsterinsights_skip_tracking":false,"_monsterinsights_sitenote_active":false,"_monsterinsights_sitenote_note":"","_monsterinsights_sitenote_category":0,"footnotes":""},"categories":[22],"tags":[7188,12060,7527],"class_list":["post"],"yoast_head":" \n<title>Sonora en Equipo. Gobierno de Sonora presenta cartelera con 45 eventos para fortalecer el turismo y la econom\u00eda en septiembre y octubre Sonora<\/title>\n<meta name=\"description\" content=\"HERMOSILLO, SONORA, MX. \u2014 El gobernador Alfonso Durazo Monta\u00f1o impulsa una estrategia para fortalecer la actividad tur\u00edstica y generar oportunidades de En Sonora en Equipo publicamos toda la informaci\u00f3n de Sonora, M\u00e9xico y el Mundo de manera oportuna y busca que la libertad de expresi\u00f3n sea real. Visita nuestro medio informativo publicado desde Hermosillo, Sonora. %\" \/>\n<meta name=\"robots\" content=\"index, follow, max-snippet:-1, max-image-preview:large, max-video-preview:-1\" \/>\n<link rel=\"canonical\" href=\"https:\/\/www.sonoraenequipo.com.mx\/gobierno-de-sonora-presenta-cartelera-con-45-eventos-para-fortalecer-el-turismo-y-la-economia-en-septiembre-y-octubre\/\" \/>\n<meta property=\"og:locale\" content=\"es_ES\" \/>\n<meta property=\"og:type\" content=\"article\" \/>\n<meta property=\"og:title\" content=\"Sonora en Equipo. Gobierno de Sonora presenta cartelera con 45 eventos para fortalecer el turismo y la econom\u00eda en septiembre y octubre Sonora\" \/>\n<meta property=\"og:description\" content=\"HERMOSILLO, SONORA, MX. \u2014 El gobernador Alfonso Durazo Monta\u00f1o impulsa una estrategia para fortalecer la actividad tur\u00edstica y generar oportunidades de En Sonora en Equipo publicamos toda la informaci\u00f3n de Sonora, M\u00e9xico y el Mundo de manera oportuna y busca que la libertad de expresi\u00f3n sea real. Visita nuestro medio informativo publicado desde Hermosillo, Sonora. %\" \/>\n<meta property=\"og:url\" content=\"https:\/\/www.sonoraenequipo.com.mx\/gobierno-de-sonora-presenta-cartelera-con-45-eventos-para-fortalecer-el-turismo-y-la-economia-en-septiembre-y-octubre\/\" \/>\n<meta property=\"og:site_name\" content=\"Sonora en Equipo.\" \/>\n<meta property=\"article:publisher\" content=\"https:\/\/www.facebook.com\/SonoraEE\/\" \/>\n<meta property=\"article:author\" content=\"https:\/\/www.facebook.com\/SonoraEE\" \/>\n<meta property=\"article:published_time\" content=\"2026-09-03T00:57:21+00:00\" \/>\n<meta property=\"article:modified_time\" content=\"2026-09-03T01:11:02+00:00\" \/>\n<meta property=\"og:image\" content=\"https:\/\/www.sonoraenequipo.com.mx\/storage\/2026\/09\/eventos-sonora.jpg\" \/>\n\t<meta property=\"og:image:width\" content=\"600\" \/>\n\t<meta property=\"og:image:height\" content=\"400\" \/>\n\t<meta property=\"og:image:type\" content=\"image\/jpeg\" \/>\n<meta name=\"author\" content=\"enequipo\" \/>\n<meta name=\"twitter:card\" content=\"summary_large_image\" \/>\n<meta name=\"twitter:creator\" content=\"@sonoraenequipo\" \/>\n<meta name=\"twitter:site\" content=\"@sonoraenequipo\" \/>\n<meta name=\"twitter:label1\" content=\"Escrito por\" \/>\n\t<meta name=\"twitter:data1\" content=\"enequipo\" \/>\n\t<meta name=\"twitter:label2\" content=\"Tiempo de lectura\" \/>\n\t<meta name=\"twitter:data2\" content=\"4 minutos\" \/>\n<script type=\"application\/ld+json\" class=\"yoast-schema-graph\">{\"@context\":\"https:\/\/schema.org\",\"@graph\":[{\"@type\":\"Article\",\"@id\":\"https:\/\/www.sonoraenequipo.com.mx\/gobierno-de-sonora-presenta-cartelera-con-45-eventos-para-fortalecer-el-turismo-y-la-economia-en-septiembre-y-octubre\/#article\",\"isPartOf\":{\"@id\":\"https:\/\/www.sonoraenequipo.com.mx\/gobierno-de-sonora-presenta-cartelera-con-45-eventos-para-fortalecer-el-turismo-y-la-economia-en-septiembre-y-octubre\/\"},\"author\":{\"name\":\"enequipo\",\"@id\":\"https:\/\/www.sonoraenequipo.com.mx\/#\/schema\/person\/50102df0fb23a8fa9e8effad8fa81386\"},\"headline\":\"Gobierno de Sonora presenta cartelera con 45 eventos para fortalecer el turismo y la econom\u00eda en septiembre y octubre\",\"datePublished\":\"2026-09-03T00:57:21+00:00\",\"dateModified\":\"2026-09-03T01:11:02+00:00\",\"mainEntityOfPage\":{\"@id\":\"https:\/\/www.sonoraenequipo.com.mx\/gobierno-de-sonora-presenta-cartelera-con-45-eventos-para-fortalecer-el-turismo-y-la-economia-en-septiembre-y-octubre\/\"},\"wordCount\":890,\"commentCount\":0,\"publisher\":{\"@id\":\"https:\/\/www.sonoraenequipo.com.mx\/#organization\"},\"image\":{\"@id\":\"https:\/\/www.sonoraenequipo.com.mx\/gobierno-de-sonora-presenta-cartelera-con-45-eventos-para-fortalecer-el-turismo-y-la-economia-en-septiembre-y-octubre\/#primaryimage\"},\"thumbnailUrl\":\"https:\/\/www.sonoraenequipo.com.mx\/storage\/2026\/09\/eventos-sonora.jpg\",\"keywords\":[\"eventos\",\"octubre\",\"septiembre\"],\"articleSection\":[\"Sonora\"],\"inLanguage\":\"es\",\"potentialAction\":[{\"@type\":\"CommentAction\",\"name\":\"Comment\",\"target\":[\"https:\/\/www.sonoraenequipo.com.mx\/gobierno-de-sonora-presenta-cartelera-con-45-eventos-para-fortalecer-el-turismo-y-la-economia-en-septiembre-y-octubre\/#respond\"]}]},{\"@type\":\"WebPage\",\"@id\":\"https:\/\/www.sonoraenequipo.com.mx\/gobierno-de-sonora-presenta-cartelera-con-45-eventos-para-fortalecer-el-turismo-y-la-economia-en-septiembre-y-octubre\/\",\"url\":\"https:\/\/www.sonoraenequipo.com.mx\/gobierno-de-sonora-presenta-cartelera-con-45-eventos-para-fortalecer-el-turismo-y-la-economia-en-septiembre-y-octubre\/\",\"name\":\"Sonora en Equipo. Gobierno de Sonora presenta cartelera con 45 eventos para fortalecer el turismo y la econom\u00eda en septiembre y octubre Sonora\",\"isPartOf\":{\"@id\":\"https:\/\/www.sonoraenequipo.com.mx\/#website\"},\"primaryImageOfPage\":{\"@id\":\"https:\/\/www.sonoraenequipo.com.mx\/gobierno-de-sonora-presenta-cartelera-con-45-eventos-para-fortalecer-el-turismo-y-la-economia-en-septiembre-y-octubre\/#primaryimage\"},\"image\":{\"@id\":\"https:\/\/www.sonoraenequipo.com.mx\/gobierno-de-sonora-presenta-cartelera-con-45-eventos-para-fortalecer-el-turismo-y-la-economia-en-septiembre-y-octubre\/#primaryimage\"},\"thumbnailUrl\":\"https:\/\/www.sonoraenequipo.com.mx\/storage\/2026\/09\/eventos-sonora.jpg\",\"datePublished\":\"2026-09-03T00:57:21+00:00\",\"dateModified\":\"2026-09-03T01:11:02+00:00\",\"description\":\"HERMOSILLO, SONORA, MX. \u2014 El gobernador Alfonso Durazo Monta\u00f1o impulsa una estrategia para fortalecer la actividad tur\u00edstica y generar oportunidades de En Sonora en Equipo publicamos toda la informaci\u00f3n de Sonora, M\u00e9xico y el Mundo de manera oportuna y busca que la libertad de expresi\u00f3n sea real. Visita nuestro medio informativo publicado desde Hermosillo, Sonora. %\",\"breadcrumb\":{\"@id\":\"https:\/\/www.sonoraenequipo.com.mx\/gobierno-de-sonora-presenta-cartelera-con-45-eventos-para-fortalecer-el-turismo-y-la-economia-en-septiembre-y-octubre\/#breadcrumb\"},\"inLanguage\":\"es\",\"potentialAction\":[{\"@type\":\"ReadAction\",\"target\":[\"https:\/\/www.sonoraenequipo.com.mx\/gobierno-de-sonora-presenta-cartelera-con-45-eventos-para-fortalecer-el-turismo-y-la-economia-en-septiembre-y-octubre\/\"]}]},{\"@type\":\"ImageObject\",\"inLanguage\":\"es\",\"@id\":\"https:\/\/www.sonoraenequipo.com.mx\/gobierno-de-sonora-presenta-cartelera-con-45-eventos-para-fortalecer-el-turismo-y-la-economia-en-septiembre-y-octubre\/#primaryimage\",\"url\":\"https:\/\/www.sonoraenequipo.com.mx\/storage\/2026\/09\/eventos-sonora.jpg\",\"contentUrl\":\"https:\/\/www.sonoraenequipo.com.mx\/storage\/2026\/09\/eventos-sonora.jpg\",\"width\":600,\"height\":400},{\"@type\":\"BreadcrumbList\",\"@id\":\"https:\/\/www.sonoraenequipo.com.mx\/gobierno-de-sonora-presenta-cartelera-con-45-eventos-para-fortalecer-el-turismo-y-la-economia-en-septiembre-y-octubre\/#breadcrumb\",\"itemListElement\":[{\"@type\":\"ListItem\",\"position\":1,\"name\":\"Portada\",\"item\":\"https:\/\/www.sonoraenequipo.com.mx\/\"},{\"@type\":\"ListItem\",\"position\":2,\"name\":\"Gobierno de Sonora presenta cartelera con 45 eventos para fortalecer el turismo y la econom\u00eda en septiembre y octubre\"}]},{\"@type\":\"WebSite\",\"@id\":\"https:\/\/www.sonoraenequipo.com.mx\/#website\",\"url\":\"https:\/\/www.sonoraenequipo.com.mx\/\",\"name\":\"Sonora en Equipo.\",\"description\":\"Diario en l\u00ednea con Noticias desde Hermosillo, Sonora\",\"publisher\":{\"@id\":\"https:\/\/www.sonoraenequipo.com.mx\/#organization\"},\"potentialAction\":[{\"@type\":\"SearchAction\",\"target\":{\"@type\":\"EntryPoint\",\"urlTemplate\":\"https:\/\/www.sonoraenequipo.com.mx\/?s={search_term_string}\"},\"query-input\":{\"@type\":\"PropertyValueSpecification\",\"valueRequired\":true,\"valueName\":\"search_term_string\"}}],\"inLanguage\":\"es\"},{\"@type\":\"Organization\",\"@id\":\"https:\/\/www.sonoraenequipo.com.mx\/#organization\",\"name\":\"Sonoraenequipo.com.mx\",\"url\":\"https:\/\/www.sonoraenequipo.com.mx\/\",\"logo\":{\"@type\":\"ImageObject\",\"inLanguage\":\"es\",\"@id\":\"https:\/\/www.sonoraenequipo.com.mx\/#\/schema\/logo\/image\/\",\"url\":\"https:\/\/www.sonoraenequipo.com.mx\/storage\/2019\/01\/sonoraenequipo_opt.png\",\"contentUrl\":\"https:\/\/www.sonoraenequipo.com.mx\/storage\/2019\/01\/sonoraenequipo_opt.png\",\"width\":375,\"height\":125,\"caption\":\"Sonoraenequipo.com.mx\"},\"image\":{\"@id\":\"https:\/\/www.sonoraenequipo.com.mx\/#\/schema\/logo\/image\/\"},\"sameAs\":[\"https:\/\/www.facebook.com\/SonoraEE\/\",\"https:\/\/x.com\/sonoraenequipo\",\"https:\/\/www.youtube.com\/channel\/UC338nW-lPEYmJQs4ZABQ1SQ\"]},{\"@type\":\"Person\",\"@id\":\"https:\/\/www.sonoraenequipo.com.mx\/#\/schema\/person\/50102df0fb23a8fa9e8effad8fa81386\",\"name\":\"enequipo\",\"image\":{\"@type\":\"ImageObject\",\"inLanguage\":\"es\",\"@id\":\"https:\/\/www.sonoraenequipo.com.mx\/#\/schema\/person\/image\/\",\"url\":\"https:\/\/secure.gravatar.com\/avatar\/049821681b589dabc0bc20695993ccebb09f5b5d4d790cd9251b97faac7c652b?s=96&d=blank&r=g\",\"contentUrl\":\"https:\/\/secure.gravatar.com\/avatar\/049821681b589dabc0bc20695993ccebb09f5b5d4d790cd9251b97faac7c652b?s=96&d=blank&r=g\",\"caption\":\"enequipo\"},\"sameAs\":[\"https:\/\/www.facebook.com\/SonoraEE\"]}]}<\/script>\n ","yoast_head_json":{"title":"Sonora en Equipo. Gobierno de Sonora presenta cartelera con 45 eventos para fortalecer el turismo y la econom\u00eda en septiembre y octubre Sonora","description":"HERMOSILLO, SONORA, MX. \u2014 El gobernador Alfonso Durazo Monta\u00f1o impulsa una estrategia para fortalecer la actividad tur\u00edstica y generar oportunidades de En Sonora en Equipo publicamos toda la informaci\u00f3n de Sonora, M\u00e9xico y el Mundo de manera oportuna y busca que la libertad de expresi\u00f3n sea real. Visita nuestro medio informativo publicado desde Hermosillo, Sonora. %","robots":{"index":"index","follow":"follow","max-snippet":"max-snippet:-1","max-image-preview":"max-image-preview:large","max-video-preview":"max-video-preview:-1"},"canonical":"https:\/\/www.sonoraenequipo.com.mx\/gobierno-de-sonora-presenta-cartelera-con-45-eventos-para-fortalecer-el-turismo-y-la-economia-en-septiembre-y-octubre\/","og_locale":"es_ES","og_type":"article","og_title":"Sonora en Equipo. Gobierno de Sonora presenta cartelera con 45 eventos para fortalecer el turismo y la econom\u00eda en septiembre y octubre Sonora","og_description":"HERMOSILLO, SONORA, MX. \u2014 El gobernador Alfonso Durazo Monta\u00f1o impulsa una estrategia para fortalecer la actividad tur\u00edstica y generar oportunidades de En Sonora en Equipo publicamos toda la informaci\u00f3n de Sonora, M\u00e9xico y el Mundo de manera oportuna y busca que la libertad de expresi\u00f3n sea real. Visita nuestro medio informativo publicado desde Hermosillo, Sonora. %","og_url":"https:\/\/www.sonoraenequipo.com.mx\/gobierno-de-sonora-presenta-cartelera-con-45-eventos-para-fortalecer-el-turismo-y-la-economia-en-septiembre-y-octubre\/","og_site_name":"Sonora en Equipo.","article_publisher":"https:\/\/www.facebook.com\/SonoraEE\/","article_author":"https:\/\/www.facebook.com\/SonoraEE","article_published_time":"2026-09-03T00:57:21+00:00","article_modified_time":"2026-09-03T01:11:02+00:00","og_image":[{"width":600,"height":400,"url":"https:\/\/www.sonoraenequipo.com.mx\/storage\/2026\/09\/eventos-sonora.jpg","type":"image\/jpeg"}],"author":"enequipo","twitter_card":"summary_large_image","twitter_creator":"@sonoraenequipo","twitter_site":"@sonoraenequipo","twitter_misc":{"Escrito por":"enequipo","Tiempo de lectura":"4 minutos"},"schema":{"@context":"https:\/\/schema.org","@graph":[{"@type":"Article","@id":"https:\/\/www.sonoraenequipo.com.mx\/gobierno-de-sonora-presenta-cartelera-con-45-eventos-para-fortalecer-el-turismo-y-la-economia-en-septiembre-y-octubre\/#article","isPartOf":{"@id":"https:\/\/www.sonoraenequipo.com.mx\/gobierno-de-sonora-presenta-cartelera-con-45-eventos-para-fortalecer-el-turismo-y-la-economia-en-septiembre-y-octubre\/"},"author":{"name":"enequipo","@id":"https:\/\/www.sonoraenequipo.com.mx\/#\/schema\/person\/50102df0fb23a8fa9e8effad8fa81386"},"headline":"Gobierno de Sonora presenta cartelera con 45 eventos para fortalecer el turismo y la econom\u00eda en septiembre y octubre","datePublished":"2026-09-03T00:57:21+00:00","dateModified":"2026-09-03T01:11:02+00:00","mainEntityOfPage":{"@id":"https:\/\/www.sonoraenequipo.com.mx\/gobierno-de-sonora-presenta-cartelera-con-45-eventos-para-fortalecer-el-turismo-y-la-economia-en-septiembre-y-octubre\/"},"wordCount":890,"commentCount":0,"publisher":{"@id":"https:\/\/www.sonoraenequipo.com.mx\/#organization"},"image":{"@id":"https:\/\/www.sonoraenequipo.com.mx\/gobierno-de-sonora-presenta-cartelera-con-45-eventos-para-fortalecer-el-turismo-y-la-economia-en-septiembre-y-octubre\/#primaryimage"},"thumbnailUrl":"https:\/\/www.sonoraenequipo.com.mx\/storage\/2026\/09\/eventos-sonora.jpg","keywords":["eventos","octubre","septiembre"],"articleSection":["Sonora"],"inLanguage":"es","potentialAction":[{"@type":"CommentAction","name":"Comment","target":["https:\/\/www.sonoraenequipo.com.mx\/gobierno-de-sonora-presenta-cartelera-con-45-eventos-para-fortalecer-el-turismo-y-la-economia-en-septiembre-y-octubre\/#respond"]}]},{"@type":"WebPage","@id":"https:\/\/www.sonoraenequipo.com.mx\/gobierno-de-sonora-presenta-cartelera-con-45-eventos-para-fortalecer-el-turismo-y-la-economia-en-septiembre-y-octubre\/","url":"https:\/\/www.sonoraenequipo.com.mx\/gobierno-de-sonora-presenta-cartelera-con-45-eventos-para-fortalecer-el-turismo-y-la-economia-en-septiembre-y-octubre\/","name":"Sonora en Equipo. Gobierno de Sonora presenta cartelera con 45 eventos para fortalecer el turismo y la econom\u00eda en septiembre y octubre Sonora","isPartOf":{"@id":"https:\/\/www.sonoraenequipo.com.mx\/#website"},"primaryImageOfPage":{"@id":"https:\/\/www.sonoraenequipo.com.mx\/gobierno-de-sonora-presenta-cartelera-con-45-eventos-para-fortalecer-el-turismo-y-la-economia-en-septiembre-y-octubre\/#primaryimage"},"image":{"@id":"https:\/\/www.sonoraenequipo.com.mx\/gobierno-de-sonora-presenta-cartelera-con-45-eventos-para-fortalecer-el-turismo-y-la-economia-en-septiembre-y-octubre\/#primaryimage"},"thumbnailUrl":"https:\/\/www.sonoraenequipo.com.mx\/storage\/2026\/09\/eventos-sonora.jpg","datePublished":"2026-09-03T00:57:21+00:00","dateModified":"2026-09-03T01:11:02+00:00","description":"HERMOSILLO, SONORA, MX. \u2014 El gobernador Alfonso Durazo Monta\u00f1o impulsa una estrategia para fortalecer la actividad tur\u00edstica y generar oportunidades de En Sonora en Equipo publicamos toda la informaci\u00f3n de Sonora, M\u00e9xico y el Mundo de manera oportuna y busca que la libertad de expresi\u00f3n sea real. Visita nuestro medio informativo publicado desde Hermosillo, Sonora. %","breadcrumb":{"@id":"https:\/\/www.sonoraenequipo.com.mx\/gobierno-de-sonora-presenta-cartelera-con-45-eventos-para-fortalecer-el-turismo-y-la-economia-en-septiembre-y-octubre\/#breadcrumb"},"inLanguage":"es","potentialAction":[{"@type":"ReadAction","target":["https:\/\/www.sonoraenequipo.com.mx\/gobierno-de-sonora-presenta-cartelera-con-45-eventos-para-fortalecer-el-turismo-y-la-economia-en-septiembre-y-octubre\/"]}]},{"@type":"ImageObject","inLanguage":"es","@id":"https:\/\/www.sonoraenequipo.com.mx\/gobierno-de-sonora-presenta-cartelera-con-45-eventos-para-fortalecer-el-turismo-y-la-economia-en-septiembre-y-octubre\/#primaryimage","url":"https:\/\/www.sonoraenequipo.com.mx\/storage\/2026\/09\/eventos-sonora.jpg","contentUrl":"https:\/\/www.sonoraenequipo.com.mx\/storage\/2026\/09\/eventos-sonora.jpg","width":600,"height":400},{"@type":"BreadcrumbList","@id":"https:\/\/www.sonoraenequipo.com.mx\/gobierno-de-sonora-presenta-cartelera-con-45-eventos-para-fortalecer-el-turismo-y-la-economia-en-septiembre-y-octubre\/#breadcrumb","itemListElement":[{"@type":"ListItem","position":1,"name":"Portada","item":"https:\/\/www.sonoraenequipo.com.mx\/"},{"@type":"ListItem","position":2,"name":"Gobierno de Sonora presenta cartelera con 45 eventos para fortalecer el turismo y la econom\u00eda en septiembre y octubre"}]},{"@type":"WebSite","@id":"https:\/\/www.sonoraenequipo.com.mx\/#website","url":"https:\/\/www.sonoraenequipo.com.mx\/","name":"Sonora en Equipo.","description":"Diario en l\u00ednea con Noticias desde Hermosillo, Sonora","publisher":{"@id":"https:\/\/www.sonoraenequipo.com.mx\/#organization"},"potentialAction":[{"@type":"SearchAction","target":{"@type":"EntryPoint","urlTemplate":"https:\/\/www.sonoraenequipo.com.mx\/?s={search_term_string}"},"query-input":{"@type":"PropertyValueSpecification","valueRequired":true,"valueName":"search_term_string"}}],"inLanguage":"es"},{"@type":"Organization","@id":"https:\/\/www.sonoraenequipo.com.mx\/#organization","name":"Sonoraenequipo.com.mx","url":"https:\/\/www.sonoraenequipo.com.mx\/","logo":{"@type":"ImageObject","inLanguage":"es","@id":"https:\/\/www.sonoraenequipo.com.mx\/#\/schema\/logo\/image\/","url":"https:\/\/www.sonoraenequipo.com.mx\/storage\/2019\/01\/sonoraenequipo_opt.png","contentUrl":"https:\/\/www.sonoraenequipo.com.mx\/storage\/2019\/01\/sonoraenequipo_opt.png","width":375,"height":125,"caption":"Sonoraenequipo.com.mx"},"image":{"@id":"https:\/\/www.sonoraenequipo.com.mx\/#\/schema\/logo\/image\/"},"sameAs":["https:\/\/www.facebook.com\/SonoraEE\/","https:\/\/x.com\/sonoraenequipo","https:\/\/www.youtube.com\/channel\/UC338nW-lPEYmJQs4ZABQ1SQ"]},{"@type":"Person","@id":"https:\/\/www.sonoraenequipo.com.mx\/#\/schema\/person\/50102df0fb23a8fa9e8effad8fa81386","name":"enequipo","image":{"@type":"ImageObject","inLanguage":"es","@id":"https:\/\/www.sonoraenequipo.com.mx\/#\/schema\/person\/image\/","url":"https:\/\/secure.gravatar.com\/avatar\/049821681b589dabc0bc20695993ccebb09f5b5d4d790cd9251b97faac7c652b?s=96&d=blank&r=g","contentUrl":"https:\/\/secure.gravatar.com\/avatar\/049821681b589dabc0bc20695993ccebb09f5b5d4d790cd9251b97faac7c652b?s=96&d=blank&r=g","caption":"enequipo"},"sameAs":["https:\/\/www.facebook.com\/SonoraEE"]}]}},"jetpack_featured_media_url":"https:\/\/www.sonoraenequipo.com.mx\/storage\/2026\/09\/eventos-sonora.jpg","_links":{"self":[{"href":"https:\/\/www.sonoraenequipo.com.mx\/api\/wp\/v2\/posts\/251393","targetHints":{"allow":["GET"]}}],"collection":[{"href":"https:\/\/www.sonoraenequipo.com.mx\/api\/wp\/v2\/posts"}],"about":[{"href":"https:\/\/www.sonoraenequipo.com.mx\/api\/wp\/v2\/types\/post"}],"author":[{"embeddable":true,"href":"https:\/\/www.sonoraenequipo.com.mx\/api\/wp\/v2\/users\/1"}],"replies":[{"embeddable":true,"href":"https:\/\/www.sonoraenequipo.com.mx\/api\/wp\/v2\/comments?post=251393"}],"version-history":[{"count":1,"href":"https:\/\/www.sonoraenequipo.com.mx\/api\/wp\/v2\/posts\/251393\/revisions"}],"predecessor-version":[{"id":251395,"href":"https:\/\/www.sonoraenequipo.com.mx\/api\/wp\/v2\/posts\/251393\/revisions\/251395"}],"wp:featuredmedia":[{"embeddable":true,"href":"https:\/\/www.sonoraenequipo.com.mx\/api\/wp\/v2\/media\/251394"}],"wp:attachment":[{"href":"https:\/\/www.sonoraenequipo.com.mx\/api\/wp\/v2\/media?parent=251393"}],"wp:term":[{"taxonomy":"category","embeddable":true,"href":"https:\/\/www.sonoraenequipo.com.mx\/api\/wp\/v2\/categories?post=251393"},{"taxonomy":"post_tag","embeddable":true,"href":"https:\/\/www.sonoraenequipo.com.mx\/api\/wp\/v2\/tags?post=251393"}],"curies":[{"name":"wp","href":"https:\/\/api.w.org\/{rel}","templated":true}]}}