{"id":251413,"date":"2026-09-02T19:16:39","date_gmt":"2026-09-03T02:16:39","guid":{"rendered":"https:\/\/www.sonoraenequipo.com.mx\/?p=251413"},"modified":"2026-09-03T11:38:10","modified_gmt":"2026-09-03T18:38:10","slug":"ne-perfila-rechazar-emblema-de-somos-por-similitud-con-el-de-fuerza-mexico","status":"publish","type":"post","link":"https:\/\/www.sonoraenequipo.com.mx\/ne-perfila-rechazar-emblema-de-somos-por-similitud-con-el-de-fuerza-mexico\/","title":{"rendered":"INE perfila rechazar emblema de Somos por similitud con el de Fuerza M\u00e9xico"},"content":{"rendered":"<p><strong>CIUDAD DE M\u00c9XICO. MX. \u2014<\/strong> El Instituto Nacional Electoral (INE) perfila rechazar un emblema \u201ccomplementario\u201d del partido Somos, en el cual preserva de manera sobresaliente el color rosa mexicano, pese a la indicaci\u00f3n en contrario del Tribunal Electoral del Poder Judicial de la Federaci\u00f3n (TEPJF).<\/p>\n<p>&nbsp;<\/p>\n<p> <\/p>\n<p>En cambio, el planteamiento &#8211; elaborado por la direcci\u00f3n de Prerrogativas y Partidos Pol\u00edticos del INE- es s\u00ed admitir la \u201caplicaci\u00f3n principal\u201d de Somos en la cual, como lo indic\u00f3 la m\u00e1s reciente orden de esta instancia, se elimin\u00f3 en el emblema el mapa de la Rep\u00fablica Mexicana, al considerarlo elemento de identidad nacional, no de un partido.<\/p>\n<p>&nbsp;<\/p>\n<p>&nbsp;<\/p>\n<p><em><strong>\u201cEl consejo general estima que el emblema de<\/strong><\/em><strong> \u2018So<\/strong><strong>mos\u2019<\/strong><em><strong> en su aplicaci\u00f3n complementaria no satisface el par\u00e1metro de diferenciaci\u00f3n, ya que resulta insuficiente para desvirtuar el riesgo de confusi\u00f3n, al contar con una combinaci\u00f3n crom\u00e1tica sustancialmente coincidente con la empleada por los partidos pol\u00edticos locales referidos (Fuerza M\u00e9xico)\u201d<\/strong><\/em>, se lee en el proyecto de acuerdo que ser\u00e1 votado este jueves en sesi\u00f3n de consejo del INE.<\/p>\n<p>&nbsp;<\/p>\n<p>&nbsp;<\/p>\n<p>En suma, en el proyecto se propone declarar la procedencia constitucional y legal en cuanto a la aplicaci\u00f3n principal, no asi de la <strong><em>\u201caplicaci\u00f3n complementaria de su emblema, al no ajustarse a los par\u00e1metros establecidos en la sentencia dictada por la Sala Superior del TEPJF al resolver el expediente SUP-RAP-182\/2026 y acumulados\u201d.<\/em><\/strong><\/p>\n<p>&nbsp;<\/p>\n<p>&nbsp;<\/p>\n<p>PUBLICADO EL 02 SEPT DE 2026 Con informaci\u00f3n de Fabiola Mart\u00ednez )<\/p>\n","protected":false},"excerpt":{"rendered":"<p>CIUDAD DE M\u00c9XICO. MX. \u2014 El Instituto Nacional Electoral (INE) perfila rechazar un emblema \u201ccomplementario\u201d&#8230;<\/p>\n","protected":false},"author":1,"featured_media":251419,"comment_status":"open","ping_status":"open","sticky":false,"template":"","format":"standard","meta":{"_monsterinsights_skip_tracking":false,"_monsterinsights_sitenote_active":false,"_monsterinsights_sitenote_note":"","_monsterinsights_sitenote_category":0,"footnotes":""},"categories":[9400],"tags":[],"class_list":["post"],"yoast_head":" \n<title>Sonora en Equipo. INE perfila rechazar emblema de Somos por similitud con el de Fuerza M\u00e9xico ELECCIONES<\/title>\n<meta name=\"description\" content=\"CIUDAD DE M\u00c9XICO. MX. \u2014 El Instituto Nacional Electoral (INE) perfila rechazar un emblema \u201ccomplementario\u201d del partido Somos, en el cual preserva de En Sonora en Equipo publicamos toda la informaci\u00f3n de Sonora, M\u00e9xico y el Mundo de manera oportuna y busca que la libertad de expresi\u00f3n sea real. Visita nuestro medio informativo publicado desde Hermosillo, Sonora. %\" \/>\n<meta name=\"robots\" content=\"index, follow, max-snippet:-1, max-image-preview:large, max-video-preview:-1\" \/>\n<link rel=\"canonical\" href=\"https:\/\/www.sonoraenequipo.com.mx\/ne-perfila-rechazar-emblema-de-somos-por-similitud-con-el-de-fuerza-mexico\/\" \/>\n<meta property=\"og:locale\" content=\"es_ES\" \/>\n<meta property=\"og:type\" content=\"article\" \/>\n<meta property=\"og:title\" content=\"Sonora en Equipo. INE perfila rechazar emblema de Somos por similitud con el de Fuerza M\u00e9xico ELECCIONES\" \/>\n<meta property=\"og:description\" content=\"CIUDAD DE M\u00c9XICO. MX. \u2014 El Instituto Nacional Electoral (INE) perfila rechazar un emblema \u201ccomplementario\u201d del partido Somos, en el cual preserva de En Sonora en Equipo publicamos toda la informaci\u00f3n de Sonora, M\u00e9xico y el Mundo de manera oportuna y busca que la libertad de expresi\u00f3n sea real. Visita nuestro medio informativo publicado desde Hermosillo, Sonora. %\" \/>\n<meta property=\"og:url\" content=\"https:\/\/www.sonoraenequipo.com.mx\/ne-perfila-rechazar-emblema-de-somos-por-similitud-con-el-de-fuerza-mexico\/\" \/>\n<meta property=\"og:site_name\" content=\"Sonora en Equipo.\" \/>\n<meta property=\"article:publisher\" content=\"https:\/\/www.facebook.com\/SonoraEE\/\" \/>\n<meta property=\"article:author\" content=\"https:\/\/www.facebook.com\/SonoraEE\" \/>\n<meta property=\"article:published_time\" content=\"2026-09-03T02:16:39+00:00\" \/>\n<meta property=\"article:modified_time\" content=\"2026-09-03T18:38:10+00:00\" \/>\n<meta property=\"og:image\" content=\"https:\/\/www.sonoraenequipo.com.mx\/storage\/2026\/09\/INE.-somos.jpg\" \/>\n\t<meta property=\"og:image:width\" content=\"1000\" \/>\n\t<meta property=\"og:image:height\" content=\"666\" \/>\n\t<meta property=\"og:image:type\" content=\"image\/jpeg\" \/>\n<meta name=\"author\" content=\"enequipo\" \/>\n<meta name=\"twitter:card\" content=\"summary_large_image\" \/>\n<meta name=\"twitter:creator\" content=\"@sonoraenequipo\" \/>\n<meta name=\"twitter:site\" content=\"@sonoraenequipo\" \/>\n<meta name=\"twitter:label1\" content=\"Escrito por\" \/>\n\t<meta name=\"twitter:data1\" content=\"enequipo\" \/>\n\t<meta name=\"twitter:label2\" content=\"Tiempo de lectura\" \/>\n\t<meta name=\"twitter:data2\" content=\"1 minuto\" \/>\n<script type=\"application\/ld+json\" class=\"yoast-schema-graph\">{\"@context\":\"https:\/\/schema.org\",\"@graph\":[{\"@type\":\"Article\",\"@id\":\"https:\/\/www.sonoraenequipo.com.mx\/ne-perfila-rechazar-emblema-de-somos-por-similitud-con-el-de-fuerza-mexico\/#article\",\"isPartOf\":{\"@id\":\"https:\/\/www.sonoraenequipo.com.mx\/ne-perfila-rechazar-emblema-de-somos-por-similitud-con-el-de-fuerza-mexico\/\"},\"author\":{\"name\":\"enequipo\",\"@id\":\"https:\/\/www.sonoraenequipo.com.mx\/#\/schema\/person\/50102df0fb23a8fa9e8effad8fa81386\"},\"headline\":\"INE perfila rechazar emblema de Somos por similitud con el de Fuerza M\u00e9xico\",\"datePublished\":\"2026-09-03T02:16:39+00:00\",\"dateModified\":\"2026-09-03T18:38:10+00:00\",\"mainEntityOfPage\":{\"@id\":\"https:\/\/www.sonoraenequipo.com.mx\/ne-perfila-rechazar-emblema-de-somos-por-similitud-con-el-de-fuerza-mexico\/\"},\"wordCount\":273,\"commentCount\":0,\"publisher\":{\"@id\":\"https:\/\/www.sonoraenequipo.com.mx\/#organization\"},\"image\":{\"@id\":\"https:\/\/www.sonoraenequipo.com.mx\/ne-perfila-rechazar-emblema-de-somos-por-similitud-con-el-de-fuerza-mexico\/#primaryimage\"},\"thumbnailUrl\":\"https:\/\/www.sonoraenequipo.com.mx\/storage\/2026\/09\/INE.-somos.jpg\",\"articleSection\":[\"ELECCIONES\"],\"inLanguage\":\"es\",\"potentialAction\":[{\"@type\":\"CommentAction\",\"name\":\"Comment\",\"target\":[\"https:\/\/www.sonoraenequipo.com.mx\/ne-perfila-rechazar-emblema-de-somos-por-similitud-con-el-de-fuerza-mexico\/#respond\"]}]},{\"@type\":\"WebPage\",\"@id\":\"https:\/\/www.sonoraenequipo.com.mx\/ne-perfila-rechazar-emblema-de-somos-por-similitud-con-el-de-fuerza-mexico\/\",\"url\":\"https:\/\/www.sonoraenequipo.com.mx\/ne-perfila-rechazar-emblema-de-somos-por-similitud-con-el-de-fuerza-mexico\/\",\"name\":\"Sonora en Equipo. INE perfila rechazar emblema de Somos por similitud con el de Fuerza M\u00e9xico ELECCIONES\",\"isPartOf\":{\"@id\":\"https:\/\/www.sonoraenequipo.com.mx\/#website\"},\"primaryImageOfPage\":{\"@id\":\"https:\/\/www.sonoraenequipo.com.mx\/ne-perfila-rechazar-emblema-de-somos-por-similitud-con-el-de-fuerza-mexico\/#primaryimage\"},\"image\":{\"@id\":\"https:\/\/www.sonoraenequipo.com.mx\/ne-perfila-rechazar-emblema-de-somos-por-similitud-con-el-de-fuerza-mexico\/#primaryimage\"},\"thumbnailUrl\":\"https:\/\/www.sonoraenequipo.com.mx\/storage\/2026\/09\/INE.-somos.jpg\",\"datePublished\":\"2026-09-03T02:16:39+00:00\",\"dateModified\":\"2026-09-03T18:38:10+00:00\",\"description\":\"CIUDAD DE M\u00c9XICO. MX. \u2014 El Instituto Nacional Electoral (INE) perfila rechazar un emblema \u201ccomplementario\u201d del partido Somos, en el cual preserva de En Sonora en Equipo publicamos toda la informaci\u00f3n de Sonora, M\u00e9xico y el Mundo de manera oportuna y busca que la libertad de expresi\u00f3n sea real. Visita nuestro medio informativo publicado desde Hermosillo, Sonora. %\",\"breadcrumb\":{\"@id\":\"https:\/\/www.sonoraenequipo.com.mx\/ne-perfila-rechazar-emblema-de-somos-por-similitud-con-el-de-fuerza-mexico\/#breadcrumb\"},\"inLanguage\":\"es\",\"potentialAction\":[{\"@type\":\"ReadAction\",\"target\":[\"https:\/\/www.sonoraenequipo.com.mx\/ne-perfila-rechazar-emblema-de-somos-por-similitud-con-el-de-fuerza-mexico\/\"]}]},{\"@type\":\"ImageObject\",\"inLanguage\":\"es\",\"@id\":\"https:\/\/www.sonoraenequipo.com.mx\/ne-perfila-rechazar-emblema-de-somos-por-similitud-con-el-de-fuerza-mexico\/#primaryimage\",\"url\":\"https:\/\/www.sonoraenequipo.com.mx\/storage\/2026\/09\/INE.-somos.jpg\",\"contentUrl\":\"https:\/\/www.sonoraenequipo.com.mx\/storage\/2026\/09\/INE.-somos.jpg\",\"width\":1000,\"height\":666},{\"@type\":\"BreadcrumbList\",\"@id\":\"https:\/\/www.sonoraenequipo.com.mx\/ne-perfila-rechazar-emblema-de-somos-por-similitud-con-el-de-fuerza-mexico\/#breadcrumb\",\"itemListElement\":[{\"@type\":\"ListItem\",\"position\":1,\"name\":\"Portada\",\"item\":\"https:\/\/www.sonoraenequipo.com.mx\/\"},{\"@type\":\"ListItem\",\"position\":2,\"name\":\"INE perfila rechazar emblema de Somos por similitud con el de Fuerza M\u00e9xico\"}]},{\"@type\":\"WebSite\",\"@id\":\"https:\/\/www.sonoraenequipo.com.mx\/#website\",\"url\":\"https:\/\/www.sonoraenequipo.com.mx\/\",\"name\":\"Sonora en Equipo.\",\"description\":\"Diario en l\u00ednea con Noticias desde Hermosillo, Sonora\",\"publisher\":{\"@id\":\"https:\/\/www.sonoraenequipo.com.mx\/#organization\"},\"potentialAction\":[{\"@type\":\"SearchAction\",\"target\":{\"@type\":\"EntryPoint\",\"urlTemplate\":\"https:\/\/www.sonoraenequipo.com.mx\/?s={search_term_string}\"},\"query-input\":{\"@type\":\"PropertyValueSpecification\",\"valueRequired\":true,\"valueName\":\"search_term_string\"}}],\"inLanguage\":\"es\"},{\"@type\":\"Organization\",\"@id\":\"https:\/\/www.sonoraenequipo.com.mx\/#organization\",\"name\":\"Sonoraenequipo.com.mx\",\"url\":\"https:\/\/www.sonoraenequipo.com.mx\/\",\"logo\":{\"@type\":\"ImageObject\",\"inLanguage\":\"es\",\"@id\":\"https:\/\/www.sonoraenequipo.com.mx\/#\/schema\/logo\/image\/\",\"url\":\"https:\/\/www.sonoraenequipo.com.mx\/storage\/2019\/01\/sonoraenequipo_opt.png\",\"contentUrl\":\"https:\/\/www.sonoraenequipo.com.mx\/storage\/2019\/01\/sonoraenequipo_opt.png\",\"width\":375,\"height\":125,\"caption\":\"Sonoraenequipo.com.mx\"},\"image\":{\"@id\":\"https:\/\/www.sonoraenequipo.com.mx\/#\/schema\/logo\/image\/\"},\"sameAs\":[\"https:\/\/www.facebook.com\/SonoraEE\/\",\"https:\/\/x.com\/sonoraenequipo\",\"https:\/\/www.youtube.com\/channel\/UC338nW-lPEYmJQs4ZABQ1SQ\"]},{\"@type\":\"Person\",\"@id\":\"https:\/\/www.sonoraenequipo.com.mx\/#\/schema\/person\/50102df0fb23a8fa9e8effad8fa81386\",\"name\":\"enequipo\",\"image\":{\"@type\":\"ImageObject\",\"inLanguage\":\"es\",\"@id\":\"https:\/\/www.sonoraenequipo.com.mx\/#\/schema\/person\/image\/\",\"url\":\"https:\/\/secure.gravatar.com\/avatar\/049821681b589dabc0bc20695993ccebb09f5b5d4d790cd9251b97faac7c652b?s=96&d=blank&r=g\",\"contentUrl\":\"https:\/\/secure.gravatar.com\/avatar\/049821681b589dabc0bc20695993ccebb09f5b5d4d790cd9251b97faac7c652b?s=96&d=blank&r=g\",\"caption\":\"enequipo\"},\"sameAs\":[\"https:\/\/www.facebook.com\/SonoraEE\"]}]}<\/script>\n ","yoast_head_json":{"title":"Sonora en Equipo. INE perfila rechazar emblema de Somos por similitud con el de Fuerza M\u00e9xico ELECCIONES","description":"CIUDAD DE M\u00c9XICO. MX. \u2014 El Instituto Nacional Electoral (INE) perfila rechazar un emblema \u201ccomplementario\u201d del partido Somos, en el cual preserva de En Sonora en Equipo publicamos toda la informaci\u00f3n de Sonora, M\u00e9xico y el Mundo de manera oportuna y busca que la libertad de expresi\u00f3n sea real. Visita nuestro medio informativo publicado desde Hermosillo, Sonora. %","robots":{"index":"index","follow":"follow","max-snippet":"max-snippet:-1","max-image-preview":"max-image-preview:large","max-video-preview":"max-video-preview:-1"},"canonical":"https:\/\/www.sonoraenequipo.com.mx\/ne-perfila-rechazar-emblema-de-somos-por-similitud-con-el-de-fuerza-mexico\/","og_locale":"es_ES","og_type":"article","og_title":"Sonora en Equipo. INE perfila rechazar emblema de Somos por similitud con el de Fuerza M\u00e9xico ELECCIONES","og_description":"CIUDAD DE M\u00c9XICO. MX. \u2014 El Instituto Nacional Electoral (INE) perfila rechazar un emblema \u201ccomplementario\u201d del partido Somos, en el cual preserva de En Sonora en Equipo publicamos toda la informaci\u00f3n de Sonora, M\u00e9xico y el Mundo de manera oportuna y busca que la libertad de expresi\u00f3n sea real. Visita nuestro medio informativo publicado desde Hermosillo, Sonora. %","og_url":"https:\/\/www.sonoraenequipo.com.mx\/ne-perfila-rechazar-emblema-de-somos-por-similitud-con-el-de-fuerza-mexico\/","og_site_name":"Sonora en Equipo.","article_publisher":"https:\/\/www.facebook.com\/SonoraEE\/","article_author":"https:\/\/www.facebook.com\/SonoraEE","article_published_time":"2026-09-03T02:16:39+00:00","article_modified_time":"2026-09-03T18:38:10+00:00","og_image":[{"width":1000,"height":666,"url":"https:\/\/www.sonoraenequipo.com.mx\/storage\/2026\/09\/INE.-somos.jpg","type":"image\/jpeg"}],"author":"enequipo","twitter_card":"summary_large_image","twitter_creator":"@sonoraenequipo","twitter_site":"@sonoraenequipo","twitter_misc":{"Escrito por":"enequipo","Tiempo de lectura":"1 minuto"},"schema":{"@context":"https:\/\/schema.org","@graph":[{"@type":"Article","@id":"https:\/\/www.sonoraenequipo.com.mx\/ne-perfila-rechazar-emblema-de-somos-por-similitud-con-el-de-fuerza-mexico\/#article","isPartOf":{"@id":"https:\/\/www.sonoraenequipo.com.mx\/ne-perfila-rechazar-emblema-de-somos-por-similitud-con-el-de-fuerza-mexico\/"},"author":{"name":"enequipo","@id":"https:\/\/www.sonoraenequipo.com.mx\/#\/schema\/person\/50102df0fb23a8fa9e8effad8fa81386"},"headline":"INE perfila rechazar emblema de Somos por similitud con el de Fuerza M\u00e9xico","datePublished":"2026-09-03T02:16:39+00:00","dateModified":"2026-09-03T18:38:10+00:00","mainEntityOfPage":{"@id":"https:\/\/www.sonoraenequipo.com.mx\/ne-perfila-rechazar-emblema-de-somos-por-similitud-con-el-de-fuerza-mexico\/"},"wordCount":273,"commentCount":0,"publisher":{"@id":"https:\/\/www.sonoraenequipo.com.mx\/#organization"},"image":{"@id":"https:\/\/www.sonoraenequipo.com.mx\/ne-perfila-rechazar-emblema-de-somos-por-similitud-con-el-de-fuerza-mexico\/#primaryimage"},"thumbnailUrl":"https:\/\/www.sonoraenequipo.com.mx\/storage\/2026\/09\/INE.-somos.jpg","articleSection":["ELECCIONES"],"inLanguage":"es","potentialAction":[{"@type":"CommentAction","name":"Comment","target":["https:\/\/www.sonoraenequipo.com.mx\/ne-perfila-rechazar-emblema-de-somos-por-similitud-con-el-de-fuerza-mexico\/#respond"]}]},{"@type":"WebPage","@id":"https:\/\/www.sonoraenequipo.com.mx\/ne-perfila-rechazar-emblema-de-somos-por-similitud-con-el-de-fuerza-mexico\/","url":"https:\/\/www.sonoraenequipo.com.mx\/ne-perfila-rechazar-emblema-de-somos-por-similitud-con-el-de-fuerza-mexico\/","name":"Sonora en Equipo. INE perfila rechazar emblema de Somos por similitud con el de Fuerza M\u00e9xico ELECCIONES","isPartOf":{"@id":"https:\/\/www.sonoraenequipo.com.mx\/#website"},"primaryImageOfPage":{"@id":"https:\/\/www.sonoraenequipo.com.mx\/ne-perfila-rechazar-emblema-de-somos-por-similitud-con-el-de-fuerza-mexico\/#primaryimage"},"image":{"@id":"https:\/\/www.sonoraenequipo.com.mx\/ne-perfila-rechazar-emblema-de-somos-por-similitud-con-el-de-fuerza-mexico\/#primaryimage"},"thumbnailUrl":"https:\/\/www.sonoraenequipo.com.mx\/storage\/2026\/09\/INE.-somos.jpg","datePublished":"2026-09-03T02:16:39+00:00","dateModified":"2026-09-03T18:38:10+00:00","description":"CIUDAD DE M\u00c9XICO. MX. \u2014 El Instituto Nacional Electoral (INE) perfila rechazar un emblema \u201ccomplementario\u201d del partido Somos, en el cual preserva de En Sonora en Equipo publicamos toda la informaci\u00f3n de Sonora, M\u00e9xico y el Mundo de manera oportuna y busca que la libertad de expresi\u00f3n sea real. Visita nuestro medio informativo publicado desde Hermosillo, Sonora. %","breadcrumb":{"@id":"https:\/\/www.sonoraenequipo.com.mx\/ne-perfila-rechazar-emblema-de-somos-por-similitud-con-el-de-fuerza-mexico\/#breadcrumb"},"inLanguage":"es","potentialAction":[{"@type":"ReadAction","target":["https:\/\/www.sonoraenequipo.com.mx\/ne-perfila-rechazar-emblema-de-somos-por-similitud-con-el-de-fuerza-mexico\/"]}]},{"@type":"ImageObject","inLanguage":"es","@id":"https:\/\/www.sonoraenequipo.com.mx\/ne-perfila-rechazar-emblema-de-somos-por-similitud-con-el-de-fuerza-mexico\/#primaryimage","url":"https:\/\/www.sonoraenequipo.com.mx\/storage\/2026\/09\/INE.-somos.jpg","contentUrl":"https:\/\/www.sonoraenequipo.com.mx\/storage\/2026\/09\/INE.-somos.jpg","width":1000,"height":666},{"@type":"BreadcrumbList","@id":"https:\/\/www.sonoraenequipo.com.mx\/ne-perfila-rechazar-emblema-de-somos-por-similitud-con-el-de-fuerza-mexico\/#breadcrumb","itemListElement":[{"@type":"ListItem","position":1,"name":"Portada","item":"https:\/\/www.sonoraenequipo.com.mx\/"},{"@type":"ListItem","position":2,"name":"INE perfila rechazar emblema de Somos por similitud con el de Fuerza M\u00e9xico"}]},{"@type":"WebSite","@id":"https:\/\/www.sonoraenequipo.com.mx\/#website","url":"https:\/\/www.sonoraenequipo.com.mx\/","name":"Sonora en Equipo.","description":"Diario en l\u00ednea con Noticias desde Hermosillo, Sonora","publisher":{"@id":"https:\/\/www.sonoraenequipo.com.mx\/#organization"},"potentialAction":[{"@type":"SearchAction","target":{"@type":"EntryPoint","urlTemplate":"https:\/\/www.sonoraenequipo.com.mx\/?s={search_term_string}"},"query-input":{"@type":"PropertyValueSpecification","valueRequired":true,"valueName":"search_term_string"}}],"inLanguage":"es"},{"@type":"Organization","@id":"https:\/\/www.sonoraenequipo.com.mx\/#organization","name":"Sonoraenequipo.com.mx","url":"https:\/\/www.sonoraenequipo.com.mx\/","logo":{"@type":"ImageObject","inLanguage":"es","@id":"https:\/\/www.sonoraenequipo.com.mx\/#\/schema\/logo\/image\/","url":"https:\/\/www.sonoraenequipo.com.mx\/storage\/2019\/01\/sonoraenequipo_opt.png","contentUrl":"https:\/\/www.sonoraenequipo.com.mx\/storage\/2019\/01\/sonoraenequipo_opt.png","width":375,"height":125,"caption":"Sonoraenequipo.com.mx"},"image":{"@id":"https:\/\/www.sonoraenequipo.com.mx\/#\/schema\/logo\/image\/"},"sameAs":["https:\/\/www.facebook.com\/SonoraEE\/","https:\/\/x.com\/sonoraenequipo","https:\/\/www.youtube.com\/channel\/UC338nW-lPEYmJQs4ZABQ1SQ"]},{"@type":"Person","@id":"https:\/\/www.sonoraenequipo.com.mx\/#\/schema\/person\/50102df0fb23a8fa9e8effad8fa81386","name":"enequipo","image":{"@type":"ImageObject","inLanguage":"es","@id":"https:\/\/www.sonoraenequipo.com.mx\/#\/schema\/person\/image\/","url":"https:\/\/secure.gravatar.com\/avatar\/049821681b589dabc0bc20695993ccebb09f5b5d4d790cd9251b97faac7c652b?s=96&d=blank&r=g","contentUrl":"https:\/\/secure.gravatar.com\/avatar\/049821681b589dabc0bc20695993ccebb09f5b5d4d790cd9251b97faac7c652b?s=96&d=blank&r=g","caption":"enequipo"},"sameAs":["https:\/\/www.facebook.com\/SonoraEE"]}]}},"jetpack_featured_media_url":"https:\/\/www.sonoraenequipo.com.mx\/storage\/2026\/09\/INE.-somos.jpg","_links":{"self":[{"href":"https:\/\/www.sonoraenequipo.com.mx\/api\/wp\/v2\/posts\/251413","targetHints":{"allow":["GET"]}}],"collection":[{"href":"https:\/\/www.sonoraenequipo.com.mx\/api\/wp\/v2\/posts"}],"about":[{"href":"https:\/\/www.sonoraenequipo.com.mx\/api\/wp\/v2\/types\/post"}],"author":[{"embeddable":true,"href":"https:\/\/www.sonoraenequipo.com.mx\/api\/wp\/v2\/users\/1"}],"replies":[{"embeddable":true,"href":"https:\/\/www.sonoraenequipo.com.mx\/api\/wp\/v2\/comments?post=251413"}],"version-history":[{"count":2,"href":"https:\/\/www.sonoraenequipo.com.mx\/api\/wp\/v2\/posts\/251413\/revisions"}],"predecessor-version":[{"id":251425,"href":"https:\/\/www.sonoraenequipo.com.mx\/api\/wp\/v2\/posts\/251413\/revisions\/251425"}],"wp:featuredmedia":[{"embeddable":true,"href":"https:\/\/www.sonoraenequipo.com.mx\/api\/wp\/v2\/media\/251419"}],"wp:attachment":[{"href":"https:\/\/www.sonoraenequipo.com.mx\/api\/wp\/v2\/media?parent=251413"}],"wp:term":[{"taxonomy":"category","embeddable":true,"href":"https:\/\/www.sonoraenequipo.com.mx\/api\/wp\/v2\/categories?post=251413"},{"taxonomy":"post_tag","embeddable":true,"href":"https:\/\/www.sonoraenequipo.com.mx\/api\/wp\/v2\/tags?post=251413"}],"curies":[{"name":"wp","href":"https:\/\/api.w.org\/{rel}","templated":true}]}}