{"id":251414,"date":"2026-09-03T11:03:11","date_gmt":"2026-09-03T18:03:11","guid":{"rendered":"https:\/\/www.sonoraenequipo.com.mx\/?p=251414"},"modified":"2026-09-03T11:37:08","modified_gmt":"2026-09-03T18:37:08","slug":"ejecutan-a-musico-junto-a-su-familia-dejan-vivo-a-nino-de-6-anos","status":"publish","type":"post","link":"https:\/\/www.sonoraenequipo.com.mx\/ejecutan-a-musico-junto-a-su-familia-dejan-vivo-a-nino-de-6-anos\/","title":{"rendered":"Ejecutan a m\u00fasico junto a su familia, sobrevive ni\u00f1o de 6 a\u00f1os"},"content":{"rendered":"<p><strong>ATIZAP\u00c1N DE ZARAGOZA, ESTADO DE M\u00c9XICO, MX. \u2014<\/strong> Jonathan Samuel Mel\u00e9ndez Ochoa, tecladista, compositor y productor de la banda musical Camilo S\u00e9ptimo, de 38 a\u00f1os; su esposa, de 35 \u2013con cuatro meses de embarazo\u2013; la hija de ambos, de 3 a\u00f1os, y su empleada dom\u00e9stica, de 21, fueron asesinados antenoche en un departamento de una torre residencial del fraccionamiento Grand Viure, del conjunto exclusivo Zona Esmeralda, en el municipio mexiquense de Atizap\u00e1n de Zaragoza, informaron autoridades estatales. <\/p>\n<p>&nbsp;<\/p>\n<p>De acuerdo con la Fiscal\u00eda General de Justicia del Estado de M\u00e9xico (FGJEM), tambi\u00e9n fue privado de la vida el perro de la familia; s\u00f3lo un ni\u00f1o de 6 a\u00f1os, hijo de la pareja, sobrevivi\u00f3 al ataque.<\/p>\n<p>&nbsp;<\/p>\n<p>Fuentes de la instituci\u00f3n precisaron que el menor, quien no ten\u00eda signos de violencia, ya fue entregado a familiares cercanos.<\/p>\n<p>&nbsp;<\/p>\n<p>La FGJEM y la Secretar\u00eda de Seguridad y Protecci\u00f3n Ciudadana (SSPC) dieron a conocer ayer que fueron capturados dos sospechosos del multihomicidio, identificados como Gerardo N y Diego Sebasti\u00e1n N, este \u00faltimo, socio de Jonathan Samuel, quien habr\u00eda aprovechado la relaci\u00f3n de confianza con la v\u00edctima para ingresar al edificio.<\/p>\n<p><strong>Fecha de publicaci\u00f3n mi\u00e9rcoles 2 de septiembre de 2026\/La Jornada<\/strong><\/p>\n","protected":false},"excerpt":{"rendered":"<p>ATIZAP\u00c1N DE ZARAGOZA, ESTADO DE M\u00c9XICO, MX. \u2014 Jonathan Samuel Mel\u00e9ndez Ochoa, tecladista, compositor y&#8230;<\/p>\n","protected":false},"author":1,"featured_media":251415,"comment_status":"open","ping_status":"open","sticky":false,"template":"","format":"standard","meta":{"_monsterinsights_skip_tracking":false,"_monsterinsights_sitenote_active":false,"_monsterinsights_sitenote_note":"","_monsterinsights_sitenote_category":0,"footnotes":""},"categories":[2987],"tags":[13045],"class_list":["post"],"yoast_head":" \n<title>Sonora en Equipo. Ejecutan a m\u00fasico junto a su familia, sobrevive ni\u00f1o de 6 a\u00f1os Showbiz<\/title>\n<meta name=\"description\" content=\"ATIZAP\u00c1N DE ZARAGOZA, ESTADO DE M\u00c9XICO, MX. \u2014 Jonathan Samuel Mel\u00e9ndez Ochoa, tecladista, compositor y productor de la banda musical Camilo S\u00e9ptimo, de 38 En Sonora en Equipo publicamos toda la informaci\u00f3n de Sonora, M\u00e9xico y el Mundo de manera oportuna y busca que la libertad de expresi\u00f3n sea real. Visita nuestro medio informativo publicado desde Hermosillo, Sonora. %\" \/>\n<meta name=\"robots\" content=\"index, follow, max-snippet:-1, max-image-preview:large, max-video-preview:-1\" \/>\n<link rel=\"canonical\" href=\"https:\/\/www.sonoraenequipo.com.mx\/ejecutan-a-musico-junto-a-su-familia-dejan-vivo-a-nino-de-6-anos\/\" \/>\n<meta property=\"og:locale\" content=\"es_ES\" \/>\n<meta property=\"og:type\" content=\"article\" \/>\n<meta property=\"og:title\" content=\"Sonora en Equipo. Ejecutan a m\u00fasico junto a su familia, sobrevive ni\u00f1o de 6 a\u00f1os Showbiz\" \/>\n<meta property=\"og:description\" content=\"ATIZAP\u00c1N DE ZARAGOZA, ESTADO DE M\u00c9XICO, MX. \u2014 Jonathan Samuel Mel\u00e9ndez Ochoa, tecladista, compositor y productor de la banda musical Camilo S\u00e9ptimo, de 38 En Sonora en Equipo publicamos toda la informaci\u00f3n de Sonora, M\u00e9xico y el Mundo de manera oportuna y busca que la libertad de expresi\u00f3n sea real. Visita nuestro medio informativo publicado desde Hermosillo, Sonora. %\" \/>\n<meta property=\"og:url\" content=\"https:\/\/www.sonoraenequipo.com.mx\/ejecutan-a-musico-junto-a-su-familia-dejan-vivo-a-nino-de-6-anos\/\" \/>\n<meta property=\"og:site_name\" content=\"Sonora en Equipo.\" \/>\n<meta property=\"article:publisher\" content=\"https:\/\/www.facebook.com\/SonoraEE\/\" \/>\n<meta property=\"article:author\" content=\"https:\/\/www.facebook.com\/SonoraEE\" \/>\n<meta property=\"article:published_time\" content=\"2026-09-03T18:03:11+00:00\" \/>\n<meta property=\"article:modified_time\" content=\"2026-09-03T18:37:08+00:00\" \/>\n<meta property=\"og:image\" content=\"https:\/\/www.sonoraenequipo.com.mx\/storage\/2026\/09\/camilo-septimo.jpg\" \/>\n\t<meta property=\"og:image:width\" content=\"600\" \/>\n\t<meta property=\"og:image:height\" content=\"400\" \/>\n\t<meta property=\"og:image:type\" content=\"image\/jpeg\" \/>\n<meta name=\"author\" content=\"enequipo\" \/>\n<meta name=\"twitter:card\" content=\"summary_large_image\" \/>\n<meta name=\"twitter:creator\" content=\"@sonoraenequipo\" \/>\n<meta name=\"twitter:site\" content=\"@sonoraenequipo\" \/>\n<meta name=\"twitter:label1\" content=\"Escrito por\" \/>\n\t<meta name=\"twitter:data1\" content=\"enequipo\" \/>\n\t<meta name=\"twitter:label2\" content=\"Tiempo de lectura\" \/>\n\t<meta name=\"twitter:data2\" content=\"1 minuto\" \/>\n<script type=\"application\/ld+json\" class=\"yoast-schema-graph\">{\"@context\":\"https:\/\/schema.org\",\"@graph\":[{\"@type\":\"Article\",\"@id\":\"https:\/\/www.sonoraenequipo.com.mx\/ejecutan-a-musico-junto-a-su-familia-dejan-vivo-a-nino-de-6-anos\/#article\",\"isPartOf\":{\"@id\":\"https:\/\/www.sonoraenequipo.com.mx\/ejecutan-a-musico-junto-a-su-familia-dejan-vivo-a-nino-de-6-anos\/\"},\"author\":{\"name\":\"enequipo\",\"@id\":\"https:\/\/www.sonoraenequipo.com.mx\/#\/schema\/person\/50102df0fb23a8fa9e8effad8fa81386\"},\"headline\":\"Ejecutan a m\u00fasico junto a su familia, sobrevive ni\u00f1o de 6 a\u00f1os\",\"datePublished\":\"2026-09-03T18:03:11+00:00\",\"dateModified\":\"2026-09-03T18:37:08+00:00\",\"mainEntityOfPage\":{\"@id\":\"https:\/\/www.sonoraenequipo.com.mx\/ejecutan-a-musico-junto-a-su-familia-dejan-vivo-a-nino-de-6-anos\/\"},\"wordCount\":228,\"commentCount\":0,\"publisher\":{\"@id\":\"https:\/\/www.sonoraenequipo.com.mx\/#organization\"},\"image\":{\"@id\":\"https:\/\/www.sonoraenequipo.com.mx\/ejecutan-a-musico-junto-a-su-familia-dejan-vivo-a-nino-de-6-anos\/#primaryimage\"},\"thumbnailUrl\":\"https:\/\/www.sonoraenequipo.com.mx\/storage\/2026\/09\/camilo-septimo.jpg\",\"keywords\":[\"camilo s\u00e9ptimo\"],\"articleSection\":[\"Showbiz\"],\"inLanguage\":\"es\",\"potentialAction\":[{\"@type\":\"CommentAction\",\"name\":\"Comment\",\"target\":[\"https:\/\/www.sonoraenequipo.com.mx\/ejecutan-a-musico-junto-a-su-familia-dejan-vivo-a-nino-de-6-anos\/#respond\"]}]},{\"@type\":\"WebPage\",\"@id\":\"https:\/\/www.sonoraenequipo.com.mx\/ejecutan-a-musico-junto-a-su-familia-dejan-vivo-a-nino-de-6-anos\/\",\"url\":\"https:\/\/www.sonoraenequipo.com.mx\/ejecutan-a-musico-junto-a-su-familia-dejan-vivo-a-nino-de-6-anos\/\",\"name\":\"Sonora en Equipo. Ejecutan a m\u00fasico junto a su familia, sobrevive ni\u00f1o de 6 a\u00f1os Showbiz\",\"isPartOf\":{\"@id\":\"https:\/\/www.sonoraenequipo.com.mx\/#website\"},\"primaryImageOfPage\":{\"@id\":\"https:\/\/www.sonoraenequipo.com.mx\/ejecutan-a-musico-junto-a-su-familia-dejan-vivo-a-nino-de-6-anos\/#primaryimage\"},\"image\":{\"@id\":\"https:\/\/www.sonoraenequipo.com.mx\/ejecutan-a-musico-junto-a-su-familia-dejan-vivo-a-nino-de-6-anos\/#primaryimage\"},\"thumbnailUrl\":\"https:\/\/www.sonoraenequipo.com.mx\/storage\/2026\/09\/camilo-septimo.jpg\",\"datePublished\":\"2026-09-03T18:03:11+00:00\",\"dateModified\":\"2026-09-03T18:37:08+00:00\",\"description\":\"ATIZAP\u00c1N DE ZARAGOZA, ESTADO DE M\u00c9XICO, MX. \u2014 Jonathan Samuel Mel\u00e9ndez Ochoa, tecladista, compositor y productor de la banda musical Camilo S\u00e9ptimo, de 38 En Sonora en Equipo publicamos toda la informaci\u00f3n de Sonora, M\u00e9xico y el Mundo de manera oportuna y busca que la libertad de expresi\u00f3n sea real. Visita nuestro medio informativo publicado desde Hermosillo, Sonora. %\",\"breadcrumb\":{\"@id\":\"https:\/\/www.sonoraenequipo.com.mx\/ejecutan-a-musico-junto-a-su-familia-dejan-vivo-a-nino-de-6-anos\/#breadcrumb\"},\"inLanguage\":\"es\",\"potentialAction\":[{\"@type\":\"ReadAction\",\"target\":[\"https:\/\/www.sonoraenequipo.com.mx\/ejecutan-a-musico-junto-a-su-familia-dejan-vivo-a-nino-de-6-anos\/\"]}]},{\"@type\":\"ImageObject\",\"inLanguage\":\"es\",\"@id\":\"https:\/\/www.sonoraenequipo.com.mx\/ejecutan-a-musico-junto-a-su-familia-dejan-vivo-a-nino-de-6-anos\/#primaryimage\",\"url\":\"https:\/\/www.sonoraenequipo.com.mx\/storage\/2026\/09\/camilo-septimo.jpg\",\"contentUrl\":\"https:\/\/www.sonoraenequipo.com.mx\/storage\/2026\/09\/camilo-septimo.jpg\",\"width\":600,\"height\":400,\"caption\":\"Jhonthan mel\u00e9ndez con la banda. Getty\"},{\"@type\":\"BreadcrumbList\",\"@id\":\"https:\/\/www.sonoraenequipo.com.mx\/ejecutan-a-musico-junto-a-su-familia-dejan-vivo-a-nino-de-6-anos\/#breadcrumb\",\"itemListElement\":[{\"@type\":\"ListItem\",\"position\":1,\"name\":\"Portada\",\"item\":\"https:\/\/www.sonoraenequipo.com.mx\/\"},{\"@type\":\"ListItem\",\"position\":2,\"name\":\"Ejecutan a m\u00fasico junto a su familia, sobrevive ni\u00f1o de 6 a\u00f1os\"}]},{\"@type\":\"WebSite\",\"@id\":\"https:\/\/www.sonoraenequipo.com.mx\/#website\",\"url\":\"https:\/\/www.sonoraenequipo.com.mx\/\",\"name\":\"Sonora en Equipo.\",\"description\":\"Diario en l\u00ednea con Noticias desde Hermosillo, Sonora\",\"publisher\":{\"@id\":\"https:\/\/www.sonoraenequipo.com.mx\/#organization\"},\"potentialAction\":[{\"@type\":\"SearchAction\",\"target\":{\"@type\":\"EntryPoint\",\"urlTemplate\":\"https:\/\/www.sonoraenequipo.com.mx\/?s={search_term_string}\"},\"query-input\":{\"@type\":\"PropertyValueSpecification\",\"valueRequired\":true,\"valueName\":\"search_term_string\"}}],\"inLanguage\":\"es\"},{\"@type\":\"Organization\",\"@id\":\"https:\/\/www.sonoraenequipo.com.mx\/#organization\",\"name\":\"Sonoraenequipo.com.mx\",\"url\":\"https:\/\/www.sonoraenequipo.com.mx\/\",\"logo\":{\"@type\":\"ImageObject\",\"inLanguage\":\"es\",\"@id\":\"https:\/\/www.sonoraenequipo.com.mx\/#\/schema\/logo\/image\/\",\"url\":\"https:\/\/www.sonoraenequipo.com.mx\/storage\/2019\/01\/sonoraenequipo_opt.png\",\"contentUrl\":\"https:\/\/www.sonoraenequipo.com.mx\/storage\/2019\/01\/sonoraenequipo_opt.png\",\"width\":375,\"height\":125,\"caption\":\"Sonoraenequipo.com.mx\"},\"image\":{\"@id\":\"https:\/\/www.sonoraenequipo.com.mx\/#\/schema\/logo\/image\/\"},\"sameAs\":[\"https:\/\/www.facebook.com\/SonoraEE\/\",\"https:\/\/x.com\/sonoraenequipo\",\"https:\/\/www.youtube.com\/channel\/UC338nW-lPEYmJQs4ZABQ1SQ\"]},{\"@type\":\"Person\",\"@id\":\"https:\/\/www.sonoraenequipo.com.mx\/#\/schema\/person\/50102df0fb23a8fa9e8effad8fa81386\",\"name\":\"enequipo\",\"image\":{\"@type\":\"ImageObject\",\"inLanguage\":\"es\",\"@id\":\"https:\/\/www.sonoraenequipo.com.mx\/#\/schema\/person\/image\/\",\"url\":\"https:\/\/secure.gravatar.com\/avatar\/049821681b589dabc0bc20695993ccebb09f5b5d4d790cd9251b97faac7c652b?s=96&d=blank&r=g\",\"contentUrl\":\"https:\/\/secure.gravatar.com\/avatar\/049821681b589dabc0bc20695993ccebb09f5b5d4d790cd9251b97faac7c652b?s=96&d=blank&r=g\",\"caption\":\"enequipo\"},\"sameAs\":[\"https:\/\/www.facebook.com\/SonoraEE\"]}]}<\/script>\n ","yoast_head_json":{"title":"Sonora en Equipo. Ejecutan a m\u00fasico junto a su familia, sobrevive ni\u00f1o de 6 a\u00f1os Showbiz","description":"ATIZAP\u00c1N DE ZARAGOZA, ESTADO DE M\u00c9XICO, MX. \u2014 Jonathan Samuel Mel\u00e9ndez Ochoa, tecladista, compositor y productor de la banda musical Camilo S\u00e9ptimo, de 38 En Sonora en Equipo publicamos toda la informaci\u00f3n de Sonora, M\u00e9xico y el Mundo de manera oportuna y busca que la libertad de expresi\u00f3n sea real. Visita nuestro medio informativo publicado desde Hermosillo, Sonora. %","robots":{"index":"index","follow":"follow","max-snippet":"max-snippet:-1","max-image-preview":"max-image-preview:large","max-video-preview":"max-video-preview:-1"},"canonical":"https:\/\/www.sonoraenequipo.com.mx\/ejecutan-a-musico-junto-a-su-familia-dejan-vivo-a-nino-de-6-anos\/","og_locale":"es_ES","og_type":"article","og_title":"Sonora en Equipo. Ejecutan a m\u00fasico junto a su familia, sobrevive ni\u00f1o de 6 a\u00f1os Showbiz","og_description":"ATIZAP\u00c1N DE ZARAGOZA, ESTADO DE M\u00c9XICO, MX. \u2014 Jonathan Samuel Mel\u00e9ndez Ochoa, tecladista, compositor y productor de la banda musical Camilo S\u00e9ptimo, de 38 En Sonora en Equipo publicamos toda la informaci\u00f3n de Sonora, M\u00e9xico y el Mundo de manera oportuna y busca que la libertad de expresi\u00f3n sea real. Visita nuestro medio informativo publicado desde Hermosillo, Sonora. %","og_url":"https:\/\/www.sonoraenequipo.com.mx\/ejecutan-a-musico-junto-a-su-familia-dejan-vivo-a-nino-de-6-anos\/","og_site_name":"Sonora en Equipo.","article_publisher":"https:\/\/www.facebook.com\/SonoraEE\/","article_author":"https:\/\/www.facebook.com\/SonoraEE","article_published_time":"2026-09-03T18:03:11+00:00","article_modified_time":"2026-09-03T18:37:08+00:00","og_image":[{"width":600,"height":400,"url":"https:\/\/www.sonoraenequipo.com.mx\/storage\/2026\/09\/camilo-septimo.jpg","type":"image\/jpeg"}],"author":"enequipo","twitter_card":"summary_large_image","twitter_creator":"@sonoraenequipo","twitter_site":"@sonoraenequipo","twitter_misc":{"Escrito por":"enequipo","Tiempo de lectura":"1 minuto"},"schema":{"@context":"https:\/\/schema.org","@graph":[{"@type":"Article","@id":"https:\/\/www.sonoraenequipo.com.mx\/ejecutan-a-musico-junto-a-su-familia-dejan-vivo-a-nino-de-6-anos\/#article","isPartOf":{"@id":"https:\/\/www.sonoraenequipo.com.mx\/ejecutan-a-musico-junto-a-su-familia-dejan-vivo-a-nino-de-6-anos\/"},"author":{"name":"enequipo","@id":"https:\/\/www.sonoraenequipo.com.mx\/#\/schema\/person\/50102df0fb23a8fa9e8effad8fa81386"},"headline":"Ejecutan a m\u00fasico junto a su familia, sobrevive ni\u00f1o de 6 a\u00f1os","datePublished":"2026-09-03T18:03:11+00:00","dateModified":"2026-09-03T18:37:08+00:00","mainEntityOfPage":{"@id":"https:\/\/www.sonoraenequipo.com.mx\/ejecutan-a-musico-junto-a-su-familia-dejan-vivo-a-nino-de-6-anos\/"},"wordCount":228,"commentCount":0,"publisher":{"@id":"https:\/\/www.sonoraenequipo.com.mx\/#organization"},"image":{"@id":"https:\/\/www.sonoraenequipo.com.mx\/ejecutan-a-musico-junto-a-su-familia-dejan-vivo-a-nino-de-6-anos\/#primaryimage"},"thumbnailUrl":"https:\/\/www.sonoraenequipo.com.mx\/storage\/2026\/09\/camilo-septimo.jpg","keywords":["camilo s\u00e9ptimo"],"articleSection":["Showbiz"],"inLanguage":"es","potentialAction":[{"@type":"CommentAction","name":"Comment","target":["https:\/\/www.sonoraenequipo.com.mx\/ejecutan-a-musico-junto-a-su-familia-dejan-vivo-a-nino-de-6-anos\/#respond"]}]},{"@type":"WebPage","@id":"https:\/\/www.sonoraenequipo.com.mx\/ejecutan-a-musico-junto-a-su-familia-dejan-vivo-a-nino-de-6-anos\/","url":"https:\/\/www.sonoraenequipo.com.mx\/ejecutan-a-musico-junto-a-su-familia-dejan-vivo-a-nino-de-6-anos\/","name":"Sonora en Equipo. Ejecutan a m\u00fasico junto a su familia, sobrevive ni\u00f1o de 6 a\u00f1os Showbiz","isPartOf":{"@id":"https:\/\/www.sonoraenequipo.com.mx\/#website"},"primaryImageOfPage":{"@id":"https:\/\/www.sonoraenequipo.com.mx\/ejecutan-a-musico-junto-a-su-familia-dejan-vivo-a-nino-de-6-anos\/#primaryimage"},"image":{"@id":"https:\/\/www.sonoraenequipo.com.mx\/ejecutan-a-musico-junto-a-su-familia-dejan-vivo-a-nino-de-6-anos\/#primaryimage"},"thumbnailUrl":"https:\/\/www.sonoraenequipo.com.mx\/storage\/2026\/09\/camilo-septimo.jpg","datePublished":"2026-09-03T18:03:11+00:00","dateModified":"2026-09-03T18:37:08+00:00","description":"ATIZAP\u00c1N DE ZARAGOZA, ESTADO DE M\u00c9XICO, MX. \u2014 Jonathan Samuel Mel\u00e9ndez Ochoa, tecladista, compositor y productor de la banda musical Camilo S\u00e9ptimo, de 38 En Sonora en Equipo publicamos toda la informaci\u00f3n de Sonora, M\u00e9xico y el Mundo de manera oportuna y busca que la libertad de expresi\u00f3n sea real. Visita nuestro medio informativo publicado desde Hermosillo, Sonora. %","breadcrumb":{"@id":"https:\/\/www.sonoraenequipo.com.mx\/ejecutan-a-musico-junto-a-su-familia-dejan-vivo-a-nino-de-6-anos\/#breadcrumb"},"inLanguage":"es","potentialAction":[{"@type":"ReadAction","target":["https:\/\/www.sonoraenequipo.com.mx\/ejecutan-a-musico-junto-a-su-familia-dejan-vivo-a-nino-de-6-anos\/"]}]},{"@type":"ImageObject","inLanguage":"es","@id":"https:\/\/www.sonoraenequipo.com.mx\/ejecutan-a-musico-junto-a-su-familia-dejan-vivo-a-nino-de-6-anos\/#primaryimage","url":"https:\/\/www.sonoraenequipo.com.mx\/storage\/2026\/09\/camilo-septimo.jpg","contentUrl":"https:\/\/www.sonoraenequipo.com.mx\/storage\/2026\/09\/camilo-septimo.jpg","width":600,"height":400,"caption":"Jhonthan mel\u00e9ndez con la banda. Getty"},{"@type":"BreadcrumbList","@id":"https:\/\/www.sonoraenequipo.com.mx\/ejecutan-a-musico-junto-a-su-familia-dejan-vivo-a-nino-de-6-anos\/#breadcrumb","itemListElement":[{"@type":"ListItem","position":1,"name":"Portada","item":"https:\/\/www.sonoraenequipo.com.mx\/"},{"@type":"ListItem","position":2,"name":"Ejecutan a m\u00fasico junto a su familia, sobrevive ni\u00f1o de 6 a\u00f1os"}]},{"@type":"WebSite","@id":"https:\/\/www.sonoraenequipo.com.mx\/#website","url":"https:\/\/www.sonoraenequipo.com.mx\/","name":"Sonora en Equipo.","description":"Diario en l\u00ednea con Noticias desde Hermosillo, Sonora","publisher":{"@id":"https:\/\/www.sonoraenequipo.com.mx\/#organization"},"potentialAction":[{"@type":"SearchAction","target":{"@type":"EntryPoint","urlTemplate":"https:\/\/www.sonoraenequipo.com.mx\/?s={search_term_string}"},"query-input":{"@type":"PropertyValueSpecification","valueRequired":true,"valueName":"search_term_string"}}],"inLanguage":"es"},{"@type":"Organization","@id":"https:\/\/www.sonoraenequipo.com.mx\/#organization","name":"Sonoraenequipo.com.mx","url":"https:\/\/www.sonoraenequipo.com.mx\/","logo":{"@type":"ImageObject","inLanguage":"es","@id":"https:\/\/www.sonoraenequipo.com.mx\/#\/schema\/logo\/image\/","url":"https:\/\/www.sonoraenequipo.com.mx\/storage\/2019\/01\/sonoraenequipo_opt.png","contentUrl":"https:\/\/www.sonoraenequipo.com.mx\/storage\/2019\/01\/sonoraenequipo_opt.png","width":375,"height":125,"caption":"Sonoraenequipo.com.mx"},"image":{"@id":"https:\/\/www.sonoraenequipo.com.mx\/#\/schema\/logo\/image\/"},"sameAs":["https:\/\/www.facebook.com\/SonoraEE\/","https:\/\/x.com\/sonoraenequipo","https:\/\/www.youtube.com\/channel\/UC338nW-lPEYmJQs4ZABQ1SQ"]},{"@type":"Person","@id":"https:\/\/www.sonoraenequipo.com.mx\/#\/schema\/person\/50102df0fb23a8fa9e8effad8fa81386","name":"enequipo","image":{"@type":"ImageObject","inLanguage":"es","@id":"https:\/\/www.sonoraenequipo.com.mx\/#\/schema\/person\/image\/","url":"https:\/\/secure.gravatar.com\/avatar\/049821681b589dabc0bc20695993ccebb09f5b5d4d790cd9251b97faac7c652b?s=96&d=blank&r=g","contentUrl":"https:\/\/secure.gravatar.com\/avatar\/049821681b589dabc0bc20695993ccebb09f5b5d4d790cd9251b97faac7c652b?s=96&d=blank&r=g","caption":"enequipo"},"sameAs":["https:\/\/www.facebook.com\/SonoraEE"]}]}},"jetpack_featured_media_url":"https:\/\/www.sonoraenequipo.com.mx\/storage\/2026\/09\/camilo-septimo.jpg","_links":{"self":[{"href":"https:\/\/www.sonoraenequipo.com.mx\/api\/wp\/v2\/posts\/251414","targetHints":{"allow":["GET"]}}],"collection":[{"href":"https:\/\/www.sonoraenequipo.com.mx\/api\/wp\/v2\/posts"}],"about":[{"href":"https:\/\/www.sonoraenequipo.com.mx\/api\/wp\/v2\/types\/post"}],"author":[{"embeddable":true,"href":"https:\/\/www.sonoraenequipo.com.mx\/api\/wp\/v2\/users\/1"}],"replies":[{"embeddable":true,"href":"https:\/\/www.sonoraenequipo.com.mx\/api\/wp\/v2\/comments?post=251414"}],"version-history":[{"count":2,"href":"https:\/\/www.sonoraenequipo.com.mx\/api\/wp\/v2\/posts\/251414\/revisions"}],"predecessor-version":[{"id":251424,"href":"https:\/\/www.sonoraenequipo.com.mx\/api\/wp\/v2\/posts\/251414\/revisions\/251424"}],"wp:featuredmedia":[{"embeddable":true,"href":"https:\/\/www.sonoraenequipo.com.mx\/api\/wp\/v2\/media\/251415"}],"wp:attachment":[{"href":"https:\/\/www.sonoraenequipo.com.mx\/api\/wp\/v2\/media?parent=251414"}],"wp:term":[{"taxonomy":"category","embeddable":true,"href":"https:\/\/www.sonoraenequipo.com.mx\/api\/wp\/v2\/categories?post=251414"},{"taxonomy":"post_tag","embeddable":true,"href":"https:\/\/www.sonoraenequipo.com.mx\/api\/wp\/v2\/tags?post=251414"}],"curies":[{"name":"wp","href":"https:\/\/api.w.org\/{rel}","templated":true}]}}