{"id":251426,"date":"2026-09-03T11:43:58","date_gmt":"2026-09-03T18:43:58","guid":{"rendered":"https:\/\/www.sonoraenequipo.com.mx\/?p=251426"},"modified":"2026-09-03T11:46:13","modified_gmt":"2026-09-03T18:46:13","slug":"alberto-espinosa-desigaud-asume-presidencia-de-icc-mexico","status":"publish","type":"post","link":"https:\/\/www.sonoraenequipo.com.mx\/alberto-espinosa-desigaud-asume-presidencia-de-icc-mexico\/","title":{"rendered":"Alberto Espinosa Desigaud asume presidencia de ICC M\u00e9xico"},"content":{"rendered":"<p><strong>CIUDAD DE M\u00c9XICO, MX. \u2014<\/strong> Alberto Espinosa Desigaud asumi\u00f3 la Presidencia de la International Chamber of Commerce M\u00e9xico (ICC M\u00e9xico) para el periodo 2026-2028, con el prop\u00f3sito de proyectar a la organizaci\u00f3n como \u201cla voz internacional de la empresa mexicana\u201d y transformar su conocimiento y red global en propuestas y oportunidades para elevar la competitividad del pa\u00eds. <\/p>\n<p>&nbsp;<\/p>\n<p>Al rendir protesta ante la Asamblea General de Asociados, sostuvo que M\u00e9xico necesita \u201ccrecer m\u00e1s, invertir m\u00e1s y competir mejor\u201d, para lo cual consider\u00f3 indispensable recuperar la confianza y fortalecer el Estado de Derecho, la seguridad, infraestructura, energ\u00eda y talento.<\/p>\n<p>&nbsp;<\/p>\n<p>John W.H. Denton AO, secretario General de ICC, felicit\u00f3 al nuevo presidente y subray\u00f3 la relevancia del cap\u00edtulo mexicano dentro de la organizaci\u00f3n mundial.<\/p>\n<p>&nbsp;<\/p>\n<p>\u201cICC M\u00e9xico desempe\u00f1a un papel fundamental para asegurar que la voz del sector empresarial mexicano contribuya a dar forma a los debates internacionales sobre comercio, inversi\u00f3n y crecimiento sostenible. Espero trabajar estrechamente con Alberto para seguir fortaleciendo el impacto de ICC en M\u00e9xico y en las Am\u00e9ricas\u201d, afirm\u00f3.<\/p>\n<h3>Agenda para los primeros 100 d\u00edas<\/h3>\n<p>&nbsp;<\/p>\n<p>Espinosa Desigaud anunci\u00f3 que una de sus primeras acciones ser\u00e1 impulsar una Agenda para la Competitividad Internacional de M\u00e9xico, convocando a empresarios, especialistas, acad\u00e9micos y las comisiones de ICC M\u00e9xico para identificar obst\u00e1culos a la inversi\u00f3n y formular propuestas concretas.<\/p>\n<p>&nbsp;<\/p>\n<p>La agenda abordar\u00e1 Estado de Derecho, seguridad, energ\u00eda, infraestructura, facilitaci\u00f3n del comercio, digitalizaci\u00f3n, sostenibilidad, inteligencia artificial, financiamiento y desarrollo de talento, aprovechando adem\u00e1s la red internacional de ICC para acercar mejores pr\u00e1cticas mundiales a las empresas mexicanas.<\/p>\n<p>&nbsp;<\/p>\n<p>Frente a la revisi\u00f3n del T-MEC, consider\u00f3 fundamental defender y fortalecer la integraci\u00f3n econ\u00f3mica con Estados Unidos y Canad\u00e1, pero plante\u00f3 tambi\u00e9n ampliar la visi\u00f3n internacional de M\u00e9xico hacia Europa, Asia, Corea, Jap\u00f3n, India, China, Am\u00e9rica Latina y Medio Oriente.<\/p>\n<p>&nbsp;<\/p>\n<p>\u201cLos acuerdos comerciales no pueden quedarse en documentos. Debemos convertirlos en exportaciones, inversiones, empresas internacionalizadas, empleos, tecnolog\u00eda y prosperidad compartida\u201d, se\u00f1al\u00f3.<\/p>\n<p>&nbsp;<\/p>\n<h3>El cierre de una etapa<\/h3>\n<p>&nbsp;<\/p>\n<p>Espinosa Desigaud sucede a Claus von Wobeser, quien concluye seis a\u00f1os al frente de ICC M\u00e9xico y entrega una organizaci\u00f3n financieramente s\u00f3lida, con membres\u00eda consolidada, comisiones activas, mayor presencia p\u00fablica y representaci\u00f3n mexicana en los foros internacionales de ICC.<\/p>\n<p>&nbsp;<\/p>\n<p>Su gesti\u00f3n coincidi\u00f3 con una de las etapas m\u00e1s complejas para la econom\u00eda y el comercio mundial: inici\u00f3 con la pandemia y la ruptura de cadenas de suministro y atraves\u00f3 conflictos geopol\u00edticos, fen\u00f3menos clim\u00e1ticos extremos, incrementos en costos log\u00edsticos y energ\u00e9ticos, fragmentaci\u00f3n del comercio internacional y un resurgimiento del proteccionismo.<\/p>\n<p>&nbsp;<\/p>\n<p>En ese entorno, ICC M\u00e9xico fortaleci\u00f3 su presencia p\u00fablica e internacional y mantuvo entre sus ejes la defensa del Estado de Derecho, la certeza jur\u00eddica, la inversi\u00f3n, el comercio y la competitividad.<\/p>\n<p>&nbsp;<\/p>\n<h3>80 a\u00f1os construyendo puentes<\/h3>\n<p>&nbsp;<\/p>\n<p>Durante la Asamblea, Espinosa Desigaud, von Wobeser y Denton presentaron tambi\u00e9n a la Asamblea de Socios \u201cOcho d\u00e9cadas al servicio del comercio internacional\u201d, libro conmemorativo que recupera los 80 a\u00f1os de historia de ICC M\u00e9xico y su contribuci\u00f3n t\u00e9cnica al desarrollo del comercio internacional del pa\u00eds.<\/p>\n<p>&nbsp;<\/p>\n<p>El aniversario coincide as\u00ed con un relevo generacional en la conducci\u00f3n de la organizaci\u00f3n: el cierre de una Presidencia marcada por profundas transformaciones globales y el comienzo de una nueva etapa enfocada en competitividad, innovaci\u00f3n e inserci\u00f3n internacional.<\/p>\n<p>&nbsp;<\/p>\n<p>Espinosa Desigaud, empresario con m\u00e1s de cuatro d\u00e9cadas de trayectoria en los sectores asegurador, financiero, inmobiliario y empresarial, y vinculado a ICC M\u00e9xico desde 2012 como vicepresidente e integrante de su Consejo Directivo y Comisi\u00f3n Ejecutiva, retom\u00f3 al asumir el legado de los fundadores de ICC, los llamados \u201cMercaderes de la Paz\u201d.<\/p>\n<p>&nbsp;<\/p>\n<p>\u201cHaremos o\u00edr la voz de las empresas mexicanas en M\u00e9xico y en el mundo. Defenderemos el Estado de Derecho, impulsaremos la inversi\u00f3n, promoveremos el comercio internacional y construiremos puentes para que nuestro pa\u00eds desarrolle todo su enorme potencial\u201d, afirm\u00f3.<\/p>\n<p><strong>Fecha de publicaci\u00f3n jueves 3 de septiembre de 2026\/Difunet<\/strong><\/p>\n","protected":false},"excerpt":{"rendered":"<p>CIUDAD DE M\u00c9XICO, MX. \u2014 Alberto Espinosa Desigaud asumi\u00f3 la Presidencia de la International Chamber&#8230;<\/p>\n","protected":false},"author":1,"featured_media":251427,"comment_status":"open","ping_status":"open","sticky":false,"template":"","format":"standard","meta":{"_monsterinsights_skip_tracking":false,"_monsterinsights_sitenote_active":false,"_monsterinsights_sitenote_note":"","_monsterinsights_sitenote_category":0,"footnotes":""},"categories":[6493],"tags":[13047,13046,53],"class_list":["post"],"yoast_head":" \n<title>Sonora en Equipo. Alberto Espinosa Desigaud asume presidencia de ICC M\u00e9xico PALABRAS Y N\u00daMEROS<\/title>\n<meta name=\"description\" content=\"CIUDAD DE M\u00c9XICO, MX. \u2014 Alberto Espinosa Desigaud asumi\u00f3 la Presidencia de la International Chamber of Commerce M\u00e9xico (ICC M\u00e9xico) para el periodo En Sonora en Equipo publicamos toda la informaci\u00f3n de Sonora, M\u00e9xico y el Mundo de manera oportuna y busca que la libertad de expresi\u00f3n sea real. Visita nuestro medio informativo publicado desde Hermosillo, Sonora. %\" \/>\n<meta name=\"robots\" content=\"index, follow, max-snippet:-1, max-image-preview:large, max-video-preview:-1\" \/>\n<link rel=\"canonical\" href=\"https:\/\/www.sonoraenequipo.com.mx\/alberto-espinosa-desigaud-asume-presidencia-de-icc-mexico\/\" \/>\n<meta property=\"og:locale\" content=\"es_ES\" \/>\n<meta property=\"og:type\" content=\"article\" \/>\n<meta property=\"og:title\" content=\"Sonora en Equipo. Alberto Espinosa Desigaud asume presidencia de ICC M\u00e9xico PALABRAS Y N\u00daMEROS\" \/>\n<meta property=\"og:description\" content=\"CIUDAD DE M\u00c9XICO, MX. \u2014 Alberto Espinosa Desigaud asumi\u00f3 la Presidencia de la International Chamber of Commerce M\u00e9xico (ICC M\u00e9xico) para el periodo En Sonora en Equipo publicamos toda la informaci\u00f3n de Sonora, M\u00e9xico y el Mundo de manera oportuna y busca que la libertad de expresi\u00f3n sea real. Visita nuestro medio informativo publicado desde Hermosillo, Sonora. %\" \/>\n<meta property=\"og:url\" content=\"https:\/\/www.sonoraenequipo.com.mx\/alberto-espinosa-desigaud-asume-presidencia-de-icc-mexico\/\" \/>\n<meta property=\"og:site_name\" content=\"Sonora en Equipo.\" \/>\n<meta property=\"article:publisher\" content=\"https:\/\/www.facebook.com\/SonoraEE\/\" \/>\n<meta property=\"article:author\" content=\"https:\/\/www.facebook.com\/SonoraEE\" \/>\n<meta property=\"article:published_time\" content=\"2026-09-03T18:43:58+00:00\" \/>\n<meta property=\"article:modified_time\" content=\"2026-09-03T18:46:13+00:00\" \/>\n<meta property=\"og:image\" content=\"https:\/\/www.sonoraenequipo.com.mx\/storage\/2026\/09\/desigaud.jpg\" \/>\n\t<meta property=\"og:image:width\" content=\"600\" \/>\n\t<meta property=\"og:image:height\" content=\"400\" \/>\n\t<meta property=\"og:image:type\" content=\"image\/jpeg\" \/>\n<meta name=\"author\" content=\"enequipo\" \/>\n<meta name=\"twitter:card\" content=\"summary_large_image\" \/>\n<meta name=\"twitter:creator\" content=\"@sonoraenequipo\" \/>\n<meta name=\"twitter:site\" content=\"@sonoraenequipo\" \/>\n<meta name=\"twitter:label1\" content=\"Escrito por\" \/>\n\t<meta name=\"twitter:data1\" content=\"enequipo\" \/>\n\t<meta name=\"twitter:label2\" content=\"Tiempo de lectura\" \/>\n\t<meta name=\"twitter:data2\" content=\"4 minutos\" \/>\n<script type=\"application\/ld+json\" class=\"yoast-schema-graph\">{\"@context\":\"https:\/\/schema.org\",\"@graph\":[{\"@type\":\"Article\",\"@id\":\"https:\/\/www.sonoraenequipo.com.mx\/alberto-espinosa-desigaud-asume-presidencia-de-icc-mexico\/#article\",\"isPartOf\":{\"@id\":\"https:\/\/www.sonoraenequipo.com.mx\/alberto-espinosa-desigaud-asume-presidencia-de-icc-mexico\/\"},\"author\":{\"name\":\"enequipo\",\"@id\":\"https:\/\/www.sonoraenequipo.com.mx\/#\/schema\/person\/50102df0fb23a8fa9e8effad8fa81386\"},\"headline\":\"Alberto Espinosa Desigaud asume presidencia de ICC M\u00e9xico\",\"datePublished\":\"2026-09-03T18:43:58+00:00\",\"dateModified\":\"2026-09-03T18:46:13+00:00\",\"mainEntityOfPage\":{\"@id\":\"https:\/\/www.sonoraenequipo.com.mx\/alberto-espinosa-desigaud-asume-presidencia-de-icc-mexico\/\"},\"wordCount\":726,\"commentCount\":0,\"publisher\":{\"@id\":\"https:\/\/www.sonoraenequipo.com.mx\/#organization\"},\"image\":{\"@id\":\"https:\/\/www.sonoraenequipo.com.mx\/alberto-espinosa-desigaud-asume-presidencia-de-icc-mexico\/#primaryimage\"},\"thumbnailUrl\":\"https:\/\/www.sonoraenequipo.com.mx\/storage\/2026\/09\/desigaud.jpg\",\"keywords\":[\"Desigaud\",\"ICC\",\"mexico\"],\"articleSection\":[\"PALABRAS Y N\u00daMEROS\"],\"inLanguage\":\"es\",\"potentialAction\":[{\"@type\":\"CommentAction\",\"name\":\"Comment\",\"target\":[\"https:\/\/www.sonoraenequipo.com.mx\/alberto-espinosa-desigaud-asume-presidencia-de-icc-mexico\/#respond\"]}]},{\"@type\":\"WebPage\",\"@id\":\"https:\/\/www.sonoraenequipo.com.mx\/alberto-espinosa-desigaud-asume-presidencia-de-icc-mexico\/\",\"url\":\"https:\/\/www.sonoraenequipo.com.mx\/alberto-espinosa-desigaud-asume-presidencia-de-icc-mexico\/\",\"name\":\"Sonora en Equipo. Alberto Espinosa Desigaud asume presidencia de ICC M\u00e9xico PALABRAS Y N\u00daMEROS\",\"isPartOf\":{\"@id\":\"https:\/\/www.sonoraenequipo.com.mx\/#website\"},\"primaryImageOfPage\":{\"@id\":\"https:\/\/www.sonoraenequipo.com.mx\/alberto-espinosa-desigaud-asume-presidencia-de-icc-mexico\/#primaryimage\"},\"image\":{\"@id\":\"https:\/\/www.sonoraenequipo.com.mx\/alberto-espinosa-desigaud-asume-presidencia-de-icc-mexico\/#primaryimage\"},\"thumbnailUrl\":\"https:\/\/www.sonoraenequipo.com.mx\/storage\/2026\/09\/desigaud.jpg\",\"datePublished\":\"2026-09-03T18:43:58+00:00\",\"dateModified\":\"2026-09-03T18:46:13+00:00\",\"description\":\"CIUDAD DE M\u00c9XICO, MX. \u2014 Alberto Espinosa Desigaud asumi\u00f3 la Presidencia de la International Chamber of Commerce M\u00e9xico (ICC M\u00e9xico) para el periodo En Sonora en Equipo publicamos toda la informaci\u00f3n de Sonora, M\u00e9xico y el Mundo de manera oportuna y busca que la libertad de expresi\u00f3n sea real. Visita nuestro medio informativo publicado desde Hermosillo, Sonora. %\",\"breadcrumb\":{\"@id\":\"https:\/\/www.sonoraenequipo.com.mx\/alberto-espinosa-desigaud-asume-presidencia-de-icc-mexico\/#breadcrumb\"},\"inLanguage\":\"es\",\"potentialAction\":[{\"@type\":\"ReadAction\",\"target\":[\"https:\/\/www.sonoraenequipo.com.mx\/alberto-espinosa-desigaud-asume-presidencia-de-icc-mexico\/\"]}]},{\"@type\":\"ImageObject\",\"inLanguage\":\"es\",\"@id\":\"https:\/\/www.sonoraenequipo.com.mx\/alberto-espinosa-desigaud-asume-presidencia-de-icc-mexico\/#primaryimage\",\"url\":\"https:\/\/www.sonoraenequipo.com.mx\/storage\/2026\/09\/desigaud.jpg\",\"contentUrl\":\"https:\/\/www.sonoraenequipo.com.mx\/storage\/2026\/09\/desigaud.jpg\",\"width\":600,\"height\":400,\"caption\":\"Alberto Espinoza Desigaud (izq. ) y Claus von Wobeser\"},{\"@type\":\"BreadcrumbList\",\"@id\":\"https:\/\/www.sonoraenequipo.com.mx\/alberto-espinosa-desigaud-asume-presidencia-de-icc-mexico\/#breadcrumb\",\"itemListElement\":[{\"@type\":\"ListItem\",\"position\":1,\"name\":\"Portada\",\"item\":\"https:\/\/www.sonoraenequipo.com.mx\/\"},{\"@type\":\"ListItem\",\"position\":2,\"name\":\"Alberto Espinosa Desigaud asume presidencia de ICC M\u00e9xico\"}]},{\"@type\":\"WebSite\",\"@id\":\"https:\/\/www.sonoraenequipo.com.mx\/#website\",\"url\":\"https:\/\/www.sonoraenequipo.com.mx\/\",\"name\":\"Sonora en Equipo.\",\"description\":\"Diario en l\u00ednea con Noticias desde Hermosillo, Sonora\",\"publisher\":{\"@id\":\"https:\/\/www.sonoraenequipo.com.mx\/#organization\"},\"potentialAction\":[{\"@type\":\"SearchAction\",\"target\":{\"@type\":\"EntryPoint\",\"urlTemplate\":\"https:\/\/www.sonoraenequipo.com.mx\/?s={search_term_string}\"},\"query-input\":{\"@type\":\"PropertyValueSpecification\",\"valueRequired\":true,\"valueName\":\"search_term_string\"}}],\"inLanguage\":\"es\"},{\"@type\":\"Organization\",\"@id\":\"https:\/\/www.sonoraenequipo.com.mx\/#organization\",\"name\":\"Sonoraenequipo.com.mx\",\"url\":\"https:\/\/www.sonoraenequipo.com.mx\/\",\"logo\":{\"@type\":\"ImageObject\",\"inLanguage\":\"es\",\"@id\":\"https:\/\/www.sonoraenequipo.com.mx\/#\/schema\/logo\/image\/\",\"url\":\"https:\/\/www.sonoraenequipo.com.mx\/storage\/2019\/01\/sonoraenequipo_opt.png\",\"contentUrl\":\"https:\/\/www.sonoraenequipo.com.mx\/storage\/2019\/01\/sonoraenequipo_opt.png\",\"width\":375,\"height\":125,\"caption\":\"Sonoraenequipo.com.mx\"},\"image\":{\"@id\":\"https:\/\/www.sonoraenequipo.com.mx\/#\/schema\/logo\/image\/\"},\"sameAs\":[\"https:\/\/www.facebook.com\/SonoraEE\/\",\"https:\/\/x.com\/sonoraenequipo\",\"https:\/\/www.youtube.com\/channel\/UC338nW-lPEYmJQs4ZABQ1SQ\"]},{\"@type\":\"Person\",\"@id\":\"https:\/\/www.sonoraenequipo.com.mx\/#\/schema\/person\/50102df0fb23a8fa9e8effad8fa81386\",\"name\":\"enequipo\",\"image\":{\"@type\":\"ImageObject\",\"inLanguage\":\"es\",\"@id\":\"https:\/\/www.sonoraenequipo.com.mx\/#\/schema\/person\/image\/\",\"url\":\"https:\/\/secure.gravatar.com\/avatar\/049821681b589dabc0bc20695993ccebb09f5b5d4d790cd9251b97faac7c652b?s=96&d=blank&r=g\",\"contentUrl\":\"https:\/\/secure.gravatar.com\/avatar\/049821681b589dabc0bc20695993ccebb09f5b5d4d790cd9251b97faac7c652b?s=96&d=blank&r=g\",\"caption\":\"enequipo\"},\"sameAs\":[\"https:\/\/www.facebook.com\/SonoraEE\"]}]}<\/script>\n ","yoast_head_json":{"title":"Sonora en Equipo. Alberto Espinosa Desigaud asume presidencia de ICC M\u00e9xico PALABRAS Y N\u00daMEROS","description":"CIUDAD DE M\u00c9XICO, MX. \u2014 Alberto Espinosa Desigaud asumi\u00f3 la Presidencia de la International Chamber of Commerce M\u00e9xico (ICC M\u00e9xico) para el periodo En Sonora en Equipo publicamos toda la informaci\u00f3n de Sonora, M\u00e9xico y el Mundo de manera oportuna y busca que la libertad de expresi\u00f3n sea real. Visita nuestro medio informativo publicado desde Hermosillo, Sonora. %","robots":{"index":"index","follow":"follow","max-snippet":"max-snippet:-1","max-image-preview":"max-image-preview:large","max-video-preview":"max-video-preview:-1"},"canonical":"https:\/\/www.sonoraenequipo.com.mx\/alberto-espinosa-desigaud-asume-presidencia-de-icc-mexico\/","og_locale":"es_ES","og_type":"article","og_title":"Sonora en Equipo. Alberto Espinosa Desigaud asume presidencia de ICC M\u00e9xico PALABRAS Y N\u00daMEROS","og_description":"CIUDAD DE M\u00c9XICO, MX. \u2014 Alberto Espinosa Desigaud asumi\u00f3 la Presidencia de la International Chamber of Commerce M\u00e9xico (ICC M\u00e9xico) para el periodo En Sonora en Equipo publicamos toda la informaci\u00f3n de Sonora, M\u00e9xico y el Mundo de manera oportuna y busca que la libertad de expresi\u00f3n sea real. Visita nuestro medio informativo publicado desde Hermosillo, Sonora. %","og_url":"https:\/\/www.sonoraenequipo.com.mx\/alberto-espinosa-desigaud-asume-presidencia-de-icc-mexico\/","og_site_name":"Sonora en Equipo.","article_publisher":"https:\/\/www.facebook.com\/SonoraEE\/","article_author":"https:\/\/www.facebook.com\/SonoraEE","article_published_time":"2026-09-03T18:43:58+00:00","article_modified_time":"2026-09-03T18:46:13+00:00","og_image":[{"width":600,"height":400,"url":"https:\/\/www.sonoraenequipo.com.mx\/storage\/2026\/09\/desigaud.jpg","type":"image\/jpeg"}],"author":"enequipo","twitter_card":"summary_large_image","twitter_creator":"@sonoraenequipo","twitter_site":"@sonoraenequipo","twitter_misc":{"Escrito por":"enequipo","Tiempo de lectura":"4 minutos"},"schema":{"@context":"https:\/\/schema.org","@graph":[{"@type":"Article","@id":"https:\/\/www.sonoraenequipo.com.mx\/alberto-espinosa-desigaud-asume-presidencia-de-icc-mexico\/#article","isPartOf":{"@id":"https:\/\/www.sonoraenequipo.com.mx\/alberto-espinosa-desigaud-asume-presidencia-de-icc-mexico\/"},"author":{"name":"enequipo","@id":"https:\/\/www.sonoraenequipo.com.mx\/#\/schema\/person\/50102df0fb23a8fa9e8effad8fa81386"},"headline":"Alberto Espinosa Desigaud asume presidencia de ICC M\u00e9xico","datePublished":"2026-09-03T18:43:58+00:00","dateModified":"2026-09-03T18:46:13+00:00","mainEntityOfPage":{"@id":"https:\/\/www.sonoraenequipo.com.mx\/alberto-espinosa-desigaud-asume-presidencia-de-icc-mexico\/"},"wordCount":726,"commentCount":0,"publisher":{"@id":"https:\/\/www.sonoraenequipo.com.mx\/#organization"},"image":{"@id":"https:\/\/www.sonoraenequipo.com.mx\/alberto-espinosa-desigaud-asume-presidencia-de-icc-mexico\/#primaryimage"},"thumbnailUrl":"https:\/\/www.sonoraenequipo.com.mx\/storage\/2026\/09\/desigaud.jpg","keywords":["Desigaud","ICC","mexico"],"articleSection":["PALABRAS Y N\u00daMEROS"],"inLanguage":"es","potentialAction":[{"@type":"CommentAction","name":"Comment","target":["https:\/\/www.sonoraenequipo.com.mx\/alberto-espinosa-desigaud-asume-presidencia-de-icc-mexico\/#respond"]}]},{"@type":"WebPage","@id":"https:\/\/www.sonoraenequipo.com.mx\/alberto-espinosa-desigaud-asume-presidencia-de-icc-mexico\/","url":"https:\/\/www.sonoraenequipo.com.mx\/alberto-espinosa-desigaud-asume-presidencia-de-icc-mexico\/","name":"Sonora en Equipo. Alberto Espinosa Desigaud asume presidencia de ICC M\u00e9xico PALABRAS Y N\u00daMEROS","isPartOf":{"@id":"https:\/\/www.sonoraenequipo.com.mx\/#website"},"primaryImageOfPage":{"@id":"https:\/\/www.sonoraenequipo.com.mx\/alberto-espinosa-desigaud-asume-presidencia-de-icc-mexico\/#primaryimage"},"image":{"@id":"https:\/\/www.sonoraenequipo.com.mx\/alberto-espinosa-desigaud-asume-presidencia-de-icc-mexico\/#primaryimage"},"thumbnailUrl":"https:\/\/www.sonoraenequipo.com.mx\/storage\/2026\/09\/desigaud.jpg","datePublished":"2026-09-03T18:43:58+00:00","dateModified":"2026-09-03T18:46:13+00:00","description":"CIUDAD DE M\u00c9XICO, MX. \u2014 Alberto Espinosa Desigaud asumi\u00f3 la Presidencia de la International Chamber of Commerce M\u00e9xico (ICC M\u00e9xico) para el periodo En Sonora en Equipo publicamos toda la informaci\u00f3n de Sonora, M\u00e9xico y el Mundo de manera oportuna y busca que la libertad de expresi\u00f3n sea real. Visita nuestro medio informativo publicado desde Hermosillo, Sonora. %","breadcrumb":{"@id":"https:\/\/www.sonoraenequipo.com.mx\/alberto-espinosa-desigaud-asume-presidencia-de-icc-mexico\/#breadcrumb"},"inLanguage":"es","potentialAction":[{"@type":"ReadAction","target":["https:\/\/www.sonoraenequipo.com.mx\/alberto-espinosa-desigaud-asume-presidencia-de-icc-mexico\/"]}]},{"@type":"ImageObject","inLanguage":"es","@id":"https:\/\/www.sonoraenequipo.com.mx\/alberto-espinosa-desigaud-asume-presidencia-de-icc-mexico\/#primaryimage","url":"https:\/\/www.sonoraenequipo.com.mx\/storage\/2026\/09\/desigaud.jpg","contentUrl":"https:\/\/www.sonoraenequipo.com.mx\/storage\/2026\/09\/desigaud.jpg","width":600,"height":400,"caption":"Alberto Espinoza Desigaud (izq. ) y Claus von Wobeser"},{"@type":"BreadcrumbList","@id":"https:\/\/www.sonoraenequipo.com.mx\/alberto-espinosa-desigaud-asume-presidencia-de-icc-mexico\/#breadcrumb","itemListElement":[{"@type":"ListItem","position":1,"name":"Portada","item":"https:\/\/www.sonoraenequipo.com.mx\/"},{"@type":"ListItem","position":2,"name":"Alberto Espinosa Desigaud asume presidencia de ICC M\u00e9xico"}]},{"@type":"WebSite","@id":"https:\/\/www.sonoraenequipo.com.mx\/#website","url":"https:\/\/www.sonoraenequipo.com.mx\/","name":"Sonora en Equipo.","description":"Diario en l\u00ednea con Noticias desde Hermosillo, Sonora","publisher":{"@id":"https:\/\/www.sonoraenequipo.com.mx\/#organization"},"potentialAction":[{"@type":"SearchAction","target":{"@type":"EntryPoint","urlTemplate":"https:\/\/www.sonoraenequipo.com.mx\/?s={search_term_string}"},"query-input":{"@type":"PropertyValueSpecification","valueRequired":true,"valueName":"search_term_string"}}],"inLanguage":"es"},{"@type":"Organization","@id":"https:\/\/www.sonoraenequipo.com.mx\/#organization","name":"Sonoraenequipo.com.mx","url":"https:\/\/www.sonoraenequipo.com.mx\/","logo":{"@type":"ImageObject","inLanguage":"es","@id":"https:\/\/www.sonoraenequipo.com.mx\/#\/schema\/logo\/image\/","url":"https:\/\/www.sonoraenequipo.com.mx\/storage\/2019\/01\/sonoraenequipo_opt.png","contentUrl":"https:\/\/www.sonoraenequipo.com.mx\/storage\/2019\/01\/sonoraenequipo_opt.png","width":375,"height":125,"caption":"Sonoraenequipo.com.mx"},"image":{"@id":"https:\/\/www.sonoraenequipo.com.mx\/#\/schema\/logo\/image\/"},"sameAs":["https:\/\/www.facebook.com\/SonoraEE\/","https:\/\/x.com\/sonoraenequipo","https:\/\/www.youtube.com\/channel\/UC338nW-lPEYmJQs4ZABQ1SQ"]},{"@type":"Person","@id":"https:\/\/www.sonoraenequipo.com.mx\/#\/schema\/person\/50102df0fb23a8fa9e8effad8fa81386","name":"enequipo","image":{"@type":"ImageObject","inLanguage":"es","@id":"https:\/\/www.sonoraenequipo.com.mx\/#\/schema\/person\/image\/","url":"https:\/\/secure.gravatar.com\/avatar\/049821681b589dabc0bc20695993ccebb09f5b5d4d790cd9251b97faac7c652b?s=96&d=blank&r=g","contentUrl":"https:\/\/secure.gravatar.com\/avatar\/049821681b589dabc0bc20695993ccebb09f5b5d4d790cd9251b97faac7c652b?s=96&d=blank&r=g","caption":"enequipo"},"sameAs":["https:\/\/www.facebook.com\/SonoraEE"]}]}},"jetpack_featured_media_url":"https:\/\/www.sonoraenequipo.com.mx\/storage\/2026\/09\/desigaud.jpg","_links":{"self":[{"href":"https:\/\/www.sonoraenequipo.com.mx\/api\/wp\/v2\/posts\/251426","targetHints":{"allow":["GET"]}}],"collection":[{"href":"https:\/\/www.sonoraenequipo.com.mx\/api\/wp\/v2\/posts"}],"about":[{"href":"https:\/\/www.sonoraenequipo.com.mx\/api\/wp\/v2\/types\/post"}],"author":[{"embeddable":true,"href":"https:\/\/www.sonoraenequipo.com.mx\/api\/wp\/v2\/users\/1"}],"replies":[{"embeddable":true,"href":"https:\/\/www.sonoraenequipo.com.mx\/api\/wp\/v2\/comments?post=251426"}],"version-history":[{"count":3,"href":"https:\/\/www.sonoraenequipo.com.mx\/api\/wp\/v2\/posts\/251426\/revisions"}],"predecessor-version":[{"id":251433,"href":"https:\/\/www.sonoraenequipo.com.mx\/api\/wp\/v2\/posts\/251426\/revisions\/251433"}],"wp:featuredmedia":[{"embeddable":true,"href":"https:\/\/www.sonoraenequipo.com.mx\/api\/wp\/v2\/media\/251427"}],"wp:attachment":[{"href":"https:\/\/www.sonoraenequipo.com.mx\/api\/wp\/v2\/media?parent=251426"}],"wp:term":[{"taxonomy":"category","embeddable":true,"href":"https:\/\/www.sonoraenequipo.com.mx\/api\/wp\/v2\/categories?post=251426"},{"taxonomy":"post_tag","embeddable":true,"href":"https:\/\/www.sonoraenequipo.com.mx\/api\/wp\/v2\/tags?post=251426"}],"curies":[{"name":"wp","href":"https:\/\/api.w.org\/{rel}","templated":true}]}}