{"id":251431,"date":"2026-09-02T21:32:52","date_gmt":"2026-09-03T04:32:52","guid":{"rendered":"https:\/\/www.sonoraenequipo.com.mx\/?p=251431"},"modified":"2026-09-03T11:53:27","modified_gmt":"2026-09-03T18:53:27","slug":"el-organo-de-administracion-judicial-establece-nuevas-reglas-para-sancionar-faltas-administrativas-en-el-pj","status":"publish","type":"post","link":"https:\/\/www.sonoraenequipo.com.mx\/el-organo-de-administracion-judicial-establece-nuevas-reglas-para-sancionar-faltas-administrativas-en-el-pj\/","title":{"rendered":"El \u00d3rgano de Administraci\u00f3n Judicial establece nuevas reglas para sancionar faltas administrativas en el PJ"},"content":{"rendered":"<p><strong>CIUDAD DE M\u00c9XICO. MX. \u2014<\/strong>\u00a0 El \u00d3rgano de Administraci\u00f3n Judicial (OAJ) emiti\u00f3 un nuevo acuerdo que establece las bases y el procedimiento en materia de responsabilidad administrativa para servidores p\u00fablicos y particulares vinculados con faltas administrativas dentro del Poder Judicial de la Federaci\u00f3n (PJF).<\/p>\n<p>&nbsp;<\/p>\n<p> <\/p>\n<p>El acuerdo precisa las formalidades legales de las notificaciones desde la etapa de investigaci\u00f3n hasta la ejecuci\u00f3n de las resoluciones, con el objetivo de fortalecer la certeza jur\u00eddica y el debido proceso.<\/p>\n<p>&nbsp;<\/p>\n<p>En un comunicado se informa que el pasado 19 de agosto el Pleno del OAJ aprob\u00f3 por unanimidad el \u201cAcuerdo General que establece el Procedimiento de Responsabilidad Administrativa de las Personas Servidoras P\u00fablicas del Poder Judicial de la Federaci\u00f3n con Funciones Administrativas y de Personas Particulares Vinculadas con Faltas Administrativas Graves\u201d.<\/p>\n<p>&nbsp;<\/p>\n<p>&nbsp;<\/p>\n<p>El documento establece reglas m\u00e1s claras para el desarrollo de estos procedimientos y define las garant\u00edas que deber\u00e1n observarse en cada una de sus etapas.<\/p>\n<p>&nbsp;<\/p>\n<p>&nbsp;<\/p>\n<h3>Regula acceso a expedientes y medidas cautelares<\/h3>\n<p>Asimismo, el OAJ se\u00f1al\u00f3 que el acuerdo regula el acceso de las partes a los expedientes, establece pautas espec\u00edficas para la aplicaci\u00f3n de medidas cautelares y desarrolla con mayor precisi\u00f3n las fases de investigaci\u00f3n, substanciaci\u00f3n, resoluci\u00f3n y ejecuci\u00f3n.<\/p>\n<p>&nbsp;<\/p>\n<p>Agreg\u00f3 que estas disposiciones tambi\u00e9n fortalecen los trabajos de la Comisi\u00f3n de Disciplina y Substanciaci\u00f3n de Responsabilidades del Personal Administrativo, presidida por Jos\u00e9 Alberto Gallegos Ram\u00edrez, al establecer reglas claras para la atenci\u00f3n y resoluci\u00f3n de los asuntos de su competencia.<\/p>\n<p>&nbsp;<\/p>\n<p>El OAJ reafirm\u00f3 su compromiso \u201ccon un servicio p\u00fablico \u00edntegro y responsable, en el que las conductas indebidas sean sancionadas mediante procedimientos m\u00e1s claros, eficaces y con pleno respeto a la legalidad\u201d.<\/p>\n<p>&nbsp;<\/p>\n<p>PUBLICADO EL 02 SEPT DE 2026 Con informaci\u00f3n de Comunicado)<\/p>\n","protected":false},"excerpt":{"rendered":"<p>CIUDAD DE M\u00c9XICO. MX. \u2014\u00a0 El \u00d3rgano de Administraci\u00f3n Judicial (OAJ) emiti\u00f3 un nuevo acuerdo&#8230;<\/p>\n","protected":false},"author":1,"featured_media":251417,"comment_status":"open","ping_status":"open","sticky":false,"template":"","format":"standard","meta":{"_monsterinsights_skip_tracking":false,"_monsterinsights_sitenote_active":false,"_monsterinsights_sitenote_note":"","_monsterinsights_sitenote_category":0,"footnotes":""},"categories":[5],"tags":[],"class_list":["post"],"yoast_head":" \n<title>Sonora en Equipo. El \u00d3rgano de Administraci\u00f3n Judicial establece nuevas reglas para sancionar faltas administrativas en el PJ Rep\u00fablica<\/title>\n<meta name=\"description\" content=\"CIUDAD DE M\u00c9XICO. MX. \u2014\u00a0 El \u00d3rgano de Administraci\u00f3n Judicial (OAJ) emiti\u00f3 un nuevo acuerdo que establece las bases y el procedimiento en materia de En Sonora en Equipo publicamos toda la informaci\u00f3n de Sonora, M\u00e9xico y el Mundo de manera oportuna y busca que la libertad de expresi\u00f3n sea real. Visita nuestro medio informativo publicado desde Hermosillo, Sonora. %\" \/>\n<meta name=\"robots\" content=\"index, follow, max-snippet:-1, max-image-preview:large, max-video-preview:-1\" \/>\n<link rel=\"canonical\" href=\"https:\/\/www.sonoraenequipo.com.mx\/el-organo-de-administracion-judicial-establece-nuevas-reglas-para-sancionar-faltas-administrativas-en-el-pj\/\" \/>\n<meta property=\"og:locale\" content=\"es_ES\" \/>\n<meta property=\"og:type\" content=\"article\" \/>\n<meta property=\"og:title\" content=\"Sonora en Equipo. El \u00d3rgano de Administraci\u00f3n Judicial establece nuevas reglas para sancionar faltas administrativas en el PJ Rep\u00fablica\" \/>\n<meta property=\"og:description\" content=\"CIUDAD DE M\u00c9XICO. MX. \u2014\u00a0 El \u00d3rgano de Administraci\u00f3n Judicial (OAJ) emiti\u00f3 un nuevo acuerdo que establece las bases y el procedimiento en materia de En Sonora en Equipo publicamos toda la informaci\u00f3n de Sonora, M\u00e9xico y el Mundo de manera oportuna y busca que la libertad de expresi\u00f3n sea real. Visita nuestro medio informativo publicado desde Hermosillo, Sonora. %\" \/>\n<meta property=\"og:url\" content=\"https:\/\/www.sonoraenequipo.com.mx\/el-organo-de-administracion-judicial-establece-nuevas-reglas-para-sancionar-faltas-administrativas-en-el-pj\/\" \/>\n<meta property=\"og:site_name\" content=\"Sonora en Equipo.\" \/>\n<meta property=\"article:publisher\" content=\"https:\/\/www.facebook.com\/SonoraEE\/\" \/>\n<meta property=\"article:author\" content=\"https:\/\/www.facebook.com\/SonoraEE\" \/>\n<meta property=\"article:published_time\" content=\"2026-09-03T04:32:52+00:00\" \/>\n<meta property=\"article:modified_time\" content=\"2026-09-03T18:53:27+00:00\" \/>\n<meta property=\"og:image\" content=\"https:\/\/www.sonoraenequipo.com.mx\/storage\/2026\/09\/poder-judical-de-la-federacion-.-CJF-1.jpg\" \/>\n\t<meta property=\"og:image:width\" content=\"1000\" \/>\n\t<meta property=\"og:image:height\" content=\"523\" \/>\n\t<meta property=\"og:image:type\" content=\"image\/jpeg\" \/>\n<meta name=\"author\" content=\"enequipo\" \/>\n<meta name=\"twitter:card\" content=\"summary_large_image\" \/>\n<meta name=\"twitter:creator\" content=\"@sonoraenequipo\" \/>\n<meta name=\"twitter:site\" content=\"@sonoraenequipo\" \/>\n<meta name=\"twitter:label1\" content=\"Escrito por\" \/>\n\t<meta name=\"twitter:data1\" content=\"enequipo\" \/>\n\t<meta name=\"twitter:label2\" content=\"Tiempo de lectura\" \/>\n\t<meta name=\"twitter:data2\" content=\"2 minutos\" \/>\n<script type=\"application\/ld+json\" class=\"yoast-schema-graph\">{\"@context\":\"https:\/\/schema.org\",\"@graph\":[{\"@type\":\"Article\",\"@id\":\"https:\/\/www.sonoraenequipo.com.mx\/el-organo-de-administracion-judicial-establece-nuevas-reglas-para-sancionar-faltas-administrativas-en-el-pj\/#article\",\"isPartOf\":{\"@id\":\"https:\/\/www.sonoraenequipo.com.mx\/el-organo-de-administracion-judicial-establece-nuevas-reglas-para-sancionar-faltas-administrativas-en-el-pj\/\"},\"author\":{\"name\":\"enequipo\",\"@id\":\"https:\/\/www.sonoraenequipo.com.mx\/#\/schema\/person\/50102df0fb23a8fa9e8effad8fa81386\"},\"headline\":\"El \u00d3rgano de Administraci\u00f3n Judicial establece nuevas reglas para sancionar faltas administrativas en el PJ\",\"datePublished\":\"2026-09-03T04:32:52+00:00\",\"dateModified\":\"2026-09-03T18:53:27+00:00\",\"mainEntityOfPage\":{\"@id\":\"https:\/\/www.sonoraenequipo.com.mx\/el-organo-de-administracion-judicial-establece-nuevas-reglas-para-sancionar-faltas-administrativas-en-el-pj\/\"},\"wordCount\":330,\"commentCount\":0,\"publisher\":{\"@id\":\"https:\/\/www.sonoraenequipo.com.mx\/#organization\"},\"image\":{\"@id\":\"https:\/\/www.sonoraenequipo.com.mx\/el-organo-de-administracion-judicial-establece-nuevas-reglas-para-sancionar-faltas-administrativas-en-el-pj\/#primaryimage\"},\"thumbnailUrl\":\"https:\/\/www.sonoraenequipo.com.mx\/storage\/2026\/09\/poder-judical-de-la-federacion-.-CJF-1.jpg\",\"articleSection\":[\"Rep\u00fablica\"],\"inLanguage\":\"es\",\"potentialAction\":[{\"@type\":\"CommentAction\",\"name\":\"Comment\",\"target\":[\"https:\/\/www.sonoraenequipo.com.mx\/el-organo-de-administracion-judicial-establece-nuevas-reglas-para-sancionar-faltas-administrativas-en-el-pj\/#respond\"]}]},{\"@type\":\"WebPage\",\"@id\":\"https:\/\/www.sonoraenequipo.com.mx\/el-organo-de-administracion-judicial-establece-nuevas-reglas-para-sancionar-faltas-administrativas-en-el-pj\/\",\"url\":\"https:\/\/www.sonoraenequipo.com.mx\/el-organo-de-administracion-judicial-establece-nuevas-reglas-para-sancionar-faltas-administrativas-en-el-pj\/\",\"name\":\"Sonora en Equipo. El \u00d3rgano de Administraci\u00f3n Judicial establece nuevas reglas para sancionar faltas administrativas en el PJ Rep\u00fablica\",\"isPartOf\":{\"@id\":\"https:\/\/www.sonoraenequipo.com.mx\/#website\"},\"primaryImageOfPage\":{\"@id\":\"https:\/\/www.sonoraenequipo.com.mx\/el-organo-de-administracion-judicial-establece-nuevas-reglas-para-sancionar-faltas-administrativas-en-el-pj\/#primaryimage\"},\"image\":{\"@id\":\"https:\/\/www.sonoraenequipo.com.mx\/el-organo-de-administracion-judicial-establece-nuevas-reglas-para-sancionar-faltas-administrativas-en-el-pj\/#primaryimage\"},\"thumbnailUrl\":\"https:\/\/www.sonoraenequipo.com.mx\/storage\/2026\/09\/poder-judical-de-la-federacion-.-CJF-1.jpg\",\"datePublished\":\"2026-09-03T04:32:52+00:00\",\"dateModified\":\"2026-09-03T18:53:27+00:00\",\"description\":\"CIUDAD DE M\u00c9XICO. MX. \u2014\u00a0 El \u00d3rgano de Administraci\u00f3n Judicial (OAJ) emiti\u00f3 un nuevo acuerdo que establece las bases y el procedimiento en materia de En Sonora en Equipo publicamos toda la informaci\u00f3n de Sonora, M\u00e9xico y el Mundo de manera oportuna y busca que la libertad de expresi\u00f3n sea real. Visita nuestro medio informativo publicado desde Hermosillo, Sonora. %\",\"breadcrumb\":{\"@id\":\"https:\/\/www.sonoraenequipo.com.mx\/el-organo-de-administracion-judicial-establece-nuevas-reglas-para-sancionar-faltas-administrativas-en-el-pj\/#breadcrumb\"},\"inLanguage\":\"es\",\"potentialAction\":[{\"@type\":\"ReadAction\",\"target\":[\"https:\/\/www.sonoraenequipo.com.mx\/el-organo-de-administracion-judicial-establece-nuevas-reglas-para-sancionar-faltas-administrativas-en-el-pj\/\"]}]},{\"@type\":\"ImageObject\",\"inLanguage\":\"es\",\"@id\":\"https:\/\/www.sonoraenequipo.com.mx\/el-organo-de-administracion-judicial-establece-nuevas-reglas-para-sancionar-faltas-administrativas-en-el-pj\/#primaryimage\",\"url\":\"https:\/\/www.sonoraenequipo.com.mx\/storage\/2026\/09\/poder-judical-de-la-federacion-.-CJF-1.jpg\",\"contentUrl\":\"https:\/\/www.sonoraenequipo.com.mx\/storage\/2026\/09\/poder-judical-de-la-federacion-.-CJF-1.jpg\",\"width\":1000,\"height\":523},{\"@type\":\"BreadcrumbList\",\"@id\":\"https:\/\/www.sonoraenequipo.com.mx\/el-organo-de-administracion-judicial-establece-nuevas-reglas-para-sancionar-faltas-administrativas-en-el-pj\/#breadcrumb\",\"itemListElement\":[{\"@type\":\"ListItem\",\"position\":1,\"name\":\"Portada\",\"item\":\"https:\/\/www.sonoraenequipo.com.mx\/\"},{\"@type\":\"ListItem\",\"position\":2,\"name\":\"El \u00d3rgano de Administraci\u00f3n Judicial establece nuevas reglas para sancionar faltas administrativas en el PJ\"}]},{\"@type\":\"WebSite\",\"@id\":\"https:\/\/www.sonoraenequipo.com.mx\/#website\",\"url\":\"https:\/\/www.sonoraenequipo.com.mx\/\",\"name\":\"Sonora en Equipo.\",\"description\":\"Diario en l\u00ednea con Noticias desde Hermosillo, Sonora\",\"publisher\":{\"@id\":\"https:\/\/www.sonoraenequipo.com.mx\/#organization\"},\"potentialAction\":[{\"@type\":\"SearchAction\",\"target\":{\"@type\":\"EntryPoint\",\"urlTemplate\":\"https:\/\/www.sonoraenequipo.com.mx\/?s={search_term_string}\"},\"query-input\":{\"@type\":\"PropertyValueSpecification\",\"valueRequired\":true,\"valueName\":\"search_term_string\"}}],\"inLanguage\":\"es\"},{\"@type\":\"Organization\",\"@id\":\"https:\/\/www.sonoraenequipo.com.mx\/#organization\",\"name\":\"Sonoraenequipo.com.mx\",\"url\":\"https:\/\/www.sonoraenequipo.com.mx\/\",\"logo\":{\"@type\":\"ImageObject\",\"inLanguage\":\"es\",\"@id\":\"https:\/\/www.sonoraenequipo.com.mx\/#\/schema\/logo\/image\/\",\"url\":\"https:\/\/www.sonoraenequipo.com.mx\/storage\/2019\/01\/sonoraenequipo_opt.png\",\"contentUrl\":\"https:\/\/www.sonoraenequipo.com.mx\/storage\/2019\/01\/sonoraenequipo_opt.png\",\"width\":375,\"height\":125,\"caption\":\"Sonoraenequipo.com.mx\"},\"image\":{\"@id\":\"https:\/\/www.sonoraenequipo.com.mx\/#\/schema\/logo\/image\/\"},\"sameAs\":[\"https:\/\/www.facebook.com\/SonoraEE\/\",\"https:\/\/x.com\/sonoraenequipo\",\"https:\/\/www.youtube.com\/channel\/UC338nW-lPEYmJQs4ZABQ1SQ\"]},{\"@type\":\"Person\",\"@id\":\"https:\/\/www.sonoraenequipo.com.mx\/#\/schema\/person\/50102df0fb23a8fa9e8effad8fa81386\",\"name\":\"enequipo\",\"image\":{\"@type\":\"ImageObject\",\"inLanguage\":\"es\",\"@id\":\"https:\/\/www.sonoraenequipo.com.mx\/#\/schema\/person\/image\/\",\"url\":\"https:\/\/secure.gravatar.com\/avatar\/049821681b589dabc0bc20695993ccebb09f5b5d4d790cd9251b97faac7c652b?s=96&d=blank&r=g\",\"contentUrl\":\"https:\/\/secure.gravatar.com\/avatar\/049821681b589dabc0bc20695993ccebb09f5b5d4d790cd9251b97faac7c652b?s=96&d=blank&r=g\",\"caption\":\"enequipo\"},\"sameAs\":[\"https:\/\/www.facebook.com\/SonoraEE\"]}]}<\/script>\n ","yoast_head_json":{"title":"Sonora en Equipo. El \u00d3rgano de Administraci\u00f3n Judicial establece nuevas reglas para sancionar faltas administrativas en el PJ Rep\u00fablica","description":"CIUDAD DE M\u00c9XICO. MX. \u2014\u00a0 El \u00d3rgano de Administraci\u00f3n Judicial (OAJ) emiti\u00f3 un nuevo acuerdo que establece las bases y el procedimiento en materia de En Sonora en Equipo publicamos toda la informaci\u00f3n de Sonora, M\u00e9xico y el Mundo de manera oportuna y busca que la libertad de expresi\u00f3n sea real. Visita nuestro medio informativo publicado desde Hermosillo, Sonora. %","robots":{"index":"index","follow":"follow","max-snippet":"max-snippet:-1","max-image-preview":"max-image-preview:large","max-video-preview":"max-video-preview:-1"},"canonical":"https:\/\/www.sonoraenequipo.com.mx\/el-organo-de-administracion-judicial-establece-nuevas-reglas-para-sancionar-faltas-administrativas-en-el-pj\/","og_locale":"es_ES","og_type":"article","og_title":"Sonora en Equipo. El \u00d3rgano de Administraci\u00f3n Judicial establece nuevas reglas para sancionar faltas administrativas en el PJ Rep\u00fablica","og_description":"CIUDAD DE M\u00c9XICO. MX. \u2014\u00a0 El \u00d3rgano de Administraci\u00f3n Judicial (OAJ) emiti\u00f3 un nuevo acuerdo que establece las bases y el procedimiento en materia de En Sonora en Equipo publicamos toda la informaci\u00f3n de Sonora, M\u00e9xico y el Mundo de manera oportuna y busca que la libertad de expresi\u00f3n sea real. Visita nuestro medio informativo publicado desde Hermosillo, Sonora. %","og_url":"https:\/\/www.sonoraenequipo.com.mx\/el-organo-de-administracion-judicial-establece-nuevas-reglas-para-sancionar-faltas-administrativas-en-el-pj\/","og_site_name":"Sonora en Equipo.","article_publisher":"https:\/\/www.facebook.com\/SonoraEE\/","article_author":"https:\/\/www.facebook.com\/SonoraEE","article_published_time":"2026-09-03T04:32:52+00:00","article_modified_time":"2026-09-03T18:53:27+00:00","og_image":[{"width":1000,"height":523,"url":"https:\/\/www.sonoraenequipo.com.mx\/storage\/2026\/09\/poder-judical-de-la-federacion-.-CJF-1.jpg","type":"image\/jpeg"}],"author":"enequipo","twitter_card":"summary_large_image","twitter_creator":"@sonoraenequipo","twitter_site":"@sonoraenequipo","twitter_misc":{"Escrito por":"enequipo","Tiempo de lectura":"2 minutos"},"schema":{"@context":"https:\/\/schema.org","@graph":[{"@type":"Article","@id":"https:\/\/www.sonoraenequipo.com.mx\/el-organo-de-administracion-judicial-establece-nuevas-reglas-para-sancionar-faltas-administrativas-en-el-pj\/#article","isPartOf":{"@id":"https:\/\/www.sonoraenequipo.com.mx\/el-organo-de-administracion-judicial-establece-nuevas-reglas-para-sancionar-faltas-administrativas-en-el-pj\/"},"author":{"name":"enequipo","@id":"https:\/\/www.sonoraenequipo.com.mx\/#\/schema\/person\/50102df0fb23a8fa9e8effad8fa81386"},"headline":"El \u00d3rgano de Administraci\u00f3n Judicial establece nuevas reglas para sancionar faltas administrativas en el PJ","datePublished":"2026-09-03T04:32:52+00:00","dateModified":"2026-09-03T18:53:27+00:00","mainEntityOfPage":{"@id":"https:\/\/www.sonoraenequipo.com.mx\/el-organo-de-administracion-judicial-establece-nuevas-reglas-para-sancionar-faltas-administrativas-en-el-pj\/"},"wordCount":330,"commentCount":0,"publisher":{"@id":"https:\/\/www.sonoraenequipo.com.mx\/#organization"},"image":{"@id":"https:\/\/www.sonoraenequipo.com.mx\/el-organo-de-administracion-judicial-establece-nuevas-reglas-para-sancionar-faltas-administrativas-en-el-pj\/#primaryimage"},"thumbnailUrl":"https:\/\/www.sonoraenequipo.com.mx\/storage\/2026\/09\/poder-judical-de-la-federacion-.-CJF-1.jpg","articleSection":["Rep\u00fablica"],"inLanguage":"es","potentialAction":[{"@type":"CommentAction","name":"Comment","target":["https:\/\/www.sonoraenequipo.com.mx\/el-organo-de-administracion-judicial-establece-nuevas-reglas-para-sancionar-faltas-administrativas-en-el-pj\/#respond"]}]},{"@type":"WebPage","@id":"https:\/\/www.sonoraenequipo.com.mx\/el-organo-de-administracion-judicial-establece-nuevas-reglas-para-sancionar-faltas-administrativas-en-el-pj\/","url":"https:\/\/www.sonoraenequipo.com.mx\/el-organo-de-administracion-judicial-establece-nuevas-reglas-para-sancionar-faltas-administrativas-en-el-pj\/","name":"Sonora en Equipo. El \u00d3rgano de Administraci\u00f3n Judicial establece nuevas reglas para sancionar faltas administrativas en el PJ Rep\u00fablica","isPartOf":{"@id":"https:\/\/www.sonoraenequipo.com.mx\/#website"},"primaryImageOfPage":{"@id":"https:\/\/www.sonoraenequipo.com.mx\/el-organo-de-administracion-judicial-establece-nuevas-reglas-para-sancionar-faltas-administrativas-en-el-pj\/#primaryimage"},"image":{"@id":"https:\/\/www.sonoraenequipo.com.mx\/el-organo-de-administracion-judicial-establece-nuevas-reglas-para-sancionar-faltas-administrativas-en-el-pj\/#primaryimage"},"thumbnailUrl":"https:\/\/www.sonoraenequipo.com.mx\/storage\/2026\/09\/poder-judical-de-la-federacion-.-CJF-1.jpg","datePublished":"2026-09-03T04:32:52+00:00","dateModified":"2026-09-03T18:53:27+00:00","description":"CIUDAD DE M\u00c9XICO. MX. \u2014\u00a0 El \u00d3rgano de Administraci\u00f3n Judicial (OAJ) emiti\u00f3 un nuevo acuerdo que establece las bases y el procedimiento en materia de En Sonora en Equipo publicamos toda la informaci\u00f3n de Sonora, M\u00e9xico y el Mundo de manera oportuna y busca que la libertad de expresi\u00f3n sea real. Visita nuestro medio informativo publicado desde Hermosillo, Sonora. %","breadcrumb":{"@id":"https:\/\/www.sonoraenequipo.com.mx\/el-organo-de-administracion-judicial-establece-nuevas-reglas-para-sancionar-faltas-administrativas-en-el-pj\/#breadcrumb"},"inLanguage":"es","potentialAction":[{"@type":"ReadAction","target":["https:\/\/www.sonoraenequipo.com.mx\/el-organo-de-administracion-judicial-establece-nuevas-reglas-para-sancionar-faltas-administrativas-en-el-pj\/"]}]},{"@type":"ImageObject","inLanguage":"es","@id":"https:\/\/www.sonoraenequipo.com.mx\/el-organo-de-administracion-judicial-establece-nuevas-reglas-para-sancionar-faltas-administrativas-en-el-pj\/#primaryimage","url":"https:\/\/www.sonoraenequipo.com.mx\/storage\/2026\/09\/poder-judical-de-la-federacion-.-CJF-1.jpg","contentUrl":"https:\/\/www.sonoraenequipo.com.mx\/storage\/2026\/09\/poder-judical-de-la-federacion-.-CJF-1.jpg","width":1000,"height":523},{"@type":"BreadcrumbList","@id":"https:\/\/www.sonoraenequipo.com.mx\/el-organo-de-administracion-judicial-establece-nuevas-reglas-para-sancionar-faltas-administrativas-en-el-pj\/#breadcrumb","itemListElement":[{"@type":"ListItem","position":1,"name":"Portada","item":"https:\/\/www.sonoraenequipo.com.mx\/"},{"@type":"ListItem","position":2,"name":"El \u00d3rgano de Administraci\u00f3n Judicial establece nuevas reglas para sancionar faltas administrativas en el PJ"}]},{"@type":"WebSite","@id":"https:\/\/www.sonoraenequipo.com.mx\/#website","url":"https:\/\/www.sonoraenequipo.com.mx\/","name":"Sonora en Equipo.","description":"Diario en l\u00ednea con Noticias desde Hermosillo, Sonora","publisher":{"@id":"https:\/\/www.sonoraenequipo.com.mx\/#organization"},"potentialAction":[{"@type":"SearchAction","target":{"@type":"EntryPoint","urlTemplate":"https:\/\/www.sonoraenequipo.com.mx\/?s={search_term_string}"},"query-input":{"@type":"PropertyValueSpecification","valueRequired":true,"valueName":"search_term_string"}}],"inLanguage":"es"},{"@type":"Organization","@id":"https:\/\/www.sonoraenequipo.com.mx\/#organization","name":"Sonoraenequipo.com.mx","url":"https:\/\/www.sonoraenequipo.com.mx\/","logo":{"@type":"ImageObject","inLanguage":"es","@id":"https:\/\/www.sonoraenequipo.com.mx\/#\/schema\/logo\/image\/","url":"https:\/\/www.sonoraenequipo.com.mx\/storage\/2019\/01\/sonoraenequipo_opt.png","contentUrl":"https:\/\/www.sonoraenequipo.com.mx\/storage\/2019\/01\/sonoraenequipo_opt.png","width":375,"height":125,"caption":"Sonoraenequipo.com.mx"},"image":{"@id":"https:\/\/www.sonoraenequipo.com.mx\/#\/schema\/logo\/image\/"},"sameAs":["https:\/\/www.facebook.com\/SonoraEE\/","https:\/\/x.com\/sonoraenequipo","https:\/\/www.youtube.com\/channel\/UC338nW-lPEYmJQs4ZABQ1SQ"]},{"@type":"Person","@id":"https:\/\/www.sonoraenequipo.com.mx\/#\/schema\/person\/50102df0fb23a8fa9e8effad8fa81386","name":"enequipo","image":{"@type":"ImageObject","inLanguage":"es","@id":"https:\/\/www.sonoraenequipo.com.mx\/#\/schema\/person\/image\/","url":"https:\/\/secure.gravatar.com\/avatar\/049821681b589dabc0bc20695993ccebb09f5b5d4d790cd9251b97faac7c652b?s=96&d=blank&r=g","contentUrl":"https:\/\/secure.gravatar.com\/avatar\/049821681b589dabc0bc20695993ccebb09f5b5d4d790cd9251b97faac7c652b?s=96&d=blank&r=g","caption":"enequipo"},"sameAs":["https:\/\/www.facebook.com\/SonoraEE"]}]}},"jetpack_featured_media_url":"https:\/\/www.sonoraenequipo.com.mx\/storage\/2026\/09\/poder-judical-de-la-federacion-.-CJF-1.jpg","_links":{"self":[{"href":"https:\/\/www.sonoraenequipo.com.mx\/api\/wp\/v2\/posts\/251431","targetHints":{"allow":["GET"]}}],"collection":[{"href":"https:\/\/www.sonoraenequipo.com.mx\/api\/wp\/v2\/posts"}],"about":[{"href":"https:\/\/www.sonoraenequipo.com.mx\/api\/wp\/v2\/types\/post"}],"author":[{"embeddable":true,"href":"https:\/\/www.sonoraenequipo.com.mx\/api\/wp\/v2\/users\/1"}],"replies":[{"embeddable":true,"href":"https:\/\/www.sonoraenequipo.com.mx\/api\/wp\/v2\/comments?post=251431"}],"version-history":[{"count":1,"href":"https:\/\/www.sonoraenequipo.com.mx\/api\/wp\/v2\/posts\/251431\/revisions"}],"predecessor-version":[{"id":251434,"href":"https:\/\/www.sonoraenequipo.com.mx\/api\/wp\/v2\/posts\/251431\/revisions\/251434"}],"wp:featuredmedia":[{"embeddable":true,"href":"https:\/\/www.sonoraenequipo.com.mx\/api\/wp\/v2\/media\/251417"}],"wp:attachment":[{"href":"https:\/\/www.sonoraenequipo.com.mx\/api\/wp\/v2\/media?parent=251431"}],"wp:term":[{"taxonomy":"category","embeddable":true,"href":"https:\/\/www.sonoraenequipo.com.mx\/api\/wp\/v2\/categories?post=251431"},{"taxonomy":"post_tag","embeddable":true,"href":"https:\/\/www.sonoraenequipo.com.mx\/api\/wp\/v2\/tags?post=251431"}],"curies":[{"name":"wp","href":"https:\/\/api.w.org\/{rel}","templated":true}]}}