{"id":251439,"date":"2026-09-03T13:43:46","date_gmt":"2026-09-03T20:43:46","guid":{"rendered":"https:\/\/www.sonoraenequipo.com.mx\/?p=251439"},"modified":"2026-09-03T13:43:46","modified_gmt":"2026-09-03T20:43:46","slug":"ine-solicita-mayor-transparencia-a-morena-sobre-gastos-y-viaticos-de-ex-dirigente","status":"publish","type":"post","link":"https:\/\/www.sonoraenequipo.com.mx\/ine-solicita-mayor-transparencia-a-morena-sobre-gastos-y-viaticos-de-ex-dirigente\/","title":{"rendered":"\u00a0INE solicita mayor transparencia a Morena sobre gastos y vi\u00e1ticos de ex dirigente"},"content":{"rendered":"<p><strong>CIUDAD DE M\u00c9XICO, MX. \u2014<\/strong> La Comisi\u00f3n Temporal de Transparencia, Acceso a la Informaci\u00f3n y Protecci\u00f3n de Datos Personales (CTTAIPDP), del Instituto Nacional Electoral (INE), resolvi\u00f3 tres recursos de revisi\u00f3n relacionados con obligaciones de los partidos pol\u00edticos Morena y Movimiento Ciudadano, en los que revoc\u00f3 las respuestas del primero y sobresey\u00f3 el caso contra el segundo.<\/p>\n<p>&nbsp;<\/p>\n<p>&nbsp;<\/p>\n<p>&nbsp;<\/p>\n<p>Durante el an\u00e1lisis y aprobaci\u00f3n de los tres Proyectos de Resoluci\u00f3n, se inform\u00f3 de la interposici\u00f3n de un recurso de revisi\u00f3n promovido contra Morena, derivado de que dicho partido entreg\u00f3 contratos de honorarios en lugar de los Comprobantes Fiscales Digitales por Internet (CFDI) correspondientes a los pagos realizados a tres personas integrantes de su dirigencia nacional.<\/p>\n<p>&nbsp;<\/p>\n<p>&nbsp;<\/p>\n<p>&nbsp;<\/p>\n<p>Conformada por las consejeras Norma De La Cruz Maga\u00f1a, Blanca Cruz Garc\u00eda y Rita Bell L\u00f3pez Vences, y por los consejeros Arturo Castillo Loza \u2014como presidente\u2014 y Mart\u00edn Faz Mora, la CTTAIPDP revoc\u00f3 la respuesta, instruyendo a Morena a realizar una b\u00fasqueda exhaustiva y razonable de los comprobantes fiscales digitales solicitados y emitir un nuevo pronunciamiento expreso, congruente, fundado y motivado.<\/p>\n<p>&nbsp;<\/p>\n<p>&nbsp;<\/p>\n<p>&nbsp;<\/p>\n<p>Respecto del Proyecto de Resoluci\u00f3n contra Movimiento Ciudadano, se se\u00f1al\u00f3 que con la solicitud se ped\u00eda una postura y acciones del partido sobre una regidora presuntamente vinculada con actividades il\u00edcitas. El sujeto obligado declar\u00f3 la inexistencia de la informaci\u00f3n, lo que motiv\u00f3 el recurso de revisi\u00f3n por omisi\u00f3n de respuesta, al considerarse la evasi\u00f3n del planteamiento.<\/p>\n<p>&nbsp;<\/p>\n<p>&nbsp;<\/p>\n<p>&nbsp;<\/p>\n<p>Sin embargo, la Comisi\u00f3n orden\u00f3 sobreseer el recurso, al determinarse que los planteamientos formulados constituyen consultas dirigidas a obtener explicaciones, valoraciones o posicionamientos de Movimiento Ciudadano, y no as\u00ed informaci\u00f3n documentada generada o en posesi\u00f3n del sujeto obligado.<\/p>\n<p>&nbsp;<\/p>\n<p>&nbsp;<\/p>\n<p>&nbsp;<\/p>\n<p>En el tercer Proyecto de Resoluci\u00f3n se indic\u00f3 que la persona recurrente solicit\u00f3 gastos de representaci\u00f3n y comprobantes de vi\u00e1ticos de un ex dirigente nacional de Morena en periodos espec\u00edficos de 2024, 2025 y 2026, a lo que el sujeto obligado remiti\u00f3 a la Plataforma Nacional de Transparencia, en donde la informaci\u00f3n disponible no correspond\u00eda a los lapsos requeridos, lo que gener\u00f3 inconformidad por falta de exhaustividad.<\/p>\n<p>Si bien el INE no menciona que exdirigente se trata la persona investigada\u00a0 por la protecci\u00f3n de Datos Personales., medios refieren que se trata de gastos ejercidos por Andr\u00e9s Manuel L\u00f3pez Beltr\u00e1n durante su encargo como secretario de organizaci\u00f3n de ese partido por el orden de 27 millones de pesos.<\/p>\n<p>Toda vez que la informaci\u00f3n requerida coincide con el periodo de L\u00f3pez Beltr\u00e1n en el cargo del 22 de septiembre de 2024 al 25 de mayo de 2026.<\/p>\n<p>Por lo tanto, la CTTAIPDP revoc\u00f3 la respuesta, al considerar que no se atendieron los principios de congruencia y exhaustividad; por lo que se instruy\u00f3 al sujeto obligado a realizar una b\u00fasqueda exhaustiva y razonable y emitir un nuevo pronunciamiento expreso, fundado y motivado, subrayando que la respuesta debe abarcar todos los periodos solicitados para garantizar acceso pleno.<\/p>\n<p>&nbsp;<\/p>\n<p>&nbsp;<\/p>\n<p>Durante esta sesi\u00f3n, la Comisi\u00f3n aval\u00f3 10 minutas y dos actas, todas de sesiones privadas efectuadas entre febrero y agosto pasados. Las primeras se llevaron a cabo mientras la Secretar\u00eda T\u00e9cnica estuvo a cargo de la Unidad T\u00e9cnica de lo Contencioso Electoral, y las segundas ya con la responsabilidad de la Unidad T\u00e9cnica de Transparencia y Protecci\u00f3n de Datos Personales.<\/p>\n<p><strong>Fecha de publicaci\u00f3n jueves 3 de septiembre de 2026<\/strong><\/p>\n<p>&nbsp;<\/p>\n","protected":false},"excerpt":{"rendered":"<p>CIUDAD DE M\u00c9XICO, MX. \u2014 La Comisi\u00f3n Temporal de Transparencia, Acceso a la Informaci\u00f3n y&#8230;<\/p>\n","protected":false},"author":1,"featured_media":247085,"comment_status":"open","ping_status":"open","sticky":false,"template":"","format":"standard","meta":{"_monsterinsights_skip_tracking":false,"_monsterinsights_sitenote_active":false,"_monsterinsights_sitenote_note":"","_monsterinsights_sitenote_category":0,"footnotes":""},"categories":[5],"tags":[1247,108,348],"class_list":["post"],"yoast_head":" \n<title>Sonora en Equipo. \u00a0INE solicita mayor transparencia a Morena sobre gastos y vi\u00e1ticos de ex dirigente Rep\u00fablica<\/title>\n<meta name=\"description\" content=\"CIUDAD DE M\u00c9XICO, MX. \u2014 La Comisi\u00f3n Temporal de Transparencia, Acceso a la Informaci\u00f3n y Protecci\u00f3n de Datos Personales (CTTAIPDP), del Instituto Nacional En Sonora en Equipo publicamos toda la informaci\u00f3n de Sonora, M\u00e9xico y el Mundo de manera oportuna y busca que la libertad de expresi\u00f3n sea real. Visita nuestro medio informativo publicado desde Hermosillo, Sonora. %\" \/>\n<meta name=\"robots\" content=\"index, follow, max-snippet:-1, max-image-preview:large, max-video-preview:-1\" \/>\n<link rel=\"canonical\" href=\"https:\/\/www.sonoraenequipo.com.mx\/ine-solicita-mayor-transparencia-a-morena-sobre-gastos-y-viaticos-de-ex-dirigente\/\" \/>\n<meta property=\"og:locale\" content=\"es_ES\" \/>\n<meta property=\"og:type\" content=\"article\" \/>\n<meta property=\"og:title\" content=\"Sonora en Equipo. \u00a0INE solicita mayor transparencia a Morena sobre gastos y vi\u00e1ticos de ex dirigente Rep\u00fablica\" \/>\n<meta property=\"og:description\" content=\"CIUDAD DE M\u00c9XICO, MX. \u2014 La Comisi\u00f3n Temporal de Transparencia, Acceso a la Informaci\u00f3n y Protecci\u00f3n de Datos Personales (CTTAIPDP), del Instituto Nacional En Sonora en Equipo publicamos toda la informaci\u00f3n de Sonora, M\u00e9xico y el Mundo de manera oportuna y busca que la libertad de expresi\u00f3n sea real. Visita nuestro medio informativo publicado desde Hermosillo, Sonora. %\" \/>\n<meta property=\"og:url\" content=\"https:\/\/www.sonoraenequipo.com.mx\/ine-solicita-mayor-transparencia-a-morena-sobre-gastos-y-viaticos-de-ex-dirigente\/\" \/>\n<meta property=\"og:site_name\" content=\"Sonora en Equipo.\" \/>\n<meta property=\"article:publisher\" content=\"https:\/\/www.facebook.com\/SonoraEE\/\" \/>\n<meta property=\"article:author\" content=\"https:\/\/www.facebook.com\/SonoraEE\" \/>\n<meta property=\"article:published_time\" content=\"2026-09-03T20:43:46+00:00\" \/>\n<meta property=\"og:image\" content=\"https:\/\/www.sonoraenequipo.com.mx\/storage\/2026\/07\/ine-sesion-cg.jpg\" \/>\n\t<meta property=\"og:image:width\" content=\"600\" \/>\n\t<meta property=\"og:image:height\" content=\"400\" \/>\n\t<meta property=\"og:image:type\" content=\"image\/jpeg\" \/>\n<meta name=\"author\" content=\"enequipo\" \/>\n<meta name=\"twitter:card\" content=\"summary_large_image\" \/>\n<meta name=\"twitter:creator\" content=\"@sonoraenequipo\" \/>\n<meta name=\"twitter:site\" content=\"@sonoraenequipo\" \/>\n<meta name=\"twitter:label1\" content=\"Escrito por\" \/>\n\t<meta name=\"twitter:data1\" content=\"enequipo\" \/>\n\t<meta name=\"twitter:label2\" content=\"Tiempo de lectura\" \/>\n\t<meta name=\"twitter:data2\" content=\"3 minutos\" \/>\n<script type=\"application\/ld+json\" class=\"yoast-schema-graph\">{\"@context\":\"https:\/\/schema.org\",\"@graph\":[{\"@type\":\"Article\",\"@id\":\"https:\/\/www.sonoraenequipo.com.mx\/ine-solicita-mayor-transparencia-a-morena-sobre-gastos-y-viaticos-de-ex-dirigente\/#article\",\"isPartOf\":{\"@id\":\"https:\/\/www.sonoraenequipo.com.mx\/ine-solicita-mayor-transparencia-a-morena-sobre-gastos-y-viaticos-de-ex-dirigente\/\"},\"author\":{\"name\":\"enequipo\",\"@id\":\"https:\/\/www.sonoraenequipo.com.mx\/#\/schema\/person\/50102df0fb23a8fa9e8effad8fa81386\"},\"headline\":\"\u00a0INE solicita mayor transparencia a Morena sobre gastos y vi\u00e1ticos de ex dirigente\",\"datePublished\":\"2026-09-03T20:43:46+00:00\",\"mainEntityOfPage\":{\"@id\":\"https:\/\/www.sonoraenequipo.com.mx\/ine-solicita-mayor-transparencia-a-morena-sobre-gastos-y-viaticos-de-ex-dirigente\/\"},\"wordCount\":609,\"commentCount\":0,\"publisher\":{\"@id\":\"https:\/\/www.sonoraenequipo.com.mx\/#organization\"},\"image\":{\"@id\":\"https:\/\/www.sonoraenequipo.com.mx\/ine-solicita-mayor-transparencia-a-morena-sobre-gastos-y-viaticos-de-ex-dirigente\/#primaryimage\"},\"thumbnailUrl\":\"https:\/\/www.sonoraenequipo.com.mx\/storage\/2026\/07\/ine-sesion-cg.jpg\",\"keywords\":[\"INE\",\"morena\",\"transparencia\"],\"articleSection\":[\"Rep\u00fablica\"],\"inLanguage\":\"es\",\"potentialAction\":[{\"@type\":\"CommentAction\",\"name\":\"Comment\",\"target\":[\"https:\/\/www.sonoraenequipo.com.mx\/ine-solicita-mayor-transparencia-a-morena-sobre-gastos-y-viaticos-de-ex-dirigente\/#respond\"]}]},{\"@type\":\"WebPage\",\"@id\":\"https:\/\/www.sonoraenequipo.com.mx\/ine-solicita-mayor-transparencia-a-morena-sobre-gastos-y-viaticos-de-ex-dirigente\/\",\"url\":\"https:\/\/www.sonoraenequipo.com.mx\/ine-solicita-mayor-transparencia-a-morena-sobre-gastos-y-viaticos-de-ex-dirigente\/\",\"name\":\"Sonora en Equipo. \u00a0INE solicita mayor transparencia a Morena sobre gastos y vi\u00e1ticos de ex dirigente Rep\u00fablica\",\"isPartOf\":{\"@id\":\"https:\/\/www.sonoraenequipo.com.mx\/#website\"},\"primaryImageOfPage\":{\"@id\":\"https:\/\/www.sonoraenequipo.com.mx\/ine-solicita-mayor-transparencia-a-morena-sobre-gastos-y-viaticos-de-ex-dirigente\/#primaryimage\"},\"image\":{\"@id\":\"https:\/\/www.sonoraenequipo.com.mx\/ine-solicita-mayor-transparencia-a-morena-sobre-gastos-y-viaticos-de-ex-dirigente\/#primaryimage\"},\"thumbnailUrl\":\"https:\/\/www.sonoraenequipo.com.mx\/storage\/2026\/07\/ine-sesion-cg.jpg\",\"datePublished\":\"2026-09-03T20:43:46+00:00\",\"description\":\"CIUDAD DE M\u00c9XICO, MX. \u2014 La Comisi\u00f3n Temporal de Transparencia, Acceso a la Informaci\u00f3n y Protecci\u00f3n de Datos Personales (CTTAIPDP), del Instituto Nacional En Sonora en Equipo publicamos toda la informaci\u00f3n de Sonora, M\u00e9xico y el Mundo de manera oportuna y busca que la libertad de expresi\u00f3n sea real. Visita nuestro medio informativo publicado desde Hermosillo, Sonora. %\",\"breadcrumb\":{\"@id\":\"https:\/\/www.sonoraenequipo.com.mx\/ine-solicita-mayor-transparencia-a-morena-sobre-gastos-y-viaticos-de-ex-dirigente\/#breadcrumb\"},\"inLanguage\":\"es\",\"potentialAction\":[{\"@type\":\"ReadAction\",\"target\":[\"https:\/\/www.sonoraenequipo.com.mx\/ine-solicita-mayor-transparencia-a-morena-sobre-gastos-y-viaticos-de-ex-dirigente\/\"]}]},{\"@type\":\"ImageObject\",\"inLanguage\":\"es\",\"@id\":\"https:\/\/www.sonoraenequipo.com.mx\/ine-solicita-mayor-transparencia-a-morena-sobre-gastos-y-viaticos-de-ex-dirigente\/#primaryimage\",\"url\":\"https:\/\/www.sonoraenequipo.com.mx\/storage\/2026\/07\/ine-sesion-cg.jpg\",\"contentUrl\":\"https:\/\/www.sonoraenequipo.com.mx\/storage\/2026\/07\/ine-sesion-cg.jpg\",\"width\":600,\"height\":400},{\"@type\":\"BreadcrumbList\",\"@id\":\"https:\/\/www.sonoraenequipo.com.mx\/ine-solicita-mayor-transparencia-a-morena-sobre-gastos-y-viaticos-de-ex-dirigente\/#breadcrumb\",\"itemListElement\":[{\"@type\":\"ListItem\",\"position\":1,\"name\":\"Portada\",\"item\":\"https:\/\/www.sonoraenequipo.com.mx\/\"},{\"@type\":\"ListItem\",\"position\":2,\"name\":\"\u00a0INE solicita mayor transparencia a Morena sobre gastos y vi\u00e1ticos de ex dirigente\"}]},{\"@type\":\"WebSite\",\"@id\":\"https:\/\/www.sonoraenequipo.com.mx\/#website\",\"url\":\"https:\/\/www.sonoraenequipo.com.mx\/\",\"name\":\"Sonora en Equipo.\",\"description\":\"Diario en l\u00ednea con Noticias desde Hermosillo, Sonora\",\"publisher\":{\"@id\":\"https:\/\/www.sonoraenequipo.com.mx\/#organization\"},\"potentialAction\":[{\"@type\":\"SearchAction\",\"target\":{\"@type\":\"EntryPoint\",\"urlTemplate\":\"https:\/\/www.sonoraenequipo.com.mx\/?s={search_term_string}\"},\"query-input\":{\"@type\":\"PropertyValueSpecification\",\"valueRequired\":true,\"valueName\":\"search_term_string\"}}],\"inLanguage\":\"es\"},{\"@type\":\"Organization\",\"@id\":\"https:\/\/www.sonoraenequipo.com.mx\/#organization\",\"name\":\"Sonoraenequipo.com.mx\",\"url\":\"https:\/\/www.sonoraenequipo.com.mx\/\",\"logo\":{\"@type\":\"ImageObject\",\"inLanguage\":\"es\",\"@id\":\"https:\/\/www.sonoraenequipo.com.mx\/#\/schema\/logo\/image\/\",\"url\":\"https:\/\/www.sonoraenequipo.com.mx\/storage\/2019\/01\/sonoraenequipo_opt.png\",\"contentUrl\":\"https:\/\/www.sonoraenequipo.com.mx\/storage\/2019\/01\/sonoraenequipo_opt.png\",\"width\":375,\"height\":125,\"caption\":\"Sonoraenequipo.com.mx\"},\"image\":{\"@id\":\"https:\/\/www.sonoraenequipo.com.mx\/#\/schema\/logo\/image\/\"},\"sameAs\":[\"https:\/\/www.facebook.com\/SonoraEE\/\",\"https:\/\/x.com\/sonoraenequipo\",\"https:\/\/www.youtube.com\/channel\/UC338nW-lPEYmJQs4ZABQ1SQ\"]},{\"@type\":\"Person\",\"@id\":\"https:\/\/www.sonoraenequipo.com.mx\/#\/schema\/person\/50102df0fb23a8fa9e8effad8fa81386\",\"name\":\"enequipo\",\"image\":{\"@type\":\"ImageObject\",\"inLanguage\":\"es\",\"@id\":\"https:\/\/www.sonoraenequipo.com.mx\/#\/schema\/person\/image\/\",\"url\":\"https:\/\/secure.gravatar.com\/avatar\/049821681b589dabc0bc20695993ccebb09f5b5d4d790cd9251b97faac7c652b?s=96&d=blank&r=g\",\"contentUrl\":\"https:\/\/secure.gravatar.com\/avatar\/049821681b589dabc0bc20695993ccebb09f5b5d4d790cd9251b97faac7c652b?s=96&d=blank&r=g\",\"caption\":\"enequipo\"},\"sameAs\":[\"https:\/\/www.facebook.com\/SonoraEE\"]}]}<\/script>\n ","yoast_head_json":{"title":"Sonora en Equipo. \u00a0INE solicita mayor transparencia a Morena sobre gastos y vi\u00e1ticos de ex dirigente Rep\u00fablica","description":"CIUDAD DE M\u00c9XICO, MX. \u2014 La Comisi\u00f3n Temporal de Transparencia, Acceso a la Informaci\u00f3n y Protecci\u00f3n de Datos Personales (CTTAIPDP), del Instituto Nacional En Sonora en Equipo publicamos toda la informaci\u00f3n de Sonora, M\u00e9xico y el Mundo de manera oportuna y busca que la libertad de expresi\u00f3n sea real. Visita nuestro medio informativo publicado desde Hermosillo, Sonora. %","robots":{"index":"index","follow":"follow","max-snippet":"max-snippet:-1","max-image-preview":"max-image-preview:large","max-video-preview":"max-video-preview:-1"},"canonical":"https:\/\/www.sonoraenequipo.com.mx\/ine-solicita-mayor-transparencia-a-morena-sobre-gastos-y-viaticos-de-ex-dirigente\/","og_locale":"es_ES","og_type":"article","og_title":"Sonora en Equipo. \u00a0INE solicita mayor transparencia a Morena sobre gastos y vi\u00e1ticos de ex dirigente Rep\u00fablica","og_description":"CIUDAD DE M\u00c9XICO, MX. \u2014 La Comisi\u00f3n Temporal de Transparencia, Acceso a la Informaci\u00f3n y Protecci\u00f3n de Datos Personales (CTTAIPDP), del Instituto Nacional En Sonora en Equipo publicamos toda la informaci\u00f3n de Sonora, M\u00e9xico y el Mundo de manera oportuna y busca que la libertad de expresi\u00f3n sea real. Visita nuestro medio informativo publicado desde Hermosillo, Sonora. %","og_url":"https:\/\/www.sonoraenequipo.com.mx\/ine-solicita-mayor-transparencia-a-morena-sobre-gastos-y-viaticos-de-ex-dirigente\/","og_site_name":"Sonora en Equipo.","article_publisher":"https:\/\/www.facebook.com\/SonoraEE\/","article_author":"https:\/\/www.facebook.com\/SonoraEE","article_published_time":"2026-09-03T20:43:46+00:00","og_image":[{"width":600,"height":400,"url":"https:\/\/www.sonoraenequipo.com.mx\/storage\/2026\/07\/ine-sesion-cg.jpg","type":"image\/jpeg"}],"author":"enequipo","twitter_card":"summary_large_image","twitter_creator":"@sonoraenequipo","twitter_site":"@sonoraenequipo","twitter_misc":{"Escrito por":"enequipo","Tiempo de lectura":"3 minutos"},"schema":{"@context":"https:\/\/schema.org","@graph":[{"@type":"Article","@id":"https:\/\/www.sonoraenequipo.com.mx\/ine-solicita-mayor-transparencia-a-morena-sobre-gastos-y-viaticos-de-ex-dirigente\/#article","isPartOf":{"@id":"https:\/\/www.sonoraenequipo.com.mx\/ine-solicita-mayor-transparencia-a-morena-sobre-gastos-y-viaticos-de-ex-dirigente\/"},"author":{"name":"enequipo","@id":"https:\/\/www.sonoraenequipo.com.mx\/#\/schema\/person\/50102df0fb23a8fa9e8effad8fa81386"},"headline":"\u00a0INE solicita mayor transparencia a Morena sobre gastos y vi\u00e1ticos de ex dirigente","datePublished":"2026-09-03T20:43:46+00:00","mainEntityOfPage":{"@id":"https:\/\/www.sonoraenequipo.com.mx\/ine-solicita-mayor-transparencia-a-morena-sobre-gastos-y-viaticos-de-ex-dirigente\/"},"wordCount":609,"commentCount":0,"publisher":{"@id":"https:\/\/www.sonoraenequipo.com.mx\/#organization"},"image":{"@id":"https:\/\/www.sonoraenequipo.com.mx\/ine-solicita-mayor-transparencia-a-morena-sobre-gastos-y-viaticos-de-ex-dirigente\/#primaryimage"},"thumbnailUrl":"https:\/\/www.sonoraenequipo.com.mx\/storage\/2026\/07\/ine-sesion-cg.jpg","keywords":["INE","morena","transparencia"],"articleSection":["Rep\u00fablica"],"inLanguage":"es","potentialAction":[{"@type":"CommentAction","name":"Comment","target":["https:\/\/www.sonoraenequipo.com.mx\/ine-solicita-mayor-transparencia-a-morena-sobre-gastos-y-viaticos-de-ex-dirigente\/#respond"]}]},{"@type":"WebPage","@id":"https:\/\/www.sonoraenequipo.com.mx\/ine-solicita-mayor-transparencia-a-morena-sobre-gastos-y-viaticos-de-ex-dirigente\/","url":"https:\/\/www.sonoraenequipo.com.mx\/ine-solicita-mayor-transparencia-a-morena-sobre-gastos-y-viaticos-de-ex-dirigente\/","name":"Sonora en Equipo. \u00a0INE solicita mayor transparencia a Morena sobre gastos y vi\u00e1ticos de ex dirigente Rep\u00fablica","isPartOf":{"@id":"https:\/\/www.sonoraenequipo.com.mx\/#website"},"primaryImageOfPage":{"@id":"https:\/\/www.sonoraenequipo.com.mx\/ine-solicita-mayor-transparencia-a-morena-sobre-gastos-y-viaticos-de-ex-dirigente\/#primaryimage"},"image":{"@id":"https:\/\/www.sonoraenequipo.com.mx\/ine-solicita-mayor-transparencia-a-morena-sobre-gastos-y-viaticos-de-ex-dirigente\/#primaryimage"},"thumbnailUrl":"https:\/\/www.sonoraenequipo.com.mx\/storage\/2026\/07\/ine-sesion-cg.jpg","datePublished":"2026-09-03T20:43:46+00:00","description":"CIUDAD DE M\u00c9XICO, MX. \u2014 La Comisi\u00f3n Temporal de Transparencia, Acceso a la Informaci\u00f3n y Protecci\u00f3n de Datos Personales (CTTAIPDP), del Instituto Nacional En Sonora en Equipo publicamos toda la informaci\u00f3n de Sonora, M\u00e9xico y el Mundo de manera oportuna y busca que la libertad de expresi\u00f3n sea real. Visita nuestro medio informativo publicado desde Hermosillo, Sonora. %","breadcrumb":{"@id":"https:\/\/www.sonoraenequipo.com.mx\/ine-solicita-mayor-transparencia-a-morena-sobre-gastos-y-viaticos-de-ex-dirigente\/#breadcrumb"},"inLanguage":"es","potentialAction":[{"@type":"ReadAction","target":["https:\/\/www.sonoraenequipo.com.mx\/ine-solicita-mayor-transparencia-a-morena-sobre-gastos-y-viaticos-de-ex-dirigente\/"]}]},{"@type":"ImageObject","inLanguage":"es","@id":"https:\/\/www.sonoraenequipo.com.mx\/ine-solicita-mayor-transparencia-a-morena-sobre-gastos-y-viaticos-de-ex-dirigente\/#primaryimage","url":"https:\/\/www.sonoraenequipo.com.mx\/storage\/2026\/07\/ine-sesion-cg.jpg","contentUrl":"https:\/\/www.sonoraenequipo.com.mx\/storage\/2026\/07\/ine-sesion-cg.jpg","width":600,"height":400},{"@type":"BreadcrumbList","@id":"https:\/\/www.sonoraenequipo.com.mx\/ine-solicita-mayor-transparencia-a-morena-sobre-gastos-y-viaticos-de-ex-dirigente\/#breadcrumb","itemListElement":[{"@type":"ListItem","position":1,"name":"Portada","item":"https:\/\/www.sonoraenequipo.com.mx\/"},{"@type":"ListItem","position":2,"name":"\u00a0INE solicita mayor transparencia a Morena sobre gastos y vi\u00e1ticos de ex dirigente"}]},{"@type":"WebSite","@id":"https:\/\/www.sonoraenequipo.com.mx\/#website","url":"https:\/\/www.sonoraenequipo.com.mx\/","name":"Sonora en Equipo.","description":"Diario en l\u00ednea con Noticias desde Hermosillo, Sonora","publisher":{"@id":"https:\/\/www.sonoraenequipo.com.mx\/#organization"},"potentialAction":[{"@type":"SearchAction","target":{"@type":"EntryPoint","urlTemplate":"https:\/\/www.sonoraenequipo.com.mx\/?s={search_term_string}"},"query-input":{"@type":"PropertyValueSpecification","valueRequired":true,"valueName":"search_term_string"}}],"inLanguage":"es"},{"@type":"Organization","@id":"https:\/\/www.sonoraenequipo.com.mx\/#organization","name":"Sonoraenequipo.com.mx","url":"https:\/\/www.sonoraenequipo.com.mx\/","logo":{"@type":"ImageObject","inLanguage":"es","@id":"https:\/\/www.sonoraenequipo.com.mx\/#\/schema\/logo\/image\/","url":"https:\/\/www.sonoraenequipo.com.mx\/storage\/2019\/01\/sonoraenequipo_opt.png","contentUrl":"https:\/\/www.sonoraenequipo.com.mx\/storage\/2019\/01\/sonoraenequipo_opt.png","width":375,"height":125,"caption":"Sonoraenequipo.com.mx"},"image":{"@id":"https:\/\/www.sonoraenequipo.com.mx\/#\/schema\/logo\/image\/"},"sameAs":["https:\/\/www.facebook.com\/SonoraEE\/","https:\/\/x.com\/sonoraenequipo","https:\/\/www.youtube.com\/channel\/UC338nW-lPEYmJQs4ZABQ1SQ"]},{"@type":"Person","@id":"https:\/\/www.sonoraenequipo.com.mx\/#\/schema\/person\/50102df0fb23a8fa9e8effad8fa81386","name":"enequipo","image":{"@type":"ImageObject","inLanguage":"es","@id":"https:\/\/www.sonoraenequipo.com.mx\/#\/schema\/person\/image\/","url":"https:\/\/secure.gravatar.com\/avatar\/049821681b589dabc0bc20695993ccebb09f5b5d4d790cd9251b97faac7c652b?s=96&d=blank&r=g","contentUrl":"https:\/\/secure.gravatar.com\/avatar\/049821681b589dabc0bc20695993ccebb09f5b5d4d790cd9251b97faac7c652b?s=96&d=blank&r=g","caption":"enequipo"},"sameAs":["https:\/\/www.facebook.com\/SonoraEE"]}]}},"jetpack_featured_media_url":"https:\/\/www.sonoraenequipo.com.mx\/storage\/2026\/07\/ine-sesion-cg.jpg","_links":{"self":[{"href":"https:\/\/www.sonoraenequipo.com.mx\/api\/wp\/v2\/posts\/251439","targetHints":{"allow":["GET"]}}],"collection":[{"href":"https:\/\/www.sonoraenequipo.com.mx\/api\/wp\/v2\/posts"}],"about":[{"href":"https:\/\/www.sonoraenequipo.com.mx\/api\/wp\/v2\/types\/post"}],"author":[{"embeddable":true,"href":"https:\/\/www.sonoraenequipo.com.mx\/api\/wp\/v2\/users\/1"}],"replies":[{"embeddable":true,"href":"https:\/\/www.sonoraenequipo.com.mx\/api\/wp\/v2\/comments?post=251439"}],"version-history":[{"count":1,"href":"https:\/\/www.sonoraenequipo.com.mx\/api\/wp\/v2\/posts\/251439\/revisions"}],"predecessor-version":[{"id":251440,"href":"https:\/\/www.sonoraenequipo.com.mx\/api\/wp\/v2\/posts\/251439\/revisions\/251440"}],"wp:featuredmedia":[{"embeddable":true,"href":"https:\/\/www.sonoraenequipo.com.mx\/api\/wp\/v2\/media\/247085"}],"wp:attachment":[{"href":"https:\/\/www.sonoraenequipo.com.mx\/api\/wp\/v2\/media?parent=251439"}],"wp:term":[{"taxonomy":"category","embeddable":true,"href":"https:\/\/www.sonoraenequipo.com.mx\/api\/wp\/v2\/categories?post=251439"},{"taxonomy":"post_tag","embeddable":true,"href":"https:\/\/www.sonoraenequipo.com.mx\/api\/wp\/v2\/tags?post=251439"}],"curies":[{"name":"wp","href":"https:\/\/api.w.org\/{rel}","templated":true}]}}