{"id":251441,"date":"2026-09-03T14:06:22","date_gmt":"2026-09-03T21:06:22","guid":{"rendered":"https:\/\/www.sonoraenequipo.com.mx\/?p=251441"},"modified":"2026-09-03T14:06:22","modified_gmt":"2026-09-03T21:06:22","slug":"economia-informal-represento-casi-mx6-mil-millones-en-1t-de-2026-a-tasa-anual","status":"publish","type":"post","link":"https:\/\/www.sonoraenequipo.com.mx\/economia-informal-represento-casi-mx6-mil-millones-en-1t-de-2026-a-tasa-anual\/","title":{"rendered":"Econom\u00eda informal represent\u00f3 \u00a0casi MX$6 mil millones \u00a0en 1T de 2026 a tasa anual"},"content":{"rendered":"<p><strong>CIUDAD DE M\u00c9XICO, MX. \u2014<\/strong> Las Mediciones de la Econom\u00eda Informal Trimestral por Entidad Federativa (MEITEF) permiten dar seguimiento al comportamiento de las actividades econ\u00f3micas informales a nivel nacional y estatal. Estas mediciones incluyen el monitoreo del Valor Agregado Bruto (VAB), desagregado en sector informal y en otras modalidades de la informalidad. Adem\u00e1s, se\u2009complementan con informaci\u00f3n sobre los puestos de trabajo y sus remuneraciones seg\u00fan sector de actividad econ\u00f3mica.<\/p>\n<p>La econom\u00eda informal de M\u00e9xico se integra por el sector informal \u2014que incluye la totalidad de actividades econ\u00f3micas que realizan las empresas sin personalidad jur\u00eddica propiedad de los hogares\u2014 y otras modalidades de la informalidad \u2014aquellas en las cuales las y los trabajadores que laboran en unidades econ\u00f3micas formales no cuentan con seguridad ni prestaciones sociales, tales como vacaciones, aguinaldo, liquidaciones por despido, entre\u2009otras\u2014.<\/p>\n<ol>\n<li>VALOR AGREGADO BRUTO<\/li>\n<\/ol>\n<p>En el primer trimestre de 2026 (1T 2026), el VAB de la econom\u00eda informal fue de 5\u2009942\u2009831 millones de\u2009pesos a precios de 2018,\u00a0 lo que signific\u00f3 un alza de 2.0\u2009% a tasa anual. Seg\u00fan entidad federativa, los mayores crecimientos se reportaron en Hidalgo (8.4\u2009%), estado de M\u00e9xico (6.2\u2009%), Nuevo Le\u00f3n (5.7\u2009%), Tamaulipas (5.4\u2009%) y Colima (4.4\u2009%). En cambio, las mayores ca\u00eddas se dieron en\u2009Campeche (10.1\u2009%), en Morelos (3.8\u2009%) y en Veracruz (2.5\u2009%).<\/p>\n<p>El VAB del sector informal aument\u00f3 3.6\u2009% a tasa anual y represent\u00f3 58.9\u2009% de la econom\u00eda informal. Seg\u00fan entidad federativa, los ascensos m\u00e1s pronunciados se evidenciaron en Hidalgo (12.4\u2009%), Colima (11.8\u2009%), estado de M\u00e9xico (9.5\u2009%), Tamaulipas (9.2\u2009%) y Nuevo Le\u00f3n (8.8\u2009%). En contraste, retrocedi\u00f3 en\u2009Campeche (15.5\u2009%), en Quintana\u2009Roo (5.8\u2009%) y en Morelos (4.9\u2009%), principalmente.<\/p>\n<p>&nbsp;<\/p>\n<p>Durante el primer trimestre de 2026, el VAB de las otras modalidades de la informalidad signific\u00f3 41.1\u2009% de la econom\u00eda informal y present\u00f3 un incremento de 0.1\u2009% a tasa anual. Seg\u00fan entidad federativa, las que reportaron los aumentos m\u00e1s significativos fueron Sonora (5.2\u2009%), Quintana Roo (4.1\u2009%), Chihuahua (3.1\u2009%) y San Luis Potos\u00ed (2.9\u2009%).<\/p>\n<p>En\u2009cambio, los estados que mostraron las ca\u00eddas m\u00e1s significativas fueron Sinaloa (5.0\u2009%), Quer\u00e9taro (3.5\u2009%) y Nayarit (3.0\u2009%).<\/p>\n<p><strong>Fecha de publicaci\u00f3n jueves 3 de septiembre de 2026<\/strong><\/p>\n<p>&nbsp;<\/p>\n","protected":false},"excerpt":{"rendered":"<p>CIUDAD DE M\u00c9XICO, MX. \u2014 Las Mediciones de la Econom\u00eda Informal Trimestral por Entidad Federativa&#8230;<\/p>\n","protected":false},"author":1,"featured_media":251442,"comment_status":"open","ping_status":"open","sticky":false,"template":"","format":"standard","meta":{"_monsterinsights_skip_tracking":false,"_monsterinsights_sitenote_active":false,"_monsterinsights_sitenote_note":"","_monsterinsights_sitenote_category":0,"footnotes":""},"categories":[6493],"tags":[],"class_list":["post"],"yoast_head":" \n<title>Sonora en Equipo. Econom\u00eda informal represent\u00f3 \u00a0casi MX$6 mil millones \u00a0en 1T de 2026 a tasa anual PALABRAS Y N\u00daMEROS<\/title>\n<meta name=\"description\" content=\"CIUDAD DE M\u00c9XICO, MX. \u2014 Las Mediciones de la Econom\u00eda Informal Trimestral por Entidad Federativa (MEITEF) permiten dar seguimiento al comportamiento de En Sonora en Equipo publicamos toda la informaci\u00f3n de Sonora, M\u00e9xico y el Mundo de manera oportuna y busca que la libertad de expresi\u00f3n sea real. Visita nuestro medio informativo publicado desde Hermosillo, Sonora. %\" \/>\n<meta name=\"robots\" content=\"index, follow, max-snippet:-1, max-image-preview:large, max-video-preview:-1\" \/>\n<link rel=\"canonical\" href=\"https:\/\/www.sonoraenequipo.com.mx\/economia-informal-represento-casi-mx6-mil-millones-en-1t-de-2026-a-tasa-anual\/\" \/>\n<meta property=\"og:locale\" content=\"es_ES\" \/>\n<meta property=\"og:type\" content=\"article\" \/>\n<meta property=\"og:title\" content=\"Sonora en Equipo. Econom\u00eda informal represent\u00f3 \u00a0casi MX$6 mil millones \u00a0en 1T de 2026 a tasa anual PALABRAS Y N\u00daMEROS\" \/>\n<meta property=\"og:description\" content=\"CIUDAD DE M\u00c9XICO, MX. \u2014 Las Mediciones de la Econom\u00eda Informal Trimestral por Entidad Federativa (MEITEF) permiten dar seguimiento al comportamiento de En Sonora en Equipo publicamos toda la informaci\u00f3n de Sonora, M\u00e9xico y el Mundo de manera oportuna y busca que la libertad de expresi\u00f3n sea real. Visita nuestro medio informativo publicado desde Hermosillo, Sonora. %\" \/>\n<meta property=\"og:url\" content=\"https:\/\/www.sonoraenequipo.com.mx\/economia-informal-represento-casi-mx6-mil-millones-en-1t-de-2026-a-tasa-anual\/\" \/>\n<meta property=\"og:site_name\" content=\"Sonora en Equipo.\" \/>\n<meta property=\"article:publisher\" content=\"https:\/\/www.facebook.com\/SonoraEE\/\" \/>\n<meta property=\"article:author\" content=\"https:\/\/www.facebook.com\/SonoraEE\" \/>\n<meta property=\"article:published_time\" content=\"2026-09-03T21:06:22+00:00\" \/>\n<meta property=\"og:image\" content=\"https:\/\/www.sonoraenequipo.com.mx\/storage\/2026\/09\/economia-informal-mx.jpg\" \/>\n\t<meta property=\"og:image:width\" content=\"600\" \/>\n\t<meta property=\"og:image:height\" content=\"400\" \/>\n\t<meta property=\"og:image:type\" content=\"image\/jpeg\" \/>\n<meta name=\"author\" content=\"enequipo\" \/>\n<meta name=\"twitter:card\" content=\"summary_large_image\" \/>\n<meta name=\"twitter:creator\" content=\"@sonoraenequipo\" \/>\n<meta name=\"twitter:site\" content=\"@sonoraenequipo\" \/>\n<meta name=\"twitter:label1\" content=\"Escrito por\" \/>\n\t<meta name=\"twitter:data1\" content=\"enequipo\" \/>\n\t<meta name=\"twitter:label2\" content=\"Tiempo de lectura\" \/>\n\t<meta name=\"twitter:data2\" content=\"2 minutos\" \/>\n<script type=\"application\/ld+json\" class=\"yoast-schema-graph\">{\"@context\":\"https:\/\/schema.org\",\"@graph\":[{\"@type\":\"Article\",\"@id\":\"https:\/\/www.sonoraenequipo.com.mx\/economia-informal-represento-casi-mx6-mil-millones-en-1t-de-2026-a-tasa-anual\/#article\",\"isPartOf\":{\"@id\":\"https:\/\/www.sonoraenequipo.com.mx\/economia-informal-represento-casi-mx6-mil-millones-en-1t-de-2026-a-tasa-anual\/\"},\"author\":{\"name\":\"enequipo\",\"@id\":\"https:\/\/www.sonoraenequipo.com.mx\/#\/schema\/person\/50102df0fb23a8fa9e8effad8fa81386\"},\"headline\":\"Econom\u00eda informal represent\u00f3 \u00a0casi MX$6 mil millones \u00a0en 1T de 2026 a tasa anual\",\"datePublished\":\"2026-09-03T21:06:22+00:00\",\"mainEntityOfPage\":{\"@id\":\"https:\/\/www.sonoraenequipo.com.mx\/economia-informal-represento-casi-mx6-mil-millones-en-1t-de-2026-a-tasa-anual\/\"},\"wordCount\":357,\"commentCount\":0,\"publisher\":{\"@id\":\"https:\/\/www.sonoraenequipo.com.mx\/#organization\"},\"image\":{\"@id\":\"https:\/\/www.sonoraenequipo.com.mx\/economia-informal-represento-casi-mx6-mil-millones-en-1t-de-2026-a-tasa-anual\/#primaryimage\"},\"thumbnailUrl\":\"https:\/\/www.sonoraenequipo.com.mx\/storage\/2026\/09\/economia-informal-mx.jpg\",\"articleSection\":[\"PALABRAS Y N\u00daMEROS\"],\"inLanguage\":\"es\",\"potentialAction\":[{\"@type\":\"CommentAction\",\"name\":\"Comment\",\"target\":[\"https:\/\/www.sonoraenequipo.com.mx\/economia-informal-represento-casi-mx6-mil-millones-en-1t-de-2026-a-tasa-anual\/#respond\"]}]},{\"@type\":\"WebPage\",\"@id\":\"https:\/\/www.sonoraenequipo.com.mx\/economia-informal-represento-casi-mx6-mil-millones-en-1t-de-2026-a-tasa-anual\/\",\"url\":\"https:\/\/www.sonoraenequipo.com.mx\/economia-informal-represento-casi-mx6-mil-millones-en-1t-de-2026-a-tasa-anual\/\",\"name\":\"Sonora en Equipo. Econom\u00eda informal represent\u00f3 \u00a0casi MX$6 mil millones \u00a0en 1T de 2026 a tasa anual PALABRAS Y N\u00daMEROS\",\"isPartOf\":{\"@id\":\"https:\/\/www.sonoraenequipo.com.mx\/#website\"},\"primaryImageOfPage\":{\"@id\":\"https:\/\/www.sonoraenequipo.com.mx\/economia-informal-represento-casi-mx6-mil-millones-en-1t-de-2026-a-tasa-anual\/#primaryimage\"},\"image\":{\"@id\":\"https:\/\/www.sonoraenequipo.com.mx\/economia-informal-represento-casi-mx6-mil-millones-en-1t-de-2026-a-tasa-anual\/#primaryimage\"},\"thumbnailUrl\":\"https:\/\/www.sonoraenequipo.com.mx\/storage\/2026\/09\/economia-informal-mx.jpg\",\"datePublished\":\"2026-09-03T21:06:22+00:00\",\"description\":\"CIUDAD DE M\u00c9XICO, MX. \u2014 Las Mediciones de la Econom\u00eda Informal Trimestral por Entidad Federativa (MEITEF) permiten dar seguimiento al comportamiento de En Sonora en Equipo publicamos toda la informaci\u00f3n de Sonora, M\u00e9xico y el Mundo de manera oportuna y busca que la libertad de expresi\u00f3n sea real. Visita nuestro medio informativo publicado desde Hermosillo, Sonora. %\",\"breadcrumb\":{\"@id\":\"https:\/\/www.sonoraenequipo.com.mx\/economia-informal-represento-casi-mx6-mil-millones-en-1t-de-2026-a-tasa-anual\/#breadcrumb\"},\"inLanguage\":\"es\",\"potentialAction\":[{\"@type\":\"ReadAction\",\"target\":[\"https:\/\/www.sonoraenequipo.com.mx\/economia-informal-represento-casi-mx6-mil-millones-en-1t-de-2026-a-tasa-anual\/\"]}]},{\"@type\":\"ImageObject\",\"inLanguage\":\"es\",\"@id\":\"https:\/\/www.sonoraenequipo.com.mx\/economia-informal-represento-casi-mx6-mil-millones-en-1t-de-2026-a-tasa-anual\/#primaryimage\",\"url\":\"https:\/\/www.sonoraenequipo.com.mx\/storage\/2026\/09\/economia-informal-mx.jpg\",\"contentUrl\":\"https:\/\/www.sonoraenequipo.com.mx\/storage\/2026\/09\/economia-informal-mx.jpg\",\"width\":600,\"height\":400,\"caption\":\"Imagen: Istock\"},{\"@type\":\"BreadcrumbList\",\"@id\":\"https:\/\/www.sonoraenequipo.com.mx\/economia-informal-represento-casi-mx6-mil-millones-en-1t-de-2026-a-tasa-anual\/#breadcrumb\",\"itemListElement\":[{\"@type\":\"ListItem\",\"position\":1,\"name\":\"Portada\",\"item\":\"https:\/\/www.sonoraenequipo.com.mx\/\"},{\"@type\":\"ListItem\",\"position\":2,\"name\":\"Econom\u00eda informal represent\u00f3 \u00a0casi MX$6 mil millones \u00a0en 1T de 2026 a tasa anual\"}]},{\"@type\":\"WebSite\",\"@id\":\"https:\/\/www.sonoraenequipo.com.mx\/#website\",\"url\":\"https:\/\/www.sonoraenequipo.com.mx\/\",\"name\":\"Sonora en Equipo.\",\"description\":\"Diario en l\u00ednea con Noticias desde Hermosillo, Sonora\",\"publisher\":{\"@id\":\"https:\/\/www.sonoraenequipo.com.mx\/#organization\"},\"potentialAction\":[{\"@type\":\"SearchAction\",\"target\":{\"@type\":\"EntryPoint\",\"urlTemplate\":\"https:\/\/www.sonoraenequipo.com.mx\/?s={search_term_string}\"},\"query-input\":{\"@type\":\"PropertyValueSpecification\",\"valueRequired\":true,\"valueName\":\"search_term_string\"}}],\"inLanguage\":\"es\"},{\"@type\":\"Organization\",\"@id\":\"https:\/\/www.sonoraenequipo.com.mx\/#organization\",\"name\":\"Sonoraenequipo.com.mx\",\"url\":\"https:\/\/www.sonoraenequipo.com.mx\/\",\"logo\":{\"@type\":\"ImageObject\",\"inLanguage\":\"es\",\"@id\":\"https:\/\/www.sonoraenequipo.com.mx\/#\/schema\/logo\/image\/\",\"url\":\"https:\/\/www.sonoraenequipo.com.mx\/storage\/2019\/01\/sonoraenequipo_opt.png\",\"contentUrl\":\"https:\/\/www.sonoraenequipo.com.mx\/storage\/2019\/01\/sonoraenequipo_opt.png\",\"width\":375,\"height\":125,\"caption\":\"Sonoraenequipo.com.mx\"},\"image\":{\"@id\":\"https:\/\/www.sonoraenequipo.com.mx\/#\/schema\/logo\/image\/\"},\"sameAs\":[\"https:\/\/www.facebook.com\/SonoraEE\/\",\"https:\/\/x.com\/sonoraenequipo\",\"https:\/\/www.youtube.com\/channel\/UC338nW-lPEYmJQs4ZABQ1SQ\"]},{\"@type\":\"Person\",\"@id\":\"https:\/\/www.sonoraenequipo.com.mx\/#\/schema\/person\/50102df0fb23a8fa9e8effad8fa81386\",\"name\":\"enequipo\",\"image\":{\"@type\":\"ImageObject\",\"inLanguage\":\"es\",\"@id\":\"https:\/\/www.sonoraenequipo.com.mx\/#\/schema\/person\/image\/\",\"url\":\"https:\/\/secure.gravatar.com\/avatar\/049821681b589dabc0bc20695993ccebb09f5b5d4d790cd9251b97faac7c652b?s=96&d=blank&r=g\",\"contentUrl\":\"https:\/\/secure.gravatar.com\/avatar\/049821681b589dabc0bc20695993ccebb09f5b5d4d790cd9251b97faac7c652b?s=96&d=blank&r=g\",\"caption\":\"enequipo\"},\"sameAs\":[\"https:\/\/www.facebook.com\/SonoraEE\"]}]}<\/script>\n ","yoast_head_json":{"title":"Sonora en Equipo. Econom\u00eda informal represent\u00f3 \u00a0casi MX$6 mil millones \u00a0en 1T de 2026 a tasa anual PALABRAS Y N\u00daMEROS","description":"CIUDAD DE M\u00c9XICO, MX. \u2014 Las Mediciones de la Econom\u00eda Informal Trimestral por Entidad Federativa (MEITEF) permiten dar seguimiento al comportamiento de En Sonora en Equipo publicamos toda la informaci\u00f3n de Sonora, M\u00e9xico y el Mundo de manera oportuna y busca que la libertad de expresi\u00f3n sea real. Visita nuestro medio informativo publicado desde Hermosillo, Sonora. %","robots":{"index":"index","follow":"follow","max-snippet":"max-snippet:-1","max-image-preview":"max-image-preview:large","max-video-preview":"max-video-preview:-1"},"canonical":"https:\/\/www.sonoraenequipo.com.mx\/economia-informal-represento-casi-mx6-mil-millones-en-1t-de-2026-a-tasa-anual\/","og_locale":"es_ES","og_type":"article","og_title":"Sonora en Equipo. Econom\u00eda informal represent\u00f3 \u00a0casi MX$6 mil millones \u00a0en 1T de 2026 a tasa anual PALABRAS Y N\u00daMEROS","og_description":"CIUDAD DE M\u00c9XICO, MX. \u2014 Las Mediciones de la Econom\u00eda Informal Trimestral por Entidad Federativa (MEITEF) permiten dar seguimiento al comportamiento de En Sonora en Equipo publicamos toda la informaci\u00f3n de Sonora, M\u00e9xico y el Mundo de manera oportuna y busca que la libertad de expresi\u00f3n sea real. Visita nuestro medio informativo publicado desde Hermosillo, Sonora. %","og_url":"https:\/\/www.sonoraenequipo.com.mx\/economia-informal-represento-casi-mx6-mil-millones-en-1t-de-2026-a-tasa-anual\/","og_site_name":"Sonora en Equipo.","article_publisher":"https:\/\/www.facebook.com\/SonoraEE\/","article_author":"https:\/\/www.facebook.com\/SonoraEE","article_published_time":"2026-09-03T21:06:22+00:00","og_image":[{"width":600,"height":400,"url":"https:\/\/www.sonoraenequipo.com.mx\/storage\/2026\/09\/economia-informal-mx.jpg","type":"image\/jpeg"}],"author":"enequipo","twitter_card":"summary_large_image","twitter_creator":"@sonoraenequipo","twitter_site":"@sonoraenequipo","twitter_misc":{"Escrito por":"enequipo","Tiempo de lectura":"2 minutos"},"schema":{"@context":"https:\/\/schema.org","@graph":[{"@type":"Article","@id":"https:\/\/www.sonoraenequipo.com.mx\/economia-informal-represento-casi-mx6-mil-millones-en-1t-de-2026-a-tasa-anual\/#article","isPartOf":{"@id":"https:\/\/www.sonoraenequipo.com.mx\/economia-informal-represento-casi-mx6-mil-millones-en-1t-de-2026-a-tasa-anual\/"},"author":{"name":"enequipo","@id":"https:\/\/www.sonoraenequipo.com.mx\/#\/schema\/person\/50102df0fb23a8fa9e8effad8fa81386"},"headline":"Econom\u00eda informal represent\u00f3 \u00a0casi MX$6 mil millones \u00a0en 1T de 2026 a tasa anual","datePublished":"2026-09-03T21:06:22+00:00","mainEntityOfPage":{"@id":"https:\/\/www.sonoraenequipo.com.mx\/economia-informal-represento-casi-mx6-mil-millones-en-1t-de-2026-a-tasa-anual\/"},"wordCount":357,"commentCount":0,"publisher":{"@id":"https:\/\/www.sonoraenequipo.com.mx\/#organization"},"image":{"@id":"https:\/\/www.sonoraenequipo.com.mx\/economia-informal-represento-casi-mx6-mil-millones-en-1t-de-2026-a-tasa-anual\/#primaryimage"},"thumbnailUrl":"https:\/\/www.sonoraenequipo.com.mx\/storage\/2026\/09\/economia-informal-mx.jpg","articleSection":["PALABRAS Y N\u00daMEROS"],"inLanguage":"es","potentialAction":[{"@type":"CommentAction","name":"Comment","target":["https:\/\/www.sonoraenequipo.com.mx\/economia-informal-represento-casi-mx6-mil-millones-en-1t-de-2026-a-tasa-anual\/#respond"]}]},{"@type":"WebPage","@id":"https:\/\/www.sonoraenequipo.com.mx\/economia-informal-represento-casi-mx6-mil-millones-en-1t-de-2026-a-tasa-anual\/","url":"https:\/\/www.sonoraenequipo.com.mx\/economia-informal-represento-casi-mx6-mil-millones-en-1t-de-2026-a-tasa-anual\/","name":"Sonora en Equipo. Econom\u00eda informal represent\u00f3 \u00a0casi MX$6 mil millones \u00a0en 1T de 2026 a tasa anual PALABRAS Y N\u00daMEROS","isPartOf":{"@id":"https:\/\/www.sonoraenequipo.com.mx\/#website"},"primaryImageOfPage":{"@id":"https:\/\/www.sonoraenequipo.com.mx\/economia-informal-represento-casi-mx6-mil-millones-en-1t-de-2026-a-tasa-anual\/#primaryimage"},"image":{"@id":"https:\/\/www.sonoraenequipo.com.mx\/economia-informal-represento-casi-mx6-mil-millones-en-1t-de-2026-a-tasa-anual\/#primaryimage"},"thumbnailUrl":"https:\/\/www.sonoraenequipo.com.mx\/storage\/2026\/09\/economia-informal-mx.jpg","datePublished":"2026-09-03T21:06:22+00:00","description":"CIUDAD DE M\u00c9XICO, MX. \u2014 Las Mediciones de la Econom\u00eda Informal Trimestral por Entidad Federativa (MEITEF) permiten dar seguimiento al comportamiento de En Sonora en Equipo publicamos toda la informaci\u00f3n de Sonora, M\u00e9xico y el Mundo de manera oportuna y busca que la libertad de expresi\u00f3n sea real. Visita nuestro medio informativo publicado desde Hermosillo, Sonora. %","breadcrumb":{"@id":"https:\/\/www.sonoraenequipo.com.mx\/economia-informal-represento-casi-mx6-mil-millones-en-1t-de-2026-a-tasa-anual\/#breadcrumb"},"inLanguage":"es","potentialAction":[{"@type":"ReadAction","target":["https:\/\/www.sonoraenequipo.com.mx\/economia-informal-represento-casi-mx6-mil-millones-en-1t-de-2026-a-tasa-anual\/"]}]},{"@type":"ImageObject","inLanguage":"es","@id":"https:\/\/www.sonoraenequipo.com.mx\/economia-informal-represento-casi-mx6-mil-millones-en-1t-de-2026-a-tasa-anual\/#primaryimage","url":"https:\/\/www.sonoraenequipo.com.mx\/storage\/2026\/09\/economia-informal-mx.jpg","contentUrl":"https:\/\/www.sonoraenequipo.com.mx\/storage\/2026\/09\/economia-informal-mx.jpg","width":600,"height":400,"caption":"Imagen: Istock"},{"@type":"BreadcrumbList","@id":"https:\/\/www.sonoraenequipo.com.mx\/economia-informal-represento-casi-mx6-mil-millones-en-1t-de-2026-a-tasa-anual\/#breadcrumb","itemListElement":[{"@type":"ListItem","position":1,"name":"Portada","item":"https:\/\/www.sonoraenequipo.com.mx\/"},{"@type":"ListItem","position":2,"name":"Econom\u00eda informal represent\u00f3 \u00a0casi MX$6 mil millones \u00a0en 1T de 2026 a tasa anual"}]},{"@type":"WebSite","@id":"https:\/\/www.sonoraenequipo.com.mx\/#website","url":"https:\/\/www.sonoraenequipo.com.mx\/","name":"Sonora en Equipo.","description":"Diario en l\u00ednea con Noticias desde Hermosillo, Sonora","publisher":{"@id":"https:\/\/www.sonoraenequipo.com.mx\/#organization"},"potentialAction":[{"@type":"SearchAction","target":{"@type":"EntryPoint","urlTemplate":"https:\/\/www.sonoraenequipo.com.mx\/?s={search_term_string}"},"query-input":{"@type":"PropertyValueSpecification","valueRequired":true,"valueName":"search_term_string"}}],"inLanguage":"es"},{"@type":"Organization","@id":"https:\/\/www.sonoraenequipo.com.mx\/#organization","name":"Sonoraenequipo.com.mx","url":"https:\/\/www.sonoraenequipo.com.mx\/","logo":{"@type":"ImageObject","inLanguage":"es","@id":"https:\/\/www.sonoraenequipo.com.mx\/#\/schema\/logo\/image\/","url":"https:\/\/www.sonoraenequipo.com.mx\/storage\/2019\/01\/sonoraenequipo_opt.png","contentUrl":"https:\/\/www.sonoraenequipo.com.mx\/storage\/2019\/01\/sonoraenequipo_opt.png","width":375,"height":125,"caption":"Sonoraenequipo.com.mx"},"image":{"@id":"https:\/\/www.sonoraenequipo.com.mx\/#\/schema\/logo\/image\/"},"sameAs":["https:\/\/www.facebook.com\/SonoraEE\/","https:\/\/x.com\/sonoraenequipo","https:\/\/www.youtube.com\/channel\/UC338nW-lPEYmJQs4ZABQ1SQ"]},{"@type":"Person","@id":"https:\/\/www.sonoraenequipo.com.mx\/#\/schema\/person\/50102df0fb23a8fa9e8effad8fa81386","name":"enequipo","image":{"@type":"ImageObject","inLanguage":"es","@id":"https:\/\/www.sonoraenequipo.com.mx\/#\/schema\/person\/image\/","url":"https:\/\/secure.gravatar.com\/avatar\/049821681b589dabc0bc20695993ccebb09f5b5d4d790cd9251b97faac7c652b?s=96&d=blank&r=g","contentUrl":"https:\/\/secure.gravatar.com\/avatar\/049821681b589dabc0bc20695993ccebb09f5b5d4d790cd9251b97faac7c652b?s=96&d=blank&r=g","caption":"enequipo"},"sameAs":["https:\/\/www.facebook.com\/SonoraEE"]}]}},"jetpack_featured_media_url":"https:\/\/www.sonoraenequipo.com.mx\/storage\/2026\/09\/economia-informal-mx.jpg","_links":{"self":[{"href":"https:\/\/www.sonoraenequipo.com.mx\/api\/wp\/v2\/posts\/251441","targetHints":{"allow":["GET"]}}],"collection":[{"href":"https:\/\/www.sonoraenequipo.com.mx\/api\/wp\/v2\/posts"}],"about":[{"href":"https:\/\/www.sonoraenequipo.com.mx\/api\/wp\/v2\/types\/post"}],"author":[{"embeddable":true,"href":"https:\/\/www.sonoraenequipo.com.mx\/api\/wp\/v2\/users\/1"}],"replies":[{"embeddable":true,"href":"https:\/\/www.sonoraenequipo.com.mx\/api\/wp\/v2\/comments?post=251441"}],"version-history":[{"count":1,"href":"https:\/\/www.sonoraenequipo.com.mx\/api\/wp\/v2\/posts\/251441\/revisions"}],"predecessor-version":[{"id":251443,"href":"https:\/\/www.sonoraenequipo.com.mx\/api\/wp\/v2\/posts\/251441\/revisions\/251443"}],"wp:featuredmedia":[{"embeddable":true,"href":"https:\/\/www.sonoraenequipo.com.mx\/api\/wp\/v2\/media\/251442"}],"wp:attachment":[{"href":"https:\/\/www.sonoraenequipo.com.mx\/api\/wp\/v2\/media?parent=251441"}],"wp:term":[{"taxonomy":"category","embeddable":true,"href":"https:\/\/www.sonoraenequipo.com.mx\/api\/wp\/v2\/categories?post=251441"},{"taxonomy":"post_tag","embeddable":true,"href":"https:\/\/www.sonoraenequipo.com.mx\/api\/wp\/v2\/tags?post=251441"}],"curies":[{"name":"wp","href":"https:\/\/api.w.org\/{rel}","templated":true}]}}