{"id":251450,"date":"2026-09-03T15:47:49","date_gmt":"2026-09-03T22:47:49","guid":{"rendered":"https:\/\/www.sonoraenequipo.com.mx\/?p=251450"},"modified":"2026-09-03T15:47:49","modified_gmt":"2026-09-03T22:47:49","slug":"trump-afirma-que-espana-sera-un-pais-arruinado","status":"publish","type":"post","link":"https:\/\/www.sonoraenequipo.com.mx\/trump-afirma-que-espana-sera-un-pais-arruinado\/","title":{"rendered":"Trump afirma que Espa\u00f1a ser\u00e1 un pa\u00eds arruinado"},"content":{"rendered":"<p>El presidente de Estados Unidos, Donald Trump, critic\u00f3 este mi\u00e9rcoles (03.09.2026) la gesti\u00f3n del gobierno socialista de Pedro S\u00e1nchez y se refiri\u00f3 a la crisis en Ceuta, donde m\u00e1s de 70.000 migrantes ilegales irrumpieron en dos d\u00edas en julio.<\/p>\n<p>&nbsp;<\/p>\n<p>\u00abEspa\u00f1a ser\u00e1 un pa\u00eds arruinado. Tengo problemas con Espa\u00f1a porque no se est\u00e1 comportando demasiado bien con respecto a la OTAN y no paga lo que deber\u00eda pagar\u00bb, declar\u00f3 el mandatario en una entrevista con el canal brit\u00e1nico GB News.<\/p>\n<p>&nbsp;<\/p>\n<p>El l\u00edder de la Casa Blanca consider\u00f3 \u00abterrible\u00bb la situaci\u00f3n porque los dem\u00e1s pa\u00edses de la alianza atl\u00e1ntica aceptaron elevar el gasto militar, mientras que Espa\u00f1a dice\u00a0 \u00abYo no pago\u00bb.<\/p>\n<p>&nbsp;<\/p>\n<p>Asimismo, aludi\u00f3 a la entrada masiva de migrantes ilegales en la ciudad aut\u00f3noma espa\u00f1ola de Ceuta, fronteriza con Marruecos, el pasado 30 de julio. \u00abLo que est\u00e1 ocurriendo all\u00ed es muy triste de ver (&#8230;) Miles de personas irrumpiendo en masa en su pa\u00eds. Nunca he visto nada igual\u00bb, expres\u00f3.<\/p>\n<p>&nbsp;<\/p>\n<p>Estados Unidos ser\u00e1 como Ceuta \u00absi gana el lado equivocado\u00bb<\/p>\n<p>Trump mantiene una relaci\u00f3n tensa con el gobierno de S\u00e1nchez por la postura del pa\u00eds europeo sobre el gasto militar y por su negativa a autorizar el uso de bases militares en su territorio para abastecer a aviones de combate estadounidenses que participan en la guerra contra el r\u00e9gimen isl\u00e1mico de Ir\u00e1n.<\/p>\n<p>&nbsp;<\/p>\n<p>El mandatario tambi\u00e9n advirti\u00f3 a los estadounidenses a finales de julio que la situaci\u00f3n en Ceuta podr\u00eda repetirse en Estados Unidos \u00absi gana el lado equivocado\u00bb, de cara a las elecciones legislativas del pr\u00f3ximo 3 de noviembre. \u00abSi los dem\u00f3cratas llegan al poder, no vamos a vivir muy bien\u00bb, sostuvo.<\/p>\n<p><strong>Fecha de publicaci\u00f3n jueves 3 de septiembre de 2026\/DW<\/strong><\/p>\n","protected":false},"excerpt":{"rendered":"<p>El presidente de Estados Unidos, Donald Trump, critic\u00f3 este mi\u00e9rcoles (03.09.2026) la gesti\u00f3n del gobierno&#8230;<\/p>\n","protected":false},"author":1,"featured_media":248753,"comment_status":"open","ping_status":"open","sticky":false,"template":"","format":"standard","meta":{"_monsterinsights_skip_tracking":false,"_monsterinsights_sitenote_active":false,"_monsterinsights_sitenote_note":"","_monsterinsights_sitenote_category":0,"footnotes":""},"categories":[3],"tags":[2390,1898],"class_list":["post"],"yoast_head":" \n<title>Sonora en Equipo. Trump afirma que Espa\u00f1a ser\u00e1 un pa\u00eds arruinado MUNDO<\/title>\n<meta name=\"description\" content=\"El presidente de Estados Unidos, Donald Trump, critic\u00f3 este mi\u00e9rcoles (03.09.2026) la gesti\u00f3n del gobierno socialista de Pedro S\u00e1nchez y se refiri\u00f3 a la En Sonora en Equipo publicamos toda la informaci\u00f3n de Sonora, M\u00e9xico y el Mundo de manera oportuna y busca que la libertad de expresi\u00f3n sea real. Visita nuestro medio informativo publicado desde Hermosillo, Sonora. %\" \/>\n<meta name=\"robots\" content=\"index, follow, max-snippet:-1, max-image-preview:large, max-video-preview:-1\" \/>\n<link rel=\"canonical\" href=\"https:\/\/www.sonoraenequipo.com.mx\/trump-afirma-que-espana-sera-un-pais-arruinado\/\" \/>\n<meta property=\"og:locale\" content=\"es_ES\" \/>\n<meta property=\"og:type\" content=\"article\" \/>\n<meta property=\"og:title\" content=\"Sonora en Equipo. Trump afirma que Espa\u00f1a ser\u00e1 un pa\u00eds arruinado MUNDO\" \/>\n<meta property=\"og:description\" content=\"El presidente de Estados Unidos, Donald Trump, critic\u00f3 este mi\u00e9rcoles (03.09.2026) la gesti\u00f3n del gobierno socialista de Pedro S\u00e1nchez y se refiri\u00f3 a la En Sonora en Equipo publicamos toda la informaci\u00f3n de Sonora, M\u00e9xico y el Mundo de manera oportuna y busca que la libertad de expresi\u00f3n sea real. Visita nuestro medio informativo publicado desde Hermosillo, Sonora. %\" \/>\n<meta property=\"og:url\" content=\"https:\/\/www.sonoraenequipo.com.mx\/trump-afirma-que-espana-sera-un-pais-arruinado\/\" \/>\n<meta property=\"og:site_name\" content=\"Sonora en Equipo.\" \/>\n<meta property=\"article:publisher\" content=\"https:\/\/www.facebook.com\/SonoraEE\/\" \/>\n<meta property=\"article:author\" content=\"https:\/\/www.facebook.com\/SonoraEE\" \/>\n<meta property=\"article:published_time\" content=\"2026-09-03T22:47:49+00:00\" \/>\n<meta property=\"og:image\" content=\"https:\/\/www.sonoraenequipo.com.mx\/storage\/2026\/08\/d.trump-1.jpg\" \/>\n\t<meta property=\"og:image:width\" content=\"1000\" \/>\n\t<meta property=\"og:image:height\" content=\"746\" \/>\n\t<meta property=\"og:image:type\" content=\"image\/jpeg\" \/>\n<meta name=\"author\" content=\"enequipo\" \/>\n<meta name=\"twitter:card\" content=\"summary_large_image\" \/>\n<meta name=\"twitter:creator\" content=\"@sonoraenequipo\" \/>\n<meta name=\"twitter:site\" content=\"@sonoraenequipo\" \/>\n<meta name=\"twitter:label1\" content=\"Escrito por\" \/>\n\t<meta name=\"twitter:data1\" content=\"enequipo\" \/>\n\t<meta name=\"twitter:label2\" content=\"Tiempo de lectura\" \/>\n\t<meta name=\"twitter:data2\" content=\"2 minutos\" \/>\n<script type=\"application\/ld+json\" class=\"yoast-schema-graph\">{\"@context\":\"https:\/\/schema.org\",\"@graph\":[{\"@type\":\"Article\",\"@id\":\"https:\/\/www.sonoraenequipo.com.mx\/trump-afirma-que-espana-sera-un-pais-arruinado\/#article\",\"isPartOf\":{\"@id\":\"https:\/\/www.sonoraenequipo.com.mx\/trump-afirma-que-espana-sera-un-pais-arruinado\/\"},\"author\":{\"name\":\"enequipo\",\"@id\":\"https:\/\/www.sonoraenequipo.com.mx\/#\/schema\/person\/50102df0fb23a8fa9e8effad8fa81386\"},\"headline\":\"Trump afirma que Espa\u00f1a ser\u00e1 un pa\u00eds arruinado\",\"datePublished\":\"2026-09-03T22:47:49+00:00\",\"mainEntityOfPage\":{\"@id\":\"https:\/\/www.sonoraenequipo.com.mx\/trump-afirma-que-espana-sera-un-pais-arruinado\/\"},\"wordCount\":320,\"commentCount\":0,\"publisher\":{\"@id\":\"https:\/\/www.sonoraenequipo.com.mx\/#organization\"},\"image\":{\"@id\":\"https:\/\/www.sonoraenequipo.com.mx\/trump-afirma-que-espana-sera-un-pais-arruinado\/#primaryimage\"},\"thumbnailUrl\":\"https:\/\/www.sonoraenequipo.com.mx\/storage\/2026\/08\/d.trump-1.jpg\",\"keywords\":[\"Espa\u00f1a\",\"Trump\"],\"articleSection\":[\"MUNDO\"],\"inLanguage\":\"es\",\"potentialAction\":[{\"@type\":\"CommentAction\",\"name\":\"Comment\",\"target\":[\"https:\/\/www.sonoraenequipo.com.mx\/trump-afirma-que-espana-sera-un-pais-arruinado\/#respond\"]}]},{\"@type\":\"WebPage\",\"@id\":\"https:\/\/www.sonoraenequipo.com.mx\/trump-afirma-que-espana-sera-un-pais-arruinado\/\",\"url\":\"https:\/\/www.sonoraenequipo.com.mx\/trump-afirma-que-espana-sera-un-pais-arruinado\/\",\"name\":\"Sonora en Equipo. Trump afirma que Espa\u00f1a ser\u00e1 un pa\u00eds arruinado MUNDO\",\"isPartOf\":{\"@id\":\"https:\/\/www.sonoraenequipo.com.mx\/#website\"},\"primaryImageOfPage\":{\"@id\":\"https:\/\/www.sonoraenequipo.com.mx\/trump-afirma-que-espana-sera-un-pais-arruinado\/#primaryimage\"},\"image\":{\"@id\":\"https:\/\/www.sonoraenequipo.com.mx\/trump-afirma-que-espana-sera-un-pais-arruinado\/#primaryimage\"},\"thumbnailUrl\":\"https:\/\/www.sonoraenequipo.com.mx\/storage\/2026\/08\/d.trump-1.jpg\",\"datePublished\":\"2026-09-03T22:47:49+00:00\",\"description\":\"El presidente de Estados Unidos, Donald Trump, critic\u00f3 este mi\u00e9rcoles (03.09.2026) la gesti\u00f3n del gobierno socialista de Pedro S\u00e1nchez y se refiri\u00f3 a la En Sonora en Equipo publicamos toda la informaci\u00f3n de Sonora, M\u00e9xico y el Mundo de manera oportuna y busca que la libertad de expresi\u00f3n sea real. Visita nuestro medio informativo publicado desde Hermosillo, Sonora. %\",\"breadcrumb\":{\"@id\":\"https:\/\/www.sonoraenequipo.com.mx\/trump-afirma-que-espana-sera-un-pais-arruinado\/#breadcrumb\"},\"inLanguage\":\"es\",\"potentialAction\":[{\"@type\":\"ReadAction\",\"target\":[\"https:\/\/www.sonoraenequipo.com.mx\/trump-afirma-que-espana-sera-un-pais-arruinado\/\"]}]},{\"@type\":\"ImageObject\",\"inLanguage\":\"es\",\"@id\":\"https:\/\/www.sonoraenequipo.com.mx\/trump-afirma-que-espana-sera-un-pais-arruinado\/#primaryimage\",\"url\":\"https:\/\/www.sonoraenequipo.com.mx\/storage\/2026\/08\/d.trump-1.jpg\",\"contentUrl\":\"https:\/\/www.sonoraenequipo.com.mx\/storage\/2026\/08\/d.trump-1.jpg\",\"width\":1000,\"height\":746},{\"@type\":\"BreadcrumbList\",\"@id\":\"https:\/\/www.sonoraenequipo.com.mx\/trump-afirma-que-espana-sera-un-pais-arruinado\/#breadcrumb\",\"itemListElement\":[{\"@type\":\"ListItem\",\"position\":1,\"name\":\"Portada\",\"item\":\"https:\/\/www.sonoraenequipo.com.mx\/\"},{\"@type\":\"ListItem\",\"position\":2,\"name\":\"Trump afirma que Espa\u00f1a ser\u00e1 un pa\u00eds arruinado\"}]},{\"@type\":\"WebSite\",\"@id\":\"https:\/\/www.sonoraenequipo.com.mx\/#website\",\"url\":\"https:\/\/www.sonoraenequipo.com.mx\/\",\"name\":\"Sonora en Equipo.\",\"description\":\"Diario en l\u00ednea con Noticias desde Hermosillo, Sonora\",\"publisher\":{\"@id\":\"https:\/\/www.sonoraenequipo.com.mx\/#organization\"},\"potentialAction\":[{\"@type\":\"SearchAction\",\"target\":{\"@type\":\"EntryPoint\",\"urlTemplate\":\"https:\/\/www.sonoraenequipo.com.mx\/?s={search_term_string}\"},\"query-input\":{\"@type\":\"PropertyValueSpecification\",\"valueRequired\":true,\"valueName\":\"search_term_string\"}}],\"inLanguage\":\"es\"},{\"@type\":\"Organization\",\"@id\":\"https:\/\/www.sonoraenequipo.com.mx\/#organization\",\"name\":\"Sonoraenequipo.com.mx\",\"url\":\"https:\/\/www.sonoraenequipo.com.mx\/\",\"logo\":{\"@type\":\"ImageObject\",\"inLanguage\":\"es\",\"@id\":\"https:\/\/www.sonoraenequipo.com.mx\/#\/schema\/logo\/image\/\",\"url\":\"https:\/\/www.sonoraenequipo.com.mx\/storage\/2019\/01\/sonoraenequipo_opt.png\",\"contentUrl\":\"https:\/\/www.sonoraenequipo.com.mx\/storage\/2019\/01\/sonoraenequipo_opt.png\",\"width\":375,\"height\":125,\"caption\":\"Sonoraenequipo.com.mx\"},\"image\":{\"@id\":\"https:\/\/www.sonoraenequipo.com.mx\/#\/schema\/logo\/image\/\"},\"sameAs\":[\"https:\/\/www.facebook.com\/SonoraEE\/\",\"https:\/\/x.com\/sonoraenequipo\",\"https:\/\/www.youtube.com\/channel\/UC338nW-lPEYmJQs4ZABQ1SQ\"]},{\"@type\":\"Person\",\"@id\":\"https:\/\/www.sonoraenequipo.com.mx\/#\/schema\/person\/50102df0fb23a8fa9e8effad8fa81386\",\"name\":\"enequipo\",\"image\":{\"@type\":\"ImageObject\",\"inLanguage\":\"es\",\"@id\":\"https:\/\/www.sonoraenequipo.com.mx\/#\/schema\/person\/image\/\",\"url\":\"https:\/\/secure.gravatar.com\/avatar\/049821681b589dabc0bc20695993ccebb09f5b5d4d790cd9251b97faac7c652b?s=96&d=blank&r=g\",\"contentUrl\":\"https:\/\/secure.gravatar.com\/avatar\/049821681b589dabc0bc20695993ccebb09f5b5d4d790cd9251b97faac7c652b?s=96&d=blank&r=g\",\"caption\":\"enequipo\"},\"sameAs\":[\"https:\/\/www.facebook.com\/SonoraEE\"]}]}<\/script>\n ","yoast_head_json":{"title":"Sonora en Equipo. Trump afirma que Espa\u00f1a ser\u00e1 un pa\u00eds arruinado MUNDO","description":"El presidente de Estados Unidos, Donald Trump, critic\u00f3 este mi\u00e9rcoles (03.09.2026) la gesti\u00f3n del gobierno socialista de Pedro S\u00e1nchez y se refiri\u00f3 a la En Sonora en Equipo publicamos toda la informaci\u00f3n de Sonora, M\u00e9xico y el Mundo de manera oportuna y busca que la libertad de expresi\u00f3n sea real. Visita nuestro medio informativo publicado desde Hermosillo, Sonora. %","robots":{"index":"index","follow":"follow","max-snippet":"max-snippet:-1","max-image-preview":"max-image-preview:large","max-video-preview":"max-video-preview:-1"},"canonical":"https:\/\/www.sonoraenequipo.com.mx\/trump-afirma-que-espana-sera-un-pais-arruinado\/","og_locale":"es_ES","og_type":"article","og_title":"Sonora en Equipo. Trump afirma que Espa\u00f1a ser\u00e1 un pa\u00eds arruinado MUNDO","og_description":"El presidente de Estados Unidos, Donald Trump, critic\u00f3 este mi\u00e9rcoles (03.09.2026) la gesti\u00f3n del gobierno socialista de Pedro S\u00e1nchez y se refiri\u00f3 a la En Sonora en Equipo publicamos toda la informaci\u00f3n de Sonora, M\u00e9xico y el Mundo de manera oportuna y busca que la libertad de expresi\u00f3n sea real. Visita nuestro medio informativo publicado desde Hermosillo, Sonora. %","og_url":"https:\/\/www.sonoraenequipo.com.mx\/trump-afirma-que-espana-sera-un-pais-arruinado\/","og_site_name":"Sonora en Equipo.","article_publisher":"https:\/\/www.facebook.com\/SonoraEE\/","article_author":"https:\/\/www.facebook.com\/SonoraEE","article_published_time":"2026-09-03T22:47:49+00:00","og_image":[{"width":1000,"height":746,"url":"https:\/\/www.sonoraenequipo.com.mx\/storage\/2026\/08\/d.trump-1.jpg","type":"image\/jpeg"}],"author":"enequipo","twitter_card":"summary_large_image","twitter_creator":"@sonoraenequipo","twitter_site":"@sonoraenequipo","twitter_misc":{"Escrito por":"enequipo","Tiempo de lectura":"2 minutos"},"schema":{"@context":"https:\/\/schema.org","@graph":[{"@type":"Article","@id":"https:\/\/www.sonoraenequipo.com.mx\/trump-afirma-que-espana-sera-un-pais-arruinado\/#article","isPartOf":{"@id":"https:\/\/www.sonoraenequipo.com.mx\/trump-afirma-que-espana-sera-un-pais-arruinado\/"},"author":{"name":"enequipo","@id":"https:\/\/www.sonoraenequipo.com.mx\/#\/schema\/person\/50102df0fb23a8fa9e8effad8fa81386"},"headline":"Trump afirma que Espa\u00f1a ser\u00e1 un pa\u00eds arruinado","datePublished":"2026-09-03T22:47:49+00:00","mainEntityOfPage":{"@id":"https:\/\/www.sonoraenequipo.com.mx\/trump-afirma-que-espana-sera-un-pais-arruinado\/"},"wordCount":320,"commentCount":0,"publisher":{"@id":"https:\/\/www.sonoraenequipo.com.mx\/#organization"},"image":{"@id":"https:\/\/www.sonoraenequipo.com.mx\/trump-afirma-que-espana-sera-un-pais-arruinado\/#primaryimage"},"thumbnailUrl":"https:\/\/www.sonoraenequipo.com.mx\/storage\/2026\/08\/d.trump-1.jpg","keywords":["Espa\u00f1a","Trump"],"articleSection":["MUNDO"],"inLanguage":"es","potentialAction":[{"@type":"CommentAction","name":"Comment","target":["https:\/\/www.sonoraenequipo.com.mx\/trump-afirma-que-espana-sera-un-pais-arruinado\/#respond"]}]},{"@type":"WebPage","@id":"https:\/\/www.sonoraenequipo.com.mx\/trump-afirma-que-espana-sera-un-pais-arruinado\/","url":"https:\/\/www.sonoraenequipo.com.mx\/trump-afirma-que-espana-sera-un-pais-arruinado\/","name":"Sonora en Equipo. Trump afirma que Espa\u00f1a ser\u00e1 un pa\u00eds arruinado MUNDO","isPartOf":{"@id":"https:\/\/www.sonoraenequipo.com.mx\/#website"},"primaryImageOfPage":{"@id":"https:\/\/www.sonoraenequipo.com.mx\/trump-afirma-que-espana-sera-un-pais-arruinado\/#primaryimage"},"image":{"@id":"https:\/\/www.sonoraenequipo.com.mx\/trump-afirma-que-espana-sera-un-pais-arruinado\/#primaryimage"},"thumbnailUrl":"https:\/\/www.sonoraenequipo.com.mx\/storage\/2026\/08\/d.trump-1.jpg","datePublished":"2026-09-03T22:47:49+00:00","description":"El presidente de Estados Unidos, Donald Trump, critic\u00f3 este mi\u00e9rcoles (03.09.2026) la gesti\u00f3n del gobierno socialista de Pedro S\u00e1nchez y se refiri\u00f3 a la En Sonora en Equipo publicamos toda la informaci\u00f3n de Sonora, M\u00e9xico y el Mundo de manera oportuna y busca que la libertad de expresi\u00f3n sea real. Visita nuestro medio informativo publicado desde Hermosillo, Sonora. %","breadcrumb":{"@id":"https:\/\/www.sonoraenequipo.com.mx\/trump-afirma-que-espana-sera-un-pais-arruinado\/#breadcrumb"},"inLanguage":"es","potentialAction":[{"@type":"ReadAction","target":["https:\/\/www.sonoraenequipo.com.mx\/trump-afirma-que-espana-sera-un-pais-arruinado\/"]}]},{"@type":"ImageObject","inLanguage":"es","@id":"https:\/\/www.sonoraenequipo.com.mx\/trump-afirma-que-espana-sera-un-pais-arruinado\/#primaryimage","url":"https:\/\/www.sonoraenequipo.com.mx\/storage\/2026\/08\/d.trump-1.jpg","contentUrl":"https:\/\/www.sonoraenequipo.com.mx\/storage\/2026\/08\/d.trump-1.jpg","width":1000,"height":746},{"@type":"BreadcrumbList","@id":"https:\/\/www.sonoraenequipo.com.mx\/trump-afirma-que-espana-sera-un-pais-arruinado\/#breadcrumb","itemListElement":[{"@type":"ListItem","position":1,"name":"Portada","item":"https:\/\/www.sonoraenequipo.com.mx\/"},{"@type":"ListItem","position":2,"name":"Trump afirma que Espa\u00f1a ser\u00e1 un pa\u00eds arruinado"}]},{"@type":"WebSite","@id":"https:\/\/www.sonoraenequipo.com.mx\/#website","url":"https:\/\/www.sonoraenequipo.com.mx\/","name":"Sonora en Equipo.","description":"Diario en l\u00ednea con Noticias desde Hermosillo, Sonora","publisher":{"@id":"https:\/\/www.sonoraenequipo.com.mx\/#organization"},"potentialAction":[{"@type":"SearchAction","target":{"@type":"EntryPoint","urlTemplate":"https:\/\/www.sonoraenequipo.com.mx\/?s={search_term_string}"},"query-input":{"@type":"PropertyValueSpecification","valueRequired":true,"valueName":"search_term_string"}}],"inLanguage":"es"},{"@type":"Organization","@id":"https:\/\/www.sonoraenequipo.com.mx\/#organization","name":"Sonoraenequipo.com.mx","url":"https:\/\/www.sonoraenequipo.com.mx\/","logo":{"@type":"ImageObject","inLanguage":"es","@id":"https:\/\/www.sonoraenequipo.com.mx\/#\/schema\/logo\/image\/","url":"https:\/\/www.sonoraenequipo.com.mx\/storage\/2019\/01\/sonoraenequipo_opt.png","contentUrl":"https:\/\/www.sonoraenequipo.com.mx\/storage\/2019\/01\/sonoraenequipo_opt.png","width":375,"height":125,"caption":"Sonoraenequipo.com.mx"},"image":{"@id":"https:\/\/www.sonoraenequipo.com.mx\/#\/schema\/logo\/image\/"},"sameAs":["https:\/\/www.facebook.com\/SonoraEE\/","https:\/\/x.com\/sonoraenequipo","https:\/\/www.youtube.com\/channel\/UC338nW-lPEYmJQs4ZABQ1SQ"]},{"@type":"Person","@id":"https:\/\/www.sonoraenequipo.com.mx\/#\/schema\/person\/50102df0fb23a8fa9e8effad8fa81386","name":"enequipo","image":{"@type":"ImageObject","inLanguage":"es","@id":"https:\/\/www.sonoraenequipo.com.mx\/#\/schema\/person\/image\/","url":"https:\/\/secure.gravatar.com\/avatar\/049821681b589dabc0bc20695993ccebb09f5b5d4d790cd9251b97faac7c652b?s=96&d=blank&r=g","contentUrl":"https:\/\/secure.gravatar.com\/avatar\/049821681b589dabc0bc20695993ccebb09f5b5d4d790cd9251b97faac7c652b?s=96&d=blank&r=g","caption":"enequipo"},"sameAs":["https:\/\/www.facebook.com\/SonoraEE"]}]}},"jetpack_featured_media_url":"https:\/\/www.sonoraenequipo.com.mx\/storage\/2026\/08\/d.trump-1.jpg","_links":{"self":[{"href":"https:\/\/www.sonoraenequipo.com.mx\/api\/wp\/v2\/posts\/251450","targetHints":{"allow":["GET"]}}],"collection":[{"href":"https:\/\/www.sonoraenequipo.com.mx\/api\/wp\/v2\/posts"}],"about":[{"href":"https:\/\/www.sonoraenequipo.com.mx\/api\/wp\/v2\/types\/post"}],"author":[{"embeddable":true,"href":"https:\/\/www.sonoraenequipo.com.mx\/api\/wp\/v2\/users\/1"}],"replies":[{"embeddable":true,"href":"https:\/\/www.sonoraenequipo.com.mx\/api\/wp\/v2\/comments?post=251450"}],"version-history":[{"count":1,"href":"https:\/\/www.sonoraenequipo.com.mx\/api\/wp\/v2\/posts\/251450\/revisions"}],"predecessor-version":[{"id":251451,"href":"https:\/\/www.sonoraenequipo.com.mx\/api\/wp\/v2\/posts\/251450\/revisions\/251451"}],"wp:featuredmedia":[{"embeddable":true,"href":"https:\/\/www.sonoraenequipo.com.mx\/api\/wp\/v2\/media\/248753"}],"wp:attachment":[{"href":"https:\/\/www.sonoraenequipo.com.mx\/api\/wp\/v2\/media?parent=251450"}],"wp:term":[{"taxonomy":"category","embeddable":true,"href":"https:\/\/www.sonoraenequipo.com.mx\/api\/wp\/v2\/categories?post=251450"},{"taxonomy":"post_tag","embeddable":true,"href":"https:\/\/www.sonoraenequipo.com.mx\/api\/wp\/v2\/tags?post=251450"}],"curies":[{"name":"wp","href":"https:\/\/api.w.org\/{rel}","templated":true}]}}