{"id":251478,"date":"2026-09-03T10:15:58","date_gmt":"2026-09-03T17:15:58","guid":{"rendered":"https:\/\/www.sonoraenequipo.com.mx\/?p=251478"},"modified":"2026-09-03T17:49:00","modified_gmt":"2026-09-04T00:49:00","slug":"la-migrana-afecta-principalmente-a-las-mujeres-y-es-la-primera-causa-de-discapacidad-entre-las-jovenes","status":"publish","type":"post","link":"https:\/\/www.sonoraenequipo.com.mx\/la-migrana-afecta-principalmente-a-las-mujeres-y-es-la-primera-causa-de-discapacidad-entre-las-jovenes\/","title":{"rendered":"La migra\u00f1a afecta principalmente a las mujeres y es la primera causa de discapacidad entre las j\u00f3venes"},"content":{"rendered":"<p><strong>CIUDAD DE M\u00c9XICO. MX.<\/strong> \u2014 La migra\u00f1a representa una carga significativa para la salud de las mujeres. A nivel mundial, es la primera causa de discapacidad en mujeres j\u00f3venes menores de 50 a\u00f1os. \u00b9 En M\u00e9xico, afecta al 11.5% de las mujeres frente al 7.5% de los hombres. \u00b2 En marco del D\u00eda Internacional de Acci\u00f3n contra la Migra\u00f1a, que se conmemora cada 12 de septiembre, especialistas en neurolog\u00eda y salud femenina hacen un llamado a visibilizar una enfermedad que contin\u00faa siendo subestimada y que puede afectar la vida laboral, familiar, social y emocional de quienes la padecen.<\/p>\n<p>&nbsp;<\/p>\n<p>&nbsp;<\/p>\n<p> <br \/>\nLa migra\u00f1a es una enfermedad neurol\u00f3gica caracterizada por episodios recurrentes de dolor de cabeza, de intensidad moderada o severa que pueden durar entre 4 y 72 horas. Dependiendo de cada persona, estos episodios pueden presentarse con s\u00edntomas como n\u00e1useas, v\u00f3mito o sensibilidad a la luz y al sonido.\u00b3 La migra\u00f1a puede clasificarse como epis\u00f3dica o cr\u00f3nica seg\u00fan la frecuencia con la que se presenta. Se considera epis\u00f3dica cuando estas crisis ocurren en menos de 14 d\u00edas al mes y cr\u00f3nica cuando afecta a una persona con una frecuencia de 15 o m\u00e1s d\u00edas al mes de manera persistente por m\u00e1s de tres meses.\u2074 \u200b<\/p>\n<p>&nbsp;<\/p>\n<p>La migra\u00f1a puede afectar significativamente la calidad de vida, impactando las relaciones personales, el desempe\u00f1o laboral, las actividades familiares y el bienestar emocional de quienes la padecen. Asimismo, se ha asociado con un mayor riesgo de padecer ansiedad y depresi\u00f3n.5<\/p>\n<p>&nbsp;<\/p>\n<p>\u201cAunque la migra\u00f1a es una de las enfermedades neurol\u00f3gicas m\u00e1s frecuentes, muchas personas tardan a\u00f1os en recibir un diagn\u00f3stico adecuado. Esto puede retrasar el acceso a un manejo oportuno y contribuir a que la enfermedad contin\u00fae afectando distintos aspectos de la vida del paciente. Por ello, es fundamental que las personas consulten a un profesional de la salud cuando los episodios de dolor de cabeza son recurrentes o interfieren con sus actividades cotidianas\u201d, indic\u00f3 el Dr. Rogelio Dom\u00ednguez, especialista en Neurolog\u00eda y Miembro de la Asociaci\u00f3n Mexicana de Cefaleas y Migra\u00f1a (AMCEMIG).<\/p>\n<p>&nbsp;<\/p>\n<p>El hecho de que la migra\u00f1a afecta con mayor frecuencia a las mujeres no responde a una \u00fanica causa. La evidencia cient\u00edfica apunta a una combinaci\u00f3n de factores hormonales, gen\u00e9ticos y ambientales, as\u00ed como condiciones sociales y contextuales que pueden influir tanto en la aparici\u00f3n de los episodios como en la manera en que se diagnostica y trata la enfermedad.<\/p>\n<p>&nbsp;<\/p>\n<p>Lo que refiere a factores hormonales se evidencia especialmente despu\u00e9s de la pubertad, de hecho, la migra\u00f1a suele aparecer durante esta etapa.6 En mujeres, los cambios en los niveles de estr\u00f3geno pueden influir en la susceptibilidad a la migra\u00f1a, por lo que los episodios pueden relacionarse con momentos de fluctuaci\u00f3n hormonal como la menstruaci\u00f3n, el embarazo, el posparto y la transici\u00f3n hacia la menopausia.7<\/p>\n<p>&nbsp;<\/p>\n<p>\u201cEn Organon\u00ae, una compa\u00f1\u00eda farmac\u00e9utica dedicada a mejorar la salud integral de las mujeres a lo largo de su vida, reconocemos la importancia de visibilizar condiciones que afectan de manera desproporcionada a esta poblaci\u00f3n. La migra\u00f1a es una enfermedad que puede impactar distintos aspectos de la vida cotidiana, por lo que contribuir a una mayor comprensi\u00f3n de sus implicaciones forma parte de nuestro compromiso con el bienestar y la salud de las mujeres\u201d, se\u00f1al\u00f3 la Dra. Paola Sevilla, Gerente M\u00e9dica del \u00c1rea de Women&#8217;s Health para Organon\u00ae Latinoam\u00e9rica.<\/p>\n<p>&nbsp;<\/p>\n<p>Y es que, pese a su alta prevalencia, la migra\u00f1a contin\u00faa siendo una enfermedad subdiagnosticada y subtratada. Un estudio realizado en M\u00e9xico por investigadores el Instituto Nacional de Salud P\u00fablica (INSP) encontr\u00f3 que s\u00f3lo el 45% de las mujeres que cumpl\u00edan criterios de migra\u00f1a hab\u00eda recibido un diagn\u00f3stico previo.8 Reconocer que no existe una \u00fanica forma de experimentarla es fundamental para que las personas reciban diagn\u00f3sticos oportunos y tratamientos personalizados.<\/p>\n<p>&nbsp;<\/p>\n<p>A pesar de los desaf\u00edos que persisten en torno al diagn\u00f3stico, existen alternativas terap\u00e9uticas para el manejo de la migra\u00f1a, tanto para el tratamiento de los episodios agudos, que busca alivia el dolor en ese momento, como para el tratamiento preventivo que busca disminuir la frecuencia con la que ocurren. Cuando el m\u00e9dico considera que un paciente puede beneficiarse de una estrategia preventiva (cuatro o m\u00e1s episodios al mes), existen tratamientos que pueden ayudar a reducir la frecuencia, carga de la enfermedad y mejorar su calidad de vida.<\/p>\n<p>&nbsp;<\/p>\n<p>En el marco del D\u00eda Internacional de Acci\u00f3n contra la Migra\u00f1a, Organon\u00ae, bajo el mensaje \u201cCuando se va la migra\u00f1a, vuelves t\u00fa\u201d, hace un llamado a reconocer el impacto que esta enfermedad puede tener en la vida de las personas y la importancia de atenderla oportunamente.<\/p>\n<p>&nbsp;<\/p>\n<p>\u201cLa migra\u00f1a no deber\u00eda normalizarse ni minimizarse. Contar con informaci\u00f3n, un diagn\u00f3stico oportuno y un acompa\u00f1amiento adecuado puede ayudar a que m\u00e1s personas reduzcan la carga de la enfermedad y recuperen actividades, proyectos y momentos que forman parte de su bienestar y calidad de vida\u201d, concluy\u00f3 el Dr. Dom\u00ednguez.<\/p>\n<p>&nbsp;<\/p>\n<h4>\nReferencias<\/h4>\n<h5>\nFeigin Vly y cols. The global burden of neurological disorders: translating evidence into policy. Lancet Neurol. 2020;19(3):255-65.<\/h5>\n<h5>\nLisicki, M., Mu\u00f1oz-Cer\u00f3n, J., Machado Sarmento, E., Polycarpo Ribeiro, A., de Assis Dantas, A. C., Lara do Prado, L., de Nunes, A. K., Oliveira, A. B., Moraes Valen\u00e7a, M., Ramos de Andrade, J., V\u00e9lez-Jim\u00e9nez, K., Rodriguez-Leyva, I.,<\/h5>\n<h5>Espinoza Giacomozzi, A. R., Bancalari, E., Juliet, R., Schubaroff, P., &amp; Peres, M. F. P. (2026). Pan-American migraine prevalence: Findings from the Americas\u2019 Migraine Observatory Study (AMIGOS). Cephalalgia.<\/h5>\n<h5>https:\/\/doi.org\/10.1177\/03331024261420837<\/h5>\n<h5>\nOrganizaci\u00f3n Mundial de la Salud. (2025). Trastornos de cefalea. https:\/\/www.who.int\/es\/news-room\/fact-sheets\/detail\/headache-disorders<\/h5>\n<h5>\nHeadache Classification Committee of the International Headache Society (IHS). (2018). The International Classification of Headache Disorders, 3rd edition (ICHD-3). https:\/\/ichd-3.org\/<\/h5>\n<h5>\nIrimia P, Garrido-Cumbrera M, Santos-Lasaosa S, et al. Impact of monthly headache days on anxiety, depression and disability in migraine patients: results from the Spanish Atlas. Sci Rep. 2021;11(1):8286. Published 2021 Apr 15. doi:10.1038\/s41598-021-87352-2 \u200b<\/h5>\n<h5>\nOrganizaci\u00f3n Mundial de la Salud. (2025). Trastornos de cefalea. https:\/\/www.who.int\/es\/news-room\/fact-sheets\/detail\/headache-disorders<\/h5>\n<h5>\nKrause, D. N., Warfvinge, K., Haanes, K. A., &amp; Edvinsson, L. (2021). Hormonal influences in migraine\u2014Interactions of oestrogen, oxytocin and CGRP. Nature Reviews Neurology, 17, 621\u2013633. https:\/\/doi.org\/10.1038\/s41582-021-00544-2<\/h5>\n<h5>\nArroyo-Quiroz, C., et al. (2014). Lifetime prevalence and underdiagnosis of migraine in a population sample of Mexican women. Cephalalgia. https:\/\/pubmed.ncbi.nlm.nih.gov\/24711606\/<\/h5>\n<h4>Acerca de Organon\u00ae<\/h4>\n<h5>\nOrganon\u00ae es una empresa global de atenci\u00f3n m\u00e9dica independiente con la misi\u00f3n de ayudar a mejorar la salud de las mujeres a lo largo de sus vidas. Su diverso portafolio ofrece m\u00e1s de 70 medicamentos y productos en salud femenina, biosimilares y una amplia franquicia de medicamentos establecidos en diversas \u00e1reas terap\u00e9uticas. Adem\u00e1s de sus productos actuales, Organon\u00ae invierte en soluciones innovadoras e investigaci\u00f3n para impulsar oportunidades de crecimiento futuro en salud femenina y biosimilares. Tambi\u00e9n busca oportunidades de colaboraci\u00f3n con socios biofarmac\u00e9uticos e innovadores que deseen comercializar sus productos aprovechando la escala de Organon\u00ae y su presencia \u00e1gil en mercados internacionales de r\u00e1pido crecimiento.<\/h5>\n<h5>\nOrganon\u00ae tiene un alcance geogr\u00e1fico significativo, capacidades comerciales de clase mundial y aproximadamente 10,000 empleados, con sede en Jersey City, Nueva Jersey.<\/h5>\n<p>Para m\u00e1s informaci\u00f3n, visita<a href=\"https:\/\/www.organon.com\/latam\"><strong> https:\/\/www.organon.com\/latam<\/strong><\/a><\/p>\n<p>&nbsp;<\/p>\n<p><strong>PUBLICADO EL 03 SEPT DE 2026 Con informaci\u00f3n de \u200bLaura Avila \u200bCoordinadora de Comunicaci\u00f3n Externa \/ Trends\u00e9tera, \u200bVania Hern\u00e1ndez \/Head de Relaciones P\u00fablicas<\/strong><\/p>\n","protected":false},"excerpt":{"rendered":"<p>CIUDAD DE M\u00c9XICO. MX. \u2014 La migra\u00f1a representa una carga significativa para la salud de&#8230;<\/p>\n","protected":false},"author":1,"featured_media":251488,"comment_status":"open","ping_status":"open","sticky":false,"template":"","format":"standard","meta":{"_monsterinsights_skip_tracking":false,"_monsterinsights_sitenote_active":false,"_monsterinsights_sitenote_note":"","_monsterinsights_sitenote_category":0,"footnotes":""},"categories":[2216,12],"tags":[],"class_list":["post"],"yoast_head":" \n<title>Sonora en Equipo. La migra\u00f1a afecta principalmente a las mujeres y es la primera causa de discapacidad entre las j\u00f3venes Ciencia y Tecnolog\u00eda<\/title>\n<meta name=\"description\" content=\"CIUDAD DE M\u00c9XICO. MX. \u2014 La migra\u00f1a representa una carga significativa para la salud de las mujeres. A nivel mundial, es la primera causa de discapacidad En Sonora en Equipo publicamos toda la informaci\u00f3n de Sonora, M\u00e9xico y el Mundo de manera oportuna y busca que la libertad de expresi\u00f3n sea real. Visita nuestro medio informativo publicado desde Hermosillo, Sonora. %\" \/>\n<meta name=\"robots\" content=\"index, follow, max-snippet:-1, max-image-preview:large, max-video-preview:-1\" \/>\n<link rel=\"canonical\" href=\"https:\/\/www.sonoraenequipo.com.mx\/la-migrana-afecta-principalmente-a-las-mujeres-y-es-la-primera-causa-de-discapacidad-entre-las-jovenes\/\" \/>\n<meta property=\"og:locale\" content=\"es_ES\" \/>\n<meta property=\"og:type\" content=\"article\" \/>\n<meta property=\"og:title\" content=\"Sonora en Equipo. La migra\u00f1a afecta principalmente a las mujeres y es la primera causa de discapacidad entre las j\u00f3venes Ciencia y Tecnolog\u00eda\" \/>\n<meta property=\"og:description\" content=\"CIUDAD DE M\u00c9XICO. MX. \u2014 La migra\u00f1a representa una carga significativa para la salud de las mujeres. A nivel mundial, es la primera causa de discapacidad En Sonora en Equipo publicamos toda la informaci\u00f3n de Sonora, M\u00e9xico y el Mundo de manera oportuna y busca que la libertad de expresi\u00f3n sea real. Visita nuestro medio informativo publicado desde Hermosillo, Sonora. %\" \/>\n<meta property=\"og:url\" content=\"https:\/\/www.sonoraenequipo.com.mx\/la-migrana-afecta-principalmente-a-las-mujeres-y-es-la-primera-causa-de-discapacidad-entre-las-jovenes\/\" \/>\n<meta property=\"og:site_name\" content=\"Sonora en Equipo.\" \/>\n<meta property=\"article:publisher\" content=\"https:\/\/www.facebook.com\/SonoraEE\/\" \/>\n<meta property=\"article:author\" content=\"https:\/\/www.facebook.com\/SonoraEE\" \/>\n<meta property=\"article:published_time\" content=\"2026-09-03T17:15:58+00:00\" \/>\n<meta property=\"article:modified_time\" content=\"2026-09-04T00:49:00+00:00\" \/>\n<meta property=\"og:image\" content=\"https:\/\/www.sonoraenequipo.com.mx\/storage\/2026\/09\/Dia-Mundial-de-la-Migrana-1.jpg\" \/>\n\t<meta property=\"og:image:width\" content=\"1000\" \/>\n\t<meta property=\"og:image:height\" content=\"626\" \/>\n\t<meta property=\"og:image:type\" content=\"image\/jpeg\" \/>\n<meta name=\"author\" content=\"enequipo\" \/>\n<meta name=\"twitter:card\" content=\"summary_large_image\" \/>\n<meta name=\"twitter:creator\" content=\"@sonoraenequipo\" \/>\n<meta name=\"twitter:site\" content=\"@sonoraenequipo\" \/>\n<meta name=\"twitter:label1\" content=\"Escrito por\" \/>\n\t<meta name=\"twitter:data1\" content=\"enequipo\" \/>\n\t<meta name=\"twitter:label2\" content=\"Tiempo de lectura\" \/>\n\t<meta name=\"twitter:data2\" content=\"6 minutos\" \/>\n<script type=\"application\/ld+json\" class=\"yoast-schema-graph\">{\"@context\":\"https:\/\/schema.org\",\"@graph\":[{\"@type\":\"Article\",\"@id\":\"https:\/\/www.sonoraenequipo.com.mx\/la-migrana-afecta-principalmente-a-las-mujeres-y-es-la-primera-causa-de-discapacidad-entre-las-jovenes\/#article\",\"isPartOf\":{\"@id\":\"https:\/\/www.sonoraenequipo.com.mx\/la-migrana-afecta-principalmente-a-las-mujeres-y-es-la-primera-causa-de-discapacidad-entre-las-jovenes\/\"},\"author\":{\"name\":\"enequipo\",\"@id\":\"https:\/\/www.sonoraenequipo.com.mx\/#\/schema\/person\/50102df0fb23a8fa9e8effad8fa81386\"},\"headline\":\"La migra\u00f1a afecta principalmente a las mujeres y es la primera causa de discapacidad entre las j\u00f3venes\",\"datePublished\":\"2026-09-03T17:15:58+00:00\",\"dateModified\":\"2026-09-04T00:49:00+00:00\",\"mainEntityOfPage\":{\"@id\":\"https:\/\/www.sonoraenequipo.com.mx\/la-migrana-afecta-principalmente-a-las-mujeres-y-es-la-primera-causa-de-discapacidad-entre-las-jovenes\/\"},\"wordCount\":1317,\"commentCount\":0,\"publisher\":{\"@id\":\"https:\/\/www.sonoraenequipo.com.mx\/#organization\"},\"image\":{\"@id\":\"https:\/\/www.sonoraenequipo.com.mx\/la-migrana-afecta-principalmente-a-las-mujeres-y-es-la-primera-causa-de-discapacidad-entre-las-jovenes\/#primaryimage\"},\"thumbnailUrl\":\"https:\/\/www.sonoraenequipo.com.mx\/storage\/2026\/09\/Dia-Mundial-de-la-Migrana-1.jpg\",\"articleSection\":[\"Ciencia y Tecnolog\u00eda\",\"Especiales\"],\"inLanguage\":\"es\",\"potentialAction\":[{\"@type\":\"CommentAction\",\"name\":\"Comment\",\"target\":[\"https:\/\/www.sonoraenequipo.com.mx\/la-migrana-afecta-principalmente-a-las-mujeres-y-es-la-primera-causa-de-discapacidad-entre-las-jovenes\/#respond\"]}]},{\"@type\":\"WebPage\",\"@id\":\"https:\/\/www.sonoraenequipo.com.mx\/la-migrana-afecta-principalmente-a-las-mujeres-y-es-la-primera-causa-de-discapacidad-entre-las-jovenes\/\",\"url\":\"https:\/\/www.sonoraenequipo.com.mx\/la-migrana-afecta-principalmente-a-las-mujeres-y-es-la-primera-causa-de-discapacidad-entre-las-jovenes\/\",\"name\":\"Sonora en Equipo. La migra\u00f1a afecta principalmente a las mujeres y es la primera causa de discapacidad entre las j\u00f3venes Ciencia y Tecnolog\u00eda\",\"isPartOf\":{\"@id\":\"https:\/\/www.sonoraenequipo.com.mx\/#website\"},\"primaryImageOfPage\":{\"@id\":\"https:\/\/www.sonoraenequipo.com.mx\/la-migrana-afecta-principalmente-a-las-mujeres-y-es-la-primera-causa-de-discapacidad-entre-las-jovenes\/#primaryimage\"},\"image\":{\"@id\":\"https:\/\/www.sonoraenequipo.com.mx\/la-migrana-afecta-principalmente-a-las-mujeres-y-es-la-primera-causa-de-discapacidad-entre-las-jovenes\/#primaryimage\"},\"thumbnailUrl\":\"https:\/\/www.sonoraenequipo.com.mx\/storage\/2026\/09\/Dia-Mundial-de-la-Migrana-1.jpg\",\"datePublished\":\"2026-09-03T17:15:58+00:00\",\"dateModified\":\"2026-09-04T00:49:00+00:00\",\"description\":\"CIUDAD DE M\u00c9XICO. MX. \u2014 La migra\u00f1a representa una carga significativa para la salud de las mujeres. A nivel mundial, es la primera causa de discapacidad En Sonora en Equipo publicamos toda la informaci\u00f3n de Sonora, M\u00e9xico y el Mundo de manera oportuna y busca que la libertad de expresi\u00f3n sea real. Visita nuestro medio informativo publicado desde Hermosillo, Sonora. %\",\"breadcrumb\":{\"@id\":\"https:\/\/www.sonoraenequipo.com.mx\/la-migrana-afecta-principalmente-a-las-mujeres-y-es-la-primera-causa-de-discapacidad-entre-las-jovenes\/#breadcrumb\"},\"inLanguage\":\"es\",\"potentialAction\":[{\"@type\":\"ReadAction\",\"target\":[\"https:\/\/www.sonoraenequipo.com.mx\/la-migrana-afecta-principalmente-a-las-mujeres-y-es-la-primera-causa-de-discapacidad-entre-las-jovenes\/\"]}]},{\"@type\":\"ImageObject\",\"inLanguage\":\"es\",\"@id\":\"https:\/\/www.sonoraenequipo.com.mx\/la-migrana-afecta-principalmente-a-las-mujeres-y-es-la-primera-causa-de-discapacidad-entre-las-jovenes\/#primaryimage\",\"url\":\"https:\/\/www.sonoraenequipo.com.mx\/storage\/2026\/09\/Dia-Mundial-de-la-Migrana-1.jpg\",\"contentUrl\":\"https:\/\/www.sonoraenequipo.com.mx\/storage\/2026\/09\/Dia-Mundial-de-la-Migrana-1.jpg\",\"width\":1000,\"height\":626},{\"@type\":\"BreadcrumbList\",\"@id\":\"https:\/\/www.sonoraenequipo.com.mx\/la-migrana-afecta-principalmente-a-las-mujeres-y-es-la-primera-causa-de-discapacidad-entre-las-jovenes\/#breadcrumb\",\"itemListElement\":[{\"@type\":\"ListItem\",\"position\":1,\"name\":\"Portada\",\"item\":\"https:\/\/www.sonoraenequipo.com.mx\/\"},{\"@type\":\"ListItem\",\"position\":2,\"name\":\"La migra\u00f1a afecta principalmente a las mujeres y es la primera causa de discapacidad entre las j\u00f3venes\"}]},{\"@type\":\"WebSite\",\"@id\":\"https:\/\/www.sonoraenequipo.com.mx\/#website\",\"url\":\"https:\/\/www.sonoraenequipo.com.mx\/\",\"name\":\"Sonora en Equipo.\",\"description\":\"Diario en l\u00ednea con Noticias desde Hermosillo, Sonora\",\"publisher\":{\"@id\":\"https:\/\/www.sonoraenequipo.com.mx\/#organization\"},\"potentialAction\":[{\"@type\":\"SearchAction\",\"target\":{\"@type\":\"EntryPoint\",\"urlTemplate\":\"https:\/\/www.sonoraenequipo.com.mx\/?s={search_term_string}\"},\"query-input\":{\"@type\":\"PropertyValueSpecification\",\"valueRequired\":true,\"valueName\":\"search_term_string\"}}],\"inLanguage\":\"es\"},{\"@type\":\"Organization\",\"@id\":\"https:\/\/www.sonoraenequipo.com.mx\/#organization\",\"name\":\"Sonoraenequipo.com.mx\",\"url\":\"https:\/\/www.sonoraenequipo.com.mx\/\",\"logo\":{\"@type\":\"ImageObject\",\"inLanguage\":\"es\",\"@id\":\"https:\/\/www.sonoraenequipo.com.mx\/#\/schema\/logo\/image\/\",\"url\":\"https:\/\/www.sonoraenequipo.com.mx\/storage\/2019\/01\/sonoraenequipo_opt.png\",\"contentUrl\":\"https:\/\/www.sonoraenequipo.com.mx\/storage\/2019\/01\/sonoraenequipo_opt.png\",\"width\":375,\"height\":125,\"caption\":\"Sonoraenequipo.com.mx\"},\"image\":{\"@id\":\"https:\/\/www.sonoraenequipo.com.mx\/#\/schema\/logo\/image\/\"},\"sameAs\":[\"https:\/\/www.facebook.com\/SonoraEE\/\",\"https:\/\/x.com\/sonoraenequipo\",\"https:\/\/www.youtube.com\/channel\/UC338nW-lPEYmJQs4ZABQ1SQ\"]},{\"@type\":\"Person\",\"@id\":\"https:\/\/www.sonoraenequipo.com.mx\/#\/schema\/person\/50102df0fb23a8fa9e8effad8fa81386\",\"name\":\"enequipo\",\"image\":{\"@type\":\"ImageObject\",\"inLanguage\":\"es\",\"@id\":\"https:\/\/www.sonoraenequipo.com.mx\/#\/schema\/person\/image\/\",\"url\":\"https:\/\/secure.gravatar.com\/avatar\/049821681b589dabc0bc20695993ccebb09f5b5d4d790cd9251b97faac7c652b?s=96&d=blank&r=g\",\"contentUrl\":\"https:\/\/secure.gravatar.com\/avatar\/049821681b589dabc0bc20695993ccebb09f5b5d4d790cd9251b97faac7c652b?s=96&d=blank&r=g\",\"caption\":\"enequipo\"},\"sameAs\":[\"https:\/\/www.facebook.com\/SonoraEE\"]}]}<\/script>\n ","yoast_head_json":{"title":"Sonora en Equipo. La migra\u00f1a afecta principalmente a las mujeres y es la primera causa de discapacidad entre las j\u00f3venes Ciencia y Tecnolog\u00eda","description":"CIUDAD DE M\u00c9XICO. MX. \u2014 La migra\u00f1a representa una carga significativa para la salud de las mujeres. A nivel mundial, es la primera causa de discapacidad En Sonora en Equipo publicamos toda la informaci\u00f3n de Sonora, M\u00e9xico y el Mundo de manera oportuna y busca que la libertad de expresi\u00f3n sea real. Visita nuestro medio informativo publicado desde Hermosillo, Sonora. %","robots":{"index":"index","follow":"follow","max-snippet":"max-snippet:-1","max-image-preview":"max-image-preview:large","max-video-preview":"max-video-preview:-1"},"canonical":"https:\/\/www.sonoraenequipo.com.mx\/la-migrana-afecta-principalmente-a-las-mujeres-y-es-la-primera-causa-de-discapacidad-entre-las-jovenes\/","og_locale":"es_ES","og_type":"article","og_title":"Sonora en Equipo. La migra\u00f1a afecta principalmente a las mujeres y es la primera causa de discapacidad entre las j\u00f3venes Ciencia y Tecnolog\u00eda","og_description":"CIUDAD DE M\u00c9XICO. MX. \u2014 La migra\u00f1a representa una carga significativa para la salud de las mujeres. A nivel mundial, es la primera causa de discapacidad En Sonora en Equipo publicamos toda la informaci\u00f3n de Sonora, M\u00e9xico y el Mundo de manera oportuna y busca que la libertad de expresi\u00f3n sea real. Visita nuestro medio informativo publicado desde Hermosillo, Sonora. %","og_url":"https:\/\/www.sonoraenequipo.com.mx\/la-migrana-afecta-principalmente-a-las-mujeres-y-es-la-primera-causa-de-discapacidad-entre-las-jovenes\/","og_site_name":"Sonora en Equipo.","article_publisher":"https:\/\/www.facebook.com\/SonoraEE\/","article_author":"https:\/\/www.facebook.com\/SonoraEE","article_published_time":"2026-09-03T17:15:58+00:00","article_modified_time":"2026-09-04T00:49:00+00:00","og_image":[{"width":1000,"height":626,"url":"https:\/\/www.sonoraenequipo.com.mx\/storage\/2026\/09\/Dia-Mundial-de-la-Migrana-1.jpg","type":"image\/jpeg"}],"author":"enequipo","twitter_card":"summary_large_image","twitter_creator":"@sonoraenequipo","twitter_site":"@sonoraenequipo","twitter_misc":{"Escrito por":"enequipo","Tiempo de lectura":"6 minutos"},"schema":{"@context":"https:\/\/schema.org","@graph":[{"@type":"Article","@id":"https:\/\/www.sonoraenequipo.com.mx\/la-migrana-afecta-principalmente-a-las-mujeres-y-es-la-primera-causa-de-discapacidad-entre-las-jovenes\/#article","isPartOf":{"@id":"https:\/\/www.sonoraenequipo.com.mx\/la-migrana-afecta-principalmente-a-las-mujeres-y-es-la-primera-causa-de-discapacidad-entre-las-jovenes\/"},"author":{"name":"enequipo","@id":"https:\/\/www.sonoraenequipo.com.mx\/#\/schema\/person\/50102df0fb23a8fa9e8effad8fa81386"},"headline":"La migra\u00f1a afecta principalmente a las mujeres y es la primera causa de discapacidad entre las j\u00f3venes","datePublished":"2026-09-03T17:15:58+00:00","dateModified":"2026-09-04T00:49:00+00:00","mainEntityOfPage":{"@id":"https:\/\/www.sonoraenequipo.com.mx\/la-migrana-afecta-principalmente-a-las-mujeres-y-es-la-primera-causa-de-discapacidad-entre-las-jovenes\/"},"wordCount":1317,"commentCount":0,"publisher":{"@id":"https:\/\/www.sonoraenequipo.com.mx\/#organization"},"image":{"@id":"https:\/\/www.sonoraenequipo.com.mx\/la-migrana-afecta-principalmente-a-las-mujeres-y-es-la-primera-causa-de-discapacidad-entre-las-jovenes\/#primaryimage"},"thumbnailUrl":"https:\/\/www.sonoraenequipo.com.mx\/storage\/2026\/09\/Dia-Mundial-de-la-Migrana-1.jpg","articleSection":["Ciencia y Tecnolog\u00eda","Especiales"],"inLanguage":"es","potentialAction":[{"@type":"CommentAction","name":"Comment","target":["https:\/\/www.sonoraenequipo.com.mx\/la-migrana-afecta-principalmente-a-las-mujeres-y-es-la-primera-causa-de-discapacidad-entre-las-jovenes\/#respond"]}]},{"@type":"WebPage","@id":"https:\/\/www.sonoraenequipo.com.mx\/la-migrana-afecta-principalmente-a-las-mujeres-y-es-la-primera-causa-de-discapacidad-entre-las-jovenes\/","url":"https:\/\/www.sonoraenequipo.com.mx\/la-migrana-afecta-principalmente-a-las-mujeres-y-es-la-primera-causa-de-discapacidad-entre-las-jovenes\/","name":"Sonora en Equipo. La migra\u00f1a afecta principalmente a las mujeres y es la primera causa de discapacidad entre las j\u00f3venes Ciencia y Tecnolog\u00eda","isPartOf":{"@id":"https:\/\/www.sonoraenequipo.com.mx\/#website"},"primaryImageOfPage":{"@id":"https:\/\/www.sonoraenequipo.com.mx\/la-migrana-afecta-principalmente-a-las-mujeres-y-es-la-primera-causa-de-discapacidad-entre-las-jovenes\/#primaryimage"},"image":{"@id":"https:\/\/www.sonoraenequipo.com.mx\/la-migrana-afecta-principalmente-a-las-mujeres-y-es-la-primera-causa-de-discapacidad-entre-las-jovenes\/#primaryimage"},"thumbnailUrl":"https:\/\/www.sonoraenequipo.com.mx\/storage\/2026\/09\/Dia-Mundial-de-la-Migrana-1.jpg","datePublished":"2026-09-03T17:15:58+00:00","dateModified":"2026-09-04T00:49:00+00:00","description":"CIUDAD DE M\u00c9XICO. MX. \u2014 La migra\u00f1a representa una carga significativa para la salud de las mujeres. A nivel mundial, es la primera causa de discapacidad En Sonora en Equipo publicamos toda la informaci\u00f3n de Sonora, M\u00e9xico y el Mundo de manera oportuna y busca que la libertad de expresi\u00f3n sea real. Visita nuestro medio informativo publicado desde Hermosillo, Sonora. %","breadcrumb":{"@id":"https:\/\/www.sonoraenequipo.com.mx\/la-migrana-afecta-principalmente-a-las-mujeres-y-es-la-primera-causa-de-discapacidad-entre-las-jovenes\/#breadcrumb"},"inLanguage":"es","potentialAction":[{"@type":"ReadAction","target":["https:\/\/www.sonoraenequipo.com.mx\/la-migrana-afecta-principalmente-a-las-mujeres-y-es-la-primera-causa-de-discapacidad-entre-las-jovenes\/"]}]},{"@type":"ImageObject","inLanguage":"es","@id":"https:\/\/www.sonoraenequipo.com.mx\/la-migrana-afecta-principalmente-a-las-mujeres-y-es-la-primera-causa-de-discapacidad-entre-las-jovenes\/#primaryimage","url":"https:\/\/www.sonoraenequipo.com.mx\/storage\/2026\/09\/Dia-Mundial-de-la-Migrana-1.jpg","contentUrl":"https:\/\/www.sonoraenequipo.com.mx\/storage\/2026\/09\/Dia-Mundial-de-la-Migrana-1.jpg","width":1000,"height":626},{"@type":"BreadcrumbList","@id":"https:\/\/www.sonoraenequipo.com.mx\/la-migrana-afecta-principalmente-a-las-mujeres-y-es-la-primera-causa-de-discapacidad-entre-las-jovenes\/#breadcrumb","itemListElement":[{"@type":"ListItem","position":1,"name":"Portada","item":"https:\/\/www.sonoraenequipo.com.mx\/"},{"@type":"ListItem","position":2,"name":"La migra\u00f1a afecta principalmente a las mujeres y es la primera causa de discapacidad entre las j\u00f3venes"}]},{"@type":"WebSite","@id":"https:\/\/www.sonoraenequipo.com.mx\/#website","url":"https:\/\/www.sonoraenequipo.com.mx\/","name":"Sonora en Equipo.","description":"Diario en l\u00ednea con Noticias desde Hermosillo, Sonora","publisher":{"@id":"https:\/\/www.sonoraenequipo.com.mx\/#organization"},"potentialAction":[{"@type":"SearchAction","target":{"@type":"EntryPoint","urlTemplate":"https:\/\/www.sonoraenequipo.com.mx\/?s={search_term_string}"},"query-input":{"@type":"PropertyValueSpecification","valueRequired":true,"valueName":"search_term_string"}}],"inLanguage":"es"},{"@type":"Organization","@id":"https:\/\/www.sonoraenequipo.com.mx\/#organization","name":"Sonoraenequipo.com.mx","url":"https:\/\/www.sonoraenequipo.com.mx\/","logo":{"@type":"ImageObject","inLanguage":"es","@id":"https:\/\/www.sonoraenequipo.com.mx\/#\/schema\/logo\/image\/","url":"https:\/\/www.sonoraenequipo.com.mx\/storage\/2019\/01\/sonoraenequipo_opt.png","contentUrl":"https:\/\/www.sonoraenequipo.com.mx\/storage\/2019\/01\/sonoraenequipo_opt.png","width":375,"height":125,"caption":"Sonoraenequipo.com.mx"},"image":{"@id":"https:\/\/www.sonoraenequipo.com.mx\/#\/schema\/logo\/image\/"},"sameAs":["https:\/\/www.facebook.com\/SonoraEE\/","https:\/\/x.com\/sonoraenequipo","https:\/\/www.youtube.com\/channel\/UC338nW-lPEYmJQs4ZABQ1SQ"]},{"@type":"Person","@id":"https:\/\/www.sonoraenequipo.com.mx\/#\/schema\/person\/50102df0fb23a8fa9e8effad8fa81386","name":"enequipo","image":{"@type":"ImageObject","inLanguage":"es","@id":"https:\/\/www.sonoraenequipo.com.mx\/#\/schema\/person\/image\/","url":"https:\/\/secure.gravatar.com\/avatar\/049821681b589dabc0bc20695993ccebb09f5b5d4d790cd9251b97faac7c652b?s=96&d=blank&r=g","contentUrl":"https:\/\/secure.gravatar.com\/avatar\/049821681b589dabc0bc20695993ccebb09f5b5d4d790cd9251b97faac7c652b?s=96&d=blank&r=g","caption":"enequipo"},"sameAs":["https:\/\/www.facebook.com\/SonoraEE"]}]}},"jetpack_featured_media_url":"https:\/\/www.sonoraenequipo.com.mx\/storage\/2026\/09\/Dia-Mundial-de-la-Migrana-1.jpg","_links":{"self":[{"href":"https:\/\/www.sonoraenequipo.com.mx\/api\/wp\/v2\/posts\/251478","targetHints":{"allow":["GET"]}}],"collection":[{"href":"https:\/\/www.sonoraenequipo.com.mx\/api\/wp\/v2\/posts"}],"about":[{"href":"https:\/\/www.sonoraenequipo.com.mx\/api\/wp\/v2\/types\/post"}],"author":[{"embeddable":true,"href":"https:\/\/www.sonoraenequipo.com.mx\/api\/wp\/v2\/users\/1"}],"replies":[{"embeddable":true,"href":"https:\/\/www.sonoraenequipo.com.mx\/api\/wp\/v2\/comments?post=251478"}],"version-history":[{"count":1,"href":"https:\/\/www.sonoraenequipo.com.mx\/api\/wp\/v2\/posts\/251478\/revisions"}],"predecessor-version":[{"id":251491,"href":"https:\/\/www.sonoraenequipo.com.mx\/api\/wp\/v2\/posts\/251478\/revisions\/251491"}],"wp:featuredmedia":[{"embeddable":true,"href":"https:\/\/www.sonoraenequipo.com.mx\/api\/wp\/v2\/media\/251488"}],"wp:attachment":[{"href":"https:\/\/www.sonoraenequipo.com.mx\/api\/wp\/v2\/media?parent=251478"}],"wp:term":[{"taxonomy":"category","embeddable":true,"href":"https:\/\/www.sonoraenequipo.com.mx\/api\/wp\/v2\/categories?post=251478"},{"taxonomy":"post_tag","embeddable":true,"href":"https:\/\/www.sonoraenequipo.com.mx\/api\/wp\/v2\/tags?post=251478"}],"curies":[{"name":"wp","href":"https:\/\/api.w.org\/{rel}","templated":true}]}}