{"id":251479,"date":"2026-09-03T18:00:55","date_gmt":"2026-09-04T01:00:55","guid":{"rendered":"https:\/\/www.sonoraenequipo.com.mx\/?p=251479"},"modified":"2026-09-03T17:51:51","modified_gmt":"2026-09-04T00:51:51","slug":"avance-de-45-lleva-primer-parque-en-hermosillo-para-infantes-con-autismo-tono-astiazaran","status":"publish","type":"post","link":"https:\/\/www.sonoraenequipo.com.mx\/avance-de-45-lleva-primer-parque-en-hermosillo-para-infantes-con-autismo-tono-astiazaran\/","title":{"rendered":"Avance de 45% lleva primer parque en Hermosillo para infantes \u00a0con autismo: To\u00f1o Astiazar\u00e1n"},"content":{"rendered":"<p><strong>HERMOSILLO, SONORA, MX. \u2014<\/strong> El presidente municipal Antonio Astiazar\u00e1n Guti\u00e9rrez supervis\u00f3 la primera etapa de construcci\u00f3n y equipamiento del parque para ni\u00f1as y ni\u00f1os con trastorno del espectro autista (TEA), ubicado en el bulevar Paseo de las Rivieras, en la colonia Rivello Residencial.<\/p>\n<p>&nbsp;<\/p>\n<p>Acompa\u00f1ado por Astart\u00e9 Corro Ruiz, directora de Desarrollo de Infraestructura y Madeleine Bonnafoux, directora de DIF Hermosillo, To\u00f1o Astiazar\u00e1n recorri\u00f3 la obra para conocer sus avances y refrendar su compromiso con la creaci\u00f3n de espacios seguros e inclusivos para la ni\u00f1ez hermosillense, con especial atenci\u00f3n a las necesidades de ni\u00f1as y ni\u00f1os con autismo.<\/p>\n<div id='gallery-1' class='gallery galleryid-251479 gallery-columns-3 gallery-size-thumbnail'><figure class='gallery-item'>\n\t\t\t<div class='gallery-icon landscape'>\n\t\t\t\t<a href='https:\/\/www.sonoraenequipo.com.mx\/avance-de-45-lleva-primer-parque-en-hermosillo-para-infantes-con-autismo-tono-astiazaran\/parque-autismo-1\/'><img width=\"420\" height=\"280\" src=\"https:\/\/www.sonoraenequipo.com.mx\/storage\/2026\/09\/parque-autismo-1-420x280.jpg\" class=\"attachment-thumbnail size-thumbnail\" alt=\"parque autismo 1\" srcset=\"https:\/\/www.sonoraenequipo.com.mx\/storage\/2026\/09\/parque-autismo-1-420x280.jpg 420w, https:\/\/www.sonoraenequipo.com.mx\/storage\/2026\/09\/parque-autismo-1-548x365.jpg 548w, https:\/\/www.sonoraenequipo.com.mx\/storage\/2026\/09\/parque-autismo-1-272x182.jpg 272w, https:\/\/www.sonoraenequipo.com.mx\/storage\/2026\/09\/parque-autismo-1.jpg 600w\" sizes=\"auto, (max-width: 420px) 100vw, 420px\" loading=\"lazy\" decoding=\"async\" \/><\/a>\n\t\t\t<\/div><\/figure><figure class='gallery-item'>\n\t\t\t<div class='gallery-icon landscape'>\n\t\t\t\t<a href='https:\/\/www.sonoraenequipo.com.mx\/avance-de-45-lleva-primer-parque-en-hermosillo-para-infantes-con-autismo-tono-astiazaran\/parque-autismo-2\/'><img width=\"420\" height=\"280\" src=\"https:\/\/www.sonoraenequipo.com.mx\/storage\/2026\/09\/parque-autismo-2-420x280.jpg\" class=\"attachment-thumbnail size-thumbnail\" alt=\"parque autismo 2\" srcset=\"https:\/\/www.sonoraenequipo.com.mx\/storage\/2026\/09\/parque-autismo-2-420x280.jpg 420w, https:\/\/www.sonoraenequipo.com.mx\/storage\/2026\/09\/parque-autismo-2-548x365.jpg 548w, https:\/\/www.sonoraenequipo.com.mx\/storage\/2026\/09\/parque-autismo-2-272x182.jpg 272w, https:\/\/www.sonoraenequipo.com.mx\/storage\/2026\/09\/parque-autismo-2.jpg 600w\" sizes=\"auto, (max-width: 420px) 100vw, 420px\" loading=\"lazy\" decoding=\"async\" \/><\/a>\n\t\t\t<\/div><\/figure><figure class='gallery-item'>\n\t\t\t<div class='gallery-icon landscape'>\n\t\t\t\t<a href='https:\/\/www.sonoraenequipo.com.mx\/avance-de-45-lleva-primer-parque-en-hermosillo-para-infantes-con-autismo-tono-astiazaran\/parque-autismo-3\/'><img width=\"420\" height=\"280\" src=\"https:\/\/www.sonoraenequipo.com.mx\/storage\/2026\/09\/parque-autismo-3-420x280.jpg\" class=\"attachment-thumbnail size-thumbnail\" alt=\"parque autismo 3\" srcset=\"https:\/\/www.sonoraenequipo.com.mx\/storage\/2026\/09\/parque-autismo-3-420x280.jpg 420w, https:\/\/www.sonoraenequipo.com.mx\/storage\/2026\/09\/parque-autismo-3-548x365.jpg 548w, https:\/\/www.sonoraenequipo.com.mx\/storage\/2026\/09\/parque-autismo-3-272x182.jpg 272w, https:\/\/www.sonoraenequipo.com.mx\/storage\/2026\/09\/parque-autismo-3.jpg 600w\" sizes=\"auto, (max-width: 420px) 100vw, 420px\" loading=\"lazy\" decoding=\"async\" \/><\/a>\n\t\t\t<\/div><\/figure>\n\t\t<\/div>\n\n<p>&nbsp;<\/p>\n<p>\u201cMe da mucho gusto saber que la obra va avanzando con los tiempos que nos propusimos. La verdad es que esto es un sue\u00f1o de mucha gente. Cuando se tuvo la iniciativa de involucrar a todas y todos los comit\u00e9s CRECES, toda la gente para que saliera votar\u2026 la verdad que es emp\u00e1tica la gente de Hermosillo, abraza las causas\u201d, expres\u00f3 To\u00f1o Astiazar\u00e1n.<\/p>\n<p>&nbsp;<\/p>\n<p>La primera etapa del parque presenta un avance f\u00edsico del 45 por ciento, con una inversi\u00f3n de 24 millones 613 mil 311 pesos, recursos provenientes en su totalidad del Gobierno Municipal.<\/p>\n<p>&nbsp;<\/p>\n<p>To\u00f1o Astiazar\u00e1n destac\u00f3 la empat\u00eda y participaci\u00f3n de los integrantes de los comit\u00e9s CRECES, al recordar que el parque para ni\u00f1as y ni\u00f1os con autismo fue el proyecto ganador de la categor\u00eda Ciudad del Presupuesto CRECES, con m\u00e1s de 38 mil votos, convirti\u00e9ndose en la propuesta con mayor respaldo ciudadano durante este proceso.<\/p>\n<p>&nbsp;<\/p>\n<p>La directora de Desarrollo de Infraestructura, Astart\u00e9 Corro Ruiz, detall\u00f3 que el parque contar\u00e1 con un \u00e1rea de juegos inclusiva con piso amortiguante, dise\u00f1ada para favorecer la convivencia; una zona de calma para brindar tranquilidad; un \u00e1rea sensorial con piso de caucho; zona de descanso con mesas sombreadas y ba\u00f1os.<\/p>\n<p>&nbsp;<\/p>\n<p>Tambi\u00e9n contar\u00e1 con caminos y mamparas para paseos, \u00e1reas de jardiner\u00eda, sistema de riego y cerco perimetral, como parte de una infraestructura dise\u00f1ada para ofrecer diferentes espacios de convivencia, descanso y estimulaci\u00f3n para ni\u00f1as y ni\u00f1os con TEA.<\/p>\n<p>&nbsp;<\/p>\n<p>En el recorrido y supervisi\u00f3n de la obra acompa\u00f1aron al presidente municipal la tesorera Flor Ayala Robles; Lissete L\u00f3pez, directora de Inspecci\u00f3n y Vigilancia; Agust\u00edn Rodr\u00edguez, diputado federal, y Oscar Gast\u00e9lum, director de la Agencia Municipal de Desarrollo Econ\u00f3mico.<\/p>\n<p><strong>Fecha de publicaci\u00f3n jueves 3 de septiembre de 2026<\/strong><\/p>\n","protected":false},"excerpt":{"rendered":"<p>HERMOSILLO, SONORA, MX. \u2014 El presidente municipal Antonio Astiazar\u00e1n Guti\u00e9rrez supervis\u00f3 la primera etapa de&#8230;<\/p>\n","protected":false},"author":1,"featured_media":251483,"comment_status":"open","ping_status":"open","sticky":false,"template":"","format":"standard","meta":{"_monsterinsights_skip_tracking":false,"_monsterinsights_sitenote_active":false,"_monsterinsights_sitenote_note":"","_monsterinsights_sitenote_category":0,"footnotes":""},"categories":[4],"tags":[35,13048,6026],"class_list":["post"],"yoast_head":" \n<title>Sonora en Equipo. Avance de 45% lleva primer parque en Hermosillo para infantes \u00a0con autismo: To\u00f1o Astiazar\u00e1n Municipios<\/title>\n<meta name=\"description\" content=\"HERMOSILLO, SONORA, MX. \u2014 El presidente municipal Antonio Astiazar\u00e1n Guti\u00e9rrez supervis\u00f3 la primera etapa de construcci\u00f3n y equipamiento del parque para En Sonora en Equipo publicamos toda la informaci\u00f3n de Sonora, M\u00e9xico y el Mundo de manera oportuna y busca que la libertad de expresi\u00f3n sea real. Visita nuestro medio informativo publicado desde Hermosillo, Sonora. %\" \/>\n<meta name=\"robots\" content=\"index, follow, max-snippet:-1, max-image-preview:large, max-video-preview:-1\" \/>\n<link rel=\"canonical\" href=\"https:\/\/www.sonoraenequipo.com.mx\/avance-de-45-lleva-primer-parque-en-hermosillo-para-infantes-con-autismo-tono-astiazaran\/\" \/>\n<meta property=\"og:locale\" content=\"es_ES\" \/>\n<meta property=\"og:type\" content=\"article\" \/>\n<meta property=\"og:title\" content=\"Sonora en Equipo. Avance de 45% lleva primer parque en Hermosillo para infantes \u00a0con autismo: To\u00f1o Astiazar\u00e1n Municipios\" \/>\n<meta property=\"og:description\" content=\"HERMOSILLO, SONORA, MX. \u2014 El presidente municipal Antonio Astiazar\u00e1n Guti\u00e9rrez supervis\u00f3 la primera etapa de construcci\u00f3n y equipamiento del parque para En Sonora en Equipo publicamos toda la informaci\u00f3n de Sonora, M\u00e9xico y el Mundo de manera oportuna y busca que la libertad de expresi\u00f3n sea real. Visita nuestro medio informativo publicado desde Hermosillo, Sonora. %\" \/>\n<meta property=\"og:url\" content=\"https:\/\/www.sonoraenequipo.com.mx\/avance-de-45-lleva-primer-parque-en-hermosillo-para-infantes-con-autismo-tono-astiazaran\/\" \/>\n<meta property=\"og:site_name\" content=\"Sonora en Equipo.\" \/>\n<meta property=\"article:publisher\" content=\"https:\/\/www.facebook.com\/SonoraEE\/\" \/>\n<meta property=\"article:author\" content=\"https:\/\/www.facebook.com\/SonoraEE\" \/>\n<meta property=\"article:published_time\" content=\"2026-09-04T01:00:55+00:00\" \/>\n<meta property=\"og:image\" content=\"https:\/\/www.sonoraenequipo.com.mx\/storage\/2026\/09\/tono-parque-autismo.jpg\" \/>\n\t<meta property=\"og:image:width\" content=\"600\" \/>\n\t<meta property=\"og:image:height\" content=\"400\" \/>\n\t<meta property=\"og:image:type\" content=\"image\/jpeg\" \/>\n<meta name=\"author\" content=\"enequipo\" \/>\n<meta name=\"twitter:card\" content=\"summary_large_image\" \/>\n<meta name=\"twitter:creator\" content=\"@sonoraenequipo\" \/>\n<meta name=\"twitter:site\" content=\"@sonoraenequipo\" \/>\n<meta name=\"twitter:label1\" content=\"Escrito por\" \/>\n\t<meta name=\"twitter:data1\" content=\"enequipo\" \/>\n\t<meta name=\"twitter:label2\" content=\"Tiempo de lectura\" \/>\n\t<meta name=\"twitter:data2\" content=\"2 minutos\" \/>\n<script type=\"application\/ld+json\" class=\"yoast-schema-graph\">{\"@context\":\"https:\/\/schema.org\",\"@graph\":[{\"@type\":\"Article\",\"@id\":\"https:\/\/www.sonoraenequipo.com.mx\/avance-de-45-lleva-primer-parque-en-hermosillo-para-infantes-con-autismo-tono-astiazaran\/#article\",\"isPartOf\":{\"@id\":\"https:\/\/www.sonoraenequipo.com.mx\/avance-de-45-lleva-primer-parque-en-hermosillo-para-infantes-con-autismo-tono-astiazaran\/\"},\"author\":{\"name\":\"enequipo\",\"@id\":\"https:\/\/www.sonoraenequipo.com.mx\/#\/schema\/person\/50102df0fb23a8fa9e8effad8fa81386\"},\"headline\":\"Avance de 45% lleva primer parque en Hermosillo para infantes \u00a0con autismo: To\u00f1o Astiazar\u00e1n\",\"datePublished\":\"2026-09-04T01:00:55+00:00\",\"mainEntityOfPage\":{\"@id\":\"https:\/\/www.sonoraenequipo.com.mx\/avance-de-45-lleva-primer-parque-en-hermosillo-para-infantes-con-autismo-tono-astiazaran\/\"},\"wordCount\":443,\"commentCount\":0,\"publisher\":{\"@id\":\"https:\/\/www.sonoraenequipo.com.mx\/#organization\"},\"image\":{\"@id\":\"https:\/\/www.sonoraenequipo.com.mx\/avance-de-45-lleva-primer-parque-en-hermosillo-para-infantes-con-autismo-tono-astiazaran\/#primaryimage\"},\"thumbnailUrl\":\"https:\/\/www.sonoraenequipo.com.mx\/storage\/2026\/09\/tono-parque-autismo.jpg\",\"keywords\":[\"hermosillo\",\"parque para ni\u00f1os autistas\",\"to\u00f1o astiazaran\"],\"articleSection\":[\"Municipios\"],\"inLanguage\":\"es\",\"potentialAction\":[{\"@type\":\"CommentAction\",\"name\":\"Comment\",\"target\":[\"https:\/\/www.sonoraenequipo.com.mx\/avance-de-45-lleva-primer-parque-en-hermosillo-para-infantes-con-autismo-tono-astiazaran\/#respond\"]}]},{\"@type\":\"WebPage\",\"@id\":\"https:\/\/www.sonoraenequipo.com.mx\/avance-de-45-lleva-primer-parque-en-hermosillo-para-infantes-con-autismo-tono-astiazaran\/\",\"url\":\"https:\/\/www.sonoraenequipo.com.mx\/avance-de-45-lleva-primer-parque-en-hermosillo-para-infantes-con-autismo-tono-astiazaran\/\",\"name\":\"Sonora en Equipo. Avance de 45% lleva primer parque en Hermosillo para infantes \u00a0con autismo: To\u00f1o Astiazar\u00e1n Municipios\",\"isPartOf\":{\"@id\":\"https:\/\/www.sonoraenequipo.com.mx\/#website\"},\"primaryImageOfPage\":{\"@id\":\"https:\/\/www.sonoraenequipo.com.mx\/avance-de-45-lleva-primer-parque-en-hermosillo-para-infantes-con-autismo-tono-astiazaran\/#primaryimage\"},\"image\":{\"@id\":\"https:\/\/www.sonoraenequipo.com.mx\/avance-de-45-lleva-primer-parque-en-hermosillo-para-infantes-con-autismo-tono-astiazaran\/#primaryimage\"},\"thumbnailUrl\":\"https:\/\/www.sonoraenequipo.com.mx\/storage\/2026\/09\/tono-parque-autismo.jpg\",\"datePublished\":\"2026-09-04T01:00:55+00:00\",\"description\":\"HERMOSILLO, SONORA, MX. \u2014 El presidente municipal Antonio Astiazar\u00e1n Guti\u00e9rrez supervis\u00f3 la primera etapa de construcci\u00f3n y equipamiento del parque para En Sonora en Equipo publicamos toda la informaci\u00f3n de Sonora, M\u00e9xico y el Mundo de manera oportuna y busca que la libertad de expresi\u00f3n sea real. Visita nuestro medio informativo publicado desde Hermosillo, Sonora. %\",\"breadcrumb\":{\"@id\":\"https:\/\/www.sonoraenequipo.com.mx\/avance-de-45-lleva-primer-parque-en-hermosillo-para-infantes-con-autismo-tono-astiazaran\/#breadcrumb\"},\"inLanguage\":\"es\",\"potentialAction\":[{\"@type\":\"ReadAction\",\"target\":[\"https:\/\/www.sonoraenequipo.com.mx\/avance-de-45-lleva-primer-parque-en-hermosillo-para-infantes-con-autismo-tono-astiazaran\/\"]}]},{\"@type\":\"ImageObject\",\"inLanguage\":\"es\",\"@id\":\"https:\/\/www.sonoraenequipo.com.mx\/avance-de-45-lleva-primer-parque-en-hermosillo-para-infantes-con-autismo-tono-astiazaran\/#primaryimage\",\"url\":\"https:\/\/www.sonoraenequipo.com.mx\/storage\/2026\/09\/tono-parque-autismo.jpg\",\"contentUrl\":\"https:\/\/www.sonoraenequipo.com.mx\/storage\/2026\/09\/tono-parque-autismo.jpg\",\"width\":600,\"height\":400},{\"@type\":\"BreadcrumbList\",\"@id\":\"https:\/\/www.sonoraenequipo.com.mx\/avance-de-45-lleva-primer-parque-en-hermosillo-para-infantes-con-autismo-tono-astiazaran\/#breadcrumb\",\"itemListElement\":[{\"@type\":\"ListItem\",\"position\":1,\"name\":\"Portada\",\"item\":\"https:\/\/www.sonoraenequipo.com.mx\/\"},{\"@type\":\"ListItem\",\"position\":2,\"name\":\"Avance de 45% lleva primer parque en Hermosillo para infantes \u00a0con autismo: To\u00f1o Astiazar\u00e1n\"}]},{\"@type\":\"WebSite\",\"@id\":\"https:\/\/www.sonoraenequipo.com.mx\/#website\",\"url\":\"https:\/\/www.sonoraenequipo.com.mx\/\",\"name\":\"Sonora en Equipo.\",\"description\":\"Diario en l\u00ednea con Noticias desde Hermosillo, Sonora\",\"publisher\":{\"@id\":\"https:\/\/www.sonoraenequipo.com.mx\/#organization\"},\"potentialAction\":[{\"@type\":\"SearchAction\",\"target\":{\"@type\":\"EntryPoint\",\"urlTemplate\":\"https:\/\/www.sonoraenequipo.com.mx\/?s={search_term_string}\"},\"query-input\":{\"@type\":\"PropertyValueSpecification\",\"valueRequired\":true,\"valueName\":\"search_term_string\"}}],\"inLanguage\":\"es\"},{\"@type\":\"Organization\",\"@id\":\"https:\/\/www.sonoraenequipo.com.mx\/#organization\",\"name\":\"Sonoraenequipo.com.mx\",\"url\":\"https:\/\/www.sonoraenequipo.com.mx\/\",\"logo\":{\"@type\":\"ImageObject\",\"inLanguage\":\"es\",\"@id\":\"https:\/\/www.sonoraenequipo.com.mx\/#\/schema\/logo\/image\/\",\"url\":\"https:\/\/www.sonoraenequipo.com.mx\/storage\/2019\/01\/sonoraenequipo_opt.png\",\"contentUrl\":\"https:\/\/www.sonoraenequipo.com.mx\/storage\/2019\/01\/sonoraenequipo_opt.png\",\"width\":375,\"height\":125,\"caption\":\"Sonoraenequipo.com.mx\"},\"image\":{\"@id\":\"https:\/\/www.sonoraenequipo.com.mx\/#\/schema\/logo\/image\/\"},\"sameAs\":[\"https:\/\/www.facebook.com\/SonoraEE\/\",\"https:\/\/x.com\/sonoraenequipo\",\"https:\/\/www.youtube.com\/channel\/UC338nW-lPEYmJQs4ZABQ1SQ\"]},{\"@type\":\"Person\",\"@id\":\"https:\/\/www.sonoraenequipo.com.mx\/#\/schema\/person\/50102df0fb23a8fa9e8effad8fa81386\",\"name\":\"enequipo\",\"image\":{\"@type\":\"ImageObject\",\"inLanguage\":\"es\",\"@id\":\"https:\/\/www.sonoraenequipo.com.mx\/#\/schema\/person\/image\/\",\"url\":\"https:\/\/secure.gravatar.com\/avatar\/049821681b589dabc0bc20695993ccebb09f5b5d4d790cd9251b97faac7c652b?s=96&d=blank&r=g\",\"contentUrl\":\"https:\/\/secure.gravatar.com\/avatar\/049821681b589dabc0bc20695993ccebb09f5b5d4d790cd9251b97faac7c652b?s=96&d=blank&r=g\",\"caption\":\"enequipo\"},\"sameAs\":[\"https:\/\/www.facebook.com\/SonoraEE\"]}]}<\/script>\n ","yoast_head_json":{"title":"Sonora en Equipo. Avance de 45% lleva primer parque en Hermosillo para infantes \u00a0con autismo: To\u00f1o Astiazar\u00e1n Municipios","description":"HERMOSILLO, SONORA, MX. \u2014 El presidente municipal Antonio Astiazar\u00e1n Guti\u00e9rrez supervis\u00f3 la primera etapa de construcci\u00f3n y equipamiento del parque para En Sonora en Equipo publicamos toda la informaci\u00f3n de Sonora, M\u00e9xico y el Mundo de manera oportuna y busca que la libertad de expresi\u00f3n sea real. Visita nuestro medio informativo publicado desde Hermosillo, Sonora. %","robots":{"index":"index","follow":"follow","max-snippet":"max-snippet:-1","max-image-preview":"max-image-preview:large","max-video-preview":"max-video-preview:-1"},"canonical":"https:\/\/www.sonoraenequipo.com.mx\/avance-de-45-lleva-primer-parque-en-hermosillo-para-infantes-con-autismo-tono-astiazaran\/","og_locale":"es_ES","og_type":"article","og_title":"Sonora en Equipo. Avance de 45% lleva primer parque en Hermosillo para infantes \u00a0con autismo: To\u00f1o Astiazar\u00e1n Municipios","og_description":"HERMOSILLO, SONORA, MX. \u2014 El presidente municipal Antonio Astiazar\u00e1n Guti\u00e9rrez supervis\u00f3 la primera etapa de construcci\u00f3n y equipamiento del parque para En Sonora en Equipo publicamos toda la informaci\u00f3n de Sonora, M\u00e9xico y el Mundo de manera oportuna y busca que la libertad de expresi\u00f3n sea real. Visita nuestro medio informativo publicado desde Hermosillo, Sonora. %","og_url":"https:\/\/www.sonoraenequipo.com.mx\/avance-de-45-lleva-primer-parque-en-hermosillo-para-infantes-con-autismo-tono-astiazaran\/","og_site_name":"Sonora en Equipo.","article_publisher":"https:\/\/www.facebook.com\/SonoraEE\/","article_author":"https:\/\/www.facebook.com\/SonoraEE","article_published_time":"2026-09-04T01:00:55+00:00","og_image":[{"width":600,"height":400,"url":"https:\/\/www.sonoraenequipo.com.mx\/storage\/2026\/09\/tono-parque-autismo.jpg","type":"image\/jpeg"}],"author":"enequipo","twitter_card":"summary_large_image","twitter_creator":"@sonoraenequipo","twitter_site":"@sonoraenequipo","twitter_misc":{"Escrito por":"enequipo","Tiempo de lectura":"2 minutos"},"schema":{"@context":"https:\/\/schema.org","@graph":[{"@type":"Article","@id":"https:\/\/www.sonoraenequipo.com.mx\/avance-de-45-lleva-primer-parque-en-hermosillo-para-infantes-con-autismo-tono-astiazaran\/#article","isPartOf":{"@id":"https:\/\/www.sonoraenequipo.com.mx\/avance-de-45-lleva-primer-parque-en-hermosillo-para-infantes-con-autismo-tono-astiazaran\/"},"author":{"name":"enequipo","@id":"https:\/\/www.sonoraenequipo.com.mx\/#\/schema\/person\/50102df0fb23a8fa9e8effad8fa81386"},"headline":"Avance de 45% lleva primer parque en Hermosillo para infantes \u00a0con autismo: To\u00f1o Astiazar\u00e1n","datePublished":"2026-09-04T01:00:55+00:00","mainEntityOfPage":{"@id":"https:\/\/www.sonoraenequipo.com.mx\/avance-de-45-lleva-primer-parque-en-hermosillo-para-infantes-con-autismo-tono-astiazaran\/"},"wordCount":443,"commentCount":0,"publisher":{"@id":"https:\/\/www.sonoraenequipo.com.mx\/#organization"},"image":{"@id":"https:\/\/www.sonoraenequipo.com.mx\/avance-de-45-lleva-primer-parque-en-hermosillo-para-infantes-con-autismo-tono-astiazaran\/#primaryimage"},"thumbnailUrl":"https:\/\/www.sonoraenequipo.com.mx\/storage\/2026\/09\/tono-parque-autismo.jpg","keywords":["hermosillo","parque para ni\u00f1os autistas","to\u00f1o astiazaran"],"articleSection":["Municipios"],"inLanguage":"es","potentialAction":[{"@type":"CommentAction","name":"Comment","target":["https:\/\/www.sonoraenequipo.com.mx\/avance-de-45-lleva-primer-parque-en-hermosillo-para-infantes-con-autismo-tono-astiazaran\/#respond"]}]},{"@type":"WebPage","@id":"https:\/\/www.sonoraenequipo.com.mx\/avance-de-45-lleva-primer-parque-en-hermosillo-para-infantes-con-autismo-tono-astiazaran\/","url":"https:\/\/www.sonoraenequipo.com.mx\/avance-de-45-lleva-primer-parque-en-hermosillo-para-infantes-con-autismo-tono-astiazaran\/","name":"Sonora en Equipo. Avance de 45% lleva primer parque en Hermosillo para infantes \u00a0con autismo: To\u00f1o Astiazar\u00e1n Municipios","isPartOf":{"@id":"https:\/\/www.sonoraenequipo.com.mx\/#website"},"primaryImageOfPage":{"@id":"https:\/\/www.sonoraenequipo.com.mx\/avance-de-45-lleva-primer-parque-en-hermosillo-para-infantes-con-autismo-tono-astiazaran\/#primaryimage"},"image":{"@id":"https:\/\/www.sonoraenequipo.com.mx\/avance-de-45-lleva-primer-parque-en-hermosillo-para-infantes-con-autismo-tono-astiazaran\/#primaryimage"},"thumbnailUrl":"https:\/\/www.sonoraenequipo.com.mx\/storage\/2026\/09\/tono-parque-autismo.jpg","datePublished":"2026-09-04T01:00:55+00:00","description":"HERMOSILLO, SONORA, MX. \u2014 El presidente municipal Antonio Astiazar\u00e1n Guti\u00e9rrez supervis\u00f3 la primera etapa de construcci\u00f3n y equipamiento del parque para En Sonora en Equipo publicamos toda la informaci\u00f3n de Sonora, M\u00e9xico y el Mundo de manera oportuna y busca que la libertad de expresi\u00f3n sea real. Visita nuestro medio informativo publicado desde Hermosillo, Sonora. %","breadcrumb":{"@id":"https:\/\/www.sonoraenequipo.com.mx\/avance-de-45-lleva-primer-parque-en-hermosillo-para-infantes-con-autismo-tono-astiazaran\/#breadcrumb"},"inLanguage":"es","potentialAction":[{"@type":"ReadAction","target":["https:\/\/www.sonoraenequipo.com.mx\/avance-de-45-lleva-primer-parque-en-hermosillo-para-infantes-con-autismo-tono-astiazaran\/"]}]},{"@type":"ImageObject","inLanguage":"es","@id":"https:\/\/www.sonoraenequipo.com.mx\/avance-de-45-lleva-primer-parque-en-hermosillo-para-infantes-con-autismo-tono-astiazaran\/#primaryimage","url":"https:\/\/www.sonoraenequipo.com.mx\/storage\/2026\/09\/tono-parque-autismo.jpg","contentUrl":"https:\/\/www.sonoraenequipo.com.mx\/storage\/2026\/09\/tono-parque-autismo.jpg","width":600,"height":400},{"@type":"BreadcrumbList","@id":"https:\/\/www.sonoraenequipo.com.mx\/avance-de-45-lleva-primer-parque-en-hermosillo-para-infantes-con-autismo-tono-astiazaran\/#breadcrumb","itemListElement":[{"@type":"ListItem","position":1,"name":"Portada","item":"https:\/\/www.sonoraenequipo.com.mx\/"},{"@type":"ListItem","position":2,"name":"Avance de 45% lleva primer parque en Hermosillo para infantes \u00a0con autismo: To\u00f1o Astiazar\u00e1n"}]},{"@type":"WebSite","@id":"https:\/\/www.sonoraenequipo.com.mx\/#website","url":"https:\/\/www.sonoraenequipo.com.mx\/","name":"Sonora en Equipo.","description":"Diario en l\u00ednea con Noticias desde Hermosillo, Sonora","publisher":{"@id":"https:\/\/www.sonoraenequipo.com.mx\/#organization"},"potentialAction":[{"@type":"SearchAction","target":{"@type":"EntryPoint","urlTemplate":"https:\/\/www.sonoraenequipo.com.mx\/?s={search_term_string}"},"query-input":{"@type":"PropertyValueSpecification","valueRequired":true,"valueName":"search_term_string"}}],"inLanguage":"es"},{"@type":"Organization","@id":"https:\/\/www.sonoraenequipo.com.mx\/#organization","name":"Sonoraenequipo.com.mx","url":"https:\/\/www.sonoraenequipo.com.mx\/","logo":{"@type":"ImageObject","inLanguage":"es","@id":"https:\/\/www.sonoraenequipo.com.mx\/#\/schema\/logo\/image\/","url":"https:\/\/www.sonoraenequipo.com.mx\/storage\/2019\/01\/sonoraenequipo_opt.png","contentUrl":"https:\/\/www.sonoraenequipo.com.mx\/storage\/2019\/01\/sonoraenequipo_opt.png","width":375,"height":125,"caption":"Sonoraenequipo.com.mx"},"image":{"@id":"https:\/\/www.sonoraenequipo.com.mx\/#\/schema\/logo\/image\/"},"sameAs":["https:\/\/www.facebook.com\/SonoraEE\/","https:\/\/x.com\/sonoraenequipo","https:\/\/www.youtube.com\/channel\/UC338nW-lPEYmJQs4ZABQ1SQ"]},{"@type":"Person","@id":"https:\/\/www.sonoraenequipo.com.mx\/#\/schema\/person\/50102df0fb23a8fa9e8effad8fa81386","name":"enequipo","image":{"@type":"ImageObject","inLanguage":"es","@id":"https:\/\/www.sonoraenequipo.com.mx\/#\/schema\/person\/image\/","url":"https:\/\/secure.gravatar.com\/avatar\/049821681b589dabc0bc20695993ccebb09f5b5d4d790cd9251b97faac7c652b?s=96&d=blank&r=g","contentUrl":"https:\/\/secure.gravatar.com\/avatar\/049821681b589dabc0bc20695993ccebb09f5b5d4d790cd9251b97faac7c652b?s=96&d=blank&r=g","caption":"enequipo"},"sameAs":["https:\/\/www.facebook.com\/SonoraEE"]}]}},"jetpack_featured_media_url":"https:\/\/www.sonoraenequipo.com.mx\/storage\/2026\/09\/tono-parque-autismo.jpg","_links":{"self":[{"href":"https:\/\/www.sonoraenequipo.com.mx\/api\/wp\/v2\/posts\/251479","targetHints":{"allow":["GET"]}}],"collection":[{"href":"https:\/\/www.sonoraenequipo.com.mx\/api\/wp\/v2\/posts"}],"about":[{"href":"https:\/\/www.sonoraenequipo.com.mx\/api\/wp\/v2\/types\/post"}],"author":[{"embeddable":true,"href":"https:\/\/www.sonoraenequipo.com.mx\/api\/wp\/v2\/users\/1"}],"replies":[{"embeddable":true,"href":"https:\/\/www.sonoraenequipo.com.mx\/api\/wp\/v2\/comments?post=251479"}],"version-history":[{"count":1,"href":"https:\/\/www.sonoraenequipo.com.mx\/api\/wp\/v2\/posts\/251479\/revisions"}],"predecessor-version":[{"id":251484,"href":"https:\/\/www.sonoraenequipo.com.mx\/api\/wp\/v2\/posts\/251479\/revisions\/251484"}],"wp:featuredmedia":[{"embeddable":true,"href":"https:\/\/www.sonoraenequipo.com.mx\/api\/wp\/v2\/media\/251483"}],"wp:attachment":[{"href":"https:\/\/www.sonoraenequipo.com.mx\/api\/wp\/v2\/media?parent=251479"}],"wp:term":[{"taxonomy":"category","embeddable":true,"href":"https:\/\/www.sonoraenequipo.com.mx\/api\/wp\/v2\/categories?post=251479"},{"taxonomy":"post_tag","embeddable":true,"href":"https:\/\/www.sonoraenequipo.com.mx\/api\/wp\/v2\/tags?post=251479"}],"curies":[{"name":"wp","href":"https:\/\/api.w.org\/{rel}","templated":true}]}}