{"id":251494,"date":"2026-09-03T08:01:30","date_gmt":"2026-09-03T15:01:30","guid":{"rendered":"https:\/\/www.sonoraenequipo.com.mx\/?p=251494"},"modified":"2026-09-03T18:07:18","modified_gmt":"2026-09-04T01:07:18","slug":"par-de-sonorenses-terminan-en-top-del-campeonato-mundial-de-boccia-2026","status":"publish","type":"post","link":"https:\/\/www.sonoraenequipo.com.mx\/par-de-sonorenses-terminan-en-top-del-campeonato-mundial-de-boccia-2026\/","title":{"rendered":"Par de sonorenses terminan en top del Campeonato Mundial de Boccia 2026"},"content":{"rendered":"<p><strong>HERMOSILLO, SONORA. MX. \u2014 <\/strong> Los seleccionados nacionales de boccia, Dubier Paredes y Rogelio Alexis Gonz\u00e1lez, se ubicaron en el Top 10 en la modalidad individual de su categor\u00eda, en el Campeonato Mundial de la especialidad, en el que participaron como parte del equipo mexicano en Se\u00fal, Corea del Sur.<\/p>\n<p>&nbsp;<\/p>\n<p>&nbsp;<\/p>\n<p>Paredes Moroyoqui termin\u00f3 en la sexta posici\u00f3n global, mientras que Gonz\u00e1lez Quiroz logr\u00f3 colocarse en el octavo sitio, dentro de la categor\u00eda BC2 varonil, en donde participaron 24 competidores provenientes de 21 naciones.<\/p>\n<p>&nbsp;<\/p>\n<p>&nbsp;<\/p>\n<p>En el caso de Dubier Paredes, el sonorense consigui\u00f3 par de triunfos en el round robin despu\u00e9s de vencer al coreano Minkyu Seo (8-1) y al croata Luka Wagner (en desempate tras culminar 5-5). Posteriormente, en octavos, venci\u00f3 7-4 a Luis Cristaldo de Argentina, pero en cuartos de final cay\u00f3 1-4 con el chino Zhiqiang Yan.<\/p>\n<p>&nbsp;<\/p>\n<p>&nbsp;<\/p>\n<p>Por su parte Rogelio Alexis Gonz\u00e1lez tambi\u00e9n estuvo perfecto en la fase preliminar al sacar victorias sobre Maciel Santos (5-2) y Mario Sayers (4-1), de Brasil y El Salvador, respectivamente. Enseguida, en octavos, dobleg\u00f3 6-4 al japon\u00e9s Takayuki Hirose, sin embargo, en los cuartos de final cay\u00f3 8-0 con el tailand\u00e9s Worawut Saengampa.<\/p>\n<p><img loading=\"lazy\" decoding=\"async\" class=\"x-center  size-full\" src=\"https:\/\/www.sonoraenequipo.com.mx\/storage\/2026\/09\/Par-de-sonorenses-terminan-en-top-del-Campeonato-Mundial-de-Boccia-2026.jpg\" alt=\"\" width=\"1200\" height=\"985\" \/><\/p>\n<p>Cabe destacar que la selecci\u00f3n nacional azteca conquist\u00f3 una hist\u00f3rica medalla de plata de parte de Eduardo S\u00e1nchez, para convertirse en el primer mexicano en subirse al podio en un Campeonato Mundial de Boccia, tras agenciarse el subcampeonato individual en la categor\u00eda BC1 varonil.<\/p>\n<p>&nbsp;<\/p>\n<p>&nbsp;<\/p>\n<p>PUBLICADO EL 03 SEPT DE 2026 Con informaci\u00f3n de GOBSON 0926\/023)<\/p>\n","protected":false},"excerpt":{"rendered":"<p>HERMOSILLO, SONORA. MX. \u2014 Los seleccionados nacionales de boccia, Dubier Paredes y Rogelio Alexis Gonz\u00e1lez,&#8230;<\/p>\n","protected":false},"author":1,"featured_media":251466,"comment_status":"open","ping_status":"open","sticky":false,"template":"","format":"standard","meta":{"_monsterinsights_skip_tracking":false,"_monsterinsights_sitenote_active":false,"_monsterinsights_sitenote_note":"","_monsterinsights_sitenote_category":0,"footnotes":""},"categories":[10],"tags":[],"class_list":["post"],"yoast_head":" \n<title>Sonora en Equipo. Par de sonorenses terminan en top del Campeonato Mundial de Boccia 2026 Deportes<\/title>\n<meta name=\"description\" content=\"HERMOSILLO, SONORA. MX. \u2014 Los seleccionados nacionales de boccia, Dubier Paredes y Rogelio Alexis Gonz\u00e1lez, se ubicaron en el Top 10 en la modalidad En Sonora en Equipo publicamos toda la informaci\u00f3n de Sonora, M\u00e9xico y el Mundo de manera oportuna y busca que la libertad de expresi\u00f3n sea real. Visita nuestro medio informativo publicado desde Hermosillo, Sonora. %\" \/>\n<meta name=\"robots\" content=\"index, follow, max-snippet:-1, max-image-preview:large, max-video-preview:-1\" \/>\n<link rel=\"canonical\" href=\"https:\/\/www.sonoraenequipo.com.mx\/par-de-sonorenses-terminan-en-top-del-campeonato-mundial-de-boccia-2026\/\" \/>\n<meta property=\"og:locale\" content=\"es_ES\" \/>\n<meta property=\"og:type\" content=\"article\" \/>\n<meta property=\"og:title\" content=\"Sonora en Equipo. Par de sonorenses terminan en top del Campeonato Mundial de Boccia 2026 Deportes\" \/>\n<meta property=\"og:description\" content=\"HERMOSILLO, SONORA. MX. \u2014 Los seleccionados nacionales de boccia, Dubier Paredes y Rogelio Alexis Gonz\u00e1lez, se ubicaron en el Top 10 en la modalidad En Sonora en Equipo publicamos toda la informaci\u00f3n de Sonora, M\u00e9xico y el Mundo de manera oportuna y busca que la libertad de expresi\u00f3n sea real. Visita nuestro medio informativo publicado desde Hermosillo, Sonora. %\" \/>\n<meta property=\"og:url\" content=\"https:\/\/www.sonoraenequipo.com.mx\/par-de-sonorenses-terminan-en-top-del-campeonato-mundial-de-boccia-2026\/\" \/>\n<meta property=\"og:site_name\" content=\"Sonora en Equipo.\" \/>\n<meta property=\"article:publisher\" content=\"https:\/\/www.facebook.com\/SonoraEE\/\" \/>\n<meta property=\"article:author\" content=\"https:\/\/www.facebook.com\/SonoraEE\" \/>\n<meta property=\"article:published_time\" content=\"2026-09-03T15:01:30+00:00\" \/>\n<meta property=\"article:modified_time\" content=\"2026-09-04T01:07:18+00:00\" \/>\n<meta property=\"og:image\" content=\"https:\/\/www.sonoraenequipo.com.mx\/storage\/2026\/09\/Par-de-sonorenses-terminan-en-top-del-Campeonato-Mundial-de-Boccia-2026.-1.jpg\" \/>\n\t<meta property=\"og:image:width\" content=\"1000\" \/>\n\t<meta property=\"og:image:height\" content=\"1147\" \/>\n\t<meta property=\"og:image:type\" content=\"image\/jpeg\" \/>\n<meta name=\"author\" content=\"enequipo\" \/>\n<meta name=\"twitter:card\" content=\"summary_large_image\" \/>\n<meta name=\"twitter:creator\" content=\"@sonoraenequipo\" \/>\n<meta name=\"twitter:site\" content=\"@sonoraenequipo\" \/>\n<meta name=\"twitter:label1\" content=\"Escrito por\" \/>\n\t<meta name=\"twitter:data1\" content=\"enequipo\" \/>\n\t<meta name=\"twitter:label2\" content=\"Tiempo de lectura\" \/>\n\t<meta name=\"twitter:data2\" content=\"1 minuto\" \/>\n<script type=\"application\/ld+json\" class=\"yoast-schema-graph\">{\"@context\":\"https:\/\/schema.org\",\"@graph\":[{\"@type\":\"Article\",\"@id\":\"https:\/\/www.sonoraenequipo.com.mx\/par-de-sonorenses-terminan-en-top-del-campeonato-mundial-de-boccia-2026\/#article\",\"isPartOf\":{\"@id\":\"https:\/\/www.sonoraenequipo.com.mx\/par-de-sonorenses-terminan-en-top-del-campeonato-mundial-de-boccia-2026\/\"},\"author\":{\"name\":\"enequipo\",\"@id\":\"https:\/\/www.sonoraenequipo.com.mx\/#\/schema\/person\/50102df0fb23a8fa9e8effad8fa81386\"},\"headline\":\"Par de sonorenses terminan en top del Campeonato Mundial de Boccia 2026\",\"datePublished\":\"2026-09-03T15:01:30+00:00\",\"dateModified\":\"2026-09-04T01:07:18+00:00\",\"mainEntityOfPage\":{\"@id\":\"https:\/\/www.sonoraenequipo.com.mx\/par-de-sonorenses-terminan-en-top-del-campeonato-mundial-de-boccia-2026\/\"},\"wordCount\":274,\"commentCount\":0,\"publisher\":{\"@id\":\"https:\/\/www.sonoraenequipo.com.mx\/#organization\"},\"image\":{\"@id\":\"https:\/\/www.sonoraenequipo.com.mx\/par-de-sonorenses-terminan-en-top-del-campeonato-mundial-de-boccia-2026\/#primaryimage\"},\"thumbnailUrl\":\"https:\/\/www.sonoraenequipo.com.mx\/storage\/2026\/09\/Par-de-sonorenses-terminan-en-top-del-Campeonato-Mundial-de-Boccia-2026.-1.jpg\",\"articleSection\":[\"Deportes\"],\"inLanguage\":\"es\",\"potentialAction\":[{\"@type\":\"CommentAction\",\"name\":\"Comment\",\"target\":[\"https:\/\/www.sonoraenequipo.com.mx\/par-de-sonorenses-terminan-en-top-del-campeonato-mundial-de-boccia-2026\/#respond\"]}]},{\"@type\":\"WebPage\",\"@id\":\"https:\/\/www.sonoraenequipo.com.mx\/par-de-sonorenses-terminan-en-top-del-campeonato-mundial-de-boccia-2026\/\",\"url\":\"https:\/\/www.sonoraenequipo.com.mx\/par-de-sonorenses-terminan-en-top-del-campeonato-mundial-de-boccia-2026\/\",\"name\":\"Sonora en Equipo. Par de sonorenses terminan en top del Campeonato Mundial de Boccia 2026 Deportes\",\"isPartOf\":{\"@id\":\"https:\/\/www.sonoraenequipo.com.mx\/#website\"},\"primaryImageOfPage\":{\"@id\":\"https:\/\/www.sonoraenequipo.com.mx\/par-de-sonorenses-terminan-en-top-del-campeonato-mundial-de-boccia-2026\/#primaryimage\"},\"image\":{\"@id\":\"https:\/\/www.sonoraenequipo.com.mx\/par-de-sonorenses-terminan-en-top-del-campeonato-mundial-de-boccia-2026\/#primaryimage\"},\"thumbnailUrl\":\"https:\/\/www.sonoraenequipo.com.mx\/storage\/2026\/09\/Par-de-sonorenses-terminan-en-top-del-Campeonato-Mundial-de-Boccia-2026.-1.jpg\",\"datePublished\":\"2026-09-03T15:01:30+00:00\",\"dateModified\":\"2026-09-04T01:07:18+00:00\",\"description\":\"HERMOSILLO, SONORA. MX. \u2014 Los seleccionados nacionales de boccia, Dubier Paredes y Rogelio Alexis Gonz\u00e1lez, se ubicaron en el Top 10 en la modalidad En Sonora en Equipo publicamos toda la informaci\u00f3n de Sonora, M\u00e9xico y el Mundo de manera oportuna y busca que la libertad de expresi\u00f3n sea real. Visita nuestro medio informativo publicado desde Hermosillo, Sonora. %\",\"breadcrumb\":{\"@id\":\"https:\/\/www.sonoraenequipo.com.mx\/par-de-sonorenses-terminan-en-top-del-campeonato-mundial-de-boccia-2026\/#breadcrumb\"},\"inLanguage\":\"es\",\"potentialAction\":[{\"@type\":\"ReadAction\",\"target\":[\"https:\/\/www.sonoraenequipo.com.mx\/par-de-sonorenses-terminan-en-top-del-campeonato-mundial-de-boccia-2026\/\"]}]},{\"@type\":\"ImageObject\",\"inLanguage\":\"es\",\"@id\":\"https:\/\/www.sonoraenequipo.com.mx\/par-de-sonorenses-terminan-en-top-del-campeonato-mundial-de-boccia-2026\/#primaryimage\",\"url\":\"https:\/\/www.sonoraenequipo.com.mx\/storage\/2026\/09\/Par-de-sonorenses-terminan-en-top-del-Campeonato-Mundial-de-Boccia-2026.-1.jpg\",\"contentUrl\":\"https:\/\/www.sonoraenequipo.com.mx\/storage\/2026\/09\/Par-de-sonorenses-terminan-en-top-del-Campeonato-Mundial-de-Boccia-2026.-1.jpg\",\"width\":1000,\"height\":1147},{\"@type\":\"BreadcrumbList\",\"@id\":\"https:\/\/www.sonoraenequipo.com.mx\/par-de-sonorenses-terminan-en-top-del-campeonato-mundial-de-boccia-2026\/#breadcrumb\",\"itemListElement\":[{\"@type\":\"ListItem\",\"position\":1,\"name\":\"Portada\",\"item\":\"https:\/\/www.sonoraenequipo.com.mx\/\"},{\"@type\":\"ListItem\",\"position\":2,\"name\":\"Par de sonorenses terminan en top del Campeonato Mundial de Boccia 2026\"}]},{\"@type\":\"WebSite\",\"@id\":\"https:\/\/www.sonoraenequipo.com.mx\/#website\",\"url\":\"https:\/\/www.sonoraenequipo.com.mx\/\",\"name\":\"Sonora en Equipo.\",\"description\":\"Diario en l\u00ednea con Noticias desde Hermosillo, Sonora\",\"publisher\":{\"@id\":\"https:\/\/www.sonoraenequipo.com.mx\/#organization\"},\"potentialAction\":[{\"@type\":\"SearchAction\",\"target\":{\"@type\":\"EntryPoint\",\"urlTemplate\":\"https:\/\/www.sonoraenequipo.com.mx\/?s={search_term_string}\"},\"query-input\":{\"@type\":\"PropertyValueSpecification\",\"valueRequired\":true,\"valueName\":\"search_term_string\"}}],\"inLanguage\":\"es\"},{\"@type\":\"Organization\",\"@id\":\"https:\/\/www.sonoraenequipo.com.mx\/#organization\",\"name\":\"Sonoraenequipo.com.mx\",\"url\":\"https:\/\/www.sonoraenequipo.com.mx\/\",\"logo\":{\"@type\":\"ImageObject\",\"inLanguage\":\"es\",\"@id\":\"https:\/\/www.sonoraenequipo.com.mx\/#\/schema\/logo\/image\/\",\"url\":\"https:\/\/www.sonoraenequipo.com.mx\/storage\/2019\/01\/sonoraenequipo_opt.png\",\"contentUrl\":\"https:\/\/www.sonoraenequipo.com.mx\/storage\/2019\/01\/sonoraenequipo_opt.png\",\"width\":375,\"height\":125,\"caption\":\"Sonoraenequipo.com.mx\"},\"image\":{\"@id\":\"https:\/\/www.sonoraenequipo.com.mx\/#\/schema\/logo\/image\/\"},\"sameAs\":[\"https:\/\/www.facebook.com\/SonoraEE\/\",\"https:\/\/x.com\/sonoraenequipo\",\"https:\/\/www.youtube.com\/channel\/UC338nW-lPEYmJQs4ZABQ1SQ\"]},{\"@type\":\"Person\",\"@id\":\"https:\/\/www.sonoraenequipo.com.mx\/#\/schema\/person\/50102df0fb23a8fa9e8effad8fa81386\",\"name\":\"enequipo\",\"image\":{\"@type\":\"ImageObject\",\"inLanguage\":\"es\",\"@id\":\"https:\/\/www.sonoraenequipo.com.mx\/#\/schema\/person\/image\/\",\"url\":\"https:\/\/secure.gravatar.com\/avatar\/049821681b589dabc0bc20695993ccebb09f5b5d4d790cd9251b97faac7c652b?s=96&d=blank&r=g\",\"contentUrl\":\"https:\/\/secure.gravatar.com\/avatar\/049821681b589dabc0bc20695993ccebb09f5b5d4d790cd9251b97faac7c652b?s=96&d=blank&r=g\",\"caption\":\"enequipo\"},\"sameAs\":[\"https:\/\/www.facebook.com\/SonoraEE\"]}]}<\/script>\n ","yoast_head_json":{"title":"Sonora en Equipo. Par de sonorenses terminan en top del Campeonato Mundial de Boccia 2026 Deportes","description":"HERMOSILLO, SONORA. MX. \u2014 Los seleccionados nacionales de boccia, Dubier Paredes y Rogelio Alexis Gonz\u00e1lez, se ubicaron en el Top 10 en la modalidad En Sonora en Equipo publicamos toda la informaci\u00f3n de Sonora, M\u00e9xico y el Mundo de manera oportuna y busca que la libertad de expresi\u00f3n sea real. Visita nuestro medio informativo publicado desde Hermosillo, Sonora. %","robots":{"index":"index","follow":"follow","max-snippet":"max-snippet:-1","max-image-preview":"max-image-preview:large","max-video-preview":"max-video-preview:-1"},"canonical":"https:\/\/www.sonoraenequipo.com.mx\/par-de-sonorenses-terminan-en-top-del-campeonato-mundial-de-boccia-2026\/","og_locale":"es_ES","og_type":"article","og_title":"Sonora en Equipo. Par de sonorenses terminan en top del Campeonato Mundial de Boccia 2026 Deportes","og_description":"HERMOSILLO, SONORA. MX. \u2014 Los seleccionados nacionales de boccia, Dubier Paredes y Rogelio Alexis Gonz\u00e1lez, se ubicaron en el Top 10 en la modalidad En Sonora en Equipo publicamos toda la informaci\u00f3n de Sonora, M\u00e9xico y el Mundo de manera oportuna y busca que la libertad de expresi\u00f3n sea real. Visita nuestro medio informativo publicado desde Hermosillo, Sonora. %","og_url":"https:\/\/www.sonoraenequipo.com.mx\/par-de-sonorenses-terminan-en-top-del-campeonato-mundial-de-boccia-2026\/","og_site_name":"Sonora en Equipo.","article_publisher":"https:\/\/www.facebook.com\/SonoraEE\/","article_author":"https:\/\/www.facebook.com\/SonoraEE","article_published_time":"2026-09-03T15:01:30+00:00","article_modified_time":"2026-09-04T01:07:18+00:00","og_image":[{"width":1000,"height":1147,"url":"https:\/\/www.sonoraenequipo.com.mx\/storage\/2026\/09\/Par-de-sonorenses-terminan-en-top-del-Campeonato-Mundial-de-Boccia-2026.-1.jpg","type":"image\/jpeg"}],"author":"enequipo","twitter_card":"summary_large_image","twitter_creator":"@sonoraenequipo","twitter_site":"@sonoraenequipo","twitter_misc":{"Escrito por":"enequipo","Tiempo de lectura":"1 minuto"},"schema":{"@context":"https:\/\/schema.org","@graph":[{"@type":"Article","@id":"https:\/\/www.sonoraenequipo.com.mx\/par-de-sonorenses-terminan-en-top-del-campeonato-mundial-de-boccia-2026\/#article","isPartOf":{"@id":"https:\/\/www.sonoraenequipo.com.mx\/par-de-sonorenses-terminan-en-top-del-campeonato-mundial-de-boccia-2026\/"},"author":{"name":"enequipo","@id":"https:\/\/www.sonoraenequipo.com.mx\/#\/schema\/person\/50102df0fb23a8fa9e8effad8fa81386"},"headline":"Par de sonorenses terminan en top del Campeonato Mundial de Boccia 2026","datePublished":"2026-09-03T15:01:30+00:00","dateModified":"2026-09-04T01:07:18+00:00","mainEntityOfPage":{"@id":"https:\/\/www.sonoraenequipo.com.mx\/par-de-sonorenses-terminan-en-top-del-campeonato-mundial-de-boccia-2026\/"},"wordCount":274,"commentCount":0,"publisher":{"@id":"https:\/\/www.sonoraenequipo.com.mx\/#organization"},"image":{"@id":"https:\/\/www.sonoraenequipo.com.mx\/par-de-sonorenses-terminan-en-top-del-campeonato-mundial-de-boccia-2026\/#primaryimage"},"thumbnailUrl":"https:\/\/www.sonoraenequipo.com.mx\/storage\/2026\/09\/Par-de-sonorenses-terminan-en-top-del-Campeonato-Mundial-de-Boccia-2026.-1.jpg","articleSection":["Deportes"],"inLanguage":"es","potentialAction":[{"@type":"CommentAction","name":"Comment","target":["https:\/\/www.sonoraenequipo.com.mx\/par-de-sonorenses-terminan-en-top-del-campeonato-mundial-de-boccia-2026\/#respond"]}]},{"@type":"WebPage","@id":"https:\/\/www.sonoraenequipo.com.mx\/par-de-sonorenses-terminan-en-top-del-campeonato-mundial-de-boccia-2026\/","url":"https:\/\/www.sonoraenequipo.com.mx\/par-de-sonorenses-terminan-en-top-del-campeonato-mundial-de-boccia-2026\/","name":"Sonora en Equipo. Par de sonorenses terminan en top del Campeonato Mundial de Boccia 2026 Deportes","isPartOf":{"@id":"https:\/\/www.sonoraenequipo.com.mx\/#website"},"primaryImageOfPage":{"@id":"https:\/\/www.sonoraenequipo.com.mx\/par-de-sonorenses-terminan-en-top-del-campeonato-mundial-de-boccia-2026\/#primaryimage"},"image":{"@id":"https:\/\/www.sonoraenequipo.com.mx\/par-de-sonorenses-terminan-en-top-del-campeonato-mundial-de-boccia-2026\/#primaryimage"},"thumbnailUrl":"https:\/\/www.sonoraenequipo.com.mx\/storage\/2026\/09\/Par-de-sonorenses-terminan-en-top-del-Campeonato-Mundial-de-Boccia-2026.-1.jpg","datePublished":"2026-09-03T15:01:30+00:00","dateModified":"2026-09-04T01:07:18+00:00","description":"HERMOSILLO, SONORA. MX. \u2014 Los seleccionados nacionales de boccia, Dubier Paredes y Rogelio Alexis Gonz\u00e1lez, se ubicaron en el Top 10 en la modalidad En Sonora en Equipo publicamos toda la informaci\u00f3n de Sonora, M\u00e9xico y el Mundo de manera oportuna y busca que la libertad de expresi\u00f3n sea real. Visita nuestro medio informativo publicado desde Hermosillo, Sonora. %","breadcrumb":{"@id":"https:\/\/www.sonoraenequipo.com.mx\/par-de-sonorenses-terminan-en-top-del-campeonato-mundial-de-boccia-2026\/#breadcrumb"},"inLanguage":"es","potentialAction":[{"@type":"ReadAction","target":["https:\/\/www.sonoraenequipo.com.mx\/par-de-sonorenses-terminan-en-top-del-campeonato-mundial-de-boccia-2026\/"]}]},{"@type":"ImageObject","inLanguage":"es","@id":"https:\/\/www.sonoraenequipo.com.mx\/par-de-sonorenses-terminan-en-top-del-campeonato-mundial-de-boccia-2026\/#primaryimage","url":"https:\/\/www.sonoraenequipo.com.mx\/storage\/2026\/09\/Par-de-sonorenses-terminan-en-top-del-Campeonato-Mundial-de-Boccia-2026.-1.jpg","contentUrl":"https:\/\/www.sonoraenequipo.com.mx\/storage\/2026\/09\/Par-de-sonorenses-terminan-en-top-del-Campeonato-Mundial-de-Boccia-2026.-1.jpg","width":1000,"height":1147},{"@type":"BreadcrumbList","@id":"https:\/\/www.sonoraenequipo.com.mx\/par-de-sonorenses-terminan-en-top-del-campeonato-mundial-de-boccia-2026\/#breadcrumb","itemListElement":[{"@type":"ListItem","position":1,"name":"Portada","item":"https:\/\/www.sonoraenequipo.com.mx\/"},{"@type":"ListItem","position":2,"name":"Par de sonorenses terminan en top del Campeonato Mundial de Boccia 2026"}]},{"@type":"WebSite","@id":"https:\/\/www.sonoraenequipo.com.mx\/#website","url":"https:\/\/www.sonoraenequipo.com.mx\/","name":"Sonora en Equipo.","description":"Diario en l\u00ednea con Noticias desde Hermosillo, Sonora","publisher":{"@id":"https:\/\/www.sonoraenequipo.com.mx\/#organization"},"potentialAction":[{"@type":"SearchAction","target":{"@type":"EntryPoint","urlTemplate":"https:\/\/www.sonoraenequipo.com.mx\/?s={search_term_string}"},"query-input":{"@type":"PropertyValueSpecification","valueRequired":true,"valueName":"search_term_string"}}],"inLanguage":"es"},{"@type":"Organization","@id":"https:\/\/www.sonoraenequipo.com.mx\/#organization","name":"Sonoraenequipo.com.mx","url":"https:\/\/www.sonoraenequipo.com.mx\/","logo":{"@type":"ImageObject","inLanguage":"es","@id":"https:\/\/www.sonoraenequipo.com.mx\/#\/schema\/logo\/image\/","url":"https:\/\/www.sonoraenequipo.com.mx\/storage\/2019\/01\/sonoraenequipo_opt.png","contentUrl":"https:\/\/www.sonoraenequipo.com.mx\/storage\/2019\/01\/sonoraenequipo_opt.png","width":375,"height":125,"caption":"Sonoraenequipo.com.mx"},"image":{"@id":"https:\/\/www.sonoraenequipo.com.mx\/#\/schema\/logo\/image\/"},"sameAs":["https:\/\/www.facebook.com\/SonoraEE\/","https:\/\/x.com\/sonoraenequipo","https:\/\/www.youtube.com\/channel\/UC338nW-lPEYmJQs4ZABQ1SQ"]},{"@type":"Person","@id":"https:\/\/www.sonoraenequipo.com.mx\/#\/schema\/person\/50102df0fb23a8fa9e8effad8fa81386","name":"enequipo","image":{"@type":"ImageObject","inLanguage":"es","@id":"https:\/\/www.sonoraenequipo.com.mx\/#\/schema\/person\/image\/","url":"https:\/\/secure.gravatar.com\/avatar\/049821681b589dabc0bc20695993ccebb09f5b5d4d790cd9251b97faac7c652b?s=96&d=blank&r=g","contentUrl":"https:\/\/secure.gravatar.com\/avatar\/049821681b589dabc0bc20695993ccebb09f5b5d4d790cd9251b97faac7c652b?s=96&d=blank&r=g","caption":"enequipo"},"sameAs":["https:\/\/www.facebook.com\/SonoraEE"]}]}},"jetpack_featured_media_url":"https:\/\/www.sonoraenequipo.com.mx\/storage\/2026\/09\/Par-de-sonorenses-terminan-en-top-del-Campeonato-Mundial-de-Boccia-2026.-1.jpg","_links":{"self":[{"href":"https:\/\/www.sonoraenequipo.com.mx\/api\/wp\/v2\/posts\/251494","targetHints":{"allow":["GET"]}}],"collection":[{"href":"https:\/\/www.sonoraenequipo.com.mx\/api\/wp\/v2\/posts"}],"about":[{"href":"https:\/\/www.sonoraenequipo.com.mx\/api\/wp\/v2\/types\/post"}],"author":[{"embeddable":true,"href":"https:\/\/www.sonoraenequipo.com.mx\/api\/wp\/v2\/users\/1"}],"replies":[{"embeddable":true,"href":"https:\/\/www.sonoraenequipo.com.mx\/api\/wp\/v2\/comments?post=251494"}],"version-history":[{"count":1,"href":"https:\/\/www.sonoraenequipo.com.mx\/api\/wp\/v2\/posts\/251494\/revisions"}],"predecessor-version":[{"id":251495,"href":"https:\/\/www.sonoraenequipo.com.mx\/api\/wp\/v2\/posts\/251494\/revisions\/251495"}],"wp:featuredmedia":[{"embeddable":true,"href":"https:\/\/www.sonoraenequipo.com.mx\/api\/wp\/v2\/media\/251466"}],"wp:attachment":[{"href":"https:\/\/www.sonoraenequipo.com.mx\/api\/wp\/v2\/media?parent=251494"}],"wp:term":[{"taxonomy":"category","embeddable":true,"href":"https:\/\/www.sonoraenequipo.com.mx\/api\/wp\/v2\/categories?post=251494"},{"taxonomy":"post_tag","embeddable":true,"href":"https:\/\/www.sonoraenequipo.com.mx\/api\/wp\/v2\/tags?post=251494"}],"curies":[{"name":"wp","href":"https:\/\/api.w.org\/{rel}","templated":true}]}}