{"id":251499,"date":"2026-09-03T18:25:29","date_gmt":"2026-09-04T01:25:29","guid":{"rendered":"https:\/\/www.sonoraenequipo.com.mx\/?p=251499"},"modified":"2026-09-03T18:27:08","modified_gmt":"2026-09-04T01:27:08","slug":"gobierno-de-sonora-impulsa-quinta-edicion-de-la-gran-carrera-del-desierto-con-participacion-de-12-paises","status":"publish","type":"post","link":"https:\/\/www.sonoraenequipo.com.mx\/gobierno-de-sonora-impulsa-quinta-edicion-de-la-gran-carrera-del-desierto-con-participacion-de-12-paises\/","title":{"rendered":"Gobierno de Sonora impulsa quinta edici\u00f3n de la Gran Carrera del Desierto con participaci\u00f3n de 12 pa\u00edses"},"content":{"rendered":"<p><strong>HERMOSILLO, SONORA .MX. \u2014 <\/strong> Bajo el impulso del gobernador Alfonso Durazo a trav\u00e9s de la Secretar\u00eda de Econom\u00eda y Turismo (SETUR), Sonora se prepara para recibir la quinta edici\u00f3n de la Gran Carrera del Desierto, una de las experiencias de trail running m\u00e1s importantes de M\u00e9xico, esperando m\u00e1s de 600 corredoras y corredores.<\/p>\n<p>&nbsp;<\/p>\n<p>&nbsp;<\/p>\n<p> <\/p>\n<p>El secretario de SETUR, Roberto Gradillas Pineda, destac\u00f3 que este evento programado para el 24 de octubre contempla a participantes de 12 distintos pa\u00edses, fortaleciendo la estrategia del Gobierno de Sonora para posicionar al estado como un destino de turismo de aventura, naturaleza y deporte, aprovechando escenarios \u00fanicos como el Gran Desierto de Altar y la regi\u00f3n del Mar de Cort\u00e9s.<\/p>\n<p>&nbsp;<\/p>\n<p>&nbsp;<\/p>\n<p><em><strong>\u201cLa Gran Carrera del Desierto representa una oportunidad extraordinaria para mostrar al mundo la riqueza natural de Sonora y, al mismo tiempo, generar nuevas experiencias para quienes nos visitan; con el liderazgo del gobernador Alfonso Durazo, seguimos impulsando eventos que proyectan a nuestro estado internacionalmente y que contribuyen a la actividad econ\u00f3mica de las comunidades\u201d<\/strong><\/em>, se\u00f1al\u00f3.<\/p>\n<p>&nbsp;<\/p>\n<div id='gallery-1' class='gallery galleryid-251499 gallery-columns-2 gallery-size-large'><figure class='gallery-item'>\n\t\t\t<div class='gallery-icon landscape'>\n\t\t\t\t<a href='https:\/\/www.sonoraenequipo.com.mx\/gobierno-de-sonora-impulsa-quinta-edicion-de-la-gran-carrera-del-desierto-con-participacion-de-12-paises\/quinta-edicion-de-la-gran-carrera-del-desierto-con-participacion-de-12-paises\/'><img width=\"640\" height=\"363\" src=\"https:\/\/www.sonoraenequipo.com.mx\/storage\/2026\/09\/quinta-edicion-de-la-Gran-Carrera-del-Desierto-con-participacion-de-12-paises-840x477.jpg\" class=\"attachment-large size-large\" alt=\"quinta edici\u00f3n de la Gran Carrera del Desierto con participaci\u00f3n de 12 pa\u00edses.\" srcset=\"https:\/\/www.sonoraenequipo.com.mx\/storage\/2026\/09\/quinta-edicion-de-la-Gran-Carrera-del-Desierto-con-participacion-de-12-paises-840x477.jpg 840w, https:\/\/www.sonoraenequipo.com.mx\/storage\/2026\/09\/quinta-edicion-de-la-Gran-Carrera-del-Desierto-con-participacion-de-12-paises-643x365.jpg 643w, https:\/\/www.sonoraenequipo.com.mx\/storage\/2026\/09\/quinta-edicion-de-la-Gran-Carrera-del-Desierto-con-participacion-de-12-paises-493x280.jpg 493w, https:\/\/www.sonoraenequipo.com.mx\/storage\/2026\/09\/quinta-edicion-de-la-Gran-Carrera-del-Desierto-con-participacion-de-12-paises-768x436.jpg 768w, https:\/\/www.sonoraenequipo.com.mx\/storage\/2026\/09\/quinta-edicion-de-la-Gran-Carrera-del-Desierto-con-participacion-de-12-paises.jpg 1000w\" sizes=\"auto, (max-width: 640px) 100vw, 640px\" loading=\"lazy\" decoding=\"async\" \/><\/a>\n\t\t\t<\/div><\/figure><figure class='gallery-item'>\n\t\t\t<div class='gallery-icon landscape'>\n\t\t\t\t<a href='https:\/\/www.sonoraenequipo.com.mx\/gobierno-de-sonora-impulsa-quinta-edicion-de-la-gran-carrera-del-desierto-con-participacion-de-12-paises\/gran-carrera-del-desierto-2\/'><img width=\"640\" height=\"374\" src=\"https:\/\/www.sonoraenequipo.com.mx\/storage\/2026\/09\/gran-carrera-del-desierto-822x480.jpg\" class=\"attachment-large size-large\" alt=\"gran carrera del desierto\" srcset=\"https:\/\/www.sonoraenequipo.com.mx\/storage\/2026\/09\/gran-carrera-del-desierto-822x480.jpg 822w, https:\/\/www.sonoraenequipo.com.mx\/storage\/2026\/09\/gran-carrera-del-desierto-625x365.jpg 625w, https:\/\/www.sonoraenequipo.com.mx\/storage\/2026\/09\/gran-carrera-del-desierto-480x280.jpg 480w, https:\/\/www.sonoraenequipo.com.mx\/storage\/2026\/09\/gran-carrera-del-desierto-768x448.jpg 768w, https:\/\/www.sonoraenequipo.com.mx\/storage\/2026\/09\/gran-carrera-del-desierto.jpg 995w\" sizes=\"auto, (max-width: 640px) 100vw, 640px\" loading=\"lazy\" decoding=\"async\" \/><\/a>\n\t\t\t<\/div><\/figure>\n\t\t<\/div>\n\n<p>Las y los participantes recorrer\u00e1n rutas de 50K, 25K, 10K y 5K, en categor\u00edas femenil y varonil, con divisiones generales para competidores de hasta 44 a\u00f1os, y \u201cmaster\u201d para quienes tienen 45 a\u00f1os o m\u00e1s. Estos recorridos atravesar\u00e1n dunas, paisajes des\u00e9rticos y zonas de gran biodiversidad, con la cercan\u00eda del Mar de Cort\u00e9s como parte del escenario natural.<\/p>\n<p>&nbsp;<\/p>\n<p>&nbsp;<\/p>\n<p>Con esta edici\u00f3n de la Gran Carrera del Desierto, el Gobierno de Sonora refrenda su compromiso de diversificar la oferta tur\u00edstica y fortalecer el turismo de aventura y deportivo, generando adem\u00e1s beneficios para prestadores de servicios, establecimientos y comunidades de la regi\u00f3n.<\/p>\n<p>&nbsp;<\/p>\n<p>&nbsp;<\/p>\n<p>PUBLICADO EL 03 SEPT DE 2026 Con informaci\u00f3n de GOBSON 0926\/025)<\/p>\n","protected":false},"excerpt":{"rendered":"<p>HERMOSILLO, SONORA .MX. \u2014 Bajo el impulso del gobernador Alfonso Durazo a trav\u00e9s de la&#8230;<\/p>\n","protected":false},"author":1,"featured_media":251504,"comment_status":"open","ping_status":"open","sticky":false,"template":"","format":"standard","meta":{"_monsterinsights_skip_tracking":false,"_monsterinsights_sitenote_active":false,"_monsterinsights_sitenote_note":"","_monsterinsights_sitenote_category":0,"footnotes":""},"categories":[10],"tags":[],"class_list":["post"],"yoast_head":" \n<title>Sonora en Equipo. Gobierno de Sonora impulsa quinta edici\u00f3n de la Gran Carrera del Desierto con participaci\u00f3n de 12 pa\u00edses Deportes<\/title>\n<meta name=\"description\" content=\"HERMOSILLO, SONORA .MX. \u2014 Bajo el impulso del gobernador Alfonso Durazo a trav\u00e9s de la Secretar\u00eda de Econom\u00eda y Turismo (SETUR), Sonora se prepara para En Sonora en Equipo publicamos toda la informaci\u00f3n de Sonora, M\u00e9xico y el Mundo de manera oportuna y busca que la libertad de expresi\u00f3n sea real. Visita nuestro medio informativo publicado desde Hermosillo, Sonora. %\" \/>\n<meta name=\"robots\" content=\"index, follow, max-snippet:-1, max-image-preview:large, max-video-preview:-1\" \/>\n<link rel=\"canonical\" href=\"https:\/\/www.sonoraenequipo.com.mx\/gobierno-de-sonora-impulsa-quinta-edicion-de-la-gran-carrera-del-desierto-con-participacion-de-12-paises\/\" \/>\n<meta property=\"og:locale\" content=\"es_ES\" \/>\n<meta property=\"og:type\" content=\"article\" \/>\n<meta property=\"og:title\" content=\"Sonora en Equipo. Gobierno de Sonora impulsa quinta edici\u00f3n de la Gran Carrera del Desierto con participaci\u00f3n de 12 pa\u00edses Deportes\" \/>\n<meta property=\"og:description\" content=\"HERMOSILLO, SONORA .MX. \u2014 Bajo el impulso del gobernador Alfonso Durazo a trav\u00e9s de la Secretar\u00eda de Econom\u00eda y Turismo (SETUR), Sonora se prepara para En Sonora en Equipo publicamos toda la informaci\u00f3n de Sonora, M\u00e9xico y el Mundo de manera oportuna y busca que la libertad de expresi\u00f3n sea real. Visita nuestro medio informativo publicado desde Hermosillo, Sonora. %\" \/>\n<meta property=\"og:url\" content=\"https:\/\/www.sonoraenequipo.com.mx\/gobierno-de-sonora-impulsa-quinta-edicion-de-la-gran-carrera-del-desierto-con-participacion-de-12-paises\/\" \/>\n<meta property=\"og:site_name\" content=\"Sonora en Equipo.\" \/>\n<meta property=\"article:publisher\" content=\"https:\/\/www.facebook.com\/SonoraEE\/\" \/>\n<meta property=\"article:author\" content=\"https:\/\/www.facebook.com\/SonoraEE\" \/>\n<meta property=\"article:published_time\" content=\"2026-09-04T01:25:29+00:00\" \/>\n<meta property=\"article:modified_time\" content=\"2026-09-04T01:27:08+00:00\" \/>\n<meta property=\"og:image\" content=\"https:\/\/www.sonoraenequipo.com.mx\/storage\/2026\/09\/gran-carrera-del-desierto-1.jpg\" \/>\n\t<meta property=\"og:image:width\" content=\"1000\" \/>\n\t<meta property=\"og:image:height\" content=\"666\" \/>\n\t<meta property=\"og:image:type\" content=\"image\/jpeg\" \/>\n<meta name=\"author\" content=\"enequipo\" \/>\n<meta name=\"twitter:card\" content=\"summary_large_image\" \/>\n<meta name=\"twitter:creator\" content=\"@sonoraenequipo\" \/>\n<meta name=\"twitter:site\" content=\"@sonoraenequipo\" \/>\n<meta name=\"twitter:label1\" content=\"Escrito por\" \/>\n\t<meta name=\"twitter:data1\" content=\"enequipo\" \/>\n\t<meta name=\"twitter:label2\" content=\"Tiempo de lectura\" \/>\n\t<meta name=\"twitter:data2\" content=\"2 minutos\" \/>\n<script type=\"application\/ld+json\" class=\"yoast-schema-graph\">{\"@context\":\"https:\/\/schema.org\",\"@graph\":[{\"@type\":\"Article\",\"@id\":\"https:\/\/www.sonoraenequipo.com.mx\/gobierno-de-sonora-impulsa-quinta-edicion-de-la-gran-carrera-del-desierto-con-participacion-de-12-paises\/#article\",\"isPartOf\":{\"@id\":\"https:\/\/www.sonoraenequipo.com.mx\/gobierno-de-sonora-impulsa-quinta-edicion-de-la-gran-carrera-del-desierto-con-participacion-de-12-paises\/\"},\"author\":{\"name\":\"enequipo\",\"@id\":\"https:\/\/www.sonoraenequipo.com.mx\/#\/schema\/person\/50102df0fb23a8fa9e8effad8fa81386\"},\"headline\":\"Gobierno de Sonora impulsa quinta edici\u00f3n de la Gran Carrera del Desierto con participaci\u00f3n de 12 pa\u00edses\",\"datePublished\":\"2026-09-04T01:25:29+00:00\",\"dateModified\":\"2026-09-04T01:27:08+00:00\",\"mainEntityOfPage\":{\"@id\":\"https:\/\/www.sonoraenequipo.com.mx\/gobierno-de-sonora-impulsa-quinta-edicion-de-la-gran-carrera-del-desierto-con-participacion-de-12-paises\/\"},\"wordCount\":331,\"commentCount\":0,\"publisher\":{\"@id\":\"https:\/\/www.sonoraenequipo.com.mx\/#organization\"},\"image\":{\"@id\":\"https:\/\/www.sonoraenequipo.com.mx\/gobierno-de-sonora-impulsa-quinta-edicion-de-la-gran-carrera-del-desierto-con-participacion-de-12-paises\/#primaryimage\"},\"thumbnailUrl\":\"https:\/\/www.sonoraenequipo.com.mx\/storage\/2026\/09\/gran-carrera-del-desierto-1.jpg\",\"articleSection\":[\"Deportes\"],\"inLanguage\":\"es\",\"potentialAction\":[{\"@type\":\"CommentAction\",\"name\":\"Comment\",\"target\":[\"https:\/\/www.sonoraenequipo.com.mx\/gobierno-de-sonora-impulsa-quinta-edicion-de-la-gran-carrera-del-desierto-con-participacion-de-12-paises\/#respond\"]}]},{\"@type\":\"WebPage\",\"@id\":\"https:\/\/www.sonoraenequipo.com.mx\/gobierno-de-sonora-impulsa-quinta-edicion-de-la-gran-carrera-del-desierto-con-participacion-de-12-paises\/\",\"url\":\"https:\/\/www.sonoraenequipo.com.mx\/gobierno-de-sonora-impulsa-quinta-edicion-de-la-gran-carrera-del-desierto-con-participacion-de-12-paises\/\",\"name\":\"Sonora en Equipo. Gobierno de Sonora impulsa quinta edici\u00f3n de la Gran Carrera del Desierto con participaci\u00f3n de 12 pa\u00edses Deportes\",\"isPartOf\":{\"@id\":\"https:\/\/www.sonoraenequipo.com.mx\/#website\"},\"primaryImageOfPage\":{\"@id\":\"https:\/\/www.sonoraenequipo.com.mx\/gobierno-de-sonora-impulsa-quinta-edicion-de-la-gran-carrera-del-desierto-con-participacion-de-12-paises\/#primaryimage\"},\"image\":{\"@id\":\"https:\/\/www.sonoraenequipo.com.mx\/gobierno-de-sonora-impulsa-quinta-edicion-de-la-gran-carrera-del-desierto-con-participacion-de-12-paises\/#primaryimage\"},\"thumbnailUrl\":\"https:\/\/www.sonoraenequipo.com.mx\/storage\/2026\/09\/gran-carrera-del-desierto-1.jpg\",\"datePublished\":\"2026-09-04T01:25:29+00:00\",\"dateModified\":\"2026-09-04T01:27:08+00:00\",\"description\":\"HERMOSILLO, SONORA .MX. \u2014 Bajo el impulso del gobernador Alfonso Durazo a trav\u00e9s de la Secretar\u00eda de Econom\u00eda y Turismo (SETUR), Sonora se prepara para En Sonora en Equipo publicamos toda la informaci\u00f3n de Sonora, M\u00e9xico y el Mundo de manera oportuna y busca que la libertad de expresi\u00f3n sea real. Visita nuestro medio informativo publicado desde Hermosillo, Sonora. %\",\"breadcrumb\":{\"@id\":\"https:\/\/www.sonoraenequipo.com.mx\/gobierno-de-sonora-impulsa-quinta-edicion-de-la-gran-carrera-del-desierto-con-participacion-de-12-paises\/#breadcrumb\"},\"inLanguage\":\"es\",\"potentialAction\":[{\"@type\":\"ReadAction\",\"target\":[\"https:\/\/www.sonoraenequipo.com.mx\/gobierno-de-sonora-impulsa-quinta-edicion-de-la-gran-carrera-del-desierto-con-participacion-de-12-paises\/\"]}]},{\"@type\":\"ImageObject\",\"inLanguage\":\"es\",\"@id\":\"https:\/\/www.sonoraenequipo.com.mx\/gobierno-de-sonora-impulsa-quinta-edicion-de-la-gran-carrera-del-desierto-con-participacion-de-12-paises\/#primaryimage\",\"url\":\"https:\/\/www.sonoraenequipo.com.mx\/storage\/2026\/09\/gran-carrera-del-desierto-1.jpg\",\"contentUrl\":\"https:\/\/www.sonoraenequipo.com.mx\/storage\/2026\/09\/gran-carrera-del-desierto-1.jpg\",\"width\":1000,\"height\":666},{\"@type\":\"BreadcrumbList\",\"@id\":\"https:\/\/www.sonoraenequipo.com.mx\/gobierno-de-sonora-impulsa-quinta-edicion-de-la-gran-carrera-del-desierto-con-participacion-de-12-paises\/#breadcrumb\",\"itemListElement\":[{\"@type\":\"ListItem\",\"position\":1,\"name\":\"Portada\",\"item\":\"https:\/\/www.sonoraenequipo.com.mx\/\"},{\"@type\":\"ListItem\",\"position\":2,\"name\":\"Gobierno de Sonora impulsa quinta edici\u00f3n de la Gran Carrera del Desierto con participaci\u00f3n de 12 pa\u00edses\"}]},{\"@type\":\"WebSite\",\"@id\":\"https:\/\/www.sonoraenequipo.com.mx\/#website\",\"url\":\"https:\/\/www.sonoraenequipo.com.mx\/\",\"name\":\"Sonora en Equipo.\",\"description\":\"Diario en l\u00ednea con Noticias desde Hermosillo, Sonora\",\"publisher\":{\"@id\":\"https:\/\/www.sonoraenequipo.com.mx\/#organization\"},\"potentialAction\":[{\"@type\":\"SearchAction\",\"target\":{\"@type\":\"EntryPoint\",\"urlTemplate\":\"https:\/\/www.sonoraenequipo.com.mx\/?s={search_term_string}\"},\"query-input\":{\"@type\":\"PropertyValueSpecification\",\"valueRequired\":true,\"valueName\":\"search_term_string\"}}],\"inLanguage\":\"es\"},{\"@type\":\"Organization\",\"@id\":\"https:\/\/www.sonoraenequipo.com.mx\/#organization\",\"name\":\"Sonoraenequipo.com.mx\",\"url\":\"https:\/\/www.sonoraenequipo.com.mx\/\",\"logo\":{\"@type\":\"ImageObject\",\"inLanguage\":\"es\",\"@id\":\"https:\/\/www.sonoraenequipo.com.mx\/#\/schema\/logo\/image\/\",\"url\":\"https:\/\/www.sonoraenequipo.com.mx\/storage\/2019\/01\/sonoraenequipo_opt.png\",\"contentUrl\":\"https:\/\/www.sonoraenequipo.com.mx\/storage\/2019\/01\/sonoraenequipo_opt.png\",\"width\":375,\"height\":125,\"caption\":\"Sonoraenequipo.com.mx\"},\"image\":{\"@id\":\"https:\/\/www.sonoraenequipo.com.mx\/#\/schema\/logo\/image\/\"},\"sameAs\":[\"https:\/\/www.facebook.com\/SonoraEE\/\",\"https:\/\/x.com\/sonoraenequipo\",\"https:\/\/www.youtube.com\/channel\/UC338nW-lPEYmJQs4ZABQ1SQ\"]},{\"@type\":\"Person\",\"@id\":\"https:\/\/www.sonoraenequipo.com.mx\/#\/schema\/person\/50102df0fb23a8fa9e8effad8fa81386\",\"name\":\"enequipo\",\"image\":{\"@type\":\"ImageObject\",\"inLanguage\":\"es\",\"@id\":\"https:\/\/www.sonoraenequipo.com.mx\/#\/schema\/person\/image\/\",\"url\":\"https:\/\/secure.gravatar.com\/avatar\/049821681b589dabc0bc20695993ccebb09f5b5d4d790cd9251b97faac7c652b?s=96&d=blank&r=g\",\"contentUrl\":\"https:\/\/secure.gravatar.com\/avatar\/049821681b589dabc0bc20695993ccebb09f5b5d4d790cd9251b97faac7c652b?s=96&d=blank&r=g\",\"caption\":\"enequipo\"},\"sameAs\":[\"https:\/\/www.facebook.com\/SonoraEE\"]}]}<\/script>\n ","yoast_head_json":{"title":"Sonora en Equipo. Gobierno de Sonora impulsa quinta edici\u00f3n de la Gran Carrera del Desierto con participaci\u00f3n de 12 pa\u00edses Deportes","description":"HERMOSILLO, SONORA .MX. \u2014 Bajo el impulso del gobernador Alfonso Durazo a trav\u00e9s de la Secretar\u00eda de Econom\u00eda y Turismo (SETUR), Sonora se prepara para En Sonora en Equipo publicamos toda la informaci\u00f3n de Sonora, M\u00e9xico y el Mundo de manera oportuna y busca que la libertad de expresi\u00f3n sea real. Visita nuestro medio informativo publicado desde Hermosillo, Sonora. %","robots":{"index":"index","follow":"follow","max-snippet":"max-snippet:-1","max-image-preview":"max-image-preview:large","max-video-preview":"max-video-preview:-1"},"canonical":"https:\/\/www.sonoraenequipo.com.mx\/gobierno-de-sonora-impulsa-quinta-edicion-de-la-gran-carrera-del-desierto-con-participacion-de-12-paises\/","og_locale":"es_ES","og_type":"article","og_title":"Sonora en Equipo. Gobierno de Sonora impulsa quinta edici\u00f3n de la Gran Carrera del Desierto con participaci\u00f3n de 12 pa\u00edses Deportes","og_description":"HERMOSILLO, SONORA .MX. \u2014 Bajo el impulso del gobernador Alfonso Durazo a trav\u00e9s de la Secretar\u00eda de Econom\u00eda y Turismo (SETUR), Sonora se prepara para En Sonora en Equipo publicamos toda la informaci\u00f3n de Sonora, M\u00e9xico y el Mundo de manera oportuna y busca que la libertad de expresi\u00f3n sea real. Visita nuestro medio informativo publicado desde Hermosillo, Sonora. %","og_url":"https:\/\/www.sonoraenequipo.com.mx\/gobierno-de-sonora-impulsa-quinta-edicion-de-la-gran-carrera-del-desierto-con-participacion-de-12-paises\/","og_site_name":"Sonora en Equipo.","article_publisher":"https:\/\/www.facebook.com\/SonoraEE\/","article_author":"https:\/\/www.facebook.com\/SonoraEE","article_published_time":"2026-09-04T01:25:29+00:00","article_modified_time":"2026-09-04T01:27:08+00:00","og_image":[{"width":1000,"height":666,"url":"https:\/\/www.sonoraenequipo.com.mx\/storage\/2026\/09\/gran-carrera-del-desierto-1.jpg","type":"image\/jpeg"}],"author":"enequipo","twitter_card":"summary_large_image","twitter_creator":"@sonoraenequipo","twitter_site":"@sonoraenequipo","twitter_misc":{"Escrito por":"enequipo","Tiempo de lectura":"2 minutos"},"schema":{"@context":"https:\/\/schema.org","@graph":[{"@type":"Article","@id":"https:\/\/www.sonoraenequipo.com.mx\/gobierno-de-sonora-impulsa-quinta-edicion-de-la-gran-carrera-del-desierto-con-participacion-de-12-paises\/#article","isPartOf":{"@id":"https:\/\/www.sonoraenequipo.com.mx\/gobierno-de-sonora-impulsa-quinta-edicion-de-la-gran-carrera-del-desierto-con-participacion-de-12-paises\/"},"author":{"name":"enequipo","@id":"https:\/\/www.sonoraenequipo.com.mx\/#\/schema\/person\/50102df0fb23a8fa9e8effad8fa81386"},"headline":"Gobierno de Sonora impulsa quinta edici\u00f3n de la Gran Carrera del Desierto con participaci\u00f3n de 12 pa\u00edses","datePublished":"2026-09-04T01:25:29+00:00","dateModified":"2026-09-04T01:27:08+00:00","mainEntityOfPage":{"@id":"https:\/\/www.sonoraenequipo.com.mx\/gobierno-de-sonora-impulsa-quinta-edicion-de-la-gran-carrera-del-desierto-con-participacion-de-12-paises\/"},"wordCount":331,"commentCount":0,"publisher":{"@id":"https:\/\/www.sonoraenequipo.com.mx\/#organization"},"image":{"@id":"https:\/\/www.sonoraenequipo.com.mx\/gobierno-de-sonora-impulsa-quinta-edicion-de-la-gran-carrera-del-desierto-con-participacion-de-12-paises\/#primaryimage"},"thumbnailUrl":"https:\/\/www.sonoraenequipo.com.mx\/storage\/2026\/09\/gran-carrera-del-desierto-1.jpg","articleSection":["Deportes"],"inLanguage":"es","potentialAction":[{"@type":"CommentAction","name":"Comment","target":["https:\/\/www.sonoraenequipo.com.mx\/gobierno-de-sonora-impulsa-quinta-edicion-de-la-gran-carrera-del-desierto-con-participacion-de-12-paises\/#respond"]}]},{"@type":"WebPage","@id":"https:\/\/www.sonoraenequipo.com.mx\/gobierno-de-sonora-impulsa-quinta-edicion-de-la-gran-carrera-del-desierto-con-participacion-de-12-paises\/","url":"https:\/\/www.sonoraenequipo.com.mx\/gobierno-de-sonora-impulsa-quinta-edicion-de-la-gran-carrera-del-desierto-con-participacion-de-12-paises\/","name":"Sonora en Equipo. Gobierno de Sonora impulsa quinta edici\u00f3n de la Gran Carrera del Desierto con participaci\u00f3n de 12 pa\u00edses Deportes","isPartOf":{"@id":"https:\/\/www.sonoraenequipo.com.mx\/#website"},"primaryImageOfPage":{"@id":"https:\/\/www.sonoraenequipo.com.mx\/gobierno-de-sonora-impulsa-quinta-edicion-de-la-gran-carrera-del-desierto-con-participacion-de-12-paises\/#primaryimage"},"image":{"@id":"https:\/\/www.sonoraenequipo.com.mx\/gobierno-de-sonora-impulsa-quinta-edicion-de-la-gran-carrera-del-desierto-con-participacion-de-12-paises\/#primaryimage"},"thumbnailUrl":"https:\/\/www.sonoraenequipo.com.mx\/storage\/2026\/09\/gran-carrera-del-desierto-1.jpg","datePublished":"2026-09-04T01:25:29+00:00","dateModified":"2026-09-04T01:27:08+00:00","description":"HERMOSILLO, SONORA .MX. \u2014 Bajo el impulso del gobernador Alfonso Durazo a trav\u00e9s de la Secretar\u00eda de Econom\u00eda y Turismo (SETUR), Sonora se prepara para En Sonora en Equipo publicamos toda la informaci\u00f3n de Sonora, M\u00e9xico y el Mundo de manera oportuna y busca que la libertad de expresi\u00f3n sea real. Visita nuestro medio informativo publicado desde Hermosillo, Sonora. %","breadcrumb":{"@id":"https:\/\/www.sonoraenequipo.com.mx\/gobierno-de-sonora-impulsa-quinta-edicion-de-la-gran-carrera-del-desierto-con-participacion-de-12-paises\/#breadcrumb"},"inLanguage":"es","potentialAction":[{"@type":"ReadAction","target":["https:\/\/www.sonoraenequipo.com.mx\/gobierno-de-sonora-impulsa-quinta-edicion-de-la-gran-carrera-del-desierto-con-participacion-de-12-paises\/"]}]},{"@type":"ImageObject","inLanguage":"es","@id":"https:\/\/www.sonoraenequipo.com.mx\/gobierno-de-sonora-impulsa-quinta-edicion-de-la-gran-carrera-del-desierto-con-participacion-de-12-paises\/#primaryimage","url":"https:\/\/www.sonoraenequipo.com.mx\/storage\/2026\/09\/gran-carrera-del-desierto-1.jpg","contentUrl":"https:\/\/www.sonoraenequipo.com.mx\/storage\/2026\/09\/gran-carrera-del-desierto-1.jpg","width":1000,"height":666},{"@type":"BreadcrumbList","@id":"https:\/\/www.sonoraenequipo.com.mx\/gobierno-de-sonora-impulsa-quinta-edicion-de-la-gran-carrera-del-desierto-con-participacion-de-12-paises\/#breadcrumb","itemListElement":[{"@type":"ListItem","position":1,"name":"Portada","item":"https:\/\/www.sonoraenequipo.com.mx\/"},{"@type":"ListItem","position":2,"name":"Gobierno de Sonora impulsa quinta edici\u00f3n de la Gran Carrera del Desierto con participaci\u00f3n de 12 pa\u00edses"}]},{"@type":"WebSite","@id":"https:\/\/www.sonoraenequipo.com.mx\/#website","url":"https:\/\/www.sonoraenequipo.com.mx\/","name":"Sonora en Equipo.","description":"Diario en l\u00ednea con Noticias desde Hermosillo, Sonora","publisher":{"@id":"https:\/\/www.sonoraenequipo.com.mx\/#organization"},"potentialAction":[{"@type":"SearchAction","target":{"@type":"EntryPoint","urlTemplate":"https:\/\/www.sonoraenequipo.com.mx\/?s={search_term_string}"},"query-input":{"@type":"PropertyValueSpecification","valueRequired":true,"valueName":"search_term_string"}}],"inLanguage":"es"},{"@type":"Organization","@id":"https:\/\/www.sonoraenequipo.com.mx\/#organization","name":"Sonoraenequipo.com.mx","url":"https:\/\/www.sonoraenequipo.com.mx\/","logo":{"@type":"ImageObject","inLanguage":"es","@id":"https:\/\/www.sonoraenequipo.com.mx\/#\/schema\/logo\/image\/","url":"https:\/\/www.sonoraenequipo.com.mx\/storage\/2019\/01\/sonoraenequipo_opt.png","contentUrl":"https:\/\/www.sonoraenequipo.com.mx\/storage\/2019\/01\/sonoraenequipo_opt.png","width":375,"height":125,"caption":"Sonoraenequipo.com.mx"},"image":{"@id":"https:\/\/www.sonoraenequipo.com.mx\/#\/schema\/logo\/image\/"},"sameAs":["https:\/\/www.facebook.com\/SonoraEE\/","https:\/\/x.com\/sonoraenequipo","https:\/\/www.youtube.com\/channel\/UC338nW-lPEYmJQs4ZABQ1SQ"]},{"@type":"Person","@id":"https:\/\/www.sonoraenequipo.com.mx\/#\/schema\/person\/50102df0fb23a8fa9e8effad8fa81386","name":"enequipo","image":{"@type":"ImageObject","inLanguage":"es","@id":"https:\/\/www.sonoraenequipo.com.mx\/#\/schema\/person\/image\/","url":"https:\/\/secure.gravatar.com\/avatar\/049821681b589dabc0bc20695993ccebb09f5b5d4d790cd9251b97faac7c652b?s=96&d=blank&r=g","contentUrl":"https:\/\/secure.gravatar.com\/avatar\/049821681b589dabc0bc20695993ccebb09f5b5d4d790cd9251b97faac7c652b?s=96&d=blank&r=g","caption":"enequipo"},"sameAs":["https:\/\/www.facebook.com\/SonoraEE"]}]}},"jetpack_featured_media_url":"https:\/\/www.sonoraenequipo.com.mx\/storage\/2026\/09\/gran-carrera-del-desierto-1.jpg","_links":{"self":[{"href":"https:\/\/www.sonoraenequipo.com.mx\/api\/wp\/v2\/posts\/251499","targetHints":{"allow":["GET"]}}],"collection":[{"href":"https:\/\/www.sonoraenequipo.com.mx\/api\/wp\/v2\/posts"}],"about":[{"href":"https:\/\/www.sonoraenequipo.com.mx\/api\/wp\/v2\/types\/post"}],"author":[{"embeddable":true,"href":"https:\/\/www.sonoraenequipo.com.mx\/api\/wp\/v2\/users\/1"}],"replies":[{"embeddable":true,"href":"https:\/\/www.sonoraenequipo.com.mx\/api\/wp\/v2\/comments?post=251499"}],"version-history":[{"count":1,"href":"https:\/\/www.sonoraenequipo.com.mx\/api\/wp\/v2\/posts\/251499\/revisions"}],"predecessor-version":[{"id":251505,"href":"https:\/\/www.sonoraenequipo.com.mx\/api\/wp\/v2\/posts\/251499\/revisions\/251505"}],"wp:featuredmedia":[{"embeddable":true,"href":"https:\/\/www.sonoraenequipo.com.mx\/api\/wp\/v2\/media\/251504"}],"wp:attachment":[{"href":"https:\/\/www.sonoraenequipo.com.mx\/api\/wp\/v2\/media?parent=251499"}],"wp:term":[{"taxonomy":"category","embeddable":true,"href":"https:\/\/www.sonoraenequipo.com.mx\/api\/wp\/v2\/categories?post=251499"},{"taxonomy":"post_tag","embeddable":true,"href":"https:\/\/www.sonoraenequipo.com.mx\/api\/wp\/v2\/tags?post=251499"}],"curies":[{"name":"wp","href":"https:\/\/api.w.org\/{rel}","templated":true}]}}