{"id":251500,"date":"2026-09-03T18:17:19","date_gmt":"2026-09-04T01:17:19","guid":{"rendered":"https:\/\/www.sonoraenequipo.com.mx\/?p=251500"},"modified":"2026-09-03T18:17:19","modified_gmt":"2026-09-04T01:17:19","slug":"fgjes-captura-a-tres-personas-relacionadas-con-hechos-registrados-en-el-cum-en-hermosillo","status":"publish","type":"post","link":"https:\/\/www.sonoraenequipo.com.mx\/fgjes-captura-a-tres-personas-relacionadas-con-hechos-registrados-en-el-cum-en-hermosillo\/","title":{"rendered":"FGJES captura a tres personas relacionadas con hechos registrados en el CUM en Hermosillo"},"content":{"rendered":"<p>FGJES captura a tres personas relacionadas con hechos registrados en el CUM en Hermosillo<\/p>\n<p><strong>HERMOSILLO, SONORA, MX. \u2014<\/strong> La Fiscal\u00eda General de Justicia del Estado de Sonora (FGJES) informa, en avance de las investigaciones que tres personas se encuentran detenidas por su probable relaci\u00f3n con los hechos registrados el pasado 28 de agosto en el Centro de Usos M\u00faltiples (CUM) de Hermosillo; adem\u00e1s, las diligencias los relacionan con diversos homicidios ocurridos recientemente en la capital del Estado.<\/p>\n<p>&nbsp;<\/p>\n<p>El Fiscal General en Sonora, Gustavo R\u00f3mulo Salas Ch\u00e1vez, se\u00f1al\u00f3 que los tres detenidos son objeto de diligencias ministeriales y, en las pr\u00f3ximas horas, ser\u00e1n puestos a disposici\u00f3n de la autoridad judicial correspondiente para continuar con el proceso legal. \u201cEstos sujetos ya no seguir\u00e1n generando violencia en la ciudad\u201d, puntualiz\u00f3.<\/p>\n<p>&nbsp;<\/p>\n<p>Como parte de las mismas investigaciones, fue capturado un cuarto individuo, identificado p\u00fablicamente como \u201cinfluencer\u201d, quien presuntamente utilizaba sus plataformas para promover actividades vinculadas con la venta de drogas durante diversos eventos y quien, adem\u00e1s, contaba con una orden de aprehensi\u00f3n vigente.<\/p>\n<p>&nbsp;<\/p>\n<p>La FGJES mantiene abiertas otras l\u00edneas de investigaci\u00f3n respecto de personas que formaban parte del elenco programado para el evento y que cuentan con carpetas de investigaci\u00f3n en integraci\u00f3n. Conforme avancen los datos de prueba, los expedientes que jur\u00eddicamente correspondan ser\u00e1n judicializados ante los tribunales.<\/p>\n<p>&nbsp;<\/p>\n<p>Los hechos investigados ocurrieron la noche del 28 de agosto, cuando sujetos, integrantes de un grupo criminal, ingresaron al CUM e incendiaron un ring donde estaba previsto realizar un espect\u00e1culo con influencers y boxeadores.<\/p>\n<p>&nbsp;<\/p>\n<p>El Fiscal General destac\u00f3 que las investigaciones se desarrollan de manera permanente dentro del Gabinete de Seguridad, con participaci\u00f3n de las instituciones que integran la Mesa Estatal de Seguridad.<\/p>\n<p>&nbsp;<\/p>\n<p>La Fiscal\u00eda General de Justicia del Estado de Sonora continuar\u00e1 investigando y ejercer\u00e1 acci\u00f3n penal contra quien resulte responsable, incluso\u00a0 dar\u00e1 vista el \u00e1mbito Federal si as\u00ed corresponde, respetando en todo momento el debido proceso y la presunci\u00f3n de inocencia.<\/p>\n<p><strong>Fecha de publicaci\u00f3n jueves 3 de septiembre de 2026<\/strong><\/p>\n","protected":false},"excerpt":{"rendered":"<p>FGJES captura a tres personas relacionadas con hechos registrados en el CUM en Hermosillo HERMOSILLO,&#8230;<\/p>\n","protected":false},"author":1,"featured_media":235967,"comment_status":"open","ping_status":"open","sticky":false,"template":"","format":"standard","meta":{"_monsterinsights_skip_tracking":false,"_monsterinsights_sitenote_active":false,"_monsterinsights_sitenote_note":"","_monsterinsights_sitenote_category":0,"footnotes":""},"categories":[3144],"tags":[13049],"class_list":["post"],"yoast_head":" \n<title>Sonora en Equipo. FGJES captura a tres personas relacionadas con hechos registrados en el CUM en Hermosillo Polic\u00edaca<\/title>\n<meta name=\"description\" content=\"FGJES captura a tres personas relacionadas con hechos registrados en el CUM en Hermosillo HERMOSILLO, SONORA, MX. \u2014 La Fiscal\u00eda General de Justicia del En Sonora en Equipo publicamos toda la informaci\u00f3n de Sonora, M\u00e9xico y el Mundo de manera oportuna y busca que la libertad de expresi\u00f3n sea real. Visita nuestro medio informativo publicado desde Hermosillo, Sonora. %\" \/>\n<meta name=\"robots\" content=\"index, follow, max-snippet:-1, max-image-preview:large, max-video-preview:-1\" \/>\n<link rel=\"canonical\" href=\"https:\/\/www.sonoraenequipo.com.mx\/fgjes-captura-a-tres-personas-relacionadas-con-hechos-registrados-en-el-cum-en-hermosillo\/\" \/>\n<meta property=\"og:locale\" content=\"es_ES\" \/>\n<meta property=\"og:type\" content=\"article\" \/>\n<meta property=\"og:title\" content=\"Sonora en Equipo. FGJES captura a tres personas relacionadas con hechos registrados en el CUM en Hermosillo Polic\u00edaca\" \/>\n<meta property=\"og:description\" content=\"FGJES captura a tres personas relacionadas con hechos registrados en el CUM en Hermosillo HERMOSILLO, SONORA, MX. \u2014 La Fiscal\u00eda General de Justicia del En Sonora en Equipo publicamos toda la informaci\u00f3n de Sonora, M\u00e9xico y el Mundo de manera oportuna y busca que la libertad de expresi\u00f3n sea real. Visita nuestro medio informativo publicado desde Hermosillo, Sonora. %\" \/>\n<meta property=\"og:url\" content=\"https:\/\/www.sonoraenequipo.com.mx\/fgjes-captura-a-tres-personas-relacionadas-con-hechos-registrados-en-el-cum-en-hermosillo\/\" \/>\n<meta property=\"og:site_name\" content=\"Sonora en Equipo.\" \/>\n<meta property=\"article:publisher\" content=\"https:\/\/www.facebook.com\/SonoraEE\/\" \/>\n<meta property=\"article:author\" content=\"https:\/\/www.facebook.com\/SonoraEE\" \/>\n<meta property=\"article:published_time\" content=\"2026-09-04T01:17:19+00:00\" \/>\n<meta property=\"og:image\" content=\"https:\/\/www.sonoraenequipo.com.mx\/storage\/2026\/02\/fiscal.jpg\" \/>\n\t<meta property=\"og:image:width\" content=\"600\" \/>\n\t<meta property=\"og:image:height\" content=\"400\" \/>\n\t<meta property=\"og:image:type\" content=\"image\/jpeg\" \/>\n<meta name=\"author\" content=\"enequipo\" \/>\n<meta name=\"twitter:card\" content=\"summary_large_image\" \/>\n<meta name=\"twitter:creator\" content=\"@sonoraenequipo\" \/>\n<meta name=\"twitter:site\" content=\"@sonoraenequipo\" \/>\n<meta name=\"twitter:label1\" content=\"Escrito por\" \/>\n\t<meta name=\"twitter:data1\" content=\"enequipo\" \/>\n\t<meta name=\"twitter:label2\" content=\"Tiempo de lectura\" \/>\n\t<meta name=\"twitter:data2\" content=\"2 minutos\" \/>\n<script type=\"application\/ld+json\" class=\"yoast-schema-graph\">{\"@context\":\"https:\/\/schema.org\",\"@graph\":[{\"@type\":\"Article\",\"@id\":\"https:\/\/www.sonoraenequipo.com.mx\/fgjes-captura-a-tres-personas-relacionadas-con-hechos-registrados-en-el-cum-en-hermosillo\/#article\",\"isPartOf\":{\"@id\":\"https:\/\/www.sonoraenequipo.com.mx\/fgjes-captura-a-tres-personas-relacionadas-con-hechos-registrados-en-el-cum-en-hermosillo\/\"},\"author\":{\"name\":\"enequipo\",\"@id\":\"https:\/\/www.sonoraenequipo.com.mx\/#\/schema\/person\/50102df0fb23a8fa9e8effad8fa81386\"},\"headline\":\"FGJES captura a tres personas relacionadas con hechos registrados en el CUM en Hermosillo\",\"datePublished\":\"2026-09-04T01:17:19+00:00\",\"mainEntityOfPage\":{\"@id\":\"https:\/\/www.sonoraenequipo.com.mx\/fgjes-captura-a-tres-personas-relacionadas-con-hechos-registrados-en-el-cum-en-hermosillo\/\"},\"wordCount\":367,\"commentCount\":0,\"publisher\":{\"@id\":\"https:\/\/www.sonoraenequipo.com.mx\/#organization\"},\"image\":{\"@id\":\"https:\/\/www.sonoraenequipo.com.mx\/fgjes-captura-a-tres-personas-relacionadas-con-hechos-registrados-en-el-cum-en-hermosillo\/#primaryimage\"},\"thumbnailUrl\":\"https:\/\/www.sonoraenequipo.com.mx\/storage\/2026\/02\/fiscal.jpg\",\"keywords\":[\"HECHOS CUM\"],\"articleSection\":[\"Polic\u00edaca\"],\"inLanguage\":\"es\",\"potentialAction\":[{\"@type\":\"CommentAction\",\"name\":\"Comment\",\"target\":[\"https:\/\/www.sonoraenequipo.com.mx\/fgjes-captura-a-tres-personas-relacionadas-con-hechos-registrados-en-el-cum-en-hermosillo\/#respond\"]}]},{\"@type\":\"WebPage\",\"@id\":\"https:\/\/www.sonoraenequipo.com.mx\/fgjes-captura-a-tres-personas-relacionadas-con-hechos-registrados-en-el-cum-en-hermosillo\/\",\"url\":\"https:\/\/www.sonoraenequipo.com.mx\/fgjes-captura-a-tres-personas-relacionadas-con-hechos-registrados-en-el-cum-en-hermosillo\/\",\"name\":\"Sonora en Equipo. FGJES captura a tres personas relacionadas con hechos registrados en el CUM en Hermosillo Polic\u00edaca\",\"isPartOf\":{\"@id\":\"https:\/\/www.sonoraenequipo.com.mx\/#website\"},\"primaryImageOfPage\":{\"@id\":\"https:\/\/www.sonoraenequipo.com.mx\/fgjes-captura-a-tres-personas-relacionadas-con-hechos-registrados-en-el-cum-en-hermosillo\/#primaryimage\"},\"image\":{\"@id\":\"https:\/\/www.sonoraenequipo.com.mx\/fgjes-captura-a-tres-personas-relacionadas-con-hechos-registrados-en-el-cum-en-hermosillo\/#primaryimage\"},\"thumbnailUrl\":\"https:\/\/www.sonoraenequipo.com.mx\/storage\/2026\/02\/fiscal.jpg\",\"datePublished\":\"2026-09-04T01:17:19+00:00\",\"description\":\"FGJES captura a tres personas relacionadas con hechos registrados en el CUM en Hermosillo HERMOSILLO, SONORA, MX. \u2014 La Fiscal\u00eda General de Justicia del En Sonora en Equipo publicamos toda la informaci\u00f3n de Sonora, M\u00e9xico y el Mundo de manera oportuna y busca que la libertad de expresi\u00f3n sea real. Visita nuestro medio informativo publicado desde Hermosillo, Sonora. %\",\"breadcrumb\":{\"@id\":\"https:\/\/www.sonoraenequipo.com.mx\/fgjes-captura-a-tres-personas-relacionadas-con-hechos-registrados-en-el-cum-en-hermosillo\/#breadcrumb\"},\"inLanguage\":\"es\",\"potentialAction\":[{\"@type\":\"ReadAction\",\"target\":[\"https:\/\/www.sonoraenequipo.com.mx\/fgjes-captura-a-tres-personas-relacionadas-con-hechos-registrados-en-el-cum-en-hermosillo\/\"]}]},{\"@type\":\"ImageObject\",\"inLanguage\":\"es\",\"@id\":\"https:\/\/www.sonoraenequipo.com.mx\/fgjes-captura-a-tres-personas-relacionadas-con-hechos-registrados-en-el-cum-en-hermosillo\/#primaryimage\",\"url\":\"https:\/\/www.sonoraenequipo.com.mx\/storage\/2026\/02\/fiscal.jpg\",\"contentUrl\":\"https:\/\/www.sonoraenequipo.com.mx\/storage\/2026\/02\/fiscal.jpg\",\"width\":600,\"height\":400,\"caption\":\"Fiscal R\u00f3mulo Salas Ch\u00e1vez\"},{\"@type\":\"BreadcrumbList\",\"@id\":\"https:\/\/www.sonoraenequipo.com.mx\/fgjes-captura-a-tres-personas-relacionadas-con-hechos-registrados-en-el-cum-en-hermosillo\/#breadcrumb\",\"itemListElement\":[{\"@type\":\"ListItem\",\"position\":1,\"name\":\"Portada\",\"item\":\"https:\/\/www.sonoraenequipo.com.mx\/\"},{\"@type\":\"ListItem\",\"position\":2,\"name\":\"FGJES captura a tres personas relacionadas con hechos registrados en el CUM en Hermosillo\"}]},{\"@type\":\"WebSite\",\"@id\":\"https:\/\/www.sonoraenequipo.com.mx\/#website\",\"url\":\"https:\/\/www.sonoraenequipo.com.mx\/\",\"name\":\"Sonora en Equipo.\",\"description\":\"Diario en l\u00ednea con Noticias desde Hermosillo, Sonora\",\"publisher\":{\"@id\":\"https:\/\/www.sonoraenequipo.com.mx\/#organization\"},\"potentialAction\":[{\"@type\":\"SearchAction\",\"target\":{\"@type\":\"EntryPoint\",\"urlTemplate\":\"https:\/\/www.sonoraenequipo.com.mx\/?s={search_term_string}\"},\"query-input\":{\"@type\":\"PropertyValueSpecification\",\"valueRequired\":true,\"valueName\":\"search_term_string\"}}],\"inLanguage\":\"es\"},{\"@type\":\"Organization\",\"@id\":\"https:\/\/www.sonoraenequipo.com.mx\/#organization\",\"name\":\"Sonoraenequipo.com.mx\",\"url\":\"https:\/\/www.sonoraenequipo.com.mx\/\",\"logo\":{\"@type\":\"ImageObject\",\"inLanguage\":\"es\",\"@id\":\"https:\/\/www.sonoraenequipo.com.mx\/#\/schema\/logo\/image\/\",\"url\":\"https:\/\/www.sonoraenequipo.com.mx\/storage\/2019\/01\/sonoraenequipo_opt.png\",\"contentUrl\":\"https:\/\/www.sonoraenequipo.com.mx\/storage\/2019\/01\/sonoraenequipo_opt.png\",\"width\":375,\"height\":125,\"caption\":\"Sonoraenequipo.com.mx\"},\"image\":{\"@id\":\"https:\/\/www.sonoraenequipo.com.mx\/#\/schema\/logo\/image\/\"},\"sameAs\":[\"https:\/\/www.facebook.com\/SonoraEE\/\",\"https:\/\/x.com\/sonoraenequipo\",\"https:\/\/www.youtube.com\/channel\/UC338nW-lPEYmJQs4ZABQ1SQ\"]},{\"@type\":\"Person\",\"@id\":\"https:\/\/www.sonoraenequipo.com.mx\/#\/schema\/person\/50102df0fb23a8fa9e8effad8fa81386\",\"name\":\"enequipo\",\"image\":{\"@type\":\"ImageObject\",\"inLanguage\":\"es\",\"@id\":\"https:\/\/www.sonoraenequipo.com.mx\/#\/schema\/person\/image\/\",\"url\":\"https:\/\/secure.gravatar.com\/avatar\/049821681b589dabc0bc20695993ccebb09f5b5d4d790cd9251b97faac7c652b?s=96&d=blank&r=g\",\"contentUrl\":\"https:\/\/secure.gravatar.com\/avatar\/049821681b589dabc0bc20695993ccebb09f5b5d4d790cd9251b97faac7c652b?s=96&d=blank&r=g\",\"caption\":\"enequipo\"},\"sameAs\":[\"https:\/\/www.facebook.com\/SonoraEE\"]}]}<\/script>\n ","yoast_head_json":{"title":"Sonora en Equipo. FGJES captura a tres personas relacionadas con hechos registrados en el CUM en Hermosillo Polic\u00edaca","description":"FGJES captura a tres personas relacionadas con hechos registrados en el CUM en Hermosillo HERMOSILLO, SONORA, MX. \u2014 La Fiscal\u00eda General de Justicia del En Sonora en Equipo publicamos toda la informaci\u00f3n de Sonora, M\u00e9xico y el Mundo de manera oportuna y busca que la libertad de expresi\u00f3n sea real. Visita nuestro medio informativo publicado desde Hermosillo, Sonora. %","robots":{"index":"index","follow":"follow","max-snippet":"max-snippet:-1","max-image-preview":"max-image-preview:large","max-video-preview":"max-video-preview:-1"},"canonical":"https:\/\/www.sonoraenequipo.com.mx\/fgjes-captura-a-tres-personas-relacionadas-con-hechos-registrados-en-el-cum-en-hermosillo\/","og_locale":"es_ES","og_type":"article","og_title":"Sonora en Equipo. FGJES captura a tres personas relacionadas con hechos registrados en el CUM en Hermosillo Polic\u00edaca","og_description":"FGJES captura a tres personas relacionadas con hechos registrados en el CUM en Hermosillo HERMOSILLO, SONORA, MX. \u2014 La Fiscal\u00eda General de Justicia del En Sonora en Equipo publicamos toda la informaci\u00f3n de Sonora, M\u00e9xico y el Mundo de manera oportuna y busca que la libertad de expresi\u00f3n sea real. Visita nuestro medio informativo publicado desde Hermosillo, Sonora. %","og_url":"https:\/\/www.sonoraenequipo.com.mx\/fgjes-captura-a-tres-personas-relacionadas-con-hechos-registrados-en-el-cum-en-hermosillo\/","og_site_name":"Sonora en Equipo.","article_publisher":"https:\/\/www.facebook.com\/SonoraEE\/","article_author":"https:\/\/www.facebook.com\/SonoraEE","article_published_time":"2026-09-04T01:17:19+00:00","og_image":[{"width":600,"height":400,"url":"https:\/\/www.sonoraenequipo.com.mx\/storage\/2026\/02\/fiscal.jpg","type":"image\/jpeg"}],"author":"enequipo","twitter_card":"summary_large_image","twitter_creator":"@sonoraenequipo","twitter_site":"@sonoraenequipo","twitter_misc":{"Escrito por":"enequipo","Tiempo de lectura":"2 minutos"},"schema":{"@context":"https:\/\/schema.org","@graph":[{"@type":"Article","@id":"https:\/\/www.sonoraenequipo.com.mx\/fgjes-captura-a-tres-personas-relacionadas-con-hechos-registrados-en-el-cum-en-hermosillo\/#article","isPartOf":{"@id":"https:\/\/www.sonoraenequipo.com.mx\/fgjes-captura-a-tres-personas-relacionadas-con-hechos-registrados-en-el-cum-en-hermosillo\/"},"author":{"name":"enequipo","@id":"https:\/\/www.sonoraenequipo.com.mx\/#\/schema\/person\/50102df0fb23a8fa9e8effad8fa81386"},"headline":"FGJES captura a tres personas relacionadas con hechos registrados en el CUM en Hermosillo","datePublished":"2026-09-04T01:17:19+00:00","mainEntityOfPage":{"@id":"https:\/\/www.sonoraenequipo.com.mx\/fgjes-captura-a-tres-personas-relacionadas-con-hechos-registrados-en-el-cum-en-hermosillo\/"},"wordCount":367,"commentCount":0,"publisher":{"@id":"https:\/\/www.sonoraenequipo.com.mx\/#organization"},"image":{"@id":"https:\/\/www.sonoraenequipo.com.mx\/fgjes-captura-a-tres-personas-relacionadas-con-hechos-registrados-en-el-cum-en-hermosillo\/#primaryimage"},"thumbnailUrl":"https:\/\/www.sonoraenequipo.com.mx\/storage\/2026\/02\/fiscal.jpg","keywords":["HECHOS CUM"],"articleSection":["Polic\u00edaca"],"inLanguage":"es","potentialAction":[{"@type":"CommentAction","name":"Comment","target":["https:\/\/www.sonoraenequipo.com.mx\/fgjes-captura-a-tres-personas-relacionadas-con-hechos-registrados-en-el-cum-en-hermosillo\/#respond"]}]},{"@type":"WebPage","@id":"https:\/\/www.sonoraenequipo.com.mx\/fgjes-captura-a-tres-personas-relacionadas-con-hechos-registrados-en-el-cum-en-hermosillo\/","url":"https:\/\/www.sonoraenequipo.com.mx\/fgjes-captura-a-tres-personas-relacionadas-con-hechos-registrados-en-el-cum-en-hermosillo\/","name":"Sonora en Equipo. FGJES captura a tres personas relacionadas con hechos registrados en el CUM en Hermosillo Polic\u00edaca","isPartOf":{"@id":"https:\/\/www.sonoraenequipo.com.mx\/#website"},"primaryImageOfPage":{"@id":"https:\/\/www.sonoraenequipo.com.mx\/fgjes-captura-a-tres-personas-relacionadas-con-hechos-registrados-en-el-cum-en-hermosillo\/#primaryimage"},"image":{"@id":"https:\/\/www.sonoraenequipo.com.mx\/fgjes-captura-a-tres-personas-relacionadas-con-hechos-registrados-en-el-cum-en-hermosillo\/#primaryimage"},"thumbnailUrl":"https:\/\/www.sonoraenequipo.com.mx\/storage\/2026\/02\/fiscal.jpg","datePublished":"2026-09-04T01:17:19+00:00","description":"FGJES captura a tres personas relacionadas con hechos registrados en el CUM en Hermosillo HERMOSILLO, SONORA, MX. \u2014 La Fiscal\u00eda General de Justicia del En Sonora en Equipo publicamos toda la informaci\u00f3n de Sonora, M\u00e9xico y el Mundo de manera oportuna y busca que la libertad de expresi\u00f3n sea real. Visita nuestro medio informativo publicado desde Hermosillo, Sonora. %","breadcrumb":{"@id":"https:\/\/www.sonoraenequipo.com.mx\/fgjes-captura-a-tres-personas-relacionadas-con-hechos-registrados-en-el-cum-en-hermosillo\/#breadcrumb"},"inLanguage":"es","potentialAction":[{"@type":"ReadAction","target":["https:\/\/www.sonoraenequipo.com.mx\/fgjes-captura-a-tres-personas-relacionadas-con-hechos-registrados-en-el-cum-en-hermosillo\/"]}]},{"@type":"ImageObject","inLanguage":"es","@id":"https:\/\/www.sonoraenequipo.com.mx\/fgjes-captura-a-tres-personas-relacionadas-con-hechos-registrados-en-el-cum-en-hermosillo\/#primaryimage","url":"https:\/\/www.sonoraenequipo.com.mx\/storage\/2026\/02\/fiscal.jpg","contentUrl":"https:\/\/www.sonoraenequipo.com.mx\/storage\/2026\/02\/fiscal.jpg","width":600,"height":400,"caption":"Fiscal R\u00f3mulo Salas Ch\u00e1vez"},{"@type":"BreadcrumbList","@id":"https:\/\/www.sonoraenequipo.com.mx\/fgjes-captura-a-tres-personas-relacionadas-con-hechos-registrados-en-el-cum-en-hermosillo\/#breadcrumb","itemListElement":[{"@type":"ListItem","position":1,"name":"Portada","item":"https:\/\/www.sonoraenequipo.com.mx\/"},{"@type":"ListItem","position":2,"name":"FGJES captura a tres personas relacionadas con hechos registrados en el CUM en Hermosillo"}]},{"@type":"WebSite","@id":"https:\/\/www.sonoraenequipo.com.mx\/#website","url":"https:\/\/www.sonoraenequipo.com.mx\/","name":"Sonora en Equipo.","description":"Diario en l\u00ednea con Noticias desde Hermosillo, Sonora","publisher":{"@id":"https:\/\/www.sonoraenequipo.com.mx\/#organization"},"potentialAction":[{"@type":"SearchAction","target":{"@type":"EntryPoint","urlTemplate":"https:\/\/www.sonoraenequipo.com.mx\/?s={search_term_string}"},"query-input":{"@type":"PropertyValueSpecification","valueRequired":true,"valueName":"search_term_string"}}],"inLanguage":"es"},{"@type":"Organization","@id":"https:\/\/www.sonoraenequipo.com.mx\/#organization","name":"Sonoraenequipo.com.mx","url":"https:\/\/www.sonoraenequipo.com.mx\/","logo":{"@type":"ImageObject","inLanguage":"es","@id":"https:\/\/www.sonoraenequipo.com.mx\/#\/schema\/logo\/image\/","url":"https:\/\/www.sonoraenequipo.com.mx\/storage\/2019\/01\/sonoraenequipo_opt.png","contentUrl":"https:\/\/www.sonoraenequipo.com.mx\/storage\/2019\/01\/sonoraenequipo_opt.png","width":375,"height":125,"caption":"Sonoraenequipo.com.mx"},"image":{"@id":"https:\/\/www.sonoraenequipo.com.mx\/#\/schema\/logo\/image\/"},"sameAs":["https:\/\/www.facebook.com\/SonoraEE\/","https:\/\/x.com\/sonoraenequipo","https:\/\/www.youtube.com\/channel\/UC338nW-lPEYmJQs4ZABQ1SQ"]},{"@type":"Person","@id":"https:\/\/www.sonoraenequipo.com.mx\/#\/schema\/person\/50102df0fb23a8fa9e8effad8fa81386","name":"enequipo","image":{"@type":"ImageObject","inLanguage":"es","@id":"https:\/\/www.sonoraenequipo.com.mx\/#\/schema\/person\/image\/","url":"https:\/\/secure.gravatar.com\/avatar\/049821681b589dabc0bc20695993ccebb09f5b5d4d790cd9251b97faac7c652b?s=96&d=blank&r=g","contentUrl":"https:\/\/secure.gravatar.com\/avatar\/049821681b589dabc0bc20695993ccebb09f5b5d4d790cd9251b97faac7c652b?s=96&d=blank&r=g","caption":"enequipo"},"sameAs":["https:\/\/www.facebook.com\/SonoraEE"]}]}},"jetpack_featured_media_url":"https:\/\/www.sonoraenequipo.com.mx\/storage\/2026\/02\/fiscal.jpg","_links":{"self":[{"href":"https:\/\/www.sonoraenequipo.com.mx\/api\/wp\/v2\/posts\/251500","targetHints":{"allow":["GET"]}}],"collection":[{"href":"https:\/\/www.sonoraenequipo.com.mx\/api\/wp\/v2\/posts"}],"about":[{"href":"https:\/\/www.sonoraenequipo.com.mx\/api\/wp\/v2\/types\/post"}],"author":[{"embeddable":true,"href":"https:\/\/www.sonoraenequipo.com.mx\/api\/wp\/v2\/users\/1"}],"replies":[{"embeddable":true,"href":"https:\/\/www.sonoraenequipo.com.mx\/api\/wp\/v2\/comments?post=251500"}],"version-history":[{"count":1,"href":"https:\/\/www.sonoraenequipo.com.mx\/api\/wp\/v2\/posts\/251500\/revisions"}],"predecessor-version":[{"id":251501,"href":"https:\/\/www.sonoraenequipo.com.mx\/api\/wp\/v2\/posts\/251500\/revisions\/251501"}],"wp:featuredmedia":[{"embeddable":true,"href":"https:\/\/www.sonoraenequipo.com.mx\/api\/wp\/v2\/media\/235967"}],"wp:attachment":[{"href":"https:\/\/www.sonoraenequipo.com.mx\/api\/wp\/v2\/media?parent=251500"}],"wp:term":[{"taxonomy":"category","embeddable":true,"href":"https:\/\/www.sonoraenequipo.com.mx\/api\/wp\/v2\/categories?post=251500"},{"taxonomy":"post_tag","embeddable":true,"href":"https:\/\/www.sonoraenequipo.com.mx\/api\/wp\/v2\/tags?post=251500"}],"curies":[{"name":"wp","href":"https:\/\/api.w.org\/{rel}","templated":true}]}}