{"id":251508,"date":"2026-09-03T22:19:01","date_gmt":"2026-09-04T05:19:01","guid":{"rendered":"https:\/\/www.sonoraenequipo.com.mx\/?p=251508"},"modified":"2026-09-04T09:40:54","modified_gmt":"2026-09-04T16:40:54","slug":"gobernador-durazo-y-presidenta-sheinbaum-arrancan-modernizacion-de-carretera-sonoyta-penasco","status":"publish","type":"post","link":"https:\/\/www.sonoraenequipo.com.mx\/gobernador-durazo-y-presidenta-sheinbaum-arrancan-modernizacion-de-carretera-sonoyta-penasco\/","title":{"rendered":"Gobernador Durazo y Presidenta Sheinbaum arrancan modernizaci\u00f3n de carretera Sonoyta-Pe\u00f1asco"},"content":{"rendered":"<p><strong>PUERTO PE\u00d1ASCO, SONORA.MX. \u2014 <\/strong>\u00a0Con una inversi\u00f3n de mil 800 millones de pesos, respaldada por la presidenta Claudia Sheinbaum, el gobernador Alfonso Durazo Monta\u00f1o, en coordinaci\u00f3n con la Secretar\u00eda de Infraestructura, Comunicaciones y Transportes (SICT), dio el banderazo de arranque a la modernizaci\u00f3n de la carretera Sonoyta-Puerto Pe\u00f1asco, una obra de conectividad terrestre que impulsa el desarrollo del turismo y la econom\u00eda en la regi\u00f3n.<\/p>\n<p>&nbsp;<\/p>\n<p>&nbsp;<\/p>\n<p> <\/p>\n<p>El mandatario estatal, durante el arranque de la obra, junto al subsecretario de Infraestructura de la SICT Juan Carlos Fuentes Orrala y al director general del Centro SICT en Sonora M\u00e1ximo Moscoso Pintado, destac\u00f3 que esta obra es resultado de las gestiones realizadas ante el Gobierno de M\u00e9xico, mediante las cuales se logr\u00f3 ampliar de 450 a mil 800 millones de pesos el presupuesto originalmente contemplado para trabajos de reparaci\u00f3n de esta importante v\u00eda.<\/p>\n<p>&nbsp;<\/p>\n<p>&nbsp;<\/p>\n<p><em><strong>\u201cEsta carretera no solo es seguridad, es econom\u00eda, es turismo, y la econom\u00eda el turismo aqu\u00ed en Puerto Pe\u00f1asco sabemos que se traduce autom\u00e1ticamente en bienestar, pero tambi\u00e9n es generaci\u00f3n de fuentes de empleo, particularmente la construcci\u00f3n, porque representa esta carretera una inversi\u00f3n de mil 800 millones de pesos, no se consiguen todos los d\u00edas\u201d,<\/strong><\/em> indic\u00f3.<\/p>\n<p>&nbsp;<\/p>\n<div id='gallery-1' class='gallery galleryid-251508 gallery-columns-2 gallery-size-large'><figure class='gallery-item'>\n\t\t\t<div class='gallery-icon landscape'>\n\t\t\t\t<a href='https:\/\/www.sonoraenequipo.com.mx\/gobernador-durazo-y-presidenta-sheinbaum-arrancan-modernizacion-de-carretera-sonoyta-penasco\/gobernador-durazo-y-presidenta-sheinbaum-arrancan-modernizacion-de-carretera-sonoyta-penasco1-1\/'><img width=\"640\" height=\"425\" src=\"https:\/\/www.sonoraenequipo.com.mx\/storage\/2026\/09\/Gobernador-Durazo-y-Presidenta-Sheinbaum-arrancan-modernizacion-de-carretera-Sonoyta-Penasco1.-1-722x480.jpg\" class=\"attachment-large size-large\" alt=\"Gobernador Durazo y Presidenta Sheinbaum arrancan modernizaci\u00f3n de carretera Sonoyta-Pe\u00f1asco1. (1)\" srcset=\"https:\/\/www.sonoraenequipo.com.mx\/storage\/2026\/09\/Gobernador-Durazo-y-Presidenta-Sheinbaum-arrancan-modernizacion-de-carretera-Sonoyta-Penasco1.-1-722x480.jpg 722w, https:\/\/www.sonoraenequipo.com.mx\/storage\/2026\/09\/Gobernador-Durazo-y-Presidenta-Sheinbaum-arrancan-modernizacion-de-carretera-Sonoyta-Penasco1.-1-549x365.jpg 549w, https:\/\/www.sonoraenequipo.com.mx\/storage\/2026\/09\/Gobernador-Durazo-y-Presidenta-Sheinbaum-arrancan-modernizacion-de-carretera-Sonoyta-Penasco1.-1-421x280.jpg 421w, https:\/\/www.sonoraenequipo.com.mx\/storage\/2026\/09\/Gobernador-Durazo-y-Presidenta-Sheinbaum-arrancan-modernizacion-de-carretera-Sonoyta-Penasco1.-1-768x511.jpg 768w, https:\/\/www.sonoraenequipo.com.mx\/storage\/2026\/09\/Gobernador-Durazo-y-Presidenta-Sheinbaum-arrancan-modernizacion-de-carretera-Sonoyta-Penasco1.-1-272x182.jpg 272w, https:\/\/www.sonoraenequipo.com.mx\/storage\/2026\/09\/Gobernador-Durazo-y-Presidenta-Sheinbaum-arrancan-modernizacion-de-carretera-Sonoyta-Penasco1.-1.jpg 1000w\" sizes=\"auto, (max-width: 640px) 100vw, 640px\" loading=\"lazy\" decoding=\"async\" \/><\/a>\n\t\t\t<\/div><\/figure><figure class='gallery-item'>\n\t\t\t<div class='gallery-icon landscape'>\n\t\t\t\t<a href='https:\/\/www.sonoraenequipo.com.mx\/gobernador-durazo-y-presidenta-sheinbaum-arrancan-modernizacion-de-carretera-sonoyta-penasco\/gobernador-durazo-y-presidenta-sheinbaum-arrancan-modernizacion-de-carretera-sonoyta-penasco1-1-2\/'><img width=\"640\" height=\"426\" src=\"https:\/\/www.sonoraenequipo.com.mx\/storage\/2026\/09\/Gobernador-Durazo-y-Presidenta-Sheinbaum-arrancan-modernizacion-de-carretera-Sonoyta-Penasco1.-1-1-721x480.jpg\" class=\"attachment-large size-large\" alt=\"Gobernador Durazo y Presidenta Sheinbaum arrancan modernizaci\u00f3n de carretera Sonoyta-Pe\u00f1asco1.. (1)\" srcset=\"https:\/\/www.sonoraenequipo.com.mx\/storage\/2026\/09\/Gobernador-Durazo-y-Presidenta-Sheinbaum-arrancan-modernizacion-de-carretera-Sonoyta-Penasco1.-1-1-721x480.jpg 721w, https:\/\/www.sonoraenequipo.com.mx\/storage\/2026\/09\/Gobernador-Durazo-y-Presidenta-Sheinbaum-arrancan-modernizacion-de-carretera-Sonoyta-Penasco1.-1-1-548x365.jpg 548w, https:\/\/www.sonoraenequipo.com.mx\/storage\/2026\/09\/Gobernador-Durazo-y-Presidenta-Sheinbaum-arrancan-modernizacion-de-carretera-Sonoyta-Penasco1.-1-1-420x280.jpg 420w, https:\/\/www.sonoraenequipo.com.mx\/storage\/2026\/09\/Gobernador-Durazo-y-Presidenta-Sheinbaum-arrancan-modernizacion-de-carretera-Sonoyta-Penasco1.-1-1-768x511.jpg 768w, https:\/\/www.sonoraenequipo.com.mx\/storage\/2026\/09\/Gobernador-Durazo-y-Presidenta-Sheinbaum-arrancan-modernizacion-de-carretera-Sonoyta-Penasco1.-1-1-272x182.jpg 272w, https:\/\/www.sonoraenequipo.com.mx\/storage\/2026\/09\/Gobernador-Durazo-y-Presidenta-Sheinbaum-arrancan-modernizacion-de-carretera-Sonoyta-Penasco1.-1-1.jpg 1000w\" sizes=\"auto, (max-width: 640px) 100vw, 640px\" loading=\"lazy\" decoding=\"async\" \/><\/a>\n\t\t\t<\/div><\/figure><figure class='gallery-item'>\n\t\t\t<div class='gallery-icon landscape'>\n\t\t\t\t<a href='https:\/\/www.sonoraenequipo.com.mx\/gobernador-durazo-y-presidenta-sheinbaum-arrancan-modernizacion-de-carretera-sonoyta-penasco\/gobernador-durazo-y-presidenta-sheinbaum-arrancan-modernizacion-de-carretera-sonoyta-penasco-1-3\/'><img width=\"640\" height=\"360\" src=\"https:\/\/www.sonoraenequipo.com.mx\/storage\/2026\/09\/Gobernador-Durazo-y-Presidenta-Sheinbaum-arrancan-modernizacion-de-carretera-Sonoyta-Penasco.-1-1-840x472.jpg\" class=\"attachment-large size-large\" alt=\"Gobernador Durazo y Presidenta Sheinbaum arrancan modernizaci\u00f3n de carretera Sonoyta-Pe\u00f1asco.. (1)\" srcset=\"https:\/\/www.sonoraenequipo.com.mx\/storage\/2026\/09\/Gobernador-Durazo-y-Presidenta-Sheinbaum-arrancan-modernizacion-de-carretera-Sonoyta-Penasco.-1-1-840x472.jpg 840w, https:\/\/www.sonoraenequipo.com.mx\/storage\/2026\/09\/Gobernador-Durazo-y-Presidenta-Sheinbaum-arrancan-modernizacion-de-carretera-Sonoyta-Penasco.-1-1-649x365.jpg 649w, https:\/\/www.sonoraenequipo.com.mx\/storage\/2026\/09\/Gobernador-Durazo-y-Presidenta-Sheinbaum-arrancan-modernizacion-de-carretera-Sonoyta-Penasco.-1-1-498x280.jpg 498w, https:\/\/www.sonoraenequipo.com.mx\/storage\/2026\/09\/Gobernador-Durazo-y-Presidenta-Sheinbaum-arrancan-modernizacion-de-carretera-Sonoyta-Penasco.-1-1-768x432.jpg 768w, https:\/\/www.sonoraenequipo.com.mx\/storage\/2026\/09\/Gobernador-Durazo-y-Presidenta-Sheinbaum-arrancan-modernizacion-de-carretera-Sonoyta-Penasco.-1-1.jpg 1000w\" sizes=\"auto, (max-width: 640px) 100vw, 640px\" loading=\"lazy\" decoding=\"async\" \/><\/a>\n\t\t\t<\/div><\/figure><figure class='gallery-item'>\n\t\t\t<div class='gallery-icon landscape'>\n\t\t\t\t<a href='https:\/\/www.sonoraenequipo.com.mx\/gobernador-durazo-y-presidenta-sheinbaum-arrancan-modernizacion-de-carretera-sonoyta-penasco\/gobernador-durazo-y-presidenta-sheinbaum-arrancan-modernizacion-de-carretera-sonoyta-penasco-1-2\/'><img width=\"640\" height=\"439\" src=\"https:\/\/www.sonoraenequipo.com.mx\/storage\/2026\/09\/Gobernador-Durazo-y-Presidenta-Sheinbaum-arrancan-modernizacion-de-carretera-Sonoyta-Penasco.-1-699x480.jpg\" class=\"attachment-large size-large\" alt=\"Gobernador Durazo y Presidenta Sheinbaum arrancan modernizaci\u00f3n de carretera Sonoyta-Pe\u00f1asco. (1)\" srcset=\"https:\/\/www.sonoraenequipo.com.mx\/storage\/2026\/09\/Gobernador-Durazo-y-Presidenta-Sheinbaum-arrancan-modernizacion-de-carretera-Sonoyta-Penasco.-1-699x480.jpg 699w, https:\/\/www.sonoraenequipo.com.mx\/storage\/2026\/09\/Gobernador-Durazo-y-Presidenta-Sheinbaum-arrancan-modernizacion-de-carretera-Sonoyta-Penasco.-1-531x365.jpg 531w, https:\/\/www.sonoraenequipo.com.mx\/storage\/2026\/09\/Gobernador-Durazo-y-Presidenta-Sheinbaum-arrancan-modernizacion-de-carretera-Sonoyta-Penasco.-1-408x280.jpg 408w, https:\/\/www.sonoraenequipo.com.mx\/storage\/2026\/09\/Gobernador-Durazo-y-Presidenta-Sheinbaum-arrancan-modernizacion-de-carretera-Sonoyta-Penasco.-1-768x528.jpg 768w, https:\/\/www.sonoraenequipo.com.mx\/storage\/2026\/09\/Gobernador-Durazo-y-Presidenta-Sheinbaum-arrancan-modernizacion-de-carretera-Sonoyta-Penasco.-1.jpg 1000w\" sizes=\"auto, (max-width: 640px) 100vw, 640px\" loading=\"lazy\" decoding=\"async\" \/><\/a>\n\t\t\t<\/div><\/figure>\n\t\t<\/div>\n\n<p>Juan Carlos Fuentes Orrala, subsecretario de Infraestructura de la SICT, resalt\u00f3 que se trata de una carretera que ofrece movilidad y desarrollo, para que los productos puedan llegar m\u00e1s r\u00e1pido a los mercados, que el turismo pueda crecer, que las empresas cuenten con mejores condiciones para invertir, y las familias puedan trasladarse con mayor seguridad.<\/p>\n<p>&nbsp;<\/p>\n<p>&nbsp;<\/p>\n<p>El gobernador Durazo a\u00f1adi\u00f3 que, tambi\u00e9n se intervendr\u00e1n el bulevar de acceso de puerto Pe\u00f1asco as\u00ed como la vialidad que dirige a la garita de Lukeville en Sonoyta, d\u00e1ndole mayor relevancia a la obra.<\/p>\n<p>&nbsp;<\/p>\n<p>&nbsp;<\/p>\n<p>La modernizaci\u00f3n de esta carretera consta del mejoramiento de poco m\u00e1s de 88 kil\u00f3metros en el tramo Sonoyta-Puerto Pe\u00f1asco, con un beneficio directo para 165 mil habitantes de la regi\u00f3n.<\/p>\n<p>&nbsp;<\/p>\n<p>&nbsp;<\/p>\n<p>Estuvieron presentes: Alejandro Verdugo Angulo, presidente municipal de Puerto Pe\u00f1asco; Jos\u00e9 Antonio Ram\u00edrez, director ejecutivo de la direcci\u00f3n general de carreteras; Franco Reyes Severiano; director general de la Subsecretar\u00eda de Infraestructura; Uriel L\u00f3pez R\u00edos, presidente municipal de General Plutarco El\u00edas Calles; Manuel Baldenebro Arredondo, diputado federal; y Rub\u00e9n Refugio Gonz\u00e1lez Aguayo, diputado local.<\/p>\n<p>&nbsp;<\/p>\n<p>PUBLICADO EL 03 SEPT DE 2026 Con informaci\u00f3n de GOBSON 0926\/033)<\/p>\n","protected":false},"excerpt":{"rendered":"<p>PUERTO PE\u00d1ASCO, SONORA.MX. \u2014 \u00a0Con una inversi\u00f3n de mil 800 millones de pesos, respaldada por&#8230;<\/p>\n","protected":false},"author":1,"featured_media":251511,"comment_status":"open","ping_status":"open","sticky":false,"template":"","format":"standard","meta":{"_monsterinsights_skip_tracking":false,"_monsterinsights_sitenote_active":false,"_monsterinsights_sitenote_note":"","_monsterinsights_sitenote_category":0,"footnotes":""},"categories":[22],"tags":[],"class_list":["post"],"yoast_head":" \n<title>Sonora en Equipo. Gobernador Durazo y Presidenta Sheinbaum arrancan modernizaci\u00f3n de carretera Sonoyta-Pe\u00f1asco Sonora<\/title>\n<meta name=\"description\" content=\"PUERTO PE\u00d1ASCO, SONORA.MX. \u2014 \u00a0Con una inversi\u00f3n de mil 800 millones de pesos, respaldada por la presidenta Claudia Sheinbaum, el gobernador Alfonso Durazo En Sonora en Equipo publicamos toda la informaci\u00f3n de Sonora, M\u00e9xico y el Mundo de manera oportuna y busca que la libertad de expresi\u00f3n sea real. Visita nuestro medio informativo publicado desde Hermosillo, Sonora. %\" \/>\n<meta name=\"robots\" content=\"index, follow, max-snippet:-1, max-image-preview:large, max-video-preview:-1\" \/>\n<link rel=\"canonical\" href=\"https:\/\/www.sonoraenequipo.com.mx\/gobernador-durazo-y-presidenta-sheinbaum-arrancan-modernizacion-de-carretera-sonoyta-penasco\/\" \/>\n<meta property=\"og:locale\" content=\"es_ES\" \/>\n<meta property=\"og:type\" content=\"article\" \/>\n<meta property=\"og:title\" content=\"Sonora en Equipo. Gobernador Durazo y Presidenta Sheinbaum arrancan modernizaci\u00f3n de carretera Sonoyta-Pe\u00f1asco Sonora\" \/>\n<meta property=\"og:description\" content=\"PUERTO PE\u00d1ASCO, SONORA.MX. \u2014 \u00a0Con una inversi\u00f3n de mil 800 millones de pesos, respaldada por la presidenta Claudia Sheinbaum, el gobernador Alfonso Durazo En Sonora en Equipo publicamos toda la informaci\u00f3n de Sonora, M\u00e9xico y el Mundo de manera oportuna y busca que la libertad de expresi\u00f3n sea real. Visita nuestro medio informativo publicado desde Hermosillo, Sonora. %\" \/>\n<meta property=\"og:url\" content=\"https:\/\/www.sonoraenequipo.com.mx\/gobernador-durazo-y-presidenta-sheinbaum-arrancan-modernizacion-de-carretera-sonoyta-penasco\/\" \/>\n<meta property=\"og:site_name\" content=\"Sonora en Equipo.\" \/>\n<meta property=\"article:publisher\" content=\"https:\/\/www.facebook.com\/SonoraEE\/\" \/>\n<meta property=\"article:author\" content=\"https:\/\/www.facebook.com\/SonoraEE\" \/>\n<meta property=\"article:published_time\" content=\"2026-09-04T05:19:01+00:00\" \/>\n<meta property=\"article:modified_time\" content=\"2026-09-04T16:40:54+00:00\" \/>\n<meta property=\"og:image\" content=\"https:\/\/www.sonoraenequipo.com.mx\/storage\/2026\/09\/Gobernador-Durazo-y-Presidenta-Sheinbaum-arrancan-modernizacion-de-carretera-Sonoyta-Penasco-1.jpg\" \/>\n\t<meta property=\"og:image:width\" content=\"1000\" \/>\n\t<meta property=\"og:image:height\" content=\"696\" \/>\n\t<meta property=\"og:image:type\" content=\"image\/jpeg\" \/>\n<meta name=\"author\" content=\"enequipo\" \/>\n<meta name=\"twitter:card\" content=\"summary_large_image\" \/>\n<meta name=\"twitter:creator\" content=\"@sonoraenequipo\" \/>\n<meta name=\"twitter:site\" content=\"@sonoraenequipo\" \/>\n<meta name=\"twitter:label1\" content=\"Escrito por\" \/>\n\t<meta name=\"twitter:data1\" content=\"enequipo\" \/>\n\t<meta name=\"twitter:label2\" content=\"Tiempo de lectura\" \/>\n\t<meta name=\"twitter:data2\" content=\"2 minutos\" \/>\n<script type=\"application\/ld+json\" class=\"yoast-schema-graph\">{\"@context\":\"https:\/\/schema.org\",\"@graph\":[{\"@type\":\"Article\",\"@id\":\"https:\/\/www.sonoraenequipo.com.mx\/gobernador-durazo-y-presidenta-sheinbaum-arrancan-modernizacion-de-carretera-sonoyta-penasco\/#article\",\"isPartOf\":{\"@id\":\"https:\/\/www.sonoraenequipo.com.mx\/gobernador-durazo-y-presidenta-sheinbaum-arrancan-modernizacion-de-carretera-sonoyta-penasco\/\"},\"author\":{\"name\":\"enequipo\",\"@id\":\"https:\/\/www.sonoraenequipo.com.mx\/#\/schema\/person\/50102df0fb23a8fa9e8effad8fa81386\"},\"headline\":\"Gobernador Durazo y Presidenta Sheinbaum arrancan modernizaci\u00f3n de carretera Sonoyta-Pe\u00f1asco\",\"datePublished\":\"2026-09-04T05:19:01+00:00\",\"dateModified\":\"2026-09-04T16:40:54+00:00\",\"mainEntityOfPage\":{\"@id\":\"https:\/\/www.sonoraenequipo.com.mx\/gobernador-durazo-y-presidenta-sheinbaum-arrancan-modernizacion-de-carretera-sonoyta-penasco\/\"},\"wordCount\":442,\"commentCount\":0,\"publisher\":{\"@id\":\"https:\/\/www.sonoraenequipo.com.mx\/#organization\"},\"image\":{\"@id\":\"https:\/\/www.sonoraenequipo.com.mx\/gobernador-durazo-y-presidenta-sheinbaum-arrancan-modernizacion-de-carretera-sonoyta-penasco\/#primaryimage\"},\"thumbnailUrl\":\"https:\/\/www.sonoraenequipo.com.mx\/storage\/2026\/09\/Gobernador-Durazo-y-Presidenta-Sheinbaum-arrancan-modernizacion-de-carretera-Sonoyta-Penasco-1.jpg\",\"articleSection\":[\"Sonora\"],\"inLanguage\":\"es\",\"potentialAction\":[{\"@type\":\"CommentAction\",\"name\":\"Comment\",\"target\":[\"https:\/\/www.sonoraenequipo.com.mx\/gobernador-durazo-y-presidenta-sheinbaum-arrancan-modernizacion-de-carretera-sonoyta-penasco\/#respond\"]}]},{\"@type\":\"WebPage\",\"@id\":\"https:\/\/www.sonoraenequipo.com.mx\/gobernador-durazo-y-presidenta-sheinbaum-arrancan-modernizacion-de-carretera-sonoyta-penasco\/\",\"url\":\"https:\/\/www.sonoraenequipo.com.mx\/gobernador-durazo-y-presidenta-sheinbaum-arrancan-modernizacion-de-carretera-sonoyta-penasco\/\",\"name\":\"Sonora en Equipo. Gobernador Durazo y Presidenta Sheinbaum arrancan modernizaci\u00f3n de carretera Sonoyta-Pe\u00f1asco Sonora\",\"isPartOf\":{\"@id\":\"https:\/\/www.sonoraenequipo.com.mx\/#website\"},\"primaryImageOfPage\":{\"@id\":\"https:\/\/www.sonoraenequipo.com.mx\/gobernador-durazo-y-presidenta-sheinbaum-arrancan-modernizacion-de-carretera-sonoyta-penasco\/#primaryimage\"},\"image\":{\"@id\":\"https:\/\/www.sonoraenequipo.com.mx\/gobernador-durazo-y-presidenta-sheinbaum-arrancan-modernizacion-de-carretera-sonoyta-penasco\/#primaryimage\"},\"thumbnailUrl\":\"https:\/\/www.sonoraenequipo.com.mx\/storage\/2026\/09\/Gobernador-Durazo-y-Presidenta-Sheinbaum-arrancan-modernizacion-de-carretera-Sonoyta-Penasco-1.jpg\",\"datePublished\":\"2026-09-04T05:19:01+00:00\",\"dateModified\":\"2026-09-04T16:40:54+00:00\",\"description\":\"PUERTO PE\u00d1ASCO, SONORA.MX. \u2014 \u00a0Con una inversi\u00f3n de mil 800 millones de pesos, respaldada por la presidenta Claudia Sheinbaum, el gobernador Alfonso Durazo En Sonora en Equipo publicamos toda la informaci\u00f3n de Sonora, M\u00e9xico y el Mundo de manera oportuna y busca que la libertad de expresi\u00f3n sea real. Visita nuestro medio informativo publicado desde Hermosillo, Sonora. %\",\"breadcrumb\":{\"@id\":\"https:\/\/www.sonoraenequipo.com.mx\/gobernador-durazo-y-presidenta-sheinbaum-arrancan-modernizacion-de-carretera-sonoyta-penasco\/#breadcrumb\"},\"inLanguage\":\"es\",\"potentialAction\":[{\"@type\":\"ReadAction\",\"target\":[\"https:\/\/www.sonoraenequipo.com.mx\/gobernador-durazo-y-presidenta-sheinbaum-arrancan-modernizacion-de-carretera-sonoyta-penasco\/\"]}]},{\"@type\":\"ImageObject\",\"inLanguage\":\"es\",\"@id\":\"https:\/\/www.sonoraenequipo.com.mx\/gobernador-durazo-y-presidenta-sheinbaum-arrancan-modernizacion-de-carretera-sonoyta-penasco\/#primaryimage\",\"url\":\"https:\/\/www.sonoraenequipo.com.mx\/storage\/2026\/09\/Gobernador-Durazo-y-Presidenta-Sheinbaum-arrancan-modernizacion-de-carretera-Sonoyta-Penasco-1.jpg\",\"contentUrl\":\"https:\/\/www.sonoraenequipo.com.mx\/storage\/2026\/09\/Gobernador-Durazo-y-Presidenta-Sheinbaum-arrancan-modernizacion-de-carretera-Sonoyta-Penasco-1.jpg\",\"width\":1000,\"height\":696},{\"@type\":\"BreadcrumbList\",\"@id\":\"https:\/\/www.sonoraenequipo.com.mx\/gobernador-durazo-y-presidenta-sheinbaum-arrancan-modernizacion-de-carretera-sonoyta-penasco\/#breadcrumb\",\"itemListElement\":[{\"@type\":\"ListItem\",\"position\":1,\"name\":\"Portada\",\"item\":\"https:\/\/www.sonoraenequipo.com.mx\/\"},{\"@type\":\"ListItem\",\"position\":2,\"name\":\"Gobernador Durazo y Presidenta Sheinbaum arrancan modernizaci\u00f3n de carretera Sonoyta-Pe\u00f1asco\"}]},{\"@type\":\"WebSite\",\"@id\":\"https:\/\/www.sonoraenequipo.com.mx\/#website\",\"url\":\"https:\/\/www.sonoraenequipo.com.mx\/\",\"name\":\"Sonora en Equipo.\",\"description\":\"Diario en l\u00ednea con Noticias desde Hermosillo, Sonora\",\"publisher\":{\"@id\":\"https:\/\/www.sonoraenequipo.com.mx\/#organization\"},\"potentialAction\":[{\"@type\":\"SearchAction\",\"target\":{\"@type\":\"EntryPoint\",\"urlTemplate\":\"https:\/\/www.sonoraenequipo.com.mx\/?s={search_term_string}\"},\"query-input\":{\"@type\":\"PropertyValueSpecification\",\"valueRequired\":true,\"valueName\":\"search_term_string\"}}],\"inLanguage\":\"es\"},{\"@type\":\"Organization\",\"@id\":\"https:\/\/www.sonoraenequipo.com.mx\/#organization\",\"name\":\"Sonoraenequipo.com.mx\",\"url\":\"https:\/\/www.sonoraenequipo.com.mx\/\",\"logo\":{\"@type\":\"ImageObject\",\"inLanguage\":\"es\",\"@id\":\"https:\/\/www.sonoraenequipo.com.mx\/#\/schema\/logo\/image\/\",\"url\":\"https:\/\/www.sonoraenequipo.com.mx\/storage\/2019\/01\/sonoraenequipo_opt.png\",\"contentUrl\":\"https:\/\/www.sonoraenequipo.com.mx\/storage\/2019\/01\/sonoraenequipo_opt.png\",\"width\":375,\"height\":125,\"caption\":\"Sonoraenequipo.com.mx\"},\"image\":{\"@id\":\"https:\/\/www.sonoraenequipo.com.mx\/#\/schema\/logo\/image\/\"},\"sameAs\":[\"https:\/\/www.facebook.com\/SonoraEE\/\",\"https:\/\/x.com\/sonoraenequipo\",\"https:\/\/www.youtube.com\/channel\/UC338nW-lPEYmJQs4ZABQ1SQ\"]},{\"@type\":\"Person\",\"@id\":\"https:\/\/www.sonoraenequipo.com.mx\/#\/schema\/person\/50102df0fb23a8fa9e8effad8fa81386\",\"name\":\"enequipo\",\"image\":{\"@type\":\"ImageObject\",\"inLanguage\":\"es\",\"@id\":\"https:\/\/www.sonoraenequipo.com.mx\/#\/schema\/person\/image\/\",\"url\":\"https:\/\/secure.gravatar.com\/avatar\/049821681b589dabc0bc20695993ccebb09f5b5d4d790cd9251b97faac7c652b?s=96&d=blank&r=g\",\"contentUrl\":\"https:\/\/secure.gravatar.com\/avatar\/049821681b589dabc0bc20695993ccebb09f5b5d4d790cd9251b97faac7c652b?s=96&d=blank&r=g\",\"caption\":\"enequipo\"},\"sameAs\":[\"https:\/\/www.facebook.com\/SonoraEE\"]}]}<\/script>\n ","yoast_head_json":{"title":"Sonora en Equipo. Gobernador Durazo y Presidenta Sheinbaum arrancan modernizaci\u00f3n de carretera Sonoyta-Pe\u00f1asco Sonora","description":"PUERTO PE\u00d1ASCO, SONORA.MX. \u2014 \u00a0Con una inversi\u00f3n de mil 800 millones de pesos, respaldada por la presidenta Claudia Sheinbaum, el gobernador Alfonso Durazo En Sonora en Equipo publicamos toda la informaci\u00f3n de Sonora, M\u00e9xico y el Mundo de manera oportuna y busca que la libertad de expresi\u00f3n sea real. Visita nuestro medio informativo publicado desde Hermosillo, Sonora. %","robots":{"index":"index","follow":"follow","max-snippet":"max-snippet:-1","max-image-preview":"max-image-preview:large","max-video-preview":"max-video-preview:-1"},"canonical":"https:\/\/www.sonoraenequipo.com.mx\/gobernador-durazo-y-presidenta-sheinbaum-arrancan-modernizacion-de-carretera-sonoyta-penasco\/","og_locale":"es_ES","og_type":"article","og_title":"Sonora en Equipo. Gobernador Durazo y Presidenta Sheinbaum arrancan modernizaci\u00f3n de carretera Sonoyta-Pe\u00f1asco Sonora","og_description":"PUERTO PE\u00d1ASCO, SONORA.MX. \u2014 \u00a0Con una inversi\u00f3n de mil 800 millones de pesos, respaldada por la presidenta Claudia Sheinbaum, el gobernador Alfonso Durazo En Sonora en Equipo publicamos toda la informaci\u00f3n de Sonora, M\u00e9xico y el Mundo de manera oportuna y busca que la libertad de expresi\u00f3n sea real. Visita nuestro medio informativo publicado desde Hermosillo, Sonora. %","og_url":"https:\/\/www.sonoraenequipo.com.mx\/gobernador-durazo-y-presidenta-sheinbaum-arrancan-modernizacion-de-carretera-sonoyta-penasco\/","og_site_name":"Sonora en Equipo.","article_publisher":"https:\/\/www.facebook.com\/SonoraEE\/","article_author":"https:\/\/www.facebook.com\/SonoraEE","article_published_time":"2026-09-04T05:19:01+00:00","article_modified_time":"2026-09-04T16:40:54+00:00","og_image":[{"width":1000,"height":696,"url":"https:\/\/www.sonoraenequipo.com.mx\/storage\/2026\/09\/Gobernador-Durazo-y-Presidenta-Sheinbaum-arrancan-modernizacion-de-carretera-Sonoyta-Penasco-1.jpg","type":"image\/jpeg"}],"author":"enequipo","twitter_card":"summary_large_image","twitter_creator":"@sonoraenequipo","twitter_site":"@sonoraenequipo","twitter_misc":{"Escrito por":"enequipo","Tiempo de lectura":"2 minutos"},"schema":{"@context":"https:\/\/schema.org","@graph":[{"@type":"Article","@id":"https:\/\/www.sonoraenequipo.com.mx\/gobernador-durazo-y-presidenta-sheinbaum-arrancan-modernizacion-de-carretera-sonoyta-penasco\/#article","isPartOf":{"@id":"https:\/\/www.sonoraenequipo.com.mx\/gobernador-durazo-y-presidenta-sheinbaum-arrancan-modernizacion-de-carretera-sonoyta-penasco\/"},"author":{"name":"enequipo","@id":"https:\/\/www.sonoraenequipo.com.mx\/#\/schema\/person\/50102df0fb23a8fa9e8effad8fa81386"},"headline":"Gobernador Durazo y Presidenta Sheinbaum arrancan modernizaci\u00f3n de carretera Sonoyta-Pe\u00f1asco","datePublished":"2026-09-04T05:19:01+00:00","dateModified":"2026-09-04T16:40:54+00:00","mainEntityOfPage":{"@id":"https:\/\/www.sonoraenequipo.com.mx\/gobernador-durazo-y-presidenta-sheinbaum-arrancan-modernizacion-de-carretera-sonoyta-penasco\/"},"wordCount":442,"commentCount":0,"publisher":{"@id":"https:\/\/www.sonoraenequipo.com.mx\/#organization"},"image":{"@id":"https:\/\/www.sonoraenequipo.com.mx\/gobernador-durazo-y-presidenta-sheinbaum-arrancan-modernizacion-de-carretera-sonoyta-penasco\/#primaryimage"},"thumbnailUrl":"https:\/\/www.sonoraenequipo.com.mx\/storage\/2026\/09\/Gobernador-Durazo-y-Presidenta-Sheinbaum-arrancan-modernizacion-de-carretera-Sonoyta-Penasco-1.jpg","articleSection":["Sonora"],"inLanguage":"es","potentialAction":[{"@type":"CommentAction","name":"Comment","target":["https:\/\/www.sonoraenequipo.com.mx\/gobernador-durazo-y-presidenta-sheinbaum-arrancan-modernizacion-de-carretera-sonoyta-penasco\/#respond"]}]},{"@type":"WebPage","@id":"https:\/\/www.sonoraenequipo.com.mx\/gobernador-durazo-y-presidenta-sheinbaum-arrancan-modernizacion-de-carretera-sonoyta-penasco\/","url":"https:\/\/www.sonoraenequipo.com.mx\/gobernador-durazo-y-presidenta-sheinbaum-arrancan-modernizacion-de-carretera-sonoyta-penasco\/","name":"Sonora en Equipo. Gobernador Durazo y Presidenta Sheinbaum arrancan modernizaci\u00f3n de carretera Sonoyta-Pe\u00f1asco Sonora","isPartOf":{"@id":"https:\/\/www.sonoraenequipo.com.mx\/#website"},"primaryImageOfPage":{"@id":"https:\/\/www.sonoraenequipo.com.mx\/gobernador-durazo-y-presidenta-sheinbaum-arrancan-modernizacion-de-carretera-sonoyta-penasco\/#primaryimage"},"image":{"@id":"https:\/\/www.sonoraenequipo.com.mx\/gobernador-durazo-y-presidenta-sheinbaum-arrancan-modernizacion-de-carretera-sonoyta-penasco\/#primaryimage"},"thumbnailUrl":"https:\/\/www.sonoraenequipo.com.mx\/storage\/2026\/09\/Gobernador-Durazo-y-Presidenta-Sheinbaum-arrancan-modernizacion-de-carretera-Sonoyta-Penasco-1.jpg","datePublished":"2026-09-04T05:19:01+00:00","dateModified":"2026-09-04T16:40:54+00:00","description":"PUERTO PE\u00d1ASCO, SONORA.MX. \u2014 \u00a0Con una inversi\u00f3n de mil 800 millones de pesos, respaldada por la presidenta Claudia Sheinbaum, el gobernador Alfonso Durazo En Sonora en Equipo publicamos toda la informaci\u00f3n de Sonora, M\u00e9xico y el Mundo de manera oportuna y busca que la libertad de expresi\u00f3n sea real. Visita nuestro medio informativo publicado desde Hermosillo, Sonora. %","breadcrumb":{"@id":"https:\/\/www.sonoraenequipo.com.mx\/gobernador-durazo-y-presidenta-sheinbaum-arrancan-modernizacion-de-carretera-sonoyta-penasco\/#breadcrumb"},"inLanguage":"es","potentialAction":[{"@type":"ReadAction","target":["https:\/\/www.sonoraenequipo.com.mx\/gobernador-durazo-y-presidenta-sheinbaum-arrancan-modernizacion-de-carretera-sonoyta-penasco\/"]}]},{"@type":"ImageObject","inLanguage":"es","@id":"https:\/\/www.sonoraenequipo.com.mx\/gobernador-durazo-y-presidenta-sheinbaum-arrancan-modernizacion-de-carretera-sonoyta-penasco\/#primaryimage","url":"https:\/\/www.sonoraenequipo.com.mx\/storage\/2026\/09\/Gobernador-Durazo-y-Presidenta-Sheinbaum-arrancan-modernizacion-de-carretera-Sonoyta-Penasco-1.jpg","contentUrl":"https:\/\/www.sonoraenequipo.com.mx\/storage\/2026\/09\/Gobernador-Durazo-y-Presidenta-Sheinbaum-arrancan-modernizacion-de-carretera-Sonoyta-Penasco-1.jpg","width":1000,"height":696},{"@type":"BreadcrumbList","@id":"https:\/\/www.sonoraenequipo.com.mx\/gobernador-durazo-y-presidenta-sheinbaum-arrancan-modernizacion-de-carretera-sonoyta-penasco\/#breadcrumb","itemListElement":[{"@type":"ListItem","position":1,"name":"Portada","item":"https:\/\/www.sonoraenequipo.com.mx\/"},{"@type":"ListItem","position":2,"name":"Gobernador Durazo y Presidenta Sheinbaum arrancan modernizaci\u00f3n de carretera Sonoyta-Pe\u00f1asco"}]},{"@type":"WebSite","@id":"https:\/\/www.sonoraenequipo.com.mx\/#website","url":"https:\/\/www.sonoraenequipo.com.mx\/","name":"Sonora en Equipo.","description":"Diario en l\u00ednea con Noticias desde Hermosillo, Sonora","publisher":{"@id":"https:\/\/www.sonoraenequipo.com.mx\/#organization"},"potentialAction":[{"@type":"SearchAction","target":{"@type":"EntryPoint","urlTemplate":"https:\/\/www.sonoraenequipo.com.mx\/?s={search_term_string}"},"query-input":{"@type":"PropertyValueSpecification","valueRequired":true,"valueName":"search_term_string"}}],"inLanguage":"es"},{"@type":"Organization","@id":"https:\/\/www.sonoraenequipo.com.mx\/#organization","name":"Sonoraenequipo.com.mx","url":"https:\/\/www.sonoraenequipo.com.mx\/","logo":{"@type":"ImageObject","inLanguage":"es","@id":"https:\/\/www.sonoraenequipo.com.mx\/#\/schema\/logo\/image\/","url":"https:\/\/www.sonoraenequipo.com.mx\/storage\/2019\/01\/sonoraenequipo_opt.png","contentUrl":"https:\/\/www.sonoraenequipo.com.mx\/storage\/2019\/01\/sonoraenequipo_opt.png","width":375,"height":125,"caption":"Sonoraenequipo.com.mx"},"image":{"@id":"https:\/\/www.sonoraenequipo.com.mx\/#\/schema\/logo\/image\/"},"sameAs":["https:\/\/www.facebook.com\/SonoraEE\/","https:\/\/x.com\/sonoraenequipo","https:\/\/www.youtube.com\/channel\/UC338nW-lPEYmJQs4ZABQ1SQ"]},{"@type":"Person","@id":"https:\/\/www.sonoraenequipo.com.mx\/#\/schema\/person\/50102df0fb23a8fa9e8effad8fa81386","name":"enequipo","image":{"@type":"ImageObject","inLanguage":"es","@id":"https:\/\/www.sonoraenequipo.com.mx\/#\/schema\/person\/image\/","url":"https:\/\/secure.gravatar.com\/avatar\/049821681b589dabc0bc20695993ccebb09f5b5d4d790cd9251b97faac7c652b?s=96&d=blank&r=g","contentUrl":"https:\/\/secure.gravatar.com\/avatar\/049821681b589dabc0bc20695993ccebb09f5b5d4d790cd9251b97faac7c652b?s=96&d=blank&r=g","caption":"enequipo"},"sameAs":["https:\/\/www.facebook.com\/SonoraEE"]}]}},"jetpack_featured_media_url":"https:\/\/www.sonoraenequipo.com.mx\/storage\/2026\/09\/Gobernador-Durazo-y-Presidenta-Sheinbaum-arrancan-modernizacion-de-carretera-Sonoyta-Penasco-1.jpg","_links":{"self":[{"href":"https:\/\/www.sonoraenequipo.com.mx\/api\/wp\/v2\/posts\/251508","targetHints":{"allow":["GET"]}}],"collection":[{"href":"https:\/\/www.sonoraenequipo.com.mx\/api\/wp\/v2\/posts"}],"about":[{"href":"https:\/\/www.sonoraenequipo.com.mx\/api\/wp\/v2\/types\/post"}],"author":[{"embeddable":true,"href":"https:\/\/www.sonoraenequipo.com.mx\/api\/wp\/v2\/users\/1"}],"replies":[{"embeddable":true,"href":"https:\/\/www.sonoraenequipo.com.mx\/api\/wp\/v2\/comments?post=251508"}],"version-history":[{"count":1,"href":"https:\/\/www.sonoraenequipo.com.mx\/api\/wp\/v2\/posts\/251508\/revisions"}],"predecessor-version":[{"id":251517,"href":"https:\/\/www.sonoraenequipo.com.mx\/api\/wp\/v2\/posts\/251508\/revisions\/251517"}],"wp:featuredmedia":[{"embeddable":true,"href":"https:\/\/www.sonoraenequipo.com.mx\/api\/wp\/v2\/media\/251511"}],"wp:attachment":[{"href":"https:\/\/www.sonoraenequipo.com.mx\/api\/wp\/v2\/media?parent=251508"}],"wp:term":[{"taxonomy":"category","embeddable":true,"href":"https:\/\/www.sonoraenequipo.com.mx\/api\/wp\/v2\/categories?post=251508"},{"taxonomy":"post_tag","embeddable":true,"href":"https:\/\/www.sonoraenequipo.com.mx\/api\/wp\/v2\/tags?post=251508"}],"curies":[{"name":"wp","href":"https:\/\/api.w.org\/{rel}","templated":true}]}}