{"id":251518,"date":"2026-09-03T19:16:58","date_gmt":"2026-09-04T02:16:58","guid":{"rendered":"https:\/\/www.sonoraenequipo.com.mx\/?p=251518"},"modified":"2026-09-04T09:57:52","modified_gmt":"2026-09-04T16:57:52","slug":"lleva-sonora-su-produccion-literaria-a-la-feria-universitaria-del-libro-2026","status":"publish","type":"post","link":"https:\/\/www.sonoraenequipo.com.mx\/lleva-sonora-su-produccion-literaria-a-la-feria-universitaria-del-libro-2026\/","title":{"rendered":"Lleva Sonora su producci\u00f3n literaria a la Feria Universitaria del Libro 2026"},"content":{"rendered":"<p><strong>HERMOSILLO, SONORA. MX. \u2014 <\/strong>El Gobierno de Sonora, a trav\u00e9s de la Secretar\u00eda de Educaci\u00f3n y Cultura (SEC) y el Instituto Sonorense de Cultura (ISC), participar\u00e1 en la 39.\u00aa Feria Universitaria del Libro (FUL) con las Jornadas Sonorenses, un programa especial que mostrar\u00e1 la diversidad de la literatura producida en el estado.<\/p>\n<p>&nbsp;<\/p>\n<p>&nbsp;<\/p>\n<p> <\/p>\n<p>Organizada por la Universidad Aut\u00f3noma del Estado de Hidalgo (UAEH), la FUL se realizar\u00e1 del 4 al 13 de septiembre en Mineral de la Reforma, Hidalgo, con Filipinas como pa\u00eds invitado de honor y \u00abComercio Global\u00bb como eje tem\u00e1tico.<\/p>\n<p>&nbsp;<\/p>\n<p>&nbsp;<\/p>\n<p>El viernes 4 de septiembre se presentar\u00e1n La saga de la cultura sonorense, de Carlos Moncada Ochoa, y Por lo m\u00e1s delgado, de Roberto Corella.<\/p>\n<p>&nbsp;<\/p>\n<p>El s\u00e1bado 5 ser\u00e1 el turno de Navaja verde o negra, de Mara Romero; Bavispe, de Carlos Ren\u00e9 Padilla; Divino instinto, de Omar Monge; y Morir de tiricia y carcelazo, de Sylvia Arvizu. Mara Romero participar\u00e1 de manera virtual.<\/p>\n<div id='gallery-1' class='gallery galleryid-251518 gallery-columns-2 gallery-size-large'><figure class='gallery-item'>\n\t\t\t<div class='gallery-icon portrait'>\n\t\t\t\t<a href='https:\/\/www.sonoraenequipo.com.mx\/lleva-sonora-su-produccion-literaria-a-la-feria-universitaria-del-libro-2026\/produccion-literaria-a-la-feria-universitaria-del-libro-2026-1-3\/'><img width=\"457\" height=\"480\" src=\"https:\/\/www.sonoraenequipo.com.mx\/storage\/2026\/09\/produccion-literaria-a-la-Feria-Universitaria-del-Libro-2026.-1-1-457x480.jpg\" class=\"attachment-large size-large\" alt=\"producci\u00f3n literaria a la Feria Universitaria del Libro 2026.. (1)\" srcset=\"https:\/\/www.sonoraenequipo.com.mx\/storage\/2026\/09\/produccion-literaria-a-la-Feria-Universitaria-del-Libro-2026.-1-1-457x480.jpg 457w, https:\/\/www.sonoraenequipo.com.mx\/storage\/2026\/09\/produccion-literaria-a-la-Feria-Universitaria-del-Libro-2026.-1-1-347x365.jpg 347w, https:\/\/www.sonoraenequipo.com.mx\/storage\/2026\/09\/produccion-literaria-a-la-Feria-Universitaria-del-Libro-2026.-1-1-266x280.jpg 266w, https:\/\/www.sonoraenequipo.com.mx\/storage\/2026\/09\/produccion-literaria-a-la-Feria-Universitaria-del-Libro-2026.-1-1-768x807.jpg 768w, https:\/\/www.sonoraenequipo.com.mx\/storage\/2026\/09\/produccion-literaria-a-la-Feria-Universitaria-del-Libro-2026.-1-1.jpg 1000w\" sizes=\"auto, (max-width: 457px) 100vw, 457px\" loading=\"lazy\" decoding=\"async\" \/><\/a>\n\t\t\t<\/div><\/figure><figure class='gallery-item'>\n\t\t\t<div class='gallery-icon landscape'>\n\t\t\t\t<a href='https:\/\/www.sonoraenequipo.com.mx\/lleva-sonora-su-produccion-literaria-a-la-feria-universitaria-del-libro-2026\/produccion-literaria-a-la-feria-universitaria-del-libro-2026-1-2\/'><img width=\"481\" height=\"480\" src=\"https:\/\/www.sonoraenequipo.com.mx\/storage\/2026\/09\/produccion-literaria-a-la-Feria-Universitaria-del-Libro-2026.-1-481x480.jpg\" class=\"attachment-large size-large\" alt=\"producci\u00f3n literaria a la Feria Universitaria del Libro 2026. (1)\" srcset=\"https:\/\/www.sonoraenequipo.com.mx\/storage\/2026\/09\/produccion-literaria-a-la-Feria-Universitaria-del-Libro-2026.-1-481x480.jpg 481w, https:\/\/www.sonoraenequipo.com.mx\/storage\/2026\/09\/produccion-literaria-a-la-Feria-Universitaria-del-Libro-2026.-1-366x365.jpg 366w, https:\/\/www.sonoraenequipo.com.mx\/storage\/2026\/09\/produccion-literaria-a-la-Feria-Universitaria-del-Libro-2026.-1-281x280.jpg 281w, https:\/\/www.sonoraenequipo.com.mx\/storage\/2026\/09\/produccion-literaria-a-la-Feria-Universitaria-del-Libro-2026.-1-768x766.jpg 768w, https:\/\/www.sonoraenequipo.com.mx\/storage\/2026\/09\/produccion-literaria-a-la-Feria-Universitaria-del-Libro-2026.-1-220x220.jpg 220w, https:\/\/www.sonoraenequipo.com.mx\/storage\/2026\/09\/produccion-literaria-a-la-Feria-Universitaria-del-Libro-2026.-1-450x450.jpg 450w, https:\/\/www.sonoraenequipo.com.mx\/storage\/2026\/09\/produccion-literaria-a-la-Feria-Universitaria-del-Libro-2026.-1.jpg 1000w\" sizes=\"auto, (max-width: 481px) 100vw, 481px\" loading=\"lazy\" decoding=\"async\" \/><\/a>\n\t\t\t<\/div><\/figure><figure class='gallery-item'>\n\t\t\t<div class='gallery-icon portrait'>\n\t\t\t\t<a href='https:\/\/www.sonoraenequipo.com.mx\/lleva-sonora-su-produccion-literaria-a-la-feria-universitaria-del-libro-2026\/produccion-literaria-a-la-feria-universitaria-del-libro-2026-1-4\/'><img width=\"335\" height=\"480\" src=\"https:\/\/www.sonoraenequipo.com.mx\/storage\/2026\/09\/produccion-literaria-a-la-Feria-Universitaria-del-Libro-2026.-1-2-335x480.jpg\" class=\"attachment-large size-large\" alt=\"producci\u00f3n literaria a la Feria Universitaria del Libro 2026... (1)\" srcset=\"https:\/\/www.sonoraenequipo.com.mx\/storage\/2026\/09\/produccion-literaria-a-la-Feria-Universitaria-del-Libro-2026.-1-2-335x480.jpg 335w, https:\/\/www.sonoraenequipo.com.mx\/storage\/2026\/09\/produccion-literaria-a-la-Feria-Universitaria-del-Libro-2026.-1-2-255x365.jpg 255w, https:\/\/www.sonoraenequipo.com.mx\/storage\/2026\/09\/produccion-literaria-a-la-Feria-Universitaria-del-Libro-2026.-1-2-195x280.jpg 195w, https:\/\/www.sonoraenequipo.com.mx\/storage\/2026\/09\/produccion-literaria-a-la-Feria-Universitaria-del-Libro-2026.-1-2-768x1101.jpg 768w, https:\/\/www.sonoraenequipo.com.mx\/storage\/2026\/09\/produccion-literaria-a-la-Feria-Universitaria-del-Libro-2026.-1-2.jpg 1000w\" sizes=\"auto, (max-width: 335px) 100vw, 335px\" loading=\"lazy\" decoding=\"async\" \/><\/a>\n\t\t\t<\/div><\/figure><figure class='gallery-item'>\n\t\t\t<div class='gallery-icon portrait'>\n\t\t\t\t<a href='https:\/\/www.sonoraenequipo.com.mx\/lleva-sonora-su-produccion-literaria-a-la-feria-universitaria-del-libro-2026\/produccion-literaria-a-la-feria-universitaria-del-libro-20261-1\/'><img width=\"359\" height=\"480\" src=\"https:\/\/www.sonoraenequipo.com.mx\/storage\/2026\/09\/produccion-literaria-a-la-Feria-Universitaria-del-Libro-20261.-1-359x480.jpg\" class=\"attachment-large size-large\" alt=\"producci\u00f3n literaria a la Feria Universitaria del Libro 20261. (1)\" srcset=\"https:\/\/www.sonoraenequipo.com.mx\/storage\/2026\/09\/produccion-literaria-a-la-Feria-Universitaria-del-Libro-20261.-1-359x480.jpg 359w, https:\/\/www.sonoraenequipo.com.mx\/storage\/2026\/09\/produccion-literaria-a-la-Feria-Universitaria-del-Libro-20261.-1-273x365.jpg 273w, https:\/\/www.sonoraenequipo.com.mx\/storage\/2026\/09\/produccion-literaria-a-la-Feria-Universitaria-del-Libro-20261.-1-210x280.jpg 210w, https:\/\/www.sonoraenequipo.com.mx\/storage\/2026\/09\/produccion-literaria-a-la-Feria-Universitaria-del-Libro-20261.-1-768x1026.jpg 768w, https:\/\/www.sonoraenequipo.com.mx\/storage\/2026\/09\/produccion-literaria-a-la-Feria-Universitaria-del-Libro-20261.-1.jpg 1000w\" sizes=\"auto, (max-width: 359px) 100vw, 359px\" loading=\"lazy\" decoding=\"async\" \/><\/a>\n\t\t\t<\/div><\/figure>\n\t\t<\/div>\n\n<p>&nbsp;<\/p>\n<p>Las jornadas concluir\u00e1n el domingo 6 con Fuerza de gravedad, de Omar Bravo; Satori, de Aziz C\u00f3rdova; Nunca fuimos humanos, de Michell Giovanni Parra Alvarado; y El jard\u00edn que habitamos, de Juan Miguel Valles Simental, quien tendr\u00e1 una intervenci\u00f3n virtual.<\/p>\n<p>&nbsp;<\/p>\n<p>&nbsp;<\/p>\n<p>El ISC contar\u00e1 adem\u00e1s con un espacio editorial de 45 metros cuadrados, integrado exclusivamente por publicaciones de su acervo, para acercar al p\u00fablico nacional e internacional una muestra de la creaci\u00f3n literaria y el patrimonio cultural de Sonora. Consulta la agenda en cultura.sonora.gob.mx y en @iscsonora.<\/p>\n<p>&nbsp;<\/p>\n<p>&nbsp;<\/p>\n<p>PUBLICADO EL 03 SEPT DE 2026 Con informaci\u00f3n de SONMX)<\/p>\n","protected":false},"excerpt":{"rendered":"<p>HERMOSILLO, SONORA. MX. \u2014 El Gobierno de Sonora, a trav\u00e9s de la Secretar\u00eda de Educaci\u00f3n&#8230;<\/p>\n","protected":false},"author":1,"featured_media":251522,"comment_status":"open","ping_status":"open","sticky":false,"template":"","format":"standard","meta":{"_monsterinsights_skip_tracking":false,"_monsterinsights_sitenote_active":false,"_monsterinsights_sitenote_note":"","_monsterinsights_sitenote_category":0,"footnotes":""},"categories":[9],"tags":[],"class_list":["post"],"yoast_head":" \n<title>Sonora en Equipo. Lleva Sonora su producci\u00f3n literaria a la Feria Universitaria del Libro 2026 Etc\u00e9tera<\/title>\n<meta name=\"description\" content=\"HERMOSILLO, SONORA. MX. \u2014 El Gobierno de Sonora, a trav\u00e9s de la Secretar\u00eda de Educaci\u00f3n y Cultura (SEC) y el Instituto Sonorense de Cultura (ISC), En Sonora en Equipo publicamos toda la informaci\u00f3n de Sonora, M\u00e9xico y el Mundo de manera oportuna y busca que la libertad de expresi\u00f3n sea real. Visita nuestro medio informativo publicado desde Hermosillo, Sonora. %\" \/>\n<meta name=\"robots\" content=\"index, follow, max-snippet:-1, max-image-preview:large, max-video-preview:-1\" \/>\n<link rel=\"canonical\" href=\"https:\/\/www.sonoraenequipo.com.mx\/lleva-sonora-su-produccion-literaria-a-la-feria-universitaria-del-libro-2026\/\" \/>\n<meta property=\"og:locale\" content=\"es_ES\" \/>\n<meta property=\"og:type\" content=\"article\" \/>\n<meta property=\"og:title\" content=\"Sonora en Equipo. Lleva Sonora su producci\u00f3n literaria a la Feria Universitaria del Libro 2026 Etc\u00e9tera\" \/>\n<meta property=\"og:description\" content=\"HERMOSILLO, SONORA. MX. \u2014 El Gobierno de Sonora, a trav\u00e9s de la Secretar\u00eda de Educaci\u00f3n y Cultura (SEC) y el Instituto Sonorense de Cultura (ISC), En Sonora en Equipo publicamos toda la informaci\u00f3n de Sonora, M\u00e9xico y el Mundo de manera oportuna y busca que la libertad de expresi\u00f3n sea real. Visita nuestro medio informativo publicado desde Hermosillo, Sonora. %\" \/>\n<meta property=\"og:url\" content=\"https:\/\/www.sonoraenequipo.com.mx\/lleva-sonora-su-produccion-literaria-a-la-feria-universitaria-del-libro-2026\/\" \/>\n<meta property=\"og:site_name\" content=\"Sonora en Equipo.\" \/>\n<meta property=\"article:publisher\" content=\"https:\/\/www.facebook.com\/SonoraEE\/\" \/>\n<meta property=\"article:author\" content=\"https:\/\/www.facebook.com\/SonoraEE\" \/>\n<meta property=\"article:published_time\" content=\"2026-09-04T02:16:58+00:00\" \/>\n<meta property=\"article:modified_time\" content=\"2026-09-04T16:57:52+00:00\" \/>\n<meta property=\"og:image\" content=\"https:\/\/www.sonoraenequipo.com.mx\/storage\/2026\/09\/produccion-literaria-a-la-Feria-Universitaria-del-Libro-2026-1.jpg\" \/>\n\t<meta property=\"og:image:width\" content=\"1000\" \/>\n\t<meta property=\"og:image:height\" content=\"666\" \/>\n\t<meta property=\"og:image:type\" content=\"image\/jpeg\" \/>\n<meta name=\"author\" content=\"enequipo\" \/>\n<meta name=\"twitter:card\" content=\"summary_large_image\" \/>\n<meta name=\"twitter:creator\" content=\"@sonoraenequipo\" \/>\n<meta name=\"twitter:site\" content=\"@sonoraenequipo\" \/>\n<meta name=\"twitter:label1\" content=\"Escrito por\" \/>\n\t<meta name=\"twitter:data1\" content=\"enequipo\" \/>\n\t<meta name=\"twitter:label2\" content=\"Tiempo de lectura\" \/>\n\t<meta name=\"twitter:data2\" content=\"1 minuto\" \/>\n<script type=\"application\/ld+json\" class=\"yoast-schema-graph\">{\"@context\":\"https:\/\/schema.org\",\"@graph\":[{\"@type\":\"Article\",\"@id\":\"https:\/\/www.sonoraenequipo.com.mx\/lleva-sonora-su-produccion-literaria-a-la-feria-universitaria-del-libro-2026\/#article\",\"isPartOf\":{\"@id\":\"https:\/\/www.sonoraenequipo.com.mx\/lleva-sonora-su-produccion-literaria-a-la-feria-universitaria-del-libro-2026\/\"},\"author\":{\"name\":\"enequipo\",\"@id\":\"https:\/\/www.sonoraenequipo.com.mx\/#\/schema\/person\/50102df0fb23a8fa9e8effad8fa81386\"},\"headline\":\"Lleva Sonora su producci\u00f3n literaria a la Feria Universitaria del Libro 2026\",\"datePublished\":\"2026-09-04T02:16:58+00:00\",\"dateModified\":\"2026-09-04T16:57:52+00:00\",\"mainEntityOfPage\":{\"@id\":\"https:\/\/www.sonoraenequipo.com.mx\/lleva-sonora-su-produccion-literaria-a-la-feria-universitaria-del-libro-2026\/\"},\"wordCount\":288,\"commentCount\":0,\"publisher\":{\"@id\":\"https:\/\/www.sonoraenequipo.com.mx\/#organization\"},\"image\":{\"@id\":\"https:\/\/www.sonoraenequipo.com.mx\/lleva-sonora-su-produccion-literaria-a-la-feria-universitaria-del-libro-2026\/#primaryimage\"},\"thumbnailUrl\":\"https:\/\/www.sonoraenequipo.com.mx\/storage\/2026\/09\/produccion-literaria-a-la-Feria-Universitaria-del-Libro-2026-1.jpg\",\"articleSection\":[\"Etc\u00e9tera\"],\"inLanguage\":\"es\",\"potentialAction\":[{\"@type\":\"CommentAction\",\"name\":\"Comment\",\"target\":[\"https:\/\/www.sonoraenequipo.com.mx\/lleva-sonora-su-produccion-literaria-a-la-feria-universitaria-del-libro-2026\/#respond\"]}]},{\"@type\":\"WebPage\",\"@id\":\"https:\/\/www.sonoraenequipo.com.mx\/lleva-sonora-su-produccion-literaria-a-la-feria-universitaria-del-libro-2026\/\",\"url\":\"https:\/\/www.sonoraenequipo.com.mx\/lleva-sonora-su-produccion-literaria-a-la-feria-universitaria-del-libro-2026\/\",\"name\":\"Sonora en Equipo. Lleva Sonora su producci\u00f3n literaria a la Feria Universitaria del Libro 2026 Etc\u00e9tera\",\"isPartOf\":{\"@id\":\"https:\/\/www.sonoraenequipo.com.mx\/#website\"},\"primaryImageOfPage\":{\"@id\":\"https:\/\/www.sonoraenequipo.com.mx\/lleva-sonora-su-produccion-literaria-a-la-feria-universitaria-del-libro-2026\/#primaryimage\"},\"image\":{\"@id\":\"https:\/\/www.sonoraenequipo.com.mx\/lleva-sonora-su-produccion-literaria-a-la-feria-universitaria-del-libro-2026\/#primaryimage\"},\"thumbnailUrl\":\"https:\/\/www.sonoraenequipo.com.mx\/storage\/2026\/09\/produccion-literaria-a-la-Feria-Universitaria-del-Libro-2026-1.jpg\",\"datePublished\":\"2026-09-04T02:16:58+00:00\",\"dateModified\":\"2026-09-04T16:57:52+00:00\",\"description\":\"HERMOSILLO, SONORA. MX. \u2014 El Gobierno de Sonora, a trav\u00e9s de la Secretar\u00eda de Educaci\u00f3n y Cultura (SEC) y el Instituto Sonorense de Cultura (ISC), En Sonora en Equipo publicamos toda la informaci\u00f3n de Sonora, M\u00e9xico y el Mundo de manera oportuna y busca que la libertad de expresi\u00f3n sea real. Visita nuestro medio informativo publicado desde Hermosillo, Sonora. %\",\"breadcrumb\":{\"@id\":\"https:\/\/www.sonoraenequipo.com.mx\/lleva-sonora-su-produccion-literaria-a-la-feria-universitaria-del-libro-2026\/#breadcrumb\"},\"inLanguage\":\"es\",\"potentialAction\":[{\"@type\":\"ReadAction\",\"target\":[\"https:\/\/www.sonoraenequipo.com.mx\/lleva-sonora-su-produccion-literaria-a-la-feria-universitaria-del-libro-2026\/\"]}]},{\"@type\":\"ImageObject\",\"inLanguage\":\"es\",\"@id\":\"https:\/\/www.sonoraenequipo.com.mx\/lleva-sonora-su-produccion-literaria-a-la-feria-universitaria-del-libro-2026\/#primaryimage\",\"url\":\"https:\/\/www.sonoraenequipo.com.mx\/storage\/2026\/09\/produccion-literaria-a-la-Feria-Universitaria-del-Libro-2026-1.jpg\",\"contentUrl\":\"https:\/\/www.sonoraenequipo.com.mx\/storage\/2026\/09\/produccion-literaria-a-la-Feria-Universitaria-del-Libro-2026-1.jpg\",\"width\":1000,\"height\":666},{\"@type\":\"BreadcrumbList\",\"@id\":\"https:\/\/www.sonoraenequipo.com.mx\/lleva-sonora-su-produccion-literaria-a-la-feria-universitaria-del-libro-2026\/#breadcrumb\",\"itemListElement\":[{\"@type\":\"ListItem\",\"position\":1,\"name\":\"Portada\",\"item\":\"https:\/\/www.sonoraenequipo.com.mx\/\"},{\"@type\":\"ListItem\",\"position\":2,\"name\":\"Lleva Sonora su producci\u00f3n literaria a la Feria Universitaria del Libro 2026\"}]},{\"@type\":\"WebSite\",\"@id\":\"https:\/\/www.sonoraenequipo.com.mx\/#website\",\"url\":\"https:\/\/www.sonoraenequipo.com.mx\/\",\"name\":\"Sonora en Equipo.\",\"description\":\"Diario en l\u00ednea con Noticias desde Hermosillo, Sonora\",\"publisher\":{\"@id\":\"https:\/\/www.sonoraenequipo.com.mx\/#organization\"},\"potentialAction\":[{\"@type\":\"SearchAction\",\"target\":{\"@type\":\"EntryPoint\",\"urlTemplate\":\"https:\/\/www.sonoraenequipo.com.mx\/?s={search_term_string}\"},\"query-input\":{\"@type\":\"PropertyValueSpecification\",\"valueRequired\":true,\"valueName\":\"search_term_string\"}}],\"inLanguage\":\"es\"},{\"@type\":\"Organization\",\"@id\":\"https:\/\/www.sonoraenequipo.com.mx\/#organization\",\"name\":\"Sonoraenequipo.com.mx\",\"url\":\"https:\/\/www.sonoraenequipo.com.mx\/\",\"logo\":{\"@type\":\"ImageObject\",\"inLanguage\":\"es\",\"@id\":\"https:\/\/www.sonoraenequipo.com.mx\/#\/schema\/logo\/image\/\",\"url\":\"https:\/\/www.sonoraenequipo.com.mx\/storage\/2019\/01\/sonoraenequipo_opt.png\",\"contentUrl\":\"https:\/\/www.sonoraenequipo.com.mx\/storage\/2019\/01\/sonoraenequipo_opt.png\",\"width\":375,\"height\":125,\"caption\":\"Sonoraenequipo.com.mx\"},\"image\":{\"@id\":\"https:\/\/www.sonoraenequipo.com.mx\/#\/schema\/logo\/image\/\"},\"sameAs\":[\"https:\/\/www.facebook.com\/SonoraEE\/\",\"https:\/\/x.com\/sonoraenequipo\",\"https:\/\/www.youtube.com\/channel\/UC338nW-lPEYmJQs4ZABQ1SQ\"]},{\"@type\":\"Person\",\"@id\":\"https:\/\/www.sonoraenequipo.com.mx\/#\/schema\/person\/50102df0fb23a8fa9e8effad8fa81386\",\"name\":\"enequipo\",\"image\":{\"@type\":\"ImageObject\",\"inLanguage\":\"es\",\"@id\":\"https:\/\/www.sonoraenequipo.com.mx\/#\/schema\/person\/image\/\",\"url\":\"https:\/\/secure.gravatar.com\/avatar\/049821681b589dabc0bc20695993ccebb09f5b5d4d790cd9251b97faac7c652b?s=96&d=blank&r=g\",\"contentUrl\":\"https:\/\/secure.gravatar.com\/avatar\/049821681b589dabc0bc20695993ccebb09f5b5d4d790cd9251b97faac7c652b?s=96&d=blank&r=g\",\"caption\":\"enequipo\"},\"sameAs\":[\"https:\/\/www.facebook.com\/SonoraEE\"]}]}<\/script>\n ","yoast_head_json":{"title":"Sonora en Equipo. Lleva Sonora su producci\u00f3n literaria a la Feria Universitaria del Libro 2026 Etc\u00e9tera","description":"HERMOSILLO, SONORA. MX. \u2014 El Gobierno de Sonora, a trav\u00e9s de la Secretar\u00eda de Educaci\u00f3n y Cultura (SEC) y el Instituto Sonorense de Cultura (ISC), En Sonora en Equipo publicamos toda la informaci\u00f3n de Sonora, M\u00e9xico y el Mundo de manera oportuna y busca que la libertad de expresi\u00f3n sea real. Visita nuestro medio informativo publicado desde Hermosillo, Sonora. %","robots":{"index":"index","follow":"follow","max-snippet":"max-snippet:-1","max-image-preview":"max-image-preview:large","max-video-preview":"max-video-preview:-1"},"canonical":"https:\/\/www.sonoraenequipo.com.mx\/lleva-sonora-su-produccion-literaria-a-la-feria-universitaria-del-libro-2026\/","og_locale":"es_ES","og_type":"article","og_title":"Sonora en Equipo. Lleva Sonora su producci\u00f3n literaria a la Feria Universitaria del Libro 2026 Etc\u00e9tera","og_description":"HERMOSILLO, SONORA. MX. \u2014 El Gobierno de Sonora, a trav\u00e9s de la Secretar\u00eda de Educaci\u00f3n y Cultura (SEC) y el Instituto Sonorense de Cultura (ISC), En Sonora en Equipo publicamos toda la informaci\u00f3n de Sonora, M\u00e9xico y el Mundo de manera oportuna y busca que la libertad de expresi\u00f3n sea real. Visita nuestro medio informativo publicado desde Hermosillo, Sonora. %","og_url":"https:\/\/www.sonoraenequipo.com.mx\/lleva-sonora-su-produccion-literaria-a-la-feria-universitaria-del-libro-2026\/","og_site_name":"Sonora en Equipo.","article_publisher":"https:\/\/www.facebook.com\/SonoraEE\/","article_author":"https:\/\/www.facebook.com\/SonoraEE","article_published_time":"2026-09-04T02:16:58+00:00","article_modified_time":"2026-09-04T16:57:52+00:00","og_image":[{"width":1000,"height":666,"url":"https:\/\/www.sonoraenequipo.com.mx\/storage\/2026\/09\/produccion-literaria-a-la-Feria-Universitaria-del-Libro-2026-1.jpg","type":"image\/jpeg"}],"author":"enequipo","twitter_card":"summary_large_image","twitter_creator":"@sonoraenequipo","twitter_site":"@sonoraenequipo","twitter_misc":{"Escrito por":"enequipo","Tiempo de lectura":"1 minuto"},"schema":{"@context":"https:\/\/schema.org","@graph":[{"@type":"Article","@id":"https:\/\/www.sonoraenequipo.com.mx\/lleva-sonora-su-produccion-literaria-a-la-feria-universitaria-del-libro-2026\/#article","isPartOf":{"@id":"https:\/\/www.sonoraenequipo.com.mx\/lleva-sonora-su-produccion-literaria-a-la-feria-universitaria-del-libro-2026\/"},"author":{"name":"enequipo","@id":"https:\/\/www.sonoraenequipo.com.mx\/#\/schema\/person\/50102df0fb23a8fa9e8effad8fa81386"},"headline":"Lleva Sonora su producci\u00f3n literaria a la Feria Universitaria del Libro 2026","datePublished":"2026-09-04T02:16:58+00:00","dateModified":"2026-09-04T16:57:52+00:00","mainEntityOfPage":{"@id":"https:\/\/www.sonoraenequipo.com.mx\/lleva-sonora-su-produccion-literaria-a-la-feria-universitaria-del-libro-2026\/"},"wordCount":288,"commentCount":0,"publisher":{"@id":"https:\/\/www.sonoraenequipo.com.mx\/#organization"},"image":{"@id":"https:\/\/www.sonoraenequipo.com.mx\/lleva-sonora-su-produccion-literaria-a-la-feria-universitaria-del-libro-2026\/#primaryimage"},"thumbnailUrl":"https:\/\/www.sonoraenequipo.com.mx\/storage\/2026\/09\/produccion-literaria-a-la-Feria-Universitaria-del-Libro-2026-1.jpg","articleSection":["Etc\u00e9tera"],"inLanguage":"es","potentialAction":[{"@type":"CommentAction","name":"Comment","target":["https:\/\/www.sonoraenequipo.com.mx\/lleva-sonora-su-produccion-literaria-a-la-feria-universitaria-del-libro-2026\/#respond"]}]},{"@type":"WebPage","@id":"https:\/\/www.sonoraenequipo.com.mx\/lleva-sonora-su-produccion-literaria-a-la-feria-universitaria-del-libro-2026\/","url":"https:\/\/www.sonoraenequipo.com.mx\/lleva-sonora-su-produccion-literaria-a-la-feria-universitaria-del-libro-2026\/","name":"Sonora en Equipo. Lleva Sonora su producci\u00f3n literaria a la Feria Universitaria del Libro 2026 Etc\u00e9tera","isPartOf":{"@id":"https:\/\/www.sonoraenequipo.com.mx\/#website"},"primaryImageOfPage":{"@id":"https:\/\/www.sonoraenequipo.com.mx\/lleva-sonora-su-produccion-literaria-a-la-feria-universitaria-del-libro-2026\/#primaryimage"},"image":{"@id":"https:\/\/www.sonoraenequipo.com.mx\/lleva-sonora-su-produccion-literaria-a-la-feria-universitaria-del-libro-2026\/#primaryimage"},"thumbnailUrl":"https:\/\/www.sonoraenequipo.com.mx\/storage\/2026\/09\/produccion-literaria-a-la-Feria-Universitaria-del-Libro-2026-1.jpg","datePublished":"2026-09-04T02:16:58+00:00","dateModified":"2026-09-04T16:57:52+00:00","description":"HERMOSILLO, SONORA. MX. \u2014 El Gobierno de Sonora, a trav\u00e9s de la Secretar\u00eda de Educaci\u00f3n y Cultura (SEC) y el Instituto Sonorense de Cultura (ISC), En Sonora en Equipo publicamos toda la informaci\u00f3n de Sonora, M\u00e9xico y el Mundo de manera oportuna y busca que la libertad de expresi\u00f3n sea real. Visita nuestro medio informativo publicado desde Hermosillo, Sonora. %","breadcrumb":{"@id":"https:\/\/www.sonoraenequipo.com.mx\/lleva-sonora-su-produccion-literaria-a-la-feria-universitaria-del-libro-2026\/#breadcrumb"},"inLanguage":"es","potentialAction":[{"@type":"ReadAction","target":["https:\/\/www.sonoraenequipo.com.mx\/lleva-sonora-su-produccion-literaria-a-la-feria-universitaria-del-libro-2026\/"]}]},{"@type":"ImageObject","inLanguage":"es","@id":"https:\/\/www.sonoraenequipo.com.mx\/lleva-sonora-su-produccion-literaria-a-la-feria-universitaria-del-libro-2026\/#primaryimage","url":"https:\/\/www.sonoraenequipo.com.mx\/storage\/2026\/09\/produccion-literaria-a-la-Feria-Universitaria-del-Libro-2026-1.jpg","contentUrl":"https:\/\/www.sonoraenequipo.com.mx\/storage\/2026\/09\/produccion-literaria-a-la-Feria-Universitaria-del-Libro-2026-1.jpg","width":1000,"height":666},{"@type":"BreadcrumbList","@id":"https:\/\/www.sonoraenequipo.com.mx\/lleva-sonora-su-produccion-literaria-a-la-feria-universitaria-del-libro-2026\/#breadcrumb","itemListElement":[{"@type":"ListItem","position":1,"name":"Portada","item":"https:\/\/www.sonoraenequipo.com.mx\/"},{"@type":"ListItem","position":2,"name":"Lleva Sonora su producci\u00f3n literaria a la Feria Universitaria del Libro 2026"}]},{"@type":"WebSite","@id":"https:\/\/www.sonoraenequipo.com.mx\/#website","url":"https:\/\/www.sonoraenequipo.com.mx\/","name":"Sonora en Equipo.","description":"Diario en l\u00ednea con Noticias desde Hermosillo, Sonora","publisher":{"@id":"https:\/\/www.sonoraenequipo.com.mx\/#organization"},"potentialAction":[{"@type":"SearchAction","target":{"@type":"EntryPoint","urlTemplate":"https:\/\/www.sonoraenequipo.com.mx\/?s={search_term_string}"},"query-input":{"@type":"PropertyValueSpecification","valueRequired":true,"valueName":"search_term_string"}}],"inLanguage":"es"},{"@type":"Organization","@id":"https:\/\/www.sonoraenequipo.com.mx\/#organization","name":"Sonoraenequipo.com.mx","url":"https:\/\/www.sonoraenequipo.com.mx\/","logo":{"@type":"ImageObject","inLanguage":"es","@id":"https:\/\/www.sonoraenequipo.com.mx\/#\/schema\/logo\/image\/","url":"https:\/\/www.sonoraenequipo.com.mx\/storage\/2019\/01\/sonoraenequipo_opt.png","contentUrl":"https:\/\/www.sonoraenequipo.com.mx\/storage\/2019\/01\/sonoraenequipo_opt.png","width":375,"height":125,"caption":"Sonoraenequipo.com.mx"},"image":{"@id":"https:\/\/www.sonoraenequipo.com.mx\/#\/schema\/logo\/image\/"},"sameAs":["https:\/\/www.facebook.com\/SonoraEE\/","https:\/\/x.com\/sonoraenequipo","https:\/\/www.youtube.com\/channel\/UC338nW-lPEYmJQs4ZABQ1SQ"]},{"@type":"Person","@id":"https:\/\/www.sonoraenequipo.com.mx\/#\/schema\/person\/50102df0fb23a8fa9e8effad8fa81386","name":"enequipo","image":{"@type":"ImageObject","inLanguage":"es","@id":"https:\/\/www.sonoraenequipo.com.mx\/#\/schema\/person\/image\/","url":"https:\/\/secure.gravatar.com\/avatar\/049821681b589dabc0bc20695993ccebb09f5b5d4d790cd9251b97faac7c652b?s=96&d=blank&r=g","contentUrl":"https:\/\/secure.gravatar.com\/avatar\/049821681b589dabc0bc20695993ccebb09f5b5d4d790cd9251b97faac7c652b?s=96&d=blank&r=g","caption":"enequipo"},"sameAs":["https:\/\/www.facebook.com\/SonoraEE"]}]}},"jetpack_featured_media_url":"https:\/\/www.sonoraenequipo.com.mx\/storage\/2026\/09\/produccion-literaria-a-la-Feria-Universitaria-del-Libro-2026-1.jpg","_links":{"self":[{"href":"https:\/\/www.sonoraenequipo.com.mx\/api\/wp\/v2\/posts\/251518","targetHints":{"allow":["GET"]}}],"collection":[{"href":"https:\/\/www.sonoraenequipo.com.mx\/api\/wp\/v2\/posts"}],"about":[{"href":"https:\/\/www.sonoraenequipo.com.mx\/api\/wp\/v2\/types\/post"}],"author":[{"embeddable":true,"href":"https:\/\/www.sonoraenequipo.com.mx\/api\/wp\/v2\/users\/1"}],"replies":[{"embeddable":true,"href":"https:\/\/www.sonoraenequipo.com.mx\/api\/wp\/v2\/comments?post=251518"}],"version-history":[{"count":2,"href":"https:\/\/www.sonoraenequipo.com.mx\/api\/wp\/v2\/posts\/251518\/revisions"}],"predecessor-version":[{"id":251527,"href":"https:\/\/www.sonoraenequipo.com.mx\/api\/wp\/v2\/posts\/251518\/revisions\/251527"}],"wp:featuredmedia":[{"embeddable":true,"href":"https:\/\/www.sonoraenequipo.com.mx\/api\/wp\/v2\/media\/251522"}],"wp:attachment":[{"href":"https:\/\/www.sonoraenequipo.com.mx\/api\/wp\/v2\/media?parent=251518"}],"wp:term":[{"taxonomy":"category","embeddable":true,"href":"https:\/\/www.sonoraenequipo.com.mx\/api\/wp\/v2\/categories?post=251518"},{"taxonomy":"post_tag","embeddable":true,"href":"https:\/\/www.sonoraenequipo.com.mx\/api\/wp\/v2\/tags?post=251518"}],"curies":[{"name":"wp","href":"https:\/\/api.w.org\/{rel}","templated":true}]}}