{"id":251532,"date":"2026-09-04T08:18:29","date_gmt":"2026-09-04T15:18:29","guid":{"rendered":"https:\/\/www.sonoraenequipo.com.mx\/?p=251532"},"modified":"2026-09-04T11:25:40","modified_gmt":"2026-09-04T18:25:40","slug":"suman-ya-23-los-ataques-con-coches-bomba-y-explosivos-en-zacatecas-en-lo-que-va-de-2026","status":"publish","type":"post","link":"https:\/\/www.sonoraenequipo.com.mx\/suman-ya-23-los-ataques-con-coches-bomba-y-explosivos-en-zacatecas-en-lo-que-va-de-2026\/","title":{"rendered":"Suman ya 23 los ataques con coches bomba y explosivos en Zacatecas en lo que va de 2026"},"content":{"rendered":"<p><strong>MORELIA, MICHOAC\u00c1N. MX. \u2014<\/strong> El titular de la Secretar\u00eda de Seguridad y Protecci\u00f3n Ciudadana (SSPC), Omar Garcia Harfuch, inform\u00f3 que por el ataque contra la comandancia de Ojocaliente ya suman tres detenidos; hecho qu estar\u00eda relacionado a la disputa por el control del estado entre el C\u00e1rtel Jalisco Nueva Generaci\u00f3n (CJNG) y grupos vinculados al C\u00e1rtel del Pac\u00edfico.<\/p>\n<p>&nbsp;<\/p>\n<p>&nbsp;<\/p>\n<p> <\/p>\n<p><em><strong>\u201cZacatecas enfrenta un incremento en el uso de explosivos por parte de grupos delictivos. En lo que va de 2026 se han registrado 23 ataques con coches bomba y otros artefactos explosivos en la entidad\u201d,<\/strong><\/em> detall\u00f3.<\/p>\n<p>&nbsp;<\/p>\n<p>&nbsp;<\/p>\n<p>Durante la conferencia de prensa d ela presidenta Claudia Sheinbaum realizada este viernes en Guadalupe, Zacatecas, el funcionario tambi\u00e9n confirm\u00f3 que ya son tres las personas detenidas por su probable participaci\u00f3n en el ataque contra la comandancia de la Polic\u00eda Municipal de Ojocaliente, ocurrido el pasado 30 de agosto.<\/p>\n<p>&nbsp;<\/p>\n<p>&nbsp;<\/p>\n<p>Harfuch se\u00f1al\u00f3 que las investigaciones contin\u00faan para identificar y detener al resto de los responsables, algunos de los cuales, adelant\u00f3, podr\u00edan encontrarse fuera de Zacatecas.<\/p>\n<p>&nbsp;<\/p>\n<p>&nbsp;<\/p>\n<p>El atentado de Ojocaliente fue perpetrado con un veh\u00edculo que conten\u00eda un artefacto explosivo improvisado. De acuerdo con la informaci\u00f3n proporcionada por las autoridades, el autom\u00f3vil hab\u00eda sido reportado como robado en Jalisco y el dispositivo conten\u00eda aproximadamente 200 kilogramos de material explosivo. La detonaci\u00f3n provoc\u00f3 lesiones a civiles y polic\u00edas, adem\u00e1s de da\u00f1os en viviendas, veh\u00edculos e instalaciones policiales.<\/p>\n<p>&nbsp;<\/p>\n<p>&nbsp;<\/p>\n<h3>La mayor\u00eda de los autores materiales ya fueron detenidos<\/h3>\n<p>&nbsp;<\/p>\n<p>&nbsp;<\/p>\n<p>Por su parte, el fiscal general de Justicia de Zacatecas, Cristian Paul Camacho Osnaya, detall\u00f3 que en la mayor\u00eda de los 23 eventos registrados durante 2026 se ha logrado detener a presuntos autores materiales.<\/p>\n<p>&nbsp;<\/p>\n<p>&nbsp;<\/p>\n<p>Explic\u00f3 adem\u00e1s que en seis de estos casos fueron utilizados veh\u00edculos cargados con un solo tipo de explosivo, lo que evidencia, de acuerdo con las investigaciones, distintas modalidades empleadas por las organizaciones criminales.<\/p>\n<p>&nbsp;<\/p>\n<p>&nbsp;<\/p>\n<p>Los recientes ataques han encendido las alertas de las autoridades debido a la utilizaci\u00f3n cada vez m\u00e1s frecuente de explosivos como parte de las agresiones contra corporaciones de seguridad.<\/p>\n<p>&nbsp;<\/p>\n<p>&nbsp;<\/p>\n<p>El ataque de Ojocaliente se produjo despu\u00e9s de otros episodios registrados en municipios de la zona sur de Zacatecas, entre ellos incidentes con explosivos en los l\u00edmites con Aguascalientes. Reportes recientes han documentado una creciente utilizaci\u00f3n de coches bomba, motocicletas con explosivos y otros artefactos en la entidad.<\/p>\n<p>&nbsp;<\/p>\n<p>&nbsp;<\/p>\n<p>PUBLICADO EL 04 SEPT DE 2026 Con informaci\u00f3n de Conferencia de prensa matutina)<\/p>\n","protected":false},"excerpt":{"rendered":"<p>MORELIA, MICHOAC\u00c1N. MX. \u2014 El titular de la Secretar\u00eda de Seguridad y Protecci\u00f3n Ciudadana (SSPC),&#8230;<\/p>\n","protected":false},"author":1,"featured_media":251535,"comment_status":"open","ping_status":"open","sticky":false,"template":"","format":"standard","meta":{"_monsterinsights_skip_tracking":false,"_monsterinsights_sitenote_active":false,"_monsterinsights_sitenote_note":"","_monsterinsights_sitenote_category":0,"footnotes":""},"categories":[5],"tags":[],"class_list":["post"],"yoast_head":" \n<title>Sonora en Equipo. Suman ya 23 los ataques con coches bomba y explosivos en Zacatecas en lo que va de 2026 Rep\u00fablica<\/title>\n<meta name=\"description\" content=\"MORELIA, MICHOAC\u00c1N. MX. \u2014 El titular de la Secretar\u00eda de Seguridad y Protecci\u00f3n Ciudadana (SSPC), Omar Garcia Harfuch, inform\u00f3 que por el ataque contra la En Sonora en Equipo publicamos toda la informaci\u00f3n de Sonora, M\u00e9xico y el Mundo de manera oportuna y busca que la libertad de expresi\u00f3n sea real. Visita nuestro medio informativo publicado desde Hermosillo, Sonora. %\" \/>\n<meta name=\"robots\" content=\"index, follow, max-snippet:-1, max-image-preview:large, max-video-preview:-1\" \/>\n<link rel=\"canonical\" href=\"https:\/\/www.sonoraenequipo.com.mx\/suman-ya-23-los-ataques-con-coches-bomba-y-explosivos-en-zacatecas-en-lo-que-va-de-2026\/\" \/>\n<meta property=\"og:locale\" content=\"es_ES\" \/>\n<meta property=\"og:type\" content=\"article\" \/>\n<meta property=\"og:title\" content=\"Sonora en Equipo. Suman ya 23 los ataques con coches bomba y explosivos en Zacatecas en lo que va de 2026 Rep\u00fablica\" \/>\n<meta property=\"og:description\" content=\"MORELIA, MICHOAC\u00c1N. MX. \u2014 El titular de la Secretar\u00eda de Seguridad y Protecci\u00f3n Ciudadana (SSPC), Omar Garcia Harfuch, inform\u00f3 que por el ataque contra la En Sonora en Equipo publicamos toda la informaci\u00f3n de Sonora, M\u00e9xico y el Mundo de manera oportuna y busca que la libertad de expresi\u00f3n sea real. Visita nuestro medio informativo publicado desde Hermosillo, Sonora. %\" \/>\n<meta property=\"og:url\" content=\"https:\/\/www.sonoraenequipo.com.mx\/suman-ya-23-los-ataques-con-coches-bomba-y-explosivos-en-zacatecas-en-lo-que-va-de-2026\/\" \/>\n<meta property=\"og:site_name\" content=\"Sonora en Equipo.\" \/>\n<meta property=\"article:publisher\" content=\"https:\/\/www.facebook.com\/SonoraEE\/\" \/>\n<meta property=\"article:author\" content=\"https:\/\/www.facebook.com\/SonoraEE\" \/>\n<meta property=\"article:published_time\" content=\"2026-09-04T15:18:29+00:00\" \/>\n<meta property=\"article:modified_time\" content=\"2026-09-04T18:25:40+00:00\" \/>\n<meta property=\"og:image\" content=\"https:\/\/www.sonoraenequipo.com.mx\/storage\/2026\/09\/Coche-bomba-en-Michoacan-1.jpg\" \/>\n\t<meta property=\"og:image:width\" content=\"1000\" \/>\n\t<meta property=\"og:image:height\" content=\"516\" \/>\n\t<meta property=\"og:image:type\" content=\"image\/jpeg\" \/>\n<meta name=\"author\" content=\"enequipo\" \/>\n<meta name=\"twitter:card\" content=\"summary_large_image\" \/>\n<meta name=\"twitter:creator\" content=\"@sonoraenequipo\" \/>\n<meta name=\"twitter:site\" content=\"@sonoraenequipo\" \/>\n<meta name=\"twitter:label1\" content=\"Escrito por\" \/>\n\t<meta name=\"twitter:data1\" content=\"enequipo\" \/>\n\t<meta name=\"twitter:label2\" content=\"Tiempo de lectura\" \/>\n\t<meta name=\"twitter:data2\" content=\"2 minutos\" \/>\n<script type=\"application\/ld+json\" class=\"yoast-schema-graph\">{\"@context\":\"https:\/\/schema.org\",\"@graph\":[{\"@type\":\"Article\",\"@id\":\"https:\/\/www.sonoraenequipo.com.mx\/suman-ya-23-los-ataques-con-coches-bomba-y-explosivos-en-zacatecas-en-lo-que-va-de-2026\/#article\",\"isPartOf\":{\"@id\":\"https:\/\/www.sonoraenequipo.com.mx\/suman-ya-23-los-ataques-con-coches-bomba-y-explosivos-en-zacatecas-en-lo-que-va-de-2026\/\"},\"author\":{\"name\":\"enequipo\",\"@id\":\"https:\/\/www.sonoraenequipo.com.mx\/#\/schema\/person\/50102df0fb23a8fa9e8effad8fa81386\"},\"headline\":\"Suman ya 23 los ataques con coches bomba y explosivos en Zacatecas en lo que va de 2026\",\"datePublished\":\"2026-09-04T15:18:29+00:00\",\"dateModified\":\"2026-09-04T18:25:40+00:00\",\"mainEntityOfPage\":{\"@id\":\"https:\/\/www.sonoraenequipo.com.mx\/suman-ya-23-los-ataques-con-coches-bomba-y-explosivos-en-zacatecas-en-lo-que-va-de-2026\/\"},\"wordCount\":456,\"commentCount\":0,\"publisher\":{\"@id\":\"https:\/\/www.sonoraenequipo.com.mx\/#organization\"},\"image\":{\"@id\":\"https:\/\/www.sonoraenequipo.com.mx\/suman-ya-23-los-ataques-con-coches-bomba-y-explosivos-en-zacatecas-en-lo-que-va-de-2026\/#primaryimage\"},\"thumbnailUrl\":\"https:\/\/www.sonoraenequipo.com.mx\/storage\/2026\/09\/Coche-bomba-en-Michoacan-1.jpg\",\"articleSection\":[\"Rep\u00fablica\"],\"inLanguage\":\"es\",\"potentialAction\":[{\"@type\":\"CommentAction\",\"name\":\"Comment\",\"target\":[\"https:\/\/www.sonoraenequipo.com.mx\/suman-ya-23-los-ataques-con-coches-bomba-y-explosivos-en-zacatecas-en-lo-que-va-de-2026\/#respond\"]}]},{\"@type\":\"WebPage\",\"@id\":\"https:\/\/www.sonoraenequipo.com.mx\/suman-ya-23-los-ataques-con-coches-bomba-y-explosivos-en-zacatecas-en-lo-que-va-de-2026\/\",\"url\":\"https:\/\/www.sonoraenequipo.com.mx\/suman-ya-23-los-ataques-con-coches-bomba-y-explosivos-en-zacatecas-en-lo-que-va-de-2026\/\",\"name\":\"Sonora en Equipo. Suman ya 23 los ataques con coches bomba y explosivos en Zacatecas en lo que va de 2026 Rep\u00fablica\",\"isPartOf\":{\"@id\":\"https:\/\/www.sonoraenequipo.com.mx\/#website\"},\"primaryImageOfPage\":{\"@id\":\"https:\/\/www.sonoraenequipo.com.mx\/suman-ya-23-los-ataques-con-coches-bomba-y-explosivos-en-zacatecas-en-lo-que-va-de-2026\/#primaryimage\"},\"image\":{\"@id\":\"https:\/\/www.sonoraenequipo.com.mx\/suman-ya-23-los-ataques-con-coches-bomba-y-explosivos-en-zacatecas-en-lo-que-va-de-2026\/#primaryimage\"},\"thumbnailUrl\":\"https:\/\/www.sonoraenequipo.com.mx\/storage\/2026\/09\/Coche-bomba-en-Michoacan-1.jpg\",\"datePublished\":\"2026-09-04T15:18:29+00:00\",\"dateModified\":\"2026-09-04T18:25:40+00:00\",\"description\":\"MORELIA, MICHOAC\u00c1N. MX. \u2014 El titular de la Secretar\u00eda de Seguridad y Protecci\u00f3n Ciudadana (SSPC), Omar Garcia Harfuch, inform\u00f3 que por el ataque contra la En Sonora en Equipo publicamos toda la informaci\u00f3n de Sonora, M\u00e9xico y el Mundo de manera oportuna y busca que la libertad de expresi\u00f3n sea real. Visita nuestro medio informativo publicado desde Hermosillo, Sonora. %\",\"breadcrumb\":{\"@id\":\"https:\/\/www.sonoraenequipo.com.mx\/suman-ya-23-los-ataques-con-coches-bomba-y-explosivos-en-zacatecas-en-lo-que-va-de-2026\/#breadcrumb\"},\"inLanguage\":\"es\",\"potentialAction\":[{\"@type\":\"ReadAction\",\"target\":[\"https:\/\/www.sonoraenequipo.com.mx\/suman-ya-23-los-ataques-con-coches-bomba-y-explosivos-en-zacatecas-en-lo-que-va-de-2026\/\"]}]},{\"@type\":\"ImageObject\",\"inLanguage\":\"es\",\"@id\":\"https:\/\/www.sonoraenequipo.com.mx\/suman-ya-23-los-ataques-con-coches-bomba-y-explosivos-en-zacatecas-en-lo-que-va-de-2026\/#primaryimage\",\"url\":\"https:\/\/www.sonoraenequipo.com.mx\/storage\/2026\/09\/Coche-bomba-en-Michoacan-1.jpg\",\"contentUrl\":\"https:\/\/www.sonoraenequipo.com.mx\/storage\/2026\/09\/Coche-bomba-en-Michoacan-1.jpg\",\"width\":1000,\"height\":516},{\"@type\":\"BreadcrumbList\",\"@id\":\"https:\/\/www.sonoraenequipo.com.mx\/suman-ya-23-los-ataques-con-coches-bomba-y-explosivos-en-zacatecas-en-lo-que-va-de-2026\/#breadcrumb\",\"itemListElement\":[{\"@type\":\"ListItem\",\"position\":1,\"name\":\"Portada\",\"item\":\"https:\/\/www.sonoraenequipo.com.mx\/\"},{\"@type\":\"ListItem\",\"position\":2,\"name\":\"Suman ya 23 los ataques con coches bomba y explosivos en Zacatecas en lo que va de 2026\"}]},{\"@type\":\"WebSite\",\"@id\":\"https:\/\/www.sonoraenequipo.com.mx\/#website\",\"url\":\"https:\/\/www.sonoraenequipo.com.mx\/\",\"name\":\"Sonora en Equipo.\",\"description\":\"Diario en l\u00ednea con Noticias desde Hermosillo, Sonora\",\"publisher\":{\"@id\":\"https:\/\/www.sonoraenequipo.com.mx\/#organization\"},\"potentialAction\":[{\"@type\":\"SearchAction\",\"target\":{\"@type\":\"EntryPoint\",\"urlTemplate\":\"https:\/\/www.sonoraenequipo.com.mx\/?s={search_term_string}\"},\"query-input\":{\"@type\":\"PropertyValueSpecification\",\"valueRequired\":true,\"valueName\":\"search_term_string\"}}],\"inLanguage\":\"es\"},{\"@type\":\"Organization\",\"@id\":\"https:\/\/www.sonoraenequipo.com.mx\/#organization\",\"name\":\"Sonoraenequipo.com.mx\",\"url\":\"https:\/\/www.sonoraenequipo.com.mx\/\",\"logo\":{\"@type\":\"ImageObject\",\"inLanguage\":\"es\",\"@id\":\"https:\/\/www.sonoraenequipo.com.mx\/#\/schema\/logo\/image\/\",\"url\":\"https:\/\/www.sonoraenequipo.com.mx\/storage\/2019\/01\/sonoraenequipo_opt.png\",\"contentUrl\":\"https:\/\/www.sonoraenequipo.com.mx\/storage\/2019\/01\/sonoraenequipo_opt.png\",\"width\":375,\"height\":125,\"caption\":\"Sonoraenequipo.com.mx\"},\"image\":{\"@id\":\"https:\/\/www.sonoraenequipo.com.mx\/#\/schema\/logo\/image\/\"},\"sameAs\":[\"https:\/\/www.facebook.com\/SonoraEE\/\",\"https:\/\/x.com\/sonoraenequipo\",\"https:\/\/www.youtube.com\/channel\/UC338nW-lPEYmJQs4ZABQ1SQ\"]},{\"@type\":\"Person\",\"@id\":\"https:\/\/www.sonoraenequipo.com.mx\/#\/schema\/person\/50102df0fb23a8fa9e8effad8fa81386\",\"name\":\"enequipo\",\"image\":{\"@type\":\"ImageObject\",\"inLanguage\":\"es\",\"@id\":\"https:\/\/www.sonoraenequipo.com.mx\/#\/schema\/person\/image\/\",\"url\":\"https:\/\/secure.gravatar.com\/avatar\/049821681b589dabc0bc20695993ccebb09f5b5d4d790cd9251b97faac7c652b?s=96&d=blank&r=g\",\"contentUrl\":\"https:\/\/secure.gravatar.com\/avatar\/049821681b589dabc0bc20695993ccebb09f5b5d4d790cd9251b97faac7c652b?s=96&d=blank&r=g\",\"caption\":\"enequipo\"},\"sameAs\":[\"https:\/\/www.facebook.com\/SonoraEE\"]}]}<\/script>\n ","yoast_head_json":{"title":"Sonora en Equipo. Suman ya 23 los ataques con coches bomba y explosivos en Zacatecas en lo que va de 2026 Rep\u00fablica","description":"MORELIA, MICHOAC\u00c1N. MX. \u2014 El titular de la Secretar\u00eda de Seguridad y Protecci\u00f3n Ciudadana (SSPC), Omar Garcia Harfuch, inform\u00f3 que por el ataque contra la En Sonora en Equipo publicamos toda la informaci\u00f3n de Sonora, M\u00e9xico y el Mundo de manera oportuna y busca que la libertad de expresi\u00f3n sea real. Visita nuestro medio informativo publicado desde Hermosillo, Sonora. %","robots":{"index":"index","follow":"follow","max-snippet":"max-snippet:-1","max-image-preview":"max-image-preview:large","max-video-preview":"max-video-preview:-1"},"canonical":"https:\/\/www.sonoraenequipo.com.mx\/suman-ya-23-los-ataques-con-coches-bomba-y-explosivos-en-zacatecas-en-lo-que-va-de-2026\/","og_locale":"es_ES","og_type":"article","og_title":"Sonora en Equipo. Suman ya 23 los ataques con coches bomba y explosivos en Zacatecas en lo que va de 2026 Rep\u00fablica","og_description":"MORELIA, MICHOAC\u00c1N. MX. \u2014 El titular de la Secretar\u00eda de Seguridad y Protecci\u00f3n Ciudadana (SSPC), Omar Garcia Harfuch, inform\u00f3 que por el ataque contra la En Sonora en Equipo publicamos toda la informaci\u00f3n de Sonora, M\u00e9xico y el Mundo de manera oportuna y busca que la libertad de expresi\u00f3n sea real. Visita nuestro medio informativo publicado desde Hermosillo, Sonora. %","og_url":"https:\/\/www.sonoraenequipo.com.mx\/suman-ya-23-los-ataques-con-coches-bomba-y-explosivos-en-zacatecas-en-lo-que-va-de-2026\/","og_site_name":"Sonora en Equipo.","article_publisher":"https:\/\/www.facebook.com\/SonoraEE\/","article_author":"https:\/\/www.facebook.com\/SonoraEE","article_published_time":"2026-09-04T15:18:29+00:00","article_modified_time":"2026-09-04T18:25:40+00:00","og_image":[{"width":1000,"height":516,"url":"https:\/\/www.sonoraenequipo.com.mx\/storage\/2026\/09\/Coche-bomba-en-Michoacan-1.jpg","type":"image\/jpeg"}],"author":"enequipo","twitter_card":"summary_large_image","twitter_creator":"@sonoraenequipo","twitter_site":"@sonoraenequipo","twitter_misc":{"Escrito por":"enequipo","Tiempo de lectura":"2 minutos"},"schema":{"@context":"https:\/\/schema.org","@graph":[{"@type":"Article","@id":"https:\/\/www.sonoraenequipo.com.mx\/suman-ya-23-los-ataques-con-coches-bomba-y-explosivos-en-zacatecas-en-lo-que-va-de-2026\/#article","isPartOf":{"@id":"https:\/\/www.sonoraenequipo.com.mx\/suman-ya-23-los-ataques-con-coches-bomba-y-explosivos-en-zacatecas-en-lo-que-va-de-2026\/"},"author":{"name":"enequipo","@id":"https:\/\/www.sonoraenequipo.com.mx\/#\/schema\/person\/50102df0fb23a8fa9e8effad8fa81386"},"headline":"Suman ya 23 los ataques con coches bomba y explosivos en Zacatecas en lo que va de 2026","datePublished":"2026-09-04T15:18:29+00:00","dateModified":"2026-09-04T18:25:40+00:00","mainEntityOfPage":{"@id":"https:\/\/www.sonoraenequipo.com.mx\/suman-ya-23-los-ataques-con-coches-bomba-y-explosivos-en-zacatecas-en-lo-que-va-de-2026\/"},"wordCount":456,"commentCount":0,"publisher":{"@id":"https:\/\/www.sonoraenequipo.com.mx\/#organization"},"image":{"@id":"https:\/\/www.sonoraenequipo.com.mx\/suman-ya-23-los-ataques-con-coches-bomba-y-explosivos-en-zacatecas-en-lo-que-va-de-2026\/#primaryimage"},"thumbnailUrl":"https:\/\/www.sonoraenequipo.com.mx\/storage\/2026\/09\/Coche-bomba-en-Michoacan-1.jpg","articleSection":["Rep\u00fablica"],"inLanguage":"es","potentialAction":[{"@type":"CommentAction","name":"Comment","target":["https:\/\/www.sonoraenequipo.com.mx\/suman-ya-23-los-ataques-con-coches-bomba-y-explosivos-en-zacatecas-en-lo-que-va-de-2026\/#respond"]}]},{"@type":"WebPage","@id":"https:\/\/www.sonoraenequipo.com.mx\/suman-ya-23-los-ataques-con-coches-bomba-y-explosivos-en-zacatecas-en-lo-que-va-de-2026\/","url":"https:\/\/www.sonoraenequipo.com.mx\/suman-ya-23-los-ataques-con-coches-bomba-y-explosivos-en-zacatecas-en-lo-que-va-de-2026\/","name":"Sonora en Equipo. Suman ya 23 los ataques con coches bomba y explosivos en Zacatecas en lo que va de 2026 Rep\u00fablica","isPartOf":{"@id":"https:\/\/www.sonoraenequipo.com.mx\/#website"},"primaryImageOfPage":{"@id":"https:\/\/www.sonoraenequipo.com.mx\/suman-ya-23-los-ataques-con-coches-bomba-y-explosivos-en-zacatecas-en-lo-que-va-de-2026\/#primaryimage"},"image":{"@id":"https:\/\/www.sonoraenequipo.com.mx\/suman-ya-23-los-ataques-con-coches-bomba-y-explosivos-en-zacatecas-en-lo-que-va-de-2026\/#primaryimage"},"thumbnailUrl":"https:\/\/www.sonoraenequipo.com.mx\/storage\/2026\/09\/Coche-bomba-en-Michoacan-1.jpg","datePublished":"2026-09-04T15:18:29+00:00","dateModified":"2026-09-04T18:25:40+00:00","description":"MORELIA, MICHOAC\u00c1N. MX. \u2014 El titular de la Secretar\u00eda de Seguridad y Protecci\u00f3n Ciudadana (SSPC), Omar Garcia Harfuch, inform\u00f3 que por el ataque contra la En Sonora en Equipo publicamos toda la informaci\u00f3n de Sonora, M\u00e9xico y el Mundo de manera oportuna y busca que la libertad de expresi\u00f3n sea real. Visita nuestro medio informativo publicado desde Hermosillo, Sonora. %","breadcrumb":{"@id":"https:\/\/www.sonoraenequipo.com.mx\/suman-ya-23-los-ataques-con-coches-bomba-y-explosivos-en-zacatecas-en-lo-que-va-de-2026\/#breadcrumb"},"inLanguage":"es","potentialAction":[{"@type":"ReadAction","target":["https:\/\/www.sonoraenequipo.com.mx\/suman-ya-23-los-ataques-con-coches-bomba-y-explosivos-en-zacatecas-en-lo-que-va-de-2026\/"]}]},{"@type":"ImageObject","inLanguage":"es","@id":"https:\/\/www.sonoraenequipo.com.mx\/suman-ya-23-los-ataques-con-coches-bomba-y-explosivos-en-zacatecas-en-lo-que-va-de-2026\/#primaryimage","url":"https:\/\/www.sonoraenequipo.com.mx\/storage\/2026\/09\/Coche-bomba-en-Michoacan-1.jpg","contentUrl":"https:\/\/www.sonoraenequipo.com.mx\/storage\/2026\/09\/Coche-bomba-en-Michoacan-1.jpg","width":1000,"height":516},{"@type":"BreadcrumbList","@id":"https:\/\/www.sonoraenequipo.com.mx\/suman-ya-23-los-ataques-con-coches-bomba-y-explosivos-en-zacatecas-en-lo-que-va-de-2026\/#breadcrumb","itemListElement":[{"@type":"ListItem","position":1,"name":"Portada","item":"https:\/\/www.sonoraenequipo.com.mx\/"},{"@type":"ListItem","position":2,"name":"Suman ya 23 los ataques con coches bomba y explosivos en Zacatecas en lo que va de 2026"}]},{"@type":"WebSite","@id":"https:\/\/www.sonoraenequipo.com.mx\/#website","url":"https:\/\/www.sonoraenequipo.com.mx\/","name":"Sonora en Equipo.","description":"Diario en l\u00ednea con Noticias desde Hermosillo, Sonora","publisher":{"@id":"https:\/\/www.sonoraenequipo.com.mx\/#organization"},"potentialAction":[{"@type":"SearchAction","target":{"@type":"EntryPoint","urlTemplate":"https:\/\/www.sonoraenequipo.com.mx\/?s={search_term_string}"},"query-input":{"@type":"PropertyValueSpecification","valueRequired":true,"valueName":"search_term_string"}}],"inLanguage":"es"},{"@type":"Organization","@id":"https:\/\/www.sonoraenequipo.com.mx\/#organization","name":"Sonoraenequipo.com.mx","url":"https:\/\/www.sonoraenequipo.com.mx\/","logo":{"@type":"ImageObject","inLanguage":"es","@id":"https:\/\/www.sonoraenequipo.com.mx\/#\/schema\/logo\/image\/","url":"https:\/\/www.sonoraenequipo.com.mx\/storage\/2019\/01\/sonoraenequipo_opt.png","contentUrl":"https:\/\/www.sonoraenequipo.com.mx\/storage\/2019\/01\/sonoraenequipo_opt.png","width":375,"height":125,"caption":"Sonoraenequipo.com.mx"},"image":{"@id":"https:\/\/www.sonoraenequipo.com.mx\/#\/schema\/logo\/image\/"},"sameAs":["https:\/\/www.facebook.com\/SonoraEE\/","https:\/\/x.com\/sonoraenequipo","https:\/\/www.youtube.com\/channel\/UC338nW-lPEYmJQs4ZABQ1SQ"]},{"@type":"Person","@id":"https:\/\/www.sonoraenequipo.com.mx\/#\/schema\/person\/50102df0fb23a8fa9e8effad8fa81386","name":"enequipo","image":{"@type":"ImageObject","inLanguage":"es","@id":"https:\/\/www.sonoraenequipo.com.mx\/#\/schema\/person\/image\/","url":"https:\/\/secure.gravatar.com\/avatar\/049821681b589dabc0bc20695993ccebb09f5b5d4d790cd9251b97faac7c652b?s=96&d=blank&r=g","contentUrl":"https:\/\/secure.gravatar.com\/avatar\/049821681b589dabc0bc20695993ccebb09f5b5d4d790cd9251b97faac7c652b?s=96&d=blank&r=g","caption":"enequipo"},"sameAs":["https:\/\/www.facebook.com\/SonoraEE"]}]}},"jetpack_featured_media_url":"https:\/\/www.sonoraenequipo.com.mx\/storage\/2026\/09\/Coche-bomba-en-Michoacan-1.jpg","_links":{"self":[{"href":"https:\/\/www.sonoraenequipo.com.mx\/api\/wp\/v2\/posts\/251532","targetHints":{"allow":["GET"]}}],"collection":[{"href":"https:\/\/www.sonoraenequipo.com.mx\/api\/wp\/v2\/posts"}],"about":[{"href":"https:\/\/www.sonoraenequipo.com.mx\/api\/wp\/v2\/types\/post"}],"author":[{"embeddable":true,"href":"https:\/\/www.sonoraenequipo.com.mx\/api\/wp\/v2\/users\/1"}],"replies":[{"embeddable":true,"href":"https:\/\/www.sonoraenequipo.com.mx\/api\/wp\/v2\/comments?post=251532"}],"version-history":[{"count":1,"href":"https:\/\/www.sonoraenequipo.com.mx\/api\/wp\/v2\/posts\/251532\/revisions"}],"predecessor-version":[{"id":251537,"href":"https:\/\/www.sonoraenequipo.com.mx\/api\/wp\/v2\/posts\/251532\/revisions\/251537"}],"wp:featuredmedia":[{"embeddable":true,"href":"https:\/\/www.sonoraenequipo.com.mx\/api\/wp\/v2\/media\/251535"}],"wp:attachment":[{"href":"https:\/\/www.sonoraenequipo.com.mx\/api\/wp\/v2\/media?parent=251532"}],"wp:term":[{"taxonomy":"category","embeddable":true,"href":"https:\/\/www.sonoraenequipo.com.mx\/api\/wp\/v2\/categories?post=251532"},{"taxonomy":"post_tag","embeddable":true,"href":"https:\/\/www.sonoraenequipo.com.mx\/api\/wp\/v2\/tags?post=251532"}],"curies":[{"name":"wp","href":"https:\/\/api.w.org\/{rel}","templated":true}]}}