{"id":251538,"date":"2026-09-04T10:41:28","date_gmt":"2026-09-04T17:41:28","guid":{"rendered":"https:\/\/www.sonoraenequipo.com.mx\/?p=251538"},"modified":"2026-09-04T12:07:41","modified_gmt":"2026-09-04T19:07:41","slug":"somos-nuestra-memoria-desplazamiento-forzado-y-psicologia-como-vamos","status":"publish","type":"post","link":"https:\/\/www.sonoraenequipo.com.mx\/somos-nuestra-memoria-desplazamiento-forzado-y-psicologia-como-vamos\/","title":{"rendered":"SOMOS NUESTRA MEMORIA. Desplazamiento forzado y psicolog\u00eda: \u00bfc\u00f3mo vamos?"},"content":{"rendered":"<p>Luis tiene una hect\u00e1rea bien ubicada en la sierra de Sinaloa, donde siembra ma\u00edz. Desde hace tiempo, integrantes del crimen organizado lo presionan para que cambie el uso de su tierra o la abandone. La amenaza es directa: si se resiste, \u00e9l y su familia pueden ser asesinados.<\/p>\n<p><img loading=\"lazy\" decoding=\"async\" class=\"size-full  x-center\" src=\"https:\/\/www.sonoraenequipo.com.mx\/storage\/2024\/12\/boris.jpg\" alt=\"\" width=\"217\" height=\"280\" \/>Historias semejantes se repiten en comunidades rurales de Chihuahua, Michoac\u00e1n, Chiapas, Guerrero y Zacatecas. El desplazamiento forzado interno ocurre cuando personas, familias o comunidades enteras se ven obligadas a abandonar su hogar para proteger la vida, sin cruzar una frontera internacional.<\/p>\n<p>Aunque el fen\u00f3meno suele aparecer en las noticias como una cifra o una breve nota roja, detr\u00e1s de cada desplazamiento hay una ruptura profunda. Se pierde la casa, la tierra, el trabajo, la escuela, la red familiar, la identidad comunitaria y la sensaci\u00f3n elemental de seguridad. Tambi\u00e9n se pierde la posibilidad de planear el futuro. Quien huye lleva consigo algunos objetos, pero sobre todo carga miedo, duelo, incertidumbre y la obligaci\u00f3n de comenzar desde cero en un lugar desconocido.<\/p>\n<p>En materia de salud mental existe una preocupante desconexi\u00f3n institucional. Como psic\u00f3logo y especialista en violaciones graves a los derechos humanos, he se\u00f1alado en repetidas ocasiones la ausencia de psic\u00f3logos comunitarios suficientemente capacitados en albergues temporales y zonas de refugio.<\/p>\n<p>Las personas desplazadas no necesitan \u00fanicamente una consulta aislada: requieren acompa\u00f1amiento sostenido, sensible a su historia, su cultura y las condiciones de riesgo que todav\u00eda enfrentan.<\/p>\n<p>El despojo de tierras y propiedades por conflictos religiosos, agrarios o pol\u00edticos, as\u00ed como la violencia ejercida por grupos delictivos con la tolerancia o complicidad de autoridades locales, puede producir s\u00edntomas de estr\u00e9s postraum\u00e1tico, depresi\u00f3n, ansiedad, insomnio, culpa y desesperanza.<\/p>\n<p>Por eso, la atenci\u00f3n no puede reducirse a decirle a una persona que \u201cpiense positivo\u201d o que acuda a terapia convencional durante unas cuantas sesiones. La intervenci\u00f3n debe incluir diversas acciones complejas para la atenci\u00f3n de problemas complicados, como el desplazamiento. La salud mental no se sostiene cuando una familia sigue sin saber si puede regresar, cuando carece de ingresos, cuando son despreciados en ciudades a donde llegan o cuando teme que sus agresores permanezcan impunes.<\/p>\n<p>Un caso especial es el de las infancias, que requieren una atenci\u00f3n prioritaria. Ni\u00f1as, ni\u00f1os y adolescentes desplazados pueden haber presenciado asesinatos, sufrido la desaparici\u00f3n de familiares o perdido de manera repentina su escuela, sus amistades y su entorno protector. La interrupci\u00f3n educativa y la incertidumbre afectan su desarrollo emocional.<\/p>\n<p>Las mujeres, las personas mayores, las comunidades ind\u00edgenas y quienes tienen alguna discapacidad enfrentan obst\u00e1culos adicionales. Una pol\u00edtica p\u00fablica seria debe identificar sus barreras y garantizar atenci\u00f3n con perspectiva de derechos humanos, g\u00e9nero, interculturalidad y ciclo de vida.<\/p>\n<p>El problema es que los gobiernos contin\u00faan presentando informes maquillados, mientras miles de personas sobreviven. El presupuesto p\u00fablico no pertenece a los funcionarios ni a sus familias: proviene de los impuestos de la sociedad y debe utilizarse para proteger a quienes enfrentan una emergencia humanitaria. Ninguna beca del bienestar sustituye una pol\u00edtica integral de seguridad, justicia y salud mental.<\/p>\n<p>Tambi\u00e9n es inadmisible que la ayuda se convierta en propaganda. En una ocasi\u00f3n, una pol\u00edtica nos pidi\u00f3 realizar una intervenci\u00f3n en la frontera \u201cde a gorra\u201d, con el prop\u00f3sito evidente de tomarse la fotograf\u00eda y presumir que atend\u00eda el desplazamiento forzado. Nos negamos. La atenci\u00f3n psicol\u00f3gica no puede ser un escenario para la promoci\u00f3n personal ni una d\u00e1diva condicionada a la imagen de un funcionario.<\/p>\n<p>Causas y azares:<\/p>\n<ul>\n<li>Vaya nivel de corrupci\u00f3n y de cinismo el que se ventila todos los d\u00edas con los gobiernos y sus familiares, que no est\u00e1n peor que los anteriores, pero como todos son iguales y solo se reciclan en sus posiciones, la cosa va para largo, en un pa\u00eds donde la gente no pone su barba a remojar.<\/li>\n<li>Es lastimoso que las personas no tengan programas de salud mental con 2 millones de pesos para atender a 10 mil personas al a\u00f1o, mientras los hip\u00f3critas del gobierno vuelan casi 100 viajes en aviones privados de contratistas corruptos que les pasan su parte, o mientras empresarios se embolsan, uno solo, m\u00e1s de 33 mil millones de pesos de contratos p\u00fablicos.<\/li>\n<li>El nivel tan bajo de los narcotraficantes mexicanos es casi pestilente a la vista de todos, no se encuentran ubicados en sus negocios de drogas, ahora la bajeza del poder y la venganza los llevan a hacer narcoterrorismo sin ser capturados, por ahora.<\/li>\n<\/ul>\n<p>Nos estamos viendo, que, si pudiera vivir nuevamente mi vida, har\u00eda m\u00e1s viajes, contemplar\u00eda m\u00e1s atardeceres, subir\u00eda m\u00e1s monta\u00f1as, nadar\u00eda m\u00e1s r\u00edos&#8230;<\/p>\n<p>www.facebook.com\/psicologoclinicomexico<\/p>\n<p><strong>Fecha de publicaci\u00f3n viernes 4 de septiembre de 2026<\/strong><\/p>\n","protected":false},"excerpt":{"rendered":"<p>Luis tiene una hect\u00e1rea bien ubicada en la sierra de Sinaloa, donde siembra ma\u00edz. Desde&#8230;<\/p>\n","protected":false},"author":1,"featured_media":251540,"comment_status":"open","ping_status":"open","sticky":false,"template":"","format":"standard","meta":{"_monsterinsights_skip_tracking":false,"_monsterinsights_sitenote_active":false,"_monsterinsights_sitenote_note":"","_monsterinsights_sitenote_category":0,"footnotes":""},"categories":[14],"tags":[13050],"class_list":["post"],"yoast_head":" \n<title>Sonora en Equipo. SOMOS NUESTRA MEMORIA. Desplazamiento forzado y psicolog\u00eda: \u00bfc\u00f3mo vamos? Voces<\/title>\n<meta name=\"description\" content=\"Luis tiene una hect\u00e1rea bien ubicada en la sierra de Sinaloa, donde siembra ma\u00edz. Desde hace tiempo, integrantes del crimen organizado lo presionan para En Sonora en Equipo publicamos toda la informaci\u00f3n de Sonora, M\u00e9xico y el Mundo de manera oportuna y busca que la libertad de expresi\u00f3n sea real. Visita nuestro medio informativo publicado desde Hermosillo, Sonora. %\" \/>\n<meta name=\"robots\" content=\"index, follow, max-snippet:-1, max-image-preview:large, max-video-preview:-1\" \/>\n<link rel=\"canonical\" href=\"https:\/\/www.sonoraenequipo.com.mx\/somos-nuestra-memoria-desplazamiento-forzado-y-psicologia-como-vamos\/\" \/>\n<meta property=\"og:locale\" content=\"es_ES\" \/>\n<meta property=\"og:type\" content=\"article\" \/>\n<meta property=\"og:title\" content=\"Sonora en Equipo. SOMOS NUESTRA MEMORIA. Desplazamiento forzado y psicolog\u00eda: \u00bfc\u00f3mo vamos? Voces\" \/>\n<meta property=\"og:description\" content=\"Luis tiene una hect\u00e1rea bien ubicada en la sierra de Sinaloa, donde siembra ma\u00edz. Desde hace tiempo, integrantes del crimen organizado lo presionan para En Sonora en Equipo publicamos toda la informaci\u00f3n de Sonora, M\u00e9xico y el Mundo de manera oportuna y busca que la libertad de expresi\u00f3n sea real. Visita nuestro medio informativo publicado desde Hermosillo, Sonora. %\" \/>\n<meta property=\"og:url\" content=\"https:\/\/www.sonoraenequipo.com.mx\/somos-nuestra-memoria-desplazamiento-forzado-y-psicologia-como-vamos\/\" \/>\n<meta property=\"og:site_name\" content=\"Sonora en Equipo.\" \/>\n<meta property=\"article:publisher\" content=\"https:\/\/www.facebook.com\/SonoraEE\/\" \/>\n<meta property=\"article:author\" content=\"https:\/\/www.facebook.com\/SonoraEE\" \/>\n<meta property=\"article:published_time\" content=\"2026-09-04T17:41:28+00:00\" \/>\n<meta property=\"article:modified_time\" content=\"2026-09-04T19:07:41+00:00\" \/>\n<meta property=\"og:image\" content=\"https:\/\/www.sonoraenequipo.com.mx\/storage\/2026\/09\/desplazados.jpg\" \/>\n\t<meta property=\"og:image:width\" content=\"600\" \/>\n\t<meta property=\"og:image:height\" content=\"400\" \/>\n\t<meta property=\"og:image:type\" content=\"image\/jpeg\" \/>\n<meta name=\"author\" content=\"enequipo\" \/>\n<meta name=\"twitter:card\" content=\"summary_large_image\" \/>\n<meta name=\"twitter:creator\" content=\"@sonoraenequipo\" \/>\n<meta name=\"twitter:site\" content=\"@sonoraenequipo\" \/>\n<meta name=\"twitter:label1\" content=\"Escrito por\" \/>\n\t<meta name=\"twitter:data1\" content=\"enequipo\" \/>\n\t<meta name=\"twitter:label2\" content=\"Tiempo de lectura\" \/>\n\t<meta name=\"twitter:data2\" content=\"4 minutos\" \/>\n<script type=\"application\/ld+json\" class=\"yoast-schema-graph\">{\"@context\":\"https:\/\/schema.org\",\"@graph\":[{\"@type\":\"Article\",\"@id\":\"https:\/\/www.sonoraenequipo.com.mx\/somos-nuestra-memoria-desplazamiento-forzado-y-psicologia-como-vamos\/#article\",\"isPartOf\":{\"@id\":\"https:\/\/www.sonoraenequipo.com.mx\/somos-nuestra-memoria-desplazamiento-forzado-y-psicologia-como-vamos\/\"},\"author\":{\"name\":\"enequipo\",\"@id\":\"https:\/\/www.sonoraenequipo.com.mx\/#\/schema\/person\/50102df0fb23a8fa9e8effad8fa81386\"},\"headline\":\"SOMOS NUESTRA MEMORIA. Desplazamiento forzado y psicolog\u00eda: \u00bfc\u00f3mo vamos?\",\"datePublished\":\"2026-09-04T17:41:28+00:00\",\"dateModified\":\"2026-09-04T19:07:41+00:00\",\"mainEntityOfPage\":{\"@id\":\"https:\/\/www.sonoraenequipo.com.mx\/somos-nuestra-memoria-desplazamiento-forzado-y-psicologia-como-vamos\/\"},\"wordCount\":831,\"commentCount\":0,\"publisher\":{\"@id\":\"https:\/\/www.sonoraenequipo.com.mx\/#organization\"},\"image\":{\"@id\":\"https:\/\/www.sonoraenequipo.com.mx\/somos-nuestra-memoria-desplazamiento-forzado-y-psicologia-como-vamos\/#primaryimage\"},\"thumbnailUrl\":\"https:\/\/www.sonoraenequipo.com.mx\/storage\/2026\/09\/desplazados.jpg\",\"keywords\":[\"desplazamiento forzado\"],\"articleSection\":[\"Voces\"],\"inLanguage\":\"es\",\"potentialAction\":[{\"@type\":\"CommentAction\",\"name\":\"Comment\",\"target\":[\"https:\/\/www.sonoraenequipo.com.mx\/somos-nuestra-memoria-desplazamiento-forzado-y-psicologia-como-vamos\/#respond\"]}]},{\"@type\":\"WebPage\",\"@id\":\"https:\/\/www.sonoraenequipo.com.mx\/somos-nuestra-memoria-desplazamiento-forzado-y-psicologia-como-vamos\/\",\"url\":\"https:\/\/www.sonoraenequipo.com.mx\/somos-nuestra-memoria-desplazamiento-forzado-y-psicologia-como-vamos\/\",\"name\":\"Sonora en Equipo. SOMOS NUESTRA MEMORIA. Desplazamiento forzado y psicolog\u00eda: \u00bfc\u00f3mo vamos? Voces\",\"isPartOf\":{\"@id\":\"https:\/\/www.sonoraenequipo.com.mx\/#website\"},\"primaryImageOfPage\":{\"@id\":\"https:\/\/www.sonoraenequipo.com.mx\/somos-nuestra-memoria-desplazamiento-forzado-y-psicologia-como-vamos\/#primaryimage\"},\"image\":{\"@id\":\"https:\/\/www.sonoraenequipo.com.mx\/somos-nuestra-memoria-desplazamiento-forzado-y-psicologia-como-vamos\/#primaryimage\"},\"thumbnailUrl\":\"https:\/\/www.sonoraenequipo.com.mx\/storage\/2026\/09\/desplazados.jpg\",\"datePublished\":\"2026-09-04T17:41:28+00:00\",\"dateModified\":\"2026-09-04T19:07:41+00:00\",\"description\":\"Luis tiene una hect\u00e1rea bien ubicada en la sierra de Sinaloa, donde siembra ma\u00edz. Desde hace tiempo, integrantes del crimen organizado lo presionan para En Sonora en Equipo publicamos toda la informaci\u00f3n de Sonora, M\u00e9xico y el Mundo de manera oportuna y busca que la libertad de expresi\u00f3n sea real. Visita nuestro medio informativo publicado desde Hermosillo, Sonora. %\",\"breadcrumb\":{\"@id\":\"https:\/\/www.sonoraenequipo.com.mx\/somos-nuestra-memoria-desplazamiento-forzado-y-psicologia-como-vamos\/#breadcrumb\"},\"inLanguage\":\"es\",\"potentialAction\":[{\"@type\":\"ReadAction\",\"target\":[\"https:\/\/www.sonoraenequipo.com.mx\/somos-nuestra-memoria-desplazamiento-forzado-y-psicologia-como-vamos\/\"]}]},{\"@type\":\"ImageObject\",\"inLanguage\":\"es\",\"@id\":\"https:\/\/www.sonoraenequipo.com.mx\/somos-nuestra-memoria-desplazamiento-forzado-y-psicologia-como-vamos\/#primaryimage\",\"url\":\"https:\/\/www.sonoraenequipo.com.mx\/storage\/2026\/09\/desplazados.jpg\",\"contentUrl\":\"https:\/\/www.sonoraenequipo.com.mx\/storage\/2026\/09\/desplazados.jpg\",\"width\":600,\"height\":400},{\"@type\":\"BreadcrumbList\",\"@id\":\"https:\/\/www.sonoraenequipo.com.mx\/somos-nuestra-memoria-desplazamiento-forzado-y-psicologia-como-vamos\/#breadcrumb\",\"itemListElement\":[{\"@type\":\"ListItem\",\"position\":1,\"name\":\"Portada\",\"item\":\"https:\/\/www.sonoraenequipo.com.mx\/\"},{\"@type\":\"ListItem\",\"position\":2,\"name\":\"SOMOS NUESTRA MEMORIA. Desplazamiento forzado y psicolog\u00eda: \u00bfc\u00f3mo vamos?\"}]},{\"@type\":\"WebSite\",\"@id\":\"https:\/\/www.sonoraenequipo.com.mx\/#website\",\"url\":\"https:\/\/www.sonoraenequipo.com.mx\/\",\"name\":\"Sonora en Equipo.\",\"description\":\"Diario en l\u00ednea con Noticias desde Hermosillo, Sonora\",\"publisher\":{\"@id\":\"https:\/\/www.sonoraenequipo.com.mx\/#organization\"},\"potentialAction\":[{\"@type\":\"SearchAction\",\"target\":{\"@type\":\"EntryPoint\",\"urlTemplate\":\"https:\/\/www.sonoraenequipo.com.mx\/?s={search_term_string}\"},\"query-input\":{\"@type\":\"PropertyValueSpecification\",\"valueRequired\":true,\"valueName\":\"search_term_string\"}}],\"inLanguage\":\"es\"},{\"@type\":\"Organization\",\"@id\":\"https:\/\/www.sonoraenequipo.com.mx\/#organization\",\"name\":\"Sonoraenequipo.com.mx\",\"url\":\"https:\/\/www.sonoraenequipo.com.mx\/\",\"logo\":{\"@type\":\"ImageObject\",\"inLanguage\":\"es\",\"@id\":\"https:\/\/www.sonoraenequipo.com.mx\/#\/schema\/logo\/image\/\",\"url\":\"https:\/\/www.sonoraenequipo.com.mx\/storage\/2019\/01\/sonoraenequipo_opt.png\",\"contentUrl\":\"https:\/\/www.sonoraenequipo.com.mx\/storage\/2019\/01\/sonoraenequipo_opt.png\",\"width\":375,\"height\":125,\"caption\":\"Sonoraenequipo.com.mx\"},\"image\":{\"@id\":\"https:\/\/www.sonoraenequipo.com.mx\/#\/schema\/logo\/image\/\"},\"sameAs\":[\"https:\/\/www.facebook.com\/SonoraEE\/\",\"https:\/\/x.com\/sonoraenequipo\",\"https:\/\/www.youtube.com\/channel\/UC338nW-lPEYmJQs4ZABQ1SQ\"]},{\"@type\":\"Person\",\"@id\":\"https:\/\/www.sonoraenequipo.com.mx\/#\/schema\/person\/50102df0fb23a8fa9e8effad8fa81386\",\"name\":\"enequipo\",\"image\":{\"@type\":\"ImageObject\",\"inLanguage\":\"es\",\"@id\":\"https:\/\/www.sonoraenequipo.com.mx\/#\/schema\/person\/image\/\",\"url\":\"https:\/\/secure.gravatar.com\/avatar\/049821681b589dabc0bc20695993ccebb09f5b5d4d790cd9251b97faac7c652b?s=96&d=blank&r=g\",\"contentUrl\":\"https:\/\/secure.gravatar.com\/avatar\/049821681b589dabc0bc20695993ccebb09f5b5d4d790cd9251b97faac7c652b?s=96&d=blank&r=g\",\"caption\":\"enequipo\"},\"sameAs\":[\"https:\/\/www.facebook.com\/SonoraEE\"]}]}<\/script>\n ","yoast_head_json":{"title":"Sonora en Equipo. SOMOS NUESTRA MEMORIA. Desplazamiento forzado y psicolog\u00eda: \u00bfc\u00f3mo vamos? Voces","description":"Luis tiene una hect\u00e1rea bien ubicada en la sierra de Sinaloa, donde siembra ma\u00edz. Desde hace tiempo, integrantes del crimen organizado lo presionan para En Sonora en Equipo publicamos toda la informaci\u00f3n de Sonora, M\u00e9xico y el Mundo de manera oportuna y busca que la libertad de expresi\u00f3n sea real. Visita nuestro medio informativo publicado desde Hermosillo, Sonora. %","robots":{"index":"index","follow":"follow","max-snippet":"max-snippet:-1","max-image-preview":"max-image-preview:large","max-video-preview":"max-video-preview:-1"},"canonical":"https:\/\/www.sonoraenequipo.com.mx\/somos-nuestra-memoria-desplazamiento-forzado-y-psicologia-como-vamos\/","og_locale":"es_ES","og_type":"article","og_title":"Sonora en Equipo. SOMOS NUESTRA MEMORIA. Desplazamiento forzado y psicolog\u00eda: \u00bfc\u00f3mo vamos? Voces","og_description":"Luis tiene una hect\u00e1rea bien ubicada en la sierra de Sinaloa, donde siembra ma\u00edz. Desde hace tiempo, integrantes del crimen organizado lo presionan para En Sonora en Equipo publicamos toda la informaci\u00f3n de Sonora, M\u00e9xico y el Mundo de manera oportuna y busca que la libertad de expresi\u00f3n sea real. Visita nuestro medio informativo publicado desde Hermosillo, Sonora. %","og_url":"https:\/\/www.sonoraenequipo.com.mx\/somos-nuestra-memoria-desplazamiento-forzado-y-psicologia-como-vamos\/","og_site_name":"Sonora en Equipo.","article_publisher":"https:\/\/www.facebook.com\/SonoraEE\/","article_author":"https:\/\/www.facebook.com\/SonoraEE","article_published_time":"2026-09-04T17:41:28+00:00","article_modified_time":"2026-09-04T19:07:41+00:00","og_image":[{"width":600,"height":400,"url":"https:\/\/www.sonoraenequipo.com.mx\/storage\/2026\/09\/desplazados.jpg","type":"image\/jpeg"}],"author":"enequipo","twitter_card":"summary_large_image","twitter_creator":"@sonoraenequipo","twitter_site":"@sonoraenequipo","twitter_misc":{"Escrito por":"enequipo","Tiempo de lectura":"4 minutos"},"schema":{"@context":"https:\/\/schema.org","@graph":[{"@type":"Article","@id":"https:\/\/www.sonoraenequipo.com.mx\/somos-nuestra-memoria-desplazamiento-forzado-y-psicologia-como-vamos\/#article","isPartOf":{"@id":"https:\/\/www.sonoraenequipo.com.mx\/somos-nuestra-memoria-desplazamiento-forzado-y-psicologia-como-vamos\/"},"author":{"name":"enequipo","@id":"https:\/\/www.sonoraenequipo.com.mx\/#\/schema\/person\/50102df0fb23a8fa9e8effad8fa81386"},"headline":"SOMOS NUESTRA MEMORIA. Desplazamiento forzado y psicolog\u00eda: \u00bfc\u00f3mo vamos?","datePublished":"2026-09-04T17:41:28+00:00","dateModified":"2026-09-04T19:07:41+00:00","mainEntityOfPage":{"@id":"https:\/\/www.sonoraenequipo.com.mx\/somos-nuestra-memoria-desplazamiento-forzado-y-psicologia-como-vamos\/"},"wordCount":831,"commentCount":0,"publisher":{"@id":"https:\/\/www.sonoraenequipo.com.mx\/#organization"},"image":{"@id":"https:\/\/www.sonoraenequipo.com.mx\/somos-nuestra-memoria-desplazamiento-forzado-y-psicologia-como-vamos\/#primaryimage"},"thumbnailUrl":"https:\/\/www.sonoraenequipo.com.mx\/storage\/2026\/09\/desplazados.jpg","keywords":["desplazamiento forzado"],"articleSection":["Voces"],"inLanguage":"es","potentialAction":[{"@type":"CommentAction","name":"Comment","target":["https:\/\/www.sonoraenequipo.com.mx\/somos-nuestra-memoria-desplazamiento-forzado-y-psicologia-como-vamos\/#respond"]}]},{"@type":"WebPage","@id":"https:\/\/www.sonoraenequipo.com.mx\/somos-nuestra-memoria-desplazamiento-forzado-y-psicologia-como-vamos\/","url":"https:\/\/www.sonoraenequipo.com.mx\/somos-nuestra-memoria-desplazamiento-forzado-y-psicologia-como-vamos\/","name":"Sonora en Equipo. SOMOS NUESTRA MEMORIA. Desplazamiento forzado y psicolog\u00eda: \u00bfc\u00f3mo vamos? Voces","isPartOf":{"@id":"https:\/\/www.sonoraenequipo.com.mx\/#website"},"primaryImageOfPage":{"@id":"https:\/\/www.sonoraenequipo.com.mx\/somos-nuestra-memoria-desplazamiento-forzado-y-psicologia-como-vamos\/#primaryimage"},"image":{"@id":"https:\/\/www.sonoraenequipo.com.mx\/somos-nuestra-memoria-desplazamiento-forzado-y-psicologia-como-vamos\/#primaryimage"},"thumbnailUrl":"https:\/\/www.sonoraenequipo.com.mx\/storage\/2026\/09\/desplazados.jpg","datePublished":"2026-09-04T17:41:28+00:00","dateModified":"2026-09-04T19:07:41+00:00","description":"Luis tiene una hect\u00e1rea bien ubicada en la sierra de Sinaloa, donde siembra ma\u00edz. Desde hace tiempo, integrantes del crimen organizado lo presionan para En Sonora en Equipo publicamos toda la informaci\u00f3n de Sonora, M\u00e9xico y el Mundo de manera oportuna y busca que la libertad de expresi\u00f3n sea real. Visita nuestro medio informativo publicado desde Hermosillo, Sonora. %","breadcrumb":{"@id":"https:\/\/www.sonoraenequipo.com.mx\/somos-nuestra-memoria-desplazamiento-forzado-y-psicologia-como-vamos\/#breadcrumb"},"inLanguage":"es","potentialAction":[{"@type":"ReadAction","target":["https:\/\/www.sonoraenequipo.com.mx\/somos-nuestra-memoria-desplazamiento-forzado-y-psicologia-como-vamos\/"]}]},{"@type":"ImageObject","inLanguage":"es","@id":"https:\/\/www.sonoraenequipo.com.mx\/somos-nuestra-memoria-desplazamiento-forzado-y-psicologia-como-vamos\/#primaryimage","url":"https:\/\/www.sonoraenequipo.com.mx\/storage\/2026\/09\/desplazados.jpg","contentUrl":"https:\/\/www.sonoraenequipo.com.mx\/storage\/2026\/09\/desplazados.jpg","width":600,"height":400},{"@type":"BreadcrumbList","@id":"https:\/\/www.sonoraenequipo.com.mx\/somos-nuestra-memoria-desplazamiento-forzado-y-psicologia-como-vamos\/#breadcrumb","itemListElement":[{"@type":"ListItem","position":1,"name":"Portada","item":"https:\/\/www.sonoraenequipo.com.mx\/"},{"@type":"ListItem","position":2,"name":"SOMOS NUESTRA MEMORIA. Desplazamiento forzado y psicolog\u00eda: \u00bfc\u00f3mo vamos?"}]},{"@type":"WebSite","@id":"https:\/\/www.sonoraenequipo.com.mx\/#website","url":"https:\/\/www.sonoraenequipo.com.mx\/","name":"Sonora en Equipo.","description":"Diario en l\u00ednea con Noticias desde Hermosillo, Sonora","publisher":{"@id":"https:\/\/www.sonoraenequipo.com.mx\/#organization"},"potentialAction":[{"@type":"SearchAction","target":{"@type":"EntryPoint","urlTemplate":"https:\/\/www.sonoraenequipo.com.mx\/?s={search_term_string}"},"query-input":{"@type":"PropertyValueSpecification","valueRequired":true,"valueName":"search_term_string"}}],"inLanguage":"es"},{"@type":"Organization","@id":"https:\/\/www.sonoraenequipo.com.mx\/#organization","name":"Sonoraenequipo.com.mx","url":"https:\/\/www.sonoraenequipo.com.mx\/","logo":{"@type":"ImageObject","inLanguage":"es","@id":"https:\/\/www.sonoraenequipo.com.mx\/#\/schema\/logo\/image\/","url":"https:\/\/www.sonoraenequipo.com.mx\/storage\/2019\/01\/sonoraenequipo_opt.png","contentUrl":"https:\/\/www.sonoraenequipo.com.mx\/storage\/2019\/01\/sonoraenequipo_opt.png","width":375,"height":125,"caption":"Sonoraenequipo.com.mx"},"image":{"@id":"https:\/\/www.sonoraenequipo.com.mx\/#\/schema\/logo\/image\/"},"sameAs":["https:\/\/www.facebook.com\/SonoraEE\/","https:\/\/x.com\/sonoraenequipo","https:\/\/www.youtube.com\/channel\/UC338nW-lPEYmJQs4ZABQ1SQ"]},{"@type":"Person","@id":"https:\/\/www.sonoraenequipo.com.mx\/#\/schema\/person\/50102df0fb23a8fa9e8effad8fa81386","name":"enequipo","image":{"@type":"ImageObject","inLanguage":"es","@id":"https:\/\/www.sonoraenequipo.com.mx\/#\/schema\/person\/image\/","url":"https:\/\/secure.gravatar.com\/avatar\/049821681b589dabc0bc20695993ccebb09f5b5d4d790cd9251b97faac7c652b?s=96&d=blank&r=g","contentUrl":"https:\/\/secure.gravatar.com\/avatar\/049821681b589dabc0bc20695993ccebb09f5b5d4d790cd9251b97faac7c652b?s=96&d=blank&r=g","caption":"enequipo"},"sameAs":["https:\/\/www.facebook.com\/SonoraEE"]}]}},"jetpack_featured_media_url":"https:\/\/www.sonoraenequipo.com.mx\/storage\/2026\/09\/desplazados.jpg","_links":{"self":[{"href":"https:\/\/www.sonoraenequipo.com.mx\/api\/wp\/v2\/posts\/251538","targetHints":{"allow":["GET"]}}],"collection":[{"href":"https:\/\/www.sonoraenequipo.com.mx\/api\/wp\/v2\/posts"}],"about":[{"href":"https:\/\/www.sonoraenequipo.com.mx\/api\/wp\/v2\/types\/post"}],"author":[{"embeddable":true,"href":"https:\/\/www.sonoraenequipo.com.mx\/api\/wp\/v2\/users\/1"}],"replies":[{"embeddable":true,"href":"https:\/\/www.sonoraenequipo.com.mx\/api\/wp\/v2\/comments?post=251538"}],"version-history":[{"count":1,"href":"https:\/\/www.sonoraenequipo.com.mx\/api\/wp\/v2\/posts\/251538\/revisions"}],"predecessor-version":[{"id":251541,"href":"https:\/\/www.sonoraenequipo.com.mx\/api\/wp\/v2\/posts\/251538\/revisions\/251541"}],"wp:featuredmedia":[{"embeddable":true,"href":"https:\/\/www.sonoraenequipo.com.mx\/api\/wp\/v2\/media\/251540"}],"wp:attachment":[{"href":"https:\/\/www.sonoraenequipo.com.mx\/api\/wp\/v2\/media?parent=251538"}],"wp:term":[{"taxonomy":"category","embeddable":true,"href":"https:\/\/www.sonoraenequipo.com.mx\/api\/wp\/v2\/categories?post=251538"},{"taxonomy":"post_tag","embeddable":true,"href":"https:\/\/www.sonoraenequipo.com.mx\/api\/wp\/v2\/tags?post=251538"}],"curies":[{"name":"wp","href":"https:\/\/api.w.org\/{rel}","templated":true}]}}