{"id":251551,"date":"2026-09-04T12:13:41","date_gmt":"2026-09-04T19:13:41","guid":{"rendered":"https:\/\/www.sonoraenequipo.com.mx\/?p=251551"},"modified":"2026-09-04T12:13:41","modified_gmt":"2026-09-04T19:13:41","slug":"regresa-dogo-fest-este-domingo-para-celebrar-el-sabor-de-hermosillo","status":"publish","type":"post","link":"https:\/\/www.sonoraenequipo.com.mx\/regresa-dogo-fest-este-domingo-para-celebrar-el-sabor-de-hermosillo\/","title":{"rendered":"Regresa Dogo Fest este domingo para celebrar el sabor de Hermosillo"},"content":{"rendered":"<p><strong>HERMOSILLO, SONORA, MX. \u2014<\/strong> Este domingo 6 de septiembre, Hermosillo vivir\u00e1 la tercera edici\u00f3n del Dogo Fest de V\u00edactiva, un encuentro gastron\u00f3mico que reunir\u00e1 a m\u00e1s de 30 carretas para celebrar uno de los platillos m\u00e1s emblem\u00e1ticos de la ciudad, anunci\u00f3 Fernanda Cisneros Rodr\u00edguez, directora de Desarrollo Tur\u00edstico Municipal.<\/p>\n<p>&nbsp;<\/p>\n<p>La actividad, impulsada por el Gobierno Municipal encabezado por el presidente Antonio Astiazar\u00e1n Guti\u00e9rrez, busca reconocer a quienes mantienen viva la tradici\u00f3n de los hot dogs y fortalecer la oferta tur\u00edstica y gastron\u00f3mica de Hermosillo.<\/p>\n<p>&nbsp;<\/p>\n<p>La directora de Desarrollo Tur\u00edstico Municipal, Fernanda Cisneros, invit\u00f3 a las familias a disfrutar este domingo de una jornada con ambiente familiar, m\u00fasica en vivo, din\u00e1micas, concursos y diferentes propuestas gastron\u00f3micas en el Centro Hist\u00f3rico.<\/p>\n<p>&nbsp;<\/p>\n<p>El Dogo Fest se realizar\u00e1 de 18:00 a 23:00 horas, en el bulevar Miguel Hidalgo, esquina con Comonfort, donde se espera la participaci\u00f3n de m\u00e1s de 30 carretas y una asistencia aproximada de 10 mil personas.<\/p>\n<p>&nbsp;<\/p>\n<p>Durante el encuentro, jueces especializados evaluar\u00e1n a ciegas el sabor de los dogos participantes, mientras creadores de contenido y un juez ciudadano calificar\u00e1n la creatividad de las preparaciones para elegir al Mejor Dogo de la H y al Dogo m\u00e1s Creativo de la H.<\/p>\n<p>&nbsp;<\/p>\n<p>Como parte de las actividades, la Universidad Durango Santander (UDS) elaborar\u00e1 el Dogo m\u00e1s grande de la H, con una longitud de 60 metros, adem\u00e1s de realizarse el Dogo Challenge, el Compa Challenge y exhibiciones de boxeo para complementar la experiencia de los asistentes.<\/p>\n<p>&nbsp;<\/p>\n<p>Los ganadores de las principales categor\u00edas recibir\u00e1n, adem\u00e1s de sus reconocimientos, un vale de consumo por 10 mil pesos en marcas seleccionadas de CY Alimentos, mientras que quienes obtengan el Mejor Dogo de la H tendr\u00e1n un espacio gratuito en el quinto Festival del Globo.<\/p>\n<p>&nbsp;<\/p>\n<p>Con esta tercera edici\u00f3n, el Gobierno Municipal y la Direcci\u00f3n de Desarrollo Tur\u00edstico refrendan su apuesta por impulsar eventos que fortalezcan la identidad gastron\u00f3mica de Hermosillo, generen convivencia familiar y reconozcan a los negocios locales que forman parte de la tradici\u00f3n del dogo.<\/p>\n<p><strong>Fecha de publicaci\u00f3n viernes 4 de septiembre de 2026<\/strong><\/p>\n","protected":false},"excerpt":{"rendered":"<p>HERMOSILLO, SONORA, MX. \u2014 Este domingo 6 de septiembre, Hermosillo vivir\u00e1 la tercera edici\u00f3n del&#8230;<\/p>\n","protected":false},"author":1,"featured_media":218331,"comment_status":"open","ping_status":"open","sticky":false,"template":"","format":"standard","meta":{"_monsterinsights_skip_tracking":false,"_monsterinsights_sitenote_active":false,"_monsterinsights_sitenote_note":"","_monsterinsights_sitenote_category":0,"footnotes":""},"categories":[4],"tags":[10300],"class_list":["post"],"yoast_head":" \n<title>Sonora en Equipo. Regresa Dogo Fest este domingo para celebrar el sabor de Hermosillo Municipios<\/title>\n<meta name=\"description\" content=\"HERMOSILLO, SONORA, MX. \u2014 Este domingo 6 de septiembre, Hermosillo vivir\u00e1 la tercera edici\u00f3n del Dogo Fest de V\u00edactiva, un encuentro gastron\u00f3mico que En Sonora en Equipo publicamos toda la informaci\u00f3n de Sonora, M\u00e9xico y el Mundo de manera oportuna y busca que la libertad de expresi\u00f3n sea real. Visita nuestro medio informativo publicado desde Hermosillo, Sonora. %\" \/>\n<meta name=\"robots\" content=\"index, follow, max-snippet:-1, max-image-preview:large, max-video-preview:-1\" \/>\n<link rel=\"canonical\" href=\"https:\/\/www.sonoraenequipo.com.mx\/regresa-dogo-fest-este-domingo-para-celebrar-el-sabor-de-hermosillo\/\" \/>\n<meta property=\"og:locale\" content=\"es_ES\" \/>\n<meta property=\"og:type\" content=\"article\" \/>\n<meta property=\"og:title\" content=\"Sonora en Equipo. Regresa Dogo Fest este domingo para celebrar el sabor de Hermosillo Municipios\" \/>\n<meta property=\"og:description\" content=\"HERMOSILLO, SONORA, MX. \u2014 Este domingo 6 de septiembre, Hermosillo vivir\u00e1 la tercera edici\u00f3n del Dogo Fest de V\u00edactiva, un encuentro gastron\u00f3mico que En Sonora en Equipo publicamos toda la informaci\u00f3n de Sonora, M\u00e9xico y el Mundo de manera oportuna y busca que la libertad de expresi\u00f3n sea real. Visita nuestro medio informativo publicado desde Hermosillo, Sonora. %\" \/>\n<meta property=\"og:url\" content=\"https:\/\/www.sonoraenequipo.com.mx\/regresa-dogo-fest-este-domingo-para-celebrar-el-sabor-de-hermosillo\/\" \/>\n<meta property=\"og:site_name\" content=\"Sonora en Equipo.\" \/>\n<meta property=\"article:publisher\" content=\"https:\/\/www.facebook.com\/SonoraEE\/\" \/>\n<meta property=\"article:author\" content=\"https:\/\/www.facebook.com\/SonoraEE\" \/>\n<meta property=\"article:published_time\" content=\"2026-09-04T19:13:41+00:00\" \/>\n<meta property=\"og:image\" content=\"https:\/\/www.sonoraenequipo.com.mx\/storage\/2025\/06\/dogo-fest-1.jpg\" \/>\n\t<meta property=\"og:image:width\" content=\"600\" \/>\n\t<meta property=\"og:image:height\" content=\"400\" \/>\n\t<meta property=\"og:image:type\" content=\"image\/jpeg\" \/>\n<meta name=\"author\" content=\"enequipo\" \/>\n<meta name=\"twitter:card\" content=\"summary_large_image\" \/>\n<meta name=\"twitter:creator\" content=\"@sonoraenequipo\" \/>\n<meta name=\"twitter:site\" content=\"@sonoraenequipo\" \/>\n<meta name=\"twitter:label1\" content=\"Escrito por\" \/>\n\t<meta name=\"twitter:data1\" content=\"enequipo\" \/>\n\t<meta name=\"twitter:label2\" content=\"Tiempo de lectura\" \/>\n\t<meta name=\"twitter:data2\" content=\"2 minutos\" \/>\n<script type=\"application\/ld+json\" class=\"yoast-schema-graph\">{\"@context\":\"https:\/\/schema.org\",\"@graph\":[{\"@type\":\"Article\",\"@id\":\"https:\/\/www.sonoraenequipo.com.mx\/regresa-dogo-fest-este-domingo-para-celebrar-el-sabor-de-hermosillo\/#article\",\"isPartOf\":{\"@id\":\"https:\/\/www.sonoraenequipo.com.mx\/regresa-dogo-fest-este-domingo-para-celebrar-el-sabor-de-hermosillo\/\"},\"author\":{\"name\":\"enequipo\",\"@id\":\"https:\/\/www.sonoraenequipo.com.mx\/#\/schema\/person\/50102df0fb23a8fa9e8effad8fa81386\"},\"headline\":\"Regresa Dogo Fest este domingo para celebrar el sabor de Hermosillo\",\"datePublished\":\"2026-09-04T19:13:41+00:00\",\"mainEntityOfPage\":{\"@id\":\"https:\/\/www.sonoraenequipo.com.mx\/regresa-dogo-fest-este-domingo-para-celebrar-el-sabor-de-hermosillo\/\"},\"wordCount\":382,\"commentCount\":0,\"publisher\":{\"@id\":\"https:\/\/www.sonoraenequipo.com.mx\/#organization\"},\"image\":{\"@id\":\"https:\/\/www.sonoraenequipo.com.mx\/regresa-dogo-fest-este-domingo-para-celebrar-el-sabor-de-hermosillo\/#primaryimage\"},\"thumbnailUrl\":\"https:\/\/www.sonoraenequipo.com.mx\/storage\/2025\/06\/dogo-fest-1.jpg\",\"keywords\":[\"dogo fest\"],\"articleSection\":[\"Municipios\"],\"inLanguage\":\"es\",\"potentialAction\":[{\"@type\":\"CommentAction\",\"name\":\"Comment\",\"target\":[\"https:\/\/www.sonoraenequipo.com.mx\/regresa-dogo-fest-este-domingo-para-celebrar-el-sabor-de-hermosillo\/#respond\"]}]},{\"@type\":\"WebPage\",\"@id\":\"https:\/\/www.sonoraenequipo.com.mx\/regresa-dogo-fest-este-domingo-para-celebrar-el-sabor-de-hermosillo\/\",\"url\":\"https:\/\/www.sonoraenequipo.com.mx\/regresa-dogo-fest-este-domingo-para-celebrar-el-sabor-de-hermosillo\/\",\"name\":\"Sonora en Equipo. Regresa Dogo Fest este domingo para celebrar el sabor de Hermosillo Municipios\",\"isPartOf\":{\"@id\":\"https:\/\/www.sonoraenequipo.com.mx\/#website\"},\"primaryImageOfPage\":{\"@id\":\"https:\/\/www.sonoraenequipo.com.mx\/regresa-dogo-fest-este-domingo-para-celebrar-el-sabor-de-hermosillo\/#primaryimage\"},\"image\":{\"@id\":\"https:\/\/www.sonoraenequipo.com.mx\/regresa-dogo-fest-este-domingo-para-celebrar-el-sabor-de-hermosillo\/#primaryimage\"},\"thumbnailUrl\":\"https:\/\/www.sonoraenequipo.com.mx\/storage\/2025\/06\/dogo-fest-1.jpg\",\"datePublished\":\"2026-09-04T19:13:41+00:00\",\"description\":\"HERMOSILLO, SONORA, MX. \u2014 Este domingo 6 de septiembre, Hermosillo vivir\u00e1 la tercera edici\u00f3n del Dogo Fest de V\u00edactiva, un encuentro gastron\u00f3mico que En Sonora en Equipo publicamos toda la informaci\u00f3n de Sonora, M\u00e9xico y el Mundo de manera oportuna y busca que la libertad de expresi\u00f3n sea real. Visita nuestro medio informativo publicado desde Hermosillo, Sonora. %\",\"breadcrumb\":{\"@id\":\"https:\/\/www.sonoraenequipo.com.mx\/regresa-dogo-fest-este-domingo-para-celebrar-el-sabor-de-hermosillo\/#breadcrumb\"},\"inLanguage\":\"es\",\"potentialAction\":[{\"@type\":\"ReadAction\",\"target\":[\"https:\/\/www.sonoraenequipo.com.mx\/regresa-dogo-fest-este-domingo-para-celebrar-el-sabor-de-hermosillo\/\"]}]},{\"@type\":\"ImageObject\",\"inLanguage\":\"es\",\"@id\":\"https:\/\/www.sonoraenequipo.com.mx\/regresa-dogo-fest-este-domingo-para-celebrar-el-sabor-de-hermosillo\/#primaryimage\",\"url\":\"https:\/\/www.sonoraenequipo.com.mx\/storage\/2025\/06\/dogo-fest-1.jpg\",\"contentUrl\":\"https:\/\/www.sonoraenequipo.com.mx\/storage\/2025\/06\/dogo-fest-1.jpg\",\"width\":600,\"height\":400,\"caption\":\"Imagen de archivo\"},{\"@type\":\"BreadcrumbList\",\"@id\":\"https:\/\/www.sonoraenequipo.com.mx\/regresa-dogo-fest-este-domingo-para-celebrar-el-sabor-de-hermosillo\/#breadcrumb\",\"itemListElement\":[{\"@type\":\"ListItem\",\"position\":1,\"name\":\"Portada\",\"item\":\"https:\/\/www.sonoraenequipo.com.mx\/\"},{\"@type\":\"ListItem\",\"position\":2,\"name\":\"Regresa Dogo Fest este domingo para celebrar el sabor de Hermosillo\"}]},{\"@type\":\"WebSite\",\"@id\":\"https:\/\/www.sonoraenequipo.com.mx\/#website\",\"url\":\"https:\/\/www.sonoraenequipo.com.mx\/\",\"name\":\"Sonora en Equipo.\",\"description\":\"Diario en l\u00ednea con Noticias desde Hermosillo, Sonora\",\"publisher\":{\"@id\":\"https:\/\/www.sonoraenequipo.com.mx\/#organization\"},\"potentialAction\":[{\"@type\":\"SearchAction\",\"target\":{\"@type\":\"EntryPoint\",\"urlTemplate\":\"https:\/\/www.sonoraenequipo.com.mx\/?s={search_term_string}\"},\"query-input\":{\"@type\":\"PropertyValueSpecification\",\"valueRequired\":true,\"valueName\":\"search_term_string\"}}],\"inLanguage\":\"es\"},{\"@type\":\"Organization\",\"@id\":\"https:\/\/www.sonoraenequipo.com.mx\/#organization\",\"name\":\"Sonoraenequipo.com.mx\",\"url\":\"https:\/\/www.sonoraenequipo.com.mx\/\",\"logo\":{\"@type\":\"ImageObject\",\"inLanguage\":\"es\",\"@id\":\"https:\/\/www.sonoraenequipo.com.mx\/#\/schema\/logo\/image\/\",\"url\":\"https:\/\/www.sonoraenequipo.com.mx\/storage\/2019\/01\/sonoraenequipo_opt.png\",\"contentUrl\":\"https:\/\/www.sonoraenequipo.com.mx\/storage\/2019\/01\/sonoraenequipo_opt.png\",\"width\":375,\"height\":125,\"caption\":\"Sonoraenequipo.com.mx\"},\"image\":{\"@id\":\"https:\/\/www.sonoraenequipo.com.mx\/#\/schema\/logo\/image\/\"},\"sameAs\":[\"https:\/\/www.facebook.com\/SonoraEE\/\",\"https:\/\/x.com\/sonoraenequipo\",\"https:\/\/www.youtube.com\/channel\/UC338nW-lPEYmJQs4ZABQ1SQ\"]},{\"@type\":\"Person\",\"@id\":\"https:\/\/www.sonoraenequipo.com.mx\/#\/schema\/person\/50102df0fb23a8fa9e8effad8fa81386\",\"name\":\"enequipo\",\"image\":{\"@type\":\"ImageObject\",\"inLanguage\":\"es\",\"@id\":\"https:\/\/www.sonoraenequipo.com.mx\/#\/schema\/person\/image\/\",\"url\":\"https:\/\/secure.gravatar.com\/avatar\/049821681b589dabc0bc20695993ccebb09f5b5d4d790cd9251b97faac7c652b?s=96&d=blank&r=g\",\"contentUrl\":\"https:\/\/secure.gravatar.com\/avatar\/049821681b589dabc0bc20695993ccebb09f5b5d4d790cd9251b97faac7c652b?s=96&d=blank&r=g\",\"caption\":\"enequipo\"},\"sameAs\":[\"https:\/\/www.facebook.com\/SonoraEE\"]}]}<\/script>\n ","yoast_head_json":{"title":"Sonora en Equipo. Regresa Dogo Fest este domingo para celebrar el sabor de Hermosillo Municipios","description":"HERMOSILLO, SONORA, MX. \u2014 Este domingo 6 de septiembre, Hermosillo vivir\u00e1 la tercera edici\u00f3n del Dogo Fest de V\u00edactiva, un encuentro gastron\u00f3mico que En Sonora en Equipo publicamos toda la informaci\u00f3n de Sonora, M\u00e9xico y el Mundo de manera oportuna y busca que la libertad de expresi\u00f3n sea real. Visita nuestro medio informativo publicado desde Hermosillo, Sonora. %","robots":{"index":"index","follow":"follow","max-snippet":"max-snippet:-1","max-image-preview":"max-image-preview:large","max-video-preview":"max-video-preview:-1"},"canonical":"https:\/\/www.sonoraenequipo.com.mx\/regresa-dogo-fest-este-domingo-para-celebrar-el-sabor-de-hermosillo\/","og_locale":"es_ES","og_type":"article","og_title":"Sonora en Equipo. Regresa Dogo Fest este domingo para celebrar el sabor de Hermosillo Municipios","og_description":"HERMOSILLO, SONORA, MX. \u2014 Este domingo 6 de septiembre, Hermosillo vivir\u00e1 la tercera edici\u00f3n del Dogo Fest de V\u00edactiva, un encuentro gastron\u00f3mico que En Sonora en Equipo publicamos toda la informaci\u00f3n de Sonora, M\u00e9xico y el Mundo de manera oportuna y busca que la libertad de expresi\u00f3n sea real. Visita nuestro medio informativo publicado desde Hermosillo, Sonora. %","og_url":"https:\/\/www.sonoraenequipo.com.mx\/regresa-dogo-fest-este-domingo-para-celebrar-el-sabor-de-hermosillo\/","og_site_name":"Sonora en Equipo.","article_publisher":"https:\/\/www.facebook.com\/SonoraEE\/","article_author":"https:\/\/www.facebook.com\/SonoraEE","article_published_time":"2026-09-04T19:13:41+00:00","og_image":[{"width":600,"height":400,"url":"https:\/\/www.sonoraenequipo.com.mx\/storage\/2025\/06\/dogo-fest-1.jpg","type":"image\/jpeg"}],"author":"enequipo","twitter_card":"summary_large_image","twitter_creator":"@sonoraenequipo","twitter_site":"@sonoraenequipo","twitter_misc":{"Escrito por":"enequipo","Tiempo de lectura":"2 minutos"},"schema":{"@context":"https:\/\/schema.org","@graph":[{"@type":"Article","@id":"https:\/\/www.sonoraenequipo.com.mx\/regresa-dogo-fest-este-domingo-para-celebrar-el-sabor-de-hermosillo\/#article","isPartOf":{"@id":"https:\/\/www.sonoraenequipo.com.mx\/regresa-dogo-fest-este-domingo-para-celebrar-el-sabor-de-hermosillo\/"},"author":{"name":"enequipo","@id":"https:\/\/www.sonoraenequipo.com.mx\/#\/schema\/person\/50102df0fb23a8fa9e8effad8fa81386"},"headline":"Regresa Dogo Fest este domingo para celebrar el sabor de Hermosillo","datePublished":"2026-09-04T19:13:41+00:00","mainEntityOfPage":{"@id":"https:\/\/www.sonoraenequipo.com.mx\/regresa-dogo-fest-este-domingo-para-celebrar-el-sabor-de-hermosillo\/"},"wordCount":382,"commentCount":0,"publisher":{"@id":"https:\/\/www.sonoraenequipo.com.mx\/#organization"},"image":{"@id":"https:\/\/www.sonoraenequipo.com.mx\/regresa-dogo-fest-este-domingo-para-celebrar-el-sabor-de-hermosillo\/#primaryimage"},"thumbnailUrl":"https:\/\/www.sonoraenequipo.com.mx\/storage\/2025\/06\/dogo-fest-1.jpg","keywords":["dogo fest"],"articleSection":["Municipios"],"inLanguage":"es","potentialAction":[{"@type":"CommentAction","name":"Comment","target":["https:\/\/www.sonoraenequipo.com.mx\/regresa-dogo-fest-este-domingo-para-celebrar-el-sabor-de-hermosillo\/#respond"]}]},{"@type":"WebPage","@id":"https:\/\/www.sonoraenequipo.com.mx\/regresa-dogo-fest-este-domingo-para-celebrar-el-sabor-de-hermosillo\/","url":"https:\/\/www.sonoraenequipo.com.mx\/regresa-dogo-fest-este-domingo-para-celebrar-el-sabor-de-hermosillo\/","name":"Sonora en Equipo. Regresa Dogo Fest este domingo para celebrar el sabor de Hermosillo Municipios","isPartOf":{"@id":"https:\/\/www.sonoraenequipo.com.mx\/#website"},"primaryImageOfPage":{"@id":"https:\/\/www.sonoraenequipo.com.mx\/regresa-dogo-fest-este-domingo-para-celebrar-el-sabor-de-hermosillo\/#primaryimage"},"image":{"@id":"https:\/\/www.sonoraenequipo.com.mx\/regresa-dogo-fest-este-domingo-para-celebrar-el-sabor-de-hermosillo\/#primaryimage"},"thumbnailUrl":"https:\/\/www.sonoraenequipo.com.mx\/storage\/2025\/06\/dogo-fest-1.jpg","datePublished":"2026-09-04T19:13:41+00:00","description":"HERMOSILLO, SONORA, MX. \u2014 Este domingo 6 de septiembre, Hermosillo vivir\u00e1 la tercera edici\u00f3n del Dogo Fest de V\u00edactiva, un encuentro gastron\u00f3mico que En Sonora en Equipo publicamos toda la informaci\u00f3n de Sonora, M\u00e9xico y el Mundo de manera oportuna y busca que la libertad de expresi\u00f3n sea real. Visita nuestro medio informativo publicado desde Hermosillo, Sonora. %","breadcrumb":{"@id":"https:\/\/www.sonoraenequipo.com.mx\/regresa-dogo-fest-este-domingo-para-celebrar-el-sabor-de-hermosillo\/#breadcrumb"},"inLanguage":"es","potentialAction":[{"@type":"ReadAction","target":["https:\/\/www.sonoraenequipo.com.mx\/regresa-dogo-fest-este-domingo-para-celebrar-el-sabor-de-hermosillo\/"]}]},{"@type":"ImageObject","inLanguage":"es","@id":"https:\/\/www.sonoraenequipo.com.mx\/regresa-dogo-fest-este-domingo-para-celebrar-el-sabor-de-hermosillo\/#primaryimage","url":"https:\/\/www.sonoraenequipo.com.mx\/storage\/2025\/06\/dogo-fest-1.jpg","contentUrl":"https:\/\/www.sonoraenequipo.com.mx\/storage\/2025\/06\/dogo-fest-1.jpg","width":600,"height":400,"caption":"Imagen de archivo"},{"@type":"BreadcrumbList","@id":"https:\/\/www.sonoraenequipo.com.mx\/regresa-dogo-fest-este-domingo-para-celebrar-el-sabor-de-hermosillo\/#breadcrumb","itemListElement":[{"@type":"ListItem","position":1,"name":"Portada","item":"https:\/\/www.sonoraenequipo.com.mx\/"},{"@type":"ListItem","position":2,"name":"Regresa Dogo Fest este domingo para celebrar el sabor de Hermosillo"}]},{"@type":"WebSite","@id":"https:\/\/www.sonoraenequipo.com.mx\/#website","url":"https:\/\/www.sonoraenequipo.com.mx\/","name":"Sonora en Equipo.","description":"Diario en l\u00ednea con Noticias desde Hermosillo, Sonora","publisher":{"@id":"https:\/\/www.sonoraenequipo.com.mx\/#organization"},"potentialAction":[{"@type":"SearchAction","target":{"@type":"EntryPoint","urlTemplate":"https:\/\/www.sonoraenequipo.com.mx\/?s={search_term_string}"},"query-input":{"@type":"PropertyValueSpecification","valueRequired":true,"valueName":"search_term_string"}}],"inLanguage":"es"},{"@type":"Organization","@id":"https:\/\/www.sonoraenequipo.com.mx\/#organization","name":"Sonoraenequipo.com.mx","url":"https:\/\/www.sonoraenequipo.com.mx\/","logo":{"@type":"ImageObject","inLanguage":"es","@id":"https:\/\/www.sonoraenequipo.com.mx\/#\/schema\/logo\/image\/","url":"https:\/\/www.sonoraenequipo.com.mx\/storage\/2019\/01\/sonoraenequipo_opt.png","contentUrl":"https:\/\/www.sonoraenequipo.com.mx\/storage\/2019\/01\/sonoraenequipo_opt.png","width":375,"height":125,"caption":"Sonoraenequipo.com.mx"},"image":{"@id":"https:\/\/www.sonoraenequipo.com.mx\/#\/schema\/logo\/image\/"},"sameAs":["https:\/\/www.facebook.com\/SonoraEE\/","https:\/\/x.com\/sonoraenequipo","https:\/\/www.youtube.com\/channel\/UC338nW-lPEYmJQs4ZABQ1SQ"]},{"@type":"Person","@id":"https:\/\/www.sonoraenequipo.com.mx\/#\/schema\/person\/50102df0fb23a8fa9e8effad8fa81386","name":"enequipo","image":{"@type":"ImageObject","inLanguage":"es","@id":"https:\/\/www.sonoraenequipo.com.mx\/#\/schema\/person\/image\/","url":"https:\/\/secure.gravatar.com\/avatar\/049821681b589dabc0bc20695993ccebb09f5b5d4d790cd9251b97faac7c652b?s=96&d=blank&r=g","contentUrl":"https:\/\/secure.gravatar.com\/avatar\/049821681b589dabc0bc20695993ccebb09f5b5d4d790cd9251b97faac7c652b?s=96&d=blank&r=g","caption":"enequipo"},"sameAs":["https:\/\/www.facebook.com\/SonoraEE"]}]}},"jetpack_featured_media_url":"https:\/\/www.sonoraenequipo.com.mx\/storage\/2025\/06\/dogo-fest-1.jpg","_links":{"self":[{"href":"https:\/\/www.sonoraenequipo.com.mx\/api\/wp\/v2\/posts\/251551","targetHints":{"allow":["GET"]}}],"collection":[{"href":"https:\/\/www.sonoraenequipo.com.mx\/api\/wp\/v2\/posts"}],"about":[{"href":"https:\/\/www.sonoraenequipo.com.mx\/api\/wp\/v2\/types\/post"}],"author":[{"embeddable":true,"href":"https:\/\/www.sonoraenequipo.com.mx\/api\/wp\/v2\/users\/1"}],"replies":[{"embeddable":true,"href":"https:\/\/www.sonoraenequipo.com.mx\/api\/wp\/v2\/comments?post=251551"}],"version-history":[{"count":1,"href":"https:\/\/www.sonoraenequipo.com.mx\/api\/wp\/v2\/posts\/251551\/revisions"}],"predecessor-version":[{"id":251553,"href":"https:\/\/www.sonoraenequipo.com.mx\/api\/wp\/v2\/posts\/251551\/revisions\/251553"}],"wp:featuredmedia":[{"embeddable":true,"href":"https:\/\/www.sonoraenequipo.com.mx\/api\/wp\/v2\/media\/218331"}],"wp:attachment":[{"href":"https:\/\/www.sonoraenequipo.com.mx\/api\/wp\/v2\/media?parent=251551"}],"wp:term":[{"taxonomy":"category","embeddable":true,"href":"https:\/\/www.sonoraenequipo.com.mx\/api\/wp\/v2\/categories?post=251551"},{"taxonomy":"post_tag","embeddable":true,"href":"https:\/\/www.sonoraenequipo.com.mx\/api\/wp\/v2\/tags?post=251551"}],"curies":[{"name":"wp","href":"https:\/\/api.w.org\/{rel}","templated":true}]}}