{"id":251560,"date":"2026-09-04T12:39:51","date_gmt":"2026-09-04T19:39:51","guid":{"rendered":"https:\/\/www.sonoraenequipo.com.mx\/?p=251560"},"modified":"2026-09-04T12:39:51","modified_gmt":"2026-09-04T19:39:51","slug":"empresario-mexicano-se-suma-al-grupo-propietario-de-los-seattle-seahawks","status":"publish","type":"post","link":"https:\/\/www.sonoraenequipo.com.mx\/empresario-mexicano-se-suma-al-grupo-propietario-de-los-seattle-seahawks\/","title":{"rendered":"Empresario mexicano se suma al grupo propietario de los Seattle Seahawks"},"content":{"rendered":"<p>&nbsp;<\/p>\n<p>&nbsp;<\/p>\n<p>&nbsp;<\/p>\n<p><strong>CIUDAD DE M\u00c9XICO, MX. \u2014<\/strong> El empresario mexicano, Gonzalo Hevia Baill\u00e8res, fundador de la firma de inversi\u00f3n HBeyond, se ha unido al grupo propietario del equipo Seattle Seahawks de la NFL, vigentes campeones del Super Bowl LX.<\/p>\n<p>&nbsp;<\/p>\n<p>&nbsp;<\/p>\n<p>&nbsp;<\/p>\n<p>HBeyond es una firma de inversi\u00f3n liderada por su fundador que crea e invierte en los negocios que definen su \u00e9poca. Con esta inversi\u00f3n, Hevia Baill\u00e8res se convierte en uno de los primeros inversionistas mexicanos en tener participaci\u00f3n en una franquicia de la NFL, y en uno de los pocos propietarios internacionales, lo que refleja el creciente alcance internacional del f\u00fatbol americano y la naturaleza global de la liga.<\/p>\n<p>&nbsp;<\/p>\n<p>&nbsp;<\/p>\n<p>&nbsp;<\/p>\n<p>Los Seahawks son una de las franquicias m\u00e1s importantes del deporte a nivel mundial. Construidos sobre un liderazgo excepcional y una tradici\u00f3n ganadora, se han mantenido a la vanguardia de la NFL durante d\u00e9cadas. Combinan un linaje de campeones con la afici\u00f3n m\u00e1s apasionada del deporte y una reputaci\u00f3n que trasciende el campo de juego.<\/p>\n<p>&nbsp;<\/p>\n<p>&nbsp;<\/p>\n<p>&nbsp;<\/p>\n<p>Hevia Baill\u00e8res se une a un grupo propietario liderado por la familia Khosla, junto con empresarios, inversionistas y l\u00edderes empresariales de gran prestigio internacional.<\/p>\n<p>&nbsp;<\/p>\n<p>&nbsp;<\/p>\n<p>&nbsp;<\/p>\n<p>Gonzalo Hevia Baill\u00e8res coment\u00f3:\u00bbNo podr\u00eda estar m\u00e1s orgulloso de que nos hayamos unido al grupo propietario de los Seattle Seahawks.<\/p>\n<p>&nbsp;<\/p>\n<p>&nbsp;<\/p>\n<p>\u00abLos Seahawks son una franquicia de clase mundial. Son campeones dentro del campo, l\u00edderes fuera de \u00e9l, y cuentan con la mejor afici\u00f3n del f\u00fatbol americano. Compartir con ellos este nuevo cap\u00edtulo es un sue\u00f1o hecho realidad, y me siento honrado y agradecido.<\/p>\n<p>&nbsp;<\/p>\n<p>\u00abA la organizaci\u00f3n de los Seahawks, a nuestros socios en el grupo propietario y, sobre todo, a los 12s: estamos aqu\u00ed para quedarnos y estamos aqu\u00ed para ganar.\u00bb<\/p>\n<p>&nbsp;<\/p>\n<p>Qui\u00e9n es \u00a0Gonzalo Hevia Baill\u00e8res<\/p>\n<p>es emprendedor e inversionista, y fundador de H Beyond.<\/p>\n<p>Gonzalo construy\u00f3 sus primeros negocios de manera independiente al grupo empresarial de su familia. A los 23 a\u00f1os fund\u00f3 un venture builder enfocado en fintech y financiamiento para peque\u00f1as empresas, desde el cual lider\u00f3 12 compa\u00f1\u00edas y un equipo de m\u00e1s de 120 personas. Posteriormente, estos negocios fueron adquiridos por Santander y otras instituciones bancarias l\u00edderes de la regi\u00f3n.<\/p>\n<p>M\u00e1s adelante fund\u00f3 INSAITE, una empresa de inteligencia artificial que fue adquirida por el principal inversionista de una importante compa\u00f1\u00eda de software, as\u00ed como Lok, una empresa de log\u00edstica habilitada por tecnolog\u00eda que alcanz\u00f3 una valuaci\u00f3n de 115 millones de d\u00f3lares antes de fusionarse con Chazki para crear una de las principales plataformas de \u00faltima milla en Am\u00e9rica Latina.<\/p>\n<p>&nbsp;<\/p>\n<p>&nbsp;<\/p>\n<p>&nbsp;<\/p>\n<p>Tras el fallecimiento de su abuelo, Alberto Baill\u00e8res, uno de los industriales m\u00e1s reconocidos de M\u00e9xico, Gonzalo separ\u00f3 sus inversiones del grupo empresarial familiar para construir HBeyond.<\/p>\n<p>&nbsp;<\/p>\n<p>&nbsp;<\/p>\n<p>&nbsp;<\/p>\n<p>De las generaciones de construcci\u00f3n institucional dentro de su familia, Gonzalo hereda principios de propiedad responsable, disciplina, integridad y permanencia. Su trayectoria de innovaci\u00f3n y ambici\u00f3n, sin embargo, la ha construido por cuenta propia.<\/p>\n<p>&nbsp;<\/p>\n<p>&nbsp;<\/p>\n<p>&nbsp;<\/p>\n<p>Nacido en la Ciudad de M\u00e9xico y criado en Miami, Gonzalo se form\u00f3 acad\u00e9micamente en Estados Unidos, Suiza y M\u00e9xico. Estudi\u00f3 Econom\u00eda en el ITAM (Instituto Tecnol\u00f3gico Aut\u00f3nomo de M\u00e9xico) antes de dejar la universidad para construir su primera empresa.<\/p>\n<p><strong>Fecha de publicaci\u00f3n viernes 4 de septiembre de 2026<\/strong><\/p>\n<p>&nbsp;<\/p>\n","protected":false},"excerpt":{"rendered":"<p>&nbsp; &nbsp; &nbsp; CIUDAD DE M\u00c9XICO, MX. \u2014 El empresario mexicano, Gonzalo Hevia Baill\u00e8res, fundador&#8230;<\/p>\n","protected":false},"author":1,"featured_media":251561,"comment_status":"open","ping_status":"open","sticky":false,"template":"","format":"standard","meta":{"_monsterinsights_skip_tracking":false,"_monsterinsights_sitenote_active":false,"_monsterinsights_sitenote_note":"","_monsterinsights_sitenote_category":0,"footnotes":""},"categories":[6493],"tags":[13052,13051],"class_list":["post"],"yoast_head":" \n<title>Sonora en Equipo. Empresario mexicano se suma al grupo propietario de los Seattle Seahawks PALABRAS Y N\u00daMEROS<\/title>\n<meta name=\"description\" content=\"&nbsp; &nbsp; &nbsp; CIUDAD DE M\u00c9XICO, MX. \u2014 El empresario mexicano, Gonzalo Hevia Baill\u00e8res, fundador de la firma de inversi\u00f3n HBeyond, se ha unido al En Sonora en Equipo publicamos toda la informaci\u00f3n de Sonora, M\u00e9xico y el Mundo de manera oportuna y busca que la libertad de expresi\u00f3n sea real. Visita nuestro medio informativo publicado desde Hermosillo, Sonora. %\" \/>\n<meta name=\"robots\" content=\"index, follow, max-snippet:-1, max-image-preview:large, max-video-preview:-1\" \/>\n<link rel=\"canonical\" href=\"https:\/\/www.sonoraenequipo.com.mx\/empresario-mexicano-se-suma-al-grupo-propietario-de-los-seattle-seahawks\/\" \/>\n<meta property=\"og:locale\" content=\"es_ES\" \/>\n<meta property=\"og:type\" content=\"article\" \/>\n<meta property=\"og:title\" content=\"Sonora en Equipo. Empresario mexicano se suma al grupo propietario de los Seattle Seahawks PALABRAS Y N\u00daMEROS\" \/>\n<meta property=\"og:description\" content=\"&nbsp; &nbsp; &nbsp; CIUDAD DE M\u00c9XICO, MX. \u2014 El empresario mexicano, Gonzalo Hevia Baill\u00e8res, fundador de la firma de inversi\u00f3n HBeyond, se ha unido al En Sonora en Equipo publicamos toda la informaci\u00f3n de Sonora, M\u00e9xico y el Mundo de manera oportuna y busca que la libertad de expresi\u00f3n sea real. Visita nuestro medio informativo publicado desde Hermosillo, Sonora. %\" \/>\n<meta property=\"og:url\" content=\"https:\/\/www.sonoraenequipo.com.mx\/empresario-mexicano-se-suma-al-grupo-propietario-de-los-seattle-seahawks\/\" \/>\n<meta property=\"og:site_name\" content=\"Sonora en Equipo.\" \/>\n<meta property=\"article:publisher\" content=\"https:\/\/www.facebook.com\/SonoraEE\/\" \/>\n<meta property=\"article:author\" content=\"https:\/\/www.facebook.com\/SonoraEE\" \/>\n<meta property=\"article:published_time\" content=\"2026-09-04T19:39:51+00:00\" \/>\n<meta property=\"og:image\" content=\"https:\/\/www.sonoraenequipo.com.mx\/storage\/2026\/09\/hevia-bailleres.jpg\" \/>\n\t<meta property=\"og:image:width\" content=\"600\" \/>\n\t<meta property=\"og:image:height\" content=\"400\" \/>\n\t<meta property=\"og:image:type\" content=\"image\/jpeg\" \/>\n<meta name=\"author\" content=\"enequipo\" \/>\n<meta name=\"twitter:card\" content=\"summary_large_image\" \/>\n<meta name=\"twitter:creator\" content=\"@sonoraenequipo\" \/>\n<meta name=\"twitter:site\" content=\"@sonoraenequipo\" \/>\n<meta name=\"twitter:label1\" content=\"Escrito por\" \/>\n\t<meta name=\"twitter:data1\" content=\"enequipo\" \/>\n\t<meta name=\"twitter:label2\" content=\"Tiempo de lectura\" \/>\n\t<meta name=\"twitter:data2\" content=\"3 minutos\" \/>\n<script type=\"application\/ld+json\" class=\"yoast-schema-graph\">{\"@context\":\"https:\/\/schema.org\",\"@graph\":[{\"@type\":\"Article\",\"@id\":\"https:\/\/www.sonoraenequipo.com.mx\/empresario-mexicano-se-suma-al-grupo-propietario-de-los-seattle-seahawks\/#article\",\"isPartOf\":{\"@id\":\"https:\/\/www.sonoraenequipo.com.mx\/empresario-mexicano-se-suma-al-grupo-propietario-de-los-seattle-seahawks\/\"},\"author\":{\"name\":\"enequipo\",\"@id\":\"https:\/\/www.sonoraenequipo.com.mx\/#\/schema\/person\/50102df0fb23a8fa9e8effad8fa81386\"},\"headline\":\"Empresario mexicano se suma al grupo propietario de los Seattle Seahawks\",\"datePublished\":\"2026-09-04T19:39:51+00:00\",\"mainEntityOfPage\":{\"@id\":\"https:\/\/www.sonoraenequipo.com.mx\/empresario-mexicano-se-suma-al-grupo-propietario-de-los-seattle-seahawks\/\"},\"wordCount\":606,\"commentCount\":0,\"publisher\":{\"@id\":\"https:\/\/www.sonoraenequipo.com.mx\/#organization\"},\"image\":{\"@id\":\"https:\/\/www.sonoraenequipo.com.mx\/empresario-mexicano-se-suma-al-grupo-propietario-de-los-seattle-seahawks\/#primaryimage\"},\"thumbnailUrl\":\"https:\/\/www.sonoraenequipo.com.mx\/storage\/2026\/09\/hevia-bailleres.jpg\",\"keywords\":[\"hevia baill\u00e9res\",\"seattle seahawks\"],\"articleSection\":[\"PALABRAS Y N\u00daMEROS\"],\"inLanguage\":\"es\",\"potentialAction\":[{\"@type\":\"CommentAction\",\"name\":\"Comment\",\"target\":[\"https:\/\/www.sonoraenequipo.com.mx\/empresario-mexicano-se-suma-al-grupo-propietario-de-los-seattle-seahawks\/#respond\"]}]},{\"@type\":\"WebPage\",\"@id\":\"https:\/\/www.sonoraenequipo.com.mx\/empresario-mexicano-se-suma-al-grupo-propietario-de-los-seattle-seahawks\/\",\"url\":\"https:\/\/www.sonoraenequipo.com.mx\/empresario-mexicano-se-suma-al-grupo-propietario-de-los-seattle-seahawks\/\",\"name\":\"Sonora en Equipo. Empresario mexicano se suma al grupo propietario de los Seattle Seahawks PALABRAS Y N\u00daMEROS\",\"isPartOf\":{\"@id\":\"https:\/\/www.sonoraenequipo.com.mx\/#website\"},\"primaryImageOfPage\":{\"@id\":\"https:\/\/www.sonoraenequipo.com.mx\/empresario-mexicano-se-suma-al-grupo-propietario-de-los-seattle-seahawks\/#primaryimage\"},\"image\":{\"@id\":\"https:\/\/www.sonoraenequipo.com.mx\/empresario-mexicano-se-suma-al-grupo-propietario-de-los-seattle-seahawks\/#primaryimage\"},\"thumbnailUrl\":\"https:\/\/www.sonoraenequipo.com.mx\/storage\/2026\/09\/hevia-bailleres.jpg\",\"datePublished\":\"2026-09-04T19:39:51+00:00\",\"description\":\"&nbsp; &nbsp; &nbsp; CIUDAD DE M\u00c9XICO, MX. \u2014 El empresario mexicano, Gonzalo Hevia Baill\u00e8res, fundador de la firma de inversi\u00f3n HBeyond, se ha unido al En Sonora en Equipo publicamos toda la informaci\u00f3n de Sonora, M\u00e9xico y el Mundo de manera oportuna y busca que la libertad de expresi\u00f3n sea real. Visita nuestro medio informativo publicado desde Hermosillo, Sonora. %\",\"breadcrumb\":{\"@id\":\"https:\/\/www.sonoraenequipo.com.mx\/empresario-mexicano-se-suma-al-grupo-propietario-de-los-seattle-seahawks\/#breadcrumb\"},\"inLanguage\":\"es\",\"potentialAction\":[{\"@type\":\"ReadAction\",\"target\":[\"https:\/\/www.sonoraenequipo.com.mx\/empresario-mexicano-se-suma-al-grupo-propietario-de-los-seattle-seahawks\/\"]}]},{\"@type\":\"ImageObject\",\"inLanguage\":\"es\",\"@id\":\"https:\/\/www.sonoraenequipo.com.mx\/empresario-mexicano-se-suma-al-grupo-propietario-de-los-seattle-seahawks\/#primaryimage\",\"url\":\"https:\/\/www.sonoraenequipo.com.mx\/storage\/2026\/09\/hevia-bailleres.jpg\",\"contentUrl\":\"https:\/\/www.sonoraenequipo.com.mx\/storage\/2026\/09\/hevia-bailleres.jpg\",\"width\":600,\"height\":400},{\"@type\":\"BreadcrumbList\",\"@id\":\"https:\/\/www.sonoraenequipo.com.mx\/empresario-mexicano-se-suma-al-grupo-propietario-de-los-seattle-seahawks\/#breadcrumb\",\"itemListElement\":[{\"@type\":\"ListItem\",\"position\":1,\"name\":\"Portada\",\"item\":\"https:\/\/www.sonoraenequipo.com.mx\/\"},{\"@type\":\"ListItem\",\"position\":2,\"name\":\"Empresario mexicano se suma al grupo propietario de los Seattle Seahawks\"}]},{\"@type\":\"WebSite\",\"@id\":\"https:\/\/www.sonoraenequipo.com.mx\/#website\",\"url\":\"https:\/\/www.sonoraenequipo.com.mx\/\",\"name\":\"Sonora en Equipo.\",\"description\":\"Diario en l\u00ednea con Noticias desde Hermosillo, Sonora\",\"publisher\":{\"@id\":\"https:\/\/www.sonoraenequipo.com.mx\/#organization\"},\"potentialAction\":[{\"@type\":\"SearchAction\",\"target\":{\"@type\":\"EntryPoint\",\"urlTemplate\":\"https:\/\/www.sonoraenequipo.com.mx\/?s={search_term_string}\"},\"query-input\":{\"@type\":\"PropertyValueSpecification\",\"valueRequired\":true,\"valueName\":\"search_term_string\"}}],\"inLanguage\":\"es\"},{\"@type\":\"Organization\",\"@id\":\"https:\/\/www.sonoraenequipo.com.mx\/#organization\",\"name\":\"Sonoraenequipo.com.mx\",\"url\":\"https:\/\/www.sonoraenequipo.com.mx\/\",\"logo\":{\"@type\":\"ImageObject\",\"inLanguage\":\"es\",\"@id\":\"https:\/\/www.sonoraenequipo.com.mx\/#\/schema\/logo\/image\/\",\"url\":\"https:\/\/www.sonoraenequipo.com.mx\/storage\/2019\/01\/sonoraenequipo_opt.png\",\"contentUrl\":\"https:\/\/www.sonoraenequipo.com.mx\/storage\/2019\/01\/sonoraenequipo_opt.png\",\"width\":375,\"height\":125,\"caption\":\"Sonoraenequipo.com.mx\"},\"image\":{\"@id\":\"https:\/\/www.sonoraenequipo.com.mx\/#\/schema\/logo\/image\/\"},\"sameAs\":[\"https:\/\/www.facebook.com\/SonoraEE\/\",\"https:\/\/x.com\/sonoraenequipo\",\"https:\/\/www.youtube.com\/channel\/UC338nW-lPEYmJQs4ZABQ1SQ\"]},{\"@type\":\"Person\",\"@id\":\"https:\/\/www.sonoraenequipo.com.mx\/#\/schema\/person\/50102df0fb23a8fa9e8effad8fa81386\",\"name\":\"enequipo\",\"image\":{\"@type\":\"ImageObject\",\"inLanguage\":\"es\",\"@id\":\"https:\/\/www.sonoraenequipo.com.mx\/#\/schema\/person\/image\/\",\"url\":\"https:\/\/secure.gravatar.com\/avatar\/049821681b589dabc0bc20695993ccebb09f5b5d4d790cd9251b97faac7c652b?s=96&d=blank&r=g\",\"contentUrl\":\"https:\/\/secure.gravatar.com\/avatar\/049821681b589dabc0bc20695993ccebb09f5b5d4d790cd9251b97faac7c652b?s=96&d=blank&r=g\",\"caption\":\"enequipo\"},\"sameAs\":[\"https:\/\/www.facebook.com\/SonoraEE\"]}]}<\/script>\n ","yoast_head_json":{"title":"Sonora en Equipo. Empresario mexicano se suma al grupo propietario de los Seattle Seahawks PALABRAS Y N\u00daMEROS","description":"&nbsp; &nbsp; &nbsp; CIUDAD DE M\u00c9XICO, MX. \u2014 El empresario mexicano, Gonzalo Hevia Baill\u00e8res, fundador de la firma de inversi\u00f3n HBeyond, se ha unido al En Sonora en Equipo publicamos toda la informaci\u00f3n de Sonora, M\u00e9xico y el Mundo de manera oportuna y busca que la libertad de expresi\u00f3n sea real. Visita nuestro medio informativo publicado desde Hermosillo, Sonora. %","robots":{"index":"index","follow":"follow","max-snippet":"max-snippet:-1","max-image-preview":"max-image-preview:large","max-video-preview":"max-video-preview:-1"},"canonical":"https:\/\/www.sonoraenequipo.com.mx\/empresario-mexicano-se-suma-al-grupo-propietario-de-los-seattle-seahawks\/","og_locale":"es_ES","og_type":"article","og_title":"Sonora en Equipo. Empresario mexicano se suma al grupo propietario de los Seattle Seahawks PALABRAS Y N\u00daMEROS","og_description":"&nbsp; &nbsp; &nbsp; CIUDAD DE M\u00c9XICO, MX. \u2014 El empresario mexicano, Gonzalo Hevia Baill\u00e8res, fundador de la firma de inversi\u00f3n HBeyond, se ha unido al En Sonora en Equipo publicamos toda la informaci\u00f3n de Sonora, M\u00e9xico y el Mundo de manera oportuna y busca que la libertad de expresi\u00f3n sea real. Visita nuestro medio informativo publicado desde Hermosillo, Sonora. %","og_url":"https:\/\/www.sonoraenequipo.com.mx\/empresario-mexicano-se-suma-al-grupo-propietario-de-los-seattle-seahawks\/","og_site_name":"Sonora en Equipo.","article_publisher":"https:\/\/www.facebook.com\/SonoraEE\/","article_author":"https:\/\/www.facebook.com\/SonoraEE","article_published_time":"2026-09-04T19:39:51+00:00","og_image":[{"width":600,"height":400,"url":"https:\/\/www.sonoraenequipo.com.mx\/storage\/2026\/09\/hevia-bailleres.jpg","type":"image\/jpeg"}],"author":"enequipo","twitter_card":"summary_large_image","twitter_creator":"@sonoraenequipo","twitter_site":"@sonoraenequipo","twitter_misc":{"Escrito por":"enequipo","Tiempo de lectura":"3 minutos"},"schema":{"@context":"https:\/\/schema.org","@graph":[{"@type":"Article","@id":"https:\/\/www.sonoraenequipo.com.mx\/empresario-mexicano-se-suma-al-grupo-propietario-de-los-seattle-seahawks\/#article","isPartOf":{"@id":"https:\/\/www.sonoraenequipo.com.mx\/empresario-mexicano-se-suma-al-grupo-propietario-de-los-seattle-seahawks\/"},"author":{"name":"enequipo","@id":"https:\/\/www.sonoraenequipo.com.mx\/#\/schema\/person\/50102df0fb23a8fa9e8effad8fa81386"},"headline":"Empresario mexicano se suma al grupo propietario de los Seattle Seahawks","datePublished":"2026-09-04T19:39:51+00:00","mainEntityOfPage":{"@id":"https:\/\/www.sonoraenequipo.com.mx\/empresario-mexicano-se-suma-al-grupo-propietario-de-los-seattle-seahawks\/"},"wordCount":606,"commentCount":0,"publisher":{"@id":"https:\/\/www.sonoraenequipo.com.mx\/#organization"},"image":{"@id":"https:\/\/www.sonoraenequipo.com.mx\/empresario-mexicano-se-suma-al-grupo-propietario-de-los-seattle-seahawks\/#primaryimage"},"thumbnailUrl":"https:\/\/www.sonoraenequipo.com.mx\/storage\/2026\/09\/hevia-bailleres.jpg","keywords":["hevia baill\u00e9res","seattle seahawks"],"articleSection":["PALABRAS Y N\u00daMEROS"],"inLanguage":"es","potentialAction":[{"@type":"CommentAction","name":"Comment","target":["https:\/\/www.sonoraenequipo.com.mx\/empresario-mexicano-se-suma-al-grupo-propietario-de-los-seattle-seahawks\/#respond"]}]},{"@type":"WebPage","@id":"https:\/\/www.sonoraenequipo.com.mx\/empresario-mexicano-se-suma-al-grupo-propietario-de-los-seattle-seahawks\/","url":"https:\/\/www.sonoraenequipo.com.mx\/empresario-mexicano-se-suma-al-grupo-propietario-de-los-seattle-seahawks\/","name":"Sonora en Equipo. Empresario mexicano se suma al grupo propietario de los Seattle Seahawks PALABRAS Y N\u00daMEROS","isPartOf":{"@id":"https:\/\/www.sonoraenequipo.com.mx\/#website"},"primaryImageOfPage":{"@id":"https:\/\/www.sonoraenequipo.com.mx\/empresario-mexicano-se-suma-al-grupo-propietario-de-los-seattle-seahawks\/#primaryimage"},"image":{"@id":"https:\/\/www.sonoraenequipo.com.mx\/empresario-mexicano-se-suma-al-grupo-propietario-de-los-seattle-seahawks\/#primaryimage"},"thumbnailUrl":"https:\/\/www.sonoraenequipo.com.mx\/storage\/2026\/09\/hevia-bailleres.jpg","datePublished":"2026-09-04T19:39:51+00:00","description":"&nbsp; &nbsp; &nbsp; CIUDAD DE M\u00c9XICO, MX. \u2014 El empresario mexicano, Gonzalo Hevia Baill\u00e8res, fundador de la firma de inversi\u00f3n HBeyond, se ha unido al En Sonora en Equipo publicamos toda la informaci\u00f3n de Sonora, M\u00e9xico y el Mundo de manera oportuna y busca que la libertad de expresi\u00f3n sea real. Visita nuestro medio informativo publicado desde Hermosillo, Sonora. %","breadcrumb":{"@id":"https:\/\/www.sonoraenequipo.com.mx\/empresario-mexicano-se-suma-al-grupo-propietario-de-los-seattle-seahawks\/#breadcrumb"},"inLanguage":"es","potentialAction":[{"@type":"ReadAction","target":["https:\/\/www.sonoraenequipo.com.mx\/empresario-mexicano-se-suma-al-grupo-propietario-de-los-seattle-seahawks\/"]}]},{"@type":"ImageObject","inLanguage":"es","@id":"https:\/\/www.sonoraenequipo.com.mx\/empresario-mexicano-se-suma-al-grupo-propietario-de-los-seattle-seahawks\/#primaryimage","url":"https:\/\/www.sonoraenequipo.com.mx\/storage\/2026\/09\/hevia-bailleres.jpg","contentUrl":"https:\/\/www.sonoraenequipo.com.mx\/storage\/2026\/09\/hevia-bailleres.jpg","width":600,"height":400},{"@type":"BreadcrumbList","@id":"https:\/\/www.sonoraenequipo.com.mx\/empresario-mexicano-se-suma-al-grupo-propietario-de-los-seattle-seahawks\/#breadcrumb","itemListElement":[{"@type":"ListItem","position":1,"name":"Portada","item":"https:\/\/www.sonoraenequipo.com.mx\/"},{"@type":"ListItem","position":2,"name":"Empresario mexicano se suma al grupo propietario de los Seattle Seahawks"}]},{"@type":"WebSite","@id":"https:\/\/www.sonoraenequipo.com.mx\/#website","url":"https:\/\/www.sonoraenequipo.com.mx\/","name":"Sonora en Equipo.","description":"Diario en l\u00ednea con Noticias desde Hermosillo, Sonora","publisher":{"@id":"https:\/\/www.sonoraenequipo.com.mx\/#organization"},"potentialAction":[{"@type":"SearchAction","target":{"@type":"EntryPoint","urlTemplate":"https:\/\/www.sonoraenequipo.com.mx\/?s={search_term_string}"},"query-input":{"@type":"PropertyValueSpecification","valueRequired":true,"valueName":"search_term_string"}}],"inLanguage":"es"},{"@type":"Organization","@id":"https:\/\/www.sonoraenequipo.com.mx\/#organization","name":"Sonoraenequipo.com.mx","url":"https:\/\/www.sonoraenequipo.com.mx\/","logo":{"@type":"ImageObject","inLanguage":"es","@id":"https:\/\/www.sonoraenequipo.com.mx\/#\/schema\/logo\/image\/","url":"https:\/\/www.sonoraenequipo.com.mx\/storage\/2019\/01\/sonoraenequipo_opt.png","contentUrl":"https:\/\/www.sonoraenequipo.com.mx\/storage\/2019\/01\/sonoraenequipo_opt.png","width":375,"height":125,"caption":"Sonoraenequipo.com.mx"},"image":{"@id":"https:\/\/www.sonoraenequipo.com.mx\/#\/schema\/logo\/image\/"},"sameAs":["https:\/\/www.facebook.com\/SonoraEE\/","https:\/\/x.com\/sonoraenequipo","https:\/\/www.youtube.com\/channel\/UC338nW-lPEYmJQs4ZABQ1SQ"]},{"@type":"Person","@id":"https:\/\/www.sonoraenequipo.com.mx\/#\/schema\/person\/50102df0fb23a8fa9e8effad8fa81386","name":"enequipo","image":{"@type":"ImageObject","inLanguage":"es","@id":"https:\/\/www.sonoraenequipo.com.mx\/#\/schema\/person\/image\/","url":"https:\/\/secure.gravatar.com\/avatar\/049821681b589dabc0bc20695993ccebb09f5b5d4d790cd9251b97faac7c652b?s=96&d=blank&r=g","contentUrl":"https:\/\/secure.gravatar.com\/avatar\/049821681b589dabc0bc20695993ccebb09f5b5d4d790cd9251b97faac7c652b?s=96&d=blank&r=g","caption":"enequipo"},"sameAs":["https:\/\/www.facebook.com\/SonoraEE"]}]}},"jetpack_featured_media_url":"https:\/\/www.sonoraenequipo.com.mx\/storage\/2026\/09\/hevia-bailleres.jpg","_links":{"self":[{"href":"https:\/\/www.sonoraenequipo.com.mx\/api\/wp\/v2\/posts\/251560","targetHints":{"allow":["GET"]}}],"collection":[{"href":"https:\/\/www.sonoraenequipo.com.mx\/api\/wp\/v2\/posts"}],"about":[{"href":"https:\/\/www.sonoraenequipo.com.mx\/api\/wp\/v2\/types\/post"}],"author":[{"embeddable":true,"href":"https:\/\/www.sonoraenequipo.com.mx\/api\/wp\/v2\/users\/1"}],"replies":[{"embeddable":true,"href":"https:\/\/www.sonoraenequipo.com.mx\/api\/wp\/v2\/comments?post=251560"}],"version-history":[{"count":1,"href":"https:\/\/www.sonoraenequipo.com.mx\/api\/wp\/v2\/posts\/251560\/revisions"}],"predecessor-version":[{"id":251562,"href":"https:\/\/www.sonoraenequipo.com.mx\/api\/wp\/v2\/posts\/251560\/revisions\/251562"}],"wp:featuredmedia":[{"embeddable":true,"href":"https:\/\/www.sonoraenequipo.com.mx\/api\/wp\/v2\/media\/251561"}],"wp:attachment":[{"href":"https:\/\/www.sonoraenequipo.com.mx\/api\/wp\/v2\/media?parent=251560"}],"wp:term":[{"taxonomy":"category","embeddable":true,"href":"https:\/\/www.sonoraenequipo.com.mx\/api\/wp\/v2\/categories?post=251560"},{"taxonomy":"post_tag","embeddable":true,"href":"https:\/\/www.sonoraenequipo.com.mx\/api\/wp\/v2\/tags?post=251560"}],"curies":[{"name":"wp","href":"https:\/\/api.w.org\/{rel}","templated":true}]}}