{"id":251568,"date":"2026-09-03T20:19:09","date_gmt":"2026-09-04T03:19:09","guid":{"rendered":"https:\/\/www.sonoraenequipo.com.mx\/?p=251568"},"modified":"2026-09-04T13:09:35","modified_gmt":"2026-09-04T20:09:35","slug":"los-anti-nobel-se-mudan-a-suiza-pero-mantienen-intacto-su-espiritu-irreverente","status":"publish","type":"post","link":"https:\/\/www.sonoraenequipo.com.mx\/los-anti-nobel-se-mudan-a-suiza-pero-mantienen-intacto-su-espiritu-irreverente\/","title":{"rendered":"Los anti-Nobel se mudan a Suiza, pero mantienen intacto su esp\u00edritu irreverente"},"content":{"rendered":"<p><strong>SUIZA.<\/strong> \u2014 Por primera vez desde su creaci\u00f3n en 1991, la ceremonia de los premios Ig Nobel se celebr\u00f3 fuera de Estados Unidos. Despu\u00e9s de trasladarse a Suiza por el clima pol\u00edtico que rodea a la ciencia en la era Trump, los galardones mantuvieron intacta su mezcla de humor, extravagancia y divulgaci\u00f3n cient\u00edfica.<\/p>\n<p>&nbsp;<\/p>\n<p>&nbsp;<\/p>\n<p> <br \/>\nLos premios Ig Nobel distinguen cada a\u00f1o a la ciencia improbable: aquella que primero hace re\u00edr, pero que tambi\u00e9n invita a reflexionar. El nombre, Ig Nobel, es un juego de palabras en ingl\u00e9s que evoca una ciencia \u00ab<strong>innoble\u00bb, \u00abpoco noble\u00bb,<\/strong> <em><strong>\u00abindigna\u00bb<\/strong><\/em> o <em><strong>\u00abrid\u00edculamente poco prestigiosa\u00bb<\/strong><\/em>. Treinta y cinco a\u00f1os despu\u00e9s de su primera edici\u00f3n, los Ig Nobel celebraron su edici\u00f3n de 2026 la noche del jueves 3 de septiembre en Z\u00farich.<\/p>\n<p>&nbsp;<\/p>\n<p>&nbsp;<\/p>\n<p>Habitualmente organizada en Boston, la gala se mantuvo fiel a sus tradiciones: aviones de papel lanzados sobre los premiados, canciones, disfraces y bromas marcaron la velada. Una forma de celebrar el humor, la autoiron\u00eda y la imaginaci\u00f3n de cient\u00edficos considerados hoy gigantes de la ciencia improbable.<\/p>\n<p>&nbsp;<\/p>\n<h3>De sonarse la nariz a los dulces de los ni\u00f1os<\/h3>\n<p>Este a\u00f1o se entregaron diez premios. El de Econom\u00eda distingui\u00f3 a investigadores que demostraron que las personas m\u00e1s ricas tienen m\u00e1s probabilidades de servirse de la reserva de dulces de sus propios hijos que quienes pertenecen a clases econ\u00f3micas menos favorecidas.<\/p>\n<p>&nbsp;<\/p>\n<p>El premio de Medicina fue para el japon\u00e9s Tokuji Unno por un estudio aerodin\u00e1mico sobre c\u00f3mo sonarse la nariz. El tema es menos trivial de lo que parece: hacerlo de forma incorrecta puede tener consecuencias graves, como ocurri\u00f3 con una mujer que se fractur\u00f3 la \u00f3rbita del ojo izquierdo al sonarse con demasiada fuerza.<\/p>\n<p>&nbsp;<\/p>\n<p>El veneno de serpiente y la forma de los urinarios para evitar salpicaduras tambi\u00e9n figuraron entre los temas distinguidos en un palmar\u00e9s, una vez m\u00e1s, muy variado. La gala rindi\u00f3 adem\u00e1s homenaje a Suiza, tierra natal de Albert Einstein&#8230; y del reloj de cuco.<\/p>\n<p>&nbsp;<\/p>\n<p>Entre los diez galardonados, el Ig Nobel de Biolog\u00eda recay\u00f3 en el equipo del brasile\u00f1o Jo\u00e3o Miguel Alves-Nunes por una investigaci\u00f3n que lo llev\u00f3 a pisar serpientes para comprender en qu\u00e9 momento deciden morder o no.<\/p>\n<p>&nbsp;<\/p>\n<p>\u00ab\u00bfQui\u00e9n ser\u00eda tan tonto como para poner el pie frente a una serpiente venenosa? Yo\u00bb, brome\u00f3 el cient\u00edfico de la Universidad de S\u00e3o Paulo al recibir el galard\u00f3n.<\/p>\n<p>&nbsp;<\/p>\n<p>Realiz\u00f3 40.000 pruebas con 116 serpientes. Durante esos experimentos, una serpiente de cascabel logr\u00f3 morderlo a trav\u00e9s de sus botas de protecci\u00f3n. Sin embargo, el incidente no desanim\u00f3 al joven investigador de 28 a\u00f1os, que planea ampliar su trabajo a otros pa\u00edses.<\/p>\n<p>&nbsp;<\/p>\n<h3>La trayectoria ideal para los urinarios<\/h3>\n<p>Vestidos con impermeables amarillos, cuatro investigadores de China, Estados Unidos, Arabia Saudita y Canad\u00e1 acudieron a recibir el Ig Nobel de F\u00edsica por sus trabajos destinados a optimizar los urinarios.<\/p>\n<p>&nbsp;<\/p>\n<p>Para ello, dise\u00f1aron una m\u00e1quina para orinar equipada con una \u00ab<em><strong>boquilla uretral anat\u00f3micamente precisa\u00bb<\/strong><\/em> alimentada con agua, explic\u00f3 Kaveeshan Thurairajah, doctorando de la Universidad de Waterloo, en Canad\u00e1.<\/p>\n<p>&nbsp;<\/p>\n<p><em><strong>\u00abEl proyecto busca reducir las salpicaduras\u00bb,<\/strong> <\/em>se\u00f1al\u00f3. Seg\u00fan afirm\u00f3, <em><strong>\u00absolo en Estados Unidos se derraman cada d\u00eda cerca de un mill\u00f3n de litros desde los urinarios\u00bb<\/strong><\/em>, lo que genera importantes costos de limpieza y riesgos de contaminaci\u00f3n bacteriana.<\/p>\n<p>&nbsp;<\/p>\n<p>Los organizadores tambi\u00e9n homenajearon a su ciudad anfitriona al otorgar el Ig Nobel de Ciencias del Suelo a un equipo de la Universidad de Z\u00farich.<\/p>\n<p>&nbsp;<\/p>\n<p>Para evaluar la calidad de los suelos, enviaron por correo 2.000 calzoncillos a voluntarios, pidi\u00e9ndoles que los enterraran en sus jardines y los devolvieran dos meses despu\u00e9s para analizar su grado de descomposici\u00f3n y la presencia de moho.<\/p>\n<p>&nbsp;<\/p>\n<p>\u00abLa idea era hacer visible la ciencia del suelo\u00bb, explic\u00f3 uno de los integrantes del equipo, disfrazado de cucaracha gigante.<\/p>\n<p>&nbsp;<\/p>\n<p>El Ig Nobel de Econom\u00eda recay\u00f3 en un equipo representado por Paul Piff, profesor asociado de Psicolog\u00eda de la Universidad de California, por experimentos que muestran que las personas de entornos privilegiados tienden m\u00e1s a tomar dulces de recipientes destinados expl\u00edcitamente a los ni\u00f1os.<\/p>\n<p>&nbsp;<\/p>\n<p>El premio le fue entregado por Esther Duflo, ganadora del Premio Nobel de Econom\u00eda en 2019, quien recientemente dej\u00f3 el Instituto Tecnol\u00f3gico de Massachusetts para incorporarse a la Universidad de Z\u00farich.<\/p>\n<p>&nbsp;<\/p>\n<p><em><strong>\u00abCreo que esto debe hacernos re\u00edr y, al mismo tiempo, hacernos reflexionar\u00bb<\/strong><\/em>, afirm\u00f3.<\/p>\n<p>&nbsp;<\/p>\n<p>Convertidos en una instituci\u00f3n consolidada del mundo acad\u00e9mico, los <strong>\u00abanti-Nobel\u00bb<\/strong> son otorgados por la revista cient\u00edfica humor\u00edstica Annals of Improbable Research (Anales de la Investigaci\u00f3n Improbable).<\/p>\n<p>&nbsp;<\/p>\n<p>En marzo, los organizadores anunciaron el cambio de sede al considerar que no pod\u00edan, <strong>\u00aben conciencia\u00bb<\/strong>, invitar a cient\u00edficos a Estados Unidos en el actual clima pol\u00edtico.<\/p>\n<p>&nbsp;<\/p>\n<p>&nbsp;<\/p>\n<p>PUBLICADO EL 03 SEPT DE 2026 Con informaci\u00f3n de AFP)<\/p>\n","protected":false},"excerpt":{"rendered":"<p>SUIZA. \u2014 Por primera vez desde su creaci\u00f3n en 1991, la ceremonia de los premios&#8230;<\/p>\n","protected":false},"author":1,"featured_media":251533,"comment_status":"open","ping_status":"open","sticky":false,"template":"","format":"standard","meta":{"_monsterinsights_skip_tracking":false,"_monsterinsights_sitenote_active":false,"_monsterinsights_sitenote_note":"","_monsterinsights_sitenote_category":0,"footnotes":""},"categories":[3],"tags":[],"class_list":["post"],"yoast_head":" \n<title>Sonora en Equipo. Los anti-Nobel se mudan a Suiza, pero mantienen intacto su esp\u00edritu irreverente MUNDO<\/title>\n<meta name=\"description\" content=\"SUIZA. \u2014 Por primera vez desde su creaci\u00f3n en 1991, la ceremonia de los premios Ig Nobel se celebr\u00f3 fuera de Estados Unidos. Despu\u00e9s de trasladarse a En Sonora en Equipo publicamos toda la informaci\u00f3n de Sonora, M\u00e9xico y el Mundo de manera oportuna y busca que la libertad de expresi\u00f3n sea real. Visita nuestro medio informativo publicado desde Hermosillo, Sonora. %\" \/>\n<meta name=\"robots\" content=\"index, follow, max-snippet:-1, max-image-preview:large, max-video-preview:-1\" \/>\n<link rel=\"canonical\" href=\"https:\/\/www.sonoraenequipo.com.mx\/los-anti-nobel-se-mudan-a-suiza-pero-mantienen-intacto-su-espiritu-irreverente\/\" \/>\n<meta property=\"og:locale\" content=\"es_ES\" \/>\n<meta property=\"og:type\" content=\"article\" \/>\n<meta property=\"og:title\" content=\"Sonora en Equipo. Los anti-Nobel se mudan a Suiza, pero mantienen intacto su esp\u00edritu irreverente MUNDO\" \/>\n<meta property=\"og:description\" content=\"SUIZA. \u2014 Por primera vez desde su creaci\u00f3n en 1991, la ceremonia de los premios Ig Nobel se celebr\u00f3 fuera de Estados Unidos. Despu\u00e9s de trasladarse a En Sonora en Equipo publicamos toda la informaci\u00f3n de Sonora, M\u00e9xico y el Mundo de manera oportuna y busca que la libertad de expresi\u00f3n sea real. Visita nuestro medio informativo publicado desde Hermosillo, Sonora. %\" \/>\n<meta property=\"og:url\" content=\"https:\/\/www.sonoraenequipo.com.mx\/los-anti-nobel-se-mudan-a-suiza-pero-mantienen-intacto-su-espiritu-irreverente\/\" \/>\n<meta property=\"og:site_name\" content=\"Sonora en Equipo.\" \/>\n<meta property=\"article:publisher\" content=\"https:\/\/www.facebook.com\/SonoraEE\/\" \/>\n<meta property=\"article:author\" content=\"https:\/\/www.facebook.com\/SonoraEE\" \/>\n<meta property=\"article:published_time\" content=\"2026-09-04T03:19:09+00:00\" \/>\n<meta property=\"article:modified_time\" content=\"2026-09-04T20:09:35+00:00\" \/>\n<meta property=\"og:image\" content=\"https:\/\/www.sonoraenequipo.com.mx\/storage\/2026\/09\/los-antinobel-1.jpg\" \/>\n\t<meta property=\"og:image:width\" content=\"1000\" \/>\n\t<meta property=\"og:image:height\" content=\"509\" \/>\n\t<meta property=\"og:image:type\" content=\"image\/jpeg\" \/>\n<meta name=\"author\" content=\"enequipo\" \/>\n<meta name=\"twitter:card\" content=\"summary_large_image\" \/>\n<meta name=\"twitter:creator\" content=\"@sonoraenequipo\" \/>\n<meta name=\"twitter:site\" content=\"@sonoraenequipo\" \/>\n<meta name=\"twitter:label1\" content=\"Escrito por\" \/>\n\t<meta name=\"twitter:data1\" content=\"enequipo\" \/>\n\t<meta name=\"twitter:label2\" content=\"Tiempo de lectura\" \/>\n\t<meta name=\"twitter:data2\" content=\"4 minutos\" \/>\n<script type=\"application\/ld+json\" class=\"yoast-schema-graph\">{\"@context\":\"https:\/\/schema.org\",\"@graph\":[{\"@type\":\"Article\",\"@id\":\"https:\/\/www.sonoraenequipo.com.mx\/los-anti-nobel-se-mudan-a-suiza-pero-mantienen-intacto-su-espiritu-irreverente\/#article\",\"isPartOf\":{\"@id\":\"https:\/\/www.sonoraenequipo.com.mx\/los-anti-nobel-se-mudan-a-suiza-pero-mantienen-intacto-su-espiritu-irreverente\/\"},\"author\":{\"name\":\"enequipo\",\"@id\":\"https:\/\/www.sonoraenequipo.com.mx\/#\/schema\/person\/50102df0fb23a8fa9e8effad8fa81386\"},\"headline\":\"Los anti-Nobel se mudan a Suiza, pero mantienen intacto su esp\u00edritu irreverente\",\"datePublished\":\"2026-09-04T03:19:09+00:00\",\"dateModified\":\"2026-09-04T20:09:35+00:00\",\"mainEntityOfPage\":{\"@id\":\"https:\/\/www.sonoraenequipo.com.mx\/los-anti-nobel-se-mudan-a-suiza-pero-mantienen-intacto-su-espiritu-irreverente\/\"},\"wordCount\":862,\"commentCount\":0,\"publisher\":{\"@id\":\"https:\/\/www.sonoraenequipo.com.mx\/#organization\"},\"image\":{\"@id\":\"https:\/\/www.sonoraenequipo.com.mx\/los-anti-nobel-se-mudan-a-suiza-pero-mantienen-intacto-su-espiritu-irreverente\/#primaryimage\"},\"thumbnailUrl\":\"https:\/\/www.sonoraenequipo.com.mx\/storage\/2026\/09\/los-antinobel-1.jpg\",\"articleSection\":[\"MUNDO\"],\"inLanguage\":\"es\",\"potentialAction\":[{\"@type\":\"CommentAction\",\"name\":\"Comment\",\"target\":[\"https:\/\/www.sonoraenequipo.com.mx\/los-anti-nobel-se-mudan-a-suiza-pero-mantienen-intacto-su-espiritu-irreverente\/#respond\"]}]},{\"@type\":\"WebPage\",\"@id\":\"https:\/\/www.sonoraenequipo.com.mx\/los-anti-nobel-se-mudan-a-suiza-pero-mantienen-intacto-su-espiritu-irreverente\/\",\"url\":\"https:\/\/www.sonoraenequipo.com.mx\/los-anti-nobel-se-mudan-a-suiza-pero-mantienen-intacto-su-espiritu-irreverente\/\",\"name\":\"Sonora en Equipo. Los anti-Nobel se mudan a Suiza, pero mantienen intacto su esp\u00edritu irreverente MUNDO\",\"isPartOf\":{\"@id\":\"https:\/\/www.sonoraenequipo.com.mx\/#website\"},\"primaryImageOfPage\":{\"@id\":\"https:\/\/www.sonoraenequipo.com.mx\/los-anti-nobel-se-mudan-a-suiza-pero-mantienen-intacto-su-espiritu-irreverente\/#primaryimage\"},\"image\":{\"@id\":\"https:\/\/www.sonoraenequipo.com.mx\/los-anti-nobel-se-mudan-a-suiza-pero-mantienen-intacto-su-espiritu-irreverente\/#primaryimage\"},\"thumbnailUrl\":\"https:\/\/www.sonoraenequipo.com.mx\/storage\/2026\/09\/los-antinobel-1.jpg\",\"datePublished\":\"2026-09-04T03:19:09+00:00\",\"dateModified\":\"2026-09-04T20:09:35+00:00\",\"description\":\"SUIZA. \u2014 Por primera vez desde su creaci\u00f3n en 1991, la ceremonia de los premios Ig Nobel se celebr\u00f3 fuera de Estados Unidos. Despu\u00e9s de trasladarse a En Sonora en Equipo publicamos toda la informaci\u00f3n de Sonora, M\u00e9xico y el Mundo de manera oportuna y busca que la libertad de expresi\u00f3n sea real. Visita nuestro medio informativo publicado desde Hermosillo, Sonora. %\",\"breadcrumb\":{\"@id\":\"https:\/\/www.sonoraenequipo.com.mx\/los-anti-nobel-se-mudan-a-suiza-pero-mantienen-intacto-su-espiritu-irreverente\/#breadcrumb\"},\"inLanguage\":\"es\",\"potentialAction\":[{\"@type\":\"ReadAction\",\"target\":[\"https:\/\/www.sonoraenequipo.com.mx\/los-anti-nobel-se-mudan-a-suiza-pero-mantienen-intacto-su-espiritu-irreverente\/\"]}]},{\"@type\":\"ImageObject\",\"inLanguage\":\"es\",\"@id\":\"https:\/\/www.sonoraenequipo.com.mx\/los-anti-nobel-se-mudan-a-suiza-pero-mantienen-intacto-su-espiritu-irreverente\/#primaryimage\",\"url\":\"https:\/\/www.sonoraenequipo.com.mx\/storage\/2026\/09\/los-antinobel-1.jpg\",\"contentUrl\":\"https:\/\/www.sonoraenequipo.com.mx\/storage\/2026\/09\/los-antinobel-1.jpg\",\"width\":1000,\"height\":509},{\"@type\":\"BreadcrumbList\",\"@id\":\"https:\/\/www.sonoraenequipo.com.mx\/los-anti-nobel-se-mudan-a-suiza-pero-mantienen-intacto-su-espiritu-irreverente\/#breadcrumb\",\"itemListElement\":[{\"@type\":\"ListItem\",\"position\":1,\"name\":\"Portada\",\"item\":\"https:\/\/www.sonoraenequipo.com.mx\/\"},{\"@type\":\"ListItem\",\"position\":2,\"name\":\"Los anti-Nobel se mudan a Suiza, pero mantienen intacto su esp\u00edritu irreverente\"}]},{\"@type\":\"WebSite\",\"@id\":\"https:\/\/www.sonoraenequipo.com.mx\/#website\",\"url\":\"https:\/\/www.sonoraenequipo.com.mx\/\",\"name\":\"Sonora en Equipo.\",\"description\":\"Diario en l\u00ednea con Noticias desde Hermosillo, Sonora\",\"publisher\":{\"@id\":\"https:\/\/www.sonoraenequipo.com.mx\/#organization\"},\"potentialAction\":[{\"@type\":\"SearchAction\",\"target\":{\"@type\":\"EntryPoint\",\"urlTemplate\":\"https:\/\/www.sonoraenequipo.com.mx\/?s={search_term_string}\"},\"query-input\":{\"@type\":\"PropertyValueSpecification\",\"valueRequired\":true,\"valueName\":\"search_term_string\"}}],\"inLanguage\":\"es\"},{\"@type\":\"Organization\",\"@id\":\"https:\/\/www.sonoraenequipo.com.mx\/#organization\",\"name\":\"Sonoraenequipo.com.mx\",\"url\":\"https:\/\/www.sonoraenequipo.com.mx\/\",\"logo\":{\"@type\":\"ImageObject\",\"inLanguage\":\"es\",\"@id\":\"https:\/\/www.sonoraenequipo.com.mx\/#\/schema\/logo\/image\/\",\"url\":\"https:\/\/www.sonoraenequipo.com.mx\/storage\/2019\/01\/sonoraenequipo_opt.png\",\"contentUrl\":\"https:\/\/www.sonoraenequipo.com.mx\/storage\/2019\/01\/sonoraenequipo_opt.png\",\"width\":375,\"height\":125,\"caption\":\"Sonoraenequipo.com.mx\"},\"image\":{\"@id\":\"https:\/\/www.sonoraenequipo.com.mx\/#\/schema\/logo\/image\/\"},\"sameAs\":[\"https:\/\/www.facebook.com\/SonoraEE\/\",\"https:\/\/x.com\/sonoraenequipo\",\"https:\/\/www.youtube.com\/channel\/UC338nW-lPEYmJQs4ZABQ1SQ\"]},{\"@type\":\"Person\",\"@id\":\"https:\/\/www.sonoraenequipo.com.mx\/#\/schema\/person\/50102df0fb23a8fa9e8effad8fa81386\",\"name\":\"enequipo\",\"image\":{\"@type\":\"ImageObject\",\"inLanguage\":\"es\",\"@id\":\"https:\/\/www.sonoraenequipo.com.mx\/#\/schema\/person\/image\/\",\"url\":\"https:\/\/secure.gravatar.com\/avatar\/049821681b589dabc0bc20695993ccebb09f5b5d4d790cd9251b97faac7c652b?s=96&d=blank&r=g\",\"contentUrl\":\"https:\/\/secure.gravatar.com\/avatar\/049821681b589dabc0bc20695993ccebb09f5b5d4d790cd9251b97faac7c652b?s=96&d=blank&r=g\",\"caption\":\"enequipo\"},\"sameAs\":[\"https:\/\/www.facebook.com\/SonoraEE\"]}]}<\/script>\n ","yoast_head_json":{"title":"Sonora en Equipo. Los anti-Nobel se mudan a Suiza, pero mantienen intacto su esp\u00edritu irreverente MUNDO","description":"SUIZA. \u2014 Por primera vez desde su creaci\u00f3n en 1991, la ceremonia de los premios Ig Nobel se celebr\u00f3 fuera de Estados Unidos. Despu\u00e9s de trasladarse a En Sonora en Equipo publicamos toda la informaci\u00f3n de Sonora, M\u00e9xico y el Mundo de manera oportuna y busca que la libertad de expresi\u00f3n sea real. Visita nuestro medio informativo publicado desde Hermosillo, Sonora. %","robots":{"index":"index","follow":"follow","max-snippet":"max-snippet:-1","max-image-preview":"max-image-preview:large","max-video-preview":"max-video-preview:-1"},"canonical":"https:\/\/www.sonoraenequipo.com.mx\/los-anti-nobel-se-mudan-a-suiza-pero-mantienen-intacto-su-espiritu-irreverente\/","og_locale":"es_ES","og_type":"article","og_title":"Sonora en Equipo. Los anti-Nobel se mudan a Suiza, pero mantienen intacto su esp\u00edritu irreverente MUNDO","og_description":"SUIZA. \u2014 Por primera vez desde su creaci\u00f3n en 1991, la ceremonia de los premios Ig Nobel se celebr\u00f3 fuera de Estados Unidos. Despu\u00e9s de trasladarse a En Sonora en Equipo publicamos toda la informaci\u00f3n de Sonora, M\u00e9xico y el Mundo de manera oportuna y busca que la libertad de expresi\u00f3n sea real. Visita nuestro medio informativo publicado desde Hermosillo, Sonora. %","og_url":"https:\/\/www.sonoraenequipo.com.mx\/los-anti-nobel-se-mudan-a-suiza-pero-mantienen-intacto-su-espiritu-irreverente\/","og_site_name":"Sonora en Equipo.","article_publisher":"https:\/\/www.facebook.com\/SonoraEE\/","article_author":"https:\/\/www.facebook.com\/SonoraEE","article_published_time":"2026-09-04T03:19:09+00:00","article_modified_time":"2026-09-04T20:09:35+00:00","og_image":[{"width":1000,"height":509,"url":"https:\/\/www.sonoraenequipo.com.mx\/storage\/2026\/09\/los-antinobel-1.jpg","type":"image\/jpeg"}],"author":"enequipo","twitter_card":"summary_large_image","twitter_creator":"@sonoraenequipo","twitter_site":"@sonoraenequipo","twitter_misc":{"Escrito por":"enequipo","Tiempo de lectura":"4 minutos"},"schema":{"@context":"https:\/\/schema.org","@graph":[{"@type":"Article","@id":"https:\/\/www.sonoraenequipo.com.mx\/los-anti-nobel-se-mudan-a-suiza-pero-mantienen-intacto-su-espiritu-irreverente\/#article","isPartOf":{"@id":"https:\/\/www.sonoraenequipo.com.mx\/los-anti-nobel-se-mudan-a-suiza-pero-mantienen-intacto-su-espiritu-irreverente\/"},"author":{"name":"enequipo","@id":"https:\/\/www.sonoraenequipo.com.mx\/#\/schema\/person\/50102df0fb23a8fa9e8effad8fa81386"},"headline":"Los anti-Nobel se mudan a Suiza, pero mantienen intacto su esp\u00edritu irreverente","datePublished":"2026-09-04T03:19:09+00:00","dateModified":"2026-09-04T20:09:35+00:00","mainEntityOfPage":{"@id":"https:\/\/www.sonoraenequipo.com.mx\/los-anti-nobel-se-mudan-a-suiza-pero-mantienen-intacto-su-espiritu-irreverente\/"},"wordCount":862,"commentCount":0,"publisher":{"@id":"https:\/\/www.sonoraenequipo.com.mx\/#organization"},"image":{"@id":"https:\/\/www.sonoraenequipo.com.mx\/los-anti-nobel-se-mudan-a-suiza-pero-mantienen-intacto-su-espiritu-irreverente\/#primaryimage"},"thumbnailUrl":"https:\/\/www.sonoraenequipo.com.mx\/storage\/2026\/09\/los-antinobel-1.jpg","articleSection":["MUNDO"],"inLanguage":"es","potentialAction":[{"@type":"CommentAction","name":"Comment","target":["https:\/\/www.sonoraenequipo.com.mx\/los-anti-nobel-se-mudan-a-suiza-pero-mantienen-intacto-su-espiritu-irreverente\/#respond"]}]},{"@type":"WebPage","@id":"https:\/\/www.sonoraenequipo.com.mx\/los-anti-nobel-se-mudan-a-suiza-pero-mantienen-intacto-su-espiritu-irreverente\/","url":"https:\/\/www.sonoraenequipo.com.mx\/los-anti-nobel-se-mudan-a-suiza-pero-mantienen-intacto-su-espiritu-irreverente\/","name":"Sonora en Equipo. Los anti-Nobel se mudan a Suiza, pero mantienen intacto su esp\u00edritu irreverente MUNDO","isPartOf":{"@id":"https:\/\/www.sonoraenequipo.com.mx\/#website"},"primaryImageOfPage":{"@id":"https:\/\/www.sonoraenequipo.com.mx\/los-anti-nobel-se-mudan-a-suiza-pero-mantienen-intacto-su-espiritu-irreverente\/#primaryimage"},"image":{"@id":"https:\/\/www.sonoraenequipo.com.mx\/los-anti-nobel-se-mudan-a-suiza-pero-mantienen-intacto-su-espiritu-irreverente\/#primaryimage"},"thumbnailUrl":"https:\/\/www.sonoraenequipo.com.mx\/storage\/2026\/09\/los-antinobel-1.jpg","datePublished":"2026-09-04T03:19:09+00:00","dateModified":"2026-09-04T20:09:35+00:00","description":"SUIZA. \u2014 Por primera vez desde su creaci\u00f3n en 1991, la ceremonia de los premios Ig Nobel se celebr\u00f3 fuera de Estados Unidos. Despu\u00e9s de trasladarse a En Sonora en Equipo publicamos toda la informaci\u00f3n de Sonora, M\u00e9xico y el Mundo de manera oportuna y busca que la libertad de expresi\u00f3n sea real. Visita nuestro medio informativo publicado desde Hermosillo, Sonora. %","breadcrumb":{"@id":"https:\/\/www.sonoraenequipo.com.mx\/los-anti-nobel-se-mudan-a-suiza-pero-mantienen-intacto-su-espiritu-irreverente\/#breadcrumb"},"inLanguage":"es","potentialAction":[{"@type":"ReadAction","target":["https:\/\/www.sonoraenequipo.com.mx\/los-anti-nobel-se-mudan-a-suiza-pero-mantienen-intacto-su-espiritu-irreverente\/"]}]},{"@type":"ImageObject","inLanguage":"es","@id":"https:\/\/www.sonoraenequipo.com.mx\/los-anti-nobel-se-mudan-a-suiza-pero-mantienen-intacto-su-espiritu-irreverente\/#primaryimage","url":"https:\/\/www.sonoraenequipo.com.mx\/storage\/2026\/09\/los-antinobel-1.jpg","contentUrl":"https:\/\/www.sonoraenequipo.com.mx\/storage\/2026\/09\/los-antinobel-1.jpg","width":1000,"height":509},{"@type":"BreadcrumbList","@id":"https:\/\/www.sonoraenequipo.com.mx\/los-anti-nobel-se-mudan-a-suiza-pero-mantienen-intacto-su-espiritu-irreverente\/#breadcrumb","itemListElement":[{"@type":"ListItem","position":1,"name":"Portada","item":"https:\/\/www.sonoraenequipo.com.mx\/"},{"@type":"ListItem","position":2,"name":"Los anti-Nobel se mudan a Suiza, pero mantienen intacto su esp\u00edritu irreverente"}]},{"@type":"WebSite","@id":"https:\/\/www.sonoraenequipo.com.mx\/#website","url":"https:\/\/www.sonoraenequipo.com.mx\/","name":"Sonora en Equipo.","description":"Diario en l\u00ednea con Noticias desde Hermosillo, Sonora","publisher":{"@id":"https:\/\/www.sonoraenequipo.com.mx\/#organization"},"potentialAction":[{"@type":"SearchAction","target":{"@type":"EntryPoint","urlTemplate":"https:\/\/www.sonoraenequipo.com.mx\/?s={search_term_string}"},"query-input":{"@type":"PropertyValueSpecification","valueRequired":true,"valueName":"search_term_string"}}],"inLanguage":"es"},{"@type":"Organization","@id":"https:\/\/www.sonoraenequipo.com.mx\/#organization","name":"Sonoraenequipo.com.mx","url":"https:\/\/www.sonoraenequipo.com.mx\/","logo":{"@type":"ImageObject","inLanguage":"es","@id":"https:\/\/www.sonoraenequipo.com.mx\/#\/schema\/logo\/image\/","url":"https:\/\/www.sonoraenequipo.com.mx\/storage\/2019\/01\/sonoraenequipo_opt.png","contentUrl":"https:\/\/www.sonoraenequipo.com.mx\/storage\/2019\/01\/sonoraenequipo_opt.png","width":375,"height":125,"caption":"Sonoraenequipo.com.mx"},"image":{"@id":"https:\/\/www.sonoraenequipo.com.mx\/#\/schema\/logo\/image\/"},"sameAs":["https:\/\/www.facebook.com\/SonoraEE\/","https:\/\/x.com\/sonoraenequipo","https:\/\/www.youtube.com\/channel\/UC338nW-lPEYmJQs4ZABQ1SQ"]},{"@type":"Person","@id":"https:\/\/www.sonoraenequipo.com.mx\/#\/schema\/person\/50102df0fb23a8fa9e8effad8fa81386","name":"enequipo","image":{"@type":"ImageObject","inLanguage":"es","@id":"https:\/\/www.sonoraenequipo.com.mx\/#\/schema\/person\/image\/","url":"https:\/\/secure.gravatar.com\/avatar\/049821681b589dabc0bc20695993ccebb09f5b5d4d790cd9251b97faac7c652b?s=96&d=blank&r=g","contentUrl":"https:\/\/secure.gravatar.com\/avatar\/049821681b589dabc0bc20695993ccebb09f5b5d4d790cd9251b97faac7c652b?s=96&d=blank&r=g","caption":"enequipo"},"sameAs":["https:\/\/www.facebook.com\/SonoraEE"]}]}},"jetpack_featured_media_url":"https:\/\/www.sonoraenequipo.com.mx\/storage\/2026\/09\/los-antinobel-1.jpg","_links":{"self":[{"href":"https:\/\/www.sonoraenequipo.com.mx\/api\/wp\/v2\/posts\/251568","targetHints":{"allow":["GET"]}}],"collection":[{"href":"https:\/\/www.sonoraenequipo.com.mx\/api\/wp\/v2\/posts"}],"about":[{"href":"https:\/\/www.sonoraenequipo.com.mx\/api\/wp\/v2\/types\/post"}],"author":[{"embeddable":true,"href":"https:\/\/www.sonoraenequipo.com.mx\/api\/wp\/v2\/users\/1"}],"replies":[{"embeddable":true,"href":"https:\/\/www.sonoraenequipo.com.mx\/api\/wp\/v2\/comments?post=251568"}],"version-history":[{"count":1,"href":"https:\/\/www.sonoraenequipo.com.mx\/api\/wp\/v2\/posts\/251568\/revisions"}],"predecessor-version":[{"id":251570,"href":"https:\/\/www.sonoraenequipo.com.mx\/api\/wp\/v2\/posts\/251568\/revisions\/251570"}],"wp:featuredmedia":[{"embeddable":true,"href":"https:\/\/www.sonoraenequipo.com.mx\/api\/wp\/v2\/media\/251533"}],"wp:attachment":[{"href":"https:\/\/www.sonoraenequipo.com.mx\/api\/wp\/v2\/media?parent=251568"}],"wp:term":[{"taxonomy":"category","embeddable":true,"href":"https:\/\/www.sonoraenequipo.com.mx\/api\/wp\/v2\/categories?post=251568"},{"taxonomy":"post_tag","embeddable":true,"href":"https:\/\/www.sonoraenequipo.com.mx\/api\/wp\/v2\/tags?post=251568"}],"curies":[{"name":"wp","href":"https:\/\/api.w.org\/{rel}","templated":true}]}}