{"id":251572,"date":"2026-09-04T14:09:16","date_gmt":"2026-09-04T21:09:16","guid":{"rendered":"https:\/\/www.sonoraenequipo.com.mx\/?p=251572"},"modified":"2026-09-04T14:09:16","modified_gmt":"2026-09-04T21:09:16","slug":"ine-inicia-formalmente-la-construccion-del-prep-para-el-proceso-electoral-federal-2026-2027","status":"publish","type":"post","link":"https:\/\/www.sonoraenequipo.com.mx\/ine-inicia-formalmente-la-construccion-del-prep-para-el-proceso-electoral-federal-2026-2027\/","title":{"rendered":"INE inicia formalmente la construcci\u00f3n del PREP para el Proceso Electoral Federal 2026-2027"},"content":{"rendered":"<p><strong>CIUDAD DE M\u00c9XICO, MX. \u2014<\/strong> El Consejo General del Instituto Nacional Electoral (INE) aprob\u00f3 la designaci\u00f3n de la Unidad T\u00e9cnica de Servicios de Inform\u00e1tica (UTSI) como la instancia interna responsable de coordinar el desarrollo de las actividades del Programa de Resultados Electorales Preliminares (PREP) para el Proceso Electoral Federal 2026-2027.<\/p>\n<p>&nbsp;<\/p>\n<p>&nbsp;<\/p>\n<p>&nbsp;<\/p>\n<p>Durante la sesi\u00f3n, la Consejera Presidenta del INE, Guadalupe Taddei Zavala, destac\u00f3 que, aunque la designaci\u00f3n puede parecer una determinaci\u00f3n de car\u00e1cter t\u00e9cnico, representa el inicio formal de la construcci\u00f3n de uno de los mecanismos de informaci\u00f3n m\u00e1s importantes de la Jornada Electoral y de la confianza en el sistema electoral.<\/p>\n<p>&nbsp;<\/p>\n<p>&nbsp;<\/p>\n<p>&nbsp;<\/p>\n<p>La UTSI coordinar\u00e1 las actividades t\u00e9cnicas, operativas y log\u00edsticas necesarias para el desarrollo del Programa, entre ellas los sistemas inform\u00e1ticos, la infraestructura tecnol\u00f3gica y de comunicaciones, los mecanismos de seguridad de la informaci\u00f3n, la instalaci\u00f3n y operaci\u00f3n de los centros de acopio, transmisi\u00f3n, captura y verificaci\u00f3n, la capacitaci\u00f3n del personal, as\u00ed como la publicaci\u00f3n y difusi\u00f3n de los resultados preliminares.<\/p>\n<p>&nbsp;<\/p>\n<p>&nbsp;<\/p>\n<p>&nbsp;<\/p>\n<p>La Unidad cuenta con atribuciones espec\u00edficas y con la experiencia acumulada en la coordinaci\u00f3n de los programas federales de 2018, 2021 y 2024, lo que permitir\u00e1 dar continuidad a los procedimientos que han funcionado, identificar \u00e1reas de mejora y atender los retos tecnol\u00f3gicos y operativos del pr\u00f3ximo proceso electoral.<\/p>\n<p>&nbsp;<\/p>\n<p>&nbsp;<\/p>\n<p>&nbsp;<\/p>\n<p>La Consejera Presidenta resalt\u00f3 que el desarrollo del PREP podr\u00e1 ser observado y revisado: las representaciones de los partidos pol\u00edticos conocer\u00e1n sus avances, el Comit\u00e9 T\u00e9cnico Asesor del Programa de Resultados Electorales Preliminares (COTAPREP) brindar\u00e1 acompa\u00f1amiento especializado, un ente externo auditar\u00e1 el sistema y la ciudadan\u00eda podr\u00e1 consultar los datos y las im\u00e1genes de las actas que sustenten los resultados publicados.<\/p>\n<p>&nbsp;<\/p>\n<p>&nbsp;<\/p>\n<p>&nbsp;<\/p>\n<p>\u201cEn el Instituto sabemos que la confianza no se solicita; se construye con procedimientos claros, responsabilidades definidas, informaci\u00f3n abierta y resultados que puedan ser revisados\u201d, concluy\u00f3.<\/p>\n<p>&nbsp;<\/p>\n<p>&nbsp;<\/p>\n<p>&nbsp;<\/p>\n<p>Con esta determinaci\u00f3n, el INE da el primer paso para que, al concluir la pr\u00f3xima Jornada Electoral, M\u00e9xico cuente nuevamente con un PREP seguro, disponible, preciso y confiable, que informe oportunamente y permita conocer, acta por acta, la integraci\u00f3n de los resultados preliminares.<\/p>\n<p><strong>Fecha de publicaci\u00f3n viernes 4 de septiembre de 2026<\/strong><\/p>\n","protected":false},"excerpt":{"rendered":"<p>CIUDAD DE M\u00c9XICO, MX. \u2014 El Consejo General del Instituto Nacional Electoral (INE) aprob\u00f3 la&#8230;<\/p>\n","protected":false},"author":1,"featured_media":251419,"comment_status":"open","ping_status":"open","sticky":false,"template":"","format":"standard","meta":{"_monsterinsights_skip_tracking":false,"_monsterinsights_sitenote_active":false,"_monsterinsights_sitenote_note":"","_monsterinsights_sitenote_category":0,"footnotes":""},"categories":[5],"tags":[1247,2219],"class_list":["post"],"yoast_head":" \n<title>Sonora en Equipo. INE inicia formalmente la construcci\u00f3n del PREP para el Proceso Electoral Federal 2026-2027 Rep\u00fablica<\/title>\n<meta name=\"description\" content=\"CIUDAD DE M\u00c9XICO, MX. \u2014 El Consejo General del Instituto Nacional Electoral (INE) aprob\u00f3 la designaci\u00f3n de la Unidad T\u00e9cnica de Servicios de Inform\u00e1tica En Sonora en Equipo publicamos toda la informaci\u00f3n de Sonora, M\u00e9xico y el Mundo de manera oportuna y busca que la libertad de expresi\u00f3n sea real. Visita nuestro medio informativo publicado desde Hermosillo, Sonora. %\" \/>\n<meta name=\"robots\" content=\"index, follow, max-snippet:-1, max-image-preview:large, max-video-preview:-1\" \/>\n<link rel=\"canonical\" href=\"https:\/\/www.sonoraenequipo.com.mx\/ine-inicia-formalmente-la-construccion-del-prep-para-el-proceso-electoral-federal-2026-2027\/\" \/>\n<meta property=\"og:locale\" content=\"es_ES\" \/>\n<meta property=\"og:type\" content=\"article\" \/>\n<meta property=\"og:title\" content=\"Sonora en Equipo. INE inicia formalmente la construcci\u00f3n del PREP para el Proceso Electoral Federal 2026-2027 Rep\u00fablica\" \/>\n<meta property=\"og:description\" content=\"CIUDAD DE M\u00c9XICO, MX. \u2014 El Consejo General del Instituto Nacional Electoral (INE) aprob\u00f3 la designaci\u00f3n de la Unidad T\u00e9cnica de Servicios de Inform\u00e1tica En Sonora en Equipo publicamos toda la informaci\u00f3n de Sonora, M\u00e9xico y el Mundo de manera oportuna y busca que la libertad de expresi\u00f3n sea real. Visita nuestro medio informativo publicado desde Hermosillo, Sonora. %\" \/>\n<meta property=\"og:url\" content=\"https:\/\/www.sonoraenequipo.com.mx\/ine-inicia-formalmente-la-construccion-del-prep-para-el-proceso-electoral-federal-2026-2027\/\" \/>\n<meta property=\"og:site_name\" content=\"Sonora en Equipo.\" \/>\n<meta property=\"article:publisher\" content=\"https:\/\/www.facebook.com\/SonoraEE\/\" \/>\n<meta property=\"article:author\" content=\"https:\/\/www.facebook.com\/SonoraEE\" \/>\n<meta property=\"article:published_time\" content=\"2026-09-04T21:09:16+00:00\" \/>\n<meta property=\"og:image\" content=\"https:\/\/www.sonoraenequipo.com.mx\/storage\/2026\/09\/INE.-somos.jpg\" \/>\n\t<meta property=\"og:image:width\" content=\"1000\" \/>\n\t<meta property=\"og:image:height\" content=\"666\" \/>\n\t<meta property=\"og:image:type\" content=\"image\/jpeg\" \/>\n<meta name=\"author\" content=\"enequipo\" \/>\n<meta name=\"twitter:card\" content=\"summary_large_image\" \/>\n<meta name=\"twitter:creator\" content=\"@sonoraenequipo\" \/>\n<meta name=\"twitter:site\" content=\"@sonoraenequipo\" \/>\n<meta name=\"twitter:label1\" content=\"Escrito por\" \/>\n\t<meta name=\"twitter:data1\" content=\"enequipo\" \/>\n\t<meta name=\"twitter:label2\" content=\"Tiempo de lectura\" \/>\n\t<meta name=\"twitter:data2\" content=\"2 minutos\" \/>\n<script type=\"application\/ld+json\" class=\"yoast-schema-graph\">{\"@context\":\"https:\/\/schema.org\",\"@graph\":[{\"@type\":\"Article\",\"@id\":\"https:\/\/www.sonoraenequipo.com.mx\/ine-inicia-formalmente-la-construccion-del-prep-para-el-proceso-electoral-federal-2026-2027\/#article\",\"isPartOf\":{\"@id\":\"https:\/\/www.sonoraenequipo.com.mx\/ine-inicia-formalmente-la-construccion-del-prep-para-el-proceso-electoral-federal-2026-2027\/\"},\"author\":{\"name\":\"enequipo\",\"@id\":\"https:\/\/www.sonoraenequipo.com.mx\/#\/schema\/person\/50102df0fb23a8fa9e8effad8fa81386\"},\"headline\":\"INE inicia formalmente la construcci\u00f3n del PREP para el Proceso Electoral Federal 2026-2027\",\"datePublished\":\"2026-09-04T21:09:16+00:00\",\"mainEntityOfPage\":{\"@id\":\"https:\/\/www.sonoraenequipo.com.mx\/ine-inicia-formalmente-la-construccion-del-prep-para-el-proceso-electoral-federal-2026-2027\/\"},\"wordCount\":415,\"commentCount\":0,\"publisher\":{\"@id\":\"https:\/\/www.sonoraenequipo.com.mx\/#organization\"},\"image\":{\"@id\":\"https:\/\/www.sonoraenequipo.com.mx\/ine-inicia-formalmente-la-construccion-del-prep-para-el-proceso-electoral-federal-2026-2027\/#primaryimage\"},\"thumbnailUrl\":\"https:\/\/www.sonoraenequipo.com.mx\/storage\/2026\/09\/INE.-somos.jpg\",\"keywords\":[\"INE\",\"PREP\"],\"articleSection\":[\"Rep\u00fablica\"],\"inLanguage\":\"es\",\"potentialAction\":[{\"@type\":\"CommentAction\",\"name\":\"Comment\",\"target\":[\"https:\/\/www.sonoraenequipo.com.mx\/ine-inicia-formalmente-la-construccion-del-prep-para-el-proceso-electoral-federal-2026-2027\/#respond\"]}]},{\"@type\":\"WebPage\",\"@id\":\"https:\/\/www.sonoraenequipo.com.mx\/ine-inicia-formalmente-la-construccion-del-prep-para-el-proceso-electoral-federal-2026-2027\/\",\"url\":\"https:\/\/www.sonoraenequipo.com.mx\/ine-inicia-formalmente-la-construccion-del-prep-para-el-proceso-electoral-federal-2026-2027\/\",\"name\":\"Sonora en Equipo. INE inicia formalmente la construcci\u00f3n del PREP para el Proceso Electoral Federal 2026-2027 Rep\u00fablica\",\"isPartOf\":{\"@id\":\"https:\/\/www.sonoraenequipo.com.mx\/#website\"},\"primaryImageOfPage\":{\"@id\":\"https:\/\/www.sonoraenequipo.com.mx\/ine-inicia-formalmente-la-construccion-del-prep-para-el-proceso-electoral-federal-2026-2027\/#primaryimage\"},\"image\":{\"@id\":\"https:\/\/www.sonoraenequipo.com.mx\/ine-inicia-formalmente-la-construccion-del-prep-para-el-proceso-electoral-federal-2026-2027\/#primaryimage\"},\"thumbnailUrl\":\"https:\/\/www.sonoraenequipo.com.mx\/storage\/2026\/09\/INE.-somos.jpg\",\"datePublished\":\"2026-09-04T21:09:16+00:00\",\"description\":\"CIUDAD DE M\u00c9XICO, MX. \u2014 El Consejo General del Instituto Nacional Electoral (INE) aprob\u00f3 la designaci\u00f3n de la Unidad T\u00e9cnica de Servicios de Inform\u00e1tica En Sonora en Equipo publicamos toda la informaci\u00f3n de Sonora, M\u00e9xico y el Mundo de manera oportuna y busca que la libertad de expresi\u00f3n sea real. Visita nuestro medio informativo publicado desde Hermosillo, Sonora. %\",\"breadcrumb\":{\"@id\":\"https:\/\/www.sonoraenequipo.com.mx\/ine-inicia-formalmente-la-construccion-del-prep-para-el-proceso-electoral-federal-2026-2027\/#breadcrumb\"},\"inLanguage\":\"es\",\"potentialAction\":[{\"@type\":\"ReadAction\",\"target\":[\"https:\/\/www.sonoraenequipo.com.mx\/ine-inicia-formalmente-la-construccion-del-prep-para-el-proceso-electoral-federal-2026-2027\/\"]}]},{\"@type\":\"ImageObject\",\"inLanguage\":\"es\",\"@id\":\"https:\/\/www.sonoraenequipo.com.mx\/ine-inicia-formalmente-la-construccion-del-prep-para-el-proceso-electoral-federal-2026-2027\/#primaryimage\",\"url\":\"https:\/\/www.sonoraenequipo.com.mx\/storage\/2026\/09\/INE.-somos.jpg\",\"contentUrl\":\"https:\/\/www.sonoraenequipo.com.mx\/storage\/2026\/09\/INE.-somos.jpg\",\"width\":1000,\"height\":666},{\"@type\":\"BreadcrumbList\",\"@id\":\"https:\/\/www.sonoraenequipo.com.mx\/ine-inicia-formalmente-la-construccion-del-prep-para-el-proceso-electoral-federal-2026-2027\/#breadcrumb\",\"itemListElement\":[{\"@type\":\"ListItem\",\"position\":1,\"name\":\"Portada\",\"item\":\"https:\/\/www.sonoraenequipo.com.mx\/\"},{\"@type\":\"ListItem\",\"position\":2,\"name\":\"INE inicia formalmente la construcci\u00f3n del PREP para el Proceso Electoral Federal 2026-2027\"}]},{\"@type\":\"WebSite\",\"@id\":\"https:\/\/www.sonoraenequipo.com.mx\/#website\",\"url\":\"https:\/\/www.sonoraenequipo.com.mx\/\",\"name\":\"Sonora en Equipo.\",\"description\":\"Diario en l\u00ednea con Noticias desde Hermosillo, Sonora\",\"publisher\":{\"@id\":\"https:\/\/www.sonoraenequipo.com.mx\/#organization\"},\"potentialAction\":[{\"@type\":\"SearchAction\",\"target\":{\"@type\":\"EntryPoint\",\"urlTemplate\":\"https:\/\/www.sonoraenequipo.com.mx\/?s={search_term_string}\"},\"query-input\":{\"@type\":\"PropertyValueSpecification\",\"valueRequired\":true,\"valueName\":\"search_term_string\"}}],\"inLanguage\":\"es\"},{\"@type\":\"Organization\",\"@id\":\"https:\/\/www.sonoraenequipo.com.mx\/#organization\",\"name\":\"Sonoraenequipo.com.mx\",\"url\":\"https:\/\/www.sonoraenequipo.com.mx\/\",\"logo\":{\"@type\":\"ImageObject\",\"inLanguage\":\"es\",\"@id\":\"https:\/\/www.sonoraenequipo.com.mx\/#\/schema\/logo\/image\/\",\"url\":\"https:\/\/www.sonoraenequipo.com.mx\/storage\/2019\/01\/sonoraenequipo_opt.png\",\"contentUrl\":\"https:\/\/www.sonoraenequipo.com.mx\/storage\/2019\/01\/sonoraenequipo_opt.png\",\"width\":375,\"height\":125,\"caption\":\"Sonoraenequipo.com.mx\"},\"image\":{\"@id\":\"https:\/\/www.sonoraenequipo.com.mx\/#\/schema\/logo\/image\/\"},\"sameAs\":[\"https:\/\/www.facebook.com\/SonoraEE\/\",\"https:\/\/x.com\/sonoraenequipo\",\"https:\/\/www.youtube.com\/channel\/UC338nW-lPEYmJQs4ZABQ1SQ\"]},{\"@type\":\"Person\",\"@id\":\"https:\/\/www.sonoraenequipo.com.mx\/#\/schema\/person\/50102df0fb23a8fa9e8effad8fa81386\",\"name\":\"enequipo\",\"image\":{\"@type\":\"ImageObject\",\"inLanguage\":\"es\",\"@id\":\"https:\/\/www.sonoraenequipo.com.mx\/#\/schema\/person\/image\/\",\"url\":\"https:\/\/secure.gravatar.com\/avatar\/049821681b589dabc0bc20695993ccebb09f5b5d4d790cd9251b97faac7c652b?s=96&d=blank&r=g\",\"contentUrl\":\"https:\/\/secure.gravatar.com\/avatar\/049821681b589dabc0bc20695993ccebb09f5b5d4d790cd9251b97faac7c652b?s=96&d=blank&r=g\",\"caption\":\"enequipo\"},\"sameAs\":[\"https:\/\/www.facebook.com\/SonoraEE\"]}]}<\/script>\n ","yoast_head_json":{"title":"Sonora en Equipo. INE inicia formalmente la construcci\u00f3n del PREP para el Proceso Electoral Federal 2026-2027 Rep\u00fablica","description":"CIUDAD DE M\u00c9XICO, MX. \u2014 El Consejo General del Instituto Nacional Electoral (INE) aprob\u00f3 la designaci\u00f3n de la Unidad T\u00e9cnica de Servicios de Inform\u00e1tica En Sonora en Equipo publicamos toda la informaci\u00f3n de Sonora, M\u00e9xico y el Mundo de manera oportuna y busca que la libertad de expresi\u00f3n sea real. Visita nuestro medio informativo publicado desde Hermosillo, Sonora. %","robots":{"index":"index","follow":"follow","max-snippet":"max-snippet:-1","max-image-preview":"max-image-preview:large","max-video-preview":"max-video-preview:-1"},"canonical":"https:\/\/www.sonoraenequipo.com.mx\/ine-inicia-formalmente-la-construccion-del-prep-para-el-proceso-electoral-federal-2026-2027\/","og_locale":"es_ES","og_type":"article","og_title":"Sonora en Equipo. INE inicia formalmente la construcci\u00f3n del PREP para el Proceso Electoral Federal 2026-2027 Rep\u00fablica","og_description":"CIUDAD DE M\u00c9XICO, MX. \u2014 El Consejo General del Instituto Nacional Electoral (INE) aprob\u00f3 la designaci\u00f3n de la Unidad T\u00e9cnica de Servicios de Inform\u00e1tica En Sonora en Equipo publicamos toda la informaci\u00f3n de Sonora, M\u00e9xico y el Mundo de manera oportuna y busca que la libertad de expresi\u00f3n sea real. Visita nuestro medio informativo publicado desde Hermosillo, Sonora. %","og_url":"https:\/\/www.sonoraenequipo.com.mx\/ine-inicia-formalmente-la-construccion-del-prep-para-el-proceso-electoral-federal-2026-2027\/","og_site_name":"Sonora en Equipo.","article_publisher":"https:\/\/www.facebook.com\/SonoraEE\/","article_author":"https:\/\/www.facebook.com\/SonoraEE","article_published_time":"2026-09-04T21:09:16+00:00","og_image":[{"width":1000,"height":666,"url":"https:\/\/www.sonoraenequipo.com.mx\/storage\/2026\/09\/INE.-somos.jpg","type":"image\/jpeg"}],"author":"enequipo","twitter_card":"summary_large_image","twitter_creator":"@sonoraenequipo","twitter_site":"@sonoraenequipo","twitter_misc":{"Escrito por":"enequipo","Tiempo de lectura":"2 minutos"},"schema":{"@context":"https:\/\/schema.org","@graph":[{"@type":"Article","@id":"https:\/\/www.sonoraenequipo.com.mx\/ine-inicia-formalmente-la-construccion-del-prep-para-el-proceso-electoral-federal-2026-2027\/#article","isPartOf":{"@id":"https:\/\/www.sonoraenequipo.com.mx\/ine-inicia-formalmente-la-construccion-del-prep-para-el-proceso-electoral-federal-2026-2027\/"},"author":{"name":"enequipo","@id":"https:\/\/www.sonoraenequipo.com.mx\/#\/schema\/person\/50102df0fb23a8fa9e8effad8fa81386"},"headline":"INE inicia formalmente la construcci\u00f3n del PREP para el Proceso Electoral Federal 2026-2027","datePublished":"2026-09-04T21:09:16+00:00","mainEntityOfPage":{"@id":"https:\/\/www.sonoraenequipo.com.mx\/ine-inicia-formalmente-la-construccion-del-prep-para-el-proceso-electoral-federal-2026-2027\/"},"wordCount":415,"commentCount":0,"publisher":{"@id":"https:\/\/www.sonoraenequipo.com.mx\/#organization"},"image":{"@id":"https:\/\/www.sonoraenequipo.com.mx\/ine-inicia-formalmente-la-construccion-del-prep-para-el-proceso-electoral-federal-2026-2027\/#primaryimage"},"thumbnailUrl":"https:\/\/www.sonoraenequipo.com.mx\/storage\/2026\/09\/INE.-somos.jpg","keywords":["INE","PREP"],"articleSection":["Rep\u00fablica"],"inLanguage":"es","potentialAction":[{"@type":"CommentAction","name":"Comment","target":["https:\/\/www.sonoraenequipo.com.mx\/ine-inicia-formalmente-la-construccion-del-prep-para-el-proceso-electoral-federal-2026-2027\/#respond"]}]},{"@type":"WebPage","@id":"https:\/\/www.sonoraenequipo.com.mx\/ine-inicia-formalmente-la-construccion-del-prep-para-el-proceso-electoral-federal-2026-2027\/","url":"https:\/\/www.sonoraenequipo.com.mx\/ine-inicia-formalmente-la-construccion-del-prep-para-el-proceso-electoral-federal-2026-2027\/","name":"Sonora en Equipo. INE inicia formalmente la construcci\u00f3n del PREP para el Proceso Electoral Federal 2026-2027 Rep\u00fablica","isPartOf":{"@id":"https:\/\/www.sonoraenequipo.com.mx\/#website"},"primaryImageOfPage":{"@id":"https:\/\/www.sonoraenequipo.com.mx\/ine-inicia-formalmente-la-construccion-del-prep-para-el-proceso-electoral-federal-2026-2027\/#primaryimage"},"image":{"@id":"https:\/\/www.sonoraenequipo.com.mx\/ine-inicia-formalmente-la-construccion-del-prep-para-el-proceso-electoral-federal-2026-2027\/#primaryimage"},"thumbnailUrl":"https:\/\/www.sonoraenequipo.com.mx\/storage\/2026\/09\/INE.-somos.jpg","datePublished":"2026-09-04T21:09:16+00:00","description":"CIUDAD DE M\u00c9XICO, MX. \u2014 El Consejo General del Instituto Nacional Electoral (INE) aprob\u00f3 la designaci\u00f3n de la Unidad T\u00e9cnica de Servicios de Inform\u00e1tica En Sonora en Equipo publicamos toda la informaci\u00f3n de Sonora, M\u00e9xico y el Mundo de manera oportuna y busca que la libertad de expresi\u00f3n sea real. Visita nuestro medio informativo publicado desde Hermosillo, Sonora. %","breadcrumb":{"@id":"https:\/\/www.sonoraenequipo.com.mx\/ine-inicia-formalmente-la-construccion-del-prep-para-el-proceso-electoral-federal-2026-2027\/#breadcrumb"},"inLanguage":"es","potentialAction":[{"@type":"ReadAction","target":["https:\/\/www.sonoraenequipo.com.mx\/ine-inicia-formalmente-la-construccion-del-prep-para-el-proceso-electoral-federal-2026-2027\/"]}]},{"@type":"ImageObject","inLanguage":"es","@id":"https:\/\/www.sonoraenequipo.com.mx\/ine-inicia-formalmente-la-construccion-del-prep-para-el-proceso-electoral-federal-2026-2027\/#primaryimage","url":"https:\/\/www.sonoraenequipo.com.mx\/storage\/2026\/09\/INE.-somos.jpg","contentUrl":"https:\/\/www.sonoraenequipo.com.mx\/storage\/2026\/09\/INE.-somos.jpg","width":1000,"height":666},{"@type":"BreadcrumbList","@id":"https:\/\/www.sonoraenequipo.com.mx\/ine-inicia-formalmente-la-construccion-del-prep-para-el-proceso-electoral-federal-2026-2027\/#breadcrumb","itemListElement":[{"@type":"ListItem","position":1,"name":"Portada","item":"https:\/\/www.sonoraenequipo.com.mx\/"},{"@type":"ListItem","position":2,"name":"INE inicia formalmente la construcci\u00f3n del PREP para el Proceso Electoral Federal 2026-2027"}]},{"@type":"WebSite","@id":"https:\/\/www.sonoraenequipo.com.mx\/#website","url":"https:\/\/www.sonoraenequipo.com.mx\/","name":"Sonora en Equipo.","description":"Diario en l\u00ednea con Noticias desde Hermosillo, Sonora","publisher":{"@id":"https:\/\/www.sonoraenequipo.com.mx\/#organization"},"potentialAction":[{"@type":"SearchAction","target":{"@type":"EntryPoint","urlTemplate":"https:\/\/www.sonoraenequipo.com.mx\/?s={search_term_string}"},"query-input":{"@type":"PropertyValueSpecification","valueRequired":true,"valueName":"search_term_string"}}],"inLanguage":"es"},{"@type":"Organization","@id":"https:\/\/www.sonoraenequipo.com.mx\/#organization","name":"Sonoraenequipo.com.mx","url":"https:\/\/www.sonoraenequipo.com.mx\/","logo":{"@type":"ImageObject","inLanguage":"es","@id":"https:\/\/www.sonoraenequipo.com.mx\/#\/schema\/logo\/image\/","url":"https:\/\/www.sonoraenequipo.com.mx\/storage\/2019\/01\/sonoraenequipo_opt.png","contentUrl":"https:\/\/www.sonoraenequipo.com.mx\/storage\/2019\/01\/sonoraenequipo_opt.png","width":375,"height":125,"caption":"Sonoraenequipo.com.mx"},"image":{"@id":"https:\/\/www.sonoraenequipo.com.mx\/#\/schema\/logo\/image\/"},"sameAs":["https:\/\/www.facebook.com\/SonoraEE\/","https:\/\/x.com\/sonoraenequipo","https:\/\/www.youtube.com\/channel\/UC338nW-lPEYmJQs4ZABQ1SQ"]},{"@type":"Person","@id":"https:\/\/www.sonoraenequipo.com.mx\/#\/schema\/person\/50102df0fb23a8fa9e8effad8fa81386","name":"enequipo","image":{"@type":"ImageObject","inLanguage":"es","@id":"https:\/\/www.sonoraenequipo.com.mx\/#\/schema\/person\/image\/","url":"https:\/\/secure.gravatar.com\/avatar\/049821681b589dabc0bc20695993ccebb09f5b5d4d790cd9251b97faac7c652b?s=96&d=blank&r=g","contentUrl":"https:\/\/secure.gravatar.com\/avatar\/049821681b589dabc0bc20695993ccebb09f5b5d4d790cd9251b97faac7c652b?s=96&d=blank&r=g","caption":"enequipo"},"sameAs":["https:\/\/www.facebook.com\/SonoraEE"]}]}},"jetpack_featured_media_url":"https:\/\/www.sonoraenequipo.com.mx\/storage\/2026\/09\/INE.-somos.jpg","_links":{"self":[{"href":"https:\/\/www.sonoraenequipo.com.mx\/api\/wp\/v2\/posts\/251572","targetHints":{"allow":["GET"]}}],"collection":[{"href":"https:\/\/www.sonoraenequipo.com.mx\/api\/wp\/v2\/posts"}],"about":[{"href":"https:\/\/www.sonoraenequipo.com.mx\/api\/wp\/v2\/types\/post"}],"author":[{"embeddable":true,"href":"https:\/\/www.sonoraenequipo.com.mx\/api\/wp\/v2\/users\/1"}],"replies":[{"embeddable":true,"href":"https:\/\/www.sonoraenequipo.com.mx\/api\/wp\/v2\/comments?post=251572"}],"version-history":[{"count":1,"href":"https:\/\/www.sonoraenequipo.com.mx\/api\/wp\/v2\/posts\/251572\/revisions"}],"predecessor-version":[{"id":251573,"href":"https:\/\/www.sonoraenequipo.com.mx\/api\/wp\/v2\/posts\/251572\/revisions\/251573"}],"wp:featuredmedia":[{"embeddable":true,"href":"https:\/\/www.sonoraenequipo.com.mx\/api\/wp\/v2\/media\/251419"}],"wp:attachment":[{"href":"https:\/\/www.sonoraenequipo.com.mx\/api\/wp\/v2\/media?parent=251572"}],"wp:term":[{"taxonomy":"category","embeddable":true,"href":"https:\/\/www.sonoraenequipo.com.mx\/api\/wp\/v2\/categories?post=251572"},{"taxonomy":"post_tag","embeddable":true,"href":"https:\/\/www.sonoraenequipo.com.mx\/api\/wp\/v2\/tags?post=251572"}],"curies":[{"name":"wp","href":"https:\/\/api.w.org\/{rel}","templated":true}]}}