{"id":251581,"date":"2026-09-04T16:52:07","date_gmt":"2026-09-04T23:52:07","guid":{"rendered":"https:\/\/www.sonoraenequipo.com.mx\/?p=251581"},"modified":"2026-09-04T16:52:07","modified_gmt":"2026-09-04T23:52:07","slug":"trump-envia-a-witkoff-y-kushner-a-moscu-y-kiev","status":"publish","type":"post","link":"https:\/\/www.sonoraenequipo.com.mx\/trump-envia-a-witkoff-y-kushner-a-moscu-y-kiev\/","title":{"rendered":"Trump env\u00eda a Witkoff y Kushner a Mosc\u00fa y Kiev"},"content":{"rendered":"<p>Steve Witkoff y Jared Kushner, los emisarios del presidente de Estados Unidos, Donald Trump, viajar\u00e1n este fin de semana a Mosc\u00fa y Kiev con el objetivo de reavivar las conversaciones entre Rusia y Ucrania para poner fin a la guerra, revel\u00f3 este viernes (04.09.2026) el diario The New York Times. \u00abLlevan consigo una propuesta para poner fin a la guerra. Porque yo puse fin a ocho guerras\u00bb, copnfirm\u00f3 a la prensa Trump, quien record\u00f3 que no ha recibido el Premio Nobel de la Paz pese a sus esfuerzos para terminar conflictos internacionales.<\/p>\n<p>&nbsp;<\/p>\n<p>Witkoff, enviado especial de la Casa Blanca, y Kushner, yerno de Trump, se reunir\u00e1n este s\u00e1bado en Mosc\u00fa con el presidente ruso, Vladimir Putin, y posteriormente viajar\u00e1n a Kiev para reunirse con el mandatario ucraniano, Volodimir Zelenski, en el que ser\u00e1 el primer encuentro de ambos negociadores con el l\u00edder ucraniano.<\/p>\n<p>&nbsp;<\/p>\n<p>&nbsp;<\/p>\n<p>Alto el fuego temporal<\/p>\n<p>Zelenski anunci\u00f3 haber propuesto un alto el fuego a Rusia el tiempo que dure la visita de los enviados estadounidenses, horas despu\u00e9s de un ataque a la sede de sus servicios de seguridad en Kiev. \u00abNo habr\u00e1 ataques a\u00e9reos por nuestra parte, y Rusia debe, de manera rec\u00edproca, garantizar un alto el fuego, sin sus ataques a\u00e9reos, durante el tiempo necesario para llevar a cabo estas negociaciones\u00bb, dijo Zelenski.<\/p>\n<p>&nbsp;<\/p>\n<p>Los emisarios estadounidenses fueron a Mosc\u00fa en varias ocasiones, pero hasta ahora no hab\u00edan visitado Kiev, pese a haber recibido invitaciones oficiales del Gobierno de Zelenski. S\u00ed se reunieron con \u00e9l en Berl\u00edn el pasado diciembre, pero la v\u00eda diplom\u00e1tica hab\u00eda quedado relegada en febrero, aunque el presidente ucraniano trat\u00f3 de reactivarla. La visita a la capital ucraniana se viene negociando desde hace meses y tendr\u00e1 lugar \u00abel domingo\u00bb, inform\u00f3 a la AFP un alto cargo ucraniano que pidi\u00f3 permanecer en el anonimato.<\/p>\n<p>&nbsp;<\/p>\n<p>No est\u00e1 claro si Witkoff y Kushner presentar\u00e1n una nueva propuesta de paz o si presionar\u00e1n para cerrar los asuntos pendientes de la anterior, entre ellos qui\u00e9n controlar\u00e1 el Donb\u00e1s, territorio ucraniano parcialmente ocupado por las fuerzas rusas. Mosc\u00fa no ha confirmado oficialmente la visita de los emisarios estadounidenses. La semana pasada, el director de la CIA, John Ratcliffe, viaj\u00f3 a Mosc\u00fa en una visita inusual que ha suscitado especulaciones.<\/p>\n<p>&nbsp;<\/p>\n<p>&nbsp;<\/p>\n<p>&nbsp;<\/p>\n<p>No dejes que el algoritmo oculte las noticias. Si conf\u00edas en este sitio para obtener informaci\u00f3n confiable, por favor dedica un momento a seleccionarnos como tu fuente preferida en Google: haz clic aqu\u00ed y marca el casillero o pulsa el bot\u00f3n de DW.com para ver siempre nuestras noticias verificadas en tus preferencias.<\/p>\n<p><strong>Fecha de publicaci\u00f3n viernes 4 de septiembre de 2026\/DW<\/strong><\/p>\n","protected":false},"excerpt":{"rendered":"<p>Steve Witkoff y Jared Kushner, los emisarios del presidente de Estados Unidos, Donald Trump, viajar\u00e1n&#8230;<\/p>\n","protected":false},"author":1,"featured_media":251583,"comment_status":"open","ping_status":"open","sticky":false,"template":"","format":"standard","meta":{"_monsterinsights_skip_tracking":false,"_monsterinsights_sitenote_active":false,"_monsterinsights_sitenote_note":"","_monsterinsights_sitenote_category":0,"footnotes":""},"categories":[1],"tags":[1916,141,3008],"class_list":["post"],"yoast_head":" \n<title>Sonora en Equipo. Trump env\u00eda a Witkoff y Kushner a Mosc\u00fa y Kiev<\/title>\n<meta name=\"description\" content=\"Steve Witkoff y Jared Kushner, los emisarios del presidente de Estados Unidos, Donald Trump, viajar\u00e1n este fin de semana a Mosc\u00fa y Kiev con el objetivo de En Sonora en Equipo publicamos toda la informaci\u00f3n de Sonora, M\u00e9xico y el Mundo de manera oportuna y busca que la libertad de expresi\u00f3n sea real. Visita nuestro medio informativo publicado desde Hermosillo, Sonora. %\" \/>\n<meta name=\"robots\" content=\"index, follow, max-snippet:-1, max-image-preview:large, max-video-preview:-1\" \/>\n<link rel=\"canonical\" href=\"https:\/\/www.sonoraenequipo.com.mx\/trump-envia-a-witkoff-y-kushner-a-moscu-y-kiev\/\" \/>\n<meta property=\"og:locale\" content=\"es_ES\" \/>\n<meta property=\"og:type\" content=\"article\" \/>\n<meta property=\"og:title\" content=\"Sonora en Equipo. Trump env\u00eda a Witkoff y Kushner a Mosc\u00fa y Kiev\" \/>\n<meta property=\"og:description\" content=\"Steve Witkoff y Jared Kushner, los emisarios del presidente de Estados Unidos, Donald Trump, viajar\u00e1n este fin de semana a Mosc\u00fa y Kiev con el objetivo de En Sonora en Equipo publicamos toda la informaci\u00f3n de Sonora, M\u00e9xico y el Mundo de manera oportuna y busca que la libertad de expresi\u00f3n sea real. Visita nuestro medio informativo publicado desde Hermosillo, Sonora. %\" \/>\n<meta property=\"og:url\" content=\"https:\/\/www.sonoraenequipo.com.mx\/trump-envia-a-witkoff-y-kushner-a-moscu-y-kiev\/\" \/>\n<meta property=\"og:site_name\" content=\"Sonora en Equipo.\" \/>\n<meta property=\"article:publisher\" content=\"https:\/\/www.facebook.com\/SonoraEE\/\" \/>\n<meta property=\"article:author\" content=\"https:\/\/www.facebook.com\/SonoraEE\" \/>\n<meta property=\"article:published_time\" content=\"2026-09-04T23:52:07+00:00\" \/>\n<meta property=\"og:image\" content=\"https:\/\/www.sonoraenequipo.com.mx\/storage\/2026\/09\/kushner-y-witkoff.jpg\" \/>\n\t<meta property=\"og:image:width\" content=\"600\" \/>\n\t<meta property=\"og:image:height\" content=\"400\" \/>\n\t<meta property=\"og:image:type\" content=\"image\/jpeg\" \/>\n<meta name=\"author\" content=\"enequipo\" \/>\n<meta name=\"twitter:card\" content=\"summary_large_image\" \/>\n<meta name=\"twitter:creator\" content=\"@sonoraenequipo\" \/>\n<meta name=\"twitter:site\" content=\"@sonoraenequipo\" \/>\n<meta name=\"twitter:label1\" content=\"Escrito por\" \/>\n\t<meta name=\"twitter:data1\" content=\"enequipo\" \/>\n\t<meta name=\"twitter:label2\" content=\"Tiempo de lectura\" \/>\n\t<meta name=\"twitter:data2\" content=\"2 minutos\" \/>\n<script type=\"application\/ld+json\" class=\"yoast-schema-graph\">{\"@context\":\"https:\/\/schema.org\",\"@graph\":[{\"@type\":\"Article\",\"@id\":\"https:\/\/www.sonoraenequipo.com.mx\/trump-envia-a-witkoff-y-kushner-a-moscu-y-kiev\/#article\",\"isPartOf\":{\"@id\":\"https:\/\/www.sonoraenequipo.com.mx\/trump-envia-a-witkoff-y-kushner-a-moscu-y-kiev\/\"},\"author\":{\"name\":\"enequipo\",\"@id\":\"https:\/\/www.sonoraenequipo.com.mx\/#\/schema\/person\/50102df0fb23a8fa9e8effad8fa81386\"},\"headline\":\"Trump env\u00eda a Witkoff y Kushner a Mosc\u00fa y Kiev\",\"datePublished\":\"2026-09-04T23:52:07+00:00\",\"mainEntityOfPage\":{\"@id\":\"https:\/\/www.sonoraenequipo.com.mx\/trump-envia-a-witkoff-y-kushner-a-moscu-y-kiev\/\"},\"wordCount\":470,\"commentCount\":0,\"publisher\":{\"@id\":\"https:\/\/www.sonoraenequipo.com.mx\/#organization\"},\"image\":{\"@id\":\"https:\/\/www.sonoraenequipo.com.mx\/trump-envia-a-witkoff-y-kushner-a-moscu-y-kiev\/#primaryimage\"},\"thumbnailUrl\":\"https:\/\/www.sonoraenequipo.com.mx\/storage\/2026\/09\/kushner-y-witkoff.jpg\",\"keywords\":[\"EE UU\",\"Rusia\",\"ucrania\"],\"articleSection\":[\"Sin categorizar\"],\"inLanguage\":\"es\",\"potentialAction\":[{\"@type\":\"CommentAction\",\"name\":\"Comment\",\"target\":[\"https:\/\/www.sonoraenequipo.com.mx\/trump-envia-a-witkoff-y-kushner-a-moscu-y-kiev\/#respond\"]}]},{\"@type\":\"WebPage\",\"@id\":\"https:\/\/www.sonoraenequipo.com.mx\/trump-envia-a-witkoff-y-kushner-a-moscu-y-kiev\/\",\"url\":\"https:\/\/www.sonoraenequipo.com.mx\/trump-envia-a-witkoff-y-kushner-a-moscu-y-kiev\/\",\"name\":\"Sonora en Equipo. Trump env\u00eda a Witkoff y Kushner a Mosc\u00fa y Kiev\",\"isPartOf\":{\"@id\":\"https:\/\/www.sonoraenequipo.com.mx\/#website\"},\"primaryImageOfPage\":{\"@id\":\"https:\/\/www.sonoraenequipo.com.mx\/trump-envia-a-witkoff-y-kushner-a-moscu-y-kiev\/#primaryimage\"},\"image\":{\"@id\":\"https:\/\/www.sonoraenequipo.com.mx\/trump-envia-a-witkoff-y-kushner-a-moscu-y-kiev\/#primaryimage\"},\"thumbnailUrl\":\"https:\/\/www.sonoraenequipo.com.mx\/storage\/2026\/09\/kushner-y-witkoff.jpg\",\"datePublished\":\"2026-09-04T23:52:07+00:00\",\"description\":\"Steve Witkoff y Jared Kushner, los emisarios del presidente de Estados Unidos, Donald Trump, viajar\u00e1n este fin de semana a Mosc\u00fa y Kiev con el objetivo de En Sonora en Equipo publicamos toda la informaci\u00f3n de Sonora, M\u00e9xico y el Mundo de manera oportuna y busca que la libertad de expresi\u00f3n sea real. Visita nuestro medio informativo publicado desde Hermosillo, Sonora. %\",\"breadcrumb\":{\"@id\":\"https:\/\/www.sonoraenequipo.com.mx\/trump-envia-a-witkoff-y-kushner-a-moscu-y-kiev\/#breadcrumb\"},\"inLanguage\":\"es\",\"potentialAction\":[{\"@type\":\"ReadAction\",\"target\":[\"https:\/\/www.sonoraenequipo.com.mx\/trump-envia-a-witkoff-y-kushner-a-moscu-y-kiev\/\"]}]},{\"@type\":\"ImageObject\",\"inLanguage\":\"es\",\"@id\":\"https:\/\/www.sonoraenequipo.com.mx\/trump-envia-a-witkoff-y-kushner-a-moscu-y-kiev\/#primaryimage\",\"url\":\"https:\/\/www.sonoraenequipo.com.mx\/storage\/2026\/09\/kushner-y-witkoff.jpg\",\"contentUrl\":\"https:\/\/www.sonoraenequipo.com.mx\/storage\/2026\/09\/kushner-y-witkoff.jpg\",\"width\":600,\"height\":400,\"caption\":\"Kushner y Witkoff,archivo.Picture Alliance\"},{\"@type\":\"BreadcrumbList\",\"@id\":\"https:\/\/www.sonoraenequipo.com.mx\/trump-envia-a-witkoff-y-kushner-a-moscu-y-kiev\/#breadcrumb\",\"itemListElement\":[{\"@type\":\"ListItem\",\"position\":1,\"name\":\"Portada\",\"item\":\"https:\/\/www.sonoraenequipo.com.mx\/\"},{\"@type\":\"ListItem\",\"position\":2,\"name\":\"Trump env\u00eda a Witkoff y Kushner a Mosc\u00fa y Kiev\"}]},{\"@type\":\"WebSite\",\"@id\":\"https:\/\/www.sonoraenequipo.com.mx\/#website\",\"url\":\"https:\/\/www.sonoraenequipo.com.mx\/\",\"name\":\"Sonora en Equipo.\",\"description\":\"Diario en l\u00ednea con Noticias desde Hermosillo, Sonora\",\"publisher\":{\"@id\":\"https:\/\/www.sonoraenequipo.com.mx\/#organization\"},\"potentialAction\":[{\"@type\":\"SearchAction\",\"target\":{\"@type\":\"EntryPoint\",\"urlTemplate\":\"https:\/\/www.sonoraenequipo.com.mx\/?s={search_term_string}\"},\"query-input\":{\"@type\":\"PropertyValueSpecification\",\"valueRequired\":true,\"valueName\":\"search_term_string\"}}],\"inLanguage\":\"es\"},{\"@type\":\"Organization\",\"@id\":\"https:\/\/www.sonoraenequipo.com.mx\/#organization\",\"name\":\"Sonoraenequipo.com.mx\",\"url\":\"https:\/\/www.sonoraenequipo.com.mx\/\",\"logo\":{\"@type\":\"ImageObject\",\"inLanguage\":\"es\",\"@id\":\"https:\/\/www.sonoraenequipo.com.mx\/#\/schema\/logo\/image\/\",\"url\":\"https:\/\/www.sonoraenequipo.com.mx\/storage\/2019\/01\/sonoraenequipo_opt.png\",\"contentUrl\":\"https:\/\/www.sonoraenequipo.com.mx\/storage\/2019\/01\/sonoraenequipo_opt.png\",\"width\":375,\"height\":125,\"caption\":\"Sonoraenequipo.com.mx\"},\"image\":{\"@id\":\"https:\/\/www.sonoraenequipo.com.mx\/#\/schema\/logo\/image\/\"},\"sameAs\":[\"https:\/\/www.facebook.com\/SonoraEE\/\",\"https:\/\/x.com\/sonoraenequipo\",\"https:\/\/www.youtube.com\/channel\/UC338nW-lPEYmJQs4ZABQ1SQ\"]},{\"@type\":\"Person\",\"@id\":\"https:\/\/www.sonoraenequipo.com.mx\/#\/schema\/person\/50102df0fb23a8fa9e8effad8fa81386\",\"name\":\"enequipo\",\"image\":{\"@type\":\"ImageObject\",\"inLanguage\":\"es\",\"@id\":\"https:\/\/www.sonoraenequipo.com.mx\/#\/schema\/person\/image\/\",\"url\":\"https:\/\/secure.gravatar.com\/avatar\/049821681b589dabc0bc20695993ccebb09f5b5d4d790cd9251b97faac7c652b?s=96&d=blank&r=g\",\"contentUrl\":\"https:\/\/secure.gravatar.com\/avatar\/049821681b589dabc0bc20695993ccebb09f5b5d4d790cd9251b97faac7c652b?s=96&d=blank&r=g\",\"caption\":\"enequipo\"},\"sameAs\":[\"https:\/\/www.facebook.com\/SonoraEE\"]}]}<\/script>\n ","yoast_head_json":{"title":"Sonora en Equipo. Trump env\u00eda a Witkoff y Kushner a Mosc\u00fa y Kiev","description":"Steve Witkoff y Jared Kushner, los emisarios del presidente de Estados Unidos, Donald Trump, viajar\u00e1n este fin de semana a Mosc\u00fa y Kiev con el objetivo de En Sonora en Equipo publicamos toda la informaci\u00f3n de Sonora, M\u00e9xico y el Mundo de manera oportuna y busca que la libertad de expresi\u00f3n sea real. Visita nuestro medio informativo publicado desde Hermosillo, Sonora. %","robots":{"index":"index","follow":"follow","max-snippet":"max-snippet:-1","max-image-preview":"max-image-preview:large","max-video-preview":"max-video-preview:-1"},"canonical":"https:\/\/www.sonoraenequipo.com.mx\/trump-envia-a-witkoff-y-kushner-a-moscu-y-kiev\/","og_locale":"es_ES","og_type":"article","og_title":"Sonora en Equipo. Trump env\u00eda a Witkoff y Kushner a Mosc\u00fa y Kiev","og_description":"Steve Witkoff y Jared Kushner, los emisarios del presidente de Estados Unidos, Donald Trump, viajar\u00e1n este fin de semana a Mosc\u00fa y Kiev con el objetivo de En Sonora en Equipo publicamos toda la informaci\u00f3n de Sonora, M\u00e9xico y el Mundo de manera oportuna y busca que la libertad de expresi\u00f3n sea real. Visita nuestro medio informativo publicado desde Hermosillo, Sonora. %","og_url":"https:\/\/www.sonoraenequipo.com.mx\/trump-envia-a-witkoff-y-kushner-a-moscu-y-kiev\/","og_site_name":"Sonora en Equipo.","article_publisher":"https:\/\/www.facebook.com\/SonoraEE\/","article_author":"https:\/\/www.facebook.com\/SonoraEE","article_published_time":"2026-09-04T23:52:07+00:00","og_image":[{"width":600,"height":400,"url":"https:\/\/www.sonoraenequipo.com.mx\/storage\/2026\/09\/kushner-y-witkoff.jpg","type":"image\/jpeg"}],"author":"enequipo","twitter_card":"summary_large_image","twitter_creator":"@sonoraenequipo","twitter_site":"@sonoraenequipo","twitter_misc":{"Escrito por":"enequipo","Tiempo de lectura":"2 minutos"},"schema":{"@context":"https:\/\/schema.org","@graph":[{"@type":"Article","@id":"https:\/\/www.sonoraenequipo.com.mx\/trump-envia-a-witkoff-y-kushner-a-moscu-y-kiev\/#article","isPartOf":{"@id":"https:\/\/www.sonoraenequipo.com.mx\/trump-envia-a-witkoff-y-kushner-a-moscu-y-kiev\/"},"author":{"name":"enequipo","@id":"https:\/\/www.sonoraenequipo.com.mx\/#\/schema\/person\/50102df0fb23a8fa9e8effad8fa81386"},"headline":"Trump env\u00eda a Witkoff y Kushner a Mosc\u00fa y Kiev","datePublished":"2026-09-04T23:52:07+00:00","mainEntityOfPage":{"@id":"https:\/\/www.sonoraenequipo.com.mx\/trump-envia-a-witkoff-y-kushner-a-moscu-y-kiev\/"},"wordCount":470,"commentCount":0,"publisher":{"@id":"https:\/\/www.sonoraenequipo.com.mx\/#organization"},"image":{"@id":"https:\/\/www.sonoraenequipo.com.mx\/trump-envia-a-witkoff-y-kushner-a-moscu-y-kiev\/#primaryimage"},"thumbnailUrl":"https:\/\/www.sonoraenequipo.com.mx\/storage\/2026\/09\/kushner-y-witkoff.jpg","keywords":["EE UU","Rusia","ucrania"],"articleSection":["Sin categorizar"],"inLanguage":"es","potentialAction":[{"@type":"CommentAction","name":"Comment","target":["https:\/\/www.sonoraenequipo.com.mx\/trump-envia-a-witkoff-y-kushner-a-moscu-y-kiev\/#respond"]}]},{"@type":"WebPage","@id":"https:\/\/www.sonoraenequipo.com.mx\/trump-envia-a-witkoff-y-kushner-a-moscu-y-kiev\/","url":"https:\/\/www.sonoraenequipo.com.mx\/trump-envia-a-witkoff-y-kushner-a-moscu-y-kiev\/","name":"Sonora en Equipo. Trump env\u00eda a Witkoff y Kushner a Mosc\u00fa y Kiev","isPartOf":{"@id":"https:\/\/www.sonoraenequipo.com.mx\/#website"},"primaryImageOfPage":{"@id":"https:\/\/www.sonoraenequipo.com.mx\/trump-envia-a-witkoff-y-kushner-a-moscu-y-kiev\/#primaryimage"},"image":{"@id":"https:\/\/www.sonoraenequipo.com.mx\/trump-envia-a-witkoff-y-kushner-a-moscu-y-kiev\/#primaryimage"},"thumbnailUrl":"https:\/\/www.sonoraenequipo.com.mx\/storage\/2026\/09\/kushner-y-witkoff.jpg","datePublished":"2026-09-04T23:52:07+00:00","description":"Steve Witkoff y Jared Kushner, los emisarios del presidente de Estados Unidos, Donald Trump, viajar\u00e1n este fin de semana a Mosc\u00fa y Kiev con el objetivo de En Sonora en Equipo publicamos toda la informaci\u00f3n de Sonora, M\u00e9xico y el Mundo de manera oportuna y busca que la libertad de expresi\u00f3n sea real. Visita nuestro medio informativo publicado desde Hermosillo, Sonora. %","breadcrumb":{"@id":"https:\/\/www.sonoraenequipo.com.mx\/trump-envia-a-witkoff-y-kushner-a-moscu-y-kiev\/#breadcrumb"},"inLanguage":"es","potentialAction":[{"@type":"ReadAction","target":["https:\/\/www.sonoraenequipo.com.mx\/trump-envia-a-witkoff-y-kushner-a-moscu-y-kiev\/"]}]},{"@type":"ImageObject","inLanguage":"es","@id":"https:\/\/www.sonoraenequipo.com.mx\/trump-envia-a-witkoff-y-kushner-a-moscu-y-kiev\/#primaryimage","url":"https:\/\/www.sonoraenequipo.com.mx\/storage\/2026\/09\/kushner-y-witkoff.jpg","contentUrl":"https:\/\/www.sonoraenequipo.com.mx\/storage\/2026\/09\/kushner-y-witkoff.jpg","width":600,"height":400,"caption":"Kushner y Witkoff,archivo.Picture Alliance"},{"@type":"BreadcrumbList","@id":"https:\/\/www.sonoraenequipo.com.mx\/trump-envia-a-witkoff-y-kushner-a-moscu-y-kiev\/#breadcrumb","itemListElement":[{"@type":"ListItem","position":1,"name":"Portada","item":"https:\/\/www.sonoraenequipo.com.mx\/"},{"@type":"ListItem","position":2,"name":"Trump env\u00eda a Witkoff y Kushner a Mosc\u00fa y Kiev"}]},{"@type":"WebSite","@id":"https:\/\/www.sonoraenequipo.com.mx\/#website","url":"https:\/\/www.sonoraenequipo.com.mx\/","name":"Sonora en Equipo.","description":"Diario en l\u00ednea con Noticias desde Hermosillo, Sonora","publisher":{"@id":"https:\/\/www.sonoraenequipo.com.mx\/#organization"},"potentialAction":[{"@type":"SearchAction","target":{"@type":"EntryPoint","urlTemplate":"https:\/\/www.sonoraenequipo.com.mx\/?s={search_term_string}"},"query-input":{"@type":"PropertyValueSpecification","valueRequired":true,"valueName":"search_term_string"}}],"inLanguage":"es"},{"@type":"Organization","@id":"https:\/\/www.sonoraenequipo.com.mx\/#organization","name":"Sonoraenequipo.com.mx","url":"https:\/\/www.sonoraenequipo.com.mx\/","logo":{"@type":"ImageObject","inLanguage":"es","@id":"https:\/\/www.sonoraenequipo.com.mx\/#\/schema\/logo\/image\/","url":"https:\/\/www.sonoraenequipo.com.mx\/storage\/2019\/01\/sonoraenequipo_opt.png","contentUrl":"https:\/\/www.sonoraenequipo.com.mx\/storage\/2019\/01\/sonoraenequipo_opt.png","width":375,"height":125,"caption":"Sonoraenequipo.com.mx"},"image":{"@id":"https:\/\/www.sonoraenequipo.com.mx\/#\/schema\/logo\/image\/"},"sameAs":["https:\/\/www.facebook.com\/SonoraEE\/","https:\/\/x.com\/sonoraenequipo","https:\/\/www.youtube.com\/channel\/UC338nW-lPEYmJQs4ZABQ1SQ"]},{"@type":"Person","@id":"https:\/\/www.sonoraenequipo.com.mx\/#\/schema\/person\/50102df0fb23a8fa9e8effad8fa81386","name":"enequipo","image":{"@type":"ImageObject","inLanguage":"es","@id":"https:\/\/www.sonoraenequipo.com.mx\/#\/schema\/person\/image\/","url":"https:\/\/secure.gravatar.com\/avatar\/049821681b589dabc0bc20695993ccebb09f5b5d4d790cd9251b97faac7c652b?s=96&d=blank&r=g","contentUrl":"https:\/\/secure.gravatar.com\/avatar\/049821681b589dabc0bc20695993ccebb09f5b5d4d790cd9251b97faac7c652b?s=96&d=blank&r=g","caption":"enequipo"},"sameAs":["https:\/\/www.facebook.com\/SonoraEE"]}]}},"jetpack_featured_media_url":"https:\/\/www.sonoraenequipo.com.mx\/storage\/2026\/09\/kushner-y-witkoff.jpg","_links":{"self":[{"href":"https:\/\/www.sonoraenequipo.com.mx\/api\/wp\/v2\/posts\/251581","targetHints":{"allow":["GET"]}}],"collection":[{"href":"https:\/\/www.sonoraenequipo.com.mx\/api\/wp\/v2\/posts"}],"about":[{"href":"https:\/\/www.sonoraenequipo.com.mx\/api\/wp\/v2\/types\/post"}],"author":[{"embeddable":true,"href":"https:\/\/www.sonoraenequipo.com.mx\/api\/wp\/v2\/users\/1"}],"replies":[{"embeddable":true,"href":"https:\/\/www.sonoraenequipo.com.mx\/api\/wp\/v2\/comments?post=251581"}],"version-history":[{"count":1,"href":"https:\/\/www.sonoraenequipo.com.mx\/api\/wp\/v2\/posts\/251581\/revisions"}],"predecessor-version":[{"id":251584,"href":"https:\/\/www.sonoraenequipo.com.mx\/api\/wp\/v2\/posts\/251581\/revisions\/251584"}],"wp:featuredmedia":[{"embeddable":true,"href":"https:\/\/www.sonoraenequipo.com.mx\/api\/wp\/v2\/media\/251583"}],"wp:attachment":[{"href":"https:\/\/www.sonoraenequipo.com.mx\/api\/wp\/v2\/media?parent=251581"}],"wp:term":[{"taxonomy":"category","embeddable":true,"href":"https:\/\/www.sonoraenequipo.com.mx\/api\/wp\/v2\/categories?post=251581"},{"taxonomy":"post_tag","embeddable":true,"href":"https:\/\/www.sonoraenequipo.com.mx\/api\/wp\/v2\/tags?post=251581"}],"curies":[{"name":"wp","href":"https:\/\/api.w.org\/{rel}","templated":true}]}}