{"id":251624,"date":"2026-09-05T12:19:20","date_gmt":"2026-09-05T19:19:20","guid":{"rendered":"https:\/\/www.sonoraenequipo.com.mx\/?p=251624"},"modified":"2026-09-05T12:25:32","modified_gmt":"2026-09-05T19:25:32","slug":"mantiene-gobierno-de-cajeme-apoyos-a-familias-vulnerables-para-mejora-de-vivienda","status":"publish","type":"post","link":"https:\/\/www.sonoraenequipo.com.mx\/mantiene-gobierno-de-cajeme-apoyos-a-familias-vulnerables-para-mejora-de-vivienda\/","title":{"rendered":"Mantiene Gobierno de Cajeme apoyos a familias vulnerables para mejora de vivienda"},"content":{"rendered":"<p><strong>CAJEME, SONORA, MX. \u2014<\/strong> Para apoyar a familias de comunidades rurales en situaci\u00f3n de vulnerabilidad, el Gobierno Municipal, a trav\u00e9s de DIF Cajeme, entreg\u00f3 paquetes de l\u00e1minas galvanizadas para la rehabilitaci\u00f3n de sus viviendas.<\/p>\n<p>&nbsp;<\/p>\n<p>La Directora General de DIF Cajeme, Cuqui Montelongo, en representaci\u00f3n de la Alcaldesa Claudia Santacruz Avil\u00e9s, realiz\u00f3 un recorrido por Granjas Micas, Providencia y el Ejido Tepeyac, tambi\u00e9n conocido como Campo 2, donde hizo entrega de estos apoyos a las familias que solicitaron ayuda.<\/p>\n<p>&nbsp;<\/p>\n<p>Cuqui Montelongo se\u00f1al\u00f3 que para la administraci\u00f3n de Claudia Santacruz Avil\u00e9s es importante atender de manera directa las necesidades de las familias, especialmente de quienes enfrentan alguna situaci\u00f3n que afecta sus hogares.<\/p>\n<p>&nbsp;<\/p>\n<p>Agreg\u00f3 que continuar\u00e1n trabajando para llevar apoyos a las colonias y comunidades de Cajeme, buscando mejorar las condiciones de vida de las familias.<\/p>\n<p>&nbsp;<\/p>\n<p>Por su parte, las familias beneficiadas agradecieron el apoyo recibido, destacando que las l\u00e1minas les permitir\u00e1n reparar sus viviendas y contar con mejores condiciones para sus hogares.<\/p>\n<p><strong>Fecha de publicaci\u00f3n s\u00e1bado 5 de septiembre de 2026<\/strong><\/p>\n","protected":false},"excerpt":{"rendered":"<p>CAJEME, SONORA, MX. \u2014 Para apoyar a familias de comunidades rurales en situaci\u00f3n de vulnerabilidad,&#8230;<\/p>\n","protected":false},"author":1,"featured_media":251625,"comment_status":"open","ping_status":"open","sticky":false,"template":"","format":"standard","meta":{"_monsterinsights_skip_tracking":false,"_monsterinsights_sitenote_active":false,"_monsterinsights_sitenote_note":"","_monsterinsights_sitenote_category":0,"footnotes":""},"categories":[4],"tags":[13053],"class_list":["post"],"yoast_head":" \n<title>Sonora en Equipo. Mantiene Gobierno de Cajeme apoyos a familias vulnerables para mejora de vivienda Municipios<\/title>\n<meta name=\"description\" content=\"CAJEME, SONORA, MX. \u2014 Para apoyar a familias de comunidades rurales en situaci\u00f3n de vulnerabilidad, el Gobierno Municipal, a trav\u00e9s de DIF Cajeme, entreg\u00f3 En Sonora en Equipo publicamos toda la informaci\u00f3n de Sonora, M\u00e9xico y el Mundo de manera oportuna y busca que la libertad de expresi\u00f3n sea real. Visita nuestro medio informativo publicado desde Hermosillo, Sonora. %\" \/>\n<meta name=\"robots\" content=\"index, follow, max-snippet:-1, max-image-preview:large, max-video-preview:-1\" \/>\n<link rel=\"canonical\" href=\"https:\/\/www.sonoraenequipo.com.mx\/mantiene-gobierno-de-cajeme-apoyos-a-familias-vulnerables-para-mejora-de-vivienda\/\" \/>\n<meta property=\"og:locale\" content=\"es_ES\" \/>\n<meta property=\"og:type\" content=\"article\" \/>\n<meta property=\"og:title\" content=\"Sonora en Equipo. Mantiene Gobierno de Cajeme apoyos a familias vulnerables para mejora de vivienda Municipios\" \/>\n<meta property=\"og:description\" content=\"CAJEME, SONORA, MX. \u2014 Para apoyar a familias de comunidades rurales en situaci\u00f3n de vulnerabilidad, el Gobierno Municipal, a trav\u00e9s de DIF Cajeme, entreg\u00f3 En Sonora en Equipo publicamos toda la informaci\u00f3n de Sonora, M\u00e9xico y el Mundo de manera oportuna y busca que la libertad de expresi\u00f3n sea real. Visita nuestro medio informativo publicado desde Hermosillo, Sonora. %\" \/>\n<meta property=\"og:url\" content=\"https:\/\/www.sonoraenequipo.com.mx\/mantiene-gobierno-de-cajeme-apoyos-a-familias-vulnerables-para-mejora-de-vivienda\/\" \/>\n<meta property=\"og:site_name\" content=\"Sonora en Equipo.\" \/>\n<meta property=\"article:publisher\" content=\"https:\/\/www.facebook.com\/SonoraEE\/\" \/>\n<meta property=\"article:author\" content=\"https:\/\/www.facebook.com\/SonoraEE\" \/>\n<meta property=\"article:published_time\" content=\"2026-09-05T19:19:20+00:00\" \/>\n<meta property=\"article:modified_time\" content=\"2026-09-05T19:25:32+00:00\" \/>\n<meta property=\"og:image\" content=\"https:\/\/www.sonoraenequipo.com.mx\/storage\/2026\/09\/apoyos-laminas.jpg\" \/>\n\t<meta property=\"og:image:width\" content=\"600\" \/>\n\t<meta property=\"og:image:height\" content=\"400\" \/>\n\t<meta property=\"og:image:type\" content=\"image\/jpeg\" \/>\n<meta name=\"author\" content=\"enequipo\" \/>\n<meta name=\"twitter:card\" content=\"summary_large_image\" \/>\n<meta name=\"twitter:creator\" content=\"@sonoraenequipo\" \/>\n<meta name=\"twitter:site\" content=\"@sonoraenequipo\" \/>\n<meta name=\"twitter:label1\" content=\"Escrito por\" \/>\n\t<meta name=\"twitter:data1\" content=\"enequipo\" \/>\n\t<meta name=\"twitter:label2\" content=\"Tiempo de lectura\" \/>\n\t<meta name=\"twitter:data2\" content=\"1 minuto\" \/>\n<script type=\"application\/ld+json\" class=\"yoast-schema-graph\">{\"@context\":\"https:\/\/schema.org\",\"@graph\":[{\"@type\":\"Article\",\"@id\":\"https:\/\/www.sonoraenequipo.com.mx\/mantiene-gobierno-de-cajeme-apoyos-a-familias-vulnerables-para-mejora-de-vivienda\/#article\",\"isPartOf\":{\"@id\":\"https:\/\/www.sonoraenequipo.com.mx\/mantiene-gobierno-de-cajeme-apoyos-a-familias-vulnerables-para-mejora-de-vivienda\/\"},\"author\":{\"name\":\"enequipo\",\"@id\":\"https:\/\/www.sonoraenequipo.com.mx\/#\/schema\/person\/50102df0fb23a8fa9e8effad8fa81386\"},\"headline\":\"Mantiene Gobierno de Cajeme apoyos a familias vulnerables para mejora de vivienda\",\"datePublished\":\"2026-09-05T19:19:20+00:00\",\"dateModified\":\"2026-09-05T19:25:32+00:00\",\"mainEntityOfPage\":{\"@id\":\"https:\/\/www.sonoraenequipo.com.mx\/mantiene-gobierno-de-cajeme-apoyos-a-familias-vulnerables-para-mejora-de-vivienda\/\"},\"wordCount\":197,\"commentCount\":0,\"publisher\":{\"@id\":\"https:\/\/www.sonoraenequipo.com.mx\/#organization\"},\"image\":{\"@id\":\"https:\/\/www.sonoraenequipo.com.mx\/mantiene-gobierno-de-cajeme-apoyos-a-familias-vulnerables-para-mejora-de-vivienda\/#primaryimage\"},\"thumbnailUrl\":\"https:\/\/www.sonoraenequipo.com.mx\/storage\/2026\/09\/apoyos-laminas.jpg\",\"keywords\":[\"cajeme apoyos a familias\"],\"articleSection\":[\"Municipios\"],\"inLanguage\":\"es\",\"potentialAction\":[{\"@type\":\"CommentAction\",\"name\":\"Comment\",\"target\":[\"https:\/\/www.sonoraenequipo.com.mx\/mantiene-gobierno-de-cajeme-apoyos-a-familias-vulnerables-para-mejora-de-vivienda\/#respond\"]}]},{\"@type\":\"WebPage\",\"@id\":\"https:\/\/www.sonoraenequipo.com.mx\/mantiene-gobierno-de-cajeme-apoyos-a-familias-vulnerables-para-mejora-de-vivienda\/\",\"url\":\"https:\/\/www.sonoraenequipo.com.mx\/mantiene-gobierno-de-cajeme-apoyos-a-familias-vulnerables-para-mejora-de-vivienda\/\",\"name\":\"Sonora en Equipo. Mantiene Gobierno de Cajeme apoyos a familias vulnerables para mejora de vivienda Municipios\",\"isPartOf\":{\"@id\":\"https:\/\/www.sonoraenequipo.com.mx\/#website\"},\"primaryImageOfPage\":{\"@id\":\"https:\/\/www.sonoraenequipo.com.mx\/mantiene-gobierno-de-cajeme-apoyos-a-familias-vulnerables-para-mejora-de-vivienda\/#primaryimage\"},\"image\":{\"@id\":\"https:\/\/www.sonoraenequipo.com.mx\/mantiene-gobierno-de-cajeme-apoyos-a-familias-vulnerables-para-mejora-de-vivienda\/#primaryimage\"},\"thumbnailUrl\":\"https:\/\/www.sonoraenequipo.com.mx\/storage\/2026\/09\/apoyos-laminas.jpg\",\"datePublished\":\"2026-09-05T19:19:20+00:00\",\"dateModified\":\"2026-09-05T19:25:32+00:00\",\"description\":\"CAJEME, SONORA, MX. \u2014 Para apoyar a familias de comunidades rurales en situaci\u00f3n de vulnerabilidad, el Gobierno Municipal, a trav\u00e9s de DIF Cajeme, entreg\u00f3 En Sonora en Equipo publicamos toda la informaci\u00f3n de Sonora, M\u00e9xico y el Mundo de manera oportuna y busca que la libertad de expresi\u00f3n sea real. Visita nuestro medio informativo publicado desde Hermosillo, Sonora. %\",\"breadcrumb\":{\"@id\":\"https:\/\/www.sonoraenequipo.com.mx\/mantiene-gobierno-de-cajeme-apoyos-a-familias-vulnerables-para-mejora-de-vivienda\/#breadcrumb\"},\"inLanguage\":\"es\",\"potentialAction\":[{\"@type\":\"ReadAction\",\"target\":[\"https:\/\/www.sonoraenequipo.com.mx\/mantiene-gobierno-de-cajeme-apoyos-a-familias-vulnerables-para-mejora-de-vivienda\/\"]}]},{\"@type\":\"ImageObject\",\"inLanguage\":\"es\",\"@id\":\"https:\/\/www.sonoraenequipo.com.mx\/mantiene-gobierno-de-cajeme-apoyos-a-familias-vulnerables-para-mejora-de-vivienda\/#primaryimage\",\"url\":\"https:\/\/www.sonoraenequipo.com.mx\/storage\/2026\/09\/apoyos-laminas.jpg\",\"contentUrl\":\"https:\/\/www.sonoraenequipo.com.mx\/storage\/2026\/09\/apoyos-laminas.jpg\",\"width\":600,\"height\":400,\"caption\":\"L\u00e1mina para vivienda la principal petici\u00f3n\"},{\"@type\":\"BreadcrumbList\",\"@id\":\"https:\/\/www.sonoraenequipo.com.mx\/mantiene-gobierno-de-cajeme-apoyos-a-familias-vulnerables-para-mejora-de-vivienda\/#breadcrumb\",\"itemListElement\":[{\"@type\":\"ListItem\",\"position\":1,\"name\":\"Portada\",\"item\":\"https:\/\/www.sonoraenequipo.com.mx\/\"},{\"@type\":\"ListItem\",\"position\":2,\"name\":\"Mantiene Gobierno de Cajeme apoyos a familias vulnerables para mejora de vivienda\"}]},{\"@type\":\"WebSite\",\"@id\":\"https:\/\/www.sonoraenequipo.com.mx\/#website\",\"url\":\"https:\/\/www.sonoraenequipo.com.mx\/\",\"name\":\"Sonora en Equipo.\",\"description\":\"Diario en l\u00ednea con Noticias desde Hermosillo, Sonora\",\"publisher\":{\"@id\":\"https:\/\/www.sonoraenequipo.com.mx\/#organization\"},\"potentialAction\":[{\"@type\":\"SearchAction\",\"target\":{\"@type\":\"EntryPoint\",\"urlTemplate\":\"https:\/\/www.sonoraenequipo.com.mx\/?s={search_term_string}\"},\"query-input\":{\"@type\":\"PropertyValueSpecification\",\"valueRequired\":true,\"valueName\":\"search_term_string\"}}],\"inLanguage\":\"es\"},{\"@type\":\"Organization\",\"@id\":\"https:\/\/www.sonoraenequipo.com.mx\/#organization\",\"name\":\"Sonoraenequipo.com.mx\",\"url\":\"https:\/\/www.sonoraenequipo.com.mx\/\",\"logo\":{\"@type\":\"ImageObject\",\"inLanguage\":\"es\",\"@id\":\"https:\/\/www.sonoraenequipo.com.mx\/#\/schema\/logo\/image\/\",\"url\":\"https:\/\/www.sonoraenequipo.com.mx\/storage\/2019\/01\/sonoraenequipo_opt.png\",\"contentUrl\":\"https:\/\/www.sonoraenequipo.com.mx\/storage\/2019\/01\/sonoraenequipo_opt.png\",\"width\":375,\"height\":125,\"caption\":\"Sonoraenequipo.com.mx\"},\"image\":{\"@id\":\"https:\/\/www.sonoraenequipo.com.mx\/#\/schema\/logo\/image\/\"},\"sameAs\":[\"https:\/\/www.facebook.com\/SonoraEE\/\",\"https:\/\/x.com\/sonoraenequipo\",\"https:\/\/www.youtube.com\/channel\/UC338nW-lPEYmJQs4ZABQ1SQ\"]},{\"@type\":\"Person\",\"@id\":\"https:\/\/www.sonoraenequipo.com.mx\/#\/schema\/person\/50102df0fb23a8fa9e8effad8fa81386\",\"name\":\"enequipo\",\"image\":{\"@type\":\"ImageObject\",\"inLanguage\":\"es\",\"@id\":\"https:\/\/www.sonoraenequipo.com.mx\/#\/schema\/person\/image\/\",\"url\":\"https:\/\/secure.gravatar.com\/avatar\/049821681b589dabc0bc20695993ccebb09f5b5d4d790cd9251b97faac7c652b?s=96&d=blank&r=g\",\"contentUrl\":\"https:\/\/secure.gravatar.com\/avatar\/049821681b589dabc0bc20695993ccebb09f5b5d4d790cd9251b97faac7c652b?s=96&d=blank&r=g\",\"caption\":\"enequipo\"},\"sameAs\":[\"https:\/\/www.facebook.com\/SonoraEE\"]}]}<\/script>\n ","yoast_head_json":{"title":"Sonora en Equipo. Mantiene Gobierno de Cajeme apoyos a familias vulnerables para mejora de vivienda Municipios","description":"CAJEME, SONORA, MX. \u2014 Para apoyar a familias de comunidades rurales en situaci\u00f3n de vulnerabilidad, el Gobierno Municipal, a trav\u00e9s de DIF Cajeme, entreg\u00f3 En Sonora en Equipo publicamos toda la informaci\u00f3n de Sonora, M\u00e9xico y el Mundo de manera oportuna y busca que la libertad de expresi\u00f3n sea real. Visita nuestro medio informativo publicado desde Hermosillo, Sonora. %","robots":{"index":"index","follow":"follow","max-snippet":"max-snippet:-1","max-image-preview":"max-image-preview:large","max-video-preview":"max-video-preview:-1"},"canonical":"https:\/\/www.sonoraenequipo.com.mx\/mantiene-gobierno-de-cajeme-apoyos-a-familias-vulnerables-para-mejora-de-vivienda\/","og_locale":"es_ES","og_type":"article","og_title":"Sonora en Equipo. Mantiene Gobierno de Cajeme apoyos a familias vulnerables para mejora de vivienda Municipios","og_description":"CAJEME, SONORA, MX. \u2014 Para apoyar a familias de comunidades rurales en situaci\u00f3n de vulnerabilidad, el Gobierno Municipal, a trav\u00e9s de DIF Cajeme, entreg\u00f3 En Sonora en Equipo publicamos toda la informaci\u00f3n de Sonora, M\u00e9xico y el Mundo de manera oportuna y busca que la libertad de expresi\u00f3n sea real. Visita nuestro medio informativo publicado desde Hermosillo, Sonora. %","og_url":"https:\/\/www.sonoraenequipo.com.mx\/mantiene-gobierno-de-cajeme-apoyos-a-familias-vulnerables-para-mejora-de-vivienda\/","og_site_name":"Sonora en Equipo.","article_publisher":"https:\/\/www.facebook.com\/SonoraEE\/","article_author":"https:\/\/www.facebook.com\/SonoraEE","article_published_time":"2026-09-05T19:19:20+00:00","article_modified_time":"2026-09-05T19:25:32+00:00","og_image":[{"width":600,"height":400,"url":"https:\/\/www.sonoraenequipo.com.mx\/storage\/2026\/09\/apoyos-laminas.jpg","type":"image\/jpeg"}],"author":"enequipo","twitter_card":"summary_large_image","twitter_creator":"@sonoraenequipo","twitter_site":"@sonoraenequipo","twitter_misc":{"Escrito por":"enequipo","Tiempo de lectura":"1 minuto"},"schema":{"@context":"https:\/\/schema.org","@graph":[{"@type":"Article","@id":"https:\/\/www.sonoraenequipo.com.mx\/mantiene-gobierno-de-cajeme-apoyos-a-familias-vulnerables-para-mejora-de-vivienda\/#article","isPartOf":{"@id":"https:\/\/www.sonoraenequipo.com.mx\/mantiene-gobierno-de-cajeme-apoyos-a-familias-vulnerables-para-mejora-de-vivienda\/"},"author":{"name":"enequipo","@id":"https:\/\/www.sonoraenequipo.com.mx\/#\/schema\/person\/50102df0fb23a8fa9e8effad8fa81386"},"headline":"Mantiene Gobierno de Cajeme apoyos a familias vulnerables para mejora de vivienda","datePublished":"2026-09-05T19:19:20+00:00","dateModified":"2026-09-05T19:25:32+00:00","mainEntityOfPage":{"@id":"https:\/\/www.sonoraenequipo.com.mx\/mantiene-gobierno-de-cajeme-apoyos-a-familias-vulnerables-para-mejora-de-vivienda\/"},"wordCount":197,"commentCount":0,"publisher":{"@id":"https:\/\/www.sonoraenequipo.com.mx\/#organization"},"image":{"@id":"https:\/\/www.sonoraenequipo.com.mx\/mantiene-gobierno-de-cajeme-apoyos-a-familias-vulnerables-para-mejora-de-vivienda\/#primaryimage"},"thumbnailUrl":"https:\/\/www.sonoraenequipo.com.mx\/storage\/2026\/09\/apoyos-laminas.jpg","keywords":["cajeme apoyos a familias"],"articleSection":["Municipios"],"inLanguage":"es","potentialAction":[{"@type":"CommentAction","name":"Comment","target":["https:\/\/www.sonoraenequipo.com.mx\/mantiene-gobierno-de-cajeme-apoyos-a-familias-vulnerables-para-mejora-de-vivienda\/#respond"]}]},{"@type":"WebPage","@id":"https:\/\/www.sonoraenequipo.com.mx\/mantiene-gobierno-de-cajeme-apoyos-a-familias-vulnerables-para-mejora-de-vivienda\/","url":"https:\/\/www.sonoraenequipo.com.mx\/mantiene-gobierno-de-cajeme-apoyos-a-familias-vulnerables-para-mejora-de-vivienda\/","name":"Sonora en Equipo. Mantiene Gobierno de Cajeme apoyos a familias vulnerables para mejora de vivienda Municipios","isPartOf":{"@id":"https:\/\/www.sonoraenequipo.com.mx\/#website"},"primaryImageOfPage":{"@id":"https:\/\/www.sonoraenequipo.com.mx\/mantiene-gobierno-de-cajeme-apoyos-a-familias-vulnerables-para-mejora-de-vivienda\/#primaryimage"},"image":{"@id":"https:\/\/www.sonoraenequipo.com.mx\/mantiene-gobierno-de-cajeme-apoyos-a-familias-vulnerables-para-mejora-de-vivienda\/#primaryimage"},"thumbnailUrl":"https:\/\/www.sonoraenequipo.com.mx\/storage\/2026\/09\/apoyos-laminas.jpg","datePublished":"2026-09-05T19:19:20+00:00","dateModified":"2026-09-05T19:25:32+00:00","description":"CAJEME, SONORA, MX. \u2014 Para apoyar a familias de comunidades rurales en situaci\u00f3n de vulnerabilidad, el Gobierno Municipal, a trav\u00e9s de DIF Cajeme, entreg\u00f3 En Sonora en Equipo publicamos toda la informaci\u00f3n de Sonora, M\u00e9xico y el Mundo de manera oportuna y busca que la libertad de expresi\u00f3n sea real. Visita nuestro medio informativo publicado desde Hermosillo, Sonora. %","breadcrumb":{"@id":"https:\/\/www.sonoraenequipo.com.mx\/mantiene-gobierno-de-cajeme-apoyos-a-familias-vulnerables-para-mejora-de-vivienda\/#breadcrumb"},"inLanguage":"es","potentialAction":[{"@type":"ReadAction","target":["https:\/\/www.sonoraenequipo.com.mx\/mantiene-gobierno-de-cajeme-apoyos-a-familias-vulnerables-para-mejora-de-vivienda\/"]}]},{"@type":"ImageObject","inLanguage":"es","@id":"https:\/\/www.sonoraenequipo.com.mx\/mantiene-gobierno-de-cajeme-apoyos-a-familias-vulnerables-para-mejora-de-vivienda\/#primaryimage","url":"https:\/\/www.sonoraenequipo.com.mx\/storage\/2026\/09\/apoyos-laminas.jpg","contentUrl":"https:\/\/www.sonoraenequipo.com.mx\/storage\/2026\/09\/apoyos-laminas.jpg","width":600,"height":400,"caption":"L\u00e1mina para vivienda la principal petici\u00f3n"},{"@type":"BreadcrumbList","@id":"https:\/\/www.sonoraenequipo.com.mx\/mantiene-gobierno-de-cajeme-apoyos-a-familias-vulnerables-para-mejora-de-vivienda\/#breadcrumb","itemListElement":[{"@type":"ListItem","position":1,"name":"Portada","item":"https:\/\/www.sonoraenequipo.com.mx\/"},{"@type":"ListItem","position":2,"name":"Mantiene Gobierno de Cajeme apoyos a familias vulnerables para mejora de vivienda"}]},{"@type":"WebSite","@id":"https:\/\/www.sonoraenequipo.com.mx\/#website","url":"https:\/\/www.sonoraenequipo.com.mx\/","name":"Sonora en Equipo.","description":"Diario en l\u00ednea con Noticias desde Hermosillo, Sonora","publisher":{"@id":"https:\/\/www.sonoraenequipo.com.mx\/#organization"},"potentialAction":[{"@type":"SearchAction","target":{"@type":"EntryPoint","urlTemplate":"https:\/\/www.sonoraenequipo.com.mx\/?s={search_term_string}"},"query-input":{"@type":"PropertyValueSpecification","valueRequired":true,"valueName":"search_term_string"}}],"inLanguage":"es"},{"@type":"Organization","@id":"https:\/\/www.sonoraenequipo.com.mx\/#organization","name":"Sonoraenequipo.com.mx","url":"https:\/\/www.sonoraenequipo.com.mx\/","logo":{"@type":"ImageObject","inLanguage":"es","@id":"https:\/\/www.sonoraenequipo.com.mx\/#\/schema\/logo\/image\/","url":"https:\/\/www.sonoraenequipo.com.mx\/storage\/2019\/01\/sonoraenequipo_opt.png","contentUrl":"https:\/\/www.sonoraenequipo.com.mx\/storage\/2019\/01\/sonoraenequipo_opt.png","width":375,"height":125,"caption":"Sonoraenequipo.com.mx"},"image":{"@id":"https:\/\/www.sonoraenequipo.com.mx\/#\/schema\/logo\/image\/"},"sameAs":["https:\/\/www.facebook.com\/SonoraEE\/","https:\/\/x.com\/sonoraenequipo","https:\/\/www.youtube.com\/channel\/UC338nW-lPEYmJQs4ZABQ1SQ"]},{"@type":"Person","@id":"https:\/\/www.sonoraenequipo.com.mx\/#\/schema\/person\/50102df0fb23a8fa9e8effad8fa81386","name":"enequipo","image":{"@type":"ImageObject","inLanguage":"es","@id":"https:\/\/www.sonoraenequipo.com.mx\/#\/schema\/person\/image\/","url":"https:\/\/secure.gravatar.com\/avatar\/049821681b589dabc0bc20695993ccebb09f5b5d4d790cd9251b97faac7c652b?s=96&d=blank&r=g","contentUrl":"https:\/\/secure.gravatar.com\/avatar\/049821681b589dabc0bc20695993ccebb09f5b5d4d790cd9251b97faac7c652b?s=96&d=blank&r=g","caption":"enequipo"},"sameAs":["https:\/\/www.facebook.com\/SonoraEE"]}]}},"jetpack_featured_media_url":"https:\/\/www.sonoraenequipo.com.mx\/storage\/2026\/09\/apoyos-laminas.jpg","_links":{"self":[{"href":"https:\/\/www.sonoraenequipo.com.mx\/api\/wp\/v2\/posts\/251624","targetHints":{"allow":["GET"]}}],"collection":[{"href":"https:\/\/www.sonoraenequipo.com.mx\/api\/wp\/v2\/posts"}],"about":[{"href":"https:\/\/www.sonoraenequipo.com.mx\/api\/wp\/v2\/types\/post"}],"author":[{"embeddable":true,"href":"https:\/\/www.sonoraenequipo.com.mx\/api\/wp\/v2\/users\/1"}],"replies":[{"embeddable":true,"href":"https:\/\/www.sonoraenequipo.com.mx\/api\/wp\/v2\/comments?post=251624"}],"version-history":[{"count":1,"href":"https:\/\/www.sonoraenequipo.com.mx\/api\/wp\/v2\/posts\/251624\/revisions"}],"predecessor-version":[{"id":251626,"href":"https:\/\/www.sonoraenequipo.com.mx\/api\/wp\/v2\/posts\/251624\/revisions\/251626"}],"wp:featuredmedia":[{"embeddable":true,"href":"https:\/\/www.sonoraenequipo.com.mx\/api\/wp\/v2\/media\/251625"}],"wp:attachment":[{"href":"https:\/\/www.sonoraenequipo.com.mx\/api\/wp\/v2\/media?parent=251624"}],"wp:term":[{"taxonomy":"category","embeddable":true,"href":"https:\/\/www.sonoraenequipo.com.mx\/api\/wp\/v2\/categories?post=251624"},{"taxonomy":"post_tag","embeddable":true,"href":"https:\/\/www.sonoraenequipo.com.mx\/api\/wp\/v2\/tags?post=251624"}],"curies":[{"name":"wp","href":"https:\/\/api.w.org\/{rel}","templated":true}]}}