{"id":251627,"date":"2026-09-05T13:17:29","date_gmt":"2026-09-05T20:17:29","guid":{"rendered":"https:\/\/www.sonoraenequipo.com.mx\/?p=251627"},"modified":"2026-09-05T13:17:29","modified_gmt":"2026-09-05T20:17:29","slug":"necesaria-experiencia-y-sensibilidad-para-encabezar-la-coordinacion-de-la-4t-en-sonora-celida-lopez","status":"publish","type":"post","link":"https:\/\/www.sonoraenequipo.com.mx\/necesaria-experiencia-y-sensibilidad-para-encabezar-la-coordinacion-de-la-4t-en-sonora-celida-lopez\/","title":{"rendered":"Necesaria experiencia y sensibilidad para encabezar la Coordinaci\u00f3n de la 4T en Sonora: Celida L\u00f3pez"},"content":{"rendered":"<p><strong>HERMOSILLO, SONORA, MX. \u2014<\/strong> La capacidad de sumar, incluir, integrar equipos y gestionar soluciones para la poblaci\u00f3n, es una de las habilidades m\u00e1s importantes de las mujeres en el servicio p\u00fablico, manifest\u00f3 Celida L\u00f3pez.<\/p>\n<p>&nbsp;<\/p>\n<p>\u201cLa habilidad m\u00e1s importante que puede tener una mujer que trabaja en el servicio p\u00fablico es la capacidad que tiene de sumar de incluir de integrar de hacer equipos, buscar soluciones, el de gestionar respuestas para la gente\u201d, expres\u00f3.<\/p>\n<p>&nbsp;<\/p>\n<p>Celida L\u00f3pez destac\u00f3 que su trayectoria como alcaldesa de Hermosillo, secretaria de Turismo, jefa de la Oficina del Ejecutivo y titular de la Sagarhpa le permiti\u00f3 adquirir experiencia administrativa y conocer las necesidades de las distintas regiones de Sonora.<\/p>\n<p>&nbsp;<\/p>\n<p>Se\u00f1al\u00f3 que la confianza que ha tenido en ella el gobernador Alfonso Durazo, le ha permitido adquirir experiencia y formaci\u00f3n, pues como titular de la Secretar\u00eda de Agricultura, Ganader\u00eda, Recursos Hidr\u00e1ulicos, Pesca y Acuacultura (Sagarhpa), pero tambi\u00e9n como jefa de la Oficina del Ejecutivo y como secretaria de Turismo, le han permitido tener un conocimiento real del territorio.<\/p>\n<p>&nbsp;<\/p>\n<p>Celida L\u00f3pez sostuvo que este es el momento de una mujer con experiencia, capacidad y sensibilidad social, que no llegue a improvisar y que pueda integrar a todas las expresiones para continuar trabajando en beneficio del pueblo de Sonora.<\/p>\n<p>&nbsp;<\/p>\n<p>\u201cSabemos lo que la gente necesita y creo que este es el momento de una mujer con experiencia, que no llegue a improvisar, tenemos un conocimiento real del territorio, sabemos lo que la gente necesita y creo que este es el momento de una mujer con experiencia, que no llegue a improvisar, yo creo que una mujer ha demostrado ser capaz de organizar, de enfrentar crisis, de formar equipos, de acompa\u00f1ar a los sectores productivos, pero tambi\u00e9n de una mujer honesta\u201d, asever\u00f3.<\/p>\n<p><strong>Fecha de publicaci\u00f3n s\u00e1bado 5 de septiembre de 2026<\/strong><\/p>\n","protected":false},"excerpt":{"rendered":"<p>HERMOSILLO, SONORA, MX. \u2014 La capacidad de sumar, incluir, integrar equipos y gestionar soluciones para&#8230;<\/p>\n","protected":false},"author":1,"featured_media":251629,"comment_status":"open","ping_status":"open","sticky":false,"template":"","format":"standard","meta":{"_monsterinsights_skip_tracking":false,"_monsterinsights_sitenote_active":false,"_monsterinsights_sitenote_note":"","_monsterinsights_sitenote_category":0,"footnotes":""},"categories":[22],"tags":[4886],"class_list":["post"],"yoast_head":" \n<title>Sonora en Equipo. Necesaria experiencia y sensibilidad para encabezar la Coordinaci\u00f3n de la 4T en Sonora: Celida L\u00f3pez Sonora<\/title>\n<meta name=\"description\" content=\"HERMOSILLO, SONORA, MX. \u2014 La capacidad de sumar, incluir, integrar equipos y gestionar soluciones para la poblaci\u00f3n, es una de las habilidades m\u00e1s En Sonora en Equipo publicamos toda la informaci\u00f3n de Sonora, M\u00e9xico y el Mundo de manera oportuna y busca que la libertad de expresi\u00f3n sea real. Visita nuestro medio informativo publicado desde Hermosillo, Sonora. %\" \/>\n<meta name=\"robots\" content=\"index, follow, max-snippet:-1, max-image-preview:large, max-video-preview:-1\" \/>\n<link rel=\"canonical\" href=\"https:\/\/www.sonoraenequipo.com.mx\/necesaria-experiencia-y-sensibilidad-para-encabezar-la-coordinacion-de-la-4t-en-sonora-celida-lopez\/\" \/>\n<meta property=\"og:locale\" content=\"es_ES\" \/>\n<meta property=\"og:type\" content=\"article\" \/>\n<meta property=\"og:title\" content=\"Sonora en Equipo. Necesaria experiencia y sensibilidad para encabezar la Coordinaci\u00f3n de la 4T en Sonora: Celida L\u00f3pez Sonora\" \/>\n<meta property=\"og:description\" content=\"HERMOSILLO, SONORA, MX. \u2014 La capacidad de sumar, incluir, integrar equipos y gestionar soluciones para la poblaci\u00f3n, es una de las habilidades m\u00e1s En Sonora en Equipo publicamos toda la informaci\u00f3n de Sonora, M\u00e9xico y el Mundo de manera oportuna y busca que la libertad de expresi\u00f3n sea real. Visita nuestro medio informativo publicado desde Hermosillo, Sonora. %\" \/>\n<meta property=\"og:url\" content=\"https:\/\/www.sonoraenequipo.com.mx\/necesaria-experiencia-y-sensibilidad-para-encabezar-la-coordinacion-de-la-4t-en-sonora-celida-lopez\/\" \/>\n<meta property=\"og:site_name\" content=\"Sonora en Equipo.\" \/>\n<meta property=\"article:publisher\" content=\"https:\/\/www.facebook.com\/SonoraEE\/\" \/>\n<meta property=\"article:author\" content=\"https:\/\/www.facebook.com\/SonoraEE\" \/>\n<meta property=\"article:published_time\" content=\"2026-09-05T20:17:29+00:00\" \/>\n<meta property=\"og:image\" content=\"https:\/\/www.sonoraenequipo.com.mx\/storage\/2026\/09\/clc-4T.jpg\" \/>\n\t<meta property=\"og:image:width\" content=\"600\" \/>\n\t<meta property=\"og:image:height\" content=\"400\" \/>\n\t<meta property=\"og:image:type\" content=\"image\/jpeg\" \/>\n<meta name=\"author\" content=\"enequipo\" \/>\n<meta name=\"twitter:card\" content=\"summary_large_image\" \/>\n<meta name=\"twitter:creator\" content=\"@sonoraenequipo\" \/>\n<meta name=\"twitter:site\" content=\"@sonoraenequipo\" \/>\n<meta name=\"twitter:label1\" content=\"Escrito por\" \/>\n\t<meta name=\"twitter:data1\" content=\"enequipo\" \/>\n\t<meta name=\"twitter:label2\" content=\"Tiempo de lectura\" \/>\n\t<meta name=\"twitter:data2\" content=\"2 minutos\" \/>\n<script type=\"application\/ld+json\" class=\"yoast-schema-graph\">{\"@context\":\"https:\/\/schema.org\",\"@graph\":[{\"@type\":\"Article\",\"@id\":\"https:\/\/www.sonoraenequipo.com.mx\/necesaria-experiencia-y-sensibilidad-para-encabezar-la-coordinacion-de-la-4t-en-sonora-celida-lopez\/#article\",\"isPartOf\":{\"@id\":\"https:\/\/www.sonoraenequipo.com.mx\/necesaria-experiencia-y-sensibilidad-para-encabezar-la-coordinacion-de-la-4t-en-sonora-celida-lopez\/\"},\"author\":{\"name\":\"enequipo\",\"@id\":\"https:\/\/www.sonoraenequipo.com.mx\/#\/schema\/person\/50102df0fb23a8fa9e8effad8fa81386\"},\"headline\":\"Necesaria experiencia y sensibilidad para encabezar la Coordinaci\u00f3n de la 4T en Sonora: Celida L\u00f3pez\",\"datePublished\":\"2026-09-05T20:17:29+00:00\",\"mainEntityOfPage\":{\"@id\":\"https:\/\/www.sonoraenequipo.com.mx\/necesaria-experiencia-y-sensibilidad-para-encabezar-la-coordinacion-de-la-4t-en-sonora-celida-lopez\/\"},\"wordCount\":337,\"commentCount\":0,\"publisher\":{\"@id\":\"https:\/\/www.sonoraenequipo.com.mx\/#organization\"},\"image\":{\"@id\":\"https:\/\/www.sonoraenequipo.com.mx\/necesaria-experiencia-y-sensibilidad-para-encabezar-la-coordinacion-de-la-4t-en-sonora-celida-lopez\/#primaryimage\"},\"thumbnailUrl\":\"https:\/\/www.sonoraenequipo.com.mx\/storage\/2026\/09\/clc-4T.jpg\",\"keywords\":[\"estadio\"],\"articleSection\":[\"Sonora\"],\"inLanguage\":\"es\",\"potentialAction\":[{\"@type\":\"CommentAction\",\"name\":\"Comment\",\"target\":[\"https:\/\/www.sonoraenequipo.com.mx\/necesaria-experiencia-y-sensibilidad-para-encabezar-la-coordinacion-de-la-4t-en-sonora-celida-lopez\/#respond\"]}]},{\"@type\":\"WebPage\",\"@id\":\"https:\/\/www.sonoraenequipo.com.mx\/necesaria-experiencia-y-sensibilidad-para-encabezar-la-coordinacion-de-la-4t-en-sonora-celida-lopez\/\",\"url\":\"https:\/\/www.sonoraenequipo.com.mx\/necesaria-experiencia-y-sensibilidad-para-encabezar-la-coordinacion-de-la-4t-en-sonora-celida-lopez\/\",\"name\":\"Sonora en Equipo. Necesaria experiencia y sensibilidad para encabezar la Coordinaci\u00f3n de la 4T en Sonora: Celida L\u00f3pez Sonora\",\"isPartOf\":{\"@id\":\"https:\/\/www.sonoraenequipo.com.mx\/#website\"},\"primaryImageOfPage\":{\"@id\":\"https:\/\/www.sonoraenequipo.com.mx\/necesaria-experiencia-y-sensibilidad-para-encabezar-la-coordinacion-de-la-4t-en-sonora-celida-lopez\/#primaryimage\"},\"image\":{\"@id\":\"https:\/\/www.sonoraenequipo.com.mx\/necesaria-experiencia-y-sensibilidad-para-encabezar-la-coordinacion-de-la-4t-en-sonora-celida-lopez\/#primaryimage\"},\"thumbnailUrl\":\"https:\/\/www.sonoraenequipo.com.mx\/storage\/2026\/09\/clc-4T.jpg\",\"datePublished\":\"2026-09-05T20:17:29+00:00\",\"description\":\"HERMOSILLO, SONORA, MX. \u2014 La capacidad de sumar, incluir, integrar equipos y gestionar soluciones para la poblaci\u00f3n, es una de las habilidades m\u00e1s En Sonora en Equipo publicamos toda la informaci\u00f3n de Sonora, M\u00e9xico y el Mundo de manera oportuna y busca que la libertad de expresi\u00f3n sea real. Visita nuestro medio informativo publicado desde Hermosillo, Sonora. %\",\"breadcrumb\":{\"@id\":\"https:\/\/www.sonoraenequipo.com.mx\/necesaria-experiencia-y-sensibilidad-para-encabezar-la-coordinacion-de-la-4t-en-sonora-celida-lopez\/#breadcrumb\"},\"inLanguage\":\"es\",\"potentialAction\":[{\"@type\":\"ReadAction\",\"target\":[\"https:\/\/www.sonoraenequipo.com.mx\/necesaria-experiencia-y-sensibilidad-para-encabezar-la-coordinacion-de-la-4t-en-sonora-celida-lopez\/\"]}]},{\"@type\":\"ImageObject\",\"inLanguage\":\"es\",\"@id\":\"https:\/\/www.sonoraenequipo.com.mx\/necesaria-experiencia-y-sensibilidad-para-encabezar-la-coordinacion-de-la-4t-en-sonora-celida-lopez\/#primaryimage\",\"url\":\"https:\/\/www.sonoraenequipo.com.mx\/storage\/2026\/09\/clc-4T.jpg\",\"contentUrl\":\"https:\/\/www.sonoraenequipo.com.mx\/storage\/2026\/09\/clc-4T.jpg\",\"width\":600,\"height\":400},{\"@type\":\"BreadcrumbList\",\"@id\":\"https:\/\/www.sonoraenequipo.com.mx\/necesaria-experiencia-y-sensibilidad-para-encabezar-la-coordinacion-de-la-4t-en-sonora-celida-lopez\/#breadcrumb\",\"itemListElement\":[{\"@type\":\"ListItem\",\"position\":1,\"name\":\"Portada\",\"item\":\"https:\/\/www.sonoraenequipo.com.mx\/\"},{\"@type\":\"ListItem\",\"position\":2,\"name\":\"Necesaria experiencia y sensibilidad para encabezar la Coordinaci\u00f3n de la 4T en Sonora: Celida L\u00f3pez\"}]},{\"@type\":\"WebSite\",\"@id\":\"https:\/\/www.sonoraenequipo.com.mx\/#website\",\"url\":\"https:\/\/www.sonoraenequipo.com.mx\/\",\"name\":\"Sonora en Equipo.\",\"description\":\"Diario en l\u00ednea con Noticias desde Hermosillo, Sonora\",\"publisher\":{\"@id\":\"https:\/\/www.sonoraenequipo.com.mx\/#organization\"},\"potentialAction\":[{\"@type\":\"SearchAction\",\"target\":{\"@type\":\"EntryPoint\",\"urlTemplate\":\"https:\/\/www.sonoraenequipo.com.mx\/?s={search_term_string}\"},\"query-input\":{\"@type\":\"PropertyValueSpecification\",\"valueRequired\":true,\"valueName\":\"search_term_string\"}}],\"inLanguage\":\"es\"},{\"@type\":\"Organization\",\"@id\":\"https:\/\/www.sonoraenequipo.com.mx\/#organization\",\"name\":\"Sonoraenequipo.com.mx\",\"url\":\"https:\/\/www.sonoraenequipo.com.mx\/\",\"logo\":{\"@type\":\"ImageObject\",\"inLanguage\":\"es\",\"@id\":\"https:\/\/www.sonoraenequipo.com.mx\/#\/schema\/logo\/image\/\",\"url\":\"https:\/\/www.sonoraenequipo.com.mx\/storage\/2019\/01\/sonoraenequipo_opt.png\",\"contentUrl\":\"https:\/\/www.sonoraenequipo.com.mx\/storage\/2019\/01\/sonoraenequipo_opt.png\",\"width\":375,\"height\":125,\"caption\":\"Sonoraenequipo.com.mx\"},\"image\":{\"@id\":\"https:\/\/www.sonoraenequipo.com.mx\/#\/schema\/logo\/image\/\"},\"sameAs\":[\"https:\/\/www.facebook.com\/SonoraEE\/\",\"https:\/\/x.com\/sonoraenequipo\",\"https:\/\/www.youtube.com\/channel\/UC338nW-lPEYmJQs4ZABQ1SQ\"]},{\"@type\":\"Person\",\"@id\":\"https:\/\/www.sonoraenequipo.com.mx\/#\/schema\/person\/50102df0fb23a8fa9e8effad8fa81386\",\"name\":\"enequipo\",\"image\":{\"@type\":\"ImageObject\",\"inLanguage\":\"es\",\"@id\":\"https:\/\/www.sonoraenequipo.com.mx\/#\/schema\/person\/image\/\",\"url\":\"https:\/\/secure.gravatar.com\/avatar\/049821681b589dabc0bc20695993ccebb09f5b5d4d790cd9251b97faac7c652b?s=96&d=blank&r=g\",\"contentUrl\":\"https:\/\/secure.gravatar.com\/avatar\/049821681b589dabc0bc20695993ccebb09f5b5d4d790cd9251b97faac7c652b?s=96&d=blank&r=g\",\"caption\":\"enequipo\"},\"sameAs\":[\"https:\/\/www.facebook.com\/SonoraEE\"]}]}<\/script>\n ","yoast_head_json":{"title":"Sonora en Equipo. Necesaria experiencia y sensibilidad para encabezar la Coordinaci\u00f3n de la 4T en Sonora: Celida L\u00f3pez Sonora","description":"HERMOSILLO, SONORA, MX. \u2014 La capacidad de sumar, incluir, integrar equipos y gestionar soluciones para la poblaci\u00f3n, es una de las habilidades m\u00e1s En Sonora en Equipo publicamos toda la informaci\u00f3n de Sonora, M\u00e9xico y el Mundo de manera oportuna y busca que la libertad de expresi\u00f3n sea real. Visita nuestro medio informativo publicado desde Hermosillo, Sonora. %","robots":{"index":"index","follow":"follow","max-snippet":"max-snippet:-1","max-image-preview":"max-image-preview:large","max-video-preview":"max-video-preview:-1"},"canonical":"https:\/\/www.sonoraenequipo.com.mx\/necesaria-experiencia-y-sensibilidad-para-encabezar-la-coordinacion-de-la-4t-en-sonora-celida-lopez\/","og_locale":"es_ES","og_type":"article","og_title":"Sonora en Equipo. Necesaria experiencia y sensibilidad para encabezar la Coordinaci\u00f3n de la 4T en Sonora: Celida L\u00f3pez Sonora","og_description":"HERMOSILLO, SONORA, MX. \u2014 La capacidad de sumar, incluir, integrar equipos y gestionar soluciones para la poblaci\u00f3n, es una de las habilidades m\u00e1s En Sonora en Equipo publicamos toda la informaci\u00f3n de Sonora, M\u00e9xico y el Mundo de manera oportuna y busca que la libertad de expresi\u00f3n sea real. Visita nuestro medio informativo publicado desde Hermosillo, Sonora. %","og_url":"https:\/\/www.sonoraenequipo.com.mx\/necesaria-experiencia-y-sensibilidad-para-encabezar-la-coordinacion-de-la-4t-en-sonora-celida-lopez\/","og_site_name":"Sonora en Equipo.","article_publisher":"https:\/\/www.facebook.com\/SonoraEE\/","article_author":"https:\/\/www.facebook.com\/SonoraEE","article_published_time":"2026-09-05T20:17:29+00:00","og_image":[{"width":600,"height":400,"url":"https:\/\/www.sonoraenequipo.com.mx\/storage\/2026\/09\/clc-4T.jpg","type":"image\/jpeg"}],"author":"enequipo","twitter_card":"summary_large_image","twitter_creator":"@sonoraenequipo","twitter_site":"@sonoraenequipo","twitter_misc":{"Escrito por":"enequipo","Tiempo de lectura":"2 minutos"},"schema":{"@context":"https:\/\/schema.org","@graph":[{"@type":"Article","@id":"https:\/\/www.sonoraenequipo.com.mx\/necesaria-experiencia-y-sensibilidad-para-encabezar-la-coordinacion-de-la-4t-en-sonora-celida-lopez\/#article","isPartOf":{"@id":"https:\/\/www.sonoraenequipo.com.mx\/necesaria-experiencia-y-sensibilidad-para-encabezar-la-coordinacion-de-la-4t-en-sonora-celida-lopez\/"},"author":{"name":"enequipo","@id":"https:\/\/www.sonoraenequipo.com.mx\/#\/schema\/person\/50102df0fb23a8fa9e8effad8fa81386"},"headline":"Necesaria experiencia y sensibilidad para encabezar la Coordinaci\u00f3n de la 4T en Sonora: Celida L\u00f3pez","datePublished":"2026-09-05T20:17:29+00:00","mainEntityOfPage":{"@id":"https:\/\/www.sonoraenequipo.com.mx\/necesaria-experiencia-y-sensibilidad-para-encabezar-la-coordinacion-de-la-4t-en-sonora-celida-lopez\/"},"wordCount":337,"commentCount":0,"publisher":{"@id":"https:\/\/www.sonoraenequipo.com.mx\/#organization"},"image":{"@id":"https:\/\/www.sonoraenequipo.com.mx\/necesaria-experiencia-y-sensibilidad-para-encabezar-la-coordinacion-de-la-4t-en-sonora-celida-lopez\/#primaryimage"},"thumbnailUrl":"https:\/\/www.sonoraenequipo.com.mx\/storage\/2026\/09\/clc-4T.jpg","keywords":["estadio"],"articleSection":["Sonora"],"inLanguage":"es","potentialAction":[{"@type":"CommentAction","name":"Comment","target":["https:\/\/www.sonoraenequipo.com.mx\/necesaria-experiencia-y-sensibilidad-para-encabezar-la-coordinacion-de-la-4t-en-sonora-celida-lopez\/#respond"]}]},{"@type":"WebPage","@id":"https:\/\/www.sonoraenequipo.com.mx\/necesaria-experiencia-y-sensibilidad-para-encabezar-la-coordinacion-de-la-4t-en-sonora-celida-lopez\/","url":"https:\/\/www.sonoraenequipo.com.mx\/necesaria-experiencia-y-sensibilidad-para-encabezar-la-coordinacion-de-la-4t-en-sonora-celida-lopez\/","name":"Sonora en Equipo. Necesaria experiencia y sensibilidad para encabezar la Coordinaci\u00f3n de la 4T en Sonora: Celida L\u00f3pez Sonora","isPartOf":{"@id":"https:\/\/www.sonoraenequipo.com.mx\/#website"},"primaryImageOfPage":{"@id":"https:\/\/www.sonoraenequipo.com.mx\/necesaria-experiencia-y-sensibilidad-para-encabezar-la-coordinacion-de-la-4t-en-sonora-celida-lopez\/#primaryimage"},"image":{"@id":"https:\/\/www.sonoraenequipo.com.mx\/necesaria-experiencia-y-sensibilidad-para-encabezar-la-coordinacion-de-la-4t-en-sonora-celida-lopez\/#primaryimage"},"thumbnailUrl":"https:\/\/www.sonoraenequipo.com.mx\/storage\/2026\/09\/clc-4T.jpg","datePublished":"2026-09-05T20:17:29+00:00","description":"HERMOSILLO, SONORA, MX. \u2014 La capacidad de sumar, incluir, integrar equipos y gestionar soluciones para la poblaci\u00f3n, es una de las habilidades m\u00e1s En Sonora en Equipo publicamos toda la informaci\u00f3n de Sonora, M\u00e9xico y el Mundo de manera oportuna y busca que la libertad de expresi\u00f3n sea real. Visita nuestro medio informativo publicado desde Hermosillo, Sonora. %","breadcrumb":{"@id":"https:\/\/www.sonoraenequipo.com.mx\/necesaria-experiencia-y-sensibilidad-para-encabezar-la-coordinacion-de-la-4t-en-sonora-celida-lopez\/#breadcrumb"},"inLanguage":"es","potentialAction":[{"@type":"ReadAction","target":["https:\/\/www.sonoraenequipo.com.mx\/necesaria-experiencia-y-sensibilidad-para-encabezar-la-coordinacion-de-la-4t-en-sonora-celida-lopez\/"]}]},{"@type":"ImageObject","inLanguage":"es","@id":"https:\/\/www.sonoraenequipo.com.mx\/necesaria-experiencia-y-sensibilidad-para-encabezar-la-coordinacion-de-la-4t-en-sonora-celida-lopez\/#primaryimage","url":"https:\/\/www.sonoraenequipo.com.mx\/storage\/2026\/09\/clc-4T.jpg","contentUrl":"https:\/\/www.sonoraenequipo.com.mx\/storage\/2026\/09\/clc-4T.jpg","width":600,"height":400},{"@type":"BreadcrumbList","@id":"https:\/\/www.sonoraenequipo.com.mx\/necesaria-experiencia-y-sensibilidad-para-encabezar-la-coordinacion-de-la-4t-en-sonora-celida-lopez\/#breadcrumb","itemListElement":[{"@type":"ListItem","position":1,"name":"Portada","item":"https:\/\/www.sonoraenequipo.com.mx\/"},{"@type":"ListItem","position":2,"name":"Necesaria experiencia y sensibilidad para encabezar la Coordinaci\u00f3n de la 4T en Sonora: Celida L\u00f3pez"}]},{"@type":"WebSite","@id":"https:\/\/www.sonoraenequipo.com.mx\/#website","url":"https:\/\/www.sonoraenequipo.com.mx\/","name":"Sonora en Equipo.","description":"Diario en l\u00ednea con Noticias desde Hermosillo, Sonora","publisher":{"@id":"https:\/\/www.sonoraenequipo.com.mx\/#organization"},"potentialAction":[{"@type":"SearchAction","target":{"@type":"EntryPoint","urlTemplate":"https:\/\/www.sonoraenequipo.com.mx\/?s={search_term_string}"},"query-input":{"@type":"PropertyValueSpecification","valueRequired":true,"valueName":"search_term_string"}}],"inLanguage":"es"},{"@type":"Organization","@id":"https:\/\/www.sonoraenequipo.com.mx\/#organization","name":"Sonoraenequipo.com.mx","url":"https:\/\/www.sonoraenequipo.com.mx\/","logo":{"@type":"ImageObject","inLanguage":"es","@id":"https:\/\/www.sonoraenequipo.com.mx\/#\/schema\/logo\/image\/","url":"https:\/\/www.sonoraenequipo.com.mx\/storage\/2019\/01\/sonoraenequipo_opt.png","contentUrl":"https:\/\/www.sonoraenequipo.com.mx\/storage\/2019\/01\/sonoraenequipo_opt.png","width":375,"height":125,"caption":"Sonoraenequipo.com.mx"},"image":{"@id":"https:\/\/www.sonoraenequipo.com.mx\/#\/schema\/logo\/image\/"},"sameAs":["https:\/\/www.facebook.com\/SonoraEE\/","https:\/\/x.com\/sonoraenequipo","https:\/\/www.youtube.com\/channel\/UC338nW-lPEYmJQs4ZABQ1SQ"]},{"@type":"Person","@id":"https:\/\/www.sonoraenequipo.com.mx\/#\/schema\/person\/50102df0fb23a8fa9e8effad8fa81386","name":"enequipo","image":{"@type":"ImageObject","inLanguage":"es","@id":"https:\/\/www.sonoraenequipo.com.mx\/#\/schema\/person\/image\/","url":"https:\/\/secure.gravatar.com\/avatar\/049821681b589dabc0bc20695993ccebb09f5b5d4d790cd9251b97faac7c652b?s=96&d=blank&r=g","contentUrl":"https:\/\/secure.gravatar.com\/avatar\/049821681b589dabc0bc20695993ccebb09f5b5d4d790cd9251b97faac7c652b?s=96&d=blank&r=g","caption":"enequipo"},"sameAs":["https:\/\/www.facebook.com\/SonoraEE"]}]}},"jetpack_featured_media_url":"https:\/\/www.sonoraenequipo.com.mx\/storage\/2026\/09\/clc-4T.jpg","_links":{"self":[{"href":"https:\/\/www.sonoraenequipo.com.mx\/api\/wp\/v2\/posts\/251627","targetHints":{"allow":["GET"]}}],"collection":[{"href":"https:\/\/www.sonoraenequipo.com.mx\/api\/wp\/v2\/posts"}],"about":[{"href":"https:\/\/www.sonoraenequipo.com.mx\/api\/wp\/v2\/types\/post"}],"author":[{"embeddable":true,"href":"https:\/\/www.sonoraenequipo.com.mx\/api\/wp\/v2\/users\/1"}],"replies":[{"embeddable":true,"href":"https:\/\/www.sonoraenequipo.com.mx\/api\/wp\/v2\/comments?post=251627"}],"version-history":[{"count":1,"href":"https:\/\/www.sonoraenequipo.com.mx\/api\/wp\/v2\/posts\/251627\/revisions"}],"predecessor-version":[{"id":251630,"href":"https:\/\/www.sonoraenequipo.com.mx\/api\/wp\/v2\/posts\/251627\/revisions\/251630"}],"wp:featuredmedia":[{"embeddable":true,"href":"https:\/\/www.sonoraenequipo.com.mx\/api\/wp\/v2\/media\/251629"}],"wp:attachment":[{"href":"https:\/\/www.sonoraenequipo.com.mx\/api\/wp\/v2\/media?parent=251627"}],"wp:term":[{"taxonomy":"category","embeddable":true,"href":"https:\/\/www.sonoraenequipo.com.mx\/api\/wp\/v2\/categories?post=251627"},{"taxonomy":"post_tag","embeddable":true,"href":"https:\/\/www.sonoraenequipo.com.mx\/api\/wp\/v2\/tags?post=251627"}],"curies":[{"name":"wp","href":"https:\/\/api.w.org\/{rel}","templated":true}]}}