{"id":251634,"date":"2026-09-05T13:45:46","date_gmt":"2026-09-05T20:45:46","guid":{"rendered":"https:\/\/www.sonoraenequipo.com.mx\/?p=251634"},"modified":"2026-09-05T13:45:46","modified_gmt":"2026-09-05T20:45:46","slug":"vinculan-a-dos-sujetos-en-slrc-por-posesion-de-vehiculos-robados-en-ee-uu","status":"publish","type":"post","link":"https:\/\/www.sonoraenequipo.com.mx\/vinculan-a-dos-sujetos-en-slrc-por-posesion-de-vehiculos-robados-en-ee-uu\/","title":{"rendered":"Vinculan a\u00a0 dos sujetos en SLRC\u00a0 por \u00a0posesi\u00f3n de veh\u00edculos robados en EE.UU. \u00a0"},"content":{"rendered":"<p><strong>SAN LUIS R\u00cdO COLORADO, SONORA, MX. \u2014<\/strong> Fiscal\u00eda General de Justicia del Estado de Sonora (FGJES) present\u00f3 los datos de prueba que permitieron vincular a proceso a Jos\u00e9 Alberto \u201cN\u201d, de 35 a\u00f1os, y Agust\u00edn \u201cN\u201d, de 55, por su probable responsabilidad en el delito de posesi\u00f3n de veh\u00edculo de propulsi\u00f3n mec\u00e1nica con reporte de robo en San Luis R\u00edo Colorado.<\/p>\n<p>&nbsp;<\/p>\n<p>La resoluci\u00f3n fue dictada durante la continuaci\u00f3n de la audiencia de control de detenci\u00f3n. El Juez mantuvo la prisi\u00f3n preventiva justificada para ambos imputados y fij\u00f3 un plazo de dos meses para el cierre de la investigaci\u00f3n complementaria.<\/p>\n<p>&nbsp;<\/p>\n<p>Los hechos se registraron el 21 de agosto de 2026, sobre la Carretera Estatal 40, en el tramo San Luis R\u00edo Colorado-Golfo de Santa Clara, donde los imputados fueron detenidos mientras ten\u00edan bajo su radio de acci\u00f3n y disponibilidad dos veh\u00edculos Jeep de color gris.<\/p>\n<p>&nbsp;<\/p>\n<p>Agust\u00edn \u201cN\u201d se encontraba en posesi\u00f3n de un Jeep Wrangler modelo 2026, con reporte de robo presentado el 17 de agosto en San Diego, California. Jos\u00e9 Alberto \u201cN\u201d ten\u00eda bajo su disponibilidad un Jeep Gladiator modelo 2024, reportado como robado el 18 de agosto en la misma ciudad estadounidense.<\/p>\n<p>&nbsp;<\/p>\n<p>La coincidencia de las caracter\u00edsticas y los datos de identificaci\u00f3n de ambas unidades con los reportes correspondientes fue incorporada por el Ministerio P\u00fablico a la carpeta de investigaci\u00f3n y presentada ante la autoridad judicial.<\/p>\n<p>&nbsp;<\/p>\n<p>La FGJES sostendr\u00e1 con firmeza el proceso penal y las investigaciones contra quienes posean o trasladen veh\u00edculos con reporte de robo, para proteger el patrimonio de las v\u00edctimas y cerrar el paso a la circulaci\u00f3n ilegal de estas unidades en Sonora.<\/p>\n<p><strong>Fecha de publicaci\u00f3n s\u00e1bado 5 de septiembre de 2026<\/strong><\/p>\n","protected":false},"excerpt":{"rendered":"<p>SAN LUIS R\u00cdO COLORADO, SONORA, MX. \u2014 Fiscal\u00eda General de Justicia del Estado de Sonora&#8230;<\/p>\n","protected":false},"author":1,"featured_media":251635,"comment_status":"open","ping_status":"open","sticky":false,"template":"","format":"standard","meta":{"_monsterinsights_skip_tracking":false,"_monsterinsights_sitenote_active":false,"_monsterinsights_sitenote_note":"","_monsterinsights_sitenote_category":0,"footnotes":""},"categories":[3144],"tags":[8864],"class_list":["post"],"yoast_head":" \n<title>Sonora en Equipo. Vinculan a\u00a0 dos sujetos en SLRC\u00a0 por \u00a0posesi\u00f3n de veh\u00edculos robados en EE.UU. \u00a0 Polic\u00edaca<\/title>\n<meta name=\"description\" content=\"SAN LUIS R\u00cdO COLORADO, SONORA, MX. \u2014 Fiscal\u00eda General de Justicia del Estado de Sonora (FGJES) present\u00f3 los datos de prueba que permitieron vincular a En Sonora en Equipo publicamos toda la informaci\u00f3n de Sonora, M\u00e9xico y el Mundo de manera oportuna y busca que la libertad de expresi\u00f3n sea real. Visita nuestro medio informativo publicado desde Hermosillo, Sonora. %\" \/>\n<meta name=\"robots\" content=\"index, follow, max-snippet:-1, max-image-preview:large, max-video-preview:-1\" \/>\n<link rel=\"canonical\" href=\"https:\/\/www.sonoraenequipo.com.mx\/vinculan-a-dos-sujetos-en-slrc-por-posesion-de-vehiculos-robados-en-ee-uu\/\" \/>\n<meta property=\"og:locale\" content=\"es_ES\" \/>\n<meta property=\"og:type\" content=\"article\" \/>\n<meta property=\"og:title\" content=\"Sonora en Equipo. Vinculan a\u00a0 dos sujetos en SLRC\u00a0 por \u00a0posesi\u00f3n de veh\u00edculos robados en EE.UU. \u00a0 Polic\u00edaca\" \/>\n<meta property=\"og:description\" content=\"SAN LUIS R\u00cdO COLORADO, SONORA, MX. \u2014 Fiscal\u00eda General de Justicia del Estado de Sonora (FGJES) present\u00f3 los datos de prueba que permitieron vincular a En Sonora en Equipo publicamos toda la informaci\u00f3n de Sonora, M\u00e9xico y el Mundo de manera oportuna y busca que la libertad de expresi\u00f3n sea real. Visita nuestro medio informativo publicado desde Hermosillo, Sonora. %\" \/>\n<meta property=\"og:url\" content=\"https:\/\/www.sonoraenequipo.com.mx\/vinculan-a-dos-sujetos-en-slrc-por-posesion-de-vehiculos-robados-en-ee-uu\/\" \/>\n<meta property=\"og:site_name\" content=\"Sonora en Equipo.\" \/>\n<meta property=\"article:publisher\" content=\"https:\/\/www.facebook.com\/SonoraEE\/\" \/>\n<meta property=\"article:author\" content=\"https:\/\/www.facebook.com\/SonoraEE\" \/>\n<meta property=\"article:published_time\" content=\"2026-09-05T20:45:46+00:00\" \/>\n<meta property=\"og:image\" content=\"https:\/\/www.sonoraenequipo.com.mx\/storage\/2026\/09\/roba-autos.jpg\" \/>\n\t<meta property=\"og:image:width\" content=\"600\" \/>\n\t<meta property=\"og:image:height\" content=\"400\" \/>\n\t<meta property=\"og:image:type\" content=\"image\/jpeg\" \/>\n<meta name=\"author\" content=\"enequipo\" \/>\n<meta name=\"twitter:card\" content=\"summary_large_image\" \/>\n<meta name=\"twitter:creator\" content=\"@sonoraenequipo\" \/>\n<meta name=\"twitter:site\" content=\"@sonoraenequipo\" \/>\n<meta name=\"twitter:label1\" content=\"Escrito por\" \/>\n\t<meta name=\"twitter:data1\" content=\"enequipo\" \/>\n\t<meta name=\"twitter:label2\" content=\"Tiempo de lectura\" \/>\n\t<meta name=\"twitter:data2\" content=\"2 minutos\" \/>\n<script type=\"application\/ld+json\" class=\"yoast-schema-graph\">{\"@context\":\"https:\/\/schema.org\",\"@graph\":[{\"@type\":\"Article\",\"@id\":\"https:\/\/www.sonoraenequipo.com.mx\/vinculan-a-dos-sujetos-en-slrc-por-posesion-de-vehiculos-robados-en-ee-uu\/#article\",\"isPartOf\":{\"@id\":\"https:\/\/www.sonoraenequipo.com.mx\/vinculan-a-dos-sujetos-en-slrc-por-posesion-de-vehiculos-robados-en-ee-uu\/\"},\"author\":{\"name\":\"enequipo\",\"@id\":\"https:\/\/www.sonoraenequipo.com.mx\/#\/schema\/person\/50102df0fb23a8fa9e8effad8fa81386\"},\"headline\":\"Vinculan a\u00a0 dos sujetos en SLRC\u00a0 por \u00a0posesi\u00f3n de veh\u00edculos robados en EE.UU. \u00a0\",\"datePublished\":\"2026-09-05T20:45:46+00:00\",\"mainEntityOfPage\":{\"@id\":\"https:\/\/www.sonoraenequipo.com.mx\/vinculan-a-dos-sujetos-en-slrc-por-posesion-de-vehiculos-robados-en-ee-uu\/\"},\"wordCount\":316,\"commentCount\":0,\"publisher\":{\"@id\":\"https:\/\/www.sonoraenequipo.com.mx\/#organization\"},\"image\":{\"@id\":\"https:\/\/www.sonoraenequipo.com.mx\/vinculan-a-dos-sujetos-en-slrc-por-posesion-de-vehiculos-robados-en-ee-uu\/#primaryimage\"},\"thumbnailUrl\":\"https:\/\/www.sonoraenequipo.com.mx\/storage\/2026\/09\/roba-autos.jpg\",\"keywords\":[\"robo.autos\"],\"articleSection\":[\"Polic\u00edaca\"],\"inLanguage\":\"es\",\"potentialAction\":[{\"@type\":\"CommentAction\",\"name\":\"Comment\",\"target\":[\"https:\/\/www.sonoraenequipo.com.mx\/vinculan-a-dos-sujetos-en-slrc-por-posesion-de-vehiculos-robados-en-ee-uu\/#respond\"]}]},{\"@type\":\"WebPage\",\"@id\":\"https:\/\/www.sonoraenequipo.com.mx\/vinculan-a-dos-sujetos-en-slrc-por-posesion-de-vehiculos-robados-en-ee-uu\/\",\"url\":\"https:\/\/www.sonoraenequipo.com.mx\/vinculan-a-dos-sujetos-en-slrc-por-posesion-de-vehiculos-robados-en-ee-uu\/\",\"name\":\"Sonora en Equipo. Vinculan a\u00a0 dos sujetos en SLRC\u00a0 por \u00a0posesi\u00f3n de veh\u00edculos robados en EE.UU. \u00a0 Polic\u00edaca\",\"isPartOf\":{\"@id\":\"https:\/\/www.sonoraenequipo.com.mx\/#website\"},\"primaryImageOfPage\":{\"@id\":\"https:\/\/www.sonoraenequipo.com.mx\/vinculan-a-dos-sujetos-en-slrc-por-posesion-de-vehiculos-robados-en-ee-uu\/#primaryimage\"},\"image\":{\"@id\":\"https:\/\/www.sonoraenequipo.com.mx\/vinculan-a-dos-sujetos-en-slrc-por-posesion-de-vehiculos-robados-en-ee-uu\/#primaryimage\"},\"thumbnailUrl\":\"https:\/\/www.sonoraenequipo.com.mx\/storage\/2026\/09\/roba-autos.jpg\",\"datePublished\":\"2026-09-05T20:45:46+00:00\",\"description\":\"SAN LUIS R\u00cdO COLORADO, SONORA, MX. \u2014 Fiscal\u00eda General de Justicia del Estado de Sonora (FGJES) present\u00f3 los datos de prueba que permitieron vincular a En Sonora en Equipo publicamos toda la informaci\u00f3n de Sonora, M\u00e9xico y el Mundo de manera oportuna y busca que la libertad de expresi\u00f3n sea real. Visita nuestro medio informativo publicado desde Hermosillo, Sonora. %\",\"breadcrumb\":{\"@id\":\"https:\/\/www.sonoraenequipo.com.mx\/vinculan-a-dos-sujetos-en-slrc-por-posesion-de-vehiculos-robados-en-ee-uu\/#breadcrumb\"},\"inLanguage\":\"es\",\"potentialAction\":[{\"@type\":\"ReadAction\",\"target\":[\"https:\/\/www.sonoraenequipo.com.mx\/vinculan-a-dos-sujetos-en-slrc-por-posesion-de-vehiculos-robados-en-ee-uu\/\"]}]},{\"@type\":\"ImageObject\",\"inLanguage\":\"es\",\"@id\":\"https:\/\/www.sonoraenequipo.com.mx\/vinculan-a-dos-sujetos-en-slrc-por-posesion-de-vehiculos-robados-en-ee-uu\/#primaryimage\",\"url\":\"https:\/\/www.sonoraenequipo.com.mx\/storage\/2026\/09\/roba-autos.jpg\",\"contentUrl\":\"https:\/\/www.sonoraenequipo.com.mx\/storage\/2026\/09\/roba-autos.jpg\",\"width\":600,\"height\":400},{\"@type\":\"BreadcrumbList\",\"@id\":\"https:\/\/www.sonoraenequipo.com.mx\/vinculan-a-dos-sujetos-en-slrc-por-posesion-de-vehiculos-robados-en-ee-uu\/#breadcrumb\",\"itemListElement\":[{\"@type\":\"ListItem\",\"position\":1,\"name\":\"Portada\",\"item\":\"https:\/\/www.sonoraenequipo.com.mx\/\"},{\"@type\":\"ListItem\",\"position\":2,\"name\":\"Vinculan a\u00a0 dos sujetos en SLRC\u00a0 por \u00a0posesi\u00f3n de veh\u00edculos robados en EE.UU. \u00a0\"}]},{\"@type\":\"WebSite\",\"@id\":\"https:\/\/www.sonoraenequipo.com.mx\/#website\",\"url\":\"https:\/\/www.sonoraenequipo.com.mx\/\",\"name\":\"Sonora en Equipo.\",\"description\":\"Diario en l\u00ednea con Noticias desde Hermosillo, Sonora\",\"publisher\":{\"@id\":\"https:\/\/www.sonoraenequipo.com.mx\/#organization\"},\"potentialAction\":[{\"@type\":\"SearchAction\",\"target\":{\"@type\":\"EntryPoint\",\"urlTemplate\":\"https:\/\/www.sonoraenequipo.com.mx\/?s={search_term_string}\"},\"query-input\":{\"@type\":\"PropertyValueSpecification\",\"valueRequired\":true,\"valueName\":\"search_term_string\"}}],\"inLanguage\":\"es\"},{\"@type\":\"Organization\",\"@id\":\"https:\/\/www.sonoraenequipo.com.mx\/#organization\",\"name\":\"Sonoraenequipo.com.mx\",\"url\":\"https:\/\/www.sonoraenequipo.com.mx\/\",\"logo\":{\"@type\":\"ImageObject\",\"inLanguage\":\"es\",\"@id\":\"https:\/\/www.sonoraenequipo.com.mx\/#\/schema\/logo\/image\/\",\"url\":\"https:\/\/www.sonoraenequipo.com.mx\/storage\/2019\/01\/sonoraenequipo_opt.png\",\"contentUrl\":\"https:\/\/www.sonoraenequipo.com.mx\/storage\/2019\/01\/sonoraenequipo_opt.png\",\"width\":375,\"height\":125,\"caption\":\"Sonoraenequipo.com.mx\"},\"image\":{\"@id\":\"https:\/\/www.sonoraenequipo.com.mx\/#\/schema\/logo\/image\/\"},\"sameAs\":[\"https:\/\/www.facebook.com\/SonoraEE\/\",\"https:\/\/x.com\/sonoraenequipo\",\"https:\/\/www.youtube.com\/channel\/UC338nW-lPEYmJQs4ZABQ1SQ\"]},{\"@type\":\"Person\",\"@id\":\"https:\/\/www.sonoraenequipo.com.mx\/#\/schema\/person\/50102df0fb23a8fa9e8effad8fa81386\",\"name\":\"enequipo\",\"image\":{\"@type\":\"ImageObject\",\"inLanguage\":\"es\",\"@id\":\"https:\/\/www.sonoraenequipo.com.mx\/#\/schema\/person\/image\/\",\"url\":\"https:\/\/secure.gravatar.com\/avatar\/049821681b589dabc0bc20695993ccebb09f5b5d4d790cd9251b97faac7c652b?s=96&d=blank&r=g\",\"contentUrl\":\"https:\/\/secure.gravatar.com\/avatar\/049821681b589dabc0bc20695993ccebb09f5b5d4d790cd9251b97faac7c652b?s=96&d=blank&r=g\",\"caption\":\"enequipo\"},\"sameAs\":[\"https:\/\/www.facebook.com\/SonoraEE\"]}]}<\/script>\n ","yoast_head_json":{"title":"Sonora en Equipo. Vinculan a\u00a0 dos sujetos en SLRC\u00a0 por \u00a0posesi\u00f3n de veh\u00edculos robados en EE.UU. \u00a0 Polic\u00edaca","description":"SAN LUIS R\u00cdO COLORADO, SONORA, MX. \u2014 Fiscal\u00eda General de Justicia del Estado de Sonora (FGJES) present\u00f3 los datos de prueba que permitieron vincular a En Sonora en Equipo publicamos toda la informaci\u00f3n de Sonora, M\u00e9xico y el Mundo de manera oportuna y busca que la libertad de expresi\u00f3n sea real. Visita nuestro medio informativo publicado desde Hermosillo, Sonora. %","robots":{"index":"index","follow":"follow","max-snippet":"max-snippet:-1","max-image-preview":"max-image-preview:large","max-video-preview":"max-video-preview:-1"},"canonical":"https:\/\/www.sonoraenequipo.com.mx\/vinculan-a-dos-sujetos-en-slrc-por-posesion-de-vehiculos-robados-en-ee-uu\/","og_locale":"es_ES","og_type":"article","og_title":"Sonora en Equipo. Vinculan a\u00a0 dos sujetos en SLRC\u00a0 por \u00a0posesi\u00f3n de veh\u00edculos robados en EE.UU. \u00a0 Polic\u00edaca","og_description":"SAN LUIS R\u00cdO COLORADO, SONORA, MX. \u2014 Fiscal\u00eda General de Justicia del Estado de Sonora (FGJES) present\u00f3 los datos de prueba que permitieron vincular a En Sonora en Equipo publicamos toda la informaci\u00f3n de Sonora, M\u00e9xico y el Mundo de manera oportuna y busca que la libertad de expresi\u00f3n sea real. Visita nuestro medio informativo publicado desde Hermosillo, Sonora. %","og_url":"https:\/\/www.sonoraenequipo.com.mx\/vinculan-a-dos-sujetos-en-slrc-por-posesion-de-vehiculos-robados-en-ee-uu\/","og_site_name":"Sonora en Equipo.","article_publisher":"https:\/\/www.facebook.com\/SonoraEE\/","article_author":"https:\/\/www.facebook.com\/SonoraEE","article_published_time":"2026-09-05T20:45:46+00:00","og_image":[{"width":600,"height":400,"url":"https:\/\/www.sonoraenequipo.com.mx\/storage\/2026\/09\/roba-autos.jpg","type":"image\/jpeg"}],"author":"enequipo","twitter_card":"summary_large_image","twitter_creator":"@sonoraenequipo","twitter_site":"@sonoraenequipo","twitter_misc":{"Escrito por":"enequipo","Tiempo de lectura":"2 minutos"},"schema":{"@context":"https:\/\/schema.org","@graph":[{"@type":"Article","@id":"https:\/\/www.sonoraenequipo.com.mx\/vinculan-a-dos-sujetos-en-slrc-por-posesion-de-vehiculos-robados-en-ee-uu\/#article","isPartOf":{"@id":"https:\/\/www.sonoraenequipo.com.mx\/vinculan-a-dos-sujetos-en-slrc-por-posesion-de-vehiculos-robados-en-ee-uu\/"},"author":{"name":"enequipo","@id":"https:\/\/www.sonoraenequipo.com.mx\/#\/schema\/person\/50102df0fb23a8fa9e8effad8fa81386"},"headline":"Vinculan a\u00a0 dos sujetos en SLRC\u00a0 por \u00a0posesi\u00f3n de veh\u00edculos robados en EE.UU. \u00a0","datePublished":"2026-09-05T20:45:46+00:00","mainEntityOfPage":{"@id":"https:\/\/www.sonoraenequipo.com.mx\/vinculan-a-dos-sujetos-en-slrc-por-posesion-de-vehiculos-robados-en-ee-uu\/"},"wordCount":316,"commentCount":0,"publisher":{"@id":"https:\/\/www.sonoraenequipo.com.mx\/#organization"},"image":{"@id":"https:\/\/www.sonoraenequipo.com.mx\/vinculan-a-dos-sujetos-en-slrc-por-posesion-de-vehiculos-robados-en-ee-uu\/#primaryimage"},"thumbnailUrl":"https:\/\/www.sonoraenequipo.com.mx\/storage\/2026\/09\/roba-autos.jpg","keywords":["robo.autos"],"articleSection":["Polic\u00edaca"],"inLanguage":"es","potentialAction":[{"@type":"CommentAction","name":"Comment","target":["https:\/\/www.sonoraenequipo.com.mx\/vinculan-a-dos-sujetos-en-slrc-por-posesion-de-vehiculos-robados-en-ee-uu\/#respond"]}]},{"@type":"WebPage","@id":"https:\/\/www.sonoraenequipo.com.mx\/vinculan-a-dos-sujetos-en-slrc-por-posesion-de-vehiculos-robados-en-ee-uu\/","url":"https:\/\/www.sonoraenequipo.com.mx\/vinculan-a-dos-sujetos-en-slrc-por-posesion-de-vehiculos-robados-en-ee-uu\/","name":"Sonora en Equipo. Vinculan a\u00a0 dos sujetos en SLRC\u00a0 por \u00a0posesi\u00f3n de veh\u00edculos robados en EE.UU. \u00a0 Polic\u00edaca","isPartOf":{"@id":"https:\/\/www.sonoraenequipo.com.mx\/#website"},"primaryImageOfPage":{"@id":"https:\/\/www.sonoraenequipo.com.mx\/vinculan-a-dos-sujetos-en-slrc-por-posesion-de-vehiculos-robados-en-ee-uu\/#primaryimage"},"image":{"@id":"https:\/\/www.sonoraenequipo.com.mx\/vinculan-a-dos-sujetos-en-slrc-por-posesion-de-vehiculos-robados-en-ee-uu\/#primaryimage"},"thumbnailUrl":"https:\/\/www.sonoraenequipo.com.mx\/storage\/2026\/09\/roba-autos.jpg","datePublished":"2026-09-05T20:45:46+00:00","description":"SAN LUIS R\u00cdO COLORADO, SONORA, MX. \u2014 Fiscal\u00eda General de Justicia del Estado de Sonora (FGJES) present\u00f3 los datos de prueba que permitieron vincular a En Sonora en Equipo publicamos toda la informaci\u00f3n de Sonora, M\u00e9xico y el Mundo de manera oportuna y busca que la libertad de expresi\u00f3n sea real. Visita nuestro medio informativo publicado desde Hermosillo, Sonora. %","breadcrumb":{"@id":"https:\/\/www.sonoraenequipo.com.mx\/vinculan-a-dos-sujetos-en-slrc-por-posesion-de-vehiculos-robados-en-ee-uu\/#breadcrumb"},"inLanguage":"es","potentialAction":[{"@type":"ReadAction","target":["https:\/\/www.sonoraenequipo.com.mx\/vinculan-a-dos-sujetos-en-slrc-por-posesion-de-vehiculos-robados-en-ee-uu\/"]}]},{"@type":"ImageObject","inLanguage":"es","@id":"https:\/\/www.sonoraenequipo.com.mx\/vinculan-a-dos-sujetos-en-slrc-por-posesion-de-vehiculos-robados-en-ee-uu\/#primaryimage","url":"https:\/\/www.sonoraenequipo.com.mx\/storage\/2026\/09\/roba-autos.jpg","contentUrl":"https:\/\/www.sonoraenequipo.com.mx\/storage\/2026\/09\/roba-autos.jpg","width":600,"height":400},{"@type":"BreadcrumbList","@id":"https:\/\/www.sonoraenequipo.com.mx\/vinculan-a-dos-sujetos-en-slrc-por-posesion-de-vehiculos-robados-en-ee-uu\/#breadcrumb","itemListElement":[{"@type":"ListItem","position":1,"name":"Portada","item":"https:\/\/www.sonoraenequipo.com.mx\/"},{"@type":"ListItem","position":2,"name":"Vinculan a\u00a0 dos sujetos en SLRC\u00a0 por \u00a0posesi\u00f3n de veh\u00edculos robados en EE.UU. \u00a0"}]},{"@type":"WebSite","@id":"https:\/\/www.sonoraenequipo.com.mx\/#website","url":"https:\/\/www.sonoraenequipo.com.mx\/","name":"Sonora en Equipo.","description":"Diario en l\u00ednea con Noticias desde Hermosillo, Sonora","publisher":{"@id":"https:\/\/www.sonoraenequipo.com.mx\/#organization"},"potentialAction":[{"@type":"SearchAction","target":{"@type":"EntryPoint","urlTemplate":"https:\/\/www.sonoraenequipo.com.mx\/?s={search_term_string}"},"query-input":{"@type":"PropertyValueSpecification","valueRequired":true,"valueName":"search_term_string"}}],"inLanguage":"es"},{"@type":"Organization","@id":"https:\/\/www.sonoraenequipo.com.mx\/#organization","name":"Sonoraenequipo.com.mx","url":"https:\/\/www.sonoraenequipo.com.mx\/","logo":{"@type":"ImageObject","inLanguage":"es","@id":"https:\/\/www.sonoraenequipo.com.mx\/#\/schema\/logo\/image\/","url":"https:\/\/www.sonoraenequipo.com.mx\/storage\/2019\/01\/sonoraenequipo_opt.png","contentUrl":"https:\/\/www.sonoraenequipo.com.mx\/storage\/2019\/01\/sonoraenequipo_opt.png","width":375,"height":125,"caption":"Sonoraenequipo.com.mx"},"image":{"@id":"https:\/\/www.sonoraenequipo.com.mx\/#\/schema\/logo\/image\/"},"sameAs":["https:\/\/www.facebook.com\/SonoraEE\/","https:\/\/x.com\/sonoraenequipo","https:\/\/www.youtube.com\/channel\/UC338nW-lPEYmJQs4ZABQ1SQ"]},{"@type":"Person","@id":"https:\/\/www.sonoraenequipo.com.mx\/#\/schema\/person\/50102df0fb23a8fa9e8effad8fa81386","name":"enequipo","image":{"@type":"ImageObject","inLanguage":"es","@id":"https:\/\/www.sonoraenequipo.com.mx\/#\/schema\/person\/image\/","url":"https:\/\/secure.gravatar.com\/avatar\/049821681b589dabc0bc20695993ccebb09f5b5d4d790cd9251b97faac7c652b?s=96&d=blank&r=g","contentUrl":"https:\/\/secure.gravatar.com\/avatar\/049821681b589dabc0bc20695993ccebb09f5b5d4d790cd9251b97faac7c652b?s=96&d=blank&r=g","caption":"enequipo"},"sameAs":["https:\/\/www.facebook.com\/SonoraEE"]}]}},"jetpack_featured_media_url":"https:\/\/www.sonoraenequipo.com.mx\/storage\/2026\/09\/roba-autos.jpg","_links":{"self":[{"href":"https:\/\/www.sonoraenequipo.com.mx\/api\/wp\/v2\/posts\/251634","targetHints":{"allow":["GET"]}}],"collection":[{"href":"https:\/\/www.sonoraenequipo.com.mx\/api\/wp\/v2\/posts"}],"about":[{"href":"https:\/\/www.sonoraenequipo.com.mx\/api\/wp\/v2\/types\/post"}],"author":[{"embeddable":true,"href":"https:\/\/www.sonoraenequipo.com.mx\/api\/wp\/v2\/users\/1"}],"replies":[{"embeddable":true,"href":"https:\/\/www.sonoraenequipo.com.mx\/api\/wp\/v2\/comments?post=251634"}],"version-history":[{"count":1,"href":"https:\/\/www.sonoraenequipo.com.mx\/api\/wp\/v2\/posts\/251634\/revisions"}],"predecessor-version":[{"id":251636,"href":"https:\/\/www.sonoraenequipo.com.mx\/api\/wp\/v2\/posts\/251634\/revisions\/251636"}],"wp:featuredmedia":[{"embeddable":true,"href":"https:\/\/www.sonoraenequipo.com.mx\/api\/wp\/v2\/media\/251635"}],"wp:attachment":[{"href":"https:\/\/www.sonoraenequipo.com.mx\/api\/wp\/v2\/media?parent=251634"}],"wp:term":[{"taxonomy":"category","embeddable":true,"href":"https:\/\/www.sonoraenequipo.com.mx\/api\/wp\/v2\/categories?post=251634"},{"taxonomy":"post_tag","embeddable":true,"href":"https:\/\/www.sonoraenequipo.com.mx\/api\/wp\/v2\/tags?post=251634"}],"curies":[{"name":"wp","href":"https:\/\/api.w.org\/{rel}","templated":true}]}}