{"id":251640,"date":"2026-09-05T14:39:15","date_gmt":"2026-09-05T21:39:15","guid":{"rendered":"https:\/\/www.sonoraenequipo.com.mx\/?p=251640"},"modified":"2026-09-05T14:39:15","modified_gmt":"2026-09-05T21:39:15","slug":"putin-se-reune-con-kushner-y-witkoff","status":"publish","type":"post","link":"https:\/\/www.sonoraenequipo.com.mx\/putin-se-reune-con-kushner-y-witkoff\/","title":{"rendered":"Putin se re\u00fane con Kushner y Witkoff"},"content":{"rendered":"<p>El presidente ruso, Vladimir Putin, abri\u00f3 este s\u00e1bado (05.09.2026) las negociaciones sobre Ucrania con los emisarios de la Casa Blanca, Steve Witkoff y Jared Kushner, que llegaron hoy mismo a Mosc\u00fa enviados por el presidente estadounidense, Donald Trump, para reavivar el estancado proceso de paz y conversar sobre c\u00f3mo poner fin a m\u00e1s de cuatro a\u00f1os de guerra en Ucrania.<\/p>\n<p>&nbsp;<\/p>\n<p>\u00abLa situaci\u00f3n que hoy vamos a tratar no es, por supuesto, f\u00e1cil\u00bb, dijo Putin al comienzo del encuentro en el que salud\u00f3 a sus interlocutores en ingl\u00e9s: \u00abWelcome. Nice to meet you\u00bb. Pero dijo que este tipo de contactos son siempre beneficiosos. A\u00f1adi\u00f3 que \u00abprimero de todo\u00bb, quer\u00eda transmitir \u00ablos mejores deseos\u00bb y \u00abpalabras de agradecimiento\u00bb a Trump. Witkoff le dijo que el presidente estadounidense tambi\u00e9n le env\u00eda sus mejores deseos\u00a0 le agradeci\u00f3 la liberaci\u00f3n de Robert Gilman de parte de su familia.<\/p>\n<p>&nbsp;<\/p>\n<p>La atareada agenda de Putin<\/p>\n<p>En la reuni\u00f3n, que tiene lugar en el Gran Palacio del Kremlin, participan tambi\u00e9n el asesor de pol\u00edtica internacional del Kremlin, Yuri Ushakov, y el emisario presidencial para la cooperaci\u00f3n econ\u00f3mica con EE.UU., Kiril Dm\u00edtriev. Los emisarios de EE.UU. llegaron poco despu\u00e9s del mediod\u00eda a Mosc\u00fa, pero Putin tuvo hoy una apretada agenda debido al D\u00eda de Mosc\u00fa y a otros actos de cariz electoral, ya que Rusia celebra elecciones legislativas en dos semanas.<\/p>\n<p>&nbsp;<\/p>\n<p>La reuni\u00f3n, la primera desde el pasado enero, tiene lugar menos de dos semanas despu\u00e9s de la visita a Mosc\u00fa del director de la CIA, John Ratcliffe. Despu\u00e9s de la reuni\u00f3n de hoy, Witkoff y Kushner viajar\u00e1n a Kiev para ser recibidos por primera vez en Kiev por el presidente ucraniano, Volodimir Zelenski.<\/p>\n<p>&nbsp;<\/p>\n<p>Con el fin de facilitar la llegada de los mediadores estadounidenses, tanto Putin como Zelenski, que propuso ayer la medida, ordenaron cesar durante tres d\u00edas los ataques a\u00e9reos contra las capitales de su enemigo, Kiev y Mosc\u00fa. Trump reconoci\u00f3 anoche que sus enviados \u00abllevan consigo una propuesta para poner fin. a la guerra. Porque -enfatiz\u00f3- yo puse fin a ocho guerras\u00bb.<\/p>\n<p><strong>Fecha de publicaci\u00f3n s\u00e1bado 5 de septiembre de 2026\/DW<\/strong><\/p>\n","protected":false},"excerpt":{"rendered":"<p>El presidente ruso, Vladimir Putin, abri\u00f3 este s\u00e1bado (05.09.2026) las negociaciones sobre Ucrania con los&#8230;<\/p>\n","protected":false},"author":1,"featured_media":251641,"comment_status":"open","ping_status":"open","sticky":false,"template":"","format":"standard","meta":{"_monsterinsights_skip_tracking":false,"_monsterinsights_sitenote_active":false,"_monsterinsights_sitenote_note":"","_monsterinsights_sitenote_category":0,"footnotes":""},"categories":[3],"tags":[1916,144,141,3008],"class_list":["post"],"yoast_head":" \n<title>Sonora en Equipo. Putin se re\u00fane con Kushner y Witkoff MUNDO<\/title>\n<meta name=\"description\" content=\"El presidente ruso, Vladimir Putin, abri\u00f3 este s\u00e1bado (05.09.2026) las negociaciones sobre Ucrania con los emisarios de la Casa Blanca, Steve Witkoff y En Sonora en Equipo publicamos toda la informaci\u00f3n de Sonora, M\u00e9xico y el Mundo de manera oportuna y busca que la libertad de expresi\u00f3n sea real. Visita nuestro medio informativo publicado desde Hermosillo, Sonora. %\" \/>\n<meta name=\"robots\" content=\"index, follow, max-snippet:-1, max-image-preview:large, max-video-preview:-1\" \/>\n<link rel=\"canonical\" href=\"https:\/\/www.sonoraenequipo.com.mx\/putin-se-reune-con-kushner-y-witkoff\/\" \/>\n<meta property=\"og:locale\" content=\"es_ES\" \/>\n<meta property=\"og:type\" content=\"article\" \/>\n<meta property=\"og:title\" content=\"Sonora en Equipo. Putin se re\u00fane con Kushner y Witkoff MUNDO\" \/>\n<meta property=\"og:description\" content=\"El presidente ruso, Vladimir Putin, abri\u00f3 este s\u00e1bado (05.09.2026) las negociaciones sobre Ucrania con los emisarios de la Casa Blanca, Steve Witkoff y En Sonora en Equipo publicamos toda la informaci\u00f3n de Sonora, M\u00e9xico y el Mundo de manera oportuna y busca que la libertad de expresi\u00f3n sea real. Visita nuestro medio informativo publicado desde Hermosillo, Sonora. %\" \/>\n<meta property=\"og:url\" content=\"https:\/\/www.sonoraenequipo.com.mx\/putin-se-reune-con-kushner-y-witkoff\/\" \/>\n<meta property=\"og:site_name\" content=\"Sonora en Equipo.\" \/>\n<meta property=\"article:publisher\" content=\"https:\/\/www.facebook.com\/SonoraEE\/\" \/>\n<meta property=\"article:author\" content=\"https:\/\/www.facebook.com\/SonoraEE\" \/>\n<meta property=\"article:published_time\" content=\"2026-09-05T21:39:15+00:00\" \/>\n<meta property=\"og:image\" content=\"https:\/\/www.sonoraenequipo.com.mx\/storage\/2026\/09\/putin-y-emisarios.jpg\" \/>\n\t<meta property=\"og:image:width\" content=\"600\" \/>\n\t<meta property=\"og:image:height\" content=\"400\" \/>\n\t<meta property=\"og:image:type\" content=\"image\/jpeg\" \/>\n<meta name=\"author\" content=\"enequipo\" \/>\n<meta name=\"twitter:card\" content=\"summary_large_image\" \/>\n<meta name=\"twitter:creator\" content=\"@sonoraenequipo\" \/>\n<meta name=\"twitter:site\" content=\"@sonoraenequipo\" \/>\n<meta name=\"twitter:label1\" content=\"Escrito por\" \/>\n\t<meta name=\"twitter:data1\" content=\"enequipo\" \/>\n\t<meta name=\"twitter:label2\" content=\"Tiempo de lectura\" \/>\n\t<meta name=\"twitter:data2\" content=\"2 minutos\" \/>\n<script type=\"application\/ld+json\" class=\"yoast-schema-graph\">{\"@context\":\"https:\/\/schema.org\",\"@graph\":[{\"@type\":\"Article\",\"@id\":\"https:\/\/www.sonoraenequipo.com.mx\/putin-se-reune-con-kushner-y-witkoff\/#article\",\"isPartOf\":{\"@id\":\"https:\/\/www.sonoraenequipo.com.mx\/putin-se-reune-con-kushner-y-witkoff\/\"},\"author\":{\"name\":\"enequipo\",\"@id\":\"https:\/\/www.sonoraenequipo.com.mx\/#\/schema\/person\/50102df0fb23a8fa9e8effad8fa81386\"},\"headline\":\"Putin se re\u00fane con Kushner y Witkoff\",\"datePublished\":\"2026-09-05T21:39:15+00:00\",\"mainEntityOfPage\":{\"@id\":\"https:\/\/www.sonoraenequipo.com.mx\/putin-se-reune-con-kushner-y-witkoff\/\"},\"wordCount\":388,\"commentCount\":0,\"publisher\":{\"@id\":\"https:\/\/www.sonoraenequipo.com.mx\/#organization\"},\"image\":{\"@id\":\"https:\/\/www.sonoraenequipo.com.mx\/putin-se-reune-con-kushner-y-witkoff\/#primaryimage\"},\"thumbnailUrl\":\"https:\/\/www.sonoraenequipo.com.mx\/storage\/2026\/09\/putin-y-emisarios.jpg\",\"keywords\":[\"EE UU\",\"guerra\",\"Rusia\",\"ucrania\"],\"articleSection\":[\"MUNDO\"],\"inLanguage\":\"es\",\"potentialAction\":[{\"@type\":\"CommentAction\",\"name\":\"Comment\",\"target\":[\"https:\/\/www.sonoraenequipo.com.mx\/putin-se-reune-con-kushner-y-witkoff\/#respond\"]}]},{\"@type\":\"WebPage\",\"@id\":\"https:\/\/www.sonoraenequipo.com.mx\/putin-se-reune-con-kushner-y-witkoff\/\",\"url\":\"https:\/\/www.sonoraenequipo.com.mx\/putin-se-reune-con-kushner-y-witkoff\/\",\"name\":\"Sonora en Equipo. Putin se re\u00fane con Kushner y Witkoff MUNDO\",\"isPartOf\":{\"@id\":\"https:\/\/www.sonoraenequipo.com.mx\/#website\"},\"primaryImageOfPage\":{\"@id\":\"https:\/\/www.sonoraenequipo.com.mx\/putin-se-reune-con-kushner-y-witkoff\/#primaryimage\"},\"image\":{\"@id\":\"https:\/\/www.sonoraenequipo.com.mx\/putin-se-reune-con-kushner-y-witkoff\/#primaryimage\"},\"thumbnailUrl\":\"https:\/\/www.sonoraenequipo.com.mx\/storage\/2026\/09\/putin-y-emisarios.jpg\",\"datePublished\":\"2026-09-05T21:39:15+00:00\",\"description\":\"El presidente ruso, Vladimir Putin, abri\u00f3 este s\u00e1bado (05.09.2026) las negociaciones sobre Ucrania con los emisarios de la Casa Blanca, Steve Witkoff y En Sonora en Equipo publicamos toda la informaci\u00f3n de Sonora, M\u00e9xico y el Mundo de manera oportuna y busca que la libertad de expresi\u00f3n sea real. Visita nuestro medio informativo publicado desde Hermosillo, Sonora. %\",\"breadcrumb\":{\"@id\":\"https:\/\/www.sonoraenequipo.com.mx\/putin-se-reune-con-kushner-y-witkoff\/#breadcrumb\"},\"inLanguage\":\"es\",\"potentialAction\":[{\"@type\":\"ReadAction\",\"target\":[\"https:\/\/www.sonoraenequipo.com.mx\/putin-se-reune-con-kushner-y-witkoff\/\"]}]},{\"@type\":\"ImageObject\",\"inLanguage\":\"es\",\"@id\":\"https:\/\/www.sonoraenequipo.com.mx\/putin-se-reune-con-kushner-y-witkoff\/#primaryimage\",\"url\":\"https:\/\/www.sonoraenequipo.com.mx\/storage\/2026\/09\/putin-y-emisarios.jpg\",\"contentUrl\":\"https:\/\/www.sonoraenequipo.com.mx\/storage\/2026\/09\/putin-y-emisarios.jpg\",\"width\":600,\"height\":400,\"caption\":\"magen: Sputnik\/Kremlin Pool\/AP Photo\/picture alliance\"},{\"@type\":\"BreadcrumbList\",\"@id\":\"https:\/\/www.sonoraenequipo.com.mx\/putin-se-reune-con-kushner-y-witkoff\/#breadcrumb\",\"itemListElement\":[{\"@type\":\"ListItem\",\"position\":1,\"name\":\"Portada\",\"item\":\"https:\/\/www.sonoraenequipo.com.mx\/\"},{\"@type\":\"ListItem\",\"position\":2,\"name\":\"Putin se re\u00fane con Kushner y Witkoff\"}]},{\"@type\":\"WebSite\",\"@id\":\"https:\/\/www.sonoraenequipo.com.mx\/#website\",\"url\":\"https:\/\/www.sonoraenequipo.com.mx\/\",\"name\":\"Sonora en Equipo.\",\"description\":\"Diario en l\u00ednea con Noticias desde Hermosillo, Sonora\",\"publisher\":{\"@id\":\"https:\/\/www.sonoraenequipo.com.mx\/#organization\"},\"potentialAction\":[{\"@type\":\"SearchAction\",\"target\":{\"@type\":\"EntryPoint\",\"urlTemplate\":\"https:\/\/www.sonoraenequipo.com.mx\/?s={search_term_string}\"},\"query-input\":{\"@type\":\"PropertyValueSpecification\",\"valueRequired\":true,\"valueName\":\"search_term_string\"}}],\"inLanguage\":\"es\"},{\"@type\":\"Organization\",\"@id\":\"https:\/\/www.sonoraenequipo.com.mx\/#organization\",\"name\":\"Sonoraenequipo.com.mx\",\"url\":\"https:\/\/www.sonoraenequipo.com.mx\/\",\"logo\":{\"@type\":\"ImageObject\",\"inLanguage\":\"es\",\"@id\":\"https:\/\/www.sonoraenequipo.com.mx\/#\/schema\/logo\/image\/\",\"url\":\"https:\/\/www.sonoraenequipo.com.mx\/storage\/2019\/01\/sonoraenequipo_opt.png\",\"contentUrl\":\"https:\/\/www.sonoraenequipo.com.mx\/storage\/2019\/01\/sonoraenequipo_opt.png\",\"width\":375,\"height\":125,\"caption\":\"Sonoraenequipo.com.mx\"},\"image\":{\"@id\":\"https:\/\/www.sonoraenequipo.com.mx\/#\/schema\/logo\/image\/\"},\"sameAs\":[\"https:\/\/www.facebook.com\/SonoraEE\/\",\"https:\/\/x.com\/sonoraenequipo\",\"https:\/\/www.youtube.com\/channel\/UC338nW-lPEYmJQs4ZABQ1SQ\"]},{\"@type\":\"Person\",\"@id\":\"https:\/\/www.sonoraenequipo.com.mx\/#\/schema\/person\/50102df0fb23a8fa9e8effad8fa81386\",\"name\":\"enequipo\",\"image\":{\"@type\":\"ImageObject\",\"inLanguage\":\"es\",\"@id\":\"https:\/\/www.sonoraenequipo.com.mx\/#\/schema\/person\/image\/\",\"url\":\"https:\/\/secure.gravatar.com\/avatar\/049821681b589dabc0bc20695993ccebb09f5b5d4d790cd9251b97faac7c652b?s=96&d=blank&r=g\",\"contentUrl\":\"https:\/\/secure.gravatar.com\/avatar\/049821681b589dabc0bc20695993ccebb09f5b5d4d790cd9251b97faac7c652b?s=96&d=blank&r=g\",\"caption\":\"enequipo\"},\"sameAs\":[\"https:\/\/www.facebook.com\/SonoraEE\"]}]}<\/script>\n ","yoast_head_json":{"title":"Sonora en Equipo. Putin se re\u00fane con Kushner y Witkoff MUNDO","description":"El presidente ruso, Vladimir Putin, abri\u00f3 este s\u00e1bado (05.09.2026) las negociaciones sobre Ucrania con los emisarios de la Casa Blanca, Steve Witkoff y En Sonora en Equipo publicamos toda la informaci\u00f3n de Sonora, M\u00e9xico y el Mundo de manera oportuna y busca que la libertad de expresi\u00f3n sea real. Visita nuestro medio informativo publicado desde Hermosillo, Sonora. %","robots":{"index":"index","follow":"follow","max-snippet":"max-snippet:-1","max-image-preview":"max-image-preview:large","max-video-preview":"max-video-preview:-1"},"canonical":"https:\/\/www.sonoraenequipo.com.mx\/putin-se-reune-con-kushner-y-witkoff\/","og_locale":"es_ES","og_type":"article","og_title":"Sonora en Equipo. Putin se re\u00fane con Kushner y Witkoff MUNDO","og_description":"El presidente ruso, Vladimir Putin, abri\u00f3 este s\u00e1bado (05.09.2026) las negociaciones sobre Ucrania con los emisarios de la Casa Blanca, Steve Witkoff y En Sonora en Equipo publicamos toda la informaci\u00f3n de Sonora, M\u00e9xico y el Mundo de manera oportuna y busca que la libertad de expresi\u00f3n sea real. Visita nuestro medio informativo publicado desde Hermosillo, Sonora. %","og_url":"https:\/\/www.sonoraenequipo.com.mx\/putin-se-reune-con-kushner-y-witkoff\/","og_site_name":"Sonora en Equipo.","article_publisher":"https:\/\/www.facebook.com\/SonoraEE\/","article_author":"https:\/\/www.facebook.com\/SonoraEE","article_published_time":"2026-09-05T21:39:15+00:00","og_image":[{"width":600,"height":400,"url":"https:\/\/www.sonoraenequipo.com.mx\/storage\/2026\/09\/putin-y-emisarios.jpg","type":"image\/jpeg"}],"author":"enequipo","twitter_card":"summary_large_image","twitter_creator":"@sonoraenequipo","twitter_site":"@sonoraenequipo","twitter_misc":{"Escrito por":"enequipo","Tiempo de lectura":"2 minutos"},"schema":{"@context":"https:\/\/schema.org","@graph":[{"@type":"Article","@id":"https:\/\/www.sonoraenequipo.com.mx\/putin-se-reune-con-kushner-y-witkoff\/#article","isPartOf":{"@id":"https:\/\/www.sonoraenequipo.com.mx\/putin-se-reune-con-kushner-y-witkoff\/"},"author":{"name":"enequipo","@id":"https:\/\/www.sonoraenequipo.com.mx\/#\/schema\/person\/50102df0fb23a8fa9e8effad8fa81386"},"headline":"Putin se re\u00fane con Kushner y Witkoff","datePublished":"2026-09-05T21:39:15+00:00","mainEntityOfPage":{"@id":"https:\/\/www.sonoraenequipo.com.mx\/putin-se-reune-con-kushner-y-witkoff\/"},"wordCount":388,"commentCount":0,"publisher":{"@id":"https:\/\/www.sonoraenequipo.com.mx\/#organization"},"image":{"@id":"https:\/\/www.sonoraenequipo.com.mx\/putin-se-reune-con-kushner-y-witkoff\/#primaryimage"},"thumbnailUrl":"https:\/\/www.sonoraenequipo.com.mx\/storage\/2026\/09\/putin-y-emisarios.jpg","keywords":["EE UU","guerra","Rusia","ucrania"],"articleSection":["MUNDO"],"inLanguage":"es","potentialAction":[{"@type":"CommentAction","name":"Comment","target":["https:\/\/www.sonoraenequipo.com.mx\/putin-se-reune-con-kushner-y-witkoff\/#respond"]}]},{"@type":"WebPage","@id":"https:\/\/www.sonoraenequipo.com.mx\/putin-se-reune-con-kushner-y-witkoff\/","url":"https:\/\/www.sonoraenequipo.com.mx\/putin-se-reune-con-kushner-y-witkoff\/","name":"Sonora en Equipo. Putin se re\u00fane con Kushner y Witkoff MUNDO","isPartOf":{"@id":"https:\/\/www.sonoraenequipo.com.mx\/#website"},"primaryImageOfPage":{"@id":"https:\/\/www.sonoraenequipo.com.mx\/putin-se-reune-con-kushner-y-witkoff\/#primaryimage"},"image":{"@id":"https:\/\/www.sonoraenequipo.com.mx\/putin-se-reune-con-kushner-y-witkoff\/#primaryimage"},"thumbnailUrl":"https:\/\/www.sonoraenequipo.com.mx\/storage\/2026\/09\/putin-y-emisarios.jpg","datePublished":"2026-09-05T21:39:15+00:00","description":"El presidente ruso, Vladimir Putin, abri\u00f3 este s\u00e1bado (05.09.2026) las negociaciones sobre Ucrania con los emisarios de la Casa Blanca, Steve Witkoff y En Sonora en Equipo publicamos toda la informaci\u00f3n de Sonora, M\u00e9xico y el Mundo de manera oportuna y busca que la libertad de expresi\u00f3n sea real. Visita nuestro medio informativo publicado desde Hermosillo, Sonora. %","breadcrumb":{"@id":"https:\/\/www.sonoraenequipo.com.mx\/putin-se-reune-con-kushner-y-witkoff\/#breadcrumb"},"inLanguage":"es","potentialAction":[{"@type":"ReadAction","target":["https:\/\/www.sonoraenequipo.com.mx\/putin-se-reune-con-kushner-y-witkoff\/"]}]},{"@type":"ImageObject","inLanguage":"es","@id":"https:\/\/www.sonoraenequipo.com.mx\/putin-se-reune-con-kushner-y-witkoff\/#primaryimage","url":"https:\/\/www.sonoraenequipo.com.mx\/storage\/2026\/09\/putin-y-emisarios.jpg","contentUrl":"https:\/\/www.sonoraenequipo.com.mx\/storage\/2026\/09\/putin-y-emisarios.jpg","width":600,"height":400,"caption":"magen: Sputnik\/Kremlin Pool\/AP Photo\/picture alliance"},{"@type":"BreadcrumbList","@id":"https:\/\/www.sonoraenequipo.com.mx\/putin-se-reune-con-kushner-y-witkoff\/#breadcrumb","itemListElement":[{"@type":"ListItem","position":1,"name":"Portada","item":"https:\/\/www.sonoraenequipo.com.mx\/"},{"@type":"ListItem","position":2,"name":"Putin se re\u00fane con Kushner y Witkoff"}]},{"@type":"WebSite","@id":"https:\/\/www.sonoraenequipo.com.mx\/#website","url":"https:\/\/www.sonoraenequipo.com.mx\/","name":"Sonora en Equipo.","description":"Diario en l\u00ednea con Noticias desde Hermosillo, Sonora","publisher":{"@id":"https:\/\/www.sonoraenequipo.com.mx\/#organization"},"potentialAction":[{"@type":"SearchAction","target":{"@type":"EntryPoint","urlTemplate":"https:\/\/www.sonoraenequipo.com.mx\/?s={search_term_string}"},"query-input":{"@type":"PropertyValueSpecification","valueRequired":true,"valueName":"search_term_string"}}],"inLanguage":"es"},{"@type":"Organization","@id":"https:\/\/www.sonoraenequipo.com.mx\/#organization","name":"Sonoraenequipo.com.mx","url":"https:\/\/www.sonoraenequipo.com.mx\/","logo":{"@type":"ImageObject","inLanguage":"es","@id":"https:\/\/www.sonoraenequipo.com.mx\/#\/schema\/logo\/image\/","url":"https:\/\/www.sonoraenequipo.com.mx\/storage\/2019\/01\/sonoraenequipo_opt.png","contentUrl":"https:\/\/www.sonoraenequipo.com.mx\/storage\/2019\/01\/sonoraenequipo_opt.png","width":375,"height":125,"caption":"Sonoraenequipo.com.mx"},"image":{"@id":"https:\/\/www.sonoraenequipo.com.mx\/#\/schema\/logo\/image\/"},"sameAs":["https:\/\/www.facebook.com\/SonoraEE\/","https:\/\/x.com\/sonoraenequipo","https:\/\/www.youtube.com\/channel\/UC338nW-lPEYmJQs4ZABQ1SQ"]},{"@type":"Person","@id":"https:\/\/www.sonoraenequipo.com.mx\/#\/schema\/person\/50102df0fb23a8fa9e8effad8fa81386","name":"enequipo","image":{"@type":"ImageObject","inLanguage":"es","@id":"https:\/\/www.sonoraenequipo.com.mx\/#\/schema\/person\/image\/","url":"https:\/\/secure.gravatar.com\/avatar\/049821681b589dabc0bc20695993ccebb09f5b5d4d790cd9251b97faac7c652b?s=96&d=blank&r=g","contentUrl":"https:\/\/secure.gravatar.com\/avatar\/049821681b589dabc0bc20695993ccebb09f5b5d4d790cd9251b97faac7c652b?s=96&d=blank&r=g","caption":"enequipo"},"sameAs":["https:\/\/www.facebook.com\/SonoraEE"]}]}},"jetpack_featured_media_url":"https:\/\/www.sonoraenequipo.com.mx\/storage\/2026\/09\/putin-y-emisarios.jpg","_links":{"self":[{"href":"https:\/\/www.sonoraenequipo.com.mx\/api\/wp\/v2\/posts\/251640","targetHints":{"allow":["GET"]}}],"collection":[{"href":"https:\/\/www.sonoraenequipo.com.mx\/api\/wp\/v2\/posts"}],"about":[{"href":"https:\/\/www.sonoraenequipo.com.mx\/api\/wp\/v2\/types\/post"}],"author":[{"embeddable":true,"href":"https:\/\/www.sonoraenequipo.com.mx\/api\/wp\/v2\/users\/1"}],"replies":[{"embeddable":true,"href":"https:\/\/www.sonoraenequipo.com.mx\/api\/wp\/v2\/comments?post=251640"}],"version-history":[{"count":2,"href":"https:\/\/www.sonoraenequipo.com.mx\/api\/wp\/v2\/posts\/251640\/revisions"}],"predecessor-version":[{"id":251643,"href":"https:\/\/www.sonoraenequipo.com.mx\/api\/wp\/v2\/posts\/251640\/revisions\/251643"}],"wp:featuredmedia":[{"embeddable":true,"href":"https:\/\/www.sonoraenequipo.com.mx\/api\/wp\/v2\/media\/251641"}],"wp:attachment":[{"href":"https:\/\/www.sonoraenequipo.com.mx\/api\/wp\/v2\/media?parent=251640"}],"wp:term":[{"taxonomy":"category","embeddable":true,"href":"https:\/\/www.sonoraenequipo.com.mx\/api\/wp\/v2\/categories?post=251640"},{"taxonomy":"post_tag","embeddable":true,"href":"https:\/\/www.sonoraenequipo.com.mx\/api\/wp\/v2\/tags?post=251640"}],"curies":[{"name":"wp","href":"https:\/\/api.w.org\/{rel}","templated":true}]}}