{"id":251663,"date":"2026-09-05T17:31:17","date_gmt":"2026-09-06T00:31:17","guid":{"rendered":"https:\/\/www.sonoraenequipo.com.mx\/?p=251663"},"modified":"2026-09-05T17:31:17","modified_gmt":"2026-09-06T00:31:17","slug":"durazo-refuerza-medidas-de-prevencion-y-control-durante-2da-jornada-nacional-contra-el-dengue","status":"publish","type":"post","link":"https:\/\/www.sonoraenequipo.com.mx\/durazo-refuerza-medidas-de-prevencion-y-control-durante-2da-jornada-nacional-contra-el-dengue\/","title":{"rendered":"Durazo refuerza medidas de prevenci\u00f3n y control durante  2da. \u00a0Jornada Nacional\u00a0 contra el Dengue"},"content":{"rendered":"<p><strong>HERMOSILLO, SONORA, MX. \u2014<\/strong> En Sonora, durante la segunda Jornada Nacional de lucha contra el dengue, Zika y chikungunya se reforzaron acciones de prevenci\u00f3n, control y participaci\u00f3n ciudadana para reducir riesgos sanitarios en la entidad, inform\u00f3 el gobernador Alfonso Durazo Monta\u00f1o.<\/p>\n<p>&nbsp;<\/p>\n<p>El mandatario estatal precis\u00f3 que en Navojoa se realiz\u00f3 el arranque de esta jornada nacional, con actividades dirigidas a fortalecer la prevenci\u00f3n, informar a las familias y promover entornos libres de criaderos del mosquito. Las acciones incluyen promoci\u00f3n de la salud, difusi\u00f3n en redes sociales, trabajo comunitario, revisi\u00f3n de viviendas y eliminaci\u00f3n de recipientes capaces de acumular agua en los hogares.<\/p>\n<p>&nbsp;<\/p>\n<p>De acuerdo con la Secretar\u00eda de Salud prevenir y controlar el dengue requiere corresponsabilidad ciudadana, especialmente mediante acciones realizadas directamente desde las familias, ya que que el mosquito Aedes aegypti permanece principalmente cerca de las viviendas, por lo que eliminar recipientes y dep\u00f3sitos dom\u00e9sticos con agua evita la formaci\u00f3n de criaderos.<\/p>\n<p>&nbsp;<\/p>\n<p>A trav\u00e9s del programa de vectores tambi\u00e9n se intensificaron nebulizaciones en calles, aplicaci\u00f3n de larvicida y recorridos casa por casa en zonas prioritarias, adem\u00e1s de brindar recomendaciones preventivas a residentes.<\/p>\n<p>&nbsp;<\/p>\n<p>La poblaci\u00f3n desempe\u00f1a un papel fundamental mediante el seguimiento de recomendaciones que hace la Secretar\u00eda de Salud de Sonora, tales como el lavado cada tres d\u00edas de bebederos de mascotas, floreros y dep\u00f3sitos de agua dom\u00e9sticos.<\/p>\n<p>&nbsp;<\/p>\n<p>Estas medidas benefician a las familias porque disminuyen criaderos y poblaciones de mosquitos, mientras que las acciones institucionales contin\u00faan .<\/p>\n<p><strong>Fecha de publicaci\u00f3n s\u00e1bado 5 de septiembre de 2026<\/strong><\/p>\n","protected":false},"excerpt":{"rendered":"<p>HERMOSILLO, SONORA, MX. \u2014 En Sonora, durante la segunda Jornada Nacional de lucha contra el&#8230;<\/p>\n","protected":false},"author":1,"featured_media":251664,"comment_status":"open","ping_status":"open","sticky":false,"template":"","format":"standard","meta":{"_monsterinsights_skip_tracking":false,"_monsterinsights_sitenote_active":false,"_monsterinsights_sitenote_note":"","_monsterinsights_sitenote_category":0,"footnotes":""},"categories":[1],"tags":[68,15],"class_list":["post"],"yoast_head":" \n<title>Sonora en Equipo. Durazo refuerza medidas de prevenci\u00f3n y control durante 2da. \u00a0Jornada Nacional\u00a0 contra el Dengue<\/title>\n<meta name=\"description\" content=\"HERMOSILLO, SONORA, MX. \u2014 En Sonora, durante la segunda Jornada Nacional de lucha contra el dengue, Zika y chikungunya se reforzaron acciones de En Sonora en Equipo publicamos toda la informaci\u00f3n de Sonora, M\u00e9xico y el Mundo de manera oportuna y busca que la libertad de expresi\u00f3n sea real. Visita nuestro medio informativo publicado desde Hermosillo, Sonora. %\" \/>\n<meta name=\"robots\" content=\"index, follow, max-snippet:-1, max-image-preview:large, max-video-preview:-1\" \/>\n<link rel=\"canonical\" href=\"https:\/\/www.sonoraenequipo.com.mx\/durazo-refuerza-medidas-de-prevencion-y-control-durante-2da-jornada-nacional-contra-el-dengue\/\" \/>\n<meta property=\"og:locale\" content=\"es_ES\" \/>\n<meta property=\"og:type\" content=\"article\" \/>\n<meta property=\"og:title\" content=\"Sonora en Equipo. Durazo refuerza medidas de prevenci\u00f3n y control durante 2da. \u00a0Jornada Nacional\u00a0 contra el Dengue\" \/>\n<meta property=\"og:description\" content=\"HERMOSILLO, SONORA, MX. \u2014 En Sonora, durante la segunda Jornada Nacional de lucha contra el dengue, Zika y chikungunya se reforzaron acciones de En Sonora en Equipo publicamos toda la informaci\u00f3n de Sonora, M\u00e9xico y el Mundo de manera oportuna y busca que la libertad de expresi\u00f3n sea real. Visita nuestro medio informativo publicado desde Hermosillo, Sonora. %\" \/>\n<meta property=\"og:url\" content=\"https:\/\/www.sonoraenequipo.com.mx\/durazo-refuerza-medidas-de-prevencion-y-control-durante-2da-jornada-nacional-contra-el-dengue\/\" \/>\n<meta property=\"og:site_name\" content=\"Sonora en Equipo.\" \/>\n<meta property=\"article:publisher\" content=\"https:\/\/www.facebook.com\/SonoraEE\/\" \/>\n<meta property=\"article:author\" content=\"https:\/\/www.facebook.com\/SonoraEE\" \/>\n<meta property=\"article:published_time\" content=\"2026-09-06T00:31:17+00:00\" \/>\n<meta property=\"og:image\" content=\"https:\/\/www.sonoraenequipo.com.mx\/storage\/2026\/09\/adm-dengue.jpg\" \/>\n\t<meta property=\"og:image:width\" content=\"600\" \/>\n\t<meta property=\"og:image:height\" content=\"400\" \/>\n\t<meta property=\"og:image:type\" content=\"image\/jpeg\" \/>\n<meta name=\"author\" content=\"enequipo\" \/>\n<meta name=\"twitter:card\" content=\"summary_large_image\" \/>\n<meta name=\"twitter:creator\" content=\"@sonoraenequipo\" \/>\n<meta name=\"twitter:site\" content=\"@sonoraenequipo\" \/>\n<meta name=\"twitter:label1\" content=\"Escrito por\" \/>\n\t<meta name=\"twitter:data1\" content=\"enequipo\" \/>\n\t<meta name=\"twitter:label2\" content=\"Tiempo de lectura\" \/>\n\t<meta name=\"twitter:data2\" content=\"1 minuto\" \/>\n<script type=\"application\/ld+json\" class=\"yoast-schema-graph\">{\"@context\":\"https:\/\/schema.org\",\"@graph\":[{\"@type\":\"Article\",\"@id\":\"https:\/\/www.sonoraenequipo.com.mx\/durazo-refuerza-medidas-de-prevencion-y-control-durante-2da-jornada-nacional-contra-el-dengue\/#article\",\"isPartOf\":{\"@id\":\"https:\/\/www.sonoraenequipo.com.mx\/durazo-refuerza-medidas-de-prevencion-y-control-durante-2da-jornada-nacional-contra-el-dengue\/\"},\"author\":{\"name\":\"enequipo\",\"@id\":\"https:\/\/www.sonoraenequipo.com.mx\/#\/schema\/person\/50102df0fb23a8fa9e8effad8fa81386\"},\"headline\":\"Durazo refuerza medidas de prevenci\u00f3n y control durante 2da. \u00a0Jornada Nacional\u00a0 contra el Dengue\",\"datePublished\":\"2026-09-06T00:31:17+00:00\",\"mainEntityOfPage\":{\"@id\":\"https:\/\/www.sonoraenequipo.com.mx\/durazo-refuerza-medidas-de-prevencion-y-control-durante-2da-jornada-nacional-contra-el-dengue\/\"},\"wordCount\":289,\"commentCount\":0,\"publisher\":{\"@id\":\"https:\/\/www.sonoraenequipo.com.mx\/#organization\"},\"image\":{\"@id\":\"https:\/\/www.sonoraenequipo.com.mx\/durazo-refuerza-medidas-de-prevencion-y-control-durante-2da-jornada-nacional-contra-el-dengue\/#primaryimage\"},\"thumbnailUrl\":\"https:\/\/www.sonoraenequipo.com.mx\/storage\/2026\/09\/adm-dengue.jpg\",\"keywords\":[\"dengue\",\"Sonora\"],\"articleSection\":[\"Sin categorizar\"],\"inLanguage\":\"es\",\"potentialAction\":[{\"@type\":\"CommentAction\",\"name\":\"Comment\",\"target\":[\"https:\/\/www.sonoraenequipo.com.mx\/durazo-refuerza-medidas-de-prevencion-y-control-durante-2da-jornada-nacional-contra-el-dengue\/#respond\"]}]},{\"@type\":\"WebPage\",\"@id\":\"https:\/\/www.sonoraenequipo.com.mx\/durazo-refuerza-medidas-de-prevencion-y-control-durante-2da-jornada-nacional-contra-el-dengue\/\",\"url\":\"https:\/\/www.sonoraenequipo.com.mx\/durazo-refuerza-medidas-de-prevencion-y-control-durante-2da-jornada-nacional-contra-el-dengue\/\",\"name\":\"Sonora en Equipo. Durazo refuerza medidas de prevenci\u00f3n y control durante 2da. \u00a0Jornada Nacional\u00a0 contra el Dengue\",\"isPartOf\":{\"@id\":\"https:\/\/www.sonoraenequipo.com.mx\/#website\"},\"primaryImageOfPage\":{\"@id\":\"https:\/\/www.sonoraenequipo.com.mx\/durazo-refuerza-medidas-de-prevencion-y-control-durante-2da-jornada-nacional-contra-el-dengue\/#primaryimage\"},\"image\":{\"@id\":\"https:\/\/www.sonoraenequipo.com.mx\/durazo-refuerza-medidas-de-prevencion-y-control-durante-2da-jornada-nacional-contra-el-dengue\/#primaryimage\"},\"thumbnailUrl\":\"https:\/\/www.sonoraenequipo.com.mx\/storage\/2026\/09\/adm-dengue.jpg\",\"datePublished\":\"2026-09-06T00:31:17+00:00\",\"description\":\"HERMOSILLO, SONORA, MX. \u2014 En Sonora, durante la segunda Jornada Nacional de lucha contra el dengue, Zika y chikungunya se reforzaron acciones de En Sonora en Equipo publicamos toda la informaci\u00f3n de Sonora, M\u00e9xico y el Mundo de manera oportuna y busca que la libertad de expresi\u00f3n sea real. Visita nuestro medio informativo publicado desde Hermosillo, Sonora. %\",\"breadcrumb\":{\"@id\":\"https:\/\/www.sonoraenequipo.com.mx\/durazo-refuerza-medidas-de-prevencion-y-control-durante-2da-jornada-nacional-contra-el-dengue\/#breadcrumb\"},\"inLanguage\":\"es\",\"potentialAction\":[{\"@type\":\"ReadAction\",\"target\":[\"https:\/\/www.sonoraenequipo.com.mx\/durazo-refuerza-medidas-de-prevencion-y-control-durante-2da-jornada-nacional-contra-el-dengue\/\"]}]},{\"@type\":\"ImageObject\",\"inLanguage\":\"es\",\"@id\":\"https:\/\/www.sonoraenequipo.com.mx\/durazo-refuerza-medidas-de-prevencion-y-control-durante-2da-jornada-nacional-contra-el-dengue\/#primaryimage\",\"url\":\"https:\/\/www.sonoraenequipo.com.mx\/storage\/2026\/09\/adm-dengue.jpg\",\"contentUrl\":\"https:\/\/www.sonoraenequipo.com.mx\/storage\/2026\/09\/adm-dengue.jpg\",\"width\":600,\"height\":400,\"caption\":\"El gobernador Durazo saluda a trabajadores fumigadores de Salud Sonora.\"},{\"@type\":\"BreadcrumbList\",\"@id\":\"https:\/\/www.sonoraenequipo.com.mx\/durazo-refuerza-medidas-de-prevencion-y-control-durante-2da-jornada-nacional-contra-el-dengue\/#breadcrumb\",\"itemListElement\":[{\"@type\":\"ListItem\",\"position\":1,\"name\":\"Portada\",\"item\":\"https:\/\/www.sonoraenequipo.com.mx\/\"},{\"@type\":\"ListItem\",\"position\":2,\"name\":\"Durazo refuerza medidas de prevenci\u00f3n y control durante 2da. \u00a0Jornada Nacional\u00a0 contra el Dengue\"}]},{\"@type\":\"WebSite\",\"@id\":\"https:\/\/www.sonoraenequipo.com.mx\/#website\",\"url\":\"https:\/\/www.sonoraenequipo.com.mx\/\",\"name\":\"Sonora en Equipo.\",\"description\":\"Diario en l\u00ednea con Noticias desde Hermosillo, Sonora\",\"publisher\":{\"@id\":\"https:\/\/www.sonoraenequipo.com.mx\/#organization\"},\"potentialAction\":[{\"@type\":\"SearchAction\",\"target\":{\"@type\":\"EntryPoint\",\"urlTemplate\":\"https:\/\/www.sonoraenequipo.com.mx\/?s={search_term_string}\"},\"query-input\":{\"@type\":\"PropertyValueSpecification\",\"valueRequired\":true,\"valueName\":\"search_term_string\"}}],\"inLanguage\":\"es\"},{\"@type\":\"Organization\",\"@id\":\"https:\/\/www.sonoraenequipo.com.mx\/#organization\",\"name\":\"Sonoraenequipo.com.mx\",\"url\":\"https:\/\/www.sonoraenequipo.com.mx\/\",\"logo\":{\"@type\":\"ImageObject\",\"inLanguage\":\"es\",\"@id\":\"https:\/\/www.sonoraenequipo.com.mx\/#\/schema\/logo\/image\/\",\"url\":\"https:\/\/www.sonoraenequipo.com.mx\/storage\/2019\/01\/sonoraenequipo_opt.png\",\"contentUrl\":\"https:\/\/www.sonoraenequipo.com.mx\/storage\/2019\/01\/sonoraenequipo_opt.png\",\"width\":375,\"height\":125,\"caption\":\"Sonoraenequipo.com.mx\"},\"image\":{\"@id\":\"https:\/\/www.sonoraenequipo.com.mx\/#\/schema\/logo\/image\/\"},\"sameAs\":[\"https:\/\/www.facebook.com\/SonoraEE\/\",\"https:\/\/x.com\/sonoraenequipo\",\"https:\/\/www.youtube.com\/channel\/UC338nW-lPEYmJQs4ZABQ1SQ\"]},{\"@type\":\"Person\",\"@id\":\"https:\/\/www.sonoraenequipo.com.mx\/#\/schema\/person\/50102df0fb23a8fa9e8effad8fa81386\",\"name\":\"enequipo\",\"image\":{\"@type\":\"ImageObject\",\"inLanguage\":\"es\",\"@id\":\"https:\/\/www.sonoraenequipo.com.mx\/#\/schema\/person\/image\/\",\"url\":\"https:\/\/secure.gravatar.com\/avatar\/049821681b589dabc0bc20695993ccebb09f5b5d4d790cd9251b97faac7c652b?s=96&d=blank&r=g\",\"contentUrl\":\"https:\/\/secure.gravatar.com\/avatar\/049821681b589dabc0bc20695993ccebb09f5b5d4d790cd9251b97faac7c652b?s=96&d=blank&r=g\",\"caption\":\"enequipo\"},\"sameAs\":[\"https:\/\/www.facebook.com\/SonoraEE\"]}]}<\/script>\n ","yoast_head_json":{"title":"Sonora en Equipo. Durazo refuerza medidas de prevenci\u00f3n y control durante 2da. \u00a0Jornada Nacional\u00a0 contra el Dengue","description":"HERMOSILLO, SONORA, MX. \u2014 En Sonora, durante la segunda Jornada Nacional de lucha contra el dengue, Zika y chikungunya se reforzaron acciones de En Sonora en Equipo publicamos toda la informaci\u00f3n de Sonora, M\u00e9xico y el Mundo de manera oportuna y busca que la libertad de expresi\u00f3n sea real. Visita nuestro medio informativo publicado desde Hermosillo, Sonora. %","robots":{"index":"index","follow":"follow","max-snippet":"max-snippet:-1","max-image-preview":"max-image-preview:large","max-video-preview":"max-video-preview:-1"},"canonical":"https:\/\/www.sonoraenequipo.com.mx\/durazo-refuerza-medidas-de-prevencion-y-control-durante-2da-jornada-nacional-contra-el-dengue\/","og_locale":"es_ES","og_type":"article","og_title":"Sonora en Equipo. Durazo refuerza medidas de prevenci\u00f3n y control durante 2da. \u00a0Jornada Nacional\u00a0 contra el Dengue","og_description":"HERMOSILLO, SONORA, MX. \u2014 En Sonora, durante la segunda Jornada Nacional de lucha contra el dengue, Zika y chikungunya se reforzaron acciones de En Sonora en Equipo publicamos toda la informaci\u00f3n de Sonora, M\u00e9xico y el Mundo de manera oportuna y busca que la libertad de expresi\u00f3n sea real. Visita nuestro medio informativo publicado desde Hermosillo, Sonora. %","og_url":"https:\/\/www.sonoraenequipo.com.mx\/durazo-refuerza-medidas-de-prevencion-y-control-durante-2da-jornada-nacional-contra-el-dengue\/","og_site_name":"Sonora en Equipo.","article_publisher":"https:\/\/www.facebook.com\/SonoraEE\/","article_author":"https:\/\/www.facebook.com\/SonoraEE","article_published_time":"2026-09-06T00:31:17+00:00","og_image":[{"width":600,"height":400,"url":"https:\/\/www.sonoraenequipo.com.mx\/storage\/2026\/09\/adm-dengue.jpg","type":"image\/jpeg"}],"author":"enequipo","twitter_card":"summary_large_image","twitter_creator":"@sonoraenequipo","twitter_site":"@sonoraenequipo","twitter_misc":{"Escrito por":"enequipo","Tiempo de lectura":"1 minuto"},"schema":{"@context":"https:\/\/schema.org","@graph":[{"@type":"Article","@id":"https:\/\/www.sonoraenequipo.com.mx\/durazo-refuerza-medidas-de-prevencion-y-control-durante-2da-jornada-nacional-contra-el-dengue\/#article","isPartOf":{"@id":"https:\/\/www.sonoraenequipo.com.mx\/durazo-refuerza-medidas-de-prevencion-y-control-durante-2da-jornada-nacional-contra-el-dengue\/"},"author":{"name":"enequipo","@id":"https:\/\/www.sonoraenequipo.com.mx\/#\/schema\/person\/50102df0fb23a8fa9e8effad8fa81386"},"headline":"Durazo refuerza medidas de prevenci\u00f3n y control durante 2da. \u00a0Jornada Nacional\u00a0 contra el Dengue","datePublished":"2026-09-06T00:31:17+00:00","mainEntityOfPage":{"@id":"https:\/\/www.sonoraenequipo.com.mx\/durazo-refuerza-medidas-de-prevencion-y-control-durante-2da-jornada-nacional-contra-el-dengue\/"},"wordCount":289,"commentCount":0,"publisher":{"@id":"https:\/\/www.sonoraenequipo.com.mx\/#organization"},"image":{"@id":"https:\/\/www.sonoraenequipo.com.mx\/durazo-refuerza-medidas-de-prevencion-y-control-durante-2da-jornada-nacional-contra-el-dengue\/#primaryimage"},"thumbnailUrl":"https:\/\/www.sonoraenequipo.com.mx\/storage\/2026\/09\/adm-dengue.jpg","keywords":["dengue","Sonora"],"articleSection":["Sin categorizar"],"inLanguage":"es","potentialAction":[{"@type":"CommentAction","name":"Comment","target":["https:\/\/www.sonoraenequipo.com.mx\/durazo-refuerza-medidas-de-prevencion-y-control-durante-2da-jornada-nacional-contra-el-dengue\/#respond"]}]},{"@type":"WebPage","@id":"https:\/\/www.sonoraenequipo.com.mx\/durazo-refuerza-medidas-de-prevencion-y-control-durante-2da-jornada-nacional-contra-el-dengue\/","url":"https:\/\/www.sonoraenequipo.com.mx\/durazo-refuerza-medidas-de-prevencion-y-control-durante-2da-jornada-nacional-contra-el-dengue\/","name":"Sonora en Equipo. Durazo refuerza medidas de prevenci\u00f3n y control durante 2da. \u00a0Jornada Nacional\u00a0 contra el Dengue","isPartOf":{"@id":"https:\/\/www.sonoraenequipo.com.mx\/#website"},"primaryImageOfPage":{"@id":"https:\/\/www.sonoraenequipo.com.mx\/durazo-refuerza-medidas-de-prevencion-y-control-durante-2da-jornada-nacional-contra-el-dengue\/#primaryimage"},"image":{"@id":"https:\/\/www.sonoraenequipo.com.mx\/durazo-refuerza-medidas-de-prevencion-y-control-durante-2da-jornada-nacional-contra-el-dengue\/#primaryimage"},"thumbnailUrl":"https:\/\/www.sonoraenequipo.com.mx\/storage\/2026\/09\/adm-dengue.jpg","datePublished":"2026-09-06T00:31:17+00:00","description":"HERMOSILLO, SONORA, MX. \u2014 En Sonora, durante la segunda Jornada Nacional de lucha contra el dengue, Zika y chikungunya se reforzaron acciones de En Sonora en Equipo publicamos toda la informaci\u00f3n de Sonora, M\u00e9xico y el Mundo de manera oportuna y busca que la libertad de expresi\u00f3n sea real. Visita nuestro medio informativo publicado desde Hermosillo, Sonora. %","breadcrumb":{"@id":"https:\/\/www.sonoraenequipo.com.mx\/durazo-refuerza-medidas-de-prevencion-y-control-durante-2da-jornada-nacional-contra-el-dengue\/#breadcrumb"},"inLanguage":"es","potentialAction":[{"@type":"ReadAction","target":["https:\/\/www.sonoraenequipo.com.mx\/durazo-refuerza-medidas-de-prevencion-y-control-durante-2da-jornada-nacional-contra-el-dengue\/"]}]},{"@type":"ImageObject","inLanguage":"es","@id":"https:\/\/www.sonoraenequipo.com.mx\/durazo-refuerza-medidas-de-prevencion-y-control-durante-2da-jornada-nacional-contra-el-dengue\/#primaryimage","url":"https:\/\/www.sonoraenequipo.com.mx\/storage\/2026\/09\/adm-dengue.jpg","contentUrl":"https:\/\/www.sonoraenequipo.com.mx\/storage\/2026\/09\/adm-dengue.jpg","width":600,"height":400,"caption":"El gobernador Durazo saluda a trabajadores fumigadores de Salud Sonora."},{"@type":"BreadcrumbList","@id":"https:\/\/www.sonoraenequipo.com.mx\/durazo-refuerza-medidas-de-prevencion-y-control-durante-2da-jornada-nacional-contra-el-dengue\/#breadcrumb","itemListElement":[{"@type":"ListItem","position":1,"name":"Portada","item":"https:\/\/www.sonoraenequipo.com.mx\/"},{"@type":"ListItem","position":2,"name":"Durazo refuerza medidas de prevenci\u00f3n y control durante 2da. \u00a0Jornada Nacional\u00a0 contra el Dengue"}]},{"@type":"WebSite","@id":"https:\/\/www.sonoraenequipo.com.mx\/#website","url":"https:\/\/www.sonoraenequipo.com.mx\/","name":"Sonora en Equipo.","description":"Diario en l\u00ednea con Noticias desde Hermosillo, Sonora","publisher":{"@id":"https:\/\/www.sonoraenequipo.com.mx\/#organization"},"potentialAction":[{"@type":"SearchAction","target":{"@type":"EntryPoint","urlTemplate":"https:\/\/www.sonoraenequipo.com.mx\/?s={search_term_string}"},"query-input":{"@type":"PropertyValueSpecification","valueRequired":true,"valueName":"search_term_string"}}],"inLanguage":"es"},{"@type":"Organization","@id":"https:\/\/www.sonoraenequipo.com.mx\/#organization","name":"Sonoraenequipo.com.mx","url":"https:\/\/www.sonoraenequipo.com.mx\/","logo":{"@type":"ImageObject","inLanguage":"es","@id":"https:\/\/www.sonoraenequipo.com.mx\/#\/schema\/logo\/image\/","url":"https:\/\/www.sonoraenequipo.com.mx\/storage\/2019\/01\/sonoraenequipo_opt.png","contentUrl":"https:\/\/www.sonoraenequipo.com.mx\/storage\/2019\/01\/sonoraenequipo_opt.png","width":375,"height":125,"caption":"Sonoraenequipo.com.mx"},"image":{"@id":"https:\/\/www.sonoraenequipo.com.mx\/#\/schema\/logo\/image\/"},"sameAs":["https:\/\/www.facebook.com\/SonoraEE\/","https:\/\/x.com\/sonoraenequipo","https:\/\/www.youtube.com\/channel\/UC338nW-lPEYmJQs4ZABQ1SQ"]},{"@type":"Person","@id":"https:\/\/www.sonoraenequipo.com.mx\/#\/schema\/person\/50102df0fb23a8fa9e8effad8fa81386","name":"enequipo","image":{"@type":"ImageObject","inLanguage":"es","@id":"https:\/\/www.sonoraenequipo.com.mx\/#\/schema\/person\/image\/","url":"https:\/\/secure.gravatar.com\/avatar\/049821681b589dabc0bc20695993ccebb09f5b5d4d790cd9251b97faac7c652b?s=96&d=blank&r=g","contentUrl":"https:\/\/secure.gravatar.com\/avatar\/049821681b589dabc0bc20695993ccebb09f5b5d4d790cd9251b97faac7c652b?s=96&d=blank&r=g","caption":"enequipo"},"sameAs":["https:\/\/www.facebook.com\/SonoraEE"]}]}},"jetpack_featured_media_url":"https:\/\/www.sonoraenequipo.com.mx\/storage\/2026\/09\/adm-dengue.jpg","_links":{"self":[{"href":"https:\/\/www.sonoraenequipo.com.mx\/api\/wp\/v2\/posts\/251663","targetHints":{"allow":["GET"]}}],"collection":[{"href":"https:\/\/www.sonoraenequipo.com.mx\/api\/wp\/v2\/posts"}],"about":[{"href":"https:\/\/www.sonoraenequipo.com.mx\/api\/wp\/v2\/types\/post"}],"author":[{"embeddable":true,"href":"https:\/\/www.sonoraenequipo.com.mx\/api\/wp\/v2\/users\/1"}],"replies":[{"embeddable":true,"href":"https:\/\/www.sonoraenequipo.com.mx\/api\/wp\/v2\/comments?post=251663"}],"version-history":[{"count":1,"href":"https:\/\/www.sonoraenequipo.com.mx\/api\/wp\/v2\/posts\/251663\/revisions"}],"predecessor-version":[{"id":251665,"href":"https:\/\/www.sonoraenequipo.com.mx\/api\/wp\/v2\/posts\/251663\/revisions\/251665"}],"wp:featuredmedia":[{"embeddable":true,"href":"https:\/\/www.sonoraenequipo.com.mx\/api\/wp\/v2\/media\/251664"}],"wp:attachment":[{"href":"https:\/\/www.sonoraenequipo.com.mx\/api\/wp\/v2\/media?parent=251663"}],"wp:term":[{"taxonomy":"category","embeddable":true,"href":"https:\/\/www.sonoraenequipo.com.mx\/api\/wp\/v2\/categories?post=251663"},{"taxonomy":"post_tag","embeddable":true,"href":"https:\/\/www.sonoraenequipo.com.mx\/api\/wp\/v2\/tags?post=251663"}],"curies":[{"name":"wp","href":"https:\/\/api.w.org\/{rel}","templated":true}]}}