{"id":251667,"date":"2026-09-05T07:30:30","date_gmt":"2026-09-05T14:30:30","guid":{"rendered":"https:\/\/www.sonoraenequipo.com.mx\/?p=251667"},"modified":"2026-09-05T18:51:48","modified_gmt":"2026-09-06T01:51:48","slug":"gobierno-de-sonora-fortalece-espacios-deportivos-en-altar-con-inversion-superior-a-7-millones-de-pesos","status":"publish","type":"post","link":"https:\/\/www.sonoraenequipo.com.mx\/gobierno-de-sonora-fortalece-espacios-deportivos-en-altar-con-inversion-superior-a-7-millones-de-pesos\/","title":{"rendered":"Gobierno de Sonora fortalece espacios deportivos en Altar con inversi\u00f3n superior a 7 millones de pesos"},"content":{"rendered":"<p><strong>ALTAR, SONORA. MX. \u2014\u00a0<\/strong> El gobernador Alfonso Durazo Monta\u00f1o impulsa el rescate y rehabilitaci\u00f3n de espacios deportivos para fortalecer la convivencia y el bienestar de las familias sonorenses. En Altar, el Gobierno de Sonora, a trav\u00e9s del Consejo Estatal de Concertaci\u00f3n para la Obra P\u00fablica (CECOP), culmin\u00f3 los trabajos de rehabilitaci\u00f3n de canchas multifuncionales y de f\u00fatbol con pasto sint\u00e9tico en la Unidad Deportiva \u201cManuel Maqu\u00edo Clouthier\u201d.<\/p>\n<p>&nbsp;<\/p>\n<p>&nbsp;<\/p>\n<p> <\/p>\n<p>El rescate y rehabilitaci\u00f3n de los espacios p\u00fablicos es una prioridad, al representar lugares que contribuyen al bienestar, la convivencia y el sano desarrollo de ni\u00f1as, ni\u00f1os, j\u00f3venes y familias. Bajo esta visi\u00f3n, se contin\u00faa impulsando infraestructura que genere mejores condiciones para las comunidades de Sonora.<\/p>\n<p>&nbsp;<\/p>\n<p>La obra cont\u00f3 con una inversi\u00f3n de siete millones 118 mil 240 pesos, IVA incluido, y beneficiar\u00e1 directamente a dos mil 700 personas de la localidad.<\/p>\n<p>&nbsp;<\/p>\n<p>Entre los trabajos realizados se encuentra la nivelaci\u00f3n del terreno mediante la colocaci\u00f3n de 654 metros c\u00fabicos de material de banco, as\u00ed como mil 13 metros c\u00fabicos de base hidr\u00e1ulica para la instalaci\u00f3n del pasto sint\u00e9tico.<\/p>\n<p>&nbsp;<\/p>\n<p>Asimismo, se llevaron a cabo trabajos de riego de liga y colocaci\u00f3n de arena especial en una superficie de seis mil 750 metros cuadrados, adem\u00e1s de la instalaci\u00f3n de seis mil 750 metros cuadrados de pasto sint\u00e9tico en la cancha de f\u00fatbol.<\/p>\n<p>&nbsp;<\/p>\n<p>Con estas acciones, el Gobierno de Sonora refrenda su compromiso de rescatar y dignificar los espacios p\u00fablicos y deportivos, acercando infraestructura de calidad a las comunidades y fortaleciendo entornos que promuevan una vida m\u00e1s saludable, la convivencia y el bienestar de las familias sonorenses.<\/p>\n<p>&nbsp;<\/p>\n<p>&nbsp;<\/p>\n<p>&nbsp;<\/p>\n<p>PUBLICADO EL 05 SEPT 2026 Con informaci\u00f3n de GOBSON 0926\/046)<\/p>\n","protected":false},"excerpt":{"rendered":"<p>ALTAR, SONORA. MX. \u2014\u00a0 El gobernador Alfonso Durazo Monta\u00f1o impulsa el rescate y rehabilitaci\u00f3n de&#8230;<\/p>\n","protected":false},"author":1,"featured_media":251668,"comment_status":"open","ping_status":"open","sticky":false,"template":"","format":"standard","meta":{"_monsterinsights_skip_tracking":false,"_monsterinsights_sitenote_active":false,"_monsterinsights_sitenote_note":"","_monsterinsights_sitenote_category":0,"footnotes":""},"categories":[22],"tags":[],"class_list":["post"],"yoast_head":" \n<title>Sonora en Equipo. Gobierno de Sonora fortalece espacios deportivos en Altar con inversi\u00f3n superior a 7 millones de pesos Sonora<\/title>\n<meta name=\"description\" content=\"ALTAR, SONORA. MX. \u2014\u00a0 El gobernador Alfonso Durazo Monta\u00f1o impulsa el rescate y rehabilitaci\u00f3n de espacios deportivos para fortalecer la convivencia y el En Sonora en Equipo publicamos toda la informaci\u00f3n de Sonora, M\u00e9xico y el Mundo de manera oportuna y busca que la libertad de expresi\u00f3n sea real. Visita nuestro medio informativo publicado desde Hermosillo, Sonora. %\" \/>\n<meta name=\"robots\" content=\"index, follow, max-snippet:-1, max-image-preview:large, max-video-preview:-1\" \/>\n<link rel=\"canonical\" href=\"https:\/\/www.sonoraenequipo.com.mx\/gobierno-de-sonora-fortalece-espacios-deportivos-en-altar-con-inversion-superior-a-7-millones-de-pesos\/\" \/>\n<meta property=\"og:locale\" content=\"es_ES\" \/>\n<meta property=\"og:type\" content=\"article\" \/>\n<meta property=\"og:title\" content=\"Sonora en Equipo. Gobierno de Sonora fortalece espacios deportivos en Altar con inversi\u00f3n superior a 7 millones de pesos Sonora\" \/>\n<meta property=\"og:description\" content=\"ALTAR, SONORA. MX. \u2014\u00a0 El gobernador Alfonso Durazo Monta\u00f1o impulsa el rescate y rehabilitaci\u00f3n de espacios deportivos para fortalecer la convivencia y el En Sonora en Equipo publicamos toda la informaci\u00f3n de Sonora, M\u00e9xico y el Mundo de manera oportuna y busca que la libertad de expresi\u00f3n sea real. Visita nuestro medio informativo publicado desde Hermosillo, Sonora. %\" \/>\n<meta property=\"og:url\" content=\"https:\/\/www.sonoraenequipo.com.mx\/gobierno-de-sonora-fortalece-espacios-deportivos-en-altar-con-inversion-superior-a-7-millones-de-pesos\/\" \/>\n<meta property=\"og:site_name\" content=\"Sonora en Equipo.\" \/>\n<meta property=\"article:publisher\" content=\"https:\/\/www.facebook.com\/SonoraEE\/\" \/>\n<meta property=\"article:author\" content=\"https:\/\/www.facebook.com\/SonoraEE\" \/>\n<meta property=\"article:published_time\" content=\"2026-09-05T14:30:30+00:00\" \/>\n<meta property=\"article:modified_time\" content=\"2026-09-06T01:51:48+00:00\" \/>\n<meta property=\"og:image\" content=\"https:\/\/www.sonoraenequipo.com.mx\/storage\/2026\/09\/Sonora-fortalece-espacios-deportivos-en-Altar.-1.jpg\" \/>\n\t<meta property=\"og:image:width\" content=\"1000\" \/>\n\t<meta property=\"og:image:height\" content=\"562\" \/>\n\t<meta property=\"og:image:type\" content=\"image\/jpeg\" \/>\n<meta name=\"author\" content=\"enequipo\" \/>\n<meta name=\"twitter:card\" content=\"summary_large_image\" \/>\n<meta name=\"twitter:creator\" content=\"@sonoraenequipo\" \/>\n<meta name=\"twitter:site\" content=\"@sonoraenequipo\" \/>\n<meta name=\"twitter:label1\" content=\"Escrito por\" \/>\n\t<meta name=\"twitter:data1\" content=\"enequipo\" \/>\n\t<meta name=\"twitter:label2\" content=\"Tiempo de lectura\" \/>\n\t<meta name=\"twitter:data2\" content=\"2 minutos\" \/>\n<script type=\"application\/ld+json\" class=\"yoast-schema-graph\">{\"@context\":\"https:\/\/schema.org\",\"@graph\":[{\"@type\":\"Article\",\"@id\":\"https:\/\/www.sonoraenequipo.com.mx\/gobierno-de-sonora-fortalece-espacios-deportivos-en-altar-con-inversion-superior-a-7-millones-de-pesos\/#article\",\"isPartOf\":{\"@id\":\"https:\/\/www.sonoraenequipo.com.mx\/gobierno-de-sonora-fortalece-espacios-deportivos-en-altar-con-inversion-superior-a-7-millones-de-pesos\/\"},\"author\":{\"name\":\"enequipo\",\"@id\":\"https:\/\/www.sonoraenequipo.com.mx\/#\/schema\/person\/50102df0fb23a8fa9e8effad8fa81386\"},\"headline\":\"Gobierno de Sonora fortalece espacios deportivos en Altar con inversi\u00f3n superior a 7 millones de pesos\",\"datePublished\":\"2026-09-05T14:30:30+00:00\",\"dateModified\":\"2026-09-06T01:51:48+00:00\",\"mainEntityOfPage\":{\"@id\":\"https:\/\/www.sonoraenequipo.com.mx\/gobierno-de-sonora-fortalece-espacios-deportivos-en-altar-con-inversion-superior-a-7-millones-de-pesos\/\"},\"wordCount\":317,\"commentCount\":0,\"publisher\":{\"@id\":\"https:\/\/www.sonoraenequipo.com.mx\/#organization\"},\"image\":{\"@id\":\"https:\/\/www.sonoraenequipo.com.mx\/gobierno-de-sonora-fortalece-espacios-deportivos-en-altar-con-inversion-superior-a-7-millones-de-pesos\/#primaryimage\"},\"thumbnailUrl\":\"https:\/\/www.sonoraenequipo.com.mx\/storage\/2026\/09\/Sonora-fortalece-espacios-deportivos-en-Altar.-1.jpg\",\"articleSection\":[\"Sonora\"],\"inLanguage\":\"es\",\"potentialAction\":[{\"@type\":\"CommentAction\",\"name\":\"Comment\",\"target\":[\"https:\/\/www.sonoraenequipo.com.mx\/gobierno-de-sonora-fortalece-espacios-deportivos-en-altar-con-inversion-superior-a-7-millones-de-pesos\/#respond\"]}]},{\"@type\":\"WebPage\",\"@id\":\"https:\/\/www.sonoraenequipo.com.mx\/gobierno-de-sonora-fortalece-espacios-deportivos-en-altar-con-inversion-superior-a-7-millones-de-pesos\/\",\"url\":\"https:\/\/www.sonoraenequipo.com.mx\/gobierno-de-sonora-fortalece-espacios-deportivos-en-altar-con-inversion-superior-a-7-millones-de-pesos\/\",\"name\":\"Sonora en Equipo. Gobierno de Sonora fortalece espacios deportivos en Altar con inversi\u00f3n superior a 7 millones de pesos Sonora\",\"isPartOf\":{\"@id\":\"https:\/\/www.sonoraenequipo.com.mx\/#website\"},\"primaryImageOfPage\":{\"@id\":\"https:\/\/www.sonoraenequipo.com.mx\/gobierno-de-sonora-fortalece-espacios-deportivos-en-altar-con-inversion-superior-a-7-millones-de-pesos\/#primaryimage\"},\"image\":{\"@id\":\"https:\/\/www.sonoraenequipo.com.mx\/gobierno-de-sonora-fortalece-espacios-deportivos-en-altar-con-inversion-superior-a-7-millones-de-pesos\/#primaryimage\"},\"thumbnailUrl\":\"https:\/\/www.sonoraenequipo.com.mx\/storage\/2026\/09\/Sonora-fortalece-espacios-deportivos-en-Altar.-1.jpg\",\"datePublished\":\"2026-09-05T14:30:30+00:00\",\"dateModified\":\"2026-09-06T01:51:48+00:00\",\"description\":\"ALTAR, SONORA. MX. \u2014\u00a0 El gobernador Alfonso Durazo Monta\u00f1o impulsa el rescate y rehabilitaci\u00f3n de espacios deportivos para fortalecer la convivencia y el En Sonora en Equipo publicamos toda la informaci\u00f3n de Sonora, M\u00e9xico y el Mundo de manera oportuna y busca que la libertad de expresi\u00f3n sea real. Visita nuestro medio informativo publicado desde Hermosillo, Sonora. %\",\"breadcrumb\":{\"@id\":\"https:\/\/www.sonoraenequipo.com.mx\/gobierno-de-sonora-fortalece-espacios-deportivos-en-altar-con-inversion-superior-a-7-millones-de-pesos\/#breadcrumb\"},\"inLanguage\":\"es\",\"potentialAction\":[{\"@type\":\"ReadAction\",\"target\":[\"https:\/\/www.sonoraenequipo.com.mx\/gobierno-de-sonora-fortalece-espacios-deportivos-en-altar-con-inversion-superior-a-7-millones-de-pesos\/\"]}]},{\"@type\":\"ImageObject\",\"inLanguage\":\"es\",\"@id\":\"https:\/\/www.sonoraenequipo.com.mx\/gobierno-de-sonora-fortalece-espacios-deportivos-en-altar-con-inversion-superior-a-7-millones-de-pesos\/#primaryimage\",\"url\":\"https:\/\/www.sonoraenequipo.com.mx\/storage\/2026\/09\/Sonora-fortalece-espacios-deportivos-en-Altar.-1.jpg\",\"contentUrl\":\"https:\/\/www.sonoraenequipo.com.mx\/storage\/2026\/09\/Sonora-fortalece-espacios-deportivos-en-Altar.-1.jpg\",\"width\":1000,\"height\":562},{\"@type\":\"BreadcrumbList\",\"@id\":\"https:\/\/www.sonoraenequipo.com.mx\/gobierno-de-sonora-fortalece-espacios-deportivos-en-altar-con-inversion-superior-a-7-millones-de-pesos\/#breadcrumb\",\"itemListElement\":[{\"@type\":\"ListItem\",\"position\":1,\"name\":\"Portada\",\"item\":\"https:\/\/www.sonoraenequipo.com.mx\/\"},{\"@type\":\"ListItem\",\"position\":2,\"name\":\"Gobierno de Sonora fortalece espacios deportivos en Altar con inversi\u00f3n superior a 7 millones de pesos\"}]},{\"@type\":\"WebSite\",\"@id\":\"https:\/\/www.sonoraenequipo.com.mx\/#website\",\"url\":\"https:\/\/www.sonoraenequipo.com.mx\/\",\"name\":\"Sonora en Equipo.\",\"description\":\"Diario en l\u00ednea con Noticias desde Hermosillo, Sonora\",\"publisher\":{\"@id\":\"https:\/\/www.sonoraenequipo.com.mx\/#organization\"},\"potentialAction\":[{\"@type\":\"SearchAction\",\"target\":{\"@type\":\"EntryPoint\",\"urlTemplate\":\"https:\/\/www.sonoraenequipo.com.mx\/?s={search_term_string}\"},\"query-input\":{\"@type\":\"PropertyValueSpecification\",\"valueRequired\":true,\"valueName\":\"search_term_string\"}}],\"inLanguage\":\"es\"},{\"@type\":\"Organization\",\"@id\":\"https:\/\/www.sonoraenequipo.com.mx\/#organization\",\"name\":\"Sonoraenequipo.com.mx\",\"url\":\"https:\/\/www.sonoraenequipo.com.mx\/\",\"logo\":{\"@type\":\"ImageObject\",\"inLanguage\":\"es\",\"@id\":\"https:\/\/www.sonoraenequipo.com.mx\/#\/schema\/logo\/image\/\",\"url\":\"https:\/\/www.sonoraenequipo.com.mx\/storage\/2019\/01\/sonoraenequipo_opt.png\",\"contentUrl\":\"https:\/\/www.sonoraenequipo.com.mx\/storage\/2019\/01\/sonoraenequipo_opt.png\",\"width\":375,\"height\":125,\"caption\":\"Sonoraenequipo.com.mx\"},\"image\":{\"@id\":\"https:\/\/www.sonoraenequipo.com.mx\/#\/schema\/logo\/image\/\"},\"sameAs\":[\"https:\/\/www.facebook.com\/SonoraEE\/\",\"https:\/\/x.com\/sonoraenequipo\",\"https:\/\/www.youtube.com\/channel\/UC338nW-lPEYmJQs4ZABQ1SQ\"]},{\"@type\":\"Person\",\"@id\":\"https:\/\/www.sonoraenequipo.com.mx\/#\/schema\/person\/50102df0fb23a8fa9e8effad8fa81386\",\"name\":\"enequipo\",\"image\":{\"@type\":\"ImageObject\",\"inLanguage\":\"es\",\"@id\":\"https:\/\/www.sonoraenequipo.com.mx\/#\/schema\/person\/image\/\",\"url\":\"https:\/\/secure.gravatar.com\/avatar\/049821681b589dabc0bc20695993ccebb09f5b5d4d790cd9251b97faac7c652b?s=96&d=blank&r=g\",\"contentUrl\":\"https:\/\/secure.gravatar.com\/avatar\/049821681b589dabc0bc20695993ccebb09f5b5d4d790cd9251b97faac7c652b?s=96&d=blank&r=g\",\"caption\":\"enequipo\"},\"sameAs\":[\"https:\/\/www.facebook.com\/SonoraEE\"]}]}<\/script>\n ","yoast_head_json":{"title":"Sonora en Equipo. Gobierno de Sonora fortalece espacios deportivos en Altar con inversi\u00f3n superior a 7 millones de pesos Sonora","description":"ALTAR, SONORA. MX. \u2014\u00a0 El gobernador Alfonso Durazo Monta\u00f1o impulsa el rescate y rehabilitaci\u00f3n de espacios deportivos para fortalecer la convivencia y el En Sonora en Equipo publicamos toda la informaci\u00f3n de Sonora, M\u00e9xico y el Mundo de manera oportuna y busca que la libertad de expresi\u00f3n sea real. Visita nuestro medio informativo publicado desde Hermosillo, Sonora. %","robots":{"index":"index","follow":"follow","max-snippet":"max-snippet:-1","max-image-preview":"max-image-preview:large","max-video-preview":"max-video-preview:-1"},"canonical":"https:\/\/www.sonoraenequipo.com.mx\/gobierno-de-sonora-fortalece-espacios-deportivos-en-altar-con-inversion-superior-a-7-millones-de-pesos\/","og_locale":"es_ES","og_type":"article","og_title":"Sonora en Equipo. Gobierno de Sonora fortalece espacios deportivos en Altar con inversi\u00f3n superior a 7 millones de pesos Sonora","og_description":"ALTAR, SONORA. MX. \u2014\u00a0 El gobernador Alfonso Durazo Monta\u00f1o impulsa el rescate y rehabilitaci\u00f3n de espacios deportivos para fortalecer la convivencia y el En Sonora en Equipo publicamos toda la informaci\u00f3n de Sonora, M\u00e9xico y el Mundo de manera oportuna y busca que la libertad de expresi\u00f3n sea real. Visita nuestro medio informativo publicado desde Hermosillo, Sonora. %","og_url":"https:\/\/www.sonoraenequipo.com.mx\/gobierno-de-sonora-fortalece-espacios-deportivos-en-altar-con-inversion-superior-a-7-millones-de-pesos\/","og_site_name":"Sonora en Equipo.","article_publisher":"https:\/\/www.facebook.com\/SonoraEE\/","article_author":"https:\/\/www.facebook.com\/SonoraEE","article_published_time":"2026-09-05T14:30:30+00:00","article_modified_time":"2026-09-06T01:51:48+00:00","og_image":[{"width":1000,"height":562,"url":"https:\/\/www.sonoraenequipo.com.mx\/storage\/2026\/09\/Sonora-fortalece-espacios-deportivos-en-Altar.-1.jpg","type":"image\/jpeg"}],"author":"enequipo","twitter_card":"summary_large_image","twitter_creator":"@sonoraenequipo","twitter_site":"@sonoraenequipo","twitter_misc":{"Escrito por":"enequipo","Tiempo de lectura":"2 minutos"},"schema":{"@context":"https:\/\/schema.org","@graph":[{"@type":"Article","@id":"https:\/\/www.sonoraenequipo.com.mx\/gobierno-de-sonora-fortalece-espacios-deportivos-en-altar-con-inversion-superior-a-7-millones-de-pesos\/#article","isPartOf":{"@id":"https:\/\/www.sonoraenequipo.com.mx\/gobierno-de-sonora-fortalece-espacios-deportivos-en-altar-con-inversion-superior-a-7-millones-de-pesos\/"},"author":{"name":"enequipo","@id":"https:\/\/www.sonoraenequipo.com.mx\/#\/schema\/person\/50102df0fb23a8fa9e8effad8fa81386"},"headline":"Gobierno de Sonora fortalece espacios deportivos en Altar con inversi\u00f3n superior a 7 millones de pesos","datePublished":"2026-09-05T14:30:30+00:00","dateModified":"2026-09-06T01:51:48+00:00","mainEntityOfPage":{"@id":"https:\/\/www.sonoraenequipo.com.mx\/gobierno-de-sonora-fortalece-espacios-deportivos-en-altar-con-inversion-superior-a-7-millones-de-pesos\/"},"wordCount":317,"commentCount":0,"publisher":{"@id":"https:\/\/www.sonoraenequipo.com.mx\/#organization"},"image":{"@id":"https:\/\/www.sonoraenequipo.com.mx\/gobierno-de-sonora-fortalece-espacios-deportivos-en-altar-con-inversion-superior-a-7-millones-de-pesos\/#primaryimage"},"thumbnailUrl":"https:\/\/www.sonoraenequipo.com.mx\/storage\/2026\/09\/Sonora-fortalece-espacios-deportivos-en-Altar.-1.jpg","articleSection":["Sonora"],"inLanguage":"es","potentialAction":[{"@type":"CommentAction","name":"Comment","target":["https:\/\/www.sonoraenequipo.com.mx\/gobierno-de-sonora-fortalece-espacios-deportivos-en-altar-con-inversion-superior-a-7-millones-de-pesos\/#respond"]}]},{"@type":"WebPage","@id":"https:\/\/www.sonoraenequipo.com.mx\/gobierno-de-sonora-fortalece-espacios-deportivos-en-altar-con-inversion-superior-a-7-millones-de-pesos\/","url":"https:\/\/www.sonoraenequipo.com.mx\/gobierno-de-sonora-fortalece-espacios-deportivos-en-altar-con-inversion-superior-a-7-millones-de-pesos\/","name":"Sonora en Equipo. Gobierno de Sonora fortalece espacios deportivos en Altar con inversi\u00f3n superior a 7 millones de pesos Sonora","isPartOf":{"@id":"https:\/\/www.sonoraenequipo.com.mx\/#website"},"primaryImageOfPage":{"@id":"https:\/\/www.sonoraenequipo.com.mx\/gobierno-de-sonora-fortalece-espacios-deportivos-en-altar-con-inversion-superior-a-7-millones-de-pesos\/#primaryimage"},"image":{"@id":"https:\/\/www.sonoraenequipo.com.mx\/gobierno-de-sonora-fortalece-espacios-deportivos-en-altar-con-inversion-superior-a-7-millones-de-pesos\/#primaryimage"},"thumbnailUrl":"https:\/\/www.sonoraenequipo.com.mx\/storage\/2026\/09\/Sonora-fortalece-espacios-deportivos-en-Altar.-1.jpg","datePublished":"2026-09-05T14:30:30+00:00","dateModified":"2026-09-06T01:51:48+00:00","description":"ALTAR, SONORA. MX. \u2014\u00a0 El gobernador Alfonso Durazo Monta\u00f1o impulsa el rescate y rehabilitaci\u00f3n de espacios deportivos para fortalecer la convivencia y el En Sonora en Equipo publicamos toda la informaci\u00f3n de Sonora, M\u00e9xico y el Mundo de manera oportuna y busca que la libertad de expresi\u00f3n sea real. Visita nuestro medio informativo publicado desde Hermosillo, Sonora. %","breadcrumb":{"@id":"https:\/\/www.sonoraenequipo.com.mx\/gobierno-de-sonora-fortalece-espacios-deportivos-en-altar-con-inversion-superior-a-7-millones-de-pesos\/#breadcrumb"},"inLanguage":"es","potentialAction":[{"@type":"ReadAction","target":["https:\/\/www.sonoraenequipo.com.mx\/gobierno-de-sonora-fortalece-espacios-deportivos-en-altar-con-inversion-superior-a-7-millones-de-pesos\/"]}]},{"@type":"ImageObject","inLanguage":"es","@id":"https:\/\/www.sonoraenequipo.com.mx\/gobierno-de-sonora-fortalece-espacios-deportivos-en-altar-con-inversion-superior-a-7-millones-de-pesos\/#primaryimage","url":"https:\/\/www.sonoraenequipo.com.mx\/storage\/2026\/09\/Sonora-fortalece-espacios-deportivos-en-Altar.-1.jpg","contentUrl":"https:\/\/www.sonoraenequipo.com.mx\/storage\/2026\/09\/Sonora-fortalece-espacios-deportivos-en-Altar.-1.jpg","width":1000,"height":562},{"@type":"BreadcrumbList","@id":"https:\/\/www.sonoraenequipo.com.mx\/gobierno-de-sonora-fortalece-espacios-deportivos-en-altar-con-inversion-superior-a-7-millones-de-pesos\/#breadcrumb","itemListElement":[{"@type":"ListItem","position":1,"name":"Portada","item":"https:\/\/www.sonoraenequipo.com.mx\/"},{"@type":"ListItem","position":2,"name":"Gobierno de Sonora fortalece espacios deportivos en Altar con inversi\u00f3n superior a 7 millones de pesos"}]},{"@type":"WebSite","@id":"https:\/\/www.sonoraenequipo.com.mx\/#website","url":"https:\/\/www.sonoraenequipo.com.mx\/","name":"Sonora en Equipo.","description":"Diario en l\u00ednea con Noticias desde Hermosillo, Sonora","publisher":{"@id":"https:\/\/www.sonoraenequipo.com.mx\/#organization"},"potentialAction":[{"@type":"SearchAction","target":{"@type":"EntryPoint","urlTemplate":"https:\/\/www.sonoraenequipo.com.mx\/?s={search_term_string}"},"query-input":{"@type":"PropertyValueSpecification","valueRequired":true,"valueName":"search_term_string"}}],"inLanguage":"es"},{"@type":"Organization","@id":"https:\/\/www.sonoraenequipo.com.mx\/#organization","name":"Sonoraenequipo.com.mx","url":"https:\/\/www.sonoraenequipo.com.mx\/","logo":{"@type":"ImageObject","inLanguage":"es","@id":"https:\/\/www.sonoraenequipo.com.mx\/#\/schema\/logo\/image\/","url":"https:\/\/www.sonoraenequipo.com.mx\/storage\/2019\/01\/sonoraenequipo_opt.png","contentUrl":"https:\/\/www.sonoraenequipo.com.mx\/storage\/2019\/01\/sonoraenequipo_opt.png","width":375,"height":125,"caption":"Sonoraenequipo.com.mx"},"image":{"@id":"https:\/\/www.sonoraenequipo.com.mx\/#\/schema\/logo\/image\/"},"sameAs":["https:\/\/www.facebook.com\/SonoraEE\/","https:\/\/x.com\/sonoraenequipo","https:\/\/www.youtube.com\/channel\/UC338nW-lPEYmJQs4ZABQ1SQ"]},{"@type":"Person","@id":"https:\/\/www.sonoraenequipo.com.mx\/#\/schema\/person\/50102df0fb23a8fa9e8effad8fa81386","name":"enequipo","image":{"@type":"ImageObject","inLanguage":"es","@id":"https:\/\/www.sonoraenequipo.com.mx\/#\/schema\/person\/image\/","url":"https:\/\/secure.gravatar.com\/avatar\/049821681b589dabc0bc20695993ccebb09f5b5d4d790cd9251b97faac7c652b?s=96&d=blank&r=g","contentUrl":"https:\/\/secure.gravatar.com\/avatar\/049821681b589dabc0bc20695993ccebb09f5b5d4d790cd9251b97faac7c652b?s=96&d=blank&r=g","caption":"enequipo"},"sameAs":["https:\/\/www.facebook.com\/SonoraEE"]}]}},"jetpack_featured_media_url":"https:\/\/www.sonoraenequipo.com.mx\/storage\/2026\/09\/Sonora-fortalece-espacios-deportivos-en-Altar.-1.jpg","_links":{"self":[{"href":"https:\/\/www.sonoraenequipo.com.mx\/api\/wp\/v2\/posts\/251667","targetHints":{"allow":["GET"]}}],"collection":[{"href":"https:\/\/www.sonoraenequipo.com.mx\/api\/wp\/v2\/posts"}],"about":[{"href":"https:\/\/www.sonoraenequipo.com.mx\/api\/wp\/v2\/types\/post"}],"author":[{"embeddable":true,"href":"https:\/\/www.sonoraenequipo.com.mx\/api\/wp\/v2\/users\/1"}],"replies":[{"embeddable":true,"href":"https:\/\/www.sonoraenequipo.com.mx\/api\/wp\/v2\/comments?post=251667"}],"version-history":[{"count":1,"href":"https:\/\/www.sonoraenequipo.com.mx\/api\/wp\/v2\/posts\/251667\/revisions"}],"predecessor-version":[{"id":251678,"href":"https:\/\/www.sonoraenequipo.com.mx\/api\/wp\/v2\/posts\/251667\/revisions\/251678"}],"wp:featuredmedia":[{"embeddable":true,"href":"https:\/\/www.sonoraenequipo.com.mx\/api\/wp\/v2\/media\/251668"}],"wp:attachment":[{"href":"https:\/\/www.sonoraenequipo.com.mx\/api\/wp\/v2\/media?parent=251667"}],"wp:term":[{"taxonomy":"category","embeddable":true,"href":"https:\/\/www.sonoraenequipo.com.mx\/api\/wp\/v2\/categories?post=251667"},{"taxonomy":"post_tag","embeddable":true,"href":"https:\/\/www.sonoraenequipo.com.mx\/api\/wp\/v2\/tags?post=251667"}],"curies":[{"name":"wp","href":"https:\/\/api.w.org\/{rel}","templated":true}]}}