{"id":251685,"date":"2026-09-05T18:00:51","date_gmt":"2026-09-06T01:00:51","guid":{"rendered":"https:\/\/www.sonoraenequipo.com.mx\/?p=251685"},"modified":"2026-09-05T19:12:28","modified_gmt":"2026-09-06T02:12:28","slug":"logra-sonorense-medalla-de-bronce-en-equipos-en-campeonato-mundial-de-boccia","status":"publish","type":"post","link":"https:\/\/www.sonoraenequipo.com.mx\/logra-sonorense-medalla-de-bronce-en-equipos-en-campeonato-mundial-de-boccia\/","title":{"rendered":"Logra sonorense medalla de bronce en equipos en Campeonato Mundial de Boccia"},"content":{"rendered":"<p><strong>HERMOSILLO,SONORA. MX. \u2014\u00a0<\/strong> El sonorense Rogelio Alexis Gonz\u00e1lez pas\u00f3 a la historia del deporte mexicano al formar parte del equipo azteca que gan\u00f3 la primera medalla en conjunto para nuestro pa\u00eds en un Campeonato Mundial de Boccia, tras conseguir el bronce en la und\u00e9cima edici\u00f3n del certamen efectuado en Se\u00fal, Corea del Sur.<\/p>\n<p>&nbsp;<\/p>\n<p>&nbsp;<\/p>\n<p> <\/p>\n<p>Gonz\u00e1lez Quiroz integr\u00f3 la tercia tricolor mixta al lado de Eduardo S\u00e1nchez \u2013medallista de plata Individual en el mismo Mundial- y Karina Mart\u00ednez, quienes lograron una haza\u00f1a incre\u00edble para obtener el bronce en la categor\u00eda BC1\/2, ya que derrotaron al campe\u00f3n paral\u00edmpico, China (Zhang Qi, Lan Zhijian y Yan Zhiqiang), por desempate (2-0), despu\u00e9s de finalizar 2-2 en la tanda regular.<\/p>\n<p>&nbsp;<\/p>\n<p>&nbsp;<\/p>\n<p>&nbsp;<\/p>\n<p>El camino hacia el p\u00f3dium empez\u00f3 en la primera ronda, ah\u00ed M\u00e9xico culmin\u00f3 en la segunda posici\u00f3n del Grupo \u201cB\u201d con r\u00e9cord de 2-1 en ganados y perdidos. Los triunfos fueron sobre Espa\u00f1a y Malasia (ambos juegos terminaron 9-3), mientras que el rev\u00e9s (4-8) lo sufrieron ante Indonesia, que a final de cuentas conquist\u00f3 el cetro mundialista.<\/p>\n<p>&nbsp;<\/p>\n<p>&nbsp;<\/p>\n<p>Enseguida, en cuartos de final, los aztecas vencieron 10-3 a Jap\u00f3n para conseguir el avance a la semifinal, aunque en esa etapa cayeron (8-4) de nuevo con los pr\u00f3ximos monarcas mundiales. Posteriormente, en la lucha por el bronce, superaron espectacularmente a los campeones paral\u00edmpicos de Par\u00eds 2024 para agenciarse el metal.<\/p>\n<p>&nbsp;<\/p>\n<p>&nbsp;<\/p>\n<p>De tal forma, tambi\u00e9n recabaron puntos dentro del proceso hacia los Juegos Paral\u00edmpicos Los \u00c1ngeles 2028, adem\u00e1s, la presea de tercer puesto convierte a M\u00e9xico en el mejor equipo de boccia del continente americano en dicha categor\u00eda. El campe\u00f3n y medallista de oro result\u00f3 Indonesia que dobleg\u00f3 (8-4) en la final a Portugal.<\/p>\n<p>&nbsp;<\/p>\n<p>Por lo tanto, los dos sonorenses que participaron en el Campeonato Mundial de Boccia 2026 tuvieron destacadas actuaciones, pues en el plano individual, Dubier Paredes finaliz\u00f3 en el sexto sitio y Gonz\u00e1lez Quiroz culmin\u00f3 octavo, dentro de la categor\u00eda BC2 varonil. Dentro del cuerpo t\u00e9cnico estuvo el entrenador de Sonora, Carlos Antulio Gonz\u00e1lez, acompa\u00f1ado de Guillermo \u00c1lvarez y Aracely Garza.<\/p>\n<p>&nbsp;<\/p>\n<p>&nbsp;<\/p>\n<p>PUBLICADO EL 05 SEPT 2026 Con informaci\u00f3n de GOBSON 0926\/046)<\/p>\n","protected":false},"excerpt":{"rendered":"<p>HERMOSILLO,SONORA. MX. \u2014\u00a0 El sonorense Rogelio Alexis Gonz\u00e1lez pas\u00f3 a la historia del deporte mexicano&#8230;<\/p>\n","protected":false},"author":1,"featured_media":251671,"comment_status":"open","ping_status":"open","sticky":false,"template":"","format":"standard","meta":{"_monsterinsights_skip_tracking":false,"_monsterinsights_sitenote_active":false,"_monsterinsights_sitenote_note":"","_monsterinsights_sitenote_category":0,"footnotes":""},"categories":[10],"tags":[],"class_list":["post"],"yoast_head":" \n<title>Sonora en Equipo. Logra sonorense medalla de bronce en equipos en Campeonato Mundial de Boccia Deportes<\/title>\n<meta name=\"description\" content=\"HERMOSILLO,SONORA. MX. \u2014\u00a0 El sonorense Rogelio Alexis Gonz\u00e1lez pas\u00f3 a la historia del deporte mexicano al formar parte del equipo azteca que gan\u00f3 la En Sonora en Equipo publicamos toda la informaci\u00f3n de Sonora, M\u00e9xico y el Mundo de manera oportuna y busca que la libertad de expresi\u00f3n sea real. Visita nuestro medio informativo publicado desde Hermosillo, Sonora. %\" \/>\n<meta name=\"robots\" content=\"index, follow, max-snippet:-1, max-image-preview:large, max-video-preview:-1\" \/>\n<link rel=\"canonical\" href=\"https:\/\/www.sonoraenequipo.com.mx\/logra-sonorense-medalla-de-bronce-en-equipos-en-campeonato-mundial-de-boccia\/\" \/>\n<meta property=\"og:locale\" content=\"es_ES\" \/>\n<meta property=\"og:type\" content=\"article\" \/>\n<meta property=\"og:title\" content=\"Sonora en Equipo. Logra sonorense medalla de bronce en equipos en Campeonato Mundial de Boccia Deportes\" \/>\n<meta property=\"og:description\" content=\"HERMOSILLO,SONORA. MX. \u2014\u00a0 El sonorense Rogelio Alexis Gonz\u00e1lez pas\u00f3 a la historia del deporte mexicano al formar parte del equipo azteca que gan\u00f3 la En Sonora en Equipo publicamos toda la informaci\u00f3n de Sonora, M\u00e9xico y el Mundo de manera oportuna y busca que la libertad de expresi\u00f3n sea real. Visita nuestro medio informativo publicado desde Hermosillo, Sonora. %\" \/>\n<meta property=\"og:url\" content=\"https:\/\/www.sonoraenequipo.com.mx\/logra-sonorense-medalla-de-bronce-en-equipos-en-campeonato-mundial-de-boccia\/\" \/>\n<meta property=\"og:site_name\" content=\"Sonora en Equipo.\" \/>\n<meta property=\"article:publisher\" content=\"https:\/\/www.facebook.com\/SonoraEE\/\" \/>\n<meta property=\"article:author\" content=\"https:\/\/www.facebook.com\/SonoraEE\" \/>\n<meta property=\"article:published_time\" content=\"2026-09-06T01:00:51+00:00\" \/>\n<meta property=\"article:modified_time\" content=\"2026-09-06T02:12:28+00:00\" \/>\n<meta property=\"og:image\" content=\"https:\/\/www.sonoraenequipo.com.mx\/storage\/2026\/09\/Logra-sonorense-medalla-de-bronce-en-equipos-en-Campeonato-Mundial-de-Boccia-1.jpg\" \/>\n\t<meta property=\"og:image:width\" content=\"1200\" \/>\n\t<meta property=\"og:image:height\" content=\"675\" \/>\n\t<meta property=\"og:image:type\" content=\"image\/jpeg\" \/>\n<meta name=\"author\" content=\"enequipo\" \/>\n<meta name=\"twitter:card\" content=\"summary_large_image\" \/>\n<meta name=\"twitter:creator\" content=\"@sonoraenequipo\" \/>\n<meta name=\"twitter:site\" content=\"@sonoraenequipo\" \/>\n<meta name=\"twitter:label1\" content=\"Escrito por\" \/>\n\t<meta name=\"twitter:data1\" content=\"enequipo\" \/>\n\t<meta name=\"twitter:label2\" content=\"Tiempo de lectura\" \/>\n\t<meta name=\"twitter:data2\" content=\"2 minutos\" \/>\n<script type=\"application\/ld+json\" class=\"yoast-schema-graph\">{\"@context\":\"https:\/\/schema.org\",\"@graph\":[{\"@type\":\"Article\",\"@id\":\"https:\/\/www.sonoraenequipo.com.mx\/logra-sonorense-medalla-de-bronce-en-equipos-en-campeonato-mundial-de-boccia\/#article\",\"isPartOf\":{\"@id\":\"https:\/\/www.sonoraenequipo.com.mx\/logra-sonorense-medalla-de-bronce-en-equipos-en-campeonato-mundial-de-boccia\/\"},\"author\":{\"name\":\"enequipo\",\"@id\":\"https:\/\/www.sonoraenequipo.com.mx\/#\/schema\/person\/50102df0fb23a8fa9e8effad8fa81386\"},\"headline\":\"Logra sonorense medalla de bronce en equipos en Campeonato Mundial de Boccia\",\"datePublished\":\"2026-09-06T01:00:51+00:00\",\"dateModified\":\"2026-09-06T02:12:28+00:00\",\"mainEntityOfPage\":{\"@id\":\"https:\/\/www.sonoraenequipo.com.mx\/logra-sonorense-medalla-de-bronce-en-equipos-en-campeonato-mundial-de-boccia\/\"},\"wordCount\":399,\"commentCount\":0,\"publisher\":{\"@id\":\"https:\/\/www.sonoraenequipo.com.mx\/#organization\"},\"image\":{\"@id\":\"https:\/\/www.sonoraenequipo.com.mx\/logra-sonorense-medalla-de-bronce-en-equipos-en-campeonato-mundial-de-boccia\/#primaryimage\"},\"thumbnailUrl\":\"https:\/\/www.sonoraenequipo.com.mx\/storage\/2026\/09\/Logra-sonorense-medalla-de-bronce-en-equipos-en-Campeonato-Mundial-de-Boccia-1.jpg\",\"articleSection\":[\"Deportes\"],\"inLanguage\":\"es\",\"potentialAction\":[{\"@type\":\"CommentAction\",\"name\":\"Comment\",\"target\":[\"https:\/\/www.sonoraenequipo.com.mx\/logra-sonorense-medalla-de-bronce-en-equipos-en-campeonato-mundial-de-boccia\/#respond\"]}]},{\"@type\":\"WebPage\",\"@id\":\"https:\/\/www.sonoraenequipo.com.mx\/logra-sonorense-medalla-de-bronce-en-equipos-en-campeonato-mundial-de-boccia\/\",\"url\":\"https:\/\/www.sonoraenequipo.com.mx\/logra-sonorense-medalla-de-bronce-en-equipos-en-campeonato-mundial-de-boccia\/\",\"name\":\"Sonora en Equipo. Logra sonorense medalla de bronce en equipos en Campeonato Mundial de Boccia Deportes\",\"isPartOf\":{\"@id\":\"https:\/\/www.sonoraenequipo.com.mx\/#website\"},\"primaryImageOfPage\":{\"@id\":\"https:\/\/www.sonoraenequipo.com.mx\/logra-sonorense-medalla-de-bronce-en-equipos-en-campeonato-mundial-de-boccia\/#primaryimage\"},\"image\":{\"@id\":\"https:\/\/www.sonoraenequipo.com.mx\/logra-sonorense-medalla-de-bronce-en-equipos-en-campeonato-mundial-de-boccia\/#primaryimage\"},\"thumbnailUrl\":\"https:\/\/www.sonoraenequipo.com.mx\/storage\/2026\/09\/Logra-sonorense-medalla-de-bronce-en-equipos-en-Campeonato-Mundial-de-Boccia-1.jpg\",\"datePublished\":\"2026-09-06T01:00:51+00:00\",\"dateModified\":\"2026-09-06T02:12:28+00:00\",\"description\":\"HERMOSILLO,SONORA. MX. \u2014\u00a0 El sonorense Rogelio Alexis Gonz\u00e1lez pas\u00f3 a la historia del deporte mexicano al formar parte del equipo azteca que gan\u00f3 la En Sonora en Equipo publicamos toda la informaci\u00f3n de Sonora, M\u00e9xico y el Mundo de manera oportuna y busca que la libertad de expresi\u00f3n sea real. Visita nuestro medio informativo publicado desde Hermosillo, Sonora. %\",\"breadcrumb\":{\"@id\":\"https:\/\/www.sonoraenequipo.com.mx\/logra-sonorense-medalla-de-bronce-en-equipos-en-campeonato-mundial-de-boccia\/#breadcrumb\"},\"inLanguage\":\"es\",\"potentialAction\":[{\"@type\":\"ReadAction\",\"target\":[\"https:\/\/www.sonoraenequipo.com.mx\/logra-sonorense-medalla-de-bronce-en-equipos-en-campeonato-mundial-de-boccia\/\"]}]},{\"@type\":\"ImageObject\",\"inLanguage\":\"es\",\"@id\":\"https:\/\/www.sonoraenequipo.com.mx\/logra-sonorense-medalla-de-bronce-en-equipos-en-campeonato-mundial-de-boccia\/#primaryimage\",\"url\":\"https:\/\/www.sonoraenequipo.com.mx\/storage\/2026\/09\/Logra-sonorense-medalla-de-bronce-en-equipos-en-Campeonato-Mundial-de-Boccia-1.jpg\",\"contentUrl\":\"https:\/\/www.sonoraenequipo.com.mx\/storage\/2026\/09\/Logra-sonorense-medalla-de-bronce-en-equipos-en-Campeonato-Mundial-de-Boccia-1.jpg\",\"width\":1200,\"height\":675},{\"@type\":\"BreadcrumbList\",\"@id\":\"https:\/\/www.sonoraenequipo.com.mx\/logra-sonorense-medalla-de-bronce-en-equipos-en-campeonato-mundial-de-boccia\/#breadcrumb\",\"itemListElement\":[{\"@type\":\"ListItem\",\"position\":1,\"name\":\"Portada\",\"item\":\"https:\/\/www.sonoraenequipo.com.mx\/\"},{\"@type\":\"ListItem\",\"position\":2,\"name\":\"Logra sonorense medalla de bronce en equipos en Campeonato Mundial de Boccia\"}]},{\"@type\":\"WebSite\",\"@id\":\"https:\/\/www.sonoraenequipo.com.mx\/#website\",\"url\":\"https:\/\/www.sonoraenequipo.com.mx\/\",\"name\":\"Sonora en Equipo.\",\"description\":\"Diario en l\u00ednea con Noticias desde Hermosillo, Sonora\",\"publisher\":{\"@id\":\"https:\/\/www.sonoraenequipo.com.mx\/#organization\"},\"potentialAction\":[{\"@type\":\"SearchAction\",\"target\":{\"@type\":\"EntryPoint\",\"urlTemplate\":\"https:\/\/www.sonoraenequipo.com.mx\/?s={search_term_string}\"},\"query-input\":{\"@type\":\"PropertyValueSpecification\",\"valueRequired\":true,\"valueName\":\"search_term_string\"}}],\"inLanguage\":\"es\"},{\"@type\":\"Organization\",\"@id\":\"https:\/\/www.sonoraenequipo.com.mx\/#organization\",\"name\":\"Sonoraenequipo.com.mx\",\"url\":\"https:\/\/www.sonoraenequipo.com.mx\/\",\"logo\":{\"@type\":\"ImageObject\",\"inLanguage\":\"es\",\"@id\":\"https:\/\/www.sonoraenequipo.com.mx\/#\/schema\/logo\/image\/\",\"url\":\"https:\/\/www.sonoraenequipo.com.mx\/storage\/2019\/01\/sonoraenequipo_opt.png\",\"contentUrl\":\"https:\/\/www.sonoraenequipo.com.mx\/storage\/2019\/01\/sonoraenequipo_opt.png\",\"width\":375,\"height\":125,\"caption\":\"Sonoraenequipo.com.mx\"},\"image\":{\"@id\":\"https:\/\/www.sonoraenequipo.com.mx\/#\/schema\/logo\/image\/\"},\"sameAs\":[\"https:\/\/www.facebook.com\/SonoraEE\/\",\"https:\/\/x.com\/sonoraenequipo\",\"https:\/\/www.youtube.com\/channel\/UC338nW-lPEYmJQs4ZABQ1SQ\"]},{\"@type\":\"Person\",\"@id\":\"https:\/\/www.sonoraenequipo.com.mx\/#\/schema\/person\/50102df0fb23a8fa9e8effad8fa81386\",\"name\":\"enequipo\",\"image\":{\"@type\":\"ImageObject\",\"inLanguage\":\"es\",\"@id\":\"https:\/\/www.sonoraenequipo.com.mx\/#\/schema\/person\/image\/\",\"url\":\"https:\/\/secure.gravatar.com\/avatar\/049821681b589dabc0bc20695993ccebb09f5b5d4d790cd9251b97faac7c652b?s=96&d=blank&r=g\",\"contentUrl\":\"https:\/\/secure.gravatar.com\/avatar\/049821681b589dabc0bc20695993ccebb09f5b5d4d790cd9251b97faac7c652b?s=96&d=blank&r=g\",\"caption\":\"enequipo\"},\"sameAs\":[\"https:\/\/www.facebook.com\/SonoraEE\"]}]}<\/script>\n ","yoast_head_json":{"title":"Sonora en Equipo. Logra sonorense medalla de bronce en equipos en Campeonato Mundial de Boccia Deportes","description":"HERMOSILLO,SONORA. MX. \u2014\u00a0 El sonorense Rogelio Alexis Gonz\u00e1lez pas\u00f3 a la historia del deporte mexicano al formar parte del equipo azteca que gan\u00f3 la En Sonora en Equipo publicamos toda la informaci\u00f3n de Sonora, M\u00e9xico y el Mundo de manera oportuna y busca que la libertad de expresi\u00f3n sea real. Visita nuestro medio informativo publicado desde Hermosillo, Sonora. %","robots":{"index":"index","follow":"follow","max-snippet":"max-snippet:-1","max-image-preview":"max-image-preview:large","max-video-preview":"max-video-preview:-1"},"canonical":"https:\/\/www.sonoraenequipo.com.mx\/logra-sonorense-medalla-de-bronce-en-equipos-en-campeonato-mundial-de-boccia\/","og_locale":"es_ES","og_type":"article","og_title":"Sonora en Equipo. Logra sonorense medalla de bronce en equipos en Campeonato Mundial de Boccia Deportes","og_description":"HERMOSILLO,SONORA. MX. \u2014\u00a0 El sonorense Rogelio Alexis Gonz\u00e1lez pas\u00f3 a la historia del deporte mexicano al formar parte del equipo azteca que gan\u00f3 la En Sonora en Equipo publicamos toda la informaci\u00f3n de Sonora, M\u00e9xico y el Mundo de manera oportuna y busca que la libertad de expresi\u00f3n sea real. Visita nuestro medio informativo publicado desde Hermosillo, Sonora. %","og_url":"https:\/\/www.sonoraenequipo.com.mx\/logra-sonorense-medalla-de-bronce-en-equipos-en-campeonato-mundial-de-boccia\/","og_site_name":"Sonora en Equipo.","article_publisher":"https:\/\/www.facebook.com\/SonoraEE\/","article_author":"https:\/\/www.facebook.com\/SonoraEE","article_published_time":"2026-09-06T01:00:51+00:00","article_modified_time":"2026-09-06T02:12:28+00:00","og_image":[{"width":1200,"height":675,"url":"https:\/\/www.sonoraenequipo.com.mx\/storage\/2026\/09\/Logra-sonorense-medalla-de-bronce-en-equipos-en-Campeonato-Mundial-de-Boccia-1.jpg","type":"image\/jpeg"}],"author":"enequipo","twitter_card":"summary_large_image","twitter_creator":"@sonoraenequipo","twitter_site":"@sonoraenequipo","twitter_misc":{"Escrito por":"enequipo","Tiempo de lectura":"2 minutos"},"schema":{"@context":"https:\/\/schema.org","@graph":[{"@type":"Article","@id":"https:\/\/www.sonoraenequipo.com.mx\/logra-sonorense-medalla-de-bronce-en-equipos-en-campeonato-mundial-de-boccia\/#article","isPartOf":{"@id":"https:\/\/www.sonoraenequipo.com.mx\/logra-sonorense-medalla-de-bronce-en-equipos-en-campeonato-mundial-de-boccia\/"},"author":{"name":"enequipo","@id":"https:\/\/www.sonoraenequipo.com.mx\/#\/schema\/person\/50102df0fb23a8fa9e8effad8fa81386"},"headline":"Logra sonorense medalla de bronce en equipos en Campeonato Mundial de Boccia","datePublished":"2026-09-06T01:00:51+00:00","dateModified":"2026-09-06T02:12:28+00:00","mainEntityOfPage":{"@id":"https:\/\/www.sonoraenequipo.com.mx\/logra-sonorense-medalla-de-bronce-en-equipos-en-campeonato-mundial-de-boccia\/"},"wordCount":399,"commentCount":0,"publisher":{"@id":"https:\/\/www.sonoraenequipo.com.mx\/#organization"},"image":{"@id":"https:\/\/www.sonoraenequipo.com.mx\/logra-sonorense-medalla-de-bronce-en-equipos-en-campeonato-mundial-de-boccia\/#primaryimage"},"thumbnailUrl":"https:\/\/www.sonoraenequipo.com.mx\/storage\/2026\/09\/Logra-sonorense-medalla-de-bronce-en-equipos-en-Campeonato-Mundial-de-Boccia-1.jpg","articleSection":["Deportes"],"inLanguage":"es","potentialAction":[{"@type":"CommentAction","name":"Comment","target":["https:\/\/www.sonoraenequipo.com.mx\/logra-sonorense-medalla-de-bronce-en-equipos-en-campeonato-mundial-de-boccia\/#respond"]}]},{"@type":"WebPage","@id":"https:\/\/www.sonoraenequipo.com.mx\/logra-sonorense-medalla-de-bronce-en-equipos-en-campeonato-mundial-de-boccia\/","url":"https:\/\/www.sonoraenequipo.com.mx\/logra-sonorense-medalla-de-bronce-en-equipos-en-campeonato-mundial-de-boccia\/","name":"Sonora en Equipo. Logra sonorense medalla de bronce en equipos en Campeonato Mundial de Boccia Deportes","isPartOf":{"@id":"https:\/\/www.sonoraenequipo.com.mx\/#website"},"primaryImageOfPage":{"@id":"https:\/\/www.sonoraenequipo.com.mx\/logra-sonorense-medalla-de-bronce-en-equipos-en-campeonato-mundial-de-boccia\/#primaryimage"},"image":{"@id":"https:\/\/www.sonoraenequipo.com.mx\/logra-sonorense-medalla-de-bronce-en-equipos-en-campeonato-mundial-de-boccia\/#primaryimage"},"thumbnailUrl":"https:\/\/www.sonoraenequipo.com.mx\/storage\/2026\/09\/Logra-sonorense-medalla-de-bronce-en-equipos-en-Campeonato-Mundial-de-Boccia-1.jpg","datePublished":"2026-09-06T01:00:51+00:00","dateModified":"2026-09-06T02:12:28+00:00","description":"HERMOSILLO,SONORA. MX. \u2014\u00a0 El sonorense Rogelio Alexis Gonz\u00e1lez pas\u00f3 a la historia del deporte mexicano al formar parte del equipo azteca que gan\u00f3 la En Sonora en Equipo publicamos toda la informaci\u00f3n de Sonora, M\u00e9xico y el Mundo de manera oportuna y busca que la libertad de expresi\u00f3n sea real. Visita nuestro medio informativo publicado desde Hermosillo, Sonora. %","breadcrumb":{"@id":"https:\/\/www.sonoraenequipo.com.mx\/logra-sonorense-medalla-de-bronce-en-equipos-en-campeonato-mundial-de-boccia\/#breadcrumb"},"inLanguage":"es","potentialAction":[{"@type":"ReadAction","target":["https:\/\/www.sonoraenequipo.com.mx\/logra-sonorense-medalla-de-bronce-en-equipos-en-campeonato-mundial-de-boccia\/"]}]},{"@type":"ImageObject","inLanguage":"es","@id":"https:\/\/www.sonoraenequipo.com.mx\/logra-sonorense-medalla-de-bronce-en-equipos-en-campeonato-mundial-de-boccia\/#primaryimage","url":"https:\/\/www.sonoraenequipo.com.mx\/storage\/2026\/09\/Logra-sonorense-medalla-de-bronce-en-equipos-en-Campeonato-Mundial-de-Boccia-1.jpg","contentUrl":"https:\/\/www.sonoraenequipo.com.mx\/storage\/2026\/09\/Logra-sonorense-medalla-de-bronce-en-equipos-en-Campeonato-Mundial-de-Boccia-1.jpg","width":1200,"height":675},{"@type":"BreadcrumbList","@id":"https:\/\/www.sonoraenequipo.com.mx\/logra-sonorense-medalla-de-bronce-en-equipos-en-campeonato-mundial-de-boccia\/#breadcrumb","itemListElement":[{"@type":"ListItem","position":1,"name":"Portada","item":"https:\/\/www.sonoraenequipo.com.mx\/"},{"@type":"ListItem","position":2,"name":"Logra sonorense medalla de bronce en equipos en Campeonato Mundial de Boccia"}]},{"@type":"WebSite","@id":"https:\/\/www.sonoraenequipo.com.mx\/#website","url":"https:\/\/www.sonoraenequipo.com.mx\/","name":"Sonora en Equipo.","description":"Diario en l\u00ednea con Noticias desde Hermosillo, Sonora","publisher":{"@id":"https:\/\/www.sonoraenequipo.com.mx\/#organization"},"potentialAction":[{"@type":"SearchAction","target":{"@type":"EntryPoint","urlTemplate":"https:\/\/www.sonoraenequipo.com.mx\/?s={search_term_string}"},"query-input":{"@type":"PropertyValueSpecification","valueRequired":true,"valueName":"search_term_string"}}],"inLanguage":"es"},{"@type":"Organization","@id":"https:\/\/www.sonoraenequipo.com.mx\/#organization","name":"Sonoraenequipo.com.mx","url":"https:\/\/www.sonoraenequipo.com.mx\/","logo":{"@type":"ImageObject","inLanguage":"es","@id":"https:\/\/www.sonoraenequipo.com.mx\/#\/schema\/logo\/image\/","url":"https:\/\/www.sonoraenequipo.com.mx\/storage\/2019\/01\/sonoraenequipo_opt.png","contentUrl":"https:\/\/www.sonoraenequipo.com.mx\/storage\/2019\/01\/sonoraenequipo_opt.png","width":375,"height":125,"caption":"Sonoraenequipo.com.mx"},"image":{"@id":"https:\/\/www.sonoraenequipo.com.mx\/#\/schema\/logo\/image\/"},"sameAs":["https:\/\/www.facebook.com\/SonoraEE\/","https:\/\/x.com\/sonoraenequipo","https:\/\/www.youtube.com\/channel\/UC338nW-lPEYmJQs4ZABQ1SQ"]},{"@type":"Person","@id":"https:\/\/www.sonoraenequipo.com.mx\/#\/schema\/person\/50102df0fb23a8fa9e8effad8fa81386","name":"enequipo","image":{"@type":"ImageObject","inLanguage":"es","@id":"https:\/\/www.sonoraenequipo.com.mx\/#\/schema\/person\/image\/","url":"https:\/\/secure.gravatar.com\/avatar\/049821681b589dabc0bc20695993ccebb09f5b5d4d790cd9251b97faac7c652b?s=96&d=blank&r=g","contentUrl":"https:\/\/secure.gravatar.com\/avatar\/049821681b589dabc0bc20695993ccebb09f5b5d4d790cd9251b97faac7c652b?s=96&d=blank&r=g","caption":"enequipo"},"sameAs":["https:\/\/www.facebook.com\/SonoraEE"]}]}},"jetpack_featured_media_url":"https:\/\/www.sonoraenequipo.com.mx\/storage\/2026\/09\/Logra-sonorense-medalla-de-bronce-en-equipos-en-Campeonato-Mundial-de-Boccia-1.jpg","_links":{"self":[{"href":"https:\/\/www.sonoraenequipo.com.mx\/api\/wp\/v2\/posts\/251685","targetHints":{"allow":["GET"]}}],"collection":[{"href":"https:\/\/www.sonoraenequipo.com.mx\/api\/wp\/v2\/posts"}],"about":[{"href":"https:\/\/www.sonoraenequipo.com.mx\/api\/wp\/v2\/types\/post"}],"author":[{"embeddable":true,"href":"https:\/\/www.sonoraenequipo.com.mx\/api\/wp\/v2\/users\/1"}],"replies":[{"embeddable":true,"href":"https:\/\/www.sonoraenequipo.com.mx\/api\/wp\/v2\/comments?post=251685"}],"version-history":[{"count":1,"href":"https:\/\/www.sonoraenequipo.com.mx\/api\/wp\/v2\/posts\/251685\/revisions"}],"predecessor-version":[{"id":251686,"href":"https:\/\/www.sonoraenequipo.com.mx\/api\/wp\/v2\/posts\/251685\/revisions\/251686"}],"wp:featuredmedia":[{"embeddable":true,"href":"https:\/\/www.sonoraenequipo.com.mx\/api\/wp\/v2\/media\/251671"}],"wp:attachment":[{"href":"https:\/\/www.sonoraenequipo.com.mx\/api\/wp\/v2\/media?parent=251685"}],"wp:term":[{"taxonomy":"category","embeddable":true,"href":"https:\/\/www.sonoraenequipo.com.mx\/api\/wp\/v2\/categories?post=251685"},{"taxonomy":"post_tag","embeddable":true,"href":"https:\/\/www.sonoraenequipo.com.mx\/api\/wp\/v2\/tags?post=251685"}],"curies":[{"name":"wp","href":"https:\/\/api.w.org\/{rel}","templated":true}]}}