{"id":251687,"date":"2026-09-04T23:12:38","date_gmt":"2026-09-05T06:12:38","guid":{"rendered":"https:\/\/www.sonoraenequipo.com.mx\/?p=251687"},"modified":"2026-09-05T21:18:15","modified_gmt":"2026-09-06T04:18:15","slug":"nunca-se-acabara-la-deuda-del-fobaproa-advierte-sheinbaum","status":"publish","type":"post","link":"https:\/\/www.sonoraenequipo.com.mx\/nunca-se-acabara-la-deuda-del-fobaproa-advierte-sheinbaum\/","title":{"rendered":"Nunca se acabar\u00e1 la deuda del Fobaproa, advierte Sheinbaum"},"content":{"rendered":"<p><strong>ZACATECAS, ZACATECAS. MX. \u2014 <\/strong>\u00a0La deuda heredada por el rescate bancario realizado en la d\u00e9cada de 1990 \u2013el llamado Fondo Bancario de Protecci\u00f3n al Ahorro (Fobaproa)\u2013 \u201cnunca se va a acabar de pagar\u201d, sentenci\u00f3 la presidenta Claudia Sheinbaum Pardo durante su mensaje en esta ciudad, como parte de la gira para dar cuenta ante los ciudadanos por su segundo Informe de gobierno.<\/p>\n<p>&nbsp;<\/p>\n<p>&nbsp;<\/p>\n<p> <\/p>\n<p>La mandataria advirti\u00f3 que el pueblo de M\u00e9xico continuar\u00e1 pagando ese adeudo que contrajo Ernesto Zedillo Ponce de Le\u00f3n durante su sexenio (1994-2000), con lo que se benefici\u00f3 a banqueros y empresarios.<\/p>\n<p>&nbsp;<\/p>\n<p>&nbsp;<\/p>\n<p>Datos de la Secretar\u00eda de Hacienda y Cr\u00e9dito P\u00fablico indican que a julio pasado los pasivos del Instituto para la Protecci\u00f3n al Ahorro Bancario (IPAB, heredero del Fobaproa) llegaron a un bill\u00f3n 165 mil 351 millones de pesos.<\/p>\n<p>&nbsp;<\/p>\n<p>&nbsp;<\/p>\n<p>A ello se suman los pasivos por el programa de apoyo a deudores, que suman 35 mil 852.2 millones de pesos.<\/p>\n<p>&nbsp;<\/p>\n<p>&nbsp;<\/p>\n<p>En total, a m\u00e1s de tres d\u00e9cadas, la deuda heredada representa 6.2 por ciento de los 19 billones 221 mil 681.7 millones de pesos de la deuda p\u00fablica de M\u00e9xico.<\/p>\n<p>&nbsp;<\/p>\n<p>&nbsp;<\/p>\n<p>Ante cientos de personas que se dieron cita en la Plaza de Armas, la mandataria record\u00f3 varios episodios de los reg\u00edmenes neoliberales que fueron perjudiciales para las mayor\u00edas.<\/p>\n<p>&nbsp;<\/p>\n<p>&nbsp;<\/p>\n<p>Destac\u00f3 que tras la presidencia de Carlos Salinas de Gortari, a finales de 1994 el pa\u00eds entr\u00f3 en una crisis econ\u00f3mica y Zedillo \u201cendeud\u00f3 a la gente. Se elevaron las tasas de inter\u00e9s, se devalu\u00f3 el peso, y entonces el gobierno de Zedillo decide rescatar a los bancos y a las empresas, a las grandes empresas, con mucha corrupci\u00f3n. \u00bfCon qu\u00e9 las rescataron? Con el recurso p\u00fablico, con el dinero de la gente. Es el llamado Fobaproa, hoy IPAB, que seguimos pagando desde entonces, una deuda impagable\u201d.<\/p>\n<p>&nbsp;<\/p>\n<p>En abril de 2025, ese rescate hab\u00eda absorbido el pago acumulado de intereses de 945 mil 895 millones de pesos, de acuerdo con informaci\u00f3n de Hacienda. Una actualizaci\u00f3n de precios por inflaci\u00f3n arroj\u00f3 que la cifra superaba entonces 2 billones de pesos.<\/p>\n<p>&nbsp;<\/p>\n<p>En el caso de Zacatecas, rememor\u00f3, muchos productores que ten\u00edan cr\u00e9ditos vieron que sus deudas subieron entre cinco y 10 veces.<\/p>\n<p>&nbsp;<\/p>\n<p>\u201cSe quedaron endeudados, y quer\u00edan cobrarles lo que hab\u00edan dejado empe\u00f1ado para comprar el tractor, su casa, por ejemplo. \u00bfSe rescat\u00f3 a toda esa gente? \u00a1No! Se rescat\u00f3 a los de arriba, pero nunca se apoy\u00f3 a los de abajo. Es la \u00e9poca donde hubo m\u00e1s migraci\u00f3n de M\u00e9xico a Estados Unidos, porque la gente se qued\u00f3 endeudada y sin trabajo, el sexenio de 1994 a 2000\u201d, reproch\u00f3.<\/p>\n<p>&nbsp;<\/p>\n<p>&nbsp;<\/p>\n<p>PUBLICADO EL 05 SEPT 2026 Con informaci\u00f3n de Emir Olivares,)<\/p>\n","protected":false},"excerpt":{"rendered":"<p>ZACATECAS, ZACATECAS. MX. \u2014 \u00a0La deuda heredada por el rescate bancario realizado en la d\u00e9cada&#8230;<\/p>\n","protected":false},"author":1,"featured_media":251695,"comment_status":"open","ping_status":"open","sticky":false,"template":"","format":"standard","meta":{"_monsterinsights_skip_tracking":false,"_monsterinsights_sitenote_active":false,"_monsterinsights_sitenote_note":"","_monsterinsights_sitenote_category":0,"footnotes":""},"categories":[5],"tags":[],"class_list":["post"],"yoast_head":" \n<title>Sonora en Equipo. Nunca se acabar\u00e1 la deuda del Fobaproa, advierte Sheinbaum Rep\u00fablica<\/title>\n<meta name=\"description\" content=\"ZACATECAS, ZACATECAS. MX. \u2014 \u00a0La deuda heredada por el rescate bancario realizado en la d\u00e9cada de 1990 \u2013el llamado Fondo Bancario de Protecci\u00f3n al Ahorro En Sonora en Equipo publicamos toda la informaci\u00f3n de Sonora, M\u00e9xico y el Mundo de manera oportuna y busca que la libertad de expresi\u00f3n sea real. Visita nuestro medio informativo publicado desde Hermosillo, Sonora. %\" \/>\n<meta name=\"robots\" content=\"index, follow, max-snippet:-1, max-image-preview:large, max-video-preview:-1\" \/>\n<link rel=\"canonical\" href=\"https:\/\/www.sonoraenequipo.com.mx\/nunca-se-acabara-la-deuda-del-fobaproa-advierte-sheinbaum\/\" \/>\n<meta property=\"og:locale\" content=\"es_ES\" \/>\n<meta property=\"og:type\" content=\"article\" \/>\n<meta property=\"og:title\" content=\"Sonora en Equipo. Nunca se acabar\u00e1 la deuda del Fobaproa, advierte Sheinbaum Rep\u00fablica\" \/>\n<meta property=\"og:description\" content=\"ZACATECAS, ZACATECAS. MX. \u2014 \u00a0La deuda heredada por el rescate bancario realizado en la d\u00e9cada de 1990 \u2013el llamado Fondo Bancario de Protecci\u00f3n al Ahorro En Sonora en Equipo publicamos toda la informaci\u00f3n de Sonora, M\u00e9xico y el Mundo de manera oportuna y busca que la libertad de expresi\u00f3n sea real. Visita nuestro medio informativo publicado desde Hermosillo, Sonora. %\" \/>\n<meta property=\"og:url\" content=\"https:\/\/www.sonoraenequipo.com.mx\/nunca-se-acabara-la-deuda-del-fobaproa-advierte-sheinbaum\/\" \/>\n<meta property=\"og:site_name\" content=\"Sonora en Equipo.\" \/>\n<meta property=\"article:publisher\" content=\"https:\/\/www.facebook.com\/SonoraEE\/\" \/>\n<meta property=\"article:author\" content=\"https:\/\/www.facebook.com\/SonoraEE\" \/>\n<meta property=\"article:published_time\" content=\"2026-09-05T06:12:38+00:00\" \/>\n<meta property=\"article:modified_time\" content=\"2026-09-06T04:18:15+00:00\" \/>\n<meta property=\"og:image\" content=\"https:\/\/www.sonoraenequipo.com.mx\/storage\/2026\/09\/sheinbaum-impagable-deuda-que-contrajo-zedillo-con-el-fobaproa.jpg\" \/>\n\t<meta property=\"og:image:width\" content=\"1186\" \/>\n\t<meta property=\"og:image:height\" content=\"653\" \/>\n\t<meta property=\"og:image:type\" content=\"image\/jpeg\" \/>\n<meta name=\"author\" content=\"enequipo\" \/>\n<meta name=\"twitter:card\" content=\"summary_large_image\" \/>\n<meta name=\"twitter:creator\" content=\"@sonoraenequipo\" \/>\n<meta name=\"twitter:site\" content=\"@sonoraenequipo\" \/>\n<meta name=\"twitter:label1\" content=\"Escrito por\" \/>\n\t<meta name=\"twitter:data1\" content=\"enequipo\" \/>\n\t<meta name=\"twitter:label2\" content=\"Tiempo de lectura\" \/>\n\t<meta name=\"twitter:data2\" content=\"2 minutos\" \/>\n<script type=\"application\/ld+json\" class=\"yoast-schema-graph\">{\"@context\":\"https:\/\/schema.org\",\"@graph\":[{\"@type\":\"Article\",\"@id\":\"https:\/\/www.sonoraenequipo.com.mx\/nunca-se-acabara-la-deuda-del-fobaproa-advierte-sheinbaum\/#article\",\"isPartOf\":{\"@id\":\"https:\/\/www.sonoraenequipo.com.mx\/nunca-se-acabara-la-deuda-del-fobaproa-advierte-sheinbaum\/\"},\"author\":{\"name\":\"enequipo\",\"@id\":\"https:\/\/www.sonoraenequipo.com.mx\/#\/schema\/person\/50102df0fb23a8fa9e8effad8fa81386\"},\"headline\":\"Nunca se acabar\u00e1 la deuda del Fobaproa, advierte Sheinbaum\",\"datePublished\":\"2026-09-05T06:12:38+00:00\",\"dateModified\":\"2026-09-06T04:18:15+00:00\",\"mainEntityOfPage\":{\"@id\":\"https:\/\/www.sonoraenequipo.com.mx\/nunca-se-acabara-la-deuda-del-fobaproa-advierte-sheinbaum\/\"},\"wordCount\":478,\"commentCount\":0,\"publisher\":{\"@id\":\"https:\/\/www.sonoraenequipo.com.mx\/#organization\"},\"image\":{\"@id\":\"https:\/\/www.sonoraenequipo.com.mx\/nunca-se-acabara-la-deuda-del-fobaproa-advierte-sheinbaum\/#primaryimage\"},\"thumbnailUrl\":\"https:\/\/www.sonoraenequipo.com.mx\/storage\/2026\/09\/sheinbaum-impagable-deuda-que-contrajo-zedillo-con-el-fobaproa.jpg\",\"articleSection\":[\"Rep\u00fablica\"],\"inLanguage\":\"es\",\"potentialAction\":[{\"@type\":\"CommentAction\",\"name\":\"Comment\",\"target\":[\"https:\/\/www.sonoraenequipo.com.mx\/nunca-se-acabara-la-deuda-del-fobaproa-advierte-sheinbaum\/#respond\"]}]},{\"@type\":\"WebPage\",\"@id\":\"https:\/\/www.sonoraenequipo.com.mx\/nunca-se-acabara-la-deuda-del-fobaproa-advierte-sheinbaum\/\",\"url\":\"https:\/\/www.sonoraenequipo.com.mx\/nunca-se-acabara-la-deuda-del-fobaproa-advierte-sheinbaum\/\",\"name\":\"Sonora en Equipo. Nunca se acabar\u00e1 la deuda del Fobaproa, advierte Sheinbaum Rep\u00fablica\",\"isPartOf\":{\"@id\":\"https:\/\/www.sonoraenequipo.com.mx\/#website\"},\"primaryImageOfPage\":{\"@id\":\"https:\/\/www.sonoraenequipo.com.mx\/nunca-se-acabara-la-deuda-del-fobaproa-advierte-sheinbaum\/#primaryimage\"},\"image\":{\"@id\":\"https:\/\/www.sonoraenequipo.com.mx\/nunca-se-acabara-la-deuda-del-fobaproa-advierte-sheinbaum\/#primaryimage\"},\"thumbnailUrl\":\"https:\/\/www.sonoraenequipo.com.mx\/storage\/2026\/09\/sheinbaum-impagable-deuda-que-contrajo-zedillo-con-el-fobaproa.jpg\",\"datePublished\":\"2026-09-05T06:12:38+00:00\",\"dateModified\":\"2026-09-06T04:18:15+00:00\",\"description\":\"ZACATECAS, ZACATECAS. MX. \u2014 \u00a0La deuda heredada por el rescate bancario realizado en la d\u00e9cada de 1990 \u2013el llamado Fondo Bancario de Protecci\u00f3n al Ahorro En Sonora en Equipo publicamos toda la informaci\u00f3n de Sonora, M\u00e9xico y el Mundo de manera oportuna y busca que la libertad de expresi\u00f3n sea real. Visita nuestro medio informativo publicado desde Hermosillo, Sonora. %\",\"breadcrumb\":{\"@id\":\"https:\/\/www.sonoraenequipo.com.mx\/nunca-se-acabara-la-deuda-del-fobaproa-advierte-sheinbaum\/#breadcrumb\"},\"inLanguage\":\"es\",\"potentialAction\":[{\"@type\":\"ReadAction\",\"target\":[\"https:\/\/www.sonoraenequipo.com.mx\/nunca-se-acabara-la-deuda-del-fobaproa-advierte-sheinbaum\/\"]}]},{\"@type\":\"ImageObject\",\"inLanguage\":\"es\",\"@id\":\"https:\/\/www.sonoraenequipo.com.mx\/nunca-se-acabara-la-deuda-del-fobaproa-advierte-sheinbaum\/#primaryimage\",\"url\":\"https:\/\/www.sonoraenequipo.com.mx\/storage\/2026\/09\/sheinbaum-impagable-deuda-que-contrajo-zedillo-con-el-fobaproa.jpg\",\"contentUrl\":\"https:\/\/www.sonoraenequipo.com.mx\/storage\/2026\/09\/sheinbaum-impagable-deuda-que-contrajo-zedillo-con-el-fobaproa.jpg\",\"width\":1186,\"height\":653},{\"@type\":\"BreadcrumbList\",\"@id\":\"https:\/\/www.sonoraenequipo.com.mx\/nunca-se-acabara-la-deuda-del-fobaproa-advierte-sheinbaum\/#breadcrumb\",\"itemListElement\":[{\"@type\":\"ListItem\",\"position\":1,\"name\":\"Portada\",\"item\":\"https:\/\/www.sonoraenequipo.com.mx\/\"},{\"@type\":\"ListItem\",\"position\":2,\"name\":\"Nunca se acabar\u00e1 la deuda del Fobaproa, advierte Sheinbaum\"}]},{\"@type\":\"WebSite\",\"@id\":\"https:\/\/www.sonoraenequipo.com.mx\/#website\",\"url\":\"https:\/\/www.sonoraenequipo.com.mx\/\",\"name\":\"Sonora en Equipo.\",\"description\":\"Diario en l\u00ednea con Noticias desde Hermosillo, Sonora\",\"publisher\":{\"@id\":\"https:\/\/www.sonoraenequipo.com.mx\/#organization\"},\"potentialAction\":[{\"@type\":\"SearchAction\",\"target\":{\"@type\":\"EntryPoint\",\"urlTemplate\":\"https:\/\/www.sonoraenequipo.com.mx\/?s={search_term_string}\"},\"query-input\":{\"@type\":\"PropertyValueSpecification\",\"valueRequired\":true,\"valueName\":\"search_term_string\"}}],\"inLanguage\":\"es\"},{\"@type\":\"Organization\",\"@id\":\"https:\/\/www.sonoraenequipo.com.mx\/#organization\",\"name\":\"Sonoraenequipo.com.mx\",\"url\":\"https:\/\/www.sonoraenequipo.com.mx\/\",\"logo\":{\"@type\":\"ImageObject\",\"inLanguage\":\"es\",\"@id\":\"https:\/\/www.sonoraenequipo.com.mx\/#\/schema\/logo\/image\/\",\"url\":\"https:\/\/www.sonoraenequipo.com.mx\/storage\/2019\/01\/sonoraenequipo_opt.png\",\"contentUrl\":\"https:\/\/www.sonoraenequipo.com.mx\/storage\/2019\/01\/sonoraenequipo_opt.png\",\"width\":375,\"height\":125,\"caption\":\"Sonoraenequipo.com.mx\"},\"image\":{\"@id\":\"https:\/\/www.sonoraenequipo.com.mx\/#\/schema\/logo\/image\/\"},\"sameAs\":[\"https:\/\/www.facebook.com\/SonoraEE\/\",\"https:\/\/x.com\/sonoraenequipo\",\"https:\/\/www.youtube.com\/channel\/UC338nW-lPEYmJQs4ZABQ1SQ\"]},{\"@type\":\"Person\",\"@id\":\"https:\/\/www.sonoraenequipo.com.mx\/#\/schema\/person\/50102df0fb23a8fa9e8effad8fa81386\",\"name\":\"enequipo\",\"image\":{\"@type\":\"ImageObject\",\"inLanguage\":\"es\",\"@id\":\"https:\/\/www.sonoraenequipo.com.mx\/#\/schema\/person\/image\/\",\"url\":\"https:\/\/secure.gravatar.com\/avatar\/049821681b589dabc0bc20695993ccebb09f5b5d4d790cd9251b97faac7c652b?s=96&d=blank&r=g\",\"contentUrl\":\"https:\/\/secure.gravatar.com\/avatar\/049821681b589dabc0bc20695993ccebb09f5b5d4d790cd9251b97faac7c652b?s=96&d=blank&r=g\",\"caption\":\"enequipo\"},\"sameAs\":[\"https:\/\/www.facebook.com\/SonoraEE\"]}]}<\/script>\n ","yoast_head_json":{"title":"Sonora en Equipo. Nunca se acabar\u00e1 la deuda del Fobaproa, advierte Sheinbaum Rep\u00fablica","description":"ZACATECAS, ZACATECAS. MX. \u2014 \u00a0La deuda heredada por el rescate bancario realizado en la d\u00e9cada de 1990 \u2013el llamado Fondo Bancario de Protecci\u00f3n al Ahorro En Sonora en Equipo publicamos toda la informaci\u00f3n de Sonora, M\u00e9xico y el Mundo de manera oportuna y busca que la libertad de expresi\u00f3n sea real. Visita nuestro medio informativo publicado desde Hermosillo, Sonora. %","robots":{"index":"index","follow":"follow","max-snippet":"max-snippet:-1","max-image-preview":"max-image-preview:large","max-video-preview":"max-video-preview:-1"},"canonical":"https:\/\/www.sonoraenequipo.com.mx\/nunca-se-acabara-la-deuda-del-fobaproa-advierte-sheinbaum\/","og_locale":"es_ES","og_type":"article","og_title":"Sonora en Equipo. Nunca se acabar\u00e1 la deuda del Fobaproa, advierte Sheinbaum Rep\u00fablica","og_description":"ZACATECAS, ZACATECAS. MX. \u2014 \u00a0La deuda heredada por el rescate bancario realizado en la d\u00e9cada de 1990 \u2013el llamado Fondo Bancario de Protecci\u00f3n al Ahorro En Sonora en Equipo publicamos toda la informaci\u00f3n de Sonora, M\u00e9xico y el Mundo de manera oportuna y busca que la libertad de expresi\u00f3n sea real. Visita nuestro medio informativo publicado desde Hermosillo, Sonora. %","og_url":"https:\/\/www.sonoraenequipo.com.mx\/nunca-se-acabara-la-deuda-del-fobaproa-advierte-sheinbaum\/","og_site_name":"Sonora en Equipo.","article_publisher":"https:\/\/www.facebook.com\/SonoraEE\/","article_author":"https:\/\/www.facebook.com\/SonoraEE","article_published_time":"2026-09-05T06:12:38+00:00","article_modified_time":"2026-09-06T04:18:15+00:00","og_image":[{"width":1186,"height":653,"url":"https:\/\/www.sonoraenequipo.com.mx\/storage\/2026\/09\/sheinbaum-impagable-deuda-que-contrajo-zedillo-con-el-fobaproa.jpg","type":"image\/jpeg"}],"author":"enequipo","twitter_card":"summary_large_image","twitter_creator":"@sonoraenequipo","twitter_site":"@sonoraenequipo","twitter_misc":{"Escrito por":"enequipo","Tiempo de lectura":"2 minutos"},"schema":{"@context":"https:\/\/schema.org","@graph":[{"@type":"Article","@id":"https:\/\/www.sonoraenequipo.com.mx\/nunca-se-acabara-la-deuda-del-fobaproa-advierte-sheinbaum\/#article","isPartOf":{"@id":"https:\/\/www.sonoraenequipo.com.mx\/nunca-se-acabara-la-deuda-del-fobaproa-advierte-sheinbaum\/"},"author":{"name":"enequipo","@id":"https:\/\/www.sonoraenequipo.com.mx\/#\/schema\/person\/50102df0fb23a8fa9e8effad8fa81386"},"headline":"Nunca se acabar\u00e1 la deuda del Fobaproa, advierte Sheinbaum","datePublished":"2026-09-05T06:12:38+00:00","dateModified":"2026-09-06T04:18:15+00:00","mainEntityOfPage":{"@id":"https:\/\/www.sonoraenequipo.com.mx\/nunca-se-acabara-la-deuda-del-fobaproa-advierte-sheinbaum\/"},"wordCount":478,"commentCount":0,"publisher":{"@id":"https:\/\/www.sonoraenequipo.com.mx\/#organization"},"image":{"@id":"https:\/\/www.sonoraenequipo.com.mx\/nunca-se-acabara-la-deuda-del-fobaproa-advierte-sheinbaum\/#primaryimage"},"thumbnailUrl":"https:\/\/www.sonoraenequipo.com.mx\/storage\/2026\/09\/sheinbaum-impagable-deuda-que-contrajo-zedillo-con-el-fobaproa.jpg","articleSection":["Rep\u00fablica"],"inLanguage":"es","potentialAction":[{"@type":"CommentAction","name":"Comment","target":["https:\/\/www.sonoraenequipo.com.mx\/nunca-se-acabara-la-deuda-del-fobaproa-advierte-sheinbaum\/#respond"]}]},{"@type":"WebPage","@id":"https:\/\/www.sonoraenequipo.com.mx\/nunca-se-acabara-la-deuda-del-fobaproa-advierte-sheinbaum\/","url":"https:\/\/www.sonoraenequipo.com.mx\/nunca-se-acabara-la-deuda-del-fobaproa-advierte-sheinbaum\/","name":"Sonora en Equipo. Nunca se acabar\u00e1 la deuda del Fobaproa, advierte Sheinbaum Rep\u00fablica","isPartOf":{"@id":"https:\/\/www.sonoraenequipo.com.mx\/#website"},"primaryImageOfPage":{"@id":"https:\/\/www.sonoraenequipo.com.mx\/nunca-se-acabara-la-deuda-del-fobaproa-advierte-sheinbaum\/#primaryimage"},"image":{"@id":"https:\/\/www.sonoraenequipo.com.mx\/nunca-se-acabara-la-deuda-del-fobaproa-advierte-sheinbaum\/#primaryimage"},"thumbnailUrl":"https:\/\/www.sonoraenequipo.com.mx\/storage\/2026\/09\/sheinbaum-impagable-deuda-que-contrajo-zedillo-con-el-fobaproa.jpg","datePublished":"2026-09-05T06:12:38+00:00","dateModified":"2026-09-06T04:18:15+00:00","description":"ZACATECAS, ZACATECAS. MX. \u2014 \u00a0La deuda heredada por el rescate bancario realizado en la d\u00e9cada de 1990 \u2013el llamado Fondo Bancario de Protecci\u00f3n al Ahorro En Sonora en Equipo publicamos toda la informaci\u00f3n de Sonora, M\u00e9xico y el Mundo de manera oportuna y busca que la libertad de expresi\u00f3n sea real. Visita nuestro medio informativo publicado desde Hermosillo, Sonora. %","breadcrumb":{"@id":"https:\/\/www.sonoraenequipo.com.mx\/nunca-se-acabara-la-deuda-del-fobaproa-advierte-sheinbaum\/#breadcrumb"},"inLanguage":"es","potentialAction":[{"@type":"ReadAction","target":["https:\/\/www.sonoraenequipo.com.mx\/nunca-se-acabara-la-deuda-del-fobaproa-advierte-sheinbaum\/"]}]},{"@type":"ImageObject","inLanguage":"es","@id":"https:\/\/www.sonoraenequipo.com.mx\/nunca-se-acabara-la-deuda-del-fobaproa-advierte-sheinbaum\/#primaryimage","url":"https:\/\/www.sonoraenequipo.com.mx\/storage\/2026\/09\/sheinbaum-impagable-deuda-que-contrajo-zedillo-con-el-fobaproa.jpg","contentUrl":"https:\/\/www.sonoraenequipo.com.mx\/storage\/2026\/09\/sheinbaum-impagable-deuda-que-contrajo-zedillo-con-el-fobaproa.jpg","width":1186,"height":653},{"@type":"BreadcrumbList","@id":"https:\/\/www.sonoraenequipo.com.mx\/nunca-se-acabara-la-deuda-del-fobaproa-advierte-sheinbaum\/#breadcrumb","itemListElement":[{"@type":"ListItem","position":1,"name":"Portada","item":"https:\/\/www.sonoraenequipo.com.mx\/"},{"@type":"ListItem","position":2,"name":"Nunca se acabar\u00e1 la deuda del Fobaproa, advierte Sheinbaum"}]},{"@type":"WebSite","@id":"https:\/\/www.sonoraenequipo.com.mx\/#website","url":"https:\/\/www.sonoraenequipo.com.mx\/","name":"Sonora en Equipo.","description":"Diario en l\u00ednea con Noticias desde Hermosillo, Sonora","publisher":{"@id":"https:\/\/www.sonoraenequipo.com.mx\/#organization"},"potentialAction":[{"@type":"SearchAction","target":{"@type":"EntryPoint","urlTemplate":"https:\/\/www.sonoraenequipo.com.mx\/?s={search_term_string}"},"query-input":{"@type":"PropertyValueSpecification","valueRequired":true,"valueName":"search_term_string"}}],"inLanguage":"es"},{"@type":"Organization","@id":"https:\/\/www.sonoraenequipo.com.mx\/#organization","name":"Sonoraenequipo.com.mx","url":"https:\/\/www.sonoraenequipo.com.mx\/","logo":{"@type":"ImageObject","inLanguage":"es","@id":"https:\/\/www.sonoraenequipo.com.mx\/#\/schema\/logo\/image\/","url":"https:\/\/www.sonoraenequipo.com.mx\/storage\/2019\/01\/sonoraenequipo_opt.png","contentUrl":"https:\/\/www.sonoraenequipo.com.mx\/storage\/2019\/01\/sonoraenequipo_opt.png","width":375,"height":125,"caption":"Sonoraenequipo.com.mx"},"image":{"@id":"https:\/\/www.sonoraenequipo.com.mx\/#\/schema\/logo\/image\/"},"sameAs":["https:\/\/www.facebook.com\/SonoraEE\/","https:\/\/x.com\/sonoraenequipo","https:\/\/www.youtube.com\/channel\/UC338nW-lPEYmJQs4ZABQ1SQ"]},{"@type":"Person","@id":"https:\/\/www.sonoraenequipo.com.mx\/#\/schema\/person\/50102df0fb23a8fa9e8effad8fa81386","name":"enequipo","image":{"@type":"ImageObject","inLanguage":"es","@id":"https:\/\/www.sonoraenequipo.com.mx\/#\/schema\/person\/image\/","url":"https:\/\/secure.gravatar.com\/avatar\/049821681b589dabc0bc20695993ccebb09f5b5d4d790cd9251b97faac7c652b?s=96&d=blank&r=g","contentUrl":"https:\/\/secure.gravatar.com\/avatar\/049821681b589dabc0bc20695993ccebb09f5b5d4d790cd9251b97faac7c652b?s=96&d=blank&r=g","caption":"enequipo"},"sameAs":["https:\/\/www.facebook.com\/SonoraEE"]}]}},"jetpack_featured_media_url":"https:\/\/www.sonoraenequipo.com.mx\/storage\/2026\/09\/sheinbaum-impagable-deuda-que-contrajo-zedillo-con-el-fobaproa.jpg","_links":{"self":[{"href":"https:\/\/www.sonoraenequipo.com.mx\/api\/wp\/v2\/posts\/251687","targetHints":{"allow":["GET"]}}],"collection":[{"href":"https:\/\/www.sonoraenequipo.com.mx\/api\/wp\/v2\/posts"}],"about":[{"href":"https:\/\/www.sonoraenequipo.com.mx\/api\/wp\/v2\/types\/post"}],"author":[{"embeddable":true,"href":"https:\/\/www.sonoraenequipo.com.mx\/api\/wp\/v2\/users\/1"}],"replies":[{"embeddable":true,"href":"https:\/\/www.sonoraenequipo.com.mx\/api\/wp\/v2\/comments?post=251687"}],"version-history":[{"count":1,"href":"https:\/\/www.sonoraenequipo.com.mx\/api\/wp\/v2\/posts\/251687\/revisions"}],"predecessor-version":[{"id":251696,"href":"https:\/\/www.sonoraenequipo.com.mx\/api\/wp\/v2\/posts\/251687\/revisions\/251696"}],"wp:featuredmedia":[{"embeddable":true,"href":"https:\/\/www.sonoraenequipo.com.mx\/api\/wp\/v2\/media\/251695"}],"wp:attachment":[{"href":"https:\/\/www.sonoraenequipo.com.mx\/api\/wp\/v2\/media?parent=251687"}],"wp:term":[{"taxonomy":"category","embeddable":true,"href":"https:\/\/www.sonoraenequipo.com.mx\/api\/wp\/v2\/categories?post=251687"},{"taxonomy":"post_tag","embeddable":true,"href":"https:\/\/www.sonoraenequipo.com.mx\/api\/wp\/v2\/tags?post=251687"}],"curies":[{"name":"wp","href":"https:\/\/api.w.org\/{rel}","templated":true}]}}