{"id":251701,"date":"2026-09-05T22:10:34","date_gmt":"2026-09-06T05:10:34","guid":{"rendered":"https:\/\/www.sonoraenequipo.com.mx\/?p=251701"},"modified":"2026-09-06T10:38:12","modified_gmt":"2026-09-06T17:38:12","slug":"hospital-general-de-mexico-no-aviso-a-la-facultad-de-medicina-del-brote-de-salmonela","status":"publish","type":"post","link":"https:\/\/www.sonoraenequipo.com.mx\/hospital-general-de-mexico-no-aviso-a-la-facultad-de-medicina-del-brote-de-salmonela\/","title":{"rendered":"Hospital General de M\u00e9xico no avis\u00f3 a la Facultad de Medicina del brote de salmonela"},"content":{"rendered":"<p><strong>CIUDAD DE M\u00c9XICO. MX. \u2014<\/strong> Autoridades de la Universidad Nacional Aut\u00f3noma de M\u00e9xico (UNAM) afirmaron que uno de los m\u00e9dicos residentes afectados por el brote de gastroenteritis infecciosa aguda por salmonela en el Hospital General de M\u00e9xico Dr. Eduardo Liceaga se encuentra grave, al tiempo que fuentes de la Secretar\u00eda de Salud (Ssa) informaron que \u201ctodos evolucionan favorablemente\u201d.<\/p>\n<p>&nbsp;<\/p>\n<p> <\/p>\n<p>Ana Carolina Sep\u00falveda Vild\u00f3sola, directora de la Facultad de M\u00e9dicina de la m\u00e1xima casa de estudios, se\u00f1al\u00f3 que en una nota informativa enviada por la Direcci\u00f3n M\u00e9dica del hospital, entregada ayer, se afirmaba que <strong><em>\u201chab\u00eda 57 m\u00e9dicos hospitalizados y que todos ellos, a excepci\u00f3n de uno, estaban estables. Al parecer, hay un residente complicado que ha tenido un tratamiento antibi\u00f3tico m\u00e1s agresivo, m\u00e1s fuerte, y que se encuentra en una sala especial para una vigilancia m\u00e1s estrecha\u201d.<\/em><\/strong><\/p>\n<p>&nbsp;<\/p>\n<p>&nbsp;<\/p>\n<p>No obstante, las cifras oficiales que la Ssa, dependencia a la que est\u00e1 adscrito el HGM, report\u00f3 el pasado jueves a 41 estudiantes de especialidad hospitalizados, a quienes m\u00e9dicos de ese recinto de salud tambi\u00e9n reportan como \u201c<em><strong>estables y fuera de peligro\u201d.<\/strong><\/em><\/p>\n<p>&nbsp;<\/p>\n<p>Sep\u00falveda Vild\u00f3sola dijo que la directora del hospital, Alma Rosa S\u00e1nchez, omiti\u00f3 informar que los alumnos residentes se hab\u00edan enfermado el pasado 31 de agosto con la comida de este centro hospitalario, y fue hasta que el hecho se hizo p\u00fablico que una comisi\u00f3n, encabezada por la jefa de posgrado de la facultad, acudi\u00f3 a verlos.<\/p>\n<p>&nbsp;<\/p>\n<p>&nbsp;<\/p>\n<p><em><strong>\u201cLamentablemente, la autoridad del Hospital General de M\u00e9xico no nos inform\u00f3 cuando esto estaba empezando\u201d,<\/strong><\/em> reproch\u00f3 la autoridad universitaria, quien agreg\u00f3 que se enteraron de lo ocurrido por medio de las redes sociales.<\/p>\n<p>&nbsp;<\/p>\n<p>&nbsp;<\/p>\n<p>Detall\u00f3 que hasta la noche del jueves \u201caparentemente\u201d no hab\u00eda nadie grave, pero este viernes les reportaron que un residente manifestaba un cuadro m\u00e1s complicado, por lo que un equipo de la facultad volvi\u00f3 al hospital para ver a los m\u00e9dicos afectados y darles tel\u00e9fonos de contacto para que puedan solicitar cualquier apoyo.<\/p>\n<p>&nbsp;<\/p>\n<p>&nbsp;<\/p>\n<p>La directora de la Facultad de Medicina indic\u00f3 que la directora del hospital le inform\u00f3 que a los m\u00e9dicos residentes afectados por el brote se les iba a respetar hasta el lunes 7 para reintegrarse a sus actividades, una vez recuperados totalmente. De los 135 doctores que presentaron s\u00edntomas, al menos 131 estar\u00edan adscritos a la UNAM.<\/p>\n<p>&nbsp;<\/p>\n<p>&nbsp;<\/p>\n<p>PUBLICADO EL 05 SEPT 2026 Con informaci\u00f3n de Lilian Hern\u00e1ndez y Laura Poy\/LA JORNADA)<\/p>\n","protected":false},"excerpt":{"rendered":"<p>CIUDAD DE M\u00c9XICO. MX. \u2014 Autoridades de la Universidad Nacional Aut\u00f3noma de M\u00e9xico (UNAM) afirmaron&#8230;<\/p>\n","protected":false},"author":1,"featured_media":251702,"comment_status":"open","ping_status":"open","sticky":false,"template":"","format":"standard","meta":{"_monsterinsights_skip_tracking":false,"_monsterinsights_sitenote_active":false,"_monsterinsights_sitenote_note":"","_monsterinsights_sitenote_category":0,"footnotes":""},"categories":[5],"tags":[],"class_list":["post"],"yoast_head":" \n<title>Sonora en Equipo. Hospital General de M\u00e9xico no avis\u00f3 a la Facultad de Medicina del brote de salmonela Rep\u00fablica<\/title>\n<meta name=\"description\" content=\"CIUDAD DE M\u00c9XICO. MX. \u2014 Autoridades de la Universidad Nacional Aut\u00f3noma de M\u00e9xico (UNAM) afirmaron que uno de los m\u00e9dicos residentes afectados por el En Sonora en Equipo publicamos toda la informaci\u00f3n de Sonora, M\u00e9xico y el Mundo de manera oportuna y busca que la libertad de expresi\u00f3n sea real. Visita nuestro medio informativo publicado desde Hermosillo, Sonora. %\" \/>\n<meta name=\"robots\" content=\"index, follow, max-snippet:-1, max-image-preview:large, max-video-preview:-1\" \/>\n<link rel=\"canonical\" href=\"https:\/\/www.sonoraenequipo.com.mx\/hospital-general-de-mexico-no-aviso-a-la-facultad-de-medicina-del-brote-de-salmonela\/\" \/>\n<meta property=\"og:locale\" content=\"es_ES\" \/>\n<meta property=\"og:type\" content=\"article\" \/>\n<meta property=\"og:title\" content=\"Sonora en Equipo. Hospital General de M\u00e9xico no avis\u00f3 a la Facultad de Medicina del brote de salmonela Rep\u00fablica\" \/>\n<meta property=\"og:description\" content=\"CIUDAD DE M\u00c9XICO. MX. \u2014 Autoridades de la Universidad Nacional Aut\u00f3noma de M\u00e9xico (UNAM) afirmaron que uno de los m\u00e9dicos residentes afectados por el En Sonora en Equipo publicamos toda la informaci\u00f3n de Sonora, M\u00e9xico y el Mundo de manera oportuna y busca que la libertad de expresi\u00f3n sea real. Visita nuestro medio informativo publicado desde Hermosillo, Sonora. %\" \/>\n<meta property=\"og:url\" content=\"https:\/\/www.sonoraenequipo.com.mx\/hospital-general-de-mexico-no-aviso-a-la-facultad-de-medicina-del-brote-de-salmonela\/\" \/>\n<meta property=\"og:site_name\" content=\"Sonora en Equipo.\" \/>\n<meta property=\"article:publisher\" content=\"https:\/\/www.facebook.com\/SonoraEE\/\" \/>\n<meta property=\"article:author\" content=\"https:\/\/www.facebook.com\/SonoraEE\" \/>\n<meta property=\"article:published_time\" content=\"2026-09-06T05:10:34+00:00\" \/>\n<meta property=\"article:modified_time\" content=\"2026-09-06T17:38:12+00:00\" \/>\n<meta property=\"og:image\" content=\"https:\/\/www.sonoraenequipo.com.mx\/storage\/2026\/09\/hospital-de-Mexico.jpg\" \/>\n\t<meta property=\"og:image:width\" content=\"1358\" \/>\n\t<meta property=\"og:image:height\" content=\"634\" \/>\n\t<meta property=\"og:image:type\" content=\"image\/jpeg\" \/>\n<meta name=\"author\" content=\"enequipo\" \/>\n<meta name=\"twitter:card\" content=\"summary_large_image\" \/>\n<meta name=\"twitter:creator\" content=\"@sonoraenequipo\" \/>\n<meta name=\"twitter:site\" content=\"@sonoraenequipo\" \/>\n<meta name=\"twitter:label1\" content=\"Escrito por\" \/>\n\t<meta name=\"twitter:data1\" content=\"enequipo\" \/>\n\t<meta name=\"twitter:label2\" content=\"Tiempo de lectura\" \/>\n\t<meta name=\"twitter:data2\" content=\"2 minutos\" \/>\n<script type=\"application\/ld+json\" class=\"yoast-schema-graph\">{\"@context\":\"https:\/\/schema.org\",\"@graph\":[{\"@type\":\"Article\",\"@id\":\"https:\/\/www.sonoraenequipo.com.mx\/hospital-general-de-mexico-no-aviso-a-la-facultad-de-medicina-del-brote-de-salmonela\/#article\",\"isPartOf\":{\"@id\":\"https:\/\/www.sonoraenequipo.com.mx\/hospital-general-de-mexico-no-aviso-a-la-facultad-de-medicina-del-brote-de-salmonela\/\"},\"author\":{\"name\":\"enequipo\",\"@id\":\"https:\/\/www.sonoraenequipo.com.mx\/#\/schema\/person\/50102df0fb23a8fa9e8effad8fa81386\"},\"headline\":\"Hospital General de M\u00e9xico no avis\u00f3 a la Facultad de Medicina del brote de salmonela\",\"datePublished\":\"2026-09-06T05:10:34+00:00\",\"dateModified\":\"2026-09-06T17:38:12+00:00\",\"mainEntityOfPage\":{\"@id\":\"https:\/\/www.sonoraenequipo.com.mx\/hospital-general-de-mexico-no-aviso-a-la-facultad-de-medicina-del-brote-de-salmonela\/\"},\"wordCount\":448,\"commentCount\":0,\"publisher\":{\"@id\":\"https:\/\/www.sonoraenequipo.com.mx\/#organization\"},\"image\":{\"@id\":\"https:\/\/www.sonoraenequipo.com.mx\/hospital-general-de-mexico-no-aviso-a-la-facultad-de-medicina-del-brote-de-salmonela\/#primaryimage\"},\"thumbnailUrl\":\"https:\/\/www.sonoraenequipo.com.mx\/storage\/2026\/09\/hospital-de-Mexico.jpg\",\"articleSection\":[\"Rep\u00fablica\"],\"inLanguage\":\"es\",\"potentialAction\":[{\"@type\":\"CommentAction\",\"name\":\"Comment\",\"target\":[\"https:\/\/www.sonoraenequipo.com.mx\/hospital-general-de-mexico-no-aviso-a-la-facultad-de-medicina-del-brote-de-salmonela\/#respond\"]}]},{\"@type\":\"WebPage\",\"@id\":\"https:\/\/www.sonoraenequipo.com.mx\/hospital-general-de-mexico-no-aviso-a-la-facultad-de-medicina-del-brote-de-salmonela\/\",\"url\":\"https:\/\/www.sonoraenequipo.com.mx\/hospital-general-de-mexico-no-aviso-a-la-facultad-de-medicina-del-brote-de-salmonela\/\",\"name\":\"Sonora en Equipo. Hospital General de M\u00e9xico no avis\u00f3 a la Facultad de Medicina del brote de salmonela Rep\u00fablica\",\"isPartOf\":{\"@id\":\"https:\/\/www.sonoraenequipo.com.mx\/#website\"},\"primaryImageOfPage\":{\"@id\":\"https:\/\/www.sonoraenequipo.com.mx\/hospital-general-de-mexico-no-aviso-a-la-facultad-de-medicina-del-brote-de-salmonela\/#primaryimage\"},\"image\":{\"@id\":\"https:\/\/www.sonoraenequipo.com.mx\/hospital-general-de-mexico-no-aviso-a-la-facultad-de-medicina-del-brote-de-salmonela\/#primaryimage\"},\"thumbnailUrl\":\"https:\/\/www.sonoraenequipo.com.mx\/storage\/2026\/09\/hospital-de-Mexico.jpg\",\"datePublished\":\"2026-09-06T05:10:34+00:00\",\"dateModified\":\"2026-09-06T17:38:12+00:00\",\"description\":\"CIUDAD DE M\u00c9XICO. MX. \u2014 Autoridades de la Universidad Nacional Aut\u00f3noma de M\u00e9xico (UNAM) afirmaron que uno de los m\u00e9dicos residentes afectados por el En Sonora en Equipo publicamos toda la informaci\u00f3n de Sonora, M\u00e9xico y el Mundo de manera oportuna y busca que la libertad de expresi\u00f3n sea real. Visita nuestro medio informativo publicado desde Hermosillo, Sonora. %\",\"breadcrumb\":{\"@id\":\"https:\/\/www.sonoraenequipo.com.mx\/hospital-general-de-mexico-no-aviso-a-la-facultad-de-medicina-del-brote-de-salmonela\/#breadcrumb\"},\"inLanguage\":\"es\",\"potentialAction\":[{\"@type\":\"ReadAction\",\"target\":[\"https:\/\/www.sonoraenequipo.com.mx\/hospital-general-de-mexico-no-aviso-a-la-facultad-de-medicina-del-brote-de-salmonela\/\"]}]},{\"@type\":\"ImageObject\",\"inLanguage\":\"es\",\"@id\":\"https:\/\/www.sonoraenequipo.com.mx\/hospital-general-de-mexico-no-aviso-a-la-facultad-de-medicina-del-brote-de-salmonela\/#primaryimage\",\"url\":\"https:\/\/www.sonoraenequipo.com.mx\/storage\/2026\/09\/hospital-de-Mexico.jpg\",\"contentUrl\":\"https:\/\/www.sonoraenequipo.com.mx\/storage\/2026\/09\/hospital-de-Mexico.jpg\",\"width\":1358,\"height\":634},{\"@type\":\"BreadcrumbList\",\"@id\":\"https:\/\/www.sonoraenequipo.com.mx\/hospital-general-de-mexico-no-aviso-a-la-facultad-de-medicina-del-brote-de-salmonela\/#breadcrumb\",\"itemListElement\":[{\"@type\":\"ListItem\",\"position\":1,\"name\":\"Portada\",\"item\":\"https:\/\/www.sonoraenequipo.com.mx\/\"},{\"@type\":\"ListItem\",\"position\":2,\"name\":\"Hospital General de M\u00e9xico no avis\u00f3 a la Facultad de Medicina del brote de salmonela\"}]},{\"@type\":\"WebSite\",\"@id\":\"https:\/\/www.sonoraenequipo.com.mx\/#website\",\"url\":\"https:\/\/www.sonoraenequipo.com.mx\/\",\"name\":\"Sonora en Equipo.\",\"description\":\"Diario en l\u00ednea con Noticias desde Hermosillo, Sonora\",\"publisher\":{\"@id\":\"https:\/\/www.sonoraenequipo.com.mx\/#organization\"},\"potentialAction\":[{\"@type\":\"SearchAction\",\"target\":{\"@type\":\"EntryPoint\",\"urlTemplate\":\"https:\/\/www.sonoraenequipo.com.mx\/?s={search_term_string}\"},\"query-input\":{\"@type\":\"PropertyValueSpecification\",\"valueRequired\":true,\"valueName\":\"search_term_string\"}}],\"inLanguage\":\"es\"},{\"@type\":\"Organization\",\"@id\":\"https:\/\/www.sonoraenequipo.com.mx\/#organization\",\"name\":\"Sonoraenequipo.com.mx\",\"url\":\"https:\/\/www.sonoraenequipo.com.mx\/\",\"logo\":{\"@type\":\"ImageObject\",\"inLanguage\":\"es\",\"@id\":\"https:\/\/www.sonoraenequipo.com.mx\/#\/schema\/logo\/image\/\",\"url\":\"https:\/\/www.sonoraenequipo.com.mx\/storage\/2019\/01\/sonoraenequipo_opt.png\",\"contentUrl\":\"https:\/\/www.sonoraenequipo.com.mx\/storage\/2019\/01\/sonoraenequipo_opt.png\",\"width\":375,\"height\":125,\"caption\":\"Sonoraenequipo.com.mx\"},\"image\":{\"@id\":\"https:\/\/www.sonoraenequipo.com.mx\/#\/schema\/logo\/image\/\"},\"sameAs\":[\"https:\/\/www.facebook.com\/SonoraEE\/\",\"https:\/\/x.com\/sonoraenequipo\",\"https:\/\/www.youtube.com\/channel\/UC338nW-lPEYmJQs4ZABQ1SQ\"]},{\"@type\":\"Person\",\"@id\":\"https:\/\/www.sonoraenequipo.com.mx\/#\/schema\/person\/50102df0fb23a8fa9e8effad8fa81386\",\"name\":\"enequipo\",\"image\":{\"@type\":\"ImageObject\",\"inLanguage\":\"es\",\"@id\":\"https:\/\/www.sonoraenequipo.com.mx\/#\/schema\/person\/image\/\",\"url\":\"https:\/\/secure.gravatar.com\/avatar\/049821681b589dabc0bc20695993ccebb09f5b5d4d790cd9251b97faac7c652b?s=96&d=blank&r=g\",\"contentUrl\":\"https:\/\/secure.gravatar.com\/avatar\/049821681b589dabc0bc20695993ccebb09f5b5d4d790cd9251b97faac7c652b?s=96&d=blank&r=g\",\"caption\":\"enequipo\"},\"sameAs\":[\"https:\/\/www.facebook.com\/SonoraEE\"]}]}<\/script>\n ","yoast_head_json":{"title":"Sonora en Equipo. Hospital General de M\u00e9xico no avis\u00f3 a la Facultad de Medicina del brote de salmonela Rep\u00fablica","description":"CIUDAD DE M\u00c9XICO. MX. \u2014 Autoridades de la Universidad Nacional Aut\u00f3noma de M\u00e9xico (UNAM) afirmaron que uno de los m\u00e9dicos residentes afectados por el En Sonora en Equipo publicamos toda la informaci\u00f3n de Sonora, M\u00e9xico y el Mundo de manera oportuna y busca que la libertad de expresi\u00f3n sea real. Visita nuestro medio informativo publicado desde Hermosillo, Sonora. %","robots":{"index":"index","follow":"follow","max-snippet":"max-snippet:-1","max-image-preview":"max-image-preview:large","max-video-preview":"max-video-preview:-1"},"canonical":"https:\/\/www.sonoraenequipo.com.mx\/hospital-general-de-mexico-no-aviso-a-la-facultad-de-medicina-del-brote-de-salmonela\/","og_locale":"es_ES","og_type":"article","og_title":"Sonora en Equipo. Hospital General de M\u00e9xico no avis\u00f3 a la Facultad de Medicina del brote de salmonela Rep\u00fablica","og_description":"CIUDAD DE M\u00c9XICO. MX. \u2014 Autoridades de la Universidad Nacional Aut\u00f3noma de M\u00e9xico (UNAM) afirmaron que uno de los m\u00e9dicos residentes afectados por el En Sonora en Equipo publicamos toda la informaci\u00f3n de Sonora, M\u00e9xico y el Mundo de manera oportuna y busca que la libertad de expresi\u00f3n sea real. Visita nuestro medio informativo publicado desde Hermosillo, Sonora. %","og_url":"https:\/\/www.sonoraenequipo.com.mx\/hospital-general-de-mexico-no-aviso-a-la-facultad-de-medicina-del-brote-de-salmonela\/","og_site_name":"Sonora en Equipo.","article_publisher":"https:\/\/www.facebook.com\/SonoraEE\/","article_author":"https:\/\/www.facebook.com\/SonoraEE","article_published_time":"2026-09-06T05:10:34+00:00","article_modified_time":"2026-09-06T17:38:12+00:00","og_image":[{"width":1358,"height":634,"url":"https:\/\/www.sonoraenequipo.com.mx\/storage\/2026\/09\/hospital-de-Mexico.jpg","type":"image\/jpeg"}],"author":"enequipo","twitter_card":"summary_large_image","twitter_creator":"@sonoraenequipo","twitter_site":"@sonoraenequipo","twitter_misc":{"Escrito por":"enequipo","Tiempo de lectura":"2 minutos"},"schema":{"@context":"https:\/\/schema.org","@graph":[{"@type":"Article","@id":"https:\/\/www.sonoraenequipo.com.mx\/hospital-general-de-mexico-no-aviso-a-la-facultad-de-medicina-del-brote-de-salmonela\/#article","isPartOf":{"@id":"https:\/\/www.sonoraenequipo.com.mx\/hospital-general-de-mexico-no-aviso-a-la-facultad-de-medicina-del-brote-de-salmonela\/"},"author":{"name":"enequipo","@id":"https:\/\/www.sonoraenequipo.com.mx\/#\/schema\/person\/50102df0fb23a8fa9e8effad8fa81386"},"headline":"Hospital General de M\u00e9xico no avis\u00f3 a la Facultad de Medicina del brote de salmonela","datePublished":"2026-09-06T05:10:34+00:00","dateModified":"2026-09-06T17:38:12+00:00","mainEntityOfPage":{"@id":"https:\/\/www.sonoraenequipo.com.mx\/hospital-general-de-mexico-no-aviso-a-la-facultad-de-medicina-del-brote-de-salmonela\/"},"wordCount":448,"commentCount":0,"publisher":{"@id":"https:\/\/www.sonoraenequipo.com.mx\/#organization"},"image":{"@id":"https:\/\/www.sonoraenequipo.com.mx\/hospital-general-de-mexico-no-aviso-a-la-facultad-de-medicina-del-brote-de-salmonela\/#primaryimage"},"thumbnailUrl":"https:\/\/www.sonoraenequipo.com.mx\/storage\/2026\/09\/hospital-de-Mexico.jpg","articleSection":["Rep\u00fablica"],"inLanguage":"es","potentialAction":[{"@type":"CommentAction","name":"Comment","target":["https:\/\/www.sonoraenequipo.com.mx\/hospital-general-de-mexico-no-aviso-a-la-facultad-de-medicina-del-brote-de-salmonela\/#respond"]}]},{"@type":"WebPage","@id":"https:\/\/www.sonoraenequipo.com.mx\/hospital-general-de-mexico-no-aviso-a-la-facultad-de-medicina-del-brote-de-salmonela\/","url":"https:\/\/www.sonoraenequipo.com.mx\/hospital-general-de-mexico-no-aviso-a-la-facultad-de-medicina-del-brote-de-salmonela\/","name":"Sonora en Equipo. Hospital General de M\u00e9xico no avis\u00f3 a la Facultad de Medicina del brote de salmonela Rep\u00fablica","isPartOf":{"@id":"https:\/\/www.sonoraenequipo.com.mx\/#website"},"primaryImageOfPage":{"@id":"https:\/\/www.sonoraenequipo.com.mx\/hospital-general-de-mexico-no-aviso-a-la-facultad-de-medicina-del-brote-de-salmonela\/#primaryimage"},"image":{"@id":"https:\/\/www.sonoraenequipo.com.mx\/hospital-general-de-mexico-no-aviso-a-la-facultad-de-medicina-del-brote-de-salmonela\/#primaryimage"},"thumbnailUrl":"https:\/\/www.sonoraenequipo.com.mx\/storage\/2026\/09\/hospital-de-Mexico.jpg","datePublished":"2026-09-06T05:10:34+00:00","dateModified":"2026-09-06T17:38:12+00:00","description":"CIUDAD DE M\u00c9XICO. MX. \u2014 Autoridades de la Universidad Nacional Aut\u00f3noma de M\u00e9xico (UNAM) afirmaron que uno de los m\u00e9dicos residentes afectados por el En Sonora en Equipo publicamos toda la informaci\u00f3n de Sonora, M\u00e9xico y el Mundo de manera oportuna y busca que la libertad de expresi\u00f3n sea real. Visita nuestro medio informativo publicado desde Hermosillo, Sonora. %","breadcrumb":{"@id":"https:\/\/www.sonoraenequipo.com.mx\/hospital-general-de-mexico-no-aviso-a-la-facultad-de-medicina-del-brote-de-salmonela\/#breadcrumb"},"inLanguage":"es","potentialAction":[{"@type":"ReadAction","target":["https:\/\/www.sonoraenequipo.com.mx\/hospital-general-de-mexico-no-aviso-a-la-facultad-de-medicina-del-brote-de-salmonela\/"]}]},{"@type":"ImageObject","inLanguage":"es","@id":"https:\/\/www.sonoraenequipo.com.mx\/hospital-general-de-mexico-no-aviso-a-la-facultad-de-medicina-del-brote-de-salmonela\/#primaryimage","url":"https:\/\/www.sonoraenequipo.com.mx\/storage\/2026\/09\/hospital-de-Mexico.jpg","contentUrl":"https:\/\/www.sonoraenequipo.com.mx\/storage\/2026\/09\/hospital-de-Mexico.jpg","width":1358,"height":634},{"@type":"BreadcrumbList","@id":"https:\/\/www.sonoraenequipo.com.mx\/hospital-general-de-mexico-no-aviso-a-la-facultad-de-medicina-del-brote-de-salmonela\/#breadcrumb","itemListElement":[{"@type":"ListItem","position":1,"name":"Portada","item":"https:\/\/www.sonoraenequipo.com.mx\/"},{"@type":"ListItem","position":2,"name":"Hospital General de M\u00e9xico no avis\u00f3 a la Facultad de Medicina del brote de salmonela"}]},{"@type":"WebSite","@id":"https:\/\/www.sonoraenequipo.com.mx\/#website","url":"https:\/\/www.sonoraenequipo.com.mx\/","name":"Sonora en Equipo.","description":"Diario en l\u00ednea con Noticias desde Hermosillo, Sonora","publisher":{"@id":"https:\/\/www.sonoraenequipo.com.mx\/#organization"},"potentialAction":[{"@type":"SearchAction","target":{"@type":"EntryPoint","urlTemplate":"https:\/\/www.sonoraenequipo.com.mx\/?s={search_term_string}"},"query-input":{"@type":"PropertyValueSpecification","valueRequired":true,"valueName":"search_term_string"}}],"inLanguage":"es"},{"@type":"Organization","@id":"https:\/\/www.sonoraenequipo.com.mx\/#organization","name":"Sonoraenequipo.com.mx","url":"https:\/\/www.sonoraenequipo.com.mx\/","logo":{"@type":"ImageObject","inLanguage":"es","@id":"https:\/\/www.sonoraenequipo.com.mx\/#\/schema\/logo\/image\/","url":"https:\/\/www.sonoraenequipo.com.mx\/storage\/2019\/01\/sonoraenequipo_opt.png","contentUrl":"https:\/\/www.sonoraenequipo.com.mx\/storage\/2019\/01\/sonoraenequipo_opt.png","width":375,"height":125,"caption":"Sonoraenequipo.com.mx"},"image":{"@id":"https:\/\/www.sonoraenequipo.com.mx\/#\/schema\/logo\/image\/"},"sameAs":["https:\/\/www.facebook.com\/SonoraEE\/","https:\/\/x.com\/sonoraenequipo","https:\/\/www.youtube.com\/channel\/UC338nW-lPEYmJQs4ZABQ1SQ"]},{"@type":"Person","@id":"https:\/\/www.sonoraenequipo.com.mx\/#\/schema\/person\/50102df0fb23a8fa9e8effad8fa81386","name":"enequipo","image":{"@type":"ImageObject","inLanguage":"es","@id":"https:\/\/www.sonoraenequipo.com.mx\/#\/schema\/person\/image\/","url":"https:\/\/secure.gravatar.com\/avatar\/049821681b589dabc0bc20695993ccebb09f5b5d4d790cd9251b97faac7c652b?s=96&d=blank&r=g","contentUrl":"https:\/\/secure.gravatar.com\/avatar\/049821681b589dabc0bc20695993ccebb09f5b5d4d790cd9251b97faac7c652b?s=96&d=blank&r=g","caption":"enequipo"},"sameAs":["https:\/\/www.facebook.com\/SonoraEE"]}]}},"jetpack_featured_media_url":"https:\/\/www.sonoraenequipo.com.mx\/storage\/2026\/09\/hospital-de-Mexico.jpg","_links":{"self":[{"href":"https:\/\/www.sonoraenequipo.com.mx\/api\/wp\/v2\/posts\/251701","targetHints":{"allow":["GET"]}}],"collection":[{"href":"https:\/\/www.sonoraenequipo.com.mx\/api\/wp\/v2\/posts"}],"about":[{"href":"https:\/\/www.sonoraenequipo.com.mx\/api\/wp\/v2\/types\/post"}],"author":[{"embeddable":true,"href":"https:\/\/www.sonoraenequipo.com.mx\/api\/wp\/v2\/users\/1"}],"replies":[{"embeddable":true,"href":"https:\/\/www.sonoraenequipo.com.mx\/api\/wp\/v2\/comments?post=251701"}],"version-history":[{"count":1,"href":"https:\/\/www.sonoraenequipo.com.mx\/api\/wp\/v2\/posts\/251701\/revisions"}],"predecessor-version":[{"id":251703,"href":"https:\/\/www.sonoraenequipo.com.mx\/api\/wp\/v2\/posts\/251701\/revisions\/251703"}],"wp:featuredmedia":[{"embeddable":true,"href":"https:\/\/www.sonoraenequipo.com.mx\/api\/wp\/v2\/media\/251702"}],"wp:attachment":[{"href":"https:\/\/www.sonoraenequipo.com.mx\/api\/wp\/v2\/media?parent=251701"}],"wp:term":[{"taxonomy":"category","embeddable":true,"href":"https:\/\/www.sonoraenequipo.com.mx\/api\/wp\/v2\/categories?post=251701"},{"taxonomy":"post_tag","embeddable":true,"href":"https:\/\/www.sonoraenequipo.com.mx\/api\/wp\/v2\/tags?post=251701"}],"curies":[{"name":"wp","href":"https:\/\/api.w.org\/{rel}","templated":true}]}}