{"id":251704,"date":"2026-09-05T12:00:15","date_gmt":"2026-09-05T19:00:15","guid":{"rendered":"https:\/\/www.sonoraenequipo.com.mx\/?p=251704"},"modified":"2026-09-06T10:59:03","modified_gmt":"2026-09-06T17:59:03","slug":"dea-se-atribuye-decomiso-de-metanfetamina-en-sinaloa","status":"publish","type":"post","link":"https:\/\/www.sonoraenequipo.com.mx\/dea-se-atribuye-decomiso-de-metanfetamina-en-sinaloa\/","title":{"rendered":"DEA se atribuye decomiso de metanfetamina en Sinaloa"},"content":{"rendered":"<p><strong>CIUDAD DE M\u00c9XICO.<\/strong> MX. \u2014 Mientras el secretario de Seguridad, Omar Garc\u00eda Harfuch, afirm\u00f3 que los recientes decomisos de metanfetaminas en M\u00e9xico, incluido el aseguramiento de m\u00e1s de 16 toneladas en Sinaloa, son producto del trabajo de la Unidad de Inteligencia Naval, \u00abfortalecido\u00bb con el intercambio de informaci\u00f3n con agencias estadounidenses,\u00a0 la DEA afirma que esos decomisos no habr\u00edan ocurrido sin la inteligencia y el trabajo de investigaci\u00f3n de ellos<\/p>\n<p>&nbsp;<\/p>\n<p> <\/p>\n<p>En un mensaje publicado en sus redes sociales, la DEA sostuvo que en poco m\u00e1s de una semana las autoridades mexicanas han desmantelado ocho laboratorios de metanfetamina de importancia<strong><em> \u00abcon colaboraci\u00f3n de la DEA\u00bb<\/em><\/strong>. El de Sinaloa, dijo la agencia, es<em><strong> \u00abel m\u00e1s grande hasta ahora\u00bb,<\/strong><\/em> con m\u00e1s de 16 toneladas de la droga aseguradas. La dependencia estadunidense asever\u00f3 que estas operaciones son muestra del \u00ab<em><strong>poder de la colaboraci\u00f3n entre la DEA y M\u00e9xico\u00bb<\/strong><\/em> para golpear la producci\u00f3n de drogas sint\u00e9ticas, cortar cadenas de suministro y afectar las finanzas del crimen organizado.<\/p>\n<p>&nbsp;<\/p>\n<p>El propio Garc\u00eda Harfuch hab\u00eda dado a conocer el viernes los decomisos a trav\u00e9s de su cuenta en la red social X, donde inform\u00f3 sobre el hallazgo del laboratorio en Sinaloa.<\/p>\n<p>&nbsp;<\/p>\n<p>El funcionario detall\u00f3 que se trat\u00f3 de un complejo clandestino de 5 mil 700 metros cuadrados, el segundo laboratorio de metanfetamina m\u00e1s grande localizado durante el gobierno de la presidenta Claudia Sheinbaum \u2014el mayor fue ubicado y destruido previamente por el Ej\u00e9rcito Mexicano\u2014, en una operaci\u00f3n encabezada por la Secretar\u00eda de Marina, con participaci\u00f3n de la Secretar\u00eda de Seguridad y Protecci\u00f3n Ciudadana y la Fiscal\u00eda General de la Rep\u00fablica.<\/p>\n<p>&nbsp;<\/p>\n<p>A diferencia del planteamiento de la DEA, Harfuch situ\u00f3 el origen del golpe en la labor de instituciones mexicanas: \u00abEl resultado deriva del trabajo de la Unidad de Inteligencia Naval, fortalecido con intercambio de informaci\u00f3n con agencias de Estados Unidos\u00bb, escribi\u00f3.<\/p>\n<p>&nbsp;<\/p>\n<p>&nbsp;<\/p>\n<p>De acuerdo con Harfuch, en el operativo tambi\u00e9n fueron aseguradas m\u00e1s de 10 toneladas y litros de sustancias qu\u00edmicas utilizadas para la producci\u00f3n de metanfetamina, lo que representa una afectaci\u00f3n estimada de 347 millones de d\u00f3lares a la estructura criminal.<\/p>\n<p>&nbsp;<\/p>\n<p>&nbsp;<\/p>\n<p>El funcionario insisti\u00f3 en que la cooperaci\u00f3n internacional se mantiene <strong><em>\u00abcon pleno respeto a nuestra soberan\u00eda\u00bb y adelant\u00f3 que continuar\u00e1 \u00abtraduci\u00e9ndose en acciones concretas contra quienes producen y trafican drogas\u00bb.<\/em><\/strong><\/p>\n<p>&nbsp;<\/p>\n<p>PUBLICADO EL 05 SEPT 2026 Con informaci\u00f3n de Arturo S\u00e1nchez Jim\u00e9nez )<\/p>\n","protected":false},"excerpt":{"rendered":"<p>CIUDAD DE M\u00c9XICO. MX. \u2014 Mientras el secretario de Seguridad, Omar Garc\u00eda Harfuch, afirm\u00f3 que&#8230;<\/p>\n","protected":false},"author":1,"featured_media":251705,"comment_status":"open","ping_status":"open","sticky":false,"template":"","format":"standard","meta":{"_monsterinsights_skip_tracking":false,"_monsterinsights_sitenote_active":false,"_monsterinsights_sitenote_note":"","_monsterinsights_sitenote_category":0,"footnotes":""},"categories":[5],"tags":[],"class_list":["post"],"yoast_head":" \n<title>Sonora en Equipo. DEA se atribuye decomiso de metanfetamina en Sinaloa Rep\u00fablica<\/title>\n<meta name=\"description\" content=\"CIUDAD DE M\u00c9XICO. MX. \u2014 Mientras el secretario de Seguridad, Omar Garc\u00eda Harfuch, afirm\u00f3 que los recientes decomisos de metanfetaminas en M\u00e9xico, incluido En Sonora en Equipo publicamos toda la informaci\u00f3n de Sonora, M\u00e9xico y el Mundo de manera oportuna y busca que la libertad de expresi\u00f3n sea real. Visita nuestro medio informativo publicado desde Hermosillo, Sonora. %\" \/>\n<meta name=\"robots\" content=\"index, follow, max-snippet:-1, max-image-preview:large, max-video-preview:-1\" \/>\n<link rel=\"canonical\" href=\"https:\/\/www.sonoraenequipo.com.mx\/dea-se-atribuye-decomiso-de-metanfetamina-en-sinaloa\/\" \/>\n<meta property=\"og:locale\" content=\"es_ES\" \/>\n<meta property=\"og:type\" content=\"article\" \/>\n<meta property=\"og:title\" content=\"Sonora en Equipo. DEA se atribuye decomiso de metanfetamina en Sinaloa Rep\u00fablica\" \/>\n<meta property=\"og:description\" content=\"CIUDAD DE M\u00c9XICO. MX. \u2014 Mientras el secretario de Seguridad, Omar Garc\u00eda Harfuch, afirm\u00f3 que los recientes decomisos de metanfetaminas en M\u00e9xico, incluido En Sonora en Equipo publicamos toda la informaci\u00f3n de Sonora, M\u00e9xico y el Mundo de manera oportuna y busca que la libertad de expresi\u00f3n sea real. Visita nuestro medio informativo publicado desde Hermosillo, Sonora. %\" \/>\n<meta property=\"og:url\" content=\"https:\/\/www.sonoraenequipo.com.mx\/dea-se-atribuye-decomiso-de-metanfetamina-en-sinaloa\/\" \/>\n<meta property=\"og:site_name\" content=\"Sonora en Equipo.\" \/>\n<meta property=\"article:publisher\" content=\"https:\/\/www.facebook.com\/SonoraEE\/\" \/>\n<meta property=\"article:author\" content=\"https:\/\/www.facebook.com\/SonoraEE\" \/>\n<meta property=\"article:published_time\" content=\"2026-09-05T19:00:15+00:00\" \/>\n<meta property=\"article:modified_time\" content=\"2026-09-06T17:59:03+00:00\" \/>\n<meta property=\"og:image\" content=\"https:\/\/www.sonoraenequipo.com.mx\/storage\/2026\/09\/destryen-autoridades-mexicanas.-laboratorio-en-Sinaloa-1.jpg\" \/>\n\t<meta property=\"og:image:width\" content=\"1000\" \/>\n\t<meta property=\"og:image:height\" content=\"561\" \/>\n\t<meta property=\"og:image:type\" content=\"image\/jpeg\" \/>\n<meta name=\"author\" content=\"enequipo\" \/>\n<meta name=\"twitter:card\" content=\"summary_large_image\" \/>\n<meta name=\"twitter:creator\" content=\"@sonoraenequipo\" \/>\n<meta name=\"twitter:site\" content=\"@sonoraenequipo\" \/>\n<meta name=\"twitter:label1\" content=\"Escrito por\" \/>\n\t<meta name=\"twitter:data1\" content=\"enequipo\" \/>\n\t<meta name=\"twitter:label2\" content=\"Tiempo de lectura\" \/>\n\t<meta name=\"twitter:data2\" content=\"2 minutos\" \/>\n<script type=\"application\/ld+json\" class=\"yoast-schema-graph\">{\"@context\":\"https:\/\/schema.org\",\"@graph\":[{\"@type\":\"Article\",\"@id\":\"https:\/\/www.sonoraenequipo.com.mx\/dea-se-atribuye-decomiso-de-metanfetamina-en-sinaloa\/#article\",\"isPartOf\":{\"@id\":\"https:\/\/www.sonoraenequipo.com.mx\/dea-se-atribuye-decomiso-de-metanfetamina-en-sinaloa\/\"},\"author\":{\"name\":\"enequipo\",\"@id\":\"https:\/\/www.sonoraenequipo.com.mx\/#\/schema\/person\/50102df0fb23a8fa9e8effad8fa81386\"},\"headline\":\"DEA se atribuye decomiso de metanfetamina en Sinaloa\",\"datePublished\":\"2026-09-05T19:00:15+00:00\",\"dateModified\":\"2026-09-06T17:59:03+00:00\",\"mainEntityOfPage\":{\"@id\":\"https:\/\/www.sonoraenequipo.com.mx\/dea-se-atribuye-decomiso-de-metanfetamina-en-sinaloa\/\"},\"wordCount\":432,\"commentCount\":0,\"publisher\":{\"@id\":\"https:\/\/www.sonoraenequipo.com.mx\/#organization\"},\"image\":{\"@id\":\"https:\/\/www.sonoraenequipo.com.mx\/dea-se-atribuye-decomiso-de-metanfetamina-en-sinaloa\/#primaryimage\"},\"thumbnailUrl\":\"https:\/\/www.sonoraenequipo.com.mx\/storage\/2026\/09\/destryen-autoridades-mexicanas.-laboratorio-en-Sinaloa-1.jpg\",\"articleSection\":[\"Rep\u00fablica\"],\"inLanguage\":\"es\",\"potentialAction\":[{\"@type\":\"CommentAction\",\"name\":\"Comment\",\"target\":[\"https:\/\/www.sonoraenequipo.com.mx\/dea-se-atribuye-decomiso-de-metanfetamina-en-sinaloa\/#respond\"]}]},{\"@type\":\"WebPage\",\"@id\":\"https:\/\/www.sonoraenequipo.com.mx\/dea-se-atribuye-decomiso-de-metanfetamina-en-sinaloa\/\",\"url\":\"https:\/\/www.sonoraenequipo.com.mx\/dea-se-atribuye-decomiso-de-metanfetamina-en-sinaloa\/\",\"name\":\"Sonora en Equipo. DEA se atribuye decomiso de metanfetamina en Sinaloa Rep\u00fablica\",\"isPartOf\":{\"@id\":\"https:\/\/www.sonoraenequipo.com.mx\/#website\"},\"primaryImageOfPage\":{\"@id\":\"https:\/\/www.sonoraenequipo.com.mx\/dea-se-atribuye-decomiso-de-metanfetamina-en-sinaloa\/#primaryimage\"},\"image\":{\"@id\":\"https:\/\/www.sonoraenequipo.com.mx\/dea-se-atribuye-decomiso-de-metanfetamina-en-sinaloa\/#primaryimage\"},\"thumbnailUrl\":\"https:\/\/www.sonoraenequipo.com.mx\/storage\/2026\/09\/destryen-autoridades-mexicanas.-laboratorio-en-Sinaloa-1.jpg\",\"datePublished\":\"2026-09-05T19:00:15+00:00\",\"dateModified\":\"2026-09-06T17:59:03+00:00\",\"description\":\"CIUDAD DE M\u00c9XICO. MX. \u2014 Mientras el secretario de Seguridad, Omar Garc\u00eda Harfuch, afirm\u00f3 que los recientes decomisos de metanfetaminas en M\u00e9xico, incluido En Sonora en Equipo publicamos toda la informaci\u00f3n de Sonora, M\u00e9xico y el Mundo de manera oportuna y busca que la libertad de expresi\u00f3n sea real. Visita nuestro medio informativo publicado desde Hermosillo, Sonora. %\",\"breadcrumb\":{\"@id\":\"https:\/\/www.sonoraenequipo.com.mx\/dea-se-atribuye-decomiso-de-metanfetamina-en-sinaloa\/#breadcrumb\"},\"inLanguage\":\"es\",\"potentialAction\":[{\"@type\":\"ReadAction\",\"target\":[\"https:\/\/www.sonoraenequipo.com.mx\/dea-se-atribuye-decomiso-de-metanfetamina-en-sinaloa\/\"]}]},{\"@type\":\"ImageObject\",\"inLanguage\":\"es\",\"@id\":\"https:\/\/www.sonoraenequipo.com.mx\/dea-se-atribuye-decomiso-de-metanfetamina-en-sinaloa\/#primaryimage\",\"url\":\"https:\/\/www.sonoraenequipo.com.mx\/storage\/2026\/09\/destryen-autoridades-mexicanas.-laboratorio-en-Sinaloa-1.jpg\",\"contentUrl\":\"https:\/\/www.sonoraenequipo.com.mx\/storage\/2026\/09\/destryen-autoridades-mexicanas.-laboratorio-en-Sinaloa-1.jpg\",\"width\":1000,\"height\":561},{\"@type\":\"BreadcrumbList\",\"@id\":\"https:\/\/www.sonoraenequipo.com.mx\/dea-se-atribuye-decomiso-de-metanfetamina-en-sinaloa\/#breadcrumb\",\"itemListElement\":[{\"@type\":\"ListItem\",\"position\":1,\"name\":\"Portada\",\"item\":\"https:\/\/www.sonoraenequipo.com.mx\/\"},{\"@type\":\"ListItem\",\"position\":2,\"name\":\"DEA se atribuye decomiso de metanfetamina en Sinaloa\"}]},{\"@type\":\"WebSite\",\"@id\":\"https:\/\/www.sonoraenequipo.com.mx\/#website\",\"url\":\"https:\/\/www.sonoraenequipo.com.mx\/\",\"name\":\"Sonora en Equipo.\",\"description\":\"Diario en l\u00ednea con Noticias desde Hermosillo, Sonora\",\"publisher\":{\"@id\":\"https:\/\/www.sonoraenequipo.com.mx\/#organization\"},\"potentialAction\":[{\"@type\":\"SearchAction\",\"target\":{\"@type\":\"EntryPoint\",\"urlTemplate\":\"https:\/\/www.sonoraenequipo.com.mx\/?s={search_term_string}\"},\"query-input\":{\"@type\":\"PropertyValueSpecification\",\"valueRequired\":true,\"valueName\":\"search_term_string\"}}],\"inLanguage\":\"es\"},{\"@type\":\"Organization\",\"@id\":\"https:\/\/www.sonoraenequipo.com.mx\/#organization\",\"name\":\"Sonoraenequipo.com.mx\",\"url\":\"https:\/\/www.sonoraenequipo.com.mx\/\",\"logo\":{\"@type\":\"ImageObject\",\"inLanguage\":\"es\",\"@id\":\"https:\/\/www.sonoraenequipo.com.mx\/#\/schema\/logo\/image\/\",\"url\":\"https:\/\/www.sonoraenequipo.com.mx\/storage\/2019\/01\/sonoraenequipo_opt.png\",\"contentUrl\":\"https:\/\/www.sonoraenequipo.com.mx\/storage\/2019\/01\/sonoraenequipo_opt.png\",\"width\":375,\"height\":125,\"caption\":\"Sonoraenequipo.com.mx\"},\"image\":{\"@id\":\"https:\/\/www.sonoraenequipo.com.mx\/#\/schema\/logo\/image\/\"},\"sameAs\":[\"https:\/\/www.facebook.com\/SonoraEE\/\",\"https:\/\/x.com\/sonoraenequipo\",\"https:\/\/www.youtube.com\/channel\/UC338nW-lPEYmJQs4ZABQ1SQ\"]},{\"@type\":\"Person\",\"@id\":\"https:\/\/www.sonoraenequipo.com.mx\/#\/schema\/person\/50102df0fb23a8fa9e8effad8fa81386\",\"name\":\"enequipo\",\"image\":{\"@type\":\"ImageObject\",\"inLanguage\":\"es\",\"@id\":\"https:\/\/www.sonoraenequipo.com.mx\/#\/schema\/person\/image\/\",\"url\":\"https:\/\/secure.gravatar.com\/avatar\/049821681b589dabc0bc20695993ccebb09f5b5d4d790cd9251b97faac7c652b?s=96&d=blank&r=g\",\"contentUrl\":\"https:\/\/secure.gravatar.com\/avatar\/049821681b589dabc0bc20695993ccebb09f5b5d4d790cd9251b97faac7c652b?s=96&d=blank&r=g\",\"caption\":\"enequipo\"},\"sameAs\":[\"https:\/\/www.facebook.com\/SonoraEE\"]}]}<\/script>\n ","yoast_head_json":{"title":"Sonora en Equipo. DEA se atribuye decomiso de metanfetamina en Sinaloa Rep\u00fablica","description":"CIUDAD DE M\u00c9XICO. MX. \u2014 Mientras el secretario de Seguridad, Omar Garc\u00eda Harfuch, afirm\u00f3 que los recientes decomisos de metanfetaminas en M\u00e9xico, incluido En Sonora en Equipo publicamos toda la informaci\u00f3n de Sonora, M\u00e9xico y el Mundo de manera oportuna y busca que la libertad de expresi\u00f3n sea real. Visita nuestro medio informativo publicado desde Hermosillo, Sonora. %","robots":{"index":"index","follow":"follow","max-snippet":"max-snippet:-1","max-image-preview":"max-image-preview:large","max-video-preview":"max-video-preview:-1"},"canonical":"https:\/\/www.sonoraenequipo.com.mx\/dea-se-atribuye-decomiso-de-metanfetamina-en-sinaloa\/","og_locale":"es_ES","og_type":"article","og_title":"Sonora en Equipo. DEA se atribuye decomiso de metanfetamina en Sinaloa Rep\u00fablica","og_description":"CIUDAD DE M\u00c9XICO. MX. \u2014 Mientras el secretario de Seguridad, Omar Garc\u00eda Harfuch, afirm\u00f3 que los recientes decomisos de metanfetaminas en M\u00e9xico, incluido En Sonora en Equipo publicamos toda la informaci\u00f3n de Sonora, M\u00e9xico y el Mundo de manera oportuna y busca que la libertad de expresi\u00f3n sea real. Visita nuestro medio informativo publicado desde Hermosillo, Sonora. %","og_url":"https:\/\/www.sonoraenequipo.com.mx\/dea-se-atribuye-decomiso-de-metanfetamina-en-sinaloa\/","og_site_name":"Sonora en Equipo.","article_publisher":"https:\/\/www.facebook.com\/SonoraEE\/","article_author":"https:\/\/www.facebook.com\/SonoraEE","article_published_time":"2026-09-05T19:00:15+00:00","article_modified_time":"2026-09-06T17:59:03+00:00","og_image":[{"width":1000,"height":561,"url":"https:\/\/www.sonoraenequipo.com.mx\/storage\/2026\/09\/destryen-autoridades-mexicanas.-laboratorio-en-Sinaloa-1.jpg","type":"image\/jpeg"}],"author":"enequipo","twitter_card":"summary_large_image","twitter_creator":"@sonoraenequipo","twitter_site":"@sonoraenequipo","twitter_misc":{"Escrito por":"enequipo","Tiempo de lectura":"2 minutos"},"schema":{"@context":"https:\/\/schema.org","@graph":[{"@type":"Article","@id":"https:\/\/www.sonoraenequipo.com.mx\/dea-se-atribuye-decomiso-de-metanfetamina-en-sinaloa\/#article","isPartOf":{"@id":"https:\/\/www.sonoraenequipo.com.mx\/dea-se-atribuye-decomiso-de-metanfetamina-en-sinaloa\/"},"author":{"name":"enequipo","@id":"https:\/\/www.sonoraenequipo.com.mx\/#\/schema\/person\/50102df0fb23a8fa9e8effad8fa81386"},"headline":"DEA se atribuye decomiso de metanfetamina en Sinaloa","datePublished":"2026-09-05T19:00:15+00:00","dateModified":"2026-09-06T17:59:03+00:00","mainEntityOfPage":{"@id":"https:\/\/www.sonoraenequipo.com.mx\/dea-se-atribuye-decomiso-de-metanfetamina-en-sinaloa\/"},"wordCount":432,"commentCount":0,"publisher":{"@id":"https:\/\/www.sonoraenequipo.com.mx\/#organization"},"image":{"@id":"https:\/\/www.sonoraenequipo.com.mx\/dea-se-atribuye-decomiso-de-metanfetamina-en-sinaloa\/#primaryimage"},"thumbnailUrl":"https:\/\/www.sonoraenequipo.com.mx\/storage\/2026\/09\/destryen-autoridades-mexicanas.-laboratorio-en-Sinaloa-1.jpg","articleSection":["Rep\u00fablica"],"inLanguage":"es","potentialAction":[{"@type":"CommentAction","name":"Comment","target":["https:\/\/www.sonoraenequipo.com.mx\/dea-se-atribuye-decomiso-de-metanfetamina-en-sinaloa\/#respond"]}]},{"@type":"WebPage","@id":"https:\/\/www.sonoraenequipo.com.mx\/dea-se-atribuye-decomiso-de-metanfetamina-en-sinaloa\/","url":"https:\/\/www.sonoraenequipo.com.mx\/dea-se-atribuye-decomiso-de-metanfetamina-en-sinaloa\/","name":"Sonora en Equipo. DEA se atribuye decomiso de metanfetamina en Sinaloa Rep\u00fablica","isPartOf":{"@id":"https:\/\/www.sonoraenequipo.com.mx\/#website"},"primaryImageOfPage":{"@id":"https:\/\/www.sonoraenequipo.com.mx\/dea-se-atribuye-decomiso-de-metanfetamina-en-sinaloa\/#primaryimage"},"image":{"@id":"https:\/\/www.sonoraenequipo.com.mx\/dea-se-atribuye-decomiso-de-metanfetamina-en-sinaloa\/#primaryimage"},"thumbnailUrl":"https:\/\/www.sonoraenequipo.com.mx\/storage\/2026\/09\/destryen-autoridades-mexicanas.-laboratorio-en-Sinaloa-1.jpg","datePublished":"2026-09-05T19:00:15+00:00","dateModified":"2026-09-06T17:59:03+00:00","description":"CIUDAD DE M\u00c9XICO. MX. \u2014 Mientras el secretario de Seguridad, Omar Garc\u00eda Harfuch, afirm\u00f3 que los recientes decomisos de metanfetaminas en M\u00e9xico, incluido En Sonora en Equipo publicamos toda la informaci\u00f3n de Sonora, M\u00e9xico y el Mundo de manera oportuna y busca que la libertad de expresi\u00f3n sea real. Visita nuestro medio informativo publicado desde Hermosillo, Sonora. %","breadcrumb":{"@id":"https:\/\/www.sonoraenequipo.com.mx\/dea-se-atribuye-decomiso-de-metanfetamina-en-sinaloa\/#breadcrumb"},"inLanguage":"es","potentialAction":[{"@type":"ReadAction","target":["https:\/\/www.sonoraenequipo.com.mx\/dea-se-atribuye-decomiso-de-metanfetamina-en-sinaloa\/"]}]},{"@type":"ImageObject","inLanguage":"es","@id":"https:\/\/www.sonoraenequipo.com.mx\/dea-se-atribuye-decomiso-de-metanfetamina-en-sinaloa\/#primaryimage","url":"https:\/\/www.sonoraenequipo.com.mx\/storage\/2026\/09\/destryen-autoridades-mexicanas.-laboratorio-en-Sinaloa-1.jpg","contentUrl":"https:\/\/www.sonoraenequipo.com.mx\/storage\/2026\/09\/destryen-autoridades-mexicanas.-laboratorio-en-Sinaloa-1.jpg","width":1000,"height":561},{"@type":"BreadcrumbList","@id":"https:\/\/www.sonoraenequipo.com.mx\/dea-se-atribuye-decomiso-de-metanfetamina-en-sinaloa\/#breadcrumb","itemListElement":[{"@type":"ListItem","position":1,"name":"Portada","item":"https:\/\/www.sonoraenequipo.com.mx\/"},{"@type":"ListItem","position":2,"name":"DEA se atribuye decomiso de metanfetamina en Sinaloa"}]},{"@type":"WebSite","@id":"https:\/\/www.sonoraenequipo.com.mx\/#website","url":"https:\/\/www.sonoraenequipo.com.mx\/","name":"Sonora en Equipo.","description":"Diario en l\u00ednea con Noticias desde Hermosillo, Sonora","publisher":{"@id":"https:\/\/www.sonoraenequipo.com.mx\/#organization"},"potentialAction":[{"@type":"SearchAction","target":{"@type":"EntryPoint","urlTemplate":"https:\/\/www.sonoraenequipo.com.mx\/?s={search_term_string}"},"query-input":{"@type":"PropertyValueSpecification","valueRequired":true,"valueName":"search_term_string"}}],"inLanguage":"es"},{"@type":"Organization","@id":"https:\/\/www.sonoraenequipo.com.mx\/#organization","name":"Sonoraenequipo.com.mx","url":"https:\/\/www.sonoraenequipo.com.mx\/","logo":{"@type":"ImageObject","inLanguage":"es","@id":"https:\/\/www.sonoraenequipo.com.mx\/#\/schema\/logo\/image\/","url":"https:\/\/www.sonoraenequipo.com.mx\/storage\/2019\/01\/sonoraenequipo_opt.png","contentUrl":"https:\/\/www.sonoraenequipo.com.mx\/storage\/2019\/01\/sonoraenequipo_opt.png","width":375,"height":125,"caption":"Sonoraenequipo.com.mx"},"image":{"@id":"https:\/\/www.sonoraenequipo.com.mx\/#\/schema\/logo\/image\/"},"sameAs":["https:\/\/www.facebook.com\/SonoraEE\/","https:\/\/x.com\/sonoraenequipo","https:\/\/www.youtube.com\/channel\/UC338nW-lPEYmJQs4ZABQ1SQ"]},{"@type":"Person","@id":"https:\/\/www.sonoraenequipo.com.mx\/#\/schema\/person\/50102df0fb23a8fa9e8effad8fa81386","name":"enequipo","image":{"@type":"ImageObject","inLanguage":"es","@id":"https:\/\/www.sonoraenequipo.com.mx\/#\/schema\/person\/image\/","url":"https:\/\/secure.gravatar.com\/avatar\/049821681b589dabc0bc20695993ccebb09f5b5d4d790cd9251b97faac7c652b?s=96&d=blank&r=g","contentUrl":"https:\/\/secure.gravatar.com\/avatar\/049821681b589dabc0bc20695993ccebb09f5b5d4d790cd9251b97faac7c652b?s=96&d=blank&r=g","caption":"enequipo"},"sameAs":["https:\/\/www.facebook.com\/SonoraEE"]}]}},"jetpack_featured_media_url":"https:\/\/www.sonoraenequipo.com.mx\/storage\/2026\/09\/destryen-autoridades-mexicanas.-laboratorio-en-Sinaloa-1.jpg","_links":{"self":[{"href":"https:\/\/www.sonoraenequipo.com.mx\/api\/wp\/v2\/posts\/251704","targetHints":{"allow":["GET"]}}],"collection":[{"href":"https:\/\/www.sonoraenequipo.com.mx\/api\/wp\/v2\/posts"}],"about":[{"href":"https:\/\/www.sonoraenequipo.com.mx\/api\/wp\/v2\/types\/post"}],"author":[{"embeddable":true,"href":"https:\/\/www.sonoraenequipo.com.mx\/api\/wp\/v2\/users\/1"}],"replies":[{"embeddable":true,"href":"https:\/\/www.sonoraenequipo.com.mx\/api\/wp\/v2\/comments?post=251704"}],"version-history":[{"count":1,"href":"https:\/\/www.sonoraenequipo.com.mx\/api\/wp\/v2\/posts\/251704\/revisions"}],"predecessor-version":[{"id":251706,"href":"https:\/\/www.sonoraenequipo.com.mx\/api\/wp\/v2\/posts\/251704\/revisions\/251706"}],"wp:featuredmedia":[{"embeddable":true,"href":"https:\/\/www.sonoraenequipo.com.mx\/api\/wp\/v2\/media\/251705"}],"wp:attachment":[{"href":"https:\/\/www.sonoraenequipo.com.mx\/api\/wp\/v2\/media?parent=251704"}],"wp:term":[{"taxonomy":"category","embeddable":true,"href":"https:\/\/www.sonoraenequipo.com.mx\/api\/wp\/v2\/categories?post=251704"},{"taxonomy":"post_tag","embeddable":true,"href":"https:\/\/www.sonoraenequipo.com.mx\/api\/wp\/v2\/tags?post=251704"}],"curies":[{"name":"wp","href":"https:\/\/api.w.org\/{rel}","templated":true}]}}