{"id":251707,"date":"2026-09-06T10:30:13","date_gmt":"2026-09-06T17:30:13","guid":{"rendered":"https:\/\/www.sonoraenequipo.com.mx\/?p=251707"},"modified":"2026-09-06T13:26:04","modified_gmt":"2026-09-06T20:26:04","slug":"en-mexico-todavia-hay-3-9-millones-de-analfabetos-en-veracruz-son-casi-500-mil","status":"publish","type":"post","link":"https:\/\/www.sonoraenequipo.com.mx\/en-mexico-todavia-hay-3-9-millones-de-analfabetos-en-veracruz-son-casi-500-mil\/","title":{"rendered":"En M\u00e9xico todav\u00eda hay 3.9 millones de analfabetos; en Veracruz, son casi 500 mil"},"content":{"rendered":"<p><strong>CIUDAD DE M\u00c9XICO. MX. \u2014<\/strong> A 45 a\u00f1os de su creaci\u00f3n, el Instituto Nacional para la Educaci\u00f3n de los Adultos (INEA) a\u00fan enfrenta el desaf\u00edo de atener a 27 millones 233 mil 798 mexicanos de 15 a\u00f1os y m\u00e1s en rezago educativo. De ellos, 3 millones 908 mil 94 no saben leer y escribir, lo que representa a 3.8 por ciento de este sector de la poblaci\u00f3n.<\/p>\n<p>&nbsp;<\/p>\n<p> <\/p>\n<p>Armando Contreras Castillo, director general del organismo, reconoce que \u201ca\u00fan hay desaf\u00edos, pero hemos ido avanzando hacia un pa\u00eds alfabetizado, que no quiere dejar a nadie atr\u00e1s\u201d. En entrevista agrega que en lo que va del a\u00f1o m\u00e1s de 442 mil personas han sido alfabetizadas o han concluido su primaria o secundaria, y con ello, \u201cbuscamos alcanzar resultados hist\u00f3ricos para abatir el rezago educativo\u201d.<\/p>\n<p>&nbsp;<\/p>\n<p>&nbsp;<\/p>\n<p>Destaca que en las m\u00e1s de cuatro d\u00e9cadas de existencia del INEA, creado por decreto presidencial el 31 de agosto de 1981, se han atendido a 32 millones de personas.<\/p>\n<p>&nbsp;<\/p>\n<p>&nbsp;<\/p>\n<p>A pocos d\u00edas de la celebraci\u00f3n mundial del D\u00eda Internacional de la Alfabetizaci\u00f3n, cuya edici\u00f3n 60 se conmemora en M\u00e9xico este 8 y 9 de septiembre en San Crist\u00f3bal de las Casas, Chiapas, asegura que el pa\u00eds <strong><em>\u201cha hecho un esfuerzo extraordinario para garantizar el derecho que tiene toda persona a la educaci\u00f3n\u201d.<\/em><\/strong><\/p>\n<p>&nbsp;<\/p>\n<p>&nbsp;<\/p>\n<p>Sin embargo, subraya que <strong><em>\u201cno podemos ignorar que a\u00fan hay 3.9 millones de connacionales iletrados, y que no son s\u00f3lo una cifra. Son personas que quiz\u00e1 viven en una comunidad alejada, que tuvieron que laborar desde muy peque\u00f1os o de miles de mujeres que se dedicaron al cuidado del hogar, y nunca tuvieron la oportunidad de ir a la escuela\u201d.<\/em><\/strong><\/p>\n<p>&nbsp;<\/p>\n<p>&nbsp;<\/p>\n<p>De acuerdo con datos oficiales del INEA, hasta el pasado 31 de diciembre de 2025, la poblaci\u00f3n de 15 a\u00f1os y m\u00e1s en el pa\u00eds alcanza los 102 millones 329 mil 770. De ellos, adem\u00e1s de quienes no saben leer y escribir, 7 millones 481 mil 541, que representan 7.3 por ciento de este grupo etario, no han concluido su primaria, mientras 15 millones 844 mil 163, es decir, 15.5 por ciento, no terminaron su secundaria.<\/p>\n<p>&nbsp;<\/p>\n<p>&nbsp;<\/p>\n<p>El estado con mayor poblaci\u00f3n analfabeta es Veracruz, con 461 mil 764 personas; le sigue Chiapas, con 379 mil 104; el estado de M\u00e9xico, con 344 mil 114, e incluso, la Ciudad de M\u00e9xico, reporta 99 mil 105 casos.<\/p>\n<p>&nbsp;<\/p>\n<p>&nbsp;<\/p>\n<p>En cuanto al rezago en educaci\u00f3n primaria la entidad con el mayor n\u00famero de personas que no han concluido este nivel educativo es el estado de M\u00e9xico, con 853 mil 300; le sigue Veracruz, con 745 mil 718; Chiapas, con 576 mil 441 y Jalisco, con 524 mil 673.<\/p>\n<p>&nbsp;<\/p>\n<p>En el caso de secundaria, el estado con mayor n\u00famero de poblaci\u00f3n en rezago en este nivel es Jalisco, con un mill\u00f3n 149 mil 282; le sigue Veracruz, con un mill\u00f3n 114 mil 914; Puebla, con 989 mil 240; Chiapas, con 919 mil 912 y la Ciudad de M\u00e9xico, con 841 mil 708.<\/p>\n<p>&nbsp;<\/p>\n<p>&nbsp;<\/p>\n<p>PUBLICADO EL 06 DE SEPT 2026 Con informaci\u00f3n de Laura Poy Solano)<\/p>\n","protected":false},"excerpt":{"rendered":"<p>CIUDAD DE M\u00c9XICO. MX. \u2014 A 45 a\u00f1os de su creaci\u00f3n, el Instituto Nacional para&#8230;<\/p>\n","protected":false},"author":1,"featured_media":251721,"comment_status":"open","ping_status":"open","sticky":false,"template":"","format":"standard","meta":{"_monsterinsights_skip_tracking":false,"_monsterinsights_sitenote_active":false,"_monsterinsights_sitenote_note":"","_monsterinsights_sitenote_category":0,"footnotes":""},"categories":[5],"tags":[],"class_list":["post"],"yoast_head":" \n<title>Sonora en Equipo. En M\u00e9xico todav\u00eda hay 3.9 millones de analfabetos; en Veracruz, son casi 500 mil Rep\u00fablica<\/title>\n<meta name=\"description\" content=\"CIUDAD DE M\u00c9XICO. MX. \u2014 A 45 a\u00f1os de su creaci\u00f3n, el Instituto Nacional para la Educaci\u00f3n de los Adultos (INEA) a\u00fan enfrenta el desaf\u00edo de atener a 27 En Sonora en Equipo publicamos toda la informaci\u00f3n de Sonora, M\u00e9xico y el Mundo de manera oportuna y busca que la libertad de expresi\u00f3n sea real. Visita nuestro medio informativo publicado desde Hermosillo, Sonora. %\" \/>\n<meta name=\"robots\" content=\"index, follow, max-snippet:-1, max-image-preview:large, max-video-preview:-1\" \/>\n<link rel=\"canonical\" href=\"https:\/\/www.sonoraenequipo.com.mx\/en-mexico-todavia-hay-3-9-millones-de-analfabetos-en-veracruz-son-casi-500-mil\/\" \/>\n<meta property=\"og:locale\" content=\"es_ES\" \/>\n<meta property=\"og:type\" content=\"article\" \/>\n<meta property=\"og:title\" content=\"Sonora en Equipo. En M\u00e9xico todav\u00eda hay 3.9 millones de analfabetos; en Veracruz, son casi 500 mil Rep\u00fablica\" \/>\n<meta property=\"og:description\" content=\"CIUDAD DE M\u00c9XICO. MX. \u2014 A 45 a\u00f1os de su creaci\u00f3n, el Instituto Nacional para la Educaci\u00f3n de los Adultos (INEA) a\u00fan enfrenta el desaf\u00edo de atener a 27 En Sonora en Equipo publicamos toda la informaci\u00f3n de Sonora, M\u00e9xico y el Mundo de manera oportuna y busca que la libertad de expresi\u00f3n sea real. Visita nuestro medio informativo publicado desde Hermosillo, Sonora. %\" \/>\n<meta property=\"og:url\" content=\"https:\/\/www.sonoraenequipo.com.mx\/en-mexico-todavia-hay-3-9-millones-de-analfabetos-en-veracruz-son-casi-500-mil\/\" \/>\n<meta property=\"og:site_name\" content=\"Sonora en Equipo.\" \/>\n<meta property=\"article:publisher\" content=\"https:\/\/www.facebook.com\/SonoraEE\/\" \/>\n<meta property=\"article:author\" content=\"https:\/\/www.facebook.com\/SonoraEE\" \/>\n<meta property=\"article:published_time\" content=\"2026-09-06T17:30:13+00:00\" \/>\n<meta property=\"article:modified_time\" content=\"2026-09-06T20:26:04+00:00\" \/>\n<meta property=\"og:image\" content=\"https:\/\/www.sonoraenequipo.com.mx\/storage\/2026\/09\/inea-1.jpg\" \/>\n\t<meta property=\"og:image:width\" content=\"1000\" \/>\n\t<meta property=\"og:image:height\" content=\"577\" \/>\n\t<meta property=\"og:image:type\" content=\"image\/jpeg\" \/>\n<meta name=\"author\" content=\"enequipo\" \/>\n<meta name=\"twitter:card\" content=\"summary_large_image\" \/>\n<meta name=\"twitter:creator\" content=\"@sonoraenequipo\" \/>\n<meta name=\"twitter:site\" content=\"@sonoraenequipo\" \/>\n<meta name=\"twitter:label1\" content=\"Escrito por\" \/>\n\t<meta name=\"twitter:data1\" content=\"enequipo\" \/>\n\t<meta name=\"twitter:label2\" content=\"Tiempo de lectura\" \/>\n\t<meta name=\"twitter:data2\" content=\"3 minutos\" \/>\n<script type=\"application\/ld+json\" class=\"yoast-schema-graph\">{\"@context\":\"https:\/\/schema.org\",\"@graph\":[{\"@type\":\"Article\",\"@id\":\"https:\/\/www.sonoraenequipo.com.mx\/en-mexico-todavia-hay-3-9-millones-de-analfabetos-en-veracruz-son-casi-500-mil\/#article\",\"isPartOf\":{\"@id\":\"https:\/\/www.sonoraenequipo.com.mx\/en-mexico-todavia-hay-3-9-millones-de-analfabetos-en-veracruz-son-casi-500-mil\/\"},\"author\":{\"name\":\"enequipo\",\"@id\":\"https:\/\/www.sonoraenequipo.com.mx\/#\/schema\/person\/50102df0fb23a8fa9e8effad8fa81386\"},\"headline\":\"En M\u00e9xico todav\u00eda hay 3.9 millones de analfabetos; en Veracruz, son casi 500 mil\",\"datePublished\":\"2026-09-06T17:30:13+00:00\",\"dateModified\":\"2026-09-06T20:26:04+00:00\",\"mainEntityOfPage\":{\"@id\":\"https:\/\/www.sonoraenequipo.com.mx\/en-mexico-todavia-hay-3-9-millones-de-analfabetos-en-veracruz-son-casi-500-mil\/\"},\"wordCount\":520,\"commentCount\":0,\"publisher\":{\"@id\":\"https:\/\/www.sonoraenequipo.com.mx\/#organization\"},\"image\":{\"@id\":\"https:\/\/www.sonoraenequipo.com.mx\/en-mexico-todavia-hay-3-9-millones-de-analfabetos-en-veracruz-son-casi-500-mil\/#primaryimage\"},\"thumbnailUrl\":\"https:\/\/www.sonoraenequipo.com.mx\/storage\/2026\/09\/inea-1.jpg\",\"articleSection\":[\"Rep\u00fablica\"],\"inLanguage\":\"es\",\"potentialAction\":[{\"@type\":\"CommentAction\",\"name\":\"Comment\",\"target\":[\"https:\/\/www.sonoraenequipo.com.mx\/en-mexico-todavia-hay-3-9-millones-de-analfabetos-en-veracruz-son-casi-500-mil\/#respond\"]}]},{\"@type\":\"WebPage\",\"@id\":\"https:\/\/www.sonoraenequipo.com.mx\/en-mexico-todavia-hay-3-9-millones-de-analfabetos-en-veracruz-son-casi-500-mil\/\",\"url\":\"https:\/\/www.sonoraenequipo.com.mx\/en-mexico-todavia-hay-3-9-millones-de-analfabetos-en-veracruz-son-casi-500-mil\/\",\"name\":\"Sonora en Equipo. En M\u00e9xico todav\u00eda hay 3.9 millones de analfabetos; en Veracruz, son casi 500 mil Rep\u00fablica\",\"isPartOf\":{\"@id\":\"https:\/\/www.sonoraenequipo.com.mx\/#website\"},\"primaryImageOfPage\":{\"@id\":\"https:\/\/www.sonoraenequipo.com.mx\/en-mexico-todavia-hay-3-9-millones-de-analfabetos-en-veracruz-son-casi-500-mil\/#primaryimage\"},\"image\":{\"@id\":\"https:\/\/www.sonoraenequipo.com.mx\/en-mexico-todavia-hay-3-9-millones-de-analfabetos-en-veracruz-son-casi-500-mil\/#primaryimage\"},\"thumbnailUrl\":\"https:\/\/www.sonoraenequipo.com.mx\/storage\/2026\/09\/inea-1.jpg\",\"datePublished\":\"2026-09-06T17:30:13+00:00\",\"dateModified\":\"2026-09-06T20:26:04+00:00\",\"description\":\"CIUDAD DE M\u00c9XICO. MX. \u2014 A 45 a\u00f1os de su creaci\u00f3n, el Instituto Nacional para la Educaci\u00f3n de los Adultos (INEA) a\u00fan enfrenta el desaf\u00edo de atener a 27 En Sonora en Equipo publicamos toda la informaci\u00f3n de Sonora, M\u00e9xico y el Mundo de manera oportuna y busca que la libertad de expresi\u00f3n sea real. Visita nuestro medio informativo publicado desde Hermosillo, Sonora. %\",\"breadcrumb\":{\"@id\":\"https:\/\/www.sonoraenequipo.com.mx\/en-mexico-todavia-hay-3-9-millones-de-analfabetos-en-veracruz-son-casi-500-mil\/#breadcrumb\"},\"inLanguage\":\"es\",\"potentialAction\":[{\"@type\":\"ReadAction\",\"target\":[\"https:\/\/www.sonoraenequipo.com.mx\/en-mexico-todavia-hay-3-9-millones-de-analfabetos-en-veracruz-son-casi-500-mil\/\"]}]},{\"@type\":\"ImageObject\",\"inLanguage\":\"es\",\"@id\":\"https:\/\/www.sonoraenequipo.com.mx\/en-mexico-todavia-hay-3-9-millones-de-analfabetos-en-veracruz-son-casi-500-mil\/#primaryimage\",\"url\":\"https:\/\/www.sonoraenequipo.com.mx\/storage\/2026\/09\/inea-1.jpg\",\"contentUrl\":\"https:\/\/www.sonoraenequipo.com.mx\/storage\/2026\/09\/inea-1.jpg\",\"width\":1000,\"height\":577},{\"@type\":\"BreadcrumbList\",\"@id\":\"https:\/\/www.sonoraenequipo.com.mx\/en-mexico-todavia-hay-3-9-millones-de-analfabetos-en-veracruz-son-casi-500-mil\/#breadcrumb\",\"itemListElement\":[{\"@type\":\"ListItem\",\"position\":1,\"name\":\"Portada\",\"item\":\"https:\/\/www.sonoraenequipo.com.mx\/\"},{\"@type\":\"ListItem\",\"position\":2,\"name\":\"En M\u00e9xico todav\u00eda hay 3.9 millones de analfabetos; en Veracruz, son casi 500 mil\"}]},{\"@type\":\"WebSite\",\"@id\":\"https:\/\/www.sonoraenequipo.com.mx\/#website\",\"url\":\"https:\/\/www.sonoraenequipo.com.mx\/\",\"name\":\"Sonora en Equipo.\",\"description\":\"Diario en l\u00ednea con Noticias desde Hermosillo, Sonora\",\"publisher\":{\"@id\":\"https:\/\/www.sonoraenequipo.com.mx\/#organization\"},\"potentialAction\":[{\"@type\":\"SearchAction\",\"target\":{\"@type\":\"EntryPoint\",\"urlTemplate\":\"https:\/\/www.sonoraenequipo.com.mx\/?s={search_term_string}\"},\"query-input\":{\"@type\":\"PropertyValueSpecification\",\"valueRequired\":true,\"valueName\":\"search_term_string\"}}],\"inLanguage\":\"es\"},{\"@type\":\"Organization\",\"@id\":\"https:\/\/www.sonoraenequipo.com.mx\/#organization\",\"name\":\"Sonoraenequipo.com.mx\",\"url\":\"https:\/\/www.sonoraenequipo.com.mx\/\",\"logo\":{\"@type\":\"ImageObject\",\"inLanguage\":\"es\",\"@id\":\"https:\/\/www.sonoraenequipo.com.mx\/#\/schema\/logo\/image\/\",\"url\":\"https:\/\/www.sonoraenequipo.com.mx\/storage\/2019\/01\/sonoraenequipo_opt.png\",\"contentUrl\":\"https:\/\/www.sonoraenequipo.com.mx\/storage\/2019\/01\/sonoraenequipo_opt.png\",\"width\":375,\"height\":125,\"caption\":\"Sonoraenequipo.com.mx\"},\"image\":{\"@id\":\"https:\/\/www.sonoraenequipo.com.mx\/#\/schema\/logo\/image\/\"},\"sameAs\":[\"https:\/\/www.facebook.com\/SonoraEE\/\",\"https:\/\/x.com\/sonoraenequipo\",\"https:\/\/www.youtube.com\/channel\/UC338nW-lPEYmJQs4ZABQ1SQ\"]},{\"@type\":\"Person\",\"@id\":\"https:\/\/www.sonoraenequipo.com.mx\/#\/schema\/person\/50102df0fb23a8fa9e8effad8fa81386\",\"name\":\"enequipo\",\"image\":{\"@type\":\"ImageObject\",\"inLanguage\":\"es\",\"@id\":\"https:\/\/www.sonoraenequipo.com.mx\/#\/schema\/person\/image\/\",\"url\":\"https:\/\/secure.gravatar.com\/avatar\/049821681b589dabc0bc20695993ccebb09f5b5d4d790cd9251b97faac7c652b?s=96&d=blank&r=g\",\"contentUrl\":\"https:\/\/secure.gravatar.com\/avatar\/049821681b589dabc0bc20695993ccebb09f5b5d4d790cd9251b97faac7c652b?s=96&d=blank&r=g\",\"caption\":\"enequipo\"},\"sameAs\":[\"https:\/\/www.facebook.com\/SonoraEE\"]}]}<\/script>\n ","yoast_head_json":{"title":"Sonora en Equipo. En M\u00e9xico todav\u00eda hay 3.9 millones de analfabetos; en Veracruz, son casi 500 mil Rep\u00fablica","description":"CIUDAD DE M\u00c9XICO. MX. \u2014 A 45 a\u00f1os de su creaci\u00f3n, el Instituto Nacional para la Educaci\u00f3n de los Adultos (INEA) a\u00fan enfrenta el desaf\u00edo de atener a 27 En Sonora en Equipo publicamos toda la informaci\u00f3n de Sonora, M\u00e9xico y el Mundo de manera oportuna y busca que la libertad de expresi\u00f3n sea real. Visita nuestro medio informativo publicado desde Hermosillo, Sonora. %","robots":{"index":"index","follow":"follow","max-snippet":"max-snippet:-1","max-image-preview":"max-image-preview:large","max-video-preview":"max-video-preview:-1"},"canonical":"https:\/\/www.sonoraenequipo.com.mx\/en-mexico-todavia-hay-3-9-millones-de-analfabetos-en-veracruz-son-casi-500-mil\/","og_locale":"es_ES","og_type":"article","og_title":"Sonora en Equipo. En M\u00e9xico todav\u00eda hay 3.9 millones de analfabetos; en Veracruz, son casi 500 mil Rep\u00fablica","og_description":"CIUDAD DE M\u00c9XICO. MX. \u2014 A 45 a\u00f1os de su creaci\u00f3n, el Instituto Nacional para la Educaci\u00f3n de los Adultos (INEA) a\u00fan enfrenta el desaf\u00edo de atener a 27 En Sonora en Equipo publicamos toda la informaci\u00f3n de Sonora, M\u00e9xico y el Mundo de manera oportuna y busca que la libertad de expresi\u00f3n sea real. Visita nuestro medio informativo publicado desde Hermosillo, Sonora. %","og_url":"https:\/\/www.sonoraenequipo.com.mx\/en-mexico-todavia-hay-3-9-millones-de-analfabetos-en-veracruz-son-casi-500-mil\/","og_site_name":"Sonora en Equipo.","article_publisher":"https:\/\/www.facebook.com\/SonoraEE\/","article_author":"https:\/\/www.facebook.com\/SonoraEE","article_published_time":"2026-09-06T17:30:13+00:00","article_modified_time":"2026-09-06T20:26:04+00:00","og_image":[{"width":1000,"height":577,"url":"https:\/\/www.sonoraenequipo.com.mx\/storage\/2026\/09\/inea-1.jpg","type":"image\/jpeg"}],"author":"enequipo","twitter_card":"summary_large_image","twitter_creator":"@sonoraenequipo","twitter_site":"@sonoraenequipo","twitter_misc":{"Escrito por":"enequipo","Tiempo de lectura":"3 minutos"},"schema":{"@context":"https:\/\/schema.org","@graph":[{"@type":"Article","@id":"https:\/\/www.sonoraenequipo.com.mx\/en-mexico-todavia-hay-3-9-millones-de-analfabetos-en-veracruz-son-casi-500-mil\/#article","isPartOf":{"@id":"https:\/\/www.sonoraenequipo.com.mx\/en-mexico-todavia-hay-3-9-millones-de-analfabetos-en-veracruz-son-casi-500-mil\/"},"author":{"name":"enequipo","@id":"https:\/\/www.sonoraenequipo.com.mx\/#\/schema\/person\/50102df0fb23a8fa9e8effad8fa81386"},"headline":"En M\u00e9xico todav\u00eda hay 3.9 millones de analfabetos; en Veracruz, son casi 500 mil","datePublished":"2026-09-06T17:30:13+00:00","dateModified":"2026-09-06T20:26:04+00:00","mainEntityOfPage":{"@id":"https:\/\/www.sonoraenequipo.com.mx\/en-mexico-todavia-hay-3-9-millones-de-analfabetos-en-veracruz-son-casi-500-mil\/"},"wordCount":520,"commentCount":0,"publisher":{"@id":"https:\/\/www.sonoraenequipo.com.mx\/#organization"},"image":{"@id":"https:\/\/www.sonoraenequipo.com.mx\/en-mexico-todavia-hay-3-9-millones-de-analfabetos-en-veracruz-son-casi-500-mil\/#primaryimage"},"thumbnailUrl":"https:\/\/www.sonoraenequipo.com.mx\/storage\/2026\/09\/inea-1.jpg","articleSection":["Rep\u00fablica"],"inLanguage":"es","potentialAction":[{"@type":"CommentAction","name":"Comment","target":["https:\/\/www.sonoraenequipo.com.mx\/en-mexico-todavia-hay-3-9-millones-de-analfabetos-en-veracruz-son-casi-500-mil\/#respond"]}]},{"@type":"WebPage","@id":"https:\/\/www.sonoraenequipo.com.mx\/en-mexico-todavia-hay-3-9-millones-de-analfabetos-en-veracruz-son-casi-500-mil\/","url":"https:\/\/www.sonoraenequipo.com.mx\/en-mexico-todavia-hay-3-9-millones-de-analfabetos-en-veracruz-son-casi-500-mil\/","name":"Sonora en Equipo. En M\u00e9xico todav\u00eda hay 3.9 millones de analfabetos; en Veracruz, son casi 500 mil Rep\u00fablica","isPartOf":{"@id":"https:\/\/www.sonoraenequipo.com.mx\/#website"},"primaryImageOfPage":{"@id":"https:\/\/www.sonoraenequipo.com.mx\/en-mexico-todavia-hay-3-9-millones-de-analfabetos-en-veracruz-son-casi-500-mil\/#primaryimage"},"image":{"@id":"https:\/\/www.sonoraenequipo.com.mx\/en-mexico-todavia-hay-3-9-millones-de-analfabetos-en-veracruz-son-casi-500-mil\/#primaryimage"},"thumbnailUrl":"https:\/\/www.sonoraenequipo.com.mx\/storage\/2026\/09\/inea-1.jpg","datePublished":"2026-09-06T17:30:13+00:00","dateModified":"2026-09-06T20:26:04+00:00","description":"CIUDAD DE M\u00c9XICO. MX. \u2014 A 45 a\u00f1os de su creaci\u00f3n, el Instituto Nacional para la Educaci\u00f3n de los Adultos (INEA) a\u00fan enfrenta el desaf\u00edo de atener a 27 En Sonora en Equipo publicamos toda la informaci\u00f3n de Sonora, M\u00e9xico y el Mundo de manera oportuna y busca que la libertad de expresi\u00f3n sea real. Visita nuestro medio informativo publicado desde Hermosillo, Sonora. %","breadcrumb":{"@id":"https:\/\/www.sonoraenequipo.com.mx\/en-mexico-todavia-hay-3-9-millones-de-analfabetos-en-veracruz-son-casi-500-mil\/#breadcrumb"},"inLanguage":"es","potentialAction":[{"@type":"ReadAction","target":["https:\/\/www.sonoraenequipo.com.mx\/en-mexico-todavia-hay-3-9-millones-de-analfabetos-en-veracruz-son-casi-500-mil\/"]}]},{"@type":"ImageObject","inLanguage":"es","@id":"https:\/\/www.sonoraenequipo.com.mx\/en-mexico-todavia-hay-3-9-millones-de-analfabetos-en-veracruz-son-casi-500-mil\/#primaryimage","url":"https:\/\/www.sonoraenequipo.com.mx\/storage\/2026\/09\/inea-1.jpg","contentUrl":"https:\/\/www.sonoraenequipo.com.mx\/storage\/2026\/09\/inea-1.jpg","width":1000,"height":577},{"@type":"BreadcrumbList","@id":"https:\/\/www.sonoraenequipo.com.mx\/en-mexico-todavia-hay-3-9-millones-de-analfabetos-en-veracruz-son-casi-500-mil\/#breadcrumb","itemListElement":[{"@type":"ListItem","position":1,"name":"Portada","item":"https:\/\/www.sonoraenequipo.com.mx\/"},{"@type":"ListItem","position":2,"name":"En M\u00e9xico todav\u00eda hay 3.9 millones de analfabetos; en Veracruz, son casi 500 mil"}]},{"@type":"WebSite","@id":"https:\/\/www.sonoraenequipo.com.mx\/#website","url":"https:\/\/www.sonoraenequipo.com.mx\/","name":"Sonora en Equipo.","description":"Diario en l\u00ednea con Noticias desde Hermosillo, Sonora","publisher":{"@id":"https:\/\/www.sonoraenequipo.com.mx\/#organization"},"potentialAction":[{"@type":"SearchAction","target":{"@type":"EntryPoint","urlTemplate":"https:\/\/www.sonoraenequipo.com.mx\/?s={search_term_string}"},"query-input":{"@type":"PropertyValueSpecification","valueRequired":true,"valueName":"search_term_string"}}],"inLanguage":"es"},{"@type":"Organization","@id":"https:\/\/www.sonoraenequipo.com.mx\/#organization","name":"Sonoraenequipo.com.mx","url":"https:\/\/www.sonoraenequipo.com.mx\/","logo":{"@type":"ImageObject","inLanguage":"es","@id":"https:\/\/www.sonoraenequipo.com.mx\/#\/schema\/logo\/image\/","url":"https:\/\/www.sonoraenequipo.com.mx\/storage\/2019\/01\/sonoraenequipo_opt.png","contentUrl":"https:\/\/www.sonoraenequipo.com.mx\/storage\/2019\/01\/sonoraenequipo_opt.png","width":375,"height":125,"caption":"Sonoraenequipo.com.mx"},"image":{"@id":"https:\/\/www.sonoraenequipo.com.mx\/#\/schema\/logo\/image\/"},"sameAs":["https:\/\/www.facebook.com\/SonoraEE\/","https:\/\/x.com\/sonoraenequipo","https:\/\/www.youtube.com\/channel\/UC338nW-lPEYmJQs4ZABQ1SQ"]},{"@type":"Person","@id":"https:\/\/www.sonoraenequipo.com.mx\/#\/schema\/person\/50102df0fb23a8fa9e8effad8fa81386","name":"enequipo","image":{"@type":"ImageObject","inLanguage":"es","@id":"https:\/\/www.sonoraenequipo.com.mx\/#\/schema\/person\/image\/","url":"https:\/\/secure.gravatar.com\/avatar\/049821681b589dabc0bc20695993ccebb09f5b5d4d790cd9251b97faac7c652b?s=96&d=blank&r=g","contentUrl":"https:\/\/secure.gravatar.com\/avatar\/049821681b589dabc0bc20695993ccebb09f5b5d4d790cd9251b97faac7c652b?s=96&d=blank&r=g","caption":"enequipo"},"sameAs":["https:\/\/www.facebook.com\/SonoraEE"]}]}},"jetpack_featured_media_url":"https:\/\/www.sonoraenequipo.com.mx\/storage\/2026\/09\/inea-1.jpg","_links":{"self":[{"href":"https:\/\/www.sonoraenequipo.com.mx\/api\/wp\/v2\/posts\/251707","targetHints":{"allow":["GET"]}}],"collection":[{"href":"https:\/\/www.sonoraenequipo.com.mx\/api\/wp\/v2\/posts"}],"about":[{"href":"https:\/\/www.sonoraenequipo.com.mx\/api\/wp\/v2\/types\/post"}],"author":[{"embeddable":true,"href":"https:\/\/www.sonoraenequipo.com.mx\/api\/wp\/v2\/users\/1"}],"replies":[{"embeddable":true,"href":"https:\/\/www.sonoraenequipo.com.mx\/api\/wp\/v2\/comments?post=251707"}],"version-history":[{"count":1,"href":"https:\/\/www.sonoraenequipo.com.mx\/api\/wp\/v2\/posts\/251707\/revisions"}],"predecessor-version":[{"id":251722,"href":"https:\/\/www.sonoraenequipo.com.mx\/api\/wp\/v2\/posts\/251707\/revisions\/251722"}],"wp:featuredmedia":[{"embeddable":true,"href":"https:\/\/www.sonoraenequipo.com.mx\/api\/wp\/v2\/media\/251721"}],"wp:attachment":[{"href":"https:\/\/www.sonoraenequipo.com.mx\/api\/wp\/v2\/media?parent=251707"}],"wp:term":[{"taxonomy":"category","embeddable":true,"href":"https:\/\/www.sonoraenequipo.com.mx\/api\/wp\/v2\/categories?post=251707"},{"taxonomy":"post_tag","embeddable":true,"href":"https:\/\/www.sonoraenequipo.com.mx\/api\/wp\/v2\/tags?post=251707"}],"curies":[{"name":"wp","href":"https:\/\/api.w.org\/{rel}","templated":true}]}}