{"id":251723,"date":"2026-09-06T11:22:11","date_gmt":"2026-09-06T18:22:11","guid":{"rendered":"https:\/\/www.sonoraenequipo.com.mx\/?p=251723"},"modified":"2026-09-06T13:41:22","modified_gmt":"2026-09-06T20:41:22","slug":"bc-instalo-mesa-permanente-de-proteccion-civil-para-evaluar-riesgos-del-super-nino","status":"publish","type":"post","link":"https:\/\/www.sonoraenequipo.com.mx\/bc-instalo-mesa-permanente-de-proteccion-civil-para-evaluar-riesgos-del-super-nino\/","title":{"rendered":"BC instal\u00f3 Mesa Permanente de Protecci\u00f3n Civil para evaluar riesgos del &#8216;S\u00faper Ni\u00f1o&#8217;"},"content":{"rendered":"<p><strong>MEXICALI, BAJA CALIFORNIA. MX. \u2014 <\/strong> Con el prop\u00f3sito de evaluar riesgos y coordinar acciones preventivas ante el fen\u00f3meno El Ni\u00f1o, se instal\u00f3 en Baja California la Mesa Permanente de Protecci\u00f3n Civil para la atenci\u00f3n de emergencias.<\/p>\n<p>&nbsp;<\/p>\n<p>&nbsp;<\/p>\n<p> <\/p>\n<p>Esta Mesa Permanente permitir\u00e1 mantener la comunicaci\u00f3n y coordinaci\u00f3n entre las dependencias responsables, anticipar posibles escenarios de riesgo, proteger a la poblaci\u00f3n y actuar oportunamente ante cualquier eventualidad, se\u00f1al\u00f3 la gobernadora Marina del Pilar \u00c1vila.<\/p>\n<p>&nbsp;<\/p>\n<p>En la primera sesi\u00f3n se revis\u00f3 el diagn\u00f3stico de las condiciones actuales de la infraestructura h\u00eddrica y pluvial, as\u00ed como las medidas para reducir riesgos y mejorar la capacidad de respuesta ante posibles contingencias.<\/p>\n<p>&nbsp;<\/p>\n<p>El reporte del Servicio Meteorol\u00f3gico Nacional de la Comisi\u00f3n Nacional del Agua, las condiciones est\u00e1n relacionadas con la interacci\u00f3n del fen\u00f3meno El Ni\u00f1o, el monz\u00f3n mexicano en el noroeste del pa\u00eds y la divergencia en altura, adem\u00e1s del desplazamiento del hurac\u00e1n Marie al suroeste de Baja California Sur.<\/p>\n<p>&nbsp;<\/p>\n<p>Entre los acuerdos de la primera sesi\u00f3n se estableci\u00f3 el desarrollo de un protocolo espec\u00edfico de actuaci\u00f3n ante las condiciones asociadas al fen\u00f3meno denominado S\u00faper Ni\u00f1o, con el prop\u00f3sito de definir medidas preventivas, mecanismos de coordinaci\u00f3n y acciones de respuesta ante posibles contingencias.<\/p>\n<p>&nbsp;<\/p>\n<p>El coordinador de Gabinete, Ariel Liz\u00e1rraga, inform\u00f3 que la Secretar\u00eda de Inclusi\u00f3n y la Secretar\u00eda de Bienestar realizaron un censo que permiti\u00f3 identificar a 131 personas en situaci\u00f3n de calle que permanecen en la canalizaci\u00f3n del R\u00edo Tijuana.<\/p>\n<p>&nbsp;<\/p>\n<p>Precis\u00f3 que la posible reubicaci\u00f3n preventiva est\u00e1 enfocada en las personas identificadas en dicho censo, debido al riesgo que representa permanecer en la canalizaci\u00f3n ante la presencia de lluvias. Tambi\u00e9n se considera habilitar albergues para brindarles resguardo y atenci\u00f3n.<\/p>\n<p>&nbsp;<\/p>\n<p>El titular de Protecci\u00f3n Civil Estatal, Ignacio Lozoya, explic\u00f3 que este escenario podr\u00eda generar lluvias aisladas y chubascos con posibles descargas el\u00e9ctricas, adem\u00e1s de precipitaciones dispersas en la entidad<\/p>\n<p>&nbsp;<\/p>\n<p>De manera preventiva mantienen un monitoreo en puntos de riesgo por parte del Instituto de Movilidad Sustentable, de la Secretar\u00eda para el Manejo, Saneamiento y Protecci\u00f3n del Agua, y las Comisiones Estatales de Servicios P\u00fablicos, organismos de administraci\u00f3n del agua en la entidad.<\/p>\n<p>&nbsp;<\/p>\n<p>&nbsp;<\/p>\n<p>Se pidi\u00f3 a los ciudadanos a contar con un botiqu\u00edn de primeros auxilios, mantener protegidos los alimentos y el agua, resguardar a mascotas y eliminar el agua estancada para prevenir riesgos para la salud.<\/p>\n<p>&nbsp;<\/p>\n<p>&nbsp;<\/p>\n<p>El secretario general de Gobierno, Juan Jos\u00e9 Pon, llam\u00f3 a la poblaci\u00f3n a extremar precauciones al conducir, evitar cruzar arroyos o zonas inundadas y reportar cualquier emergencia.<\/p>\n<p>&nbsp;<\/p>\n<p>PUBLICADO EL 06 DE SEPT 2026 Con informaci\u00f3n de La Jornada \/Antonio Heras)<\/p>\n","protected":false},"excerpt":{"rendered":"<p>MEXICALI, BAJA CALIFORNIA. MX. \u2014 Con el prop\u00f3sito de evaluar riesgos y coordinar acciones preventivas&#8230;<\/p>\n","protected":false},"author":1,"featured_media":251724,"comment_status":"open","ping_status":"open","sticky":false,"template":"","format":"standard","meta":{"_monsterinsights_skip_tracking":false,"_monsterinsights_sitenote_active":false,"_monsterinsights_sitenote_note":"","_monsterinsights_sitenote_category":0,"footnotes":""},"categories":[5],"tags":[],"class_list":["post"],"yoast_head":" \n<title>Sonora en Equipo. BC instal\u00f3 Mesa Permanente de Protecci\u00f3n Civil para evaluar riesgos del &#039;S\u00faper Ni\u00f1o&#039; Rep\u00fablica<\/title>\n<meta name=\"description\" content=\"MEXICALI, BAJA CALIFORNIA. MX. \u2014 Con el prop\u00f3sito de evaluar riesgos y coordinar acciones preventivas ante el fen\u00f3meno El Ni\u00f1o, se instal\u00f3 en Baja En Sonora en Equipo publicamos toda la informaci\u00f3n de Sonora, M\u00e9xico y el Mundo de manera oportuna y busca que la libertad de expresi\u00f3n sea real. Visita nuestro medio informativo publicado desde Hermosillo, Sonora. %\" \/>\n<meta name=\"robots\" content=\"index, follow, max-snippet:-1, max-image-preview:large, max-video-preview:-1\" \/>\n<link rel=\"canonical\" href=\"https:\/\/www.sonoraenequipo.com.mx\/bc-instalo-mesa-permanente-de-proteccion-civil-para-evaluar-riesgos-del-super-nino\/\" \/>\n<meta property=\"og:locale\" content=\"es_ES\" \/>\n<meta property=\"og:type\" content=\"article\" \/>\n<meta property=\"og:title\" content=\"Sonora en Equipo. BC instal\u00f3 Mesa Permanente de Protecci\u00f3n Civil para evaluar riesgos del &#039;S\u00faper Ni\u00f1o&#039; Rep\u00fablica\" \/>\n<meta property=\"og:description\" content=\"MEXICALI, BAJA CALIFORNIA. MX. \u2014 Con el prop\u00f3sito de evaluar riesgos y coordinar acciones preventivas ante el fen\u00f3meno El Ni\u00f1o, se instal\u00f3 en Baja En Sonora en Equipo publicamos toda la informaci\u00f3n de Sonora, M\u00e9xico y el Mundo de manera oportuna y busca que la libertad de expresi\u00f3n sea real. Visita nuestro medio informativo publicado desde Hermosillo, Sonora. %\" \/>\n<meta property=\"og:url\" content=\"https:\/\/www.sonoraenequipo.com.mx\/bc-instalo-mesa-permanente-de-proteccion-civil-para-evaluar-riesgos-del-super-nino\/\" \/>\n<meta property=\"og:site_name\" content=\"Sonora en Equipo.\" \/>\n<meta property=\"article:publisher\" content=\"https:\/\/www.facebook.com\/SonoraEE\/\" \/>\n<meta property=\"article:author\" content=\"https:\/\/www.facebook.com\/SonoraEE\" \/>\n<meta property=\"article:published_time\" content=\"2026-09-06T18:22:11+00:00\" \/>\n<meta property=\"article:modified_time\" content=\"2026-09-06T20:41:22+00:00\" \/>\n<meta property=\"og:image\" content=\"https:\/\/www.sonoraenequipo.com.mx\/storage\/2026\/09\/marina-del-pilar-1.jpg\" \/>\n\t<meta property=\"og:image:width\" content=\"1000\" \/>\n\t<meta property=\"og:image:height\" content=\"597\" \/>\n\t<meta property=\"og:image:type\" content=\"image\/jpeg\" \/>\n<meta name=\"author\" content=\"enequipo\" \/>\n<meta name=\"twitter:card\" content=\"summary_large_image\" \/>\n<meta name=\"twitter:creator\" content=\"@sonoraenequipo\" \/>\n<meta name=\"twitter:site\" content=\"@sonoraenequipo\" \/>\n<meta name=\"twitter:label1\" content=\"Escrito por\" \/>\n\t<meta name=\"twitter:data1\" content=\"enequipo\" \/>\n\t<meta name=\"twitter:label2\" content=\"Tiempo de lectura\" \/>\n\t<meta name=\"twitter:data2\" content=\"2 minutos\" \/>\n<script type=\"application\/ld+json\" class=\"yoast-schema-graph\">{\"@context\":\"https:\/\/schema.org\",\"@graph\":[{\"@type\":\"Article\",\"@id\":\"https:\/\/www.sonoraenequipo.com.mx\/bc-instalo-mesa-permanente-de-proteccion-civil-para-evaluar-riesgos-del-super-nino\/#article\",\"isPartOf\":{\"@id\":\"https:\/\/www.sonoraenequipo.com.mx\/bc-instalo-mesa-permanente-de-proteccion-civil-para-evaluar-riesgos-del-super-nino\/\"},\"author\":{\"name\":\"enequipo\",\"@id\":\"https:\/\/www.sonoraenequipo.com.mx\/#\/schema\/person\/50102df0fb23a8fa9e8effad8fa81386\"},\"headline\":\"BC instal\u00f3 Mesa Permanente de Protecci\u00f3n Civil para evaluar riesgos del &#8216;S\u00faper Ni\u00f1o&#8217;\",\"datePublished\":\"2026-09-06T18:22:11+00:00\",\"dateModified\":\"2026-09-06T20:41:22+00:00\",\"mainEntityOfPage\":{\"@id\":\"https:\/\/www.sonoraenequipo.com.mx\/bc-instalo-mesa-permanente-de-proteccion-civil-para-evaluar-riesgos-del-super-nino\/\"},\"wordCount\":497,\"commentCount\":0,\"publisher\":{\"@id\":\"https:\/\/www.sonoraenequipo.com.mx\/#organization\"},\"image\":{\"@id\":\"https:\/\/www.sonoraenequipo.com.mx\/bc-instalo-mesa-permanente-de-proteccion-civil-para-evaluar-riesgos-del-super-nino\/#primaryimage\"},\"thumbnailUrl\":\"https:\/\/www.sonoraenequipo.com.mx\/storage\/2026\/09\/marina-del-pilar-1.jpg\",\"articleSection\":[\"Rep\u00fablica\"],\"inLanguage\":\"es\",\"potentialAction\":[{\"@type\":\"CommentAction\",\"name\":\"Comment\",\"target\":[\"https:\/\/www.sonoraenequipo.com.mx\/bc-instalo-mesa-permanente-de-proteccion-civil-para-evaluar-riesgos-del-super-nino\/#respond\"]}]},{\"@type\":\"WebPage\",\"@id\":\"https:\/\/www.sonoraenequipo.com.mx\/bc-instalo-mesa-permanente-de-proteccion-civil-para-evaluar-riesgos-del-super-nino\/\",\"url\":\"https:\/\/www.sonoraenequipo.com.mx\/bc-instalo-mesa-permanente-de-proteccion-civil-para-evaluar-riesgos-del-super-nino\/\",\"name\":\"Sonora en Equipo. BC instal\u00f3 Mesa Permanente de Protecci\u00f3n Civil para evaluar riesgos del 'S\u00faper Ni\u00f1o' Rep\u00fablica\",\"isPartOf\":{\"@id\":\"https:\/\/www.sonoraenequipo.com.mx\/#website\"},\"primaryImageOfPage\":{\"@id\":\"https:\/\/www.sonoraenequipo.com.mx\/bc-instalo-mesa-permanente-de-proteccion-civil-para-evaluar-riesgos-del-super-nino\/#primaryimage\"},\"image\":{\"@id\":\"https:\/\/www.sonoraenequipo.com.mx\/bc-instalo-mesa-permanente-de-proteccion-civil-para-evaluar-riesgos-del-super-nino\/#primaryimage\"},\"thumbnailUrl\":\"https:\/\/www.sonoraenequipo.com.mx\/storage\/2026\/09\/marina-del-pilar-1.jpg\",\"datePublished\":\"2026-09-06T18:22:11+00:00\",\"dateModified\":\"2026-09-06T20:41:22+00:00\",\"description\":\"MEXICALI, BAJA CALIFORNIA. MX. \u2014 Con el prop\u00f3sito de evaluar riesgos y coordinar acciones preventivas ante el fen\u00f3meno El Ni\u00f1o, se instal\u00f3 en Baja En Sonora en Equipo publicamos toda la informaci\u00f3n de Sonora, M\u00e9xico y el Mundo de manera oportuna y busca que la libertad de expresi\u00f3n sea real. Visita nuestro medio informativo publicado desde Hermosillo, Sonora. %\",\"breadcrumb\":{\"@id\":\"https:\/\/www.sonoraenequipo.com.mx\/bc-instalo-mesa-permanente-de-proteccion-civil-para-evaluar-riesgos-del-super-nino\/#breadcrumb\"},\"inLanguage\":\"es\",\"potentialAction\":[{\"@type\":\"ReadAction\",\"target\":[\"https:\/\/www.sonoraenequipo.com.mx\/bc-instalo-mesa-permanente-de-proteccion-civil-para-evaluar-riesgos-del-super-nino\/\"]}]},{\"@type\":\"ImageObject\",\"inLanguage\":\"es\",\"@id\":\"https:\/\/www.sonoraenequipo.com.mx\/bc-instalo-mesa-permanente-de-proteccion-civil-para-evaluar-riesgos-del-super-nino\/#primaryimage\",\"url\":\"https:\/\/www.sonoraenequipo.com.mx\/storage\/2026\/09\/marina-del-pilar-1.jpg\",\"contentUrl\":\"https:\/\/www.sonoraenequipo.com.mx\/storage\/2026\/09\/marina-del-pilar-1.jpg\",\"width\":1000,\"height\":597},{\"@type\":\"BreadcrumbList\",\"@id\":\"https:\/\/www.sonoraenequipo.com.mx\/bc-instalo-mesa-permanente-de-proteccion-civil-para-evaluar-riesgos-del-super-nino\/#breadcrumb\",\"itemListElement\":[{\"@type\":\"ListItem\",\"position\":1,\"name\":\"Portada\",\"item\":\"https:\/\/www.sonoraenequipo.com.mx\/\"},{\"@type\":\"ListItem\",\"position\":2,\"name\":\"BC instal\u00f3 Mesa Permanente de Protecci\u00f3n Civil para evaluar riesgos del &#8216;S\u00faper Ni\u00f1o&#8217;\"}]},{\"@type\":\"WebSite\",\"@id\":\"https:\/\/www.sonoraenequipo.com.mx\/#website\",\"url\":\"https:\/\/www.sonoraenequipo.com.mx\/\",\"name\":\"Sonora en Equipo.\",\"description\":\"Diario en l\u00ednea con Noticias desde Hermosillo, Sonora\",\"publisher\":{\"@id\":\"https:\/\/www.sonoraenequipo.com.mx\/#organization\"},\"potentialAction\":[{\"@type\":\"SearchAction\",\"target\":{\"@type\":\"EntryPoint\",\"urlTemplate\":\"https:\/\/www.sonoraenequipo.com.mx\/?s={search_term_string}\"},\"query-input\":{\"@type\":\"PropertyValueSpecification\",\"valueRequired\":true,\"valueName\":\"search_term_string\"}}],\"inLanguage\":\"es\"},{\"@type\":\"Organization\",\"@id\":\"https:\/\/www.sonoraenequipo.com.mx\/#organization\",\"name\":\"Sonoraenequipo.com.mx\",\"url\":\"https:\/\/www.sonoraenequipo.com.mx\/\",\"logo\":{\"@type\":\"ImageObject\",\"inLanguage\":\"es\",\"@id\":\"https:\/\/www.sonoraenequipo.com.mx\/#\/schema\/logo\/image\/\",\"url\":\"https:\/\/www.sonoraenequipo.com.mx\/storage\/2019\/01\/sonoraenequipo_opt.png\",\"contentUrl\":\"https:\/\/www.sonoraenequipo.com.mx\/storage\/2019\/01\/sonoraenequipo_opt.png\",\"width\":375,\"height\":125,\"caption\":\"Sonoraenequipo.com.mx\"},\"image\":{\"@id\":\"https:\/\/www.sonoraenequipo.com.mx\/#\/schema\/logo\/image\/\"},\"sameAs\":[\"https:\/\/www.facebook.com\/SonoraEE\/\",\"https:\/\/x.com\/sonoraenequipo\",\"https:\/\/www.youtube.com\/channel\/UC338nW-lPEYmJQs4ZABQ1SQ\"]},{\"@type\":\"Person\",\"@id\":\"https:\/\/www.sonoraenequipo.com.mx\/#\/schema\/person\/50102df0fb23a8fa9e8effad8fa81386\",\"name\":\"enequipo\",\"image\":{\"@type\":\"ImageObject\",\"inLanguage\":\"es\",\"@id\":\"https:\/\/www.sonoraenequipo.com.mx\/#\/schema\/person\/image\/\",\"url\":\"https:\/\/secure.gravatar.com\/avatar\/049821681b589dabc0bc20695993ccebb09f5b5d4d790cd9251b97faac7c652b?s=96&d=blank&r=g\",\"contentUrl\":\"https:\/\/secure.gravatar.com\/avatar\/049821681b589dabc0bc20695993ccebb09f5b5d4d790cd9251b97faac7c652b?s=96&d=blank&r=g\",\"caption\":\"enequipo\"},\"sameAs\":[\"https:\/\/www.facebook.com\/SonoraEE\"]}]}<\/script>\n ","yoast_head_json":{"title":"Sonora en Equipo. BC instal\u00f3 Mesa Permanente de Protecci\u00f3n Civil para evaluar riesgos del 'S\u00faper Ni\u00f1o' Rep\u00fablica","description":"MEXICALI, BAJA CALIFORNIA. MX. \u2014 Con el prop\u00f3sito de evaluar riesgos y coordinar acciones preventivas ante el fen\u00f3meno El Ni\u00f1o, se instal\u00f3 en Baja En Sonora en Equipo publicamos toda la informaci\u00f3n de Sonora, M\u00e9xico y el Mundo de manera oportuna y busca que la libertad de expresi\u00f3n sea real. Visita nuestro medio informativo publicado desde Hermosillo, Sonora. %","robots":{"index":"index","follow":"follow","max-snippet":"max-snippet:-1","max-image-preview":"max-image-preview:large","max-video-preview":"max-video-preview:-1"},"canonical":"https:\/\/www.sonoraenequipo.com.mx\/bc-instalo-mesa-permanente-de-proteccion-civil-para-evaluar-riesgos-del-super-nino\/","og_locale":"es_ES","og_type":"article","og_title":"Sonora en Equipo. BC instal\u00f3 Mesa Permanente de Protecci\u00f3n Civil para evaluar riesgos del 'S\u00faper Ni\u00f1o' Rep\u00fablica","og_description":"MEXICALI, BAJA CALIFORNIA. MX. \u2014 Con el prop\u00f3sito de evaluar riesgos y coordinar acciones preventivas ante el fen\u00f3meno El Ni\u00f1o, se instal\u00f3 en Baja En Sonora en Equipo publicamos toda la informaci\u00f3n de Sonora, M\u00e9xico y el Mundo de manera oportuna y busca que la libertad de expresi\u00f3n sea real. Visita nuestro medio informativo publicado desde Hermosillo, Sonora. %","og_url":"https:\/\/www.sonoraenequipo.com.mx\/bc-instalo-mesa-permanente-de-proteccion-civil-para-evaluar-riesgos-del-super-nino\/","og_site_name":"Sonora en Equipo.","article_publisher":"https:\/\/www.facebook.com\/SonoraEE\/","article_author":"https:\/\/www.facebook.com\/SonoraEE","article_published_time":"2026-09-06T18:22:11+00:00","article_modified_time":"2026-09-06T20:41:22+00:00","og_image":[{"width":1000,"height":597,"url":"https:\/\/www.sonoraenequipo.com.mx\/storage\/2026\/09\/marina-del-pilar-1.jpg","type":"image\/jpeg"}],"author":"enequipo","twitter_card":"summary_large_image","twitter_creator":"@sonoraenequipo","twitter_site":"@sonoraenequipo","twitter_misc":{"Escrito por":"enequipo","Tiempo de lectura":"2 minutos"},"schema":{"@context":"https:\/\/schema.org","@graph":[{"@type":"Article","@id":"https:\/\/www.sonoraenequipo.com.mx\/bc-instalo-mesa-permanente-de-proteccion-civil-para-evaluar-riesgos-del-super-nino\/#article","isPartOf":{"@id":"https:\/\/www.sonoraenequipo.com.mx\/bc-instalo-mesa-permanente-de-proteccion-civil-para-evaluar-riesgos-del-super-nino\/"},"author":{"name":"enequipo","@id":"https:\/\/www.sonoraenequipo.com.mx\/#\/schema\/person\/50102df0fb23a8fa9e8effad8fa81386"},"headline":"BC instal\u00f3 Mesa Permanente de Protecci\u00f3n Civil para evaluar riesgos del &#8216;S\u00faper Ni\u00f1o&#8217;","datePublished":"2026-09-06T18:22:11+00:00","dateModified":"2026-09-06T20:41:22+00:00","mainEntityOfPage":{"@id":"https:\/\/www.sonoraenequipo.com.mx\/bc-instalo-mesa-permanente-de-proteccion-civil-para-evaluar-riesgos-del-super-nino\/"},"wordCount":497,"commentCount":0,"publisher":{"@id":"https:\/\/www.sonoraenequipo.com.mx\/#organization"},"image":{"@id":"https:\/\/www.sonoraenequipo.com.mx\/bc-instalo-mesa-permanente-de-proteccion-civil-para-evaluar-riesgos-del-super-nino\/#primaryimage"},"thumbnailUrl":"https:\/\/www.sonoraenequipo.com.mx\/storage\/2026\/09\/marina-del-pilar-1.jpg","articleSection":["Rep\u00fablica"],"inLanguage":"es","potentialAction":[{"@type":"CommentAction","name":"Comment","target":["https:\/\/www.sonoraenequipo.com.mx\/bc-instalo-mesa-permanente-de-proteccion-civil-para-evaluar-riesgos-del-super-nino\/#respond"]}]},{"@type":"WebPage","@id":"https:\/\/www.sonoraenequipo.com.mx\/bc-instalo-mesa-permanente-de-proteccion-civil-para-evaluar-riesgos-del-super-nino\/","url":"https:\/\/www.sonoraenequipo.com.mx\/bc-instalo-mesa-permanente-de-proteccion-civil-para-evaluar-riesgos-del-super-nino\/","name":"Sonora en Equipo. BC instal\u00f3 Mesa Permanente de Protecci\u00f3n Civil para evaluar riesgos del 'S\u00faper Ni\u00f1o' Rep\u00fablica","isPartOf":{"@id":"https:\/\/www.sonoraenequipo.com.mx\/#website"},"primaryImageOfPage":{"@id":"https:\/\/www.sonoraenequipo.com.mx\/bc-instalo-mesa-permanente-de-proteccion-civil-para-evaluar-riesgos-del-super-nino\/#primaryimage"},"image":{"@id":"https:\/\/www.sonoraenequipo.com.mx\/bc-instalo-mesa-permanente-de-proteccion-civil-para-evaluar-riesgos-del-super-nino\/#primaryimage"},"thumbnailUrl":"https:\/\/www.sonoraenequipo.com.mx\/storage\/2026\/09\/marina-del-pilar-1.jpg","datePublished":"2026-09-06T18:22:11+00:00","dateModified":"2026-09-06T20:41:22+00:00","description":"MEXICALI, BAJA CALIFORNIA. MX. \u2014 Con el prop\u00f3sito de evaluar riesgos y coordinar acciones preventivas ante el fen\u00f3meno El Ni\u00f1o, se instal\u00f3 en Baja En Sonora en Equipo publicamos toda la informaci\u00f3n de Sonora, M\u00e9xico y el Mundo de manera oportuna y busca que la libertad de expresi\u00f3n sea real. Visita nuestro medio informativo publicado desde Hermosillo, Sonora. %","breadcrumb":{"@id":"https:\/\/www.sonoraenequipo.com.mx\/bc-instalo-mesa-permanente-de-proteccion-civil-para-evaluar-riesgos-del-super-nino\/#breadcrumb"},"inLanguage":"es","potentialAction":[{"@type":"ReadAction","target":["https:\/\/www.sonoraenequipo.com.mx\/bc-instalo-mesa-permanente-de-proteccion-civil-para-evaluar-riesgos-del-super-nino\/"]}]},{"@type":"ImageObject","inLanguage":"es","@id":"https:\/\/www.sonoraenequipo.com.mx\/bc-instalo-mesa-permanente-de-proteccion-civil-para-evaluar-riesgos-del-super-nino\/#primaryimage","url":"https:\/\/www.sonoraenequipo.com.mx\/storage\/2026\/09\/marina-del-pilar-1.jpg","contentUrl":"https:\/\/www.sonoraenequipo.com.mx\/storage\/2026\/09\/marina-del-pilar-1.jpg","width":1000,"height":597},{"@type":"BreadcrumbList","@id":"https:\/\/www.sonoraenequipo.com.mx\/bc-instalo-mesa-permanente-de-proteccion-civil-para-evaluar-riesgos-del-super-nino\/#breadcrumb","itemListElement":[{"@type":"ListItem","position":1,"name":"Portada","item":"https:\/\/www.sonoraenequipo.com.mx\/"},{"@type":"ListItem","position":2,"name":"BC instal\u00f3 Mesa Permanente de Protecci\u00f3n Civil para evaluar riesgos del &#8216;S\u00faper Ni\u00f1o&#8217;"}]},{"@type":"WebSite","@id":"https:\/\/www.sonoraenequipo.com.mx\/#website","url":"https:\/\/www.sonoraenequipo.com.mx\/","name":"Sonora en Equipo.","description":"Diario en l\u00ednea con Noticias desde Hermosillo, Sonora","publisher":{"@id":"https:\/\/www.sonoraenequipo.com.mx\/#organization"},"potentialAction":[{"@type":"SearchAction","target":{"@type":"EntryPoint","urlTemplate":"https:\/\/www.sonoraenequipo.com.mx\/?s={search_term_string}"},"query-input":{"@type":"PropertyValueSpecification","valueRequired":true,"valueName":"search_term_string"}}],"inLanguage":"es"},{"@type":"Organization","@id":"https:\/\/www.sonoraenequipo.com.mx\/#organization","name":"Sonoraenequipo.com.mx","url":"https:\/\/www.sonoraenequipo.com.mx\/","logo":{"@type":"ImageObject","inLanguage":"es","@id":"https:\/\/www.sonoraenequipo.com.mx\/#\/schema\/logo\/image\/","url":"https:\/\/www.sonoraenequipo.com.mx\/storage\/2019\/01\/sonoraenequipo_opt.png","contentUrl":"https:\/\/www.sonoraenequipo.com.mx\/storage\/2019\/01\/sonoraenequipo_opt.png","width":375,"height":125,"caption":"Sonoraenequipo.com.mx"},"image":{"@id":"https:\/\/www.sonoraenequipo.com.mx\/#\/schema\/logo\/image\/"},"sameAs":["https:\/\/www.facebook.com\/SonoraEE\/","https:\/\/x.com\/sonoraenequipo","https:\/\/www.youtube.com\/channel\/UC338nW-lPEYmJQs4ZABQ1SQ"]},{"@type":"Person","@id":"https:\/\/www.sonoraenequipo.com.mx\/#\/schema\/person\/50102df0fb23a8fa9e8effad8fa81386","name":"enequipo","image":{"@type":"ImageObject","inLanguage":"es","@id":"https:\/\/www.sonoraenequipo.com.mx\/#\/schema\/person\/image\/","url":"https:\/\/secure.gravatar.com\/avatar\/049821681b589dabc0bc20695993ccebb09f5b5d4d790cd9251b97faac7c652b?s=96&d=blank&r=g","contentUrl":"https:\/\/secure.gravatar.com\/avatar\/049821681b589dabc0bc20695993ccebb09f5b5d4d790cd9251b97faac7c652b?s=96&d=blank&r=g","caption":"enequipo"},"sameAs":["https:\/\/www.facebook.com\/SonoraEE"]}]}},"jetpack_featured_media_url":"https:\/\/www.sonoraenequipo.com.mx\/storage\/2026\/09\/marina-del-pilar-1.jpg","_links":{"self":[{"href":"https:\/\/www.sonoraenequipo.com.mx\/api\/wp\/v2\/posts\/251723","targetHints":{"allow":["GET"]}}],"collection":[{"href":"https:\/\/www.sonoraenequipo.com.mx\/api\/wp\/v2\/posts"}],"about":[{"href":"https:\/\/www.sonoraenequipo.com.mx\/api\/wp\/v2\/types\/post"}],"author":[{"embeddable":true,"href":"https:\/\/www.sonoraenequipo.com.mx\/api\/wp\/v2\/users\/1"}],"replies":[{"embeddable":true,"href":"https:\/\/www.sonoraenequipo.com.mx\/api\/wp\/v2\/comments?post=251723"}],"version-history":[{"count":1,"href":"https:\/\/www.sonoraenequipo.com.mx\/api\/wp\/v2\/posts\/251723\/revisions"}],"predecessor-version":[{"id":251725,"href":"https:\/\/www.sonoraenequipo.com.mx\/api\/wp\/v2\/posts\/251723\/revisions\/251725"}],"wp:featuredmedia":[{"embeddable":true,"href":"https:\/\/www.sonoraenequipo.com.mx\/api\/wp\/v2\/media\/251724"}],"wp:attachment":[{"href":"https:\/\/www.sonoraenequipo.com.mx\/api\/wp\/v2\/media?parent=251723"}],"wp:term":[{"taxonomy":"category","embeddable":true,"href":"https:\/\/www.sonoraenequipo.com.mx\/api\/wp\/v2\/categories?post=251723"},{"taxonomy":"post_tag","embeddable":true,"href":"https:\/\/www.sonoraenequipo.com.mx\/api\/wp\/v2\/tags?post=251723"}],"curies":[{"name":"wp","href":"https:\/\/api.w.org\/{rel}","templated":true}]}}