{"id":251726,"date":"2026-09-06T09:18:50","date_gmt":"2026-09-06T16:18:50","guid":{"rendered":"https:\/\/www.sonoraenequipo.com.mx\/?p=251726"},"modified":"2026-09-06T15:55:34","modified_gmt":"2026-09-06T22:55:34","slug":"jornaleros-agricolas-de-bc-sinaloa-y-sonora-sufren-precariedad-e-informalidad-laboral-revela-estudio","status":"publish","type":"post","link":"https:\/\/www.sonoraenequipo.com.mx\/jornaleros-agricolas-de-bc-sinaloa-y-sonora-sufren-precariedad-e-informalidad-laboral-revela-estudio\/","title":{"rendered":"Jornaleros agr\u00edcolas de BC, Sinaloa y Sonora sufren precariedad e informalidad laboral, revela estudio"},"content":{"rendered":"<p><strong>MEXICALI, BAJA CALIFORNIA. MX. \u2014 <\/strong>. Condiciones de precariedad, empleo informal y movilidad laboral se detectaron en Sinaloa, Sonora y Baja California que integran el corredor migratorio del Pac\u00edfico Norte: jornaleros agr\u00edcolas habitan cuarter\u00edas, tienen contratos temporales, trabajan por d\u00eda y les pagan por producci\u00f3n.<\/p>\n<p>&nbsp;<\/p>\n<p>&nbsp;<\/p>\n<p> <\/p>\n<p>Un estudio sobre las condiciones laborales y de vida de jornaleros agr\u00edcolas identific\u00f3 cuarter\u00edas y circuitos de movilidad en Sinaloa, as\u00ed como modalidades de contrataci\u00f3n temporal y trabajo por d\u00eda entre poblaci\u00f3n asentada en Sonora<\/p>\n<p>&nbsp;<\/p>\n<p>El el caso de Baja California se detect\u00f3 una presencia importante de mujeres, movilidad cotidiana y el pago por producci\u00f3n en el Valle de Mexicali, mientras que en San Quint\u00edn hay, otras modalidades de migraci\u00f3n, asentamiento y organizaci\u00f3n comunitaria.<\/p>\n<p>&nbsp;<\/p>\n<p>Se trata de un corredor profundamente heterog\u00e9neo que conecta territorios agr\u00edcolas pero no homogeneiza las experiencias, se\u00f1al\u00f3 la investigadora Lya Ni\u00f1o.<\/p>\n<p>&nbsp;<\/p>\n<p>El proyecto <em><strong>\u00abAn\u00e1lisis multidimensional sobre las condiciones de precariedad, movilidad e informalidad de las personas jornaleras agr\u00edcolas en el corredor migratorio del Pac\u00edfico Norte\u201d<\/strong> <\/em>lo coordina Sheila Azalia Morales con la participaci\u00f3n de Diana Michel Gonz\u00e1lez, Adriana Teresa Moreno, ambas de la Facultad de Ciencias Sociales y Pol\u00edticas de la UABC, y Lya Margarita Ni\u00f1o y Oscar Bernardo Rivera del Instituto de Investigaciones Sociales.<\/p>\n<p>&nbsp;<\/p>\n<p>&nbsp;<\/p>\n<p>La investigaci\u00f3n analiza de manera conjunta precariedad, movilidad e informalidad desde una perspectiva multidimensional e interseccional y parte de reconocer que la poblaci\u00f3n jornalera agr\u00edcola no constituye un grupo homog\u00e9neo pues se articulan de manera distinta el g\u00e9nero, pertenencia \u00e9tnica, lengua, responsabilidades de cuidado, condici\u00f3n migratoria, modalidades de contrataci\u00f3n y territorio.<\/p>\n<p>&nbsp;<\/p>\n<p>&nbsp;<\/p>\n<p>Lya Ni\u00f1o asegura que esta perspectiva permite observar no s\u00f3lo desigualdades y vulnerabilidades, sino tambi\u00e9n conocimientos, redes, capacidades de negociaci\u00f3n y formas de organizaci\u00f3n construidas por las propias personas jornaleras.<\/p>\n<p>&nbsp;<\/p>\n<p>En el segundo a\u00f1o de la investigaci\u00f3n se profundizar\u00e1 el trabajo de campo para conocer a detalle la contrataci\u00f3n, seguridad social, movilidad y el asentamiento, vivienda, transporte, acceso a servicios y cuidados.<\/p>\n<p>&nbsp;<\/p>\n<p>Se busca conocer qui\u00e9n sostiene la vida cuando las personas trabajan o se desplazan, redes familiares y comunitarias que intervienen y las respuestas que ofrecen empresas e instituciones.<\/p>\n<p>&nbsp;<\/p>\n<h3>Antecedentes<\/h3>\n<p>En el Instituto de Investigaciones Sociales de la UABC hay una trayectoria de estudios rurales, entre ellos el trabajo de la investigadora ya fallecida Mercedes Gema L\u00f3pez Lim\u00f3n que contribuy\u00f3 a visibilizar tempranamente el trabajo infantil jornalero.<\/p>\n<p>&nbsp;<\/p>\n<p>Tambi\u00e9n Jos\u00e9 Moreno Mena -investigador ya jubilado- que contribuy\u00f3 a visibilizar el uso de agroqu\u00edmicos en el valle de Mexicali y Lya Margarita Ni\u00f1o Contreras, quienes publicaron en 2004 un estudio comparativo sobre las condiciones de bienestar de las personas trabajadoras agr\u00edcolas en San Quint\u00edn y Mexicali.<\/p>\n<p>&nbsp;<\/p>\n<p>A\u00f1os despu\u00e9s, en 2023, Dina Jael Mendoza y Lya Margarita Ni\u00f1o retomaron la situaci\u00f3n de ni\u00f1as, ni\u00f1os y adolescentes jornaleros del Valle de Mexicali donde mostraron la \u201coportunidad perdida\u201d porque las pol\u00edticas de inocuidad alimentaria y restricciones al trabajo infantil permitieron retirarlos de los campos, pero no resolvieron de manera suficiente y sostenida sus necesidades de cuidado, educaci\u00f3n y acompa\u00f1amiento.<\/p>\n<p>&nbsp;<\/p>\n<p>Para la investigadora mexicalense este conocimiento acumulado sirve para reconocer cambios, permanencias y nuevas preguntas y la participaci\u00f3n de los investigadores Sheila Morales, Diana Gonz\u00e1lez, Adriana Moreno y Oscar Rivera contribuye a renovar esta agenda en t\u00e9rminos generacionales, territoriales y anal\u00edticos.<\/p>\n<p>&nbsp;<\/p>\n<p>El proyecto actual representa as\u00ed una continuidad y, al mismo tiempo, una renovaci\u00f3n de los estudios sobre poblaci\u00f3n jornalera, ampliando la mirada hacia el Corredor Migratorio del Pac\u00edfico Norte y buscando comprender las diversas experiencias de precariedad, movilidad e informalidad sin perder de vista las redes, saberes y estrategias de organizaci\u00f3n de las propias personas jornaleras, sostuvo.<\/p>\n<p>&nbsp;<\/p>\n<p>&nbsp;<\/p>\n<p>PUBLICADO EL 06 DE SEPT 2026 Con informaci\u00f3n de Antonio Heras)<\/p>\n","protected":false},"excerpt":{"rendered":"<p>MEXICALI, BAJA CALIFORNIA. MX. \u2014 . Condiciones de precariedad, empleo informal y movilidad laboral se&#8230;<\/p>\n","protected":false},"author":1,"featured_media":251727,"comment_status":"open","ping_status":"open","sticky":false,"template":"","format":"standard","meta":{"_monsterinsights_skip_tracking":false,"_monsterinsights_sitenote_active":false,"_monsterinsights_sitenote_note":"","_monsterinsights_sitenote_category":0,"footnotes":""},"categories":[5],"tags":[],"class_list":["post"],"yoast_head":" \n<title>Sonora en Equipo. Jornaleros agr\u00edcolas de BC, Sinaloa y Sonora sufren precariedad e informalidad laboral, revela estudio Rep\u00fablica<\/title>\n<meta name=\"description\" content=\"MEXICALI, BAJA CALIFORNIA. MX. \u2014 . Condiciones de precariedad, empleo informal y movilidad laboral se detectaron en Sinaloa, Sonora y Baja California que En Sonora en Equipo publicamos toda la informaci\u00f3n de Sonora, M\u00e9xico y el Mundo de manera oportuna y busca que la libertad de expresi\u00f3n sea real. Visita nuestro medio informativo publicado desde Hermosillo, Sonora. %\" \/>\n<meta name=\"robots\" content=\"index, follow, max-snippet:-1, max-image-preview:large, max-video-preview:-1\" \/>\n<link rel=\"canonical\" href=\"https:\/\/www.sonoraenequipo.com.mx\/jornaleros-agricolas-de-bc-sinaloa-y-sonora-sufren-precariedad-e-informalidad-laboral-revela-estudio\/\" \/>\n<meta property=\"og:locale\" content=\"es_ES\" \/>\n<meta property=\"og:type\" content=\"article\" \/>\n<meta property=\"og:title\" content=\"Sonora en Equipo. Jornaleros agr\u00edcolas de BC, Sinaloa y Sonora sufren precariedad e informalidad laboral, revela estudio Rep\u00fablica\" \/>\n<meta property=\"og:description\" content=\"MEXICALI, BAJA CALIFORNIA. MX. \u2014 . Condiciones de precariedad, empleo informal y movilidad laboral se detectaron en Sinaloa, Sonora y Baja California que En Sonora en Equipo publicamos toda la informaci\u00f3n de Sonora, M\u00e9xico y el Mundo de manera oportuna y busca que la libertad de expresi\u00f3n sea real. Visita nuestro medio informativo publicado desde Hermosillo, Sonora. %\" \/>\n<meta property=\"og:url\" content=\"https:\/\/www.sonoraenequipo.com.mx\/jornaleros-agricolas-de-bc-sinaloa-y-sonora-sufren-precariedad-e-informalidad-laboral-revela-estudio\/\" \/>\n<meta property=\"og:site_name\" content=\"Sonora en Equipo.\" \/>\n<meta property=\"article:publisher\" content=\"https:\/\/www.facebook.com\/SonoraEE\/\" \/>\n<meta property=\"article:author\" content=\"https:\/\/www.facebook.com\/SonoraEE\" \/>\n<meta property=\"article:published_time\" content=\"2026-09-06T16:18:50+00:00\" \/>\n<meta property=\"article:modified_time\" content=\"2026-09-06T22:55:34+00:00\" \/>\n<meta property=\"og:image\" content=\"https:\/\/www.sonoraenequipo.com.mx\/storage\/2026\/09\/jornaleros-agricolas-de-bc-sinaloa-y-sonora-sufren-precariedad.jpg\" \/>\n\t<meta property=\"og:image:width\" content=\"1200\" \/>\n\t<meta property=\"og:image:height\" content=\"848\" \/>\n\t<meta property=\"og:image:type\" content=\"image\/jpeg\" \/>\n<meta name=\"author\" content=\"enequipo\" \/>\n<meta name=\"twitter:card\" content=\"summary_large_image\" \/>\n<meta name=\"twitter:creator\" content=\"@sonoraenequipo\" \/>\n<meta name=\"twitter:site\" content=\"@sonoraenequipo\" \/>\n<meta name=\"twitter:label1\" content=\"Escrito por\" \/>\n\t<meta name=\"twitter:data1\" content=\"enequipo\" \/>\n\t<meta name=\"twitter:label2\" content=\"Tiempo de lectura\" \/>\n\t<meta name=\"twitter:data2\" content=\"3 minutos\" \/>\n<script type=\"application\/ld+json\" class=\"yoast-schema-graph\">{\"@context\":\"https:\/\/schema.org\",\"@graph\":[{\"@type\":\"Article\",\"@id\":\"https:\/\/www.sonoraenequipo.com.mx\/jornaleros-agricolas-de-bc-sinaloa-y-sonora-sufren-precariedad-e-informalidad-laboral-revela-estudio\/#article\",\"isPartOf\":{\"@id\":\"https:\/\/www.sonoraenequipo.com.mx\/jornaleros-agricolas-de-bc-sinaloa-y-sonora-sufren-precariedad-e-informalidad-laboral-revela-estudio\/\"},\"author\":{\"name\":\"enequipo\",\"@id\":\"https:\/\/www.sonoraenequipo.com.mx\/#\/schema\/person\/50102df0fb23a8fa9e8effad8fa81386\"},\"headline\":\"Jornaleros agr\u00edcolas de BC, Sinaloa y Sonora sufren precariedad e informalidad laboral, revela estudio\",\"datePublished\":\"2026-09-06T16:18:50+00:00\",\"dateModified\":\"2026-09-06T22:55:34+00:00\",\"mainEntityOfPage\":{\"@id\":\"https:\/\/www.sonoraenequipo.com.mx\/jornaleros-agricolas-de-bc-sinaloa-y-sonora-sufren-precariedad-e-informalidad-laboral-revela-estudio\/\"},\"wordCount\":692,\"commentCount\":0,\"publisher\":{\"@id\":\"https:\/\/www.sonoraenequipo.com.mx\/#organization\"},\"image\":{\"@id\":\"https:\/\/www.sonoraenequipo.com.mx\/jornaleros-agricolas-de-bc-sinaloa-y-sonora-sufren-precariedad-e-informalidad-laboral-revela-estudio\/#primaryimage\"},\"thumbnailUrl\":\"https:\/\/www.sonoraenequipo.com.mx\/storage\/2026\/09\/jornaleros-agricolas-de-bc-sinaloa-y-sonora-sufren-precariedad.jpg\",\"articleSection\":[\"Rep\u00fablica\"],\"inLanguage\":\"es\",\"potentialAction\":[{\"@type\":\"CommentAction\",\"name\":\"Comment\",\"target\":[\"https:\/\/www.sonoraenequipo.com.mx\/jornaleros-agricolas-de-bc-sinaloa-y-sonora-sufren-precariedad-e-informalidad-laboral-revela-estudio\/#respond\"]}]},{\"@type\":\"WebPage\",\"@id\":\"https:\/\/www.sonoraenequipo.com.mx\/jornaleros-agricolas-de-bc-sinaloa-y-sonora-sufren-precariedad-e-informalidad-laboral-revela-estudio\/\",\"url\":\"https:\/\/www.sonoraenequipo.com.mx\/jornaleros-agricolas-de-bc-sinaloa-y-sonora-sufren-precariedad-e-informalidad-laboral-revela-estudio\/\",\"name\":\"Sonora en Equipo. Jornaleros agr\u00edcolas de BC, Sinaloa y Sonora sufren precariedad e informalidad laboral, revela estudio Rep\u00fablica\",\"isPartOf\":{\"@id\":\"https:\/\/www.sonoraenequipo.com.mx\/#website\"},\"primaryImageOfPage\":{\"@id\":\"https:\/\/www.sonoraenequipo.com.mx\/jornaleros-agricolas-de-bc-sinaloa-y-sonora-sufren-precariedad-e-informalidad-laboral-revela-estudio\/#primaryimage\"},\"image\":{\"@id\":\"https:\/\/www.sonoraenequipo.com.mx\/jornaleros-agricolas-de-bc-sinaloa-y-sonora-sufren-precariedad-e-informalidad-laboral-revela-estudio\/#primaryimage\"},\"thumbnailUrl\":\"https:\/\/www.sonoraenequipo.com.mx\/storage\/2026\/09\/jornaleros-agricolas-de-bc-sinaloa-y-sonora-sufren-precariedad.jpg\",\"datePublished\":\"2026-09-06T16:18:50+00:00\",\"dateModified\":\"2026-09-06T22:55:34+00:00\",\"description\":\"MEXICALI, BAJA CALIFORNIA. MX. \u2014 . Condiciones de precariedad, empleo informal y movilidad laboral se detectaron en Sinaloa, Sonora y Baja California que En Sonora en Equipo publicamos toda la informaci\u00f3n de Sonora, M\u00e9xico y el Mundo de manera oportuna y busca que la libertad de expresi\u00f3n sea real. Visita nuestro medio informativo publicado desde Hermosillo, Sonora. %\",\"breadcrumb\":{\"@id\":\"https:\/\/www.sonoraenequipo.com.mx\/jornaleros-agricolas-de-bc-sinaloa-y-sonora-sufren-precariedad-e-informalidad-laboral-revela-estudio\/#breadcrumb\"},\"inLanguage\":\"es\",\"potentialAction\":[{\"@type\":\"ReadAction\",\"target\":[\"https:\/\/www.sonoraenequipo.com.mx\/jornaleros-agricolas-de-bc-sinaloa-y-sonora-sufren-precariedad-e-informalidad-laboral-revela-estudio\/\"]}]},{\"@type\":\"ImageObject\",\"inLanguage\":\"es\",\"@id\":\"https:\/\/www.sonoraenequipo.com.mx\/jornaleros-agricolas-de-bc-sinaloa-y-sonora-sufren-precariedad-e-informalidad-laboral-revela-estudio\/#primaryimage\",\"url\":\"https:\/\/www.sonoraenequipo.com.mx\/storage\/2026\/09\/jornaleros-agricolas-de-bc-sinaloa-y-sonora-sufren-precariedad.jpg\",\"contentUrl\":\"https:\/\/www.sonoraenequipo.com.mx\/storage\/2026\/09\/jornaleros-agricolas-de-bc-sinaloa-y-sonora-sufren-precariedad.jpg\",\"width\":1200,\"height\":848},{\"@type\":\"BreadcrumbList\",\"@id\":\"https:\/\/www.sonoraenequipo.com.mx\/jornaleros-agricolas-de-bc-sinaloa-y-sonora-sufren-precariedad-e-informalidad-laboral-revela-estudio\/#breadcrumb\",\"itemListElement\":[{\"@type\":\"ListItem\",\"position\":1,\"name\":\"Portada\",\"item\":\"https:\/\/www.sonoraenequipo.com.mx\/\"},{\"@type\":\"ListItem\",\"position\":2,\"name\":\"Jornaleros agr\u00edcolas de BC, Sinaloa y Sonora sufren precariedad e informalidad laboral, revela estudio\"}]},{\"@type\":\"WebSite\",\"@id\":\"https:\/\/www.sonoraenequipo.com.mx\/#website\",\"url\":\"https:\/\/www.sonoraenequipo.com.mx\/\",\"name\":\"Sonora en Equipo.\",\"description\":\"Diario en l\u00ednea con Noticias desde Hermosillo, Sonora\",\"publisher\":{\"@id\":\"https:\/\/www.sonoraenequipo.com.mx\/#organization\"},\"potentialAction\":[{\"@type\":\"SearchAction\",\"target\":{\"@type\":\"EntryPoint\",\"urlTemplate\":\"https:\/\/www.sonoraenequipo.com.mx\/?s={search_term_string}\"},\"query-input\":{\"@type\":\"PropertyValueSpecification\",\"valueRequired\":true,\"valueName\":\"search_term_string\"}}],\"inLanguage\":\"es\"},{\"@type\":\"Organization\",\"@id\":\"https:\/\/www.sonoraenequipo.com.mx\/#organization\",\"name\":\"Sonoraenequipo.com.mx\",\"url\":\"https:\/\/www.sonoraenequipo.com.mx\/\",\"logo\":{\"@type\":\"ImageObject\",\"inLanguage\":\"es\",\"@id\":\"https:\/\/www.sonoraenequipo.com.mx\/#\/schema\/logo\/image\/\",\"url\":\"https:\/\/www.sonoraenequipo.com.mx\/storage\/2019\/01\/sonoraenequipo_opt.png\",\"contentUrl\":\"https:\/\/www.sonoraenequipo.com.mx\/storage\/2019\/01\/sonoraenequipo_opt.png\",\"width\":375,\"height\":125,\"caption\":\"Sonoraenequipo.com.mx\"},\"image\":{\"@id\":\"https:\/\/www.sonoraenequipo.com.mx\/#\/schema\/logo\/image\/\"},\"sameAs\":[\"https:\/\/www.facebook.com\/SonoraEE\/\",\"https:\/\/x.com\/sonoraenequipo\",\"https:\/\/www.youtube.com\/channel\/UC338nW-lPEYmJQs4ZABQ1SQ\"]},{\"@type\":\"Person\",\"@id\":\"https:\/\/www.sonoraenequipo.com.mx\/#\/schema\/person\/50102df0fb23a8fa9e8effad8fa81386\",\"name\":\"enequipo\",\"image\":{\"@type\":\"ImageObject\",\"inLanguage\":\"es\",\"@id\":\"https:\/\/www.sonoraenequipo.com.mx\/#\/schema\/person\/image\/\",\"url\":\"https:\/\/secure.gravatar.com\/avatar\/049821681b589dabc0bc20695993ccebb09f5b5d4d790cd9251b97faac7c652b?s=96&d=blank&r=g\",\"contentUrl\":\"https:\/\/secure.gravatar.com\/avatar\/049821681b589dabc0bc20695993ccebb09f5b5d4d790cd9251b97faac7c652b?s=96&d=blank&r=g\",\"caption\":\"enequipo\"},\"sameAs\":[\"https:\/\/www.facebook.com\/SonoraEE\"]}]}<\/script>\n ","yoast_head_json":{"title":"Sonora en Equipo. Jornaleros agr\u00edcolas de BC, Sinaloa y Sonora sufren precariedad e informalidad laboral, revela estudio Rep\u00fablica","description":"MEXICALI, BAJA CALIFORNIA. MX. \u2014 . Condiciones de precariedad, empleo informal y movilidad laboral se detectaron en Sinaloa, Sonora y Baja California que En Sonora en Equipo publicamos toda la informaci\u00f3n de Sonora, M\u00e9xico y el Mundo de manera oportuna y busca que la libertad de expresi\u00f3n sea real. Visita nuestro medio informativo publicado desde Hermosillo, Sonora. %","robots":{"index":"index","follow":"follow","max-snippet":"max-snippet:-1","max-image-preview":"max-image-preview:large","max-video-preview":"max-video-preview:-1"},"canonical":"https:\/\/www.sonoraenequipo.com.mx\/jornaleros-agricolas-de-bc-sinaloa-y-sonora-sufren-precariedad-e-informalidad-laboral-revela-estudio\/","og_locale":"es_ES","og_type":"article","og_title":"Sonora en Equipo. Jornaleros agr\u00edcolas de BC, Sinaloa y Sonora sufren precariedad e informalidad laboral, revela estudio Rep\u00fablica","og_description":"MEXICALI, BAJA CALIFORNIA. MX. \u2014 . Condiciones de precariedad, empleo informal y movilidad laboral se detectaron en Sinaloa, Sonora y Baja California que En Sonora en Equipo publicamos toda la informaci\u00f3n de Sonora, M\u00e9xico y el Mundo de manera oportuna y busca que la libertad de expresi\u00f3n sea real. Visita nuestro medio informativo publicado desde Hermosillo, Sonora. %","og_url":"https:\/\/www.sonoraenequipo.com.mx\/jornaleros-agricolas-de-bc-sinaloa-y-sonora-sufren-precariedad-e-informalidad-laboral-revela-estudio\/","og_site_name":"Sonora en Equipo.","article_publisher":"https:\/\/www.facebook.com\/SonoraEE\/","article_author":"https:\/\/www.facebook.com\/SonoraEE","article_published_time":"2026-09-06T16:18:50+00:00","article_modified_time":"2026-09-06T22:55:34+00:00","og_image":[{"width":1200,"height":848,"url":"https:\/\/www.sonoraenequipo.com.mx\/storage\/2026\/09\/jornaleros-agricolas-de-bc-sinaloa-y-sonora-sufren-precariedad.jpg","type":"image\/jpeg"}],"author":"enequipo","twitter_card":"summary_large_image","twitter_creator":"@sonoraenequipo","twitter_site":"@sonoraenequipo","twitter_misc":{"Escrito por":"enequipo","Tiempo de lectura":"3 minutos"},"schema":{"@context":"https:\/\/schema.org","@graph":[{"@type":"Article","@id":"https:\/\/www.sonoraenequipo.com.mx\/jornaleros-agricolas-de-bc-sinaloa-y-sonora-sufren-precariedad-e-informalidad-laboral-revela-estudio\/#article","isPartOf":{"@id":"https:\/\/www.sonoraenequipo.com.mx\/jornaleros-agricolas-de-bc-sinaloa-y-sonora-sufren-precariedad-e-informalidad-laboral-revela-estudio\/"},"author":{"name":"enequipo","@id":"https:\/\/www.sonoraenequipo.com.mx\/#\/schema\/person\/50102df0fb23a8fa9e8effad8fa81386"},"headline":"Jornaleros agr\u00edcolas de BC, Sinaloa y Sonora sufren precariedad e informalidad laboral, revela estudio","datePublished":"2026-09-06T16:18:50+00:00","dateModified":"2026-09-06T22:55:34+00:00","mainEntityOfPage":{"@id":"https:\/\/www.sonoraenequipo.com.mx\/jornaleros-agricolas-de-bc-sinaloa-y-sonora-sufren-precariedad-e-informalidad-laboral-revela-estudio\/"},"wordCount":692,"commentCount":0,"publisher":{"@id":"https:\/\/www.sonoraenequipo.com.mx\/#organization"},"image":{"@id":"https:\/\/www.sonoraenequipo.com.mx\/jornaleros-agricolas-de-bc-sinaloa-y-sonora-sufren-precariedad-e-informalidad-laboral-revela-estudio\/#primaryimage"},"thumbnailUrl":"https:\/\/www.sonoraenequipo.com.mx\/storage\/2026\/09\/jornaleros-agricolas-de-bc-sinaloa-y-sonora-sufren-precariedad.jpg","articleSection":["Rep\u00fablica"],"inLanguage":"es","potentialAction":[{"@type":"CommentAction","name":"Comment","target":["https:\/\/www.sonoraenequipo.com.mx\/jornaleros-agricolas-de-bc-sinaloa-y-sonora-sufren-precariedad-e-informalidad-laboral-revela-estudio\/#respond"]}]},{"@type":"WebPage","@id":"https:\/\/www.sonoraenequipo.com.mx\/jornaleros-agricolas-de-bc-sinaloa-y-sonora-sufren-precariedad-e-informalidad-laboral-revela-estudio\/","url":"https:\/\/www.sonoraenequipo.com.mx\/jornaleros-agricolas-de-bc-sinaloa-y-sonora-sufren-precariedad-e-informalidad-laboral-revela-estudio\/","name":"Sonora en Equipo. Jornaleros agr\u00edcolas de BC, Sinaloa y Sonora sufren precariedad e informalidad laboral, revela estudio Rep\u00fablica","isPartOf":{"@id":"https:\/\/www.sonoraenequipo.com.mx\/#website"},"primaryImageOfPage":{"@id":"https:\/\/www.sonoraenequipo.com.mx\/jornaleros-agricolas-de-bc-sinaloa-y-sonora-sufren-precariedad-e-informalidad-laboral-revela-estudio\/#primaryimage"},"image":{"@id":"https:\/\/www.sonoraenequipo.com.mx\/jornaleros-agricolas-de-bc-sinaloa-y-sonora-sufren-precariedad-e-informalidad-laboral-revela-estudio\/#primaryimage"},"thumbnailUrl":"https:\/\/www.sonoraenequipo.com.mx\/storage\/2026\/09\/jornaleros-agricolas-de-bc-sinaloa-y-sonora-sufren-precariedad.jpg","datePublished":"2026-09-06T16:18:50+00:00","dateModified":"2026-09-06T22:55:34+00:00","description":"MEXICALI, BAJA CALIFORNIA. MX. \u2014 . Condiciones de precariedad, empleo informal y movilidad laboral se detectaron en Sinaloa, Sonora y Baja California que En Sonora en Equipo publicamos toda la informaci\u00f3n de Sonora, M\u00e9xico y el Mundo de manera oportuna y busca que la libertad de expresi\u00f3n sea real. Visita nuestro medio informativo publicado desde Hermosillo, Sonora. %","breadcrumb":{"@id":"https:\/\/www.sonoraenequipo.com.mx\/jornaleros-agricolas-de-bc-sinaloa-y-sonora-sufren-precariedad-e-informalidad-laboral-revela-estudio\/#breadcrumb"},"inLanguage":"es","potentialAction":[{"@type":"ReadAction","target":["https:\/\/www.sonoraenequipo.com.mx\/jornaleros-agricolas-de-bc-sinaloa-y-sonora-sufren-precariedad-e-informalidad-laboral-revela-estudio\/"]}]},{"@type":"ImageObject","inLanguage":"es","@id":"https:\/\/www.sonoraenequipo.com.mx\/jornaleros-agricolas-de-bc-sinaloa-y-sonora-sufren-precariedad-e-informalidad-laboral-revela-estudio\/#primaryimage","url":"https:\/\/www.sonoraenequipo.com.mx\/storage\/2026\/09\/jornaleros-agricolas-de-bc-sinaloa-y-sonora-sufren-precariedad.jpg","contentUrl":"https:\/\/www.sonoraenequipo.com.mx\/storage\/2026\/09\/jornaleros-agricolas-de-bc-sinaloa-y-sonora-sufren-precariedad.jpg","width":1200,"height":848},{"@type":"BreadcrumbList","@id":"https:\/\/www.sonoraenequipo.com.mx\/jornaleros-agricolas-de-bc-sinaloa-y-sonora-sufren-precariedad-e-informalidad-laboral-revela-estudio\/#breadcrumb","itemListElement":[{"@type":"ListItem","position":1,"name":"Portada","item":"https:\/\/www.sonoraenequipo.com.mx\/"},{"@type":"ListItem","position":2,"name":"Jornaleros agr\u00edcolas de BC, Sinaloa y Sonora sufren precariedad e informalidad laboral, revela estudio"}]},{"@type":"WebSite","@id":"https:\/\/www.sonoraenequipo.com.mx\/#website","url":"https:\/\/www.sonoraenequipo.com.mx\/","name":"Sonora en Equipo.","description":"Diario en l\u00ednea con Noticias desde Hermosillo, Sonora","publisher":{"@id":"https:\/\/www.sonoraenequipo.com.mx\/#organization"},"potentialAction":[{"@type":"SearchAction","target":{"@type":"EntryPoint","urlTemplate":"https:\/\/www.sonoraenequipo.com.mx\/?s={search_term_string}"},"query-input":{"@type":"PropertyValueSpecification","valueRequired":true,"valueName":"search_term_string"}}],"inLanguage":"es"},{"@type":"Organization","@id":"https:\/\/www.sonoraenequipo.com.mx\/#organization","name":"Sonoraenequipo.com.mx","url":"https:\/\/www.sonoraenequipo.com.mx\/","logo":{"@type":"ImageObject","inLanguage":"es","@id":"https:\/\/www.sonoraenequipo.com.mx\/#\/schema\/logo\/image\/","url":"https:\/\/www.sonoraenequipo.com.mx\/storage\/2019\/01\/sonoraenequipo_opt.png","contentUrl":"https:\/\/www.sonoraenequipo.com.mx\/storage\/2019\/01\/sonoraenequipo_opt.png","width":375,"height":125,"caption":"Sonoraenequipo.com.mx"},"image":{"@id":"https:\/\/www.sonoraenequipo.com.mx\/#\/schema\/logo\/image\/"},"sameAs":["https:\/\/www.facebook.com\/SonoraEE\/","https:\/\/x.com\/sonoraenequipo","https:\/\/www.youtube.com\/channel\/UC338nW-lPEYmJQs4ZABQ1SQ"]},{"@type":"Person","@id":"https:\/\/www.sonoraenequipo.com.mx\/#\/schema\/person\/50102df0fb23a8fa9e8effad8fa81386","name":"enequipo","image":{"@type":"ImageObject","inLanguage":"es","@id":"https:\/\/www.sonoraenequipo.com.mx\/#\/schema\/person\/image\/","url":"https:\/\/secure.gravatar.com\/avatar\/049821681b589dabc0bc20695993ccebb09f5b5d4d790cd9251b97faac7c652b?s=96&d=blank&r=g","contentUrl":"https:\/\/secure.gravatar.com\/avatar\/049821681b589dabc0bc20695993ccebb09f5b5d4d790cd9251b97faac7c652b?s=96&d=blank&r=g","caption":"enequipo"},"sameAs":["https:\/\/www.facebook.com\/SonoraEE"]}]}},"jetpack_featured_media_url":"https:\/\/www.sonoraenequipo.com.mx\/storage\/2026\/09\/jornaleros-agricolas-de-bc-sinaloa-y-sonora-sufren-precariedad.jpg","_links":{"self":[{"href":"https:\/\/www.sonoraenequipo.com.mx\/api\/wp\/v2\/posts\/251726","targetHints":{"allow":["GET"]}}],"collection":[{"href":"https:\/\/www.sonoraenequipo.com.mx\/api\/wp\/v2\/posts"}],"about":[{"href":"https:\/\/www.sonoraenequipo.com.mx\/api\/wp\/v2\/types\/post"}],"author":[{"embeddable":true,"href":"https:\/\/www.sonoraenequipo.com.mx\/api\/wp\/v2\/users\/1"}],"replies":[{"embeddable":true,"href":"https:\/\/www.sonoraenequipo.com.mx\/api\/wp\/v2\/comments?post=251726"}],"version-history":[{"count":1,"href":"https:\/\/www.sonoraenequipo.com.mx\/api\/wp\/v2\/posts\/251726\/revisions"}],"predecessor-version":[{"id":251728,"href":"https:\/\/www.sonoraenequipo.com.mx\/api\/wp\/v2\/posts\/251726\/revisions\/251728"}],"wp:featuredmedia":[{"embeddable":true,"href":"https:\/\/www.sonoraenequipo.com.mx\/api\/wp\/v2\/media\/251727"}],"wp:attachment":[{"href":"https:\/\/www.sonoraenequipo.com.mx\/api\/wp\/v2\/media?parent=251726"}],"wp:term":[{"taxonomy":"category","embeddable":true,"href":"https:\/\/www.sonoraenequipo.com.mx\/api\/wp\/v2\/categories?post=251726"},{"taxonomy":"post_tag","embeddable":true,"href":"https:\/\/www.sonoraenequipo.com.mx\/api\/wp\/v2\/tags?post=251726"}],"curies":[{"name":"wp","href":"https:\/\/api.w.org\/{rel}","templated":true}]}}