{"id":26686,"date":"2017-09-30T00:24:53","date_gmt":"2017-09-30T07:24:53","guid":{"rendered":"http:\/\/www.sonoraenequipo.com.mx\/?p=26686"},"modified":"2017-09-30T08:27:59","modified_gmt":"2017-09-30T15:27:59","slug":"promueve-secretaria-del-trabajo-capital-humano-competitivo-sonora","status":"publish","type":"post","link":"https:\/\/www.sonoraenequipo.com.mx\/promueve-secretaria-del-trabajo-capital-humano-competitivo-sonora\/","title":{"rendered":"Promueve Secretar\u00eda del Trabajo capital humano competitivo en Sonora"},"content":{"rendered":"<p>GUAYMAS, SONORA.MX.\u2014 El Secretario del Trabajo en el Estado, Horacio Valenzuela Ibarra y el rector de la Universidad Tecnol\u00f3gica de Guaymas (UTG), Pedro Mar Hern\u00e1ndez, firmaron convenio de colaboraci\u00f3n e inauguraron el Centro de Capacitaci\u00f3n que acreditar\u00e1 el conocimiento y las habilidades de los estudiantes.<\/p>\n<p> <\/p>\n<p>Valenzuela Ibarra manifest\u00f3 que en la administraci\u00f3n de la Gobernadora Claudia Pavlovich trabajan para atraer mayor inversi\u00f3n al estado y elevar la calidad de vida de los sonorenses.<\/p>\n<p><em>\u201cEl gobierno estatal trabaja para que las instituciones generen profesionistas que respondan a las necesidades de los sectores productivos, por eso es tan importante que sigamos impulsado la reactivaci\u00f3n y apertura de Entidades de Certificaci\u00f3n\u201d,<\/em> apunt\u00f3.<\/p>\n<p>Para lograr un capital humano capacitado, certificado y competitivo, agreg\u00f3, en la Dependencia a su cargo colaboran con el Consejo Nacional de Normalizaci\u00f3n y Certificaci\u00f3n de Competencias Laborales (Conocer) a fin de promover, difundir y operar el Sistema Nacional de Competencias en Sonora (SNC).<\/p>\n<p>Como parte de su gira de trabajo por el puerto, Valenzuela Ibarra se reuni\u00f3 con los miembros de C\u00e1mara Nacional de Comercios y Servicios Tur\u00edsticos (Canaco) en Guaymas, a quienes expuso que el papel del Gobierno del Estado es ser un facilitador entre trabajador y empresa.<\/p>\n<p>En este encuentro estuvo Diana Ruelas, secretaria del Consejo Directivo de Canaco y Fabricio Cano Lara, presidente de la Junta Especial de Conciliaci\u00f3n y Arbitraje de Guaymas.<\/p>\n<p>En el evento de la UTG lo acompa\u00f1aron: Armando Lee Quiroga, director general de Maquilas Teta Kawi; Marco Antonio Llano Zaragoza, empresario sonorense; Bulmaro Pacheco, Director del Instituto Tecnol\u00f3gico de Guaymas; Manuel M\u00e1rquez Roon, director del plantel del COBACH en Guaymas; Fabi\u00e1n Salazar Dom\u00ednguez, director general para la Oferta Educativa; y Daniel del Sol Rangel, director de Vinculaci\u00f3n de la UTG.<\/p>\n<p>&nbsp;<\/p>\n<p>&nbsp;<\/p>\n<p>(Fecha de publicaci\u00f3n 29092017)<\/p>\n","protected":false},"excerpt":{"rendered":"<p>GUAYMAS, SONORA.MX.\u2014 El Secretario del Trabajo en el Estado, Horacio Valenzuela Ibarra y el rector&#8230;<\/p>\n","protected":false},"author":1,"featured_media":26687,"comment_status":"open","ping_status":"open","sticky":false,"template":"","format":"standard","meta":{"_monsterinsights_skip_tracking":false,"_monsterinsights_sitenote_active":false,"_monsterinsights_sitenote_note":"","_monsterinsights_sitenote_category":0,"footnotes":""},"categories":[13,22],"tags":[],"class_list":["post"],"yoast_head":" \n<title>Sonora en Equipo. Promueve Secretar\u00eda del Trabajo capital humano competitivo en Sonora Destacadas<\/title>\n<meta name=\"description\" content=\"GUAYMAS, SONORA.MX.\u2014 El Secretario del Trabajo en el Estado, Horacio Valenzuela Ibarra y el rector de la Universidad Tecnol\u00f3gica de Guaymas (UTG), Pedro En Sonora en Equipo publicamos toda la informaci\u00f3n de Sonora, M\u00e9xico y el Mundo de manera oportuna y busca que la libertad de expresi\u00f3n sea real. Visita nuestro medio informativo publicado desde Hermosillo, Sonora. %\" \/>\n<meta name=\"robots\" content=\"index, follow, max-snippet:-1, max-image-preview:large, max-video-preview:-1\" \/>\n<link rel=\"canonical\" href=\"https:\/\/www.sonoraenequipo.com.mx\/promueve-secretaria-del-trabajo-capital-humano-competitivo-sonora\/\" \/>\n<meta property=\"og:locale\" content=\"es_ES\" \/>\n<meta property=\"og:type\" content=\"article\" \/>\n<meta property=\"og:title\" content=\"Sonora en Equipo. Promueve Secretar\u00eda del Trabajo capital humano competitivo en Sonora Destacadas\" \/>\n<meta property=\"og:description\" content=\"GUAYMAS, SONORA.MX.\u2014 El Secretario del Trabajo en el Estado, Horacio Valenzuela Ibarra y el rector de la Universidad Tecnol\u00f3gica de Guaymas (UTG), Pedro En Sonora en Equipo publicamos toda la informaci\u00f3n de Sonora, M\u00e9xico y el Mundo de manera oportuna y busca que la libertad de expresi\u00f3n sea real. Visita nuestro medio informativo publicado desde Hermosillo, Sonora. %\" \/>\n<meta property=\"og:url\" content=\"https:\/\/www.sonoraenequipo.com.mx\/promueve-secretaria-del-trabajo-capital-humano-competitivo-sonora\/\" \/>\n<meta property=\"og:site_name\" content=\"Sonora en Equipo.\" \/>\n<meta property=\"article:publisher\" content=\"https:\/\/www.facebook.com\/SonoraEE\/\" \/>\n<meta property=\"article:author\" content=\"https:\/\/www.facebook.com\/SonoraEE\" \/>\n<meta property=\"article:published_time\" content=\"2017-09-30T07:24:53+00:00\" \/>\n<meta property=\"article:modified_time\" content=\"2017-09-30T15:27:59+00:00\" \/>\n<meta property=\"og:image\" content=\"https:\/\/www.sonoraenequipo.com.mx\/storage\/2017\/09\/sec-traba_opt.jpg\" \/>\n\t<meta property=\"og:image:width\" content=\"710\" \/>\n\t<meta property=\"og:image:height\" content=\"400\" \/>\n\t<meta property=\"og:image:type\" content=\"image\/jpeg\" \/>\n<meta name=\"author\" content=\"enequipo\" \/>\n<meta name=\"twitter:card\" content=\"summary_large_image\" \/>\n<meta name=\"twitter:creator\" content=\"@sonoraenequipo\" \/>\n<meta name=\"twitter:site\" content=\"@sonoraenequipo\" \/>\n<meta name=\"twitter:label1\" content=\"Escrito por\" \/>\n\t<meta name=\"twitter:data1\" content=\"enequipo\" \/>\n\t<meta name=\"twitter:label2\" content=\"Tiempo de lectura\" \/>\n\t<meta name=\"twitter:data2\" content=\"2 minutos\" \/>\n<script type=\"application\/ld+json\" class=\"yoast-schema-graph\">{\"@context\":\"https:\/\/schema.org\",\"@graph\":[{\"@type\":\"Article\",\"@id\":\"https:\/\/www.sonoraenequipo.com.mx\/promueve-secretaria-del-trabajo-capital-humano-competitivo-sonora\/#article\",\"isPartOf\":{\"@id\":\"https:\/\/www.sonoraenequipo.com.mx\/promueve-secretaria-del-trabajo-capital-humano-competitivo-sonora\/\"},\"author\":{\"name\":\"enequipo\",\"@id\":\"https:\/\/www.sonoraenequipo.com.mx\/#\/schema\/person\/50102df0fb23a8fa9e8effad8fa81386\"},\"headline\":\"Promueve Secretar\u00eda del Trabajo capital humano competitivo en Sonora\",\"datePublished\":\"2017-09-30T07:24:53+00:00\",\"dateModified\":\"2017-09-30T15:27:59+00:00\",\"mainEntityOfPage\":{\"@id\":\"https:\/\/www.sonoraenequipo.com.mx\/promueve-secretaria-del-trabajo-capital-humano-competitivo-sonora\/\"},\"wordCount\":323,\"commentCount\":0,\"publisher\":{\"@id\":\"https:\/\/www.sonoraenequipo.com.mx\/#organization\"},\"image\":{\"@id\":\"https:\/\/www.sonoraenequipo.com.mx\/promueve-secretaria-del-trabajo-capital-humano-competitivo-sonora\/#primaryimage\"},\"thumbnailUrl\":\"https:\/\/www.sonoraenequipo.com.mx\/storage\/2017\/09\/sec-traba_opt.jpg\",\"articleSection\":[\"Destacadas\",\"Sonora\"],\"inLanguage\":\"es\",\"potentialAction\":[{\"@type\":\"CommentAction\",\"name\":\"Comment\",\"target\":[\"https:\/\/www.sonoraenequipo.com.mx\/promueve-secretaria-del-trabajo-capital-humano-competitivo-sonora\/#respond\"]}]},{\"@type\":\"WebPage\",\"@id\":\"https:\/\/www.sonoraenequipo.com.mx\/promueve-secretaria-del-trabajo-capital-humano-competitivo-sonora\/\",\"url\":\"https:\/\/www.sonoraenequipo.com.mx\/promueve-secretaria-del-trabajo-capital-humano-competitivo-sonora\/\",\"name\":\"Sonora en Equipo. Promueve Secretar\u00eda del Trabajo capital humano competitivo en Sonora Destacadas\",\"isPartOf\":{\"@id\":\"https:\/\/www.sonoraenequipo.com.mx\/#website\"},\"primaryImageOfPage\":{\"@id\":\"https:\/\/www.sonoraenequipo.com.mx\/promueve-secretaria-del-trabajo-capital-humano-competitivo-sonora\/#primaryimage\"},\"image\":{\"@id\":\"https:\/\/www.sonoraenequipo.com.mx\/promueve-secretaria-del-trabajo-capital-humano-competitivo-sonora\/#primaryimage\"},\"thumbnailUrl\":\"https:\/\/www.sonoraenequipo.com.mx\/storage\/2017\/09\/sec-traba_opt.jpg\",\"datePublished\":\"2017-09-30T07:24:53+00:00\",\"dateModified\":\"2017-09-30T15:27:59+00:00\",\"description\":\"GUAYMAS, SONORA.MX.\u2014 El Secretario del Trabajo en el Estado, Horacio Valenzuela Ibarra y el rector de la Universidad Tecnol\u00f3gica de Guaymas (UTG), Pedro En Sonora en Equipo publicamos toda la informaci\u00f3n de Sonora, M\u00e9xico y el Mundo de manera oportuna y busca que la libertad de expresi\u00f3n sea real. Visita nuestro medio informativo publicado desde Hermosillo, Sonora. %\",\"breadcrumb\":{\"@id\":\"https:\/\/www.sonoraenequipo.com.mx\/promueve-secretaria-del-trabajo-capital-humano-competitivo-sonora\/#breadcrumb\"},\"inLanguage\":\"es\",\"potentialAction\":[{\"@type\":\"ReadAction\",\"target\":[\"https:\/\/www.sonoraenequipo.com.mx\/promueve-secretaria-del-trabajo-capital-humano-competitivo-sonora\/\"]}]},{\"@type\":\"ImageObject\",\"inLanguage\":\"es\",\"@id\":\"https:\/\/www.sonoraenequipo.com.mx\/promueve-secretaria-del-trabajo-capital-humano-competitivo-sonora\/#primaryimage\",\"url\":\"https:\/\/www.sonoraenequipo.com.mx\/storage\/2017\/09\/sec-traba_opt.jpg\",\"contentUrl\":\"https:\/\/www.sonoraenequipo.com.mx\/storage\/2017\/09\/sec-traba_opt.jpg\",\"width\":710,\"height\":400},{\"@type\":\"BreadcrumbList\",\"@id\":\"https:\/\/www.sonoraenequipo.com.mx\/promueve-secretaria-del-trabajo-capital-humano-competitivo-sonora\/#breadcrumb\",\"itemListElement\":[{\"@type\":\"ListItem\",\"position\":1,\"name\":\"Portada\",\"item\":\"https:\/\/www.sonoraenequipo.com.mx\/\"},{\"@type\":\"ListItem\",\"position\":2,\"name\":\"Promueve Secretar\u00eda del Trabajo capital humano competitivo en Sonora\"}]},{\"@type\":\"WebSite\",\"@id\":\"https:\/\/www.sonoraenequipo.com.mx\/#website\",\"url\":\"https:\/\/www.sonoraenequipo.com.mx\/\",\"name\":\"Sonora en Equipo.\",\"description\":\"Diario en l\u00ednea con Noticias desde Hermosillo, Sonora\",\"publisher\":{\"@id\":\"https:\/\/www.sonoraenequipo.com.mx\/#organization\"},\"potentialAction\":[{\"@type\":\"SearchAction\",\"target\":{\"@type\":\"EntryPoint\",\"urlTemplate\":\"https:\/\/www.sonoraenequipo.com.mx\/?s={search_term_string}\"},\"query-input\":{\"@type\":\"PropertyValueSpecification\",\"valueRequired\":true,\"valueName\":\"search_term_string\"}}],\"inLanguage\":\"es\"},{\"@type\":\"Organization\",\"@id\":\"https:\/\/www.sonoraenequipo.com.mx\/#organization\",\"name\":\"Sonoraenequipo.com.mx\",\"url\":\"https:\/\/www.sonoraenequipo.com.mx\/\",\"logo\":{\"@type\":\"ImageObject\",\"inLanguage\":\"es\",\"@id\":\"https:\/\/www.sonoraenequipo.com.mx\/#\/schema\/logo\/image\/\",\"url\":\"https:\/\/www.sonoraenequipo.com.mx\/storage\/2019\/01\/sonoraenequipo_opt.png\",\"contentUrl\":\"https:\/\/www.sonoraenequipo.com.mx\/storage\/2019\/01\/sonoraenequipo_opt.png\",\"width\":375,\"height\":125,\"caption\":\"Sonoraenequipo.com.mx\"},\"image\":{\"@id\":\"https:\/\/www.sonoraenequipo.com.mx\/#\/schema\/logo\/image\/\"},\"sameAs\":[\"https:\/\/www.facebook.com\/SonoraEE\/\",\"https:\/\/x.com\/sonoraenequipo\",\"https:\/\/www.youtube.com\/channel\/UC338nW-lPEYmJQs4ZABQ1SQ\"]},{\"@type\":\"Person\",\"@id\":\"https:\/\/www.sonoraenequipo.com.mx\/#\/schema\/person\/50102df0fb23a8fa9e8effad8fa81386\",\"name\":\"enequipo\",\"image\":{\"@type\":\"ImageObject\",\"inLanguage\":\"es\",\"@id\":\"https:\/\/www.sonoraenequipo.com.mx\/#\/schema\/person\/image\/\",\"url\":\"https:\/\/secure.gravatar.com\/avatar\/049821681b589dabc0bc20695993ccebb09f5b5d4d790cd9251b97faac7c652b?s=96&d=blank&r=g\",\"contentUrl\":\"https:\/\/secure.gravatar.com\/avatar\/049821681b589dabc0bc20695993ccebb09f5b5d4d790cd9251b97faac7c652b?s=96&d=blank&r=g\",\"caption\":\"enequipo\"},\"sameAs\":[\"https:\/\/www.facebook.com\/SonoraEE\"]}]}<\/script>\n ","yoast_head_json":{"title":"Sonora en Equipo. Promueve Secretar\u00eda del Trabajo capital humano competitivo en Sonora Destacadas","description":"GUAYMAS, SONORA.MX.\u2014 El Secretario del Trabajo en el Estado, Horacio Valenzuela Ibarra y el rector de la Universidad Tecnol\u00f3gica de Guaymas (UTG), Pedro En Sonora en Equipo publicamos toda la informaci\u00f3n de Sonora, M\u00e9xico y el Mundo de manera oportuna y busca que la libertad de expresi\u00f3n sea real. Visita nuestro medio informativo publicado desde Hermosillo, Sonora. %","robots":{"index":"index","follow":"follow","max-snippet":"max-snippet:-1","max-image-preview":"max-image-preview:large","max-video-preview":"max-video-preview:-1"},"canonical":"https:\/\/www.sonoraenequipo.com.mx\/promueve-secretaria-del-trabajo-capital-humano-competitivo-sonora\/","og_locale":"es_ES","og_type":"article","og_title":"Sonora en Equipo. Promueve Secretar\u00eda del Trabajo capital humano competitivo en Sonora Destacadas","og_description":"GUAYMAS, SONORA.MX.\u2014 El Secretario del Trabajo en el Estado, Horacio Valenzuela Ibarra y el rector de la Universidad Tecnol\u00f3gica de Guaymas (UTG), Pedro En Sonora en Equipo publicamos toda la informaci\u00f3n de Sonora, M\u00e9xico y el Mundo de manera oportuna y busca que la libertad de expresi\u00f3n sea real. Visita nuestro medio informativo publicado desde Hermosillo, Sonora. %","og_url":"https:\/\/www.sonoraenequipo.com.mx\/promueve-secretaria-del-trabajo-capital-humano-competitivo-sonora\/","og_site_name":"Sonora en Equipo.","article_publisher":"https:\/\/www.facebook.com\/SonoraEE\/","article_author":"https:\/\/www.facebook.com\/SonoraEE","article_published_time":"2017-09-30T07:24:53+00:00","article_modified_time":"2017-09-30T15:27:59+00:00","og_image":[{"width":710,"height":400,"url":"https:\/\/www.sonoraenequipo.com.mx\/storage\/2017\/09\/sec-traba_opt.jpg","type":"image\/jpeg"}],"author":"enequipo","twitter_card":"summary_large_image","twitter_creator":"@sonoraenequipo","twitter_site":"@sonoraenequipo","twitter_misc":{"Escrito por":"enequipo","Tiempo de lectura":"2 minutos"},"schema":{"@context":"https:\/\/schema.org","@graph":[{"@type":"Article","@id":"https:\/\/www.sonoraenequipo.com.mx\/promueve-secretaria-del-trabajo-capital-humano-competitivo-sonora\/#article","isPartOf":{"@id":"https:\/\/www.sonoraenequipo.com.mx\/promueve-secretaria-del-trabajo-capital-humano-competitivo-sonora\/"},"author":{"name":"enequipo","@id":"https:\/\/www.sonoraenequipo.com.mx\/#\/schema\/person\/50102df0fb23a8fa9e8effad8fa81386"},"headline":"Promueve Secretar\u00eda del Trabajo capital humano competitivo en Sonora","datePublished":"2017-09-30T07:24:53+00:00","dateModified":"2017-09-30T15:27:59+00:00","mainEntityOfPage":{"@id":"https:\/\/www.sonoraenequipo.com.mx\/promueve-secretaria-del-trabajo-capital-humano-competitivo-sonora\/"},"wordCount":323,"commentCount":0,"publisher":{"@id":"https:\/\/www.sonoraenequipo.com.mx\/#organization"},"image":{"@id":"https:\/\/www.sonoraenequipo.com.mx\/promueve-secretaria-del-trabajo-capital-humano-competitivo-sonora\/#primaryimage"},"thumbnailUrl":"https:\/\/www.sonoraenequipo.com.mx\/storage\/2017\/09\/sec-traba_opt.jpg","articleSection":["Destacadas","Sonora"],"inLanguage":"es","potentialAction":[{"@type":"CommentAction","name":"Comment","target":["https:\/\/www.sonoraenequipo.com.mx\/promueve-secretaria-del-trabajo-capital-humano-competitivo-sonora\/#respond"]}]},{"@type":"WebPage","@id":"https:\/\/www.sonoraenequipo.com.mx\/promueve-secretaria-del-trabajo-capital-humano-competitivo-sonora\/","url":"https:\/\/www.sonoraenequipo.com.mx\/promueve-secretaria-del-trabajo-capital-humano-competitivo-sonora\/","name":"Sonora en Equipo. Promueve Secretar\u00eda del Trabajo capital humano competitivo en Sonora Destacadas","isPartOf":{"@id":"https:\/\/www.sonoraenequipo.com.mx\/#website"},"primaryImageOfPage":{"@id":"https:\/\/www.sonoraenequipo.com.mx\/promueve-secretaria-del-trabajo-capital-humano-competitivo-sonora\/#primaryimage"},"image":{"@id":"https:\/\/www.sonoraenequipo.com.mx\/promueve-secretaria-del-trabajo-capital-humano-competitivo-sonora\/#primaryimage"},"thumbnailUrl":"https:\/\/www.sonoraenequipo.com.mx\/storage\/2017\/09\/sec-traba_opt.jpg","datePublished":"2017-09-30T07:24:53+00:00","dateModified":"2017-09-30T15:27:59+00:00","description":"GUAYMAS, SONORA.MX.\u2014 El Secretario del Trabajo en el Estado, Horacio Valenzuela Ibarra y el rector de la Universidad Tecnol\u00f3gica de Guaymas (UTG), Pedro En Sonora en Equipo publicamos toda la informaci\u00f3n de Sonora, M\u00e9xico y el Mundo de manera oportuna y busca que la libertad de expresi\u00f3n sea real. Visita nuestro medio informativo publicado desde Hermosillo, Sonora. %","breadcrumb":{"@id":"https:\/\/www.sonoraenequipo.com.mx\/promueve-secretaria-del-trabajo-capital-humano-competitivo-sonora\/#breadcrumb"},"inLanguage":"es","potentialAction":[{"@type":"ReadAction","target":["https:\/\/www.sonoraenequipo.com.mx\/promueve-secretaria-del-trabajo-capital-humano-competitivo-sonora\/"]}]},{"@type":"ImageObject","inLanguage":"es","@id":"https:\/\/www.sonoraenequipo.com.mx\/promueve-secretaria-del-trabajo-capital-humano-competitivo-sonora\/#primaryimage","url":"https:\/\/www.sonoraenequipo.com.mx\/storage\/2017\/09\/sec-traba_opt.jpg","contentUrl":"https:\/\/www.sonoraenequipo.com.mx\/storage\/2017\/09\/sec-traba_opt.jpg","width":710,"height":400},{"@type":"BreadcrumbList","@id":"https:\/\/www.sonoraenequipo.com.mx\/promueve-secretaria-del-trabajo-capital-humano-competitivo-sonora\/#breadcrumb","itemListElement":[{"@type":"ListItem","position":1,"name":"Portada","item":"https:\/\/www.sonoraenequipo.com.mx\/"},{"@type":"ListItem","position":2,"name":"Promueve Secretar\u00eda del Trabajo capital humano competitivo en Sonora"}]},{"@type":"WebSite","@id":"https:\/\/www.sonoraenequipo.com.mx\/#website","url":"https:\/\/www.sonoraenequipo.com.mx\/","name":"Sonora en Equipo.","description":"Diario en l\u00ednea con Noticias desde Hermosillo, Sonora","publisher":{"@id":"https:\/\/www.sonoraenequipo.com.mx\/#organization"},"potentialAction":[{"@type":"SearchAction","target":{"@type":"EntryPoint","urlTemplate":"https:\/\/www.sonoraenequipo.com.mx\/?s={search_term_string}"},"query-input":{"@type":"PropertyValueSpecification","valueRequired":true,"valueName":"search_term_string"}}],"inLanguage":"es"},{"@type":"Organization","@id":"https:\/\/www.sonoraenequipo.com.mx\/#organization","name":"Sonoraenequipo.com.mx","url":"https:\/\/www.sonoraenequipo.com.mx\/","logo":{"@type":"ImageObject","inLanguage":"es","@id":"https:\/\/www.sonoraenequipo.com.mx\/#\/schema\/logo\/image\/","url":"https:\/\/www.sonoraenequipo.com.mx\/storage\/2019\/01\/sonoraenequipo_opt.png","contentUrl":"https:\/\/www.sonoraenequipo.com.mx\/storage\/2019\/01\/sonoraenequipo_opt.png","width":375,"height":125,"caption":"Sonoraenequipo.com.mx"},"image":{"@id":"https:\/\/www.sonoraenequipo.com.mx\/#\/schema\/logo\/image\/"},"sameAs":["https:\/\/www.facebook.com\/SonoraEE\/","https:\/\/x.com\/sonoraenequipo","https:\/\/www.youtube.com\/channel\/UC338nW-lPEYmJQs4ZABQ1SQ"]},{"@type":"Person","@id":"https:\/\/www.sonoraenequipo.com.mx\/#\/schema\/person\/50102df0fb23a8fa9e8effad8fa81386","name":"enequipo","image":{"@type":"ImageObject","inLanguage":"es","@id":"https:\/\/www.sonoraenequipo.com.mx\/#\/schema\/person\/image\/","url":"https:\/\/secure.gravatar.com\/avatar\/049821681b589dabc0bc20695993ccebb09f5b5d4d790cd9251b97faac7c652b?s=96&d=blank&r=g","contentUrl":"https:\/\/secure.gravatar.com\/avatar\/049821681b589dabc0bc20695993ccebb09f5b5d4d790cd9251b97faac7c652b?s=96&d=blank&r=g","caption":"enequipo"},"sameAs":["https:\/\/www.facebook.com\/SonoraEE"]}]}},"jetpack_featured_media_url":"https:\/\/www.sonoraenequipo.com.mx\/storage\/2017\/09\/sec-traba_opt.jpg","_links":{"self":[{"href":"https:\/\/www.sonoraenequipo.com.mx\/api\/wp\/v2\/posts\/26686","targetHints":{"allow":["GET"]}}],"collection":[{"href":"https:\/\/www.sonoraenequipo.com.mx\/api\/wp\/v2\/posts"}],"about":[{"href":"https:\/\/www.sonoraenequipo.com.mx\/api\/wp\/v2\/types\/post"}],"author":[{"embeddable":true,"href":"https:\/\/www.sonoraenequipo.com.mx\/api\/wp\/v2\/users\/1"}],"replies":[{"embeddable":true,"href":"https:\/\/www.sonoraenequipo.com.mx\/api\/wp\/v2\/comments?post=26686"}],"version-history":[{"count":0,"href":"https:\/\/www.sonoraenequipo.com.mx\/api\/wp\/v2\/posts\/26686\/revisions"}],"wp:featuredmedia":[{"embeddable":true,"href":"https:\/\/www.sonoraenequipo.com.mx\/api\/wp\/v2\/media\/26687"}],"wp:attachment":[{"href":"https:\/\/www.sonoraenequipo.com.mx\/api\/wp\/v2\/media?parent=26686"}],"wp:term":[{"taxonomy":"category","embeddable":true,"href":"https:\/\/www.sonoraenequipo.com.mx\/api\/wp\/v2\/categories?post=26686"},{"taxonomy":"post_tag","embeddable":true,"href":"https:\/\/www.sonoraenequipo.com.mx\/api\/wp\/v2\/tags?post=26686"}],"curies":[{"name":"wp","href":"https:\/\/api.w.org\/{rel}","templated":true}]}}