{"id":26689,"date":"2017-09-30T00:35:09","date_gmt":"2017-09-30T07:35:09","guid":{"rendered":"http:\/\/www.sonoraenequipo.com.mx\/?p=26689"},"modified":"2017-09-30T08:34:24","modified_gmt":"2017-09-30T15:34:24","slug":"reconoce-secretaria-economia-empresa-molymex-buenas-practicas-ambientales","status":"publish","type":"post","link":"https:\/\/www.sonoraenequipo.com.mx\/reconoce-secretaria-economia-empresa-molymex-buenas-practicas-ambientales\/","title":{"rendered":"Reconoce Secretar\u00eda de Econom\u00eda a empresa Molymex por buenas pr\u00e1cticas ambientales"},"content":{"rendered":"<p>HERMOSILLO, SONORA. MX.\u2014 El Gobierno del Estado, a trav\u00e9s de la Secretar\u00eda de Econom\u00eda, reconoci\u00f3 a la empresa sonorense Molymex por ser la \u00fanica compa\u00f1\u00eda en la industria minero metal\u00fargica en el pa\u00eds que ha recibido el certificado<em> \u201cExcelencia Ambiental\u201d,<\/em> que otorga el Gobierno Federal.<\/p>\n<p> <\/p>\n<p>El Secretario de Econom\u00eda, Jorge Vidal Ahumada, destac\u00f3 el esfuerzo de la minera extractora de molibdeno establecida en el municipio de Cumpas, ya que trabaja con sentido social, lo que permite avanzar m\u00e1s r\u00e1pido y obtener mejores resultados.<\/p>\n<p>&nbsp;<\/p>\n<p><em>\u201cLa miner\u00eda es tan importante para nosotros, yo soy un gran defensor de la actividad de la miner\u00eda, y m\u00e1s de la miner\u00eda comprometida como es el caso de Molymex, donde definitivamente si las cosas se hacen con un sentido social avanzan m\u00e1s\u201d,<\/em> se\u00f1al\u00f3.<\/p>\n<p>El director general de Molymex, Alfredo Ortega Ter\u00e1n, agradeci\u00f3 la distinci\u00f3n recibida por parte del estado y la federaci\u00f3n, ya que se trata de un reconocimiento a las pol\u00edticas ambientales de la empresa.<\/p>\n<p>&nbsp;<\/p>\n<p><em>\u201cEn representaci\u00f3n de todos los que conformamos la empresa Molymex, es para m\u00ed un honor, recibir el d\u00eda de hoy tan importantes reconocimientos por parte de la Secretar\u00eda de Econom\u00eda del Estado de Sonora, y de la Asociaci\u00f3n de Mineros de Sonora, a quienes les extiendo un sincero agradecimiento, ya que es un verdadero reconocimiento a nuestras estrictas pol\u00edticas ambientales y de responsabilidad social empresarial\u201d<\/em>, expres\u00f3.<\/p>\n<p>Molymex se relacionada principalmente con la transformaci\u00f3n de sulfuros de molibdeno a \u00f3xido de molibdeno, mediante un proceso de tostaci\u00f3n, un producto que es utilizado en la fabricaci\u00f3n de aceros de calidad, aleaciones especiales y catalizadores qu\u00edmicos.<\/p>\n<p>Al evento acudi\u00f3 el presidente de la Asociaci\u00f3n de Mineros de Sonora, Eduardo Portugal, la diputada federal Susana Corella Platt; el Subdelegado de la Procuradur\u00eda Federal de Protecci\u00f3n al Ambiente, Eduardo Robles Lomel\u00ed; y el Presidente Municipal de CUMPAS, Jes\u00fas Ojeda Castellanos.<\/p>\n<p>&nbsp;<\/p>\n<p>(Fecha de publicaci\u00f3n 29092017)<\/p>\n","protected":false},"excerpt":{"rendered":"<p>HERMOSILLO, SONORA. MX.\u2014 El Gobierno del Estado, a trav\u00e9s de la Secretar\u00eda de Econom\u00eda, reconoci\u00f3&#8230;<\/p>\n","protected":false},"author":1,"featured_media":26690,"comment_status":"open","ping_status":"open","sticky":false,"template":"","format":"standard","meta":{"_monsterinsights_skip_tracking":false,"_monsterinsights_sitenote_active":false,"_monsterinsights_sitenote_note":"","_monsterinsights_sitenote_category":0,"footnotes":""},"categories":[13,22],"tags":[],"class_list":["post"],"yoast_head":" \n<title>Sonora en Equipo. Reconoce Secretar\u00eda de Econom\u00eda a empresa Molymex por buenas pr\u00e1cticas ambientales Destacadas<\/title>\n<meta name=\"description\" content=\"HERMOSILLO, SONORA. MX.\u2014 El Gobierno del Estado, a trav\u00e9s de la Secretar\u00eda de Econom\u00eda, reconoci\u00f3 a la empresa sonorense Molymex por ser la \u00fanica compa\u00f1\u00eda En Sonora en Equipo publicamos toda la informaci\u00f3n de Sonora, M\u00e9xico y el Mundo de manera oportuna y busca que la libertad de expresi\u00f3n sea real. Visita nuestro medio informativo publicado desde Hermosillo, Sonora. %\" \/>\n<meta name=\"robots\" content=\"index, follow, max-snippet:-1, max-image-preview:large, max-video-preview:-1\" \/>\n<link rel=\"canonical\" href=\"https:\/\/www.sonoraenequipo.com.mx\/reconoce-secretaria-economia-empresa-molymex-buenas-practicas-ambientales\/\" \/>\n<meta property=\"og:locale\" content=\"es_ES\" \/>\n<meta property=\"og:type\" content=\"article\" \/>\n<meta property=\"og:title\" content=\"Sonora en Equipo. Reconoce Secretar\u00eda de Econom\u00eda a empresa Molymex por buenas pr\u00e1cticas ambientales Destacadas\" \/>\n<meta property=\"og:description\" content=\"HERMOSILLO, SONORA. MX.\u2014 El Gobierno del Estado, a trav\u00e9s de la Secretar\u00eda de Econom\u00eda, reconoci\u00f3 a la empresa sonorense Molymex por ser la \u00fanica compa\u00f1\u00eda En Sonora en Equipo publicamos toda la informaci\u00f3n de Sonora, M\u00e9xico y el Mundo de manera oportuna y busca que la libertad de expresi\u00f3n sea real. Visita nuestro medio informativo publicado desde Hermosillo, Sonora. %\" \/>\n<meta property=\"og:url\" content=\"https:\/\/www.sonoraenequipo.com.mx\/reconoce-secretaria-economia-empresa-molymex-buenas-practicas-ambientales\/\" \/>\n<meta property=\"og:site_name\" content=\"Sonora en Equipo.\" \/>\n<meta property=\"article:publisher\" content=\"https:\/\/www.facebook.com\/SonoraEE\/\" \/>\n<meta property=\"article:author\" content=\"https:\/\/www.facebook.com\/SonoraEE\" \/>\n<meta property=\"article:published_time\" content=\"2017-09-30T07:35:09+00:00\" \/>\n<meta property=\"article:modified_time\" content=\"2017-09-30T15:34:24+00:00\" \/>\n<meta property=\"og:image\" content=\"https:\/\/www.sonoraenequipo.com.mx\/storage\/2017\/09\/sececonomia-molymex_opt.jpg\" \/>\n\t<meta property=\"og:image:width\" content=\"600\" \/>\n\t<meta property=\"og:image:height\" content=\"400\" \/>\n\t<meta property=\"og:image:type\" content=\"image\/jpeg\" \/>\n<meta name=\"author\" content=\"enequipo\" \/>\n<meta name=\"twitter:card\" content=\"summary_large_image\" \/>\n<meta name=\"twitter:creator\" content=\"@sonoraenequipo\" \/>\n<meta name=\"twitter:site\" content=\"@sonoraenequipo\" \/>\n<meta name=\"twitter:label1\" content=\"Escrito por\" \/>\n\t<meta name=\"twitter:data1\" content=\"enequipo\" \/>\n\t<meta name=\"twitter:label2\" content=\"Tiempo de lectura\" \/>\n\t<meta name=\"twitter:data2\" content=\"2 minutos\" \/>\n<script type=\"application\/ld+json\" class=\"yoast-schema-graph\">{\"@context\":\"https:\/\/schema.org\",\"@graph\":[{\"@type\":\"Article\",\"@id\":\"https:\/\/www.sonoraenequipo.com.mx\/reconoce-secretaria-economia-empresa-molymex-buenas-practicas-ambientales\/#article\",\"isPartOf\":{\"@id\":\"https:\/\/www.sonoraenequipo.com.mx\/reconoce-secretaria-economia-empresa-molymex-buenas-practicas-ambientales\/\"},\"author\":{\"name\":\"enequipo\",\"@id\":\"https:\/\/www.sonoraenequipo.com.mx\/#\/schema\/person\/50102df0fb23a8fa9e8effad8fa81386\"},\"headline\":\"Reconoce Secretar\u00eda de Econom\u00eda a empresa Molymex por buenas pr\u00e1cticas ambientales\",\"datePublished\":\"2017-09-30T07:35:09+00:00\",\"dateModified\":\"2017-09-30T15:34:24+00:00\",\"mainEntityOfPage\":{\"@id\":\"https:\/\/www.sonoraenequipo.com.mx\/reconoce-secretaria-economia-empresa-molymex-buenas-practicas-ambientales\/\"},\"wordCount\":359,\"commentCount\":0,\"publisher\":{\"@id\":\"https:\/\/www.sonoraenequipo.com.mx\/#organization\"},\"image\":{\"@id\":\"https:\/\/www.sonoraenequipo.com.mx\/reconoce-secretaria-economia-empresa-molymex-buenas-practicas-ambientales\/#primaryimage\"},\"thumbnailUrl\":\"https:\/\/www.sonoraenequipo.com.mx\/storage\/2017\/09\/sececonomia-molymex_opt.jpg\",\"articleSection\":[\"Destacadas\",\"Sonora\"],\"inLanguage\":\"es\",\"potentialAction\":[{\"@type\":\"CommentAction\",\"name\":\"Comment\",\"target\":[\"https:\/\/www.sonoraenequipo.com.mx\/reconoce-secretaria-economia-empresa-molymex-buenas-practicas-ambientales\/#respond\"]}]},{\"@type\":\"WebPage\",\"@id\":\"https:\/\/www.sonoraenequipo.com.mx\/reconoce-secretaria-economia-empresa-molymex-buenas-practicas-ambientales\/\",\"url\":\"https:\/\/www.sonoraenequipo.com.mx\/reconoce-secretaria-economia-empresa-molymex-buenas-practicas-ambientales\/\",\"name\":\"Sonora en Equipo. Reconoce Secretar\u00eda de Econom\u00eda a empresa Molymex por buenas pr\u00e1cticas ambientales Destacadas\",\"isPartOf\":{\"@id\":\"https:\/\/www.sonoraenequipo.com.mx\/#website\"},\"primaryImageOfPage\":{\"@id\":\"https:\/\/www.sonoraenequipo.com.mx\/reconoce-secretaria-economia-empresa-molymex-buenas-practicas-ambientales\/#primaryimage\"},\"image\":{\"@id\":\"https:\/\/www.sonoraenequipo.com.mx\/reconoce-secretaria-economia-empresa-molymex-buenas-practicas-ambientales\/#primaryimage\"},\"thumbnailUrl\":\"https:\/\/www.sonoraenequipo.com.mx\/storage\/2017\/09\/sececonomia-molymex_opt.jpg\",\"datePublished\":\"2017-09-30T07:35:09+00:00\",\"dateModified\":\"2017-09-30T15:34:24+00:00\",\"description\":\"HERMOSILLO, SONORA. MX.\u2014 El Gobierno del Estado, a trav\u00e9s de la Secretar\u00eda de Econom\u00eda, reconoci\u00f3 a la empresa sonorense Molymex por ser la \u00fanica compa\u00f1\u00eda En Sonora en Equipo publicamos toda la informaci\u00f3n de Sonora, M\u00e9xico y el Mundo de manera oportuna y busca que la libertad de expresi\u00f3n sea real. Visita nuestro medio informativo publicado desde Hermosillo, Sonora. %\",\"breadcrumb\":{\"@id\":\"https:\/\/www.sonoraenequipo.com.mx\/reconoce-secretaria-economia-empresa-molymex-buenas-practicas-ambientales\/#breadcrumb\"},\"inLanguage\":\"es\",\"potentialAction\":[{\"@type\":\"ReadAction\",\"target\":[\"https:\/\/www.sonoraenequipo.com.mx\/reconoce-secretaria-economia-empresa-molymex-buenas-practicas-ambientales\/\"]}]},{\"@type\":\"ImageObject\",\"inLanguage\":\"es\",\"@id\":\"https:\/\/www.sonoraenequipo.com.mx\/reconoce-secretaria-economia-empresa-molymex-buenas-practicas-ambientales\/#primaryimage\",\"url\":\"https:\/\/www.sonoraenequipo.com.mx\/storage\/2017\/09\/sececonomia-molymex_opt.jpg\",\"contentUrl\":\"https:\/\/www.sonoraenequipo.com.mx\/storage\/2017\/09\/sececonomia-molymex_opt.jpg\",\"width\":600,\"height\":400},{\"@type\":\"BreadcrumbList\",\"@id\":\"https:\/\/www.sonoraenequipo.com.mx\/reconoce-secretaria-economia-empresa-molymex-buenas-practicas-ambientales\/#breadcrumb\",\"itemListElement\":[{\"@type\":\"ListItem\",\"position\":1,\"name\":\"Portada\",\"item\":\"https:\/\/www.sonoraenequipo.com.mx\/\"},{\"@type\":\"ListItem\",\"position\":2,\"name\":\"Reconoce Secretar\u00eda de Econom\u00eda a empresa Molymex por buenas pr\u00e1cticas ambientales\"}]},{\"@type\":\"WebSite\",\"@id\":\"https:\/\/www.sonoraenequipo.com.mx\/#website\",\"url\":\"https:\/\/www.sonoraenequipo.com.mx\/\",\"name\":\"Sonora en Equipo.\",\"description\":\"Diario en l\u00ednea con Noticias desde Hermosillo, Sonora\",\"publisher\":{\"@id\":\"https:\/\/www.sonoraenequipo.com.mx\/#organization\"},\"potentialAction\":[{\"@type\":\"SearchAction\",\"target\":{\"@type\":\"EntryPoint\",\"urlTemplate\":\"https:\/\/www.sonoraenequipo.com.mx\/?s={search_term_string}\"},\"query-input\":{\"@type\":\"PropertyValueSpecification\",\"valueRequired\":true,\"valueName\":\"search_term_string\"}}],\"inLanguage\":\"es\"},{\"@type\":\"Organization\",\"@id\":\"https:\/\/www.sonoraenequipo.com.mx\/#organization\",\"name\":\"Sonoraenequipo.com.mx\",\"url\":\"https:\/\/www.sonoraenequipo.com.mx\/\",\"logo\":{\"@type\":\"ImageObject\",\"inLanguage\":\"es\",\"@id\":\"https:\/\/www.sonoraenequipo.com.mx\/#\/schema\/logo\/image\/\",\"url\":\"https:\/\/www.sonoraenequipo.com.mx\/storage\/2019\/01\/sonoraenequipo_opt.png\",\"contentUrl\":\"https:\/\/www.sonoraenequipo.com.mx\/storage\/2019\/01\/sonoraenequipo_opt.png\",\"width\":375,\"height\":125,\"caption\":\"Sonoraenequipo.com.mx\"},\"image\":{\"@id\":\"https:\/\/www.sonoraenequipo.com.mx\/#\/schema\/logo\/image\/\"},\"sameAs\":[\"https:\/\/www.facebook.com\/SonoraEE\/\",\"https:\/\/x.com\/sonoraenequipo\",\"https:\/\/www.youtube.com\/channel\/UC338nW-lPEYmJQs4ZABQ1SQ\"]},{\"@type\":\"Person\",\"@id\":\"https:\/\/www.sonoraenequipo.com.mx\/#\/schema\/person\/50102df0fb23a8fa9e8effad8fa81386\",\"name\":\"enequipo\",\"image\":{\"@type\":\"ImageObject\",\"inLanguage\":\"es\",\"@id\":\"https:\/\/www.sonoraenequipo.com.mx\/#\/schema\/person\/image\/\",\"url\":\"https:\/\/secure.gravatar.com\/avatar\/049821681b589dabc0bc20695993ccebb09f5b5d4d790cd9251b97faac7c652b?s=96&d=blank&r=g\",\"contentUrl\":\"https:\/\/secure.gravatar.com\/avatar\/049821681b589dabc0bc20695993ccebb09f5b5d4d790cd9251b97faac7c652b?s=96&d=blank&r=g\",\"caption\":\"enequipo\"},\"sameAs\":[\"https:\/\/www.facebook.com\/SonoraEE\"]}]}<\/script>\n ","yoast_head_json":{"title":"Sonora en Equipo. Reconoce Secretar\u00eda de Econom\u00eda a empresa Molymex por buenas pr\u00e1cticas ambientales Destacadas","description":"HERMOSILLO, SONORA. MX.\u2014 El Gobierno del Estado, a trav\u00e9s de la Secretar\u00eda de Econom\u00eda, reconoci\u00f3 a la empresa sonorense Molymex por ser la \u00fanica compa\u00f1\u00eda En Sonora en Equipo publicamos toda la informaci\u00f3n de Sonora, M\u00e9xico y el Mundo de manera oportuna y busca que la libertad de expresi\u00f3n sea real. Visita nuestro medio informativo publicado desde Hermosillo, Sonora. %","robots":{"index":"index","follow":"follow","max-snippet":"max-snippet:-1","max-image-preview":"max-image-preview:large","max-video-preview":"max-video-preview:-1"},"canonical":"https:\/\/www.sonoraenequipo.com.mx\/reconoce-secretaria-economia-empresa-molymex-buenas-practicas-ambientales\/","og_locale":"es_ES","og_type":"article","og_title":"Sonora en Equipo. Reconoce Secretar\u00eda de Econom\u00eda a empresa Molymex por buenas pr\u00e1cticas ambientales Destacadas","og_description":"HERMOSILLO, SONORA. MX.\u2014 El Gobierno del Estado, a trav\u00e9s de la Secretar\u00eda de Econom\u00eda, reconoci\u00f3 a la empresa sonorense Molymex por ser la \u00fanica compa\u00f1\u00eda En Sonora en Equipo publicamos toda la informaci\u00f3n de Sonora, M\u00e9xico y el Mundo de manera oportuna y busca que la libertad de expresi\u00f3n sea real. Visita nuestro medio informativo publicado desde Hermosillo, Sonora. %","og_url":"https:\/\/www.sonoraenequipo.com.mx\/reconoce-secretaria-economia-empresa-molymex-buenas-practicas-ambientales\/","og_site_name":"Sonora en Equipo.","article_publisher":"https:\/\/www.facebook.com\/SonoraEE\/","article_author":"https:\/\/www.facebook.com\/SonoraEE","article_published_time":"2017-09-30T07:35:09+00:00","article_modified_time":"2017-09-30T15:34:24+00:00","og_image":[{"width":600,"height":400,"url":"https:\/\/www.sonoraenequipo.com.mx\/storage\/2017\/09\/sececonomia-molymex_opt.jpg","type":"image\/jpeg"}],"author":"enequipo","twitter_card":"summary_large_image","twitter_creator":"@sonoraenequipo","twitter_site":"@sonoraenequipo","twitter_misc":{"Escrito por":"enequipo","Tiempo de lectura":"2 minutos"},"schema":{"@context":"https:\/\/schema.org","@graph":[{"@type":"Article","@id":"https:\/\/www.sonoraenequipo.com.mx\/reconoce-secretaria-economia-empresa-molymex-buenas-practicas-ambientales\/#article","isPartOf":{"@id":"https:\/\/www.sonoraenequipo.com.mx\/reconoce-secretaria-economia-empresa-molymex-buenas-practicas-ambientales\/"},"author":{"name":"enequipo","@id":"https:\/\/www.sonoraenequipo.com.mx\/#\/schema\/person\/50102df0fb23a8fa9e8effad8fa81386"},"headline":"Reconoce Secretar\u00eda de Econom\u00eda a empresa Molymex por buenas pr\u00e1cticas ambientales","datePublished":"2017-09-30T07:35:09+00:00","dateModified":"2017-09-30T15:34:24+00:00","mainEntityOfPage":{"@id":"https:\/\/www.sonoraenequipo.com.mx\/reconoce-secretaria-economia-empresa-molymex-buenas-practicas-ambientales\/"},"wordCount":359,"commentCount":0,"publisher":{"@id":"https:\/\/www.sonoraenequipo.com.mx\/#organization"},"image":{"@id":"https:\/\/www.sonoraenequipo.com.mx\/reconoce-secretaria-economia-empresa-molymex-buenas-practicas-ambientales\/#primaryimage"},"thumbnailUrl":"https:\/\/www.sonoraenequipo.com.mx\/storage\/2017\/09\/sececonomia-molymex_opt.jpg","articleSection":["Destacadas","Sonora"],"inLanguage":"es","potentialAction":[{"@type":"CommentAction","name":"Comment","target":["https:\/\/www.sonoraenequipo.com.mx\/reconoce-secretaria-economia-empresa-molymex-buenas-practicas-ambientales\/#respond"]}]},{"@type":"WebPage","@id":"https:\/\/www.sonoraenequipo.com.mx\/reconoce-secretaria-economia-empresa-molymex-buenas-practicas-ambientales\/","url":"https:\/\/www.sonoraenequipo.com.mx\/reconoce-secretaria-economia-empresa-molymex-buenas-practicas-ambientales\/","name":"Sonora en Equipo. Reconoce Secretar\u00eda de Econom\u00eda a empresa Molymex por buenas pr\u00e1cticas ambientales Destacadas","isPartOf":{"@id":"https:\/\/www.sonoraenequipo.com.mx\/#website"},"primaryImageOfPage":{"@id":"https:\/\/www.sonoraenequipo.com.mx\/reconoce-secretaria-economia-empresa-molymex-buenas-practicas-ambientales\/#primaryimage"},"image":{"@id":"https:\/\/www.sonoraenequipo.com.mx\/reconoce-secretaria-economia-empresa-molymex-buenas-practicas-ambientales\/#primaryimage"},"thumbnailUrl":"https:\/\/www.sonoraenequipo.com.mx\/storage\/2017\/09\/sececonomia-molymex_opt.jpg","datePublished":"2017-09-30T07:35:09+00:00","dateModified":"2017-09-30T15:34:24+00:00","description":"HERMOSILLO, SONORA. MX.\u2014 El Gobierno del Estado, a trav\u00e9s de la Secretar\u00eda de Econom\u00eda, reconoci\u00f3 a la empresa sonorense Molymex por ser la \u00fanica compa\u00f1\u00eda En Sonora en Equipo publicamos toda la informaci\u00f3n de Sonora, M\u00e9xico y el Mundo de manera oportuna y busca que la libertad de expresi\u00f3n sea real. Visita nuestro medio informativo publicado desde Hermosillo, Sonora. %","breadcrumb":{"@id":"https:\/\/www.sonoraenequipo.com.mx\/reconoce-secretaria-economia-empresa-molymex-buenas-practicas-ambientales\/#breadcrumb"},"inLanguage":"es","potentialAction":[{"@type":"ReadAction","target":["https:\/\/www.sonoraenequipo.com.mx\/reconoce-secretaria-economia-empresa-molymex-buenas-practicas-ambientales\/"]}]},{"@type":"ImageObject","inLanguage":"es","@id":"https:\/\/www.sonoraenequipo.com.mx\/reconoce-secretaria-economia-empresa-molymex-buenas-practicas-ambientales\/#primaryimage","url":"https:\/\/www.sonoraenequipo.com.mx\/storage\/2017\/09\/sececonomia-molymex_opt.jpg","contentUrl":"https:\/\/www.sonoraenequipo.com.mx\/storage\/2017\/09\/sececonomia-molymex_opt.jpg","width":600,"height":400},{"@type":"BreadcrumbList","@id":"https:\/\/www.sonoraenequipo.com.mx\/reconoce-secretaria-economia-empresa-molymex-buenas-practicas-ambientales\/#breadcrumb","itemListElement":[{"@type":"ListItem","position":1,"name":"Portada","item":"https:\/\/www.sonoraenequipo.com.mx\/"},{"@type":"ListItem","position":2,"name":"Reconoce Secretar\u00eda de Econom\u00eda a empresa Molymex por buenas pr\u00e1cticas ambientales"}]},{"@type":"WebSite","@id":"https:\/\/www.sonoraenequipo.com.mx\/#website","url":"https:\/\/www.sonoraenequipo.com.mx\/","name":"Sonora en Equipo.","description":"Diario en l\u00ednea con Noticias desde Hermosillo, Sonora","publisher":{"@id":"https:\/\/www.sonoraenequipo.com.mx\/#organization"},"potentialAction":[{"@type":"SearchAction","target":{"@type":"EntryPoint","urlTemplate":"https:\/\/www.sonoraenequipo.com.mx\/?s={search_term_string}"},"query-input":{"@type":"PropertyValueSpecification","valueRequired":true,"valueName":"search_term_string"}}],"inLanguage":"es"},{"@type":"Organization","@id":"https:\/\/www.sonoraenequipo.com.mx\/#organization","name":"Sonoraenequipo.com.mx","url":"https:\/\/www.sonoraenequipo.com.mx\/","logo":{"@type":"ImageObject","inLanguage":"es","@id":"https:\/\/www.sonoraenequipo.com.mx\/#\/schema\/logo\/image\/","url":"https:\/\/www.sonoraenequipo.com.mx\/storage\/2019\/01\/sonoraenequipo_opt.png","contentUrl":"https:\/\/www.sonoraenequipo.com.mx\/storage\/2019\/01\/sonoraenequipo_opt.png","width":375,"height":125,"caption":"Sonoraenequipo.com.mx"},"image":{"@id":"https:\/\/www.sonoraenequipo.com.mx\/#\/schema\/logo\/image\/"},"sameAs":["https:\/\/www.facebook.com\/SonoraEE\/","https:\/\/x.com\/sonoraenequipo","https:\/\/www.youtube.com\/channel\/UC338nW-lPEYmJQs4ZABQ1SQ"]},{"@type":"Person","@id":"https:\/\/www.sonoraenequipo.com.mx\/#\/schema\/person\/50102df0fb23a8fa9e8effad8fa81386","name":"enequipo","image":{"@type":"ImageObject","inLanguage":"es","@id":"https:\/\/www.sonoraenequipo.com.mx\/#\/schema\/person\/image\/","url":"https:\/\/secure.gravatar.com\/avatar\/049821681b589dabc0bc20695993ccebb09f5b5d4d790cd9251b97faac7c652b?s=96&d=blank&r=g","contentUrl":"https:\/\/secure.gravatar.com\/avatar\/049821681b589dabc0bc20695993ccebb09f5b5d4d790cd9251b97faac7c652b?s=96&d=blank&r=g","caption":"enequipo"},"sameAs":["https:\/\/www.facebook.com\/SonoraEE"]}]}},"jetpack_featured_media_url":"https:\/\/www.sonoraenequipo.com.mx\/storage\/2017\/09\/sececonomia-molymex_opt.jpg","_links":{"self":[{"href":"https:\/\/www.sonoraenequipo.com.mx\/api\/wp\/v2\/posts\/26689","targetHints":{"allow":["GET"]}}],"collection":[{"href":"https:\/\/www.sonoraenequipo.com.mx\/api\/wp\/v2\/posts"}],"about":[{"href":"https:\/\/www.sonoraenequipo.com.mx\/api\/wp\/v2\/types\/post"}],"author":[{"embeddable":true,"href":"https:\/\/www.sonoraenequipo.com.mx\/api\/wp\/v2\/users\/1"}],"replies":[{"embeddable":true,"href":"https:\/\/www.sonoraenequipo.com.mx\/api\/wp\/v2\/comments?post=26689"}],"version-history":[{"count":0,"href":"https:\/\/www.sonoraenequipo.com.mx\/api\/wp\/v2\/posts\/26689\/revisions"}],"wp:featuredmedia":[{"embeddable":true,"href":"https:\/\/www.sonoraenequipo.com.mx\/api\/wp\/v2\/media\/26690"}],"wp:attachment":[{"href":"https:\/\/www.sonoraenequipo.com.mx\/api\/wp\/v2\/media?parent=26689"}],"wp:term":[{"taxonomy":"category","embeddable":true,"href":"https:\/\/www.sonoraenequipo.com.mx\/api\/wp\/v2\/categories?post=26689"},{"taxonomy":"post_tag","embeddable":true,"href":"https:\/\/www.sonoraenequipo.com.mx\/api\/wp\/v2\/tags?post=26689"}],"curies":[{"name":"wp","href":"https:\/\/api.w.org\/{rel}","templated":true}]}}