{"id":26695,"date":"2017-09-30T01:10:18","date_gmt":"2017-09-30T08:10:18","guid":{"rendered":"http:\/\/www.sonoraenequipo.com.mx\/?p=26695"},"modified":"2017-09-30T08:45:42","modified_gmt":"2017-09-30T15:45:42","slug":"fomentan-estado-federacion-participacion-jovenes-acciones-cambio-climatico","status":"publish","type":"post","link":"https:\/\/www.sonoraenequipo.com.mx\/fomentan-estado-federacion-participacion-jovenes-acciones-cambio-climatico\/","title":{"rendered":"Fomentan estado y federaci\u00f3n participaci\u00f3n de j\u00f3venes en acciones contra el cambio clim\u00e1tico"},"content":{"rendered":"<p>HERMOSILLO, SONORA. MX.\u2014 Con la participaci\u00f3n de alumnos de once instituciones de educaci\u00f3n superior se realiz\u00f3 en el Centro Ecol\u00f3gico de Sonora el Foro Universitario y Expo-Feria \u201cInnovaci\u00f3n en Ciencia y Tecnolog\u00eda Aplicada al Cambio Clim\u00e1tico\u201d.<\/p>\n<p> <\/p>\n<p>Luis Carlos Romo Salazar, titular de la Comisi\u00f3n de Ecolog\u00eda y Desarrollo Sustentable del Estado de Sonora (CEDES), inaugur\u00f3 el foro que en coordinaci\u00f3n con el Instituto Nacional de Ecolog\u00eda y Cambio Clim\u00e1tico (INEC) se efectu\u00f3 y es parte de las acciones que M\u00e9xico implementa contra el cambio clim\u00e1tico.<\/p>\n<p>El funcionario estatal se refiri\u00f3 a la necesidad de informar a la poblaci\u00f3n sobre las causas e impactos de este fen\u00f3meno ocasionado por el calentamiento global, as\u00ed como las acciones que los gobiernos federal y estatal impulsan para mitigar los efectos adversos que ocasiona.<\/p>\n<p><em>\u201cEn coordinaci\u00f3n con el INECC estamos organizando un foro de innovaci\u00f3n para que los j\u00f3venes aporten iniciativas en este tema, Sonora es uno de los estados que tiene cambios m\u00e1s fuertes, en el caso del estado las temperaturas han subido un grado, lo que hace que afecten m\u00e1s los golpes de calor\u201d,<\/em> se\u00f1al\u00f3.<\/p>\n<p>Ante ello, dijo, el Gobierno del Estado de Sonora instal\u00f3 la Comisi\u00f3n Intersecretarial del Cambio Clim\u00e1tico, en la cual participan todas las entidades de gobierno que tienen programas y actividades relacionadas con el cambio clim\u00e1tico.<\/p>\n<p>Romo Salazar destac\u00f3 que, derivado de gestiones de la Gobernadora Claudia Pavlovich, en Sonora existen proyectos de infraestructura verde que infiltran agua de lluvia; eficiencia energ\u00e9tica; proyectos para que la iniciativa privada incorpore tecnolog\u00edas verdes y otras m\u00e1s que tienen que ver con calidad de vida.<\/p>\n<p>Agreg\u00f3 que estas iniciativas son coordinadas por el Comit\u00e9 intersecretarial del Cambio Clim\u00e1tico incorporado al Plan Estatal de Desarrollo; y que adem\u00e1s dirigen la Ley Estatal del Cambio Clim\u00e1tico que el pr\u00f3ximo mes se presentar\u00e1 en el Congreso del Estado.<\/p>\n<p>El titular de la CEDES subray\u00f3 que Hermosillo y Nogales cuentan con manuales de infraestructura verde para combatir el cambio clim\u00e1tico, y a\u00f1adi\u00f3 que se han implementado talleres en los que han participado 52 municipios del estado.<\/p>\n<p>Al evento acudi\u00f3 Ileana Villalobos Estrada, coordinadora de asesores de la Direcci\u00f3n General del INEC; la diputada local Sandra Hern\u00e1ndez Barajas, presidenta de la Comisi\u00f3n de Ecolog\u00eda Medio Ambiente y Cambio Clim\u00e1tico del Congreso del Estado; Linsday Rosas Villareal, Directora General de Vinculaci\u00f3n y Participaci\u00f3n Social de la Secretar\u00eda de Educaci\u00f3n y Cultura; y Guillermo Savi\u00f1\u00f3n Moreno, Coordinador de Liderazgo Juvenil del Instituto Sonorense de la Juventud.<\/p>\n<p>&nbsp;<\/p>\n<p>&nbsp;<\/p>\n<p>(Fecha de publicaci\u00f3n 29092017)<\/p>\n","protected":false},"excerpt":{"rendered":"<p>HERMOSILLO, SONORA. MX.\u2014 Con la participaci\u00f3n de alumnos de once instituciones de educaci\u00f3n superior se&#8230;<\/p>\n","protected":false},"author":1,"featured_media":26696,"comment_status":"open","ping_status":"open","sticky":false,"template":"","format":"standard","meta":{"_monsterinsights_skip_tracking":false,"_monsterinsights_sitenote_active":false,"_monsterinsights_sitenote_note":"","_monsterinsights_sitenote_category":0,"footnotes":""},"categories":[13,22],"tags":[],"class_list":["post"],"yoast_head":" \n<title>Sonora en Equipo. Fomentan estado y federaci\u00f3n participaci\u00f3n de j\u00f3venes en acciones contra el cambio clim\u00e1tico Destacadas<\/title>\n<meta name=\"description\" content=\"HERMOSILLO, SONORA. MX.\u2014 Con la participaci\u00f3n de alumnos de once instituciones de educaci\u00f3n superior se realiz\u00f3 en el Centro Ecol\u00f3gico de Sonora el Foro En Sonora en Equipo publicamos toda la informaci\u00f3n de Sonora, M\u00e9xico y el Mundo de manera oportuna y busca que la libertad de expresi\u00f3n sea real. Visita nuestro medio informativo publicado desde Hermosillo, Sonora. %\" \/>\n<meta name=\"robots\" content=\"index, follow, max-snippet:-1, max-image-preview:large, max-video-preview:-1\" \/>\n<link rel=\"canonical\" href=\"https:\/\/www.sonoraenequipo.com.mx\/fomentan-estado-federacion-participacion-jovenes-acciones-cambio-climatico\/\" \/>\n<meta property=\"og:locale\" content=\"es_ES\" \/>\n<meta property=\"og:type\" content=\"article\" \/>\n<meta property=\"og:title\" content=\"Sonora en Equipo. Fomentan estado y federaci\u00f3n participaci\u00f3n de j\u00f3venes en acciones contra el cambio clim\u00e1tico Destacadas\" \/>\n<meta property=\"og:description\" content=\"HERMOSILLO, SONORA. MX.\u2014 Con la participaci\u00f3n de alumnos de once instituciones de educaci\u00f3n superior se realiz\u00f3 en el Centro Ecol\u00f3gico de Sonora el Foro En Sonora en Equipo publicamos toda la informaci\u00f3n de Sonora, M\u00e9xico y el Mundo de manera oportuna y busca que la libertad de expresi\u00f3n sea real. Visita nuestro medio informativo publicado desde Hermosillo, Sonora. %\" \/>\n<meta property=\"og:url\" content=\"https:\/\/www.sonoraenequipo.com.mx\/fomentan-estado-federacion-participacion-jovenes-acciones-cambio-climatico\/\" \/>\n<meta property=\"og:site_name\" content=\"Sonora en Equipo.\" \/>\n<meta property=\"article:publisher\" content=\"https:\/\/www.facebook.com\/SonoraEE\/\" \/>\n<meta property=\"article:author\" content=\"https:\/\/www.facebook.com\/SonoraEE\" \/>\n<meta property=\"article:published_time\" content=\"2017-09-30T08:10:18+00:00\" \/>\n<meta property=\"article:modified_time\" content=\"2017-09-30T15:45:42+00:00\" \/>\n<meta property=\"og:image\" content=\"https:\/\/www.sonoraenequipo.com.mx\/storage\/2017\/09\/cambioclimatico_opt1.jpg\" \/>\n\t<meta property=\"og:image:width\" content=\"601\" \/>\n\t<meta property=\"og:image:height\" content=\"400\" \/>\n\t<meta property=\"og:image:type\" content=\"image\/jpeg\" \/>\n<meta name=\"author\" content=\"enequipo\" \/>\n<meta name=\"twitter:card\" content=\"summary_large_image\" \/>\n<meta name=\"twitter:creator\" content=\"@sonoraenequipo\" \/>\n<meta name=\"twitter:site\" content=\"@sonoraenequipo\" \/>\n<meta name=\"twitter:label1\" content=\"Escrito por\" \/>\n\t<meta name=\"twitter:data1\" content=\"enequipo\" \/>\n\t<meta name=\"twitter:label2\" content=\"Tiempo de lectura\" \/>\n\t<meta name=\"twitter:data2\" content=\"2 minutos\" \/>\n<script type=\"application\/ld+json\" class=\"yoast-schema-graph\">{\"@context\":\"https:\/\/schema.org\",\"@graph\":[{\"@type\":\"Article\",\"@id\":\"https:\/\/www.sonoraenequipo.com.mx\/fomentan-estado-federacion-participacion-jovenes-acciones-cambio-climatico\/#article\",\"isPartOf\":{\"@id\":\"https:\/\/www.sonoraenequipo.com.mx\/fomentan-estado-federacion-participacion-jovenes-acciones-cambio-climatico\/\"},\"author\":{\"name\":\"enequipo\",\"@id\":\"https:\/\/www.sonoraenequipo.com.mx\/#\/schema\/person\/50102df0fb23a8fa9e8effad8fa81386\"},\"headline\":\"Fomentan estado y federaci\u00f3n participaci\u00f3n de j\u00f3venes en acciones contra el cambio clim\u00e1tico\",\"datePublished\":\"2017-09-30T08:10:18+00:00\",\"dateModified\":\"2017-09-30T15:45:42+00:00\",\"mainEntityOfPage\":{\"@id\":\"https:\/\/www.sonoraenequipo.com.mx\/fomentan-estado-federacion-participacion-jovenes-acciones-cambio-climatico\/\"},\"wordCount\":472,\"commentCount\":0,\"publisher\":{\"@id\":\"https:\/\/www.sonoraenequipo.com.mx\/#organization\"},\"image\":{\"@id\":\"https:\/\/www.sonoraenequipo.com.mx\/fomentan-estado-federacion-participacion-jovenes-acciones-cambio-climatico\/#primaryimage\"},\"thumbnailUrl\":\"https:\/\/www.sonoraenequipo.com.mx\/storage\/2017\/09\/cambioclimatico_opt1.jpg\",\"articleSection\":[\"Destacadas\",\"Sonora\"],\"inLanguage\":\"es\",\"potentialAction\":[{\"@type\":\"CommentAction\",\"name\":\"Comment\",\"target\":[\"https:\/\/www.sonoraenequipo.com.mx\/fomentan-estado-federacion-participacion-jovenes-acciones-cambio-climatico\/#respond\"]}]},{\"@type\":\"WebPage\",\"@id\":\"https:\/\/www.sonoraenequipo.com.mx\/fomentan-estado-federacion-participacion-jovenes-acciones-cambio-climatico\/\",\"url\":\"https:\/\/www.sonoraenequipo.com.mx\/fomentan-estado-federacion-participacion-jovenes-acciones-cambio-climatico\/\",\"name\":\"Sonora en Equipo. Fomentan estado y federaci\u00f3n participaci\u00f3n de j\u00f3venes en acciones contra el cambio clim\u00e1tico Destacadas\",\"isPartOf\":{\"@id\":\"https:\/\/www.sonoraenequipo.com.mx\/#website\"},\"primaryImageOfPage\":{\"@id\":\"https:\/\/www.sonoraenequipo.com.mx\/fomentan-estado-federacion-participacion-jovenes-acciones-cambio-climatico\/#primaryimage\"},\"image\":{\"@id\":\"https:\/\/www.sonoraenequipo.com.mx\/fomentan-estado-federacion-participacion-jovenes-acciones-cambio-climatico\/#primaryimage\"},\"thumbnailUrl\":\"https:\/\/www.sonoraenequipo.com.mx\/storage\/2017\/09\/cambioclimatico_opt1.jpg\",\"datePublished\":\"2017-09-30T08:10:18+00:00\",\"dateModified\":\"2017-09-30T15:45:42+00:00\",\"description\":\"HERMOSILLO, SONORA. MX.\u2014 Con la participaci\u00f3n de alumnos de once instituciones de educaci\u00f3n superior se realiz\u00f3 en el Centro Ecol\u00f3gico de Sonora el Foro En Sonora en Equipo publicamos toda la informaci\u00f3n de Sonora, M\u00e9xico y el Mundo de manera oportuna y busca que la libertad de expresi\u00f3n sea real. Visita nuestro medio informativo publicado desde Hermosillo, Sonora. %\",\"breadcrumb\":{\"@id\":\"https:\/\/www.sonoraenequipo.com.mx\/fomentan-estado-federacion-participacion-jovenes-acciones-cambio-climatico\/#breadcrumb\"},\"inLanguage\":\"es\",\"potentialAction\":[{\"@type\":\"ReadAction\",\"target\":[\"https:\/\/www.sonoraenequipo.com.mx\/fomentan-estado-federacion-participacion-jovenes-acciones-cambio-climatico\/\"]}]},{\"@type\":\"ImageObject\",\"inLanguage\":\"es\",\"@id\":\"https:\/\/www.sonoraenequipo.com.mx\/fomentan-estado-federacion-participacion-jovenes-acciones-cambio-climatico\/#primaryimage\",\"url\":\"https:\/\/www.sonoraenequipo.com.mx\/storage\/2017\/09\/cambioclimatico_opt1.jpg\",\"contentUrl\":\"https:\/\/www.sonoraenequipo.com.mx\/storage\/2017\/09\/cambioclimatico_opt1.jpg\",\"width\":601,\"height\":400},{\"@type\":\"BreadcrumbList\",\"@id\":\"https:\/\/www.sonoraenequipo.com.mx\/fomentan-estado-federacion-participacion-jovenes-acciones-cambio-climatico\/#breadcrumb\",\"itemListElement\":[{\"@type\":\"ListItem\",\"position\":1,\"name\":\"Portada\",\"item\":\"https:\/\/www.sonoraenequipo.com.mx\/\"},{\"@type\":\"ListItem\",\"position\":2,\"name\":\"Fomentan estado y federaci\u00f3n participaci\u00f3n de j\u00f3venes en acciones contra el cambio clim\u00e1tico\"}]},{\"@type\":\"WebSite\",\"@id\":\"https:\/\/www.sonoraenequipo.com.mx\/#website\",\"url\":\"https:\/\/www.sonoraenequipo.com.mx\/\",\"name\":\"Sonora en Equipo.\",\"description\":\"Diario en l\u00ednea con Noticias desde Hermosillo, Sonora\",\"publisher\":{\"@id\":\"https:\/\/www.sonoraenequipo.com.mx\/#organization\"},\"potentialAction\":[{\"@type\":\"SearchAction\",\"target\":{\"@type\":\"EntryPoint\",\"urlTemplate\":\"https:\/\/www.sonoraenequipo.com.mx\/?s={search_term_string}\"},\"query-input\":{\"@type\":\"PropertyValueSpecification\",\"valueRequired\":true,\"valueName\":\"search_term_string\"}}],\"inLanguage\":\"es\"},{\"@type\":\"Organization\",\"@id\":\"https:\/\/www.sonoraenequipo.com.mx\/#organization\",\"name\":\"Sonoraenequipo.com.mx\",\"url\":\"https:\/\/www.sonoraenequipo.com.mx\/\",\"logo\":{\"@type\":\"ImageObject\",\"inLanguage\":\"es\",\"@id\":\"https:\/\/www.sonoraenequipo.com.mx\/#\/schema\/logo\/image\/\",\"url\":\"https:\/\/www.sonoraenequipo.com.mx\/storage\/2019\/01\/sonoraenequipo_opt.png\",\"contentUrl\":\"https:\/\/www.sonoraenequipo.com.mx\/storage\/2019\/01\/sonoraenequipo_opt.png\",\"width\":375,\"height\":125,\"caption\":\"Sonoraenequipo.com.mx\"},\"image\":{\"@id\":\"https:\/\/www.sonoraenequipo.com.mx\/#\/schema\/logo\/image\/\"},\"sameAs\":[\"https:\/\/www.facebook.com\/SonoraEE\/\",\"https:\/\/x.com\/sonoraenequipo\",\"https:\/\/www.youtube.com\/channel\/UC338nW-lPEYmJQs4ZABQ1SQ\"]},{\"@type\":\"Person\",\"@id\":\"https:\/\/www.sonoraenequipo.com.mx\/#\/schema\/person\/50102df0fb23a8fa9e8effad8fa81386\",\"name\":\"enequipo\",\"image\":{\"@type\":\"ImageObject\",\"inLanguage\":\"es\",\"@id\":\"https:\/\/www.sonoraenequipo.com.mx\/#\/schema\/person\/image\/\",\"url\":\"https:\/\/secure.gravatar.com\/avatar\/049821681b589dabc0bc20695993ccebb09f5b5d4d790cd9251b97faac7c652b?s=96&d=blank&r=g\",\"contentUrl\":\"https:\/\/secure.gravatar.com\/avatar\/049821681b589dabc0bc20695993ccebb09f5b5d4d790cd9251b97faac7c652b?s=96&d=blank&r=g\",\"caption\":\"enequipo\"},\"sameAs\":[\"https:\/\/www.facebook.com\/SonoraEE\"]}]}<\/script>\n ","yoast_head_json":{"title":"Sonora en Equipo. Fomentan estado y federaci\u00f3n participaci\u00f3n de j\u00f3venes en acciones contra el cambio clim\u00e1tico Destacadas","description":"HERMOSILLO, SONORA. MX.\u2014 Con la participaci\u00f3n de alumnos de once instituciones de educaci\u00f3n superior se realiz\u00f3 en el Centro Ecol\u00f3gico de Sonora el Foro En Sonora en Equipo publicamos toda la informaci\u00f3n de Sonora, M\u00e9xico y el Mundo de manera oportuna y busca que la libertad de expresi\u00f3n sea real. Visita nuestro medio informativo publicado desde Hermosillo, Sonora. %","robots":{"index":"index","follow":"follow","max-snippet":"max-snippet:-1","max-image-preview":"max-image-preview:large","max-video-preview":"max-video-preview:-1"},"canonical":"https:\/\/www.sonoraenequipo.com.mx\/fomentan-estado-federacion-participacion-jovenes-acciones-cambio-climatico\/","og_locale":"es_ES","og_type":"article","og_title":"Sonora en Equipo. Fomentan estado y federaci\u00f3n participaci\u00f3n de j\u00f3venes en acciones contra el cambio clim\u00e1tico Destacadas","og_description":"HERMOSILLO, SONORA. MX.\u2014 Con la participaci\u00f3n de alumnos de once instituciones de educaci\u00f3n superior se realiz\u00f3 en el Centro Ecol\u00f3gico de Sonora el Foro En Sonora en Equipo publicamos toda la informaci\u00f3n de Sonora, M\u00e9xico y el Mundo de manera oportuna y busca que la libertad de expresi\u00f3n sea real. Visita nuestro medio informativo publicado desde Hermosillo, Sonora. %","og_url":"https:\/\/www.sonoraenequipo.com.mx\/fomentan-estado-federacion-participacion-jovenes-acciones-cambio-climatico\/","og_site_name":"Sonora en Equipo.","article_publisher":"https:\/\/www.facebook.com\/SonoraEE\/","article_author":"https:\/\/www.facebook.com\/SonoraEE","article_published_time":"2017-09-30T08:10:18+00:00","article_modified_time":"2017-09-30T15:45:42+00:00","og_image":[{"width":601,"height":400,"url":"https:\/\/www.sonoraenequipo.com.mx\/storage\/2017\/09\/cambioclimatico_opt1.jpg","type":"image\/jpeg"}],"author":"enequipo","twitter_card":"summary_large_image","twitter_creator":"@sonoraenequipo","twitter_site":"@sonoraenequipo","twitter_misc":{"Escrito por":"enequipo","Tiempo de lectura":"2 minutos"},"schema":{"@context":"https:\/\/schema.org","@graph":[{"@type":"Article","@id":"https:\/\/www.sonoraenequipo.com.mx\/fomentan-estado-federacion-participacion-jovenes-acciones-cambio-climatico\/#article","isPartOf":{"@id":"https:\/\/www.sonoraenequipo.com.mx\/fomentan-estado-federacion-participacion-jovenes-acciones-cambio-climatico\/"},"author":{"name":"enequipo","@id":"https:\/\/www.sonoraenequipo.com.mx\/#\/schema\/person\/50102df0fb23a8fa9e8effad8fa81386"},"headline":"Fomentan estado y federaci\u00f3n participaci\u00f3n de j\u00f3venes en acciones contra el cambio clim\u00e1tico","datePublished":"2017-09-30T08:10:18+00:00","dateModified":"2017-09-30T15:45:42+00:00","mainEntityOfPage":{"@id":"https:\/\/www.sonoraenequipo.com.mx\/fomentan-estado-federacion-participacion-jovenes-acciones-cambio-climatico\/"},"wordCount":472,"commentCount":0,"publisher":{"@id":"https:\/\/www.sonoraenequipo.com.mx\/#organization"},"image":{"@id":"https:\/\/www.sonoraenequipo.com.mx\/fomentan-estado-federacion-participacion-jovenes-acciones-cambio-climatico\/#primaryimage"},"thumbnailUrl":"https:\/\/www.sonoraenequipo.com.mx\/storage\/2017\/09\/cambioclimatico_opt1.jpg","articleSection":["Destacadas","Sonora"],"inLanguage":"es","potentialAction":[{"@type":"CommentAction","name":"Comment","target":["https:\/\/www.sonoraenequipo.com.mx\/fomentan-estado-federacion-participacion-jovenes-acciones-cambio-climatico\/#respond"]}]},{"@type":"WebPage","@id":"https:\/\/www.sonoraenequipo.com.mx\/fomentan-estado-federacion-participacion-jovenes-acciones-cambio-climatico\/","url":"https:\/\/www.sonoraenequipo.com.mx\/fomentan-estado-federacion-participacion-jovenes-acciones-cambio-climatico\/","name":"Sonora en Equipo. Fomentan estado y federaci\u00f3n participaci\u00f3n de j\u00f3venes en acciones contra el cambio clim\u00e1tico Destacadas","isPartOf":{"@id":"https:\/\/www.sonoraenequipo.com.mx\/#website"},"primaryImageOfPage":{"@id":"https:\/\/www.sonoraenequipo.com.mx\/fomentan-estado-federacion-participacion-jovenes-acciones-cambio-climatico\/#primaryimage"},"image":{"@id":"https:\/\/www.sonoraenequipo.com.mx\/fomentan-estado-federacion-participacion-jovenes-acciones-cambio-climatico\/#primaryimage"},"thumbnailUrl":"https:\/\/www.sonoraenequipo.com.mx\/storage\/2017\/09\/cambioclimatico_opt1.jpg","datePublished":"2017-09-30T08:10:18+00:00","dateModified":"2017-09-30T15:45:42+00:00","description":"HERMOSILLO, SONORA. MX.\u2014 Con la participaci\u00f3n de alumnos de once instituciones de educaci\u00f3n superior se realiz\u00f3 en el Centro Ecol\u00f3gico de Sonora el Foro En Sonora en Equipo publicamos toda la informaci\u00f3n de Sonora, M\u00e9xico y el Mundo de manera oportuna y busca que la libertad de expresi\u00f3n sea real. Visita nuestro medio informativo publicado desde Hermosillo, Sonora. %","breadcrumb":{"@id":"https:\/\/www.sonoraenequipo.com.mx\/fomentan-estado-federacion-participacion-jovenes-acciones-cambio-climatico\/#breadcrumb"},"inLanguage":"es","potentialAction":[{"@type":"ReadAction","target":["https:\/\/www.sonoraenequipo.com.mx\/fomentan-estado-federacion-participacion-jovenes-acciones-cambio-climatico\/"]}]},{"@type":"ImageObject","inLanguage":"es","@id":"https:\/\/www.sonoraenequipo.com.mx\/fomentan-estado-federacion-participacion-jovenes-acciones-cambio-climatico\/#primaryimage","url":"https:\/\/www.sonoraenequipo.com.mx\/storage\/2017\/09\/cambioclimatico_opt1.jpg","contentUrl":"https:\/\/www.sonoraenequipo.com.mx\/storage\/2017\/09\/cambioclimatico_opt1.jpg","width":601,"height":400},{"@type":"BreadcrumbList","@id":"https:\/\/www.sonoraenequipo.com.mx\/fomentan-estado-federacion-participacion-jovenes-acciones-cambio-climatico\/#breadcrumb","itemListElement":[{"@type":"ListItem","position":1,"name":"Portada","item":"https:\/\/www.sonoraenequipo.com.mx\/"},{"@type":"ListItem","position":2,"name":"Fomentan estado y federaci\u00f3n participaci\u00f3n de j\u00f3venes en acciones contra el cambio clim\u00e1tico"}]},{"@type":"WebSite","@id":"https:\/\/www.sonoraenequipo.com.mx\/#website","url":"https:\/\/www.sonoraenequipo.com.mx\/","name":"Sonora en Equipo.","description":"Diario en l\u00ednea con Noticias desde Hermosillo, Sonora","publisher":{"@id":"https:\/\/www.sonoraenequipo.com.mx\/#organization"},"potentialAction":[{"@type":"SearchAction","target":{"@type":"EntryPoint","urlTemplate":"https:\/\/www.sonoraenequipo.com.mx\/?s={search_term_string}"},"query-input":{"@type":"PropertyValueSpecification","valueRequired":true,"valueName":"search_term_string"}}],"inLanguage":"es"},{"@type":"Organization","@id":"https:\/\/www.sonoraenequipo.com.mx\/#organization","name":"Sonoraenequipo.com.mx","url":"https:\/\/www.sonoraenequipo.com.mx\/","logo":{"@type":"ImageObject","inLanguage":"es","@id":"https:\/\/www.sonoraenequipo.com.mx\/#\/schema\/logo\/image\/","url":"https:\/\/www.sonoraenequipo.com.mx\/storage\/2019\/01\/sonoraenequipo_opt.png","contentUrl":"https:\/\/www.sonoraenequipo.com.mx\/storage\/2019\/01\/sonoraenequipo_opt.png","width":375,"height":125,"caption":"Sonoraenequipo.com.mx"},"image":{"@id":"https:\/\/www.sonoraenequipo.com.mx\/#\/schema\/logo\/image\/"},"sameAs":["https:\/\/www.facebook.com\/SonoraEE\/","https:\/\/x.com\/sonoraenequipo","https:\/\/www.youtube.com\/channel\/UC338nW-lPEYmJQs4ZABQ1SQ"]},{"@type":"Person","@id":"https:\/\/www.sonoraenequipo.com.mx\/#\/schema\/person\/50102df0fb23a8fa9e8effad8fa81386","name":"enequipo","image":{"@type":"ImageObject","inLanguage":"es","@id":"https:\/\/www.sonoraenequipo.com.mx\/#\/schema\/person\/image\/","url":"https:\/\/secure.gravatar.com\/avatar\/049821681b589dabc0bc20695993ccebb09f5b5d4d790cd9251b97faac7c652b?s=96&d=blank&r=g","contentUrl":"https:\/\/secure.gravatar.com\/avatar\/049821681b589dabc0bc20695993ccebb09f5b5d4d790cd9251b97faac7c652b?s=96&d=blank&r=g","caption":"enequipo"},"sameAs":["https:\/\/www.facebook.com\/SonoraEE"]}]}},"jetpack_featured_media_url":"https:\/\/www.sonoraenequipo.com.mx\/storage\/2017\/09\/cambioclimatico_opt1.jpg","_links":{"self":[{"href":"https:\/\/www.sonoraenequipo.com.mx\/api\/wp\/v2\/posts\/26695","targetHints":{"allow":["GET"]}}],"collection":[{"href":"https:\/\/www.sonoraenequipo.com.mx\/api\/wp\/v2\/posts"}],"about":[{"href":"https:\/\/www.sonoraenequipo.com.mx\/api\/wp\/v2\/types\/post"}],"author":[{"embeddable":true,"href":"https:\/\/www.sonoraenequipo.com.mx\/api\/wp\/v2\/users\/1"}],"replies":[{"embeddable":true,"href":"https:\/\/www.sonoraenequipo.com.mx\/api\/wp\/v2\/comments?post=26695"}],"version-history":[{"count":0,"href":"https:\/\/www.sonoraenequipo.com.mx\/api\/wp\/v2\/posts\/26695\/revisions"}],"wp:featuredmedia":[{"embeddable":true,"href":"https:\/\/www.sonoraenequipo.com.mx\/api\/wp\/v2\/media\/26696"}],"wp:attachment":[{"href":"https:\/\/www.sonoraenequipo.com.mx\/api\/wp\/v2\/media?parent=26695"}],"wp:term":[{"taxonomy":"category","embeddable":true,"href":"https:\/\/www.sonoraenequipo.com.mx\/api\/wp\/v2\/categories?post=26695"},{"taxonomy":"post_tag","embeddable":true,"href":"https:\/\/www.sonoraenequipo.com.mx\/api\/wp\/v2\/tags?post=26695"}],"curies":[{"name":"wp","href":"https:\/\/api.w.org\/{rel}","templated":true}]}}