{"id":26702,"date":"2017-09-30T01:35:51","date_gmt":"2017-09-30T08:35:51","guid":{"rendered":"http:\/\/www.sonoraenequipo.com.mx\/?p=26702"},"modified":"2017-09-30T08:55:59","modified_gmt":"2017-09-30T15:55:59","slug":"historia-hermosillo-mega-campana-castracion-mascotas","status":"publish","type":"post","link":"https:\/\/www.sonoraenequipo.com.mx\/historia-hermosillo-mega-campana-castracion-mascotas\/","title":{"rendered":"Hace historia Hermosillo en mega campa\u00f1a de castraci\u00f3n de mascotas"},"content":{"rendered":"<p>HERMOSILLO, SONORA. MX.\u2014 El Presidente Municipal de Hermosillo, Manuel Ignacio Maloro Acosta, acept\u00f3 involucrar a las organizaciones no gubernamentales en la adecuaci\u00f3n del reglamento municipal para la tenencia de mascotas, a fin de que \u00e9ste responda de mejor manera a las necesidades de la comunidad, sin menoscabo del bienestar de los animales.<\/p>\n<p> <\/p>\n<p>As\u00ed lo dio a conocer durante el arranque de la primera Megacampa\u00f1a de Esterilizaci\u00f3n Gratuita convocada por Salud P\u00fablica Municipal a trav\u00e9s del Centro de Atenci\u00f3n Canina y Felina de Hermosillo, cuya meta es intervenir a mil 200 perros y gatos entre el viernes 29, s\u00e1bado 30 de septiembre y el domingo primero de octubre.<\/p>\n<p>Con ese compromiso respondi\u00f3 Maloro Acosta a la Carolina Araiza S\u00e1nchez, Presidenta de la Asociaci\u00f3n Civil<em><strong> \u201cPata de Perro\u201d,<\/strong><\/em> quien pidi\u00f3 la oportunidad de incidir en el dise\u00f1o de nuevas estrategias de control animal en el Municipio, a trav\u00e9s de reformas al reglamento municipal correspondiente.<\/p>\n<p>El Presidente Municipal inform\u00f3 tambi\u00e9n que para fortalecer el \u00e1rea de Salud Animal se instalar\u00e1 una ampliaci\u00f3n del Centro de Atenci\u00f3n Canina y Felina en el que ser\u00e1 el Parque Metropolitano de Hermosillo, como una forma de fortalecer el servicio que esta instancia ofrece a la comunidad.<\/p>\n<p>Refrend\u00f3 su compromiso personal y como Presidente Municipal de mantener la puerta abierta a la participaci\u00f3n de la sociedad civil en temas de inter\u00e9s com\u00fan y ofreci\u00f3 seguir trabajando en sinton\u00eda con ellos para bien de los hermosillenses.<\/p>\n<p>Carolina Araiza S\u00e1nchez, Presidenta de la Asociaci\u00f3n Civil \u201cPata de Perro\u201d, reconoci\u00f3 a Maloro Acosta como el \u00fanico Presidente Municipal que en 40 a\u00f1os, ha acudido a una mega campa\u00f1a de esterilizaci\u00f3n, lo que representa que hay toda la disponibilidad de trabajar en el tema de control de poblaci\u00f3n de animales.<\/p>\n<p><em>\u201cEste no es s\u00f3lo en beneficio de las asociaciones y del animal mismo, hay que recordar que los perros callejeros y la sobrepoblaci\u00f3n canina y felina es un tema de salud para todos los ciudadanos, se trata de hacernos responsables todos, empezando por nuestras autoridades, esto es algo hist\u00f3rico, durante a\u00f1os se nos han cerrado las puertas y con usted se nos han abierto\u201d,<\/em> apunt\u00f3.<\/p>\n<p>Acompa\u00f1aron a Maloro Acosta en el Arranque de la Mega Jornada de Esterilizaciones Gratuitas, Arturo C\u00e9sar Garc\u00eda Arellano, Director de Salud P\u00fablica Municipal; Jos\u00e9 Ariel F\u00e9lix Ortiz, Director del CACF y Blayra Maldonado Cabrera, Subdirectora de la instituci\u00f3n.<\/p>\n<p>Como invitados especiales acudieron Craig Nielsen y Joaqu\u00edn Villase\u00f1or, Presidente y Director de Formaci\u00f3n de la organizaci\u00f3n Spay M\u00e9xico; Mar\u00eda Guadalupe L\u00f3pez Robles, Coordinadora de la carrera de M\u00e9dico Veterinario de la UNISON; Iv\u00e1n Vel\u00e1zquez, representante de la organizaci\u00f3n \u201cComunidad Animalera Trabajando\u201d (COAT); Guadalupe Guerrero, representante del Voluntariado del CACF; Ulises Crist\u00f3pulos R\u00edos, Diputado Federal y David Palafox Celaya, Diputado local.<\/p>\n<p><strong>Hay oportunidad para m\u00e1s mascotas<\/p>\n<p><\/strong>La Direcci\u00f3n del CACF inform\u00f3 que para dar oportunidad a m\u00e1s ciudadanos de beneficiar a sus mascotas con este servicio, durante este s\u00e1bado y domingo recibir\u00e1n 10 animalitos por hora, adicionales a los registrados.<\/p>\n<p>Ambos d\u00edas las intervenciones ser\u00e1n en las aulas 102 y 103 del edificio F de la Universidad de Sonora, donde ser\u00e1n atendidos a partir de las 8:00 horas tanto los due\u00f1os de mascotas que ya cuentan con su ficha como quienes acudan por primera vez.<\/p>\n<p>En este operativo colaboran m\u00e9dicos veterinarios especializados en esterilizaci\u00f3n quir\u00fargica con la t\u00e9cnica Quick Spay procedentes de California Estados Unidos, M\u00e9rida, San Miguel de Allende, Mexicali, Quer\u00e9taro, Ciudad de M\u00e9xico, Mazatl\u00e1n, Culiac\u00e1n, y distintos puntos de Sonora, incluyendo el equipo del CACF.<\/p>\n<p>Para bien de los perros y gatos, sus due\u00f1os deben llevarlos con un ayuno de 8 horas previas a la cirug\u00eda, estar sanos y no portar garrapatas. Al t\u00e9rmino de las intervenciones se les entregan indicaciones para los cuidados posteriores a las cirug\u00edas.<\/p>\n<p>&nbsp;<\/p>\n<p>(Fecha de publicaci\u00f3n 29092017)<\/p>\n","protected":false},"excerpt":{"rendered":"<p>HERMOSILLO, SONORA. MX.\u2014 El Presidente Municipal de Hermosillo, Manuel Ignacio Maloro Acosta, acept\u00f3 involucrar a&#8230;<\/p>\n","protected":false},"author":1,"featured_media":26703,"comment_status":"open","ping_status":"open","sticky":false,"template":"","format":"standard","meta":{"_monsterinsights_skip_tracking":false,"_monsterinsights_sitenote_active":false,"_monsterinsights_sitenote_note":"","_monsterinsights_sitenote_category":0,"footnotes":""},"categories":[13,4],"tags":[],"class_list":["post"],"yoast_head":" \n<title>Sonora en Equipo. Hace historia Hermosillo en mega campa\u00f1a de castraci\u00f3n de mascotas Destacadas<\/title>\n<meta name=\"description\" content=\"HERMOSILLO, SONORA. MX.\u2014 El Presidente Municipal de Hermosillo, Manuel Ignacio Maloro Acosta, acept\u00f3 involucrar a las organizaciones no gubernamentales en En Sonora en Equipo publicamos toda la informaci\u00f3n de Sonora, M\u00e9xico y el Mundo de manera oportuna y busca que la libertad de expresi\u00f3n sea real. Visita nuestro medio informativo publicado desde Hermosillo, Sonora. %\" \/>\n<meta name=\"robots\" content=\"index, follow, max-snippet:-1, max-image-preview:large, max-video-preview:-1\" \/>\n<link rel=\"canonical\" href=\"https:\/\/www.sonoraenequipo.com.mx\/historia-hermosillo-mega-campana-castracion-mascotas\/\" \/>\n<meta property=\"og:locale\" content=\"es_ES\" \/>\n<meta property=\"og:type\" content=\"article\" \/>\n<meta property=\"og:title\" content=\"Sonora en Equipo. Hace historia Hermosillo en mega campa\u00f1a de castraci\u00f3n de mascotas Destacadas\" \/>\n<meta property=\"og:description\" content=\"HERMOSILLO, SONORA. MX.\u2014 El Presidente Municipal de Hermosillo, Manuel Ignacio Maloro Acosta, acept\u00f3 involucrar a las organizaciones no gubernamentales en En Sonora en Equipo publicamos toda la informaci\u00f3n de Sonora, M\u00e9xico y el Mundo de manera oportuna y busca que la libertad de expresi\u00f3n sea real. Visita nuestro medio informativo publicado desde Hermosillo, Sonora. %\" \/>\n<meta property=\"og:url\" content=\"https:\/\/www.sonoraenequipo.com.mx\/historia-hermosillo-mega-campana-castracion-mascotas\/\" \/>\n<meta property=\"og:site_name\" content=\"Sonora en Equipo.\" \/>\n<meta property=\"article:publisher\" content=\"https:\/\/www.facebook.com\/SonoraEE\/\" \/>\n<meta property=\"article:author\" content=\"https:\/\/www.facebook.com\/SonoraEE\" \/>\n<meta property=\"article:published_time\" content=\"2017-09-30T08:35:51+00:00\" \/>\n<meta property=\"article:modified_time\" content=\"2017-09-30T15:55:59+00:00\" \/>\n<meta property=\"og:image\" content=\"https:\/\/www.sonoraenequipo.com.mx\/storage\/2017\/09\/castracionaperros7_opt.jpg\" \/>\n\t<meta property=\"og:image:width\" content=\"599\" \/>\n\t<meta property=\"og:image:height\" content=\"400\" \/>\n\t<meta property=\"og:image:type\" content=\"image\/jpeg\" \/>\n<meta name=\"author\" content=\"enequipo\" \/>\n<meta name=\"twitter:card\" content=\"summary_large_image\" \/>\n<meta name=\"twitter:creator\" content=\"@sonoraenequipo\" \/>\n<meta name=\"twitter:site\" content=\"@sonoraenequipo\" \/>\n<meta name=\"twitter:label1\" content=\"Escrito por\" \/>\n\t<meta name=\"twitter:data1\" content=\"enequipo\" \/>\n\t<meta name=\"twitter:label2\" content=\"Tiempo de lectura\" \/>\n\t<meta name=\"twitter:data2\" content=\"3 minutos\" \/>\n<script type=\"application\/ld+json\" class=\"yoast-schema-graph\">{\"@context\":\"https:\/\/schema.org\",\"@graph\":[{\"@type\":\"Article\",\"@id\":\"https:\/\/www.sonoraenequipo.com.mx\/historia-hermosillo-mega-campana-castracion-mascotas\/#article\",\"isPartOf\":{\"@id\":\"https:\/\/www.sonoraenequipo.com.mx\/historia-hermosillo-mega-campana-castracion-mascotas\/\"},\"author\":{\"name\":\"enequipo\",\"@id\":\"https:\/\/www.sonoraenequipo.com.mx\/#\/schema\/person\/50102df0fb23a8fa9e8effad8fa81386\"},\"headline\":\"Hace historia Hermosillo en mega campa\u00f1a de castraci\u00f3n de mascotas\",\"datePublished\":\"2017-09-30T08:35:51+00:00\",\"dateModified\":\"2017-09-30T15:55:59+00:00\",\"mainEntityOfPage\":{\"@id\":\"https:\/\/www.sonoraenequipo.com.mx\/historia-hermosillo-mega-campana-castracion-mascotas\/\"},\"wordCount\":698,\"commentCount\":0,\"publisher\":{\"@id\":\"https:\/\/www.sonoraenequipo.com.mx\/#organization\"},\"image\":{\"@id\":\"https:\/\/www.sonoraenequipo.com.mx\/historia-hermosillo-mega-campana-castracion-mascotas\/#primaryimage\"},\"thumbnailUrl\":\"https:\/\/www.sonoraenequipo.com.mx\/storage\/2017\/09\/castracionaperros7_opt.jpg\",\"articleSection\":[\"Destacadas\",\"Municipios\"],\"inLanguage\":\"es\",\"potentialAction\":[{\"@type\":\"CommentAction\",\"name\":\"Comment\",\"target\":[\"https:\/\/www.sonoraenequipo.com.mx\/historia-hermosillo-mega-campana-castracion-mascotas\/#respond\"]}]},{\"@type\":\"WebPage\",\"@id\":\"https:\/\/www.sonoraenequipo.com.mx\/historia-hermosillo-mega-campana-castracion-mascotas\/\",\"url\":\"https:\/\/www.sonoraenequipo.com.mx\/historia-hermosillo-mega-campana-castracion-mascotas\/\",\"name\":\"Sonora en Equipo. Hace historia Hermosillo en mega campa\u00f1a de castraci\u00f3n de mascotas Destacadas\",\"isPartOf\":{\"@id\":\"https:\/\/www.sonoraenequipo.com.mx\/#website\"},\"primaryImageOfPage\":{\"@id\":\"https:\/\/www.sonoraenequipo.com.mx\/historia-hermosillo-mega-campana-castracion-mascotas\/#primaryimage\"},\"image\":{\"@id\":\"https:\/\/www.sonoraenequipo.com.mx\/historia-hermosillo-mega-campana-castracion-mascotas\/#primaryimage\"},\"thumbnailUrl\":\"https:\/\/www.sonoraenequipo.com.mx\/storage\/2017\/09\/castracionaperros7_opt.jpg\",\"datePublished\":\"2017-09-30T08:35:51+00:00\",\"dateModified\":\"2017-09-30T15:55:59+00:00\",\"description\":\"HERMOSILLO, SONORA. MX.\u2014 El Presidente Municipal de Hermosillo, Manuel Ignacio Maloro Acosta, acept\u00f3 involucrar a las organizaciones no gubernamentales en En Sonora en Equipo publicamos toda la informaci\u00f3n de Sonora, M\u00e9xico y el Mundo de manera oportuna y busca que la libertad de expresi\u00f3n sea real. Visita nuestro medio informativo publicado desde Hermosillo, Sonora. %\",\"breadcrumb\":{\"@id\":\"https:\/\/www.sonoraenequipo.com.mx\/historia-hermosillo-mega-campana-castracion-mascotas\/#breadcrumb\"},\"inLanguage\":\"es\",\"potentialAction\":[{\"@type\":\"ReadAction\",\"target\":[\"https:\/\/www.sonoraenequipo.com.mx\/historia-hermosillo-mega-campana-castracion-mascotas\/\"]}]},{\"@type\":\"ImageObject\",\"inLanguage\":\"es\",\"@id\":\"https:\/\/www.sonoraenequipo.com.mx\/historia-hermosillo-mega-campana-castracion-mascotas\/#primaryimage\",\"url\":\"https:\/\/www.sonoraenequipo.com.mx\/storage\/2017\/09\/castracionaperros7_opt.jpg\",\"contentUrl\":\"https:\/\/www.sonoraenequipo.com.mx\/storage\/2017\/09\/castracionaperros7_opt.jpg\",\"width\":599,\"height\":400},{\"@type\":\"BreadcrumbList\",\"@id\":\"https:\/\/www.sonoraenequipo.com.mx\/historia-hermosillo-mega-campana-castracion-mascotas\/#breadcrumb\",\"itemListElement\":[{\"@type\":\"ListItem\",\"position\":1,\"name\":\"Portada\",\"item\":\"https:\/\/www.sonoraenequipo.com.mx\/\"},{\"@type\":\"ListItem\",\"position\":2,\"name\":\"Hace historia Hermosillo en mega campa\u00f1a de castraci\u00f3n de mascotas\"}]},{\"@type\":\"WebSite\",\"@id\":\"https:\/\/www.sonoraenequipo.com.mx\/#website\",\"url\":\"https:\/\/www.sonoraenequipo.com.mx\/\",\"name\":\"Sonora en Equipo.\",\"description\":\"Diario en l\u00ednea con Noticias desde Hermosillo, Sonora\",\"publisher\":{\"@id\":\"https:\/\/www.sonoraenequipo.com.mx\/#organization\"},\"potentialAction\":[{\"@type\":\"SearchAction\",\"target\":{\"@type\":\"EntryPoint\",\"urlTemplate\":\"https:\/\/www.sonoraenequipo.com.mx\/?s={search_term_string}\"},\"query-input\":{\"@type\":\"PropertyValueSpecification\",\"valueRequired\":true,\"valueName\":\"search_term_string\"}}],\"inLanguage\":\"es\"},{\"@type\":\"Organization\",\"@id\":\"https:\/\/www.sonoraenequipo.com.mx\/#organization\",\"name\":\"Sonoraenequipo.com.mx\",\"url\":\"https:\/\/www.sonoraenequipo.com.mx\/\",\"logo\":{\"@type\":\"ImageObject\",\"inLanguage\":\"es\",\"@id\":\"https:\/\/www.sonoraenequipo.com.mx\/#\/schema\/logo\/image\/\",\"url\":\"https:\/\/www.sonoraenequipo.com.mx\/storage\/2019\/01\/sonoraenequipo_opt.png\",\"contentUrl\":\"https:\/\/www.sonoraenequipo.com.mx\/storage\/2019\/01\/sonoraenequipo_opt.png\",\"width\":375,\"height\":125,\"caption\":\"Sonoraenequipo.com.mx\"},\"image\":{\"@id\":\"https:\/\/www.sonoraenequipo.com.mx\/#\/schema\/logo\/image\/\"},\"sameAs\":[\"https:\/\/www.facebook.com\/SonoraEE\/\",\"https:\/\/x.com\/sonoraenequipo\",\"https:\/\/www.youtube.com\/channel\/UC338nW-lPEYmJQs4ZABQ1SQ\"]},{\"@type\":\"Person\",\"@id\":\"https:\/\/www.sonoraenequipo.com.mx\/#\/schema\/person\/50102df0fb23a8fa9e8effad8fa81386\",\"name\":\"enequipo\",\"image\":{\"@type\":\"ImageObject\",\"inLanguage\":\"es\",\"@id\":\"https:\/\/www.sonoraenequipo.com.mx\/#\/schema\/person\/image\/\",\"url\":\"https:\/\/secure.gravatar.com\/avatar\/049821681b589dabc0bc20695993ccebb09f5b5d4d790cd9251b97faac7c652b?s=96&d=blank&r=g\",\"contentUrl\":\"https:\/\/secure.gravatar.com\/avatar\/049821681b589dabc0bc20695993ccebb09f5b5d4d790cd9251b97faac7c652b?s=96&d=blank&r=g\",\"caption\":\"enequipo\"},\"sameAs\":[\"https:\/\/www.facebook.com\/SonoraEE\"]}]}<\/script>\n ","yoast_head_json":{"title":"Sonora en Equipo. Hace historia Hermosillo en mega campa\u00f1a de castraci\u00f3n de mascotas Destacadas","description":"HERMOSILLO, SONORA. MX.\u2014 El Presidente Municipal de Hermosillo, Manuel Ignacio Maloro Acosta, acept\u00f3 involucrar a las organizaciones no gubernamentales en En Sonora en Equipo publicamos toda la informaci\u00f3n de Sonora, M\u00e9xico y el Mundo de manera oportuna y busca que la libertad de expresi\u00f3n sea real. Visita nuestro medio informativo publicado desde Hermosillo, Sonora. %","robots":{"index":"index","follow":"follow","max-snippet":"max-snippet:-1","max-image-preview":"max-image-preview:large","max-video-preview":"max-video-preview:-1"},"canonical":"https:\/\/www.sonoraenequipo.com.mx\/historia-hermosillo-mega-campana-castracion-mascotas\/","og_locale":"es_ES","og_type":"article","og_title":"Sonora en Equipo. Hace historia Hermosillo en mega campa\u00f1a de castraci\u00f3n de mascotas Destacadas","og_description":"HERMOSILLO, SONORA. MX.\u2014 El Presidente Municipal de Hermosillo, Manuel Ignacio Maloro Acosta, acept\u00f3 involucrar a las organizaciones no gubernamentales en En Sonora en Equipo publicamos toda la informaci\u00f3n de Sonora, M\u00e9xico y el Mundo de manera oportuna y busca que la libertad de expresi\u00f3n sea real. Visita nuestro medio informativo publicado desde Hermosillo, Sonora. %","og_url":"https:\/\/www.sonoraenequipo.com.mx\/historia-hermosillo-mega-campana-castracion-mascotas\/","og_site_name":"Sonora en Equipo.","article_publisher":"https:\/\/www.facebook.com\/SonoraEE\/","article_author":"https:\/\/www.facebook.com\/SonoraEE","article_published_time":"2017-09-30T08:35:51+00:00","article_modified_time":"2017-09-30T15:55:59+00:00","og_image":[{"width":599,"height":400,"url":"https:\/\/www.sonoraenequipo.com.mx\/storage\/2017\/09\/castracionaperros7_opt.jpg","type":"image\/jpeg"}],"author":"enequipo","twitter_card":"summary_large_image","twitter_creator":"@sonoraenequipo","twitter_site":"@sonoraenequipo","twitter_misc":{"Escrito por":"enequipo","Tiempo de lectura":"3 minutos"},"schema":{"@context":"https:\/\/schema.org","@graph":[{"@type":"Article","@id":"https:\/\/www.sonoraenequipo.com.mx\/historia-hermosillo-mega-campana-castracion-mascotas\/#article","isPartOf":{"@id":"https:\/\/www.sonoraenequipo.com.mx\/historia-hermosillo-mega-campana-castracion-mascotas\/"},"author":{"name":"enequipo","@id":"https:\/\/www.sonoraenequipo.com.mx\/#\/schema\/person\/50102df0fb23a8fa9e8effad8fa81386"},"headline":"Hace historia Hermosillo en mega campa\u00f1a de castraci\u00f3n de mascotas","datePublished":"2017-09-30T08:35:51+00:00","dateModified":"2017-09-30T15:55:59+00:00","mainEntityOfPage":{"@id":"https:\/\/www.sonoraenequipo.com.mx\/historia-hermosillo-mega-campana-castracion-mascotas\/"},"wordCount":698,"commentCount":0,"publisher":{"@id":"https:\/\/www.sonoraenequipo.com.mx\/#organization"},"image":{"@id":"https:\/\/www.sonoraenequipo.com.mx\/historia-hermosillo-mega-campana-castracion-mascotas\/#primaryimage"},"thumbnailUrl":"https:\/\/www.sonoraenequipo.com.mx\/storage\/2017\/09\/castracionaperros7_opt.jpg","articleSection":["Destacadas","Municipios"],"inLanguage":"es","potentialAction":[{"@type":"CommentAction","name":"Comment","target":["https:\/\/www.sonoraenequipo.com.mx\/historia-hermosillo-mega-campana-castracion-mascotas\/#respond"]}]},{"@type":"WebPage","@id":"https:\/\/www.sonoraenequipo.com.mx\/historia-hermosillo-mega-campana-castracion-mascotas\/","url":"https:\/\/www.sonoraenequipo.com.mx\/historia-hermosillo-mega-campana-castracion-mascotas\/","name":"Sonora en Equipo. Hace historia Hermosillo en mega campa\u00f1a de castraci\u00f3n de mascotas Destacadas","isPartOf":{"@id":"https:\/\/www.sonoraenequipo.com.mx\/#website"},"primaryImageOfPage":{"@id":"https:\/\/www.sonoraenequipo.com.mx\/historia-hermosillo-mega-campana-castracion-mascotas\/#primaryimage"},"image":{"@id":"https:\/\/www.sonoraenequipo.com.mx\/historia-hermosillo-mega-campana-castracion-mascotas\/#primaryimage"},"thumbnailUrl":"https:\/\/www.sonoraenequipo.com.mx\/storage\/2017\/09\/castracionaperros7_opt.jpg","datePublished":"2017-09-30T08:35:51+00:00","dateModified":"2017-09-30T15:55:59+00:00","description":"HERMOSILLO, SONORA. MX.\u2014 El Presidente Municipal de Hermosillo, Manuel Ignacio Maloro Acosta, acept\u00f3 involucrar a las organizaciones no gubernamentales en En Sonora en Equipo publicamos toda la informaci\u00f3n de Sonora, M\u00e9xico y el Mundo de manera oportuna y busca que la libertad de expresi\u00f3n sea real. Visita nuestro medio informativo publicado desde Hermosillo, Sonora. %","breadcrumb":{"@id":"https:\/\/www.sonoraenequipo.com.mx\/historia-hermosillo-mega-campana-castracion-mascotas\/#breadcrumb"},"inLanguage":"es","potentialAction":[{"@type":"ReadAction","target":["https:\/\/www.sonoraenequipo.com.mx\/historia-hermosillo-mega-campana-castracion-mascotas\/"]}]},{"@type":"ImageObject","inLanguage":"es","@id":"https:\/\/www.sonoraenequipo.com.mx\/historia-hermosillo-mega-campana-castracion-mascotas\/#primaryimage","url":"https:\/\/www.sonoraenequipo.com.mx\/storage\/2017\/09\/castracionaperros7_opt.jpg","contentUrl":"https:\/\/www.sonoraenequipo.com.mx\/storage\/2017\/09\/castracionaperros7_opt.jpg","width":599,"height":400},{"@type":"BreadcrumbList","@id":"https:\/\/www.sonoraenequipo.com.mx\/historia-hermosillo-mega-campana-castracion-mascotas\/#breadcrumb","itemListElement":[{"@type":"ListItem","position":1,"name":"Portada","item":"https:\/\/www.sonoraenequipo.com.mx\/"},{"@type":"ListItem","position":2,"name":"Hace historia Hermosillo en mega campa\u00f1a de castraci\u00f3n de mascotas"}]},{"@type":"WebSite","@id":"https:\/\/www.sonoraenequipo.com.mx\/#website","url":"https:\/\/www.sonoraenequipo.com.mx\/","name":"Sonora en Equipo.","description":"Diario en l\u00ednea con Noticias desde Hermosillo, Sonora","publisher":{"@id":"https:\/\/www.sonoraenequipo.com.mx\/#organization"},"potentialAction":[{"@type":"SearchAction","target":{"@type":"EntryPoint","urlTemplate":"https:\/\/www.sonoraenequipo.com.mx\/?s={search_term_string}"},"query-input":{"@type":"PropertyValueSpecification","valueRequired":true,"valueName":"search_term_string"}}],"inLanguage":"es"},{"@type":"Organization","@id":"https:\/\/www.sonoraenequipo.com.mx\/#organization","name":"Sonoraenequipo.com.mx","url":"https:\/\/www.sonoraenequipo.com.mx\/","logo":{"@type":"ImageObject","inLanguage":"es","@id":"https:\/\/www.sonoraenequipo.com.mx\/#\/schema\/logo\/image\/","url":"https:\/\/www.sonoraenequipo.com.mx\/storage\/2019\/01\/sonoraenequipo_opt.png","contentUrl":"https:\/\/www.sonoraenequipo.com.mx\/storage\/2019\/01\/sonoraenequipo_opt.png","width":375,"height":125,"caption":"Sonoraenequipo.com.mx"},"image":{"@id":"https:\/\/www.sonoraenequipo.com.mx\/#\/schema\/logo\/image\/"},"sameAs":["https:\/\/www.facebook.com\/SonoraEE\/","https:\/\/x.com\/sonoraenequipo","https:\/\/www.youtube.com\/channel\/UC338nW-lPEYmJQs4ZABQ1SQ"]},{"@type":"Person","@id":"https:\/\/www.sonoraenequipo.com.mx\/#\/schema\/person\/50102df0fb23a8fa9e8effad8fa81386","name":"enequipo","image":{"@type":"ImageObject","inLanguage":"es","@id":"https:\/\/www.sonoraenequipo.com.mx\/#\/schema\/person\/image\/","url":"https:\/\/secure.gravatar.com\/avatar\/049821681b589dabc0bc20695993ccebb09f5b5d4d790cd9251b97faac7c652b?s=96&d=blank&r=g","contentUrl":"https:\/\/secure.gravatar.com\/avatar\/049821681b589dabc0bc20695993ccebb09f5b5d4d790cd9251b97faac7c652b?s=96&d=blank&r=g","caption":"enequipo"},"sameAs":["https:\/\/www.facebook.com\/SonoraEE"]}]}},"jetpack_featured_media_url":"https:\/\/www.sonoraenequipo.com.mx\/storage\/2017\/09\/castracionaperros7_opt.jpg","_links":{"self":[{"href":"https:\/\/www.sonoraenequipo.com.mx\/api\/wp\/v2\/posts\/26702","targetHints":{"allow":["GET"]}}],"collection":[{"href":"https:\/\/www.sonoraenequipo.com.mx\/api\/wp\/v2\/posts"}],"about":[{"href":"https:\/\/www.sonoraenequipo.com.mx\/api\/wp\/v2\/types\/post"}],"author":[{"embeddable":true,"href":"https:\/\/www.sonoraenequipo.com.mx\/api\/wp\/v2\/users\/1"}],"replies":[{"embeddable":true,"href":"https:\/\/www.sonoraenequipo.com.mx\/api\/wp\/v2\/comments?post=26702"}],"version-history":[{"count":0,"href":"https:\/\/www.sonoraenequipo.com.mx\/api\/wp\/v2\/posts\/26702\/revisions"}],"wp:featuredmedia":[{"embeddable":true,"href":"https:\/\/www.sonoraenequipo.com.mx\/api\/wp\/v2\/media\/26703"}],"wp:attachment":[{"href":"https:\/\/www.sonoraenequipo.com.mx\/api\/wp\/v2\/media?parent=26702"}],"wp:term":[{"taxonomy":"category","embeddable":true,"href":"https:\/\/www.sonoraenequipo.com.mx\/api\/wp\/v2\/categories?post=26702"},{"taxonomy":"post_tag","embeddable":true,"href":"https:\/\/www.sonoraenequipo.com.mx\/api\/wp\/v2\/tags?post=26702"}],"curies":[{"name":"wp","href":"https:\/\/api.w.org\/{rel}","templated":true}]}}