{"id":26705,"date":"2017-09-29T17:25:22","date_gmt":"2017-09-30T00:25:22","guid":{"rendered":"http:\/\/www.sonoraenequipo.com.mx\/?p=26705"},"modified":"2017-09-30T09:00:57","modified_gmt":"2017-09-30T16:00:57","slug":"avanza-la-reconversion-led-alumbrado-publico-mas-colonias","status":"publish","type":"post","link":"https:\/\/www.sonoraenequipo.com.mx\/avanza-la-reconversion-led-alumbrado-publico-mas-colonias\/","title":{"rendered":"Avanza la reconversi\u00f3n LED de alumbrado p\u00fablico en m\u00e1s colonias"},"content":{"rendered":"<p>HERMOSILLO, SONORA. MX.\u2014 Contin\u00faan los trabajos de reconversi\u00f3n de alumbrado p\u00fablico en las colonias La Manga, Villa Colonial, Rinc\u00f3n de Palmas, Coloso Alto, Coloso Bajo y Villa Dorada, sumando m\u00e1s de 40 colonias desde que arranc\u00f3 el programa de modernizaci\u00f3n en el mes de julio.<\/p>\n<p> <\/p>\n<p>Juan Fortino Le\u00f3n Robinson, Director de Alumbrado P\u00fablico del Ayuntamiento de Hermosillo, inform\u00f3 que en estas 40 colonias se han instalado m\u00e1s de 7 mil luminarias, que representa casi un 10 % de las m\u00e1s de 60 mil proyectadas.<\/p>\n<p>En esta semana tambi\u00e9n se termin\u00f3 la colocaci\u00f3n de las l\u00e1mparas LED en las colonias Amapolas, Bella Vista y El Ranchito, abund\u00f3 el funcionario municipal.<em><\/p>\n<p>\u201cEn una primera etapa se avanz\u00f3 en un 40 % en estas colonias en la instalaci\u00f3n de luminarias, que en su mayor\u00eda son postes de concreto y est\u00e1n pendientes los postes met\u00e1licos en todo el Perif\u00e9rico Oriente y la Sanalona\u201d.<\/p>\n<p><\/em>En esta semana, la empresa concesionaria tambi\u00e9n realiza un sondeo en la avenida Manuel J. Clouthier, en la salida sur de Hermosillo, abund\u00f3 Le\u00f3n Robinson.<\/p>\n<p>En Miguel Alem\u00e1n y Bah\u00eda de Kino contin\u00faan los trabajos, sobre todo en la etapa de introducci\u00f3n de cableado en las principales calles.<br \/>\n<em><\/p>\n<p>\u201cEl avance que registra el proyecto de reconversi\u00f3n son de 7 mil 164 luminarias asignadas y un avance del 80 % en la colocaci\u00f3n de \u00e9stas. El decir asignadas no significa que est\u00e1n instaladas por parte de la concesionaria\u201d,<\/em> dijo el directivo.<\/p>\n<p>La empresa concesionaria se comprometi\u00f3 aumentar el n\u00famero de acciones a la semana, el proyecto arranc\u00f3 con la reconversi\u00f3n de 400 puntos de luz semanal, el \u00faltimo reporte es de 600 pero se estima que lleguen a los mil 200.<\/p>\n<p>A la par, la Direcci\u00f3n de Alumbrado P\u00fablico realiza trabajos de reparaci\u00f3n de luminarias en algunos puntos de la ciudad, mientras llega la reconversi\u00f3n.<\/p>\n<p><em>\u201cSe acaba de restablecer el servicio del bulevar Progreso al norte, se trabaj\u00f3 en la colonia Palo Fierro, est\u00e1 a punto de terminarse en Urbi Villa del Prado, al final del Camino del Seri; Pueblitos, Tierra Nueva, Puerta del Rey\u201d,<\/em> detall\u00f3.<\/p>\n<p>&nbsp;<\/p>\n<p>(Fecha de publicaci\u00f3n 29092017)<\/p>\n","protected":false},"excerpt":{"rendered":"<p>HERMOSILLO, SONORA. MX.\u2014 Contin\u00faan los trabajos de reconversi\u00f3n de alumbrado p\u00fablico en las colonias La&#8230;<\/p>\n","protected":false},"author":1,"featured_media":26706,"comment_status":"open","ping_status":"open","sticky":false,"template":"","format":"standard","meta":{"_monsterinsights_skip_tracking":false,"_monsterinsights_sitenote_active":false,"_monsterinsights_sitenote_note":"","_monsterinsights_sitenote_category":0,"footnotes":""},"categories":[13,4],"tags":[],"class_list":["post"],"yoast_head":" \n<title>Sonora en Equipo. Avanza la reconversi\u00f3n LED de alumbrado p\u00fablico en m\u00e1s colonias Destacadas<\/title>\n<meta name=\"description\" content=\"HERMOSILLO, SONORA. MX.\u2014 Contin\u00faan los trabajos de reconversi\u00f3n de alumbrado p\u00fablico en las colonias La Manga, Villa Colonial, Rinc\u00f3n de Palmas, Coloso En Sonora en Equipo publicamos toda la informaci\u00f3n de Sonora, M\u00e9xico y el Mundo de manera oportuna y busca que la libertad de expresi\u00f3n sea real. Visita nuestro medio informativo publicado desde Hermosillo, Sonora. %\" \/>\n<meta name=\"robots\" content=\"index, follow, max-snippet:-1, max-image-preview:large, max-video-preview:-1\" \/>\n<link rel=\"canonical\" href=\"https:\/\/www.sonoraenequipo.com.mx\/avanza-la-reconversion-led-alumbrado-publico-mas-colonias\/\" \/>\n<meta property=\"og:locale\" content=\"es_ES\" \/>\n<meta property=\"og:type\" content=\"article\" \/>\n<meta property=\"og:title\" content=\"Sonora en Equipo. Avanza la reconversi\u00f3n LED de alumbrado p\u00fablico en m\u00e1s colonias Destacadas\" \/>\n<meta property=\"og:description\" content=\"HERMOSILLO, SONORA. MX.\u2014 Contin\u00faan los trabajos de reconversi\u00f3n de alumbrado p\u00fablico en las colonias La Manga, Villa Colonial, Rinc\u00f3n de Palmas, Coloso En Sonora en Equipo publicamos toda la informaci\u00f3n de Sonora, M\u00e9xico y el Mundo de manera oportuna y busca que la libertad de expresi\u00f3n sea real. Visita nuestro medio informativo publicado desde Hermosillo, Sonora. %\" \/>\n<meta property=\"og:url\" content=\"https:\/\/www.sonoraenequipo.com.mx\/avanza-la-reconversion-led-alumbrado-publico-mas-colonias\/\" \/>\n<meta property=\"og:site_name\" content=\"Sonora en Equipo.\" \/>\n<meta property=\"article:publisher\" content=\"https:\/\/www.facebook.com\/SonoraEE\/\" \/>\n<meta property=\"article:author\" content=\"https:\/\/www.facebook.com\/SonoraEE\" \/>\n<meta property=\"article:published_time\" content=\"2017-09-30T00:25:22+00:00\" \/>\n<meta property=\"article:modified_time\" content=\"2017-09-30T16:00:57+00:00\" \/>\n<meta property=\"og:image\" content=\"https:\/\/www.sonoraenequipo.com.mx\/storage\/2017\/09\/led_opt.jpg\" \/>\n\t<meta property=\"og:image:width\" content=\"749\" \/>\n\t<meta property=\"og:image:height\" content=\"500\" \/>\n\t<meta property=\"og:image:type\" content=\"image\/jpeg\" \/>\n<meta name=\"author\" content=\"enequipo\" \/>\n<meta name=\"twitter:card\" content=\"summary_large_image\" \/>\n<meta name=\"twitter:creator\" content=\"@sonoraenequipo\" \/>\n<meta name=\"twitter:site\" content=\"@sonoraenequipo\" \/>\n<meta name=\"twitter:label1\" content=\"Escrito por\" \/>\n\t<meta name=\"twitter:data1\" content=\"enequipo\" \/>\n\t<meta name=\"twitter:label2\" content=\"Tiempo de lectura\" \/>\n\t<meta name=\"twitter:data2\" content=\"2 minutos\" \/>\n<script type=\"application\/ld+json\" class=\"yoast-schema-graph\">{\"@context\":\"https:\/\/schema.org\",\"@graph\":[{\"@type\":\"Article\",\"@id\":\"https:\/\/www.sonoraenequipo.com.mx\/avanza-la-reconversion-led-alumbrado-publico-mas-colonias\/#article\",\"isPartOf\":{\"@id\":\"https:\/\/www.sonoraenequipo.com.mx\/avanza-la-reconversion-led-alumbrado-publico-mas-colonias\/\"},\"author\":{\"name\":\"enequipo\",\"@id\":\"https:\/\/www.sonoraenequipo.com.mx\/#\/schema\/person\/50102df0fb23a8fa9e8effad8fa81386\"},\"headline\":\"Avanza la reconversi\u00f3n LED de alumbrado p\u00fablico en m\u00e1s colonias\",\"datePublished\":\"2017-09-30T00:25:22+00:00\",\"dateModified\":\"2017-09-30T16:00:57+00:00\",\"mainEntityOfPage\":{\"@id\":\"https:\/\/www.sonoraenequipo.com.mx\/avanza-la-reconversion-led-alumbrado-publico-mas-colonias\/\"},\"wordCount\":380,\"commentCount\":0,\"publisher\":{\"@id\":\"https:\/\/www.sonoraenequipo.com.mx\/#organization\"},\"image\":{\"@id\":\"https:\/\/www.sonoraenequipo.com.mx\/avanza-la-reconversion-led-alumbrado-publico-mas-colonias\/#primaryimage\"},\"thumbnailUrl\":\"https:\/\/www.sonoraenequipo.com.mx\/storage\/2017\/09\/led_opt.jpg\",\"articleSection\":[\"Destacadas\",\"Municipios\"],\"inLanguage\":\"es\",\"potentialAction\":[{\"@type\":\"CommentAction\",\"name\":\"Comment\",\"target\":[\"https:\/\/www.sonoraenequipo.com.mx\/avanza-la-reconversion-led-alumbrado-publico-mas-colonias\/#respond\"]}]},{\"@type\":\"WebPage\",\"@id\":\"https:\/\/www.sonoraenequipo.com.mx\/avanza-la-reconversion-led-alumbrado-publico-mas-colonias\/\",\"url\":\"https:\/\/www.sonoraenequipo.com.mx\/avanza-la-reconversion-led-alumbrado-publico-mas-colonias\/\",\"name\":\"Sonora en Equipo. Avanza la reconversi\u00f3n LED de alumbrado p\u00fablico en m\u00e1s colonias Destacadas\",\"isPartOf\":{\"@id\":\"https:\/\/www.sonoraenequipo.com.mx\/#website\"},\"primaryImageOfPage\":{\"@id\":\"https:\/\/www.sonoraenequipo.com.mx\/avanza-la-reconversion-led-alumbrado-publico-mas-colonias\/#primaryimage\"},\"image\":{\"@id\":\"https:\/\/www.sonoraenequipo.com.mx\/avanza-la-reconversion-led-alumbrado-publico-mas-colonias\/#primaryimage\"},\"thumbnailUrl\":\"https:\/\/www.sonoraenequipo.com.mx\/storage\/2017\/09\/led_opt.jpg\",\"datePublished\":\"2017-09-30T00:25:22+00:00\",\"dateModified\":\"2017-09-30T16:00:57+00:00\",\"description\":\"HERMOSILLO, SONORA. MX.\u2014 Contin\u00faan los trabajos de reconversi\u00f3n de alumbrado p\u00fablico en las colonias La Manga, Villa Colonial, Rinc\u00f3n de Palmas, Coloso En Sonora en Equipo publicamos toda la informaci\u00f3n de Sonora, M\u00e9xico y el Mundo de manera oportuna y busca que la libertad de expresi\u00f3n sea real. Visita nuestro medio informativo publicado desde Hermosillo, Sonora. %\",\"breadcrumb\":{\"@id\":\"https:\/\/www.sonoraenequipo.com.mx\/avanza-la-reconversion-led-alumbrado-publico-mas-colonias\/#breadcrumb\"},\"inLanguage\":\"es\",\"potentialAction\":[{\"@type\":\"ReadAction\",\"target\":[\"https:\/\/www.sonoraenequipo.com.mx\/avanza-la-reconversion-led-alumbrado-publico-mas-colonias\/\"]}]},{\"@type\":\"ImageObject\",\"inLanguage\":\"es\",\"@id\":\"https:\/\/www.sonoraenequipo.com.mx\/avanza-la-reconversion-led-alumbrado-publico-mas-colonias\/#primaryimage\",\"url\":\"https:\/\/www.sonoraenequipo.com.mx\/storage\/2017\/09\/led_opt.jpg\",\"contentUrl\":\"https:\/\/www.sonoraenequipo.com.mx\/storage\/2017\/09\/led_opt.jpg\",\"width\":749,\"height\":500},{\"@type\":\"BreadcrumbList\",\"@id\":\"https:\/\/www.sonoraenequipo.com.mx\/avanza-la-reconversion-led-alumbrado-publico-mas-colonias\/#breadcrumb\",\"itemListElement\":[{\"@type\":\"ListItem\",\"position\":1,\"name\":\"Portada\",\"item\":\"https:\/\/www.sonoraenequipo.com.mx\/\"},{\"@type\":\"ListItem\",\"position\":2,\"name\":\"Avanza la reconversi\u00f3n LED de alumbrado p\u00fablico en m\u00e1s colonias\"}]},{\"@type\":\"WebSite\",\"@id\":\"https:\/\/www.sonoraenequipo.com.mx\/#website\",\"url\":\"https:\/\/www.sonoraenequipo.com.mx\/\",\"name\":\"Sonora en Equipo.\",\"description\":\"Diario en l\u00ednea con Noticias desde Hermosillo, Sonora\",\"publisher\":{\"@id\":\"https:\/\/www.sonoraenequipo.com.mx\/#organization\"},\"potentialAction\":[{\"@type\":\"SearchAction\",\"target\":{\"@type\":\"EntryPoint\",\"urlTemplate\":\"https:\/\/www.sonoraenequipo.com.mx\/?s={search_term_string}\"},\"query-input\":{\"@type\":\"PropertyValueSpecification\",\"valueRequired\":true,\"valueName\":\"search_term_string\"}}],\"inLanguage\":\"es\"},{\"@type\":\"Organization\",\"@id\":\"https:\/\/www.sonoraenequipo.com.mx\/#organization\",\"name\":\"Sonoraenequipo.com.mx\",\"url\":\"https:\/\/www.sonoraenequipo.com.mx\/\",\"logo\":{\"@type\":\"ImageObject\",\"inLanguage\":\"es\",\"@id\":\"https:\/\/www.sonoraenequipo.com.mx\/#\/schema\/logo\/image\/\",\"url\":\"https:\/\/www.sonoraenequipo.com.mx\/storage\/2019\/01\/sonoraenequipo_opt.png\",\"contentUrl\":\"https:\/\/www.sonoraenequipo.com.mx\/storage\/2019\/01\/sonoraenequipo_opt.png\",\"width\":375,\"height\":125,\"caption\":\"Sonoraenequipo.com.mx\"},\"image\":{\"@id\":\"https:\/\/www.sonoraenequipo.com.mx\/#\/schema\/logo\/image\/\"},\"sameAs\":[\"https:\/\/www.facebook.com\/SonoraEE\/\",\"https:\/\/x.com\/sonoraenequipo\",\"https:\/\/www.youtube.com\/channel\/UC338nW-lPEYmJQs4ZABQ1SQ\"]},{\"@type\":\"Person\",\"@id\":\"https:\/\/www.sonoraenequipo.com.mx\/#\/schema\/person\/50102df0fb23a8fa9e8effad8fa81386\",\"name\":\"enequipo\",\"image\":{\"@type\":\"ImageObject\",\"inLanguage\":\"es\",\"@id\":\"https:\/\/www.sonoraenequipo.com.mx\/#\/schema\/person\/image\/\",\"url\":\"https:\/\/secure.gravatar.com\/avatar\/049821681b589dabc0bc20695993ccebb09f5b5d4d790cd9251b97faac7c652b?s=96&d=blank&r=g\",\"contentUrl\":\"https:\/\/secure.gravatar.com\/avatar\/049821681b589dabc0bc20695993ccebb09f5b5d4d790cd9251b97faac7c652b?s=96&d=blank&r=g\",\"caption\":\"enequipo\"},\"sameAs\":[\"https:\/\/www.facebook.com\/SonoraEE\"]}]}<\/script>\n ","yoast_head_json":{"title":"Sonora en Equipo. Avanza la reconversi\u00f3n LED de alumbrado p\u00fablico en m\u00e1s colonias Destacadas","description":"HERMOSILLO, SONORA. MX.\u2014 Contin\u00faan los trabajos de reconversi\u00f3n de alumbrado p\u00fablico en las colonias La Manga, Villa Colonial, Rinc\u00f3n de Palmas, Coloso En Sonora en Equipo publicamos toda la informaci\u00f3n de Sonora, M\u00e9xico y el Mundo de manera oportuna y busca que la libertad de expresi\u00f3n sea real. Visita nuestro medio informativo publicado desde Hermosillo, Sonora. %","robots":{"index":"index","follow":"follow","max-snippet":"max-snippet:-1","max-image-preview":"max-image-preview:large","max-video-preview":"max-video-preview:-1"},"canonical":"https:\/\/www.sonoraenequipo.com.mx\/avanza-la-reconversion-led-alumbrado-publico-mas-colonias\/","og_locale":"es_ES","og_type":"article","og_title":"Sonora en Equipo. Avanza la reconversi\u00f3n LED de alumbrado p\u00fablico en m\u00e1s colonias Destacadas","og_description":"HERMOSILLO, SONORA. MX.\u2014 Contin\u00faan los trabajos de reconversi\u00f3n de alumbrado p\u00fablico en las colonias La Manga, Villa Colonial, Rinc\u00f3n de Palmas, Coloso En Sonora en Equipo publicamos toda la informaci\u00f3n de Sonora, M\u00e9xico y el Mundo de manera oportuna y busca que la libertad de expresi\u00f3n sea real. Visita nuestro medio informativo publicado desde Hermosillo, Sonora. %","og_url":"https:\/\/www.sonoraenequipo.com.mx\/avanza-la-reconversion-led-alumbrado-publico-mas-colonias\/","og_site_name":"Sonora en Equipo.","article_publisher":"https:\/\/www.facebook.com\/SonoraEE\/","article_author":"https:\/\/www.facebook.com\/SonoraEE","article_published_time":"2017-09-30T00:25:22+00:00","article_modified_time":"2017-09-30T16:00:57+00:00","og_image":[{"width":749,"height":500,"url":"https:\/\/www.sonoraenequipo.com.mx\/storage\/2017\/09\/led_opt.jpg","type":"image\/jpeg"}],"author":"enequipo","twitter_card":"summary_large_image","twitter_creator":"@sonoraenequipo","twitter_site":"@sonoraenequipo","twitter_misc":{"Escrito por":"enequipo","Tiempo de lectura":"2 minutos"},"schema":{"@context":"https:\/\/schema.org","@graph":[{"@type":"Article","@id":"https:\/\/www.sonoraenequipo.com.mx\/avanza-la-reconversion-led-alumbrado-publico-mas-colonias\/#article","isPartOf":{"@id":"https:\/\/www.sonoraenequipo.com.mx\/avanza-la-reconversion-led-alumbrado-publico-mas-colonias\/"},"author":{"name":"enequipo","@id":"https:\/\/www.sonoraenequipo.com.mx\/#\/schema\/person\/50102df0fb23a8fa9e8effad8fa81386"},"headline":"Avanza la reconversi\u00f3n LED de alumbrado p\u00fablico en m\u00e1s colonias","datePublished":"2017-09-30T00:25:22+00:00","dateModified":"2017-09-30T16:00:57+00:00","mainEntityOfPage":{"@id":"https:\/\/www.sonoraenequipo.com.mx\/avanza-la-reconversion-led-alumbrado-publico-mas-colonias\/"},"wordCount":380,"commentCount":0,"publisher":{"@id":"https:\/\/www.sonoraenequipo.com.mx\/#organization"},"image":{"@id":"https:\/\/www.sonoraenequipo.com.mx\/avanza-la-reconversion-led-alumbrado-publico-mas-colonias\/#primaryimage"},"thumbnailUrl":"https:\/\/www.sonoraenequipo.com.mx\/storage\/2017\/09\/led_opt.jpg","articleSection":["Destacadas","Municipios"],"inLanguage":"es","potentialAction":[{"@type":"CommentAction","name":"Comment","target":["https:\/\/www.sonoraenequipo.com.mx\/avanza-la-reconversion-led-alumbrado-publico-mas-colonias\/#respond"]}]},{"@type":"WebPage","@id":"https:\/\/www.sonoraenequipo.com.mx\/avanza-la-reconversion-led-alumbrado-publico-mas-colonias\/","url":"https:\/\/www.sonoraenequipo.com.mx\/avanza-la-reconversion-led-alumbrado-publico-mas-colonias\/","name":"Sonora en Equipo. Avanza la reconversi\u00f3n LED de alumbrado p\u00fablico en m\u00e1s colonias Destacadas","isPartOf":{"@id":"https:\/\/www.sonoraenequipo.com.mx\/#website"},"primaryImageOfPage":{"@id":"https:\/\/www.sonoraenequipo.com.mx\/avanza-la-reconversion-led-alumbrado-publico-mas-colonias\/#primaryimage"},"image":{"@id":"https:\/\/www.sonoraenequipo.com.mx\/avanza-la-reconversion-led-alumbrado-publico-mas-colonias\/#primaryimage"},"thumbnailUrl":"https:\/\/www.sonoraenequipo.com.mx\/storage\/2017\/09\/led_opt.jpg","datePublished":"2017-09-30T00:25:22+00:00","dateModified":"2017-09-30T16:00:57+00:00","description":"HERMOSILLO, SONORA. MX.\u2014 Contin\u00faan los trabajos de reconversi\u00f3n de alumbrado p\u00fablico en las colonias La Manga, Villa Colonial, Rinc\u00f3n de Palmas, Coloso En Sonora en Equipo publicamos toda la informaci\u00f3n de Sonora, M\u00e9xico y el Mundo de manera oportuna y busca que la libertad de expresi\u00f3n sea real. Visita nuestro medio informativo publicado desde Hermosillo, Sonora. %","breadcrumb":{"@id":"https:\/\/www.sonoraenequipo.com.mx\/avanza-la-reconversion-led-alumbrado-publico-mas-colonias\/#breadcrumb"},"inLanguage":"es","potentialAction":[{"@type":"ReadAction","target":["https:\/\/www.sonoraenequipo.com.mx\/avanza-la-reconversion-led-alumbrado-publico-mas-colonias\/"]}]},{"@type":"ImageObject","inLanguage":"es","@id":"https:\/\/www.sonoraenequipo.com.mx\/avanza-la-reconversion-led-alumbrado-publico-mas-colonias\/#primaryimage","url":"https:\/\/www.sonoraenequipo.com.mx\/storage\/2017\/09\/led_opt.jpg","contentUrl":"https:\/\/www.sonoraenequipo.com.mx\/storage\/2017\/09\/led_opt.jpg","width":749,"height":500},{"@type":"BreadcrumbList","@id":"https:\/\/www.sonoraenequipo.com.mx\/avanza-la-reconversion-led-alumbrado-publico-mas-colonias\/#breadcrumb","itemListElement":[{"@type":"ListItem","position":1,"name":"Portada","item":"https:\/\/www.sonoraenequipo.com.mx\/"},{"@type":"ListItem","position":2,"name":"Avanza la reconversi\u00f3n LED de alumbrado p\u00fablico en m\u00e1s colonias"}]},{"@type":"WebSite","@id":"https:\/\/www.sonoraenequipo.com.mx\/#website","url":"https:\/\/www.sonoraenequipo.com.mx\/","name":"Sonora en Equipo.","description":"Diario en l\u00ednea con Noticias desde Hermosillo, Sonora","publisher":{"@id":"https:\/\/www.sonoraenequipo.com.mx\/#organization"},"potentialAction":[{"@type":"SearchAction","target":{"@type":"EntryPoint","urlTemplate":"https:\/\/www.sonoraenequipo.com.mx\/?s={search_term_string}"},"query-input":{"@type":"PropertyValueSpecification","valueRequired":true,"valueName":"search_term_string"}}],"inLanguage":"es"},{"@type":"Organization","@id":"https:\/\/www.sonoraenequipo.com.mx\/#organization","name":"Sonoraenequipo.com.mx","url":"https:\/\/www.sonoraenequipo.com.mx\/","logo":{"@type":"ImageObject","inLanguage":"es","@id":"https:\/\/www.sonoraenequipo.com.mx\/#\/schema\/logo\/image\/","url":"https:\/\/www.sonoraenequipo.com.mx\/storage\/2019\/01\/sonoraenequipo_opt.png","contentUrl":"https:\/\/www.sonoraenequipo.com.mx\/storage\/2019\/01\/sonoraenequipo_opt.png","width":375,"height":125,"caption":"Sonoraenequipo.com.mx"},"image":{"@id":"https:\/\/www.sonoraenequipo.com.mx\/#\/schema\/logo\/image\/"},"sameAs":["https:\/\/www.facebook.com\/SonoraEE\/","https:\/\/x.com\/sonoraenequipo","https:\/\/www.youtube.com\/channel\/UC338nW-lPEYmJQs4ZABQ1SQ"]},{"@type":"Person","@id":"https:\/\/www.sonoraenequipo.com.mx\/#\/schema\/person\/50102df0fb23a8fa9e8effad8fa81386","name":"enequipo","image":{"@type":"ImageObject","inLanguage":"es","@id":"https:\/\/www.sonoraenequipo.com.mx\/#\/schema\/person\/image\/","url":"https:\/\/secure.gravatar.com\/avatar\/049821681b589dabc0bc20695993ccebb09f5b5d4d790cd9251b97faac7c652b?s=96&d=blank&r=g","contentUrl":"https:\/\/secure.gravatar.com\/avatar\/049821681b589dabc0bc20695993ccebb09f5b5d4d790cd9251b97faac7c652b?s=96&d=blank&r=g","caption":"enequipo"},"sameAs":["https:\/\/www.facebook.com\/SonoraEE"]}]}},"jetpack_featured_media_url":"https:\/\/www.sonoraenequipo.com.mx\/storage\/2017\/09\/led_opt.jpg","_links":{"self":[{"href":"https:\/\/www.sonoraenequipo.com.mx\/api\/wp\/v2\/posts\/26705","targetHints":{"allow":["GET"]}}],"collection":[{"href":"https:\/\/www.sonoraenequipo.com.mx\/api\/wp\/v2\/posts"}],"about":[{"href":"https:\/\/www.sonoraenequipo.com.mx\/api\/wp\/v2\/types\/post"}],"author":[{"embeddable":true,"href":"https:\/\/www.sonoraenequipo.com.mx\/api\/wp\/v2\/users\/1"}],"replies":[{"embeddable":true,"href":"https:\/\/www.sonoraenequipo.com.mx\/api\/wp\/v2\/comments?post=26705"}],"version-history":[{"count":0,"href":"https:\/\/www.sonoraenequipo.com.mx\/api\/wp\/v2\/posts\/26705\/revisions"}],"wp:featuredmedia":[{"embeddable":true,"href":"https:\/\/www.sonoraenequipo.com.mx\/api\/wp\/v2\/media\/26706"}],"wp:attachment":[{"href":"https:\/\/www.sonoraenequipo.com.mx\/api\/wp\/v2\/media?parent=26705"}],"wp:term":[{"taxonomy":"category","embeddable":true,"href":"https:\/\/www.sonoraenequipo.com.mx\/api\/wp\/v2\/categories?post=26705"},{"taxonomy":"post_tag","embeddable":true,"href":"https:\/\/www.sonoraenequipo.com.mx\/api\/wp\/v2\/tags?post=26705"}],"curies":[{"name":"wp","href":"https:\/\/api.w.org\/{rel}","templated":true}]}}