{"id":26708,"date":"2017-09-29T18:20:07","date_gmt":"2017-09-30T01:20:07","guid":{"rendered":"http:\/\/www.sonoraenequipo.com.mx\/?p=26708"},"modified":"2017-09-30T09:06:53","modified_gmt":"2017-09-30T16:06:53","slug":"concluye-capacitacion-perspectiva-genero-enlaces-atencion-ciudadana","status":"publish","type":"post","link":"https:\/\/www.sonoraenequipo.com.mx\/concluye-capacitacion-perspectiva-genero-enlaces-atencion-ciudadana\/","title":{"rendered":"Concluye capacitaci\u00f3n con perspectiva de g\u00e9nero a enlaces de Atenci\u00f3n Ciudadana"},"content":{"rendered":"<p>HERMOSILLO, SONORA. MX.\u2014 Servidoras y servidores p\u00fablicos del \u00e1rea de Atenci\u00f3n Ciudadana del Gobierno del Estado recibieron un curso de capacitaci\u00f3n con perspectiva de g\u00e9nero para fomentar la igualdad y no discriminaci\u00f3n.<\/p>\n<p> <\/p>\n<p>Blanca Luz Salda\u00f1a L\u00f3pez, Coordinadora Ejecutiva del Instituto Sonorense de las Mujeres (ISM), destac\u00f3 que este personal tiene un trato directo con los sonorenses que acuden a cada una de las dependencias, de ah\u00ed la importancia de que brinden un trato incluyente y atiendan con calidez tanto a mujeres como a hombres.<\/p>\n<p>Asegur\u00f3 que la Gobernadora Claudia Pavlovich Arellano ha instruido al Secretario de Gobierno, Miguel Ernesto Pompa Corella, trabajar por la eliminaci\u00f3n de las barreras de g\u00e9nero y que Sonora sea un estado con equidad de g\u00e9nero y no discriminaci\u00f3n.<\/p>\n<p><em>\u201cLa Gobernadora ha sido muy puntual, tenemos que trabajar para reducir brechas de g\u00e9nero, para esas desigualdades irlas desapareciendo, y que podamos transitar en un camino donde vayamos parejos hombres y las mujeres, las ni\u00f1as y los ni\u00f1os, las adultas y adultos mayores, las personas con discapacidad\u201d,<\/em> indic\u00f3.<\/p>\n<p>Martha Araceli Torres Rodr\u00edguez, Consultora y Especialista en Estudios de G\u00e9nero, quien imparti\u00f3 el taller a los enlaces de Atenci\u00f3n Ciudadana de 40 dependencias estatales, se\u00f1al\u00f3 que abordaron temas como:<\/p>\n<p>Tipos de violencia de g\u00e9nero, derechos humanos de las mujeres, transversalizaci\u00f3n e institutalizaci\u00f3n de la perspectiva de g\u00e9nero, su normatividad y todo lo relacionado con aplicar la visi\u00f3n con perspectiva de g\u00e9nero en la vida laboral, profesional y diaria.<\/p>\n<p>Torres Rodr\u00edguez dijo que, aunque en Sonora hay mucha labor a\u00fan por realizar, es de los estados pioneros en ser un ejemplo en este rengl\u00f3n, al contar con la Gobernadora Claudia Pavlovich al frente de la administraci\u00f3n estatal.<\/p>\n<p><em>\u201cSonora podr\u00eda decir yo que es uno de los estados pioneros porque tiene Gobernadora mujer, eso ya es un gran avance, est\u00e1s creando la imagen de que se reconoce las capacidades de las mujeres, que la ciudadan\u00eda vota por mujeres y que se puede hacer un trabajo igual, mejor o peor, pero que no tiene qu\u00e9 ver que sea hombre o mujer\u201d,<\/em> expres\u00f3.<\/p>\n<p>La Directora de Atenci\u00f3n Ciudadana, Rosario Camou Reyes, agradeci\u00f3 la participaci\u00f3n de cada uno de los enlaces por su compromiso para trabajar en la atenci\u00f3n a los ciudadanos con perspectiva de g\u00e9nero.<\/p>\n<p>Presentes: Ivone Patricia Andrade Zepeda, Coordinadora General de Comunicaci\u00f3n Social, en representaci\u00f3n de Jorge Dur\u00e1n Puente, Secretario T\u00e9cnico y de Atenci\u00f3n Ciudadana; Susana Isabel Flores, Coordinadora General de Operaci\u00f3n del Sistema DIF Sonora, en representaci\u00f3n de Margarita Ibarra de Torres, Presidenta del Sistema DIF Sonora.<\/p>\n<p>Mar\u00eda In\u00e9s Arag\u00f3n Salcido, Directora General de Notar\u00edas P\u00fablicas del Estado; X\u00f3chitl S\u00e1nchez Garc\u00eda, Directora General de Atenci\u00f3n a la Mujer en Hermosillo; y Lourdes Le\u00f3n Pacheco, regidora de la Comisi\u00f3n de la Mujer en Hermosillo.<\/p>\n<p>&nbsp;<\/p>\n<p>(Fecha de publicaci\u00f3n 29092017)<\/p>\n","protected":false},"excerpt":{"rendered":"<p>HERMOSILLO, SONORA. MX.\u2014 Servidoras y servidores p\u00fablicos del \u00e1rea de Atenci\u00f3n Ciudadana del Gobierno del&#8230;<\/p>\n","protected":false},"author":1,"featured_media":26709,"comment_status":"open","ping_status":"open","sticky":false,"template":"","format":"standard","meta":{"_monsterinsights_skip_tracking":false,"_monsterinsights_sitenote_active":false,"_monsterinsights_sitenote_note":"","_monsterinsights_sitenote_category":0,"footnotes":""},"categories":[13,4],"tags":[],"class_list":["post"],"yoast_head":" \n<title>Sonora en Equipo. Concluye capacitaci\u00f3n con perspectiva de g\u00e9nero a enlaces de Atenci\u00f3n Ciudadana Destacadas<\/title>\n<meta name=\"description\" content=\"HERMOSILLO, SONORA. MX.\u2014 Servidoras y servidores p\u00fablicos del \u00e1rea de Atenci\u00f3n Ciudadana del Gobierno del Estado recibieron un curso de capacitaci\u00f3n con En Sonora en Equipo publicamos toda la informaci\u00f3n de Sonora, M\u00e9xico y el Mundo de manera oportuna y busca que la libertad de expresi\u00f3n sea real. Visita nuestro medio informativo publicado desde Hermosillo, Sonora. %\" \/>\n<meta name=\"robots\" content=\"index, follow, max-snippet:-1, max-image-preview:large, max-video-preview:-1\" \/>\n<link rel=\"canonical\" href=\"https:\/\/www.sonoraenequipo.com.mx\/concluye-capacitacion-perspectiva-genero-enlaces-atencion-ciudadana\/\" \/>\n<meta property=\"og:locale\" content=\"es_ES\" \/>\n<meta property=\"og:type\" content=\"article\" \/>\n<meta property=\"og:title\" content=\"Sonora en Equipo. Concluye capacitaci\u00f3n con perspectiva de g\u00e9nero a enlaces de Atenci\u00f3n Ciudadana Destacadas\" \/>\n<meta property=\"og:description\" content=\"HERMOSILLO, SONORA. MX.\u2014 Servidoras y servidores p\u00fablicos del \u00e1rea de Atenci\u00f3n Ciudadana del Gobierno del Estado recibieron un curso de capacitaci\u00f3n con En Sonora en Equipo publicamos toda la informaci\u00f3n de Sonora, M\u00e9xico y el Mundo de manera oportuna y busca que la libertad de expresi\u00f3n sea real. Visita nuestro medio informativo publicado desde Hermosillo, Sonora. %\" \/>\n<meta property=\"og:url\" content=\"https:\/\/www.sonoraenequipo.com.mx\/concluye-capacitacion-perspectiva-genero-enlaces-atencion-ciudadana\/\" \/>\n<meta property=\"og:site_name\" content=\"Sonora en Equipo.\" \/>\n<meta property=\"article:publisher\" content=\"https:\/\/www.facebook.com\/SonoraEE\/\" \/>\n<meta property=\"article:author\" content=\"https:\/\/www.facebook.com\/SonoraEE\" \/>\n<meta property=\"article:published_time\" content=\"2017-09-30T01:20:07+00:00\" \/>\n<meta property=\"article:modified_time\" content=\"2017-09-30T16:06:53+00:00\" \/>\n<meta property=\"og:image\" content=\"https:\/\/www.sonoraenequipo.com.mx\/storage\/2017\/09\/capacitacion_opt3.jpg\" \/>\n\t<meta property=\"og:image:width\" content=\"675\" \/>\n\t<meta property=\"og:image:height\" content=\"450\" \/>\n\t<meta property=\"og:image:type\" content=\"image\/jpeg\" \/>\n<meta name=\"author\" content=\"enequipo\" \/>\n<meta name=\"twitter:card\" content=\"summary_large_image\" \/>\n<meta name=\"twitter:creator\" content=\"@sonoraenequipo\" \/>\n<meta name=\"twitter:site\" content=\"@sonoraenequipo\" \/>\n<meta name=\"twitter:label1\" content=\"Escrito por\" \/>\n\t<meta name=\"twitter:data1\" content=\"enequipo\" \/>\n\t<meta name=\"twitter:label2\" content=\"Tiempo de lectura\" \/>\n\t<meta name=\"twitter:data2\" content=\"3 minutos\" \/>\n<script type=\"application\/ld+json\" class=\"yoast-schema-graph\">{\"@context\":\"https:\/\/schema.org\",\"@graph\":[{\"@type\":\"Article\",\"@id\":\"https:\/\/www.sonoraenequipo.com.mx\/concluye-capacitacion-perspectiva-genero-enlaces-atencion-ciudadana\/#article\",\"isPartOf\":{\"@id\":\"https:\/\/www.sonoraenequipo.com.mx\/concluye-capacitacion-perspectiva-genero-enlaces-atencion-ciudadana\/\"},\"author\":{\"name\":\"enequipo\",\"@id\":\"https:\/\/www.sonoraenequipo.com.mx\/#\/schema\/person\/50102df0fb23a8fa9e8effad8fa81386\"},\"headline\":\"Concluye capacitaci\u00f3n con perspectiva de g\u00e9nero a enlaces de Atenci\u00f3n Ciudadana\",\"datePublished\":\"2017-09-30T01:20:07+00:00\",\"dateModified\":\"2017-09-30T16:06:53+00:00\",\"mainEntityOfPage\":{\"@id\":\"https:\/\/www.sonoraenequipo.com.mx\/concluye-capacitacion-perspectiva-genero-enlaces-atencion-ciudadana\/\"},\"wordCount\":525,\"commentCount\":0,\"publisher\":{\"@id\":\"https:\/\/www.sonoraenequipo.com.mx\/#organization\"},\"image\":{\"@id\":\"https:\/\/www.sonoraenequipo.com.mx\/concluye-capacitacion-perspectiva-genero-enlaces-atencion-ciudadana\/#primaryimage\"},\"thumbnailUrl\":\"https:\/\/www.sonoraenequipo.com.mx\/storage\/2017\/09\/capacitacion_opt3.jpg\",\"articleSection\":[\"Destacadas\",\"Municipios\"],\"inLanguage\":\"es\",\"potentialAction\":[{\"@type\":\"CommentAction\",\"name\":\"Comment\",\"target\":[\"https:\/\/www.sonoraenequipo.com.mx\/concluye-capacitacion-perspectiva-genero-enlaces-atencion-ciudadana\/#respond\"]}]},{\"@type\":\"WebPage\",\"@id\":\"https:\/\/www.sonoraenequipo.com.mx\/concluye-capacitacion-perspectiva-genero-enlaces-atencion-ciudadana\/\",\"url\":\"https:\/\/www.sonoraenequipo.com.mx\/concluye-capacitacion-perspectiva-genero-enlaces-atencion-ciudadana\/\",\"name\":\"Sonora en Equipo. Concluye capacitaci\u00f3n con perspectiva de g\u00e9nero a enlaces de Atenci\u00f3n Ciudadana Destacadas\",\"isPartOf\":{\"@id\":\"https:\/\/www.sonoraenequipo.com.mx\/#website\"},\"primaryImageOfPage\":{\"@id\":\"https:\/\/www.sonoraenequipo.com.mx\/concluye-capacitacion-perspectiva-genero-enlaces-atencion-ciudadana\/#primaryimage\"},\"image\":{\"@id\":\"https:\/\/www.sonoraenequipo.com.mx\/concluye-capacitacion-perspectiva-genero-enlaces-atencion-ciudadana\/#primaryimage\"},\"thumbnailUrl\":\"https:\/\/www.sonoraenequipo.com.mx\/storage\/2017\/09\/capacitacion_opt3.jpg\",\"datePublished\":\"2017-09-30T01:20:07+00:00\",\"dateModified\":\"2017-09-30T16:06:53+00:00\",\"description\":\"HERMOSILLO, SONORA. MX.\u2014 Servidoras y servidores p\u00fablicos del \u00e1rea de Atenci\u00f3n Ciudadana del Gobierno del Estado recibieron un curso de capacitaci\u00f3n con En Sonora en Equipo publicamos toda la informaci\u00f3n de Sonora, M\u00e9xico y el Mundo de manera oportuna y busca que la libertad de expresi\u00f3n sea real. Visita nuestro medio informativo publicado desde Hermosillo, Sonora. %\",\"breadcrumb\":{\"@id\":\"https:\/\/www.sonoraenequipo.com.mx\/concluye-capacitacion-perspectiva-genero-enlaces-atencion-ciudadana\/#breadcrumb\"},\"inLanguage\":\"es\",\"potentialAction\":[{\"@type\":\"ReadAction\",\"target\":[\"https:\/\/www.sonoraenequipo.com.mx\/concluye-capacitacion-perspectiva-genero-enlaces-atencion-ciudadana\/\"]}]},{\"@type\":\"ImageObject\",\"inLanguage\":\"es\",\"@id\":\"https:\/\/www.sonoraenequipo.com.mx\/concluye-capacitacion-perspectiva-genero-enlaces-atencion-ciudadana\/#primaryimage\",\"url\":\"https:\/\/www.sonoraenequipo.com.mx\/storage\/2017\/09\/capacitacion_opt3.jpg\",\"contentUrl\":\"https:\/\/www.sonoraenequipo.com.mx\/storage\/2017\/09\/capacitacion_opt3.jpg\",\"width\":675,\"height\":450},{\"@type\":\"BreadcrumbList\",\"@id\":\"https:\/\/www.sonoraenequipo.com.mx\/concluye-capacitacion-perspectiva-genero-enlaces-atencion-ciudadana\/#breadcrumb\",\"itemListElement\":[{\"@type\":\"ListItem\",\"position\":1,\"name\":\"Portada\",\"item\":\"https:\/\/www.sonoraenequipo.com.mx\/\"},{\"@type\":\"ListItem\",\"position\":2,\"name\":\"Concluye capacitaci\u00f3n con perspectiva de g\u00e9nero a enlaces de Atenci\u00f3n Ciudadana\"}]},{\"@type\":\"WebSite\",\"@id\":\"https:\/\/www.sonoraenequipo.com.mx\/#website\",\"url\":\"https:\/\/www.sonoraenequipo.com.mx\/\",\"name\":\"Sonora en Equipo.\",\"description\":\"Diario en l\u00ednea con Noticias desde Hermosillo, Sonora\",\"publisher\":{\"@id\":\"https:\/\/www.sonoraenequipo.com.mx\/#organization\"},\"potentialAction\":[{\"@type\":\"SearchAction\",\"target\":{\"@type\":\"EntryPoint\",\"urlTemplate\":\"https:\/\/www.sonoraenequipo.com.mx\/?s={search_term_string}\"},\"query-input\":{\"@type\":\"PropertyValueSpecification\",\"valueRequired\":true,\"valueName\":\"search_term_string\"}}],\"inLanguage\":\"es\"},{\"@type\":\"Organization\",\"@id\":\"https:\/\/www.sonoraenequipo.com.mx\/#organization\",\"name\":\"Sonoraenequipo.com.mx\",\"url\":\"https:\/\/www.sonoraenequipo.com.mx\/\",\"logo\":{\"@type\":\"ImageObject\",\"inLanguage\":\"es\",\"@id\":\"https:\/\/www.sonoraenequipo.com.mx\/#\/schema\/logo\/image\/\",\"url\":\"https:\/\/www.sonoraenequipo.com.mx\/storage\/2019\/01\/sonoraenequipo_opt.png\",\"contentUrl\":\"https:\/\/www.sonoraenequipo.com.mx\/storage\/2019\/01\/sonoraenequipo_opt.png\",\"width\":375,\"height\":125,\"caption\":\"Sonoraenequipo.com.mx\"},\"image\":{\"@id\":\"https:\/\/www.sonoraenequipo.com.mx\/#\/schema\/logo\/image\/\"},\"sameAs\":[\"https:\/\/www.facebook.com\/SonoraEE\/\",\"https:\/\/x.com\/sonoraenequipo\",\"https:\/\/www.youtube.com\/channel\/UC338nW-lPEYmJQs4ZABQ1SQ\"]},{\"@type\":\"Person\",\"@id\":\"https:\/\/www.sonoraenequipo.com.mx\/#\/schema\/person\/50102df0fb23a8fa9e8effad8fa81386\",\"name\":\"enequipo\",\"image\":{\"@type\":\"ImageObject\",\"inLanguage\":\"es\",\"@id\":\"https:\/\/www.sonoraenequipo.com.mx\/#\/schema\/person\/image\/\",\"url\":\"https:\/\/secure.gravatar.com\/avatar\/049821681b589dabc0bc20695993ccebb09f5b5d4d790cd9251b97faac7c652b?s=96&d=blank&r=g\",\"contentUrl\":\"https:\/\/secure.gravatar.com\/avatar\/049821681b589dabc0bc20695993ccebb09f5b5d4d790cd9251b97faac7c652b?s=96&d=blank&r=g\",\"caption\":\"enequipo\"},\"sameAs\":[\"https:\/\/www.facebook.com\/SonoraEE\"]}]}<\/script>\n ","yoast_head_json":{"title":"Sonora en Equipo. Concluye capacitaci\u00f3n con perspectiva de g\u00e9nero a enlaces de Atenci\u00f3n Ciudadana Destacadas","description":"HERMOSILLO, SONORA. MX.\u2014 Servidoras y servidores p\u00fablicos del \u00e1rea de Atenci\u00f3n Ciudadana del Gobierno del Estado recibieron un curso de capacitaci\u00f3n con En Sonora en Equipo publicamos toda la informaci\u00f3n de Sonora, M\u00e9xico y el Mundo de manera oportuna y busca que la libertad de expresi\u00f3n sea real. Visita nuestro medio informativo publicado desde Hermosillo, Sonora. %","robots":{"index":"index","follow":"follow","max-snippet":"max-snippet:-1","max-image-preview":"max-image-preview:large","max-video-preview":"max-video-preview:-1"},"canonical":"https:\/\/www.sonoraenequipo.com.mx\/concluye-capacitacion-perspectiva-genero-enlaces-atencion-ciudadana\/","og_locale":"es_ES","og_type":"article","og_title":"Sonora en Equipo. Concluye capacitaci\u00f3n con perspectiva de g\u00e9nero a enlaces de Atenci\u00f3n Ciudadana Destacadas","og_description":"HERMOSILLO, SONORA. MX.\u2014 Servidoras y servidores p\u00fablicos del \u00e1rea de Atenci\u00f3n Ciudadana del Gobierno del Estado recibieron un curso de capacitaci\u00f3n con En Sonora en Equipo publicamos toda la informaci\u00f3n de Sonora, M\u00e9xico y el Mundo de manera oportuna y busca que la libertad de expresi\u00f3n sea real. Visita nuestro medio informativo publicado desde Hermosillo, Sonora. %","og_url":"https:\/\/www.sonoraenequipo.com.mx\/concluye-capacitacion-perspectiva-genero-enlaces-atencion-ciudadana\/","og_site_name":"Sonora en Equipo.","article_publisher":"https:\/\/www.facebook.com\/SonoraEE\/","article_author":"https:\/\/www.facebook.com\/SonoraEE","article_published_time":"2017-09-30T01:20:07+00:00","article_modified_time":"2017-09-30T16:06:53+00:00","og_image":[{"width":675,"height":450,"url":"https:\/\/www.sonoraenequipo.com.mx\/storage\/2017\/09\/capacitacion_opt3.jpg","type":"image\/jpeg"}],"author":"enequipo","twitter_card":"summary_large_image","twitter_creator":"@sonoraenequipo","twitter_site":"@sonoraenequipo","twitter_misc":{"Escrito por":"enequipo","Tiempo de lectura":"3 minutos"},"schema":{"@context":"https:\/\/schema.org","@graph":[{"@type":"Article","@id":"https:\/\/www.sonoraenequipo.com.mx\/concluye-capacitacion-perspectiva-genero-enlaces-atencion-ciudadana\/#article","isPartOf":{"@id":"https:\/\/www.sonoraenequipo.com.mx\/concluye-capacitacion-perspectiva-genero-enlaces-atencion-ciudadana\/"},"author":{"name":"enequipo","@id":"https:\/\/www.sonoraenequipo.com.mx\/#\/schema\/person\/50102df0fb23a8fa9e8effad8fa81386"},"headline":"Concluye capacitaci\u00f3n con perspectiva de g\u00e9nero a enlaces de Atenci\u00f3n Ciudadana","datePublished":"2017-09-30T01:20:07+00:00","dateModified":"2017-09-30T16:06:53+00:00","mainEntityOfPage":{"@id":"https:\/\/www.sonoraenequipo.com.mx\/concluye-capacitacion-perspectiva-genero-enlaces-atencion-ciudadana\/"},"wordCount":525,"commentCount":0,"publisher":{"@id":"https:\/\/www.sonoraenequipo.com.mx\/#organization"},"image":{"@id":"https:\/\/www.sonoraenequipo.com.mx\/concluye-capacitacion-perspectiva-genero-enlaces-atencion-ciudadana\/#primaryimage"},"thumbnailUrl":"https:\/\/www.sonoraenequipo.com.mx\/storage\/2017\/09\/capacitacion_opt3.jpg","articleSection":["Destacadas","Municipios"],"inLanguage":"es","potentialAction":[{"@type":"CommentAction","name":"Comment","target":["https:\/\/www.sonoraenequipo.com.mx\/concluye-capacitacion-perspectiva-genero-enlaces-atencion-ciudadana\/#respond"]}]},{"@type":"WebPage","@id":"https:\/\/www.sonoraenequipo.com.mx\/concluye-capacitacion-perspectiva-genero-enlaces-atencion-ciudadana\/","url":"https:\/\/www.sonoraenequipo.com.mx\/concluye-capacitacion-perspectiva-genero-enlaces-atencion-ciudadana\/","name":"Sonora en Equipo. Concluye capacitaci\u00f3n con perspectiva de g\u00e9nero a enlaces de Atenci\u00f3n Ciudadana Destacadas","isPartOf":{"@id":"https:\/\/www.sonoraenequipo.com.mx\/#website"},"primaryImageOfPage":{"@id":"https:\/\/www.sonoraenequipo.com.mx\/concluye-capacitacion-perspectiva-genero-enlaces-atencion-ciudadana\/#primaryimage"},"image":{"@id":"https:\/\/www.sonoraenequipo.com.mx\/concluye-capacitacion-perspectiva-genero-enlaces-atencion-ciudadana\/#primaryimage"},"thumbnailUrl":"https:\/\/www.sonoraenequipo.com.mx\/storage\/2017\/09\/capacitacion_opt3.jpg","datePublished":"2017-09-30T01:20:07+00:00","dateModified":"2017-09-30T16:06:53+00:00","description":"HERMOSILLO, SONORA. MX.\u2014 Servidoras y servidores p\u00fablicos del \u00e1rea de Atenci\u00f3n Ciudadana del Gobierno del Estado recibieron un curso de capacitaci\u00f3n con En Sonora en Equipo publicamos toda la informaci\u00f3n de Sonora, M\u00e9xico y el Mundo de manera oportuna y busca que la libertad de expresi\u00f3n sea real. Visita nuestro medio informativo publicado desde Hermosillo, Sonora. %","breadcrumb":{"@id":"https:\/\/www.sonoraenequipo.com.mx\/concluye-capacitacion-perspectiva-genero-enlaces-atencion-ciudadana\/#breadcrumb"},"inLanguage":"es","potentialAction":[{"@type":"ReadAction","target":["https:\/\/www.sonoraenequipo.com.mx\/concluye-capacitacion-perspectiva-genero-enlaces-atencion-ciudadana\/"]}]},{"@type":"ImageObject","inLanguage":"es","@id":"https:\/\/www.sonoraenequipo.com.mx\/concluye-capacitacion-perspectiva-genero-enlaces-atencion-ciudadana\/#primaryimage","url":"https:\/\/www.sonoraenequipo.com.mx\/storage\/2017\/09\/capacitacion_opt3.jpg","contentUrl":"https:\/\/www.sonoraenequipo.com.mx\/storage\/2017\/09\/capacitacion_opt3.jpg","width":675,"height":450},{"@type":"BreadcrumbList","@id":"https:\/\/www.sonoraenequipo.com.mx\/concluye-capacitacion-perspectiva-genero-enlaces-atencion-ciudadana\/#breadcrumb","itemListElement":[{"@type":"ListItem","position":1,"name":"Portada","item":"https:\/\/www.sonoraenequipo.com.mx\/"},{"@type":"ListItem","position":2,"name":"Concluye capacitaci\u00f3n con perspectiva de g\u00e9nero a enlaces de Atenci\u00f3n Ciudadana"}]},{"@type":"WebSite","@id":"https:\/\/www.sonoraenequipo.com.mx\/#website","url":"https:\/\/www.sonoraenequipo.com.mx\/","name":"Sonora en Equipo.","description":"Diario en l\u00ednea con Noticias desde Hermosillo, Sonora","publisher":{"@id":"https:\/\/www.sonoraenequipo.com.mx\/#organization"},"potentialAction":[{"@type":"SearchAction","target":{"@type":"EntryPoint","urlTemplate":"https:\/\/www.sonoraenequipo.com.mx\/?s={search_term_string}"},"query-input":{"@type":"PropertyValueSpecification","valueRequired":true,"valueName":"search_term_string"}}],"inLanguage":"es"},{"@type":"Organization","@id":"https:\/\/www.sonoraenequipo.com.mx\/#organization","name":"Sonoraenequipo.com.mx","url":"https:\/\/www.sonoraenequipo.com.mx\/","logo":{"@type":"ImageObject","inLanguage":"es","@id":"https:\/\/www.sonoraenequipo.com.mx\/#\/schema\/logo\/image\/","url":"https:\/\/www.sonoraenequipo.com.mx\/storage\/2019\/01\/sonoraenequipo_opt.png","contentUrl":"https:\/\/www.sonoraenequipo.com.mx\/storage\/2019\/01\/sonoraenequipo_opt.png","width":375,"height":125,"caption":"Sonoraenequipo.com.mx"},"image":{"@id":"https:\/\/www.sonoraenequipo.com.mx\/#\/schema\/logo\/image\/"},"sameAs":["https:\/\/www.facebook.com\/SonoraEE\/","https:\/\/x.com\/sonoraenequipo","https:\/\/www.youtube.com\/channel\/UC338nW-lPEYmJQs4ZABQ1SQ"]},{"@type":"Person","@id":"https:\/\/www.sonoraenequipo.com.mx\/#\/schema\/person\/50102df0fb23a8fa9e8effad8fa81386","name":"enequipo","image":{"@type":"ImageObject","inLanguage":"es","@id":"https:\/\/www.sonoraenequipo.com.mx\/#\/schema\/person\/image\/","url":"https:\/\/secure.gravatar.com\/avatar\/049821681b589dabc0bc20695993ccebb09f5b5d4d790cd9251b97faac7c652b?s=96&d=blank&r=g","contentUrl":"https:\/\/secure.gravatar.com\/avatar\/049821681b589dabc0bc20695993ccebb09f5b5d4d790cd9251b97faac7c652b?s=96&d=blank&r=g","caption":"enequipo"},"sameAs":["https:\/\/www.facebook.com\/SonoraEE"]}]}},"jetpack_featured_media_url":"https:\/\/www.sonoraenequipo.com.mx\/storage\/2017\/09\/capacitacion_opt3.jpg","_links":{"self":[{"href":"https:\/\/www.sonoraenequipo.com.mx\/api\/wp\/v2\/posts\/26708","targetHints":{"allow":["GET"]}}],"collection":[{"href":"https:\/\/www.sonoraenequipo.com.mx\/api\/wp\/v2\/posts"}],"about":[{"href":"https:\/\/www.sonoraenequipo.com.mx\/api\/wp\/v2\/types\/post"}],"author":[{"embeddable":true,"href":"https:\/\/www.sonoraenequipo.com.mx\/api\/wp\/v2\/users\/1"}],"replies":[{"embeddable":true,"href":"https:\/\/www.sonoraenequipo.com.mx\/api\/wp\/v2\/comments?post=26708"}],"version-history":[{"count":0,"href":"https:\/\/www.sonoraenequipo.com.mx\/api\/wp\/v2\/posts\/26708\/revisions"}],"wp:featuredmedia":[{"embeddable":true,"href":"https:\/\/www.sonoraenequipo.com.mx\/api\/wp\/v2\/media\/26709"}],"wp:attachment":[{"href":"https:\/\/www.sonoraenequipo.com.mx\/api\/wp\/v2\/media?parent=26708"}],"wp:term":[{"taxonomy":"category","embeddable":true,"href":"https:\/\/www.sonoraenequipo.com.mx\/api\/wp\/v2\/categories?post=26708"},{"taxonomy":"post_tag","embeddable":true,"href":"https:\/\/www.sonoraenequipo.com.mx\/api\/wp\/v2\/tags?post=26708"}],"curies":[{"name":"wp","href":"https:\/\/api.w.org\/{rel}","templated":true}]}}