{"id":26714,"date":"2017-09-30T13:30:36","date_gmt":"2017-09-30T20:30:36","guid":{"rendered":"http:\/\/www.sonoraenequipo.com.mx\/?p=26714"},"modified":"2017-10-01T09:13:03","modified_gmt":"2017-10-01T16:13:03","slug":"apaches-fantasmas-la-sierra-se-presento-congreso-del-estado-sonora","status":"publish","type":"post","link":"https:\/\/www.sonoraenequipo.com.mx\/apaches-fantasmas-la-sierra-se-presento-congreso-del-estado-sonora\/","title":{"rendered":"\u201cApaches, Fantasmas de la Sierra\u201d se present\u00f3 en el Congreso del Estado de Sonora"},"content":{"rendered":"<p>HERMOSILLO, SONORA. MX.\u2014 El libro \u201cApaches, fantasmas de la sierra\u201d del escritor Manuel Rojas fue presentado en el auditorio del Congreso del Estado.<\/p>\n<p> <\/p>\n<p>El autor, estuvo acompa\u00f1ado de la Diputada Mar\u00eda Cristina Guti\u00e9rrez Maz\u00f3n, presidenta de la mesa directiva, la Diputada Teresa Mar\u00eda Olivares, presidenta de la Comisi\u00f3n de Educaci\u00f3n y Cultura, y el historiador Benjam\u00edn Gaxiola.<\/p>\n<p>La diputada Olivares Ochoa dio la bienvenida a Sonora y agradeci\u00f3 el llevarles parte de la historia del estado a este recinto legislativo; por su parte, Benjam\u00edn Gaxiola brind\u00f3 una introducci\u00f3n a la presentaci\u00f3n del libro, haciendo una atenta invitaci\u00f3n a tomarse el tiempo para leer este texto de relevancia nacional.<\/p>\n<p>Durante la presentaci\u00f3n, el escritor mostr\u00f3 documentos exclusivos con los que cuenta el libro y brind\u00f3 una amena pl\u00e1tica, explicando desde el territorio en donde habitaron los apaches, hasta acontecimientos relevantes en torno a la tribu.<\/p>\n<p>Resalt\u00f3 que la investigaci\u00f3n de campo que realiz\u00f3 para poder fundamentar su obra, le tom\u00f3 alrededor de 5 a\u00f1os, siendo esta la segunda edici\u00f3n de su trabajo.<\/p>\n<p>Al finalizar su presentaci\u00f3n, hizo entrega a las legisladoras presentes de un proyecto que consiste en un Centro Cultural en Arizpe, Sonora, en donde se presume fue un lugar poblado por los apaches, por lo cual, dijo ser\u00eda una gran atracci\u00f3n cultural para los turistas y de gran beneficio para la econom\u00eda del Estado.<\/p>\n<p>Por su parte, la diputada Guti\u00e9rrez Maz\u00f3n, agradeci\u00f3 la visita del escritor y resalt\u00f3 la importancia de este tipo de eventos en donde se da a conocer la historia etnogr\u00e1fica del pa\u00eds, y m\u00e1s a\u00fan cuando nuestro estado es uno de los objetos de estudio principales.<\/p>\n<p>&nbsp;<\/p>\n<p>Fecha de publicaci\u00f3n 30092017)<\/p>\n","protected":false},"excerpt":{"rendered":"<p>HERMOSILLO, SONORA. MX.\u2014 El libro \u201cApaches, fantasmas de la sierra\u201d del escritor Manuel Rojas fue&#8230;<\/p>\n","protected":false},"author":1,"featured_media":26715,"comment_status":"open","ping_status":"open","sticky":false,"template":"","format":"standard","meta":{"_monsterinsights_skip_tracking":false,"_monsterinsights_sitenote_active":false,"_monsterinsights_sitenote_note":"","_monsterinsights_sitenote_category":0,"footnotes":""},"categories":[13,22],"tags":[],"class_list":["post"],"yoast_head":" \n<title>Sonora en Equipo. \u201cApaches, Fantasmas de la Sierra\u201d se present\u00f3 en el Congreso del Estado de Sonora Destacadas<\/title>\n<meta name=\"description\" content=\"HERMOSILLO, SONORA. MX.\u2014 El libro \u201cApaches, fantasmas de la sierra\u201d del escritor Manuel Rojas fue presentado en el auditorio del Congreso del Estado. El En Sonora en Equipo publicamos toda la informaci\u00f3n de Sonora, M\u00e9xico y el Mundo de manera oportuna y busca que la libertad de expresi\u00f3n sea real. Visita nuestro medio informativo publicado desde Hermosillo, Sonora. %\" \/>\n<meta name=\"robots\" content=\"index, follow, max-snippet:-1, max-image-preview:large, max-video-preview:-1\" \/>\n<link rel=\"canonical\" href=\"https:\/\/www.sonoraenequipo.com.mx\/apaches-fantasmas-la-sierra-se-presento-congreso-del-estado-sonora\/\" \/>\n<meta property=\"og:locale\" content=\"es_ES\" \/>\n<meta property=\"og:type\" content=\"article\" \/>\n<meta property=\"og:title\" content=\"Sonora en Equipo. \u201cApaches, Fantasmas de la Sierra\u201d se present\u00f3 en el Congreso del Estado de Sonora Destacadas\" \/>\n<meta property=\"og:description\" content=\"HERMOSILLO, SONORA. MX.\u2014 El libro \u201cApaches, fantasmas de la sierra\u201d del escritor Manuel Rojas fue presentado en el auditorio del Congreso del Estado. El En Sonora en Equipo publicamos toda la informaci\u00f3n de Sonora, M\u00e9xico y el Mundo de manera oportuna y busca que la libertad de expresi\u00f3n sea real. Visita nuestro medio informativo publicado desde Hermosillo, Sonora. %\" \/>\n<meta property=\"og:url\" content=\"https:\/\/www.sonoraenequipo.com.mx\/apaches-fantasmas-la-sierra-se-presento-congreso-del-estado-sonora\/\" \/>\n<meta property=\"og:site_name\" content=\"Sonora en Equipo.\" \/>\n<meta property=\"article:publisher\" content=\"https:\/\/www.facebook.com\/SonoraEE\/\" \/>\n<meta property=\"article:author\" content=\"https:\/\/www.facebook.com\/SonoraEE\" \/>\n<meta property=\"article:published_time\" content=\"2017-09-30T20:30:36+00:00\" \/>\n<meta property=\"article:modified_time\" content=\"2017-10-01T16:13:03+00:00\" \/>\n<meta property=\"og:image\" content=\"https:\/\/www.sonoraenequipo.com.mx\/storage\/2017\/10\/congreso_presentalibroAFCES-270917-4_opt.jpg\" \/>\n\t<meta property=\"og:image:width\" content=\"750\" \/>\n\t<meta property=\"og:image:height\" content=\"500\" \/>\n\t<meta property=\"og:image:type\" content=\"image\/jpeg\" \/>\n<meta name=\"author\" content=\"enequipo\" \/>\n<meta name=\"twitter:card\" content=\"summary_large_image\" \/>\n<meta name=\"twitter:creator\" content=\"@sonoraenequipo\" \/>\n<meta name=\"twitter:site\" content=\"@sonoraenequipo\" \/>\n<meta name=\"twitter:label1\" content=\"Escrito por\" \/>\n\t<meta name=\"twitter:data1\" content=\"enequipo\" \/>\n\t<meta name=\"twitter:label2\" content=\"Tiempo de lectura\" \/>\n\t<meta name=\"twitter:data2\" content=\"2 minutos\" \/>\n<script type=\"application\/ld+json\" class=\"yoast-schema-graph\">{\"@context\":\"https:\/\/schema.org\",\"@graph\":[{\"@type\":\"Article\",\"@id\":\"https:\/\/www.sonoraenequipo.com.mx\/apaches-fantasmas-la-sierra-se-presento-congreso-del-estado-sonora\/#article\",\"isPartOf\":{\"@id\":\"https:\/\/www.sonoraenequipo.com.mx\/apaches-fantasmas-la-sierra-se-presento-congreso-del-estado-sonora\/\"},\"author\":{\"name\":\"enequipo\",\"@id\":\"https:\/\/www.sonoraenequipo.com.mx\/#\/schema\/person\/50102df0fb23a8fa9e8effad8fa81386\"},\"headline\":\"\u201cApaches, Fantasmas de la Sierra\u201d se present\u00f3 en el Congreso del Estado de Sonora\",\"datePublished\":\"2017-09-30T20:30:36+00:00\",\"dateModified\":\"2017-10-01T16:13:03+00:00\",\"mainEntityOfPage\":{\"@id\":\"https:\/\/www.sonoraenequipo.com.mx\/apaches-fantasmas-la-sierra-se-presento-congreso-del-estado-sonora\/\"},\"wordCount\":316,\"commentCount\":0,\"publisher\":{\"@id\":\"https:\/\/www.sonoraenequipo.com.mx\/#organization\"},\"image\":{\"@id\":\"https:\/\/www.sonoraenequipo.com.mx\/apaches-fantasmas-la-sierra-se-presento-congreso-del-estado-sonora\/#primaryimage\"},\"thumbnailUrl\":\"https:\/\/www.sonoraenequipo.com.mx\/storage\/2017\/10\/congreso_presentalibroAFCES-270917-4_opt.jpg\",\"articleSection\":[\"Destacadas\",\"Sonora\"],\"inLanguage\":\"es\",\"potentialAction\":[{\"@type\":\"CommentAction\",\"name\":\"Comment\",\"target\":[\"https:\/\/www.sonoraenequipo.com.mx\/apaches-fantasmas-la-sierra-se-presento-congreso-del-estado-sonora\/#respond\"]}]},{\"@type\":\"WebPage\",\"@id\":\"https:\/\/www.sonoraenequipo.com.mx\/apaches-fantasmas-la-sierra-se-presento-congreso-del-estado-sonora\/\",\"url\":\"https:\/\/www.sonoraenequipo.com.mx\/apaches-fantasmas-la-sierra-se-presento-congreso-del-estado-sonora\/\",\"name\":\"Sonora en Equipo. \u201cApaches, Fantasmas de la Sierra\u201d se present\u00f3 en el Congreso del Estado de Sonora Destacadas\",\"isPartOf\":{\"@id\":\"https:\/\/www.sonoraenequipo.com.mx\/#website\"},\"primaryImageOfPage\":{\"@id\":\"https:\/\/www.sonoraenequipo.com.mx\/apaches-fantasmas-la-sierra-se-presento-congreso-del-estado-sonora\/#primaryimage\"},\"image\":{\"@id\":\"https:\/\/www.sonoraenequipo.com.mx\/apaches-fantasmas-la-sierra-se-presento-congreso-del-estado-sonora\/#primaryimage\"},\"thumbnailUrl\":\"https:\/\/www.sonoraenequipo.com.mx\/storage\/2017\/10\/congreso_presentalibroAFCES-270917-4_opt.jpg\",\"datePublished\":\"2017-09-30T20:30:36+00:00\",\"dateModified\":\"2017-10-01T16:13:03+00:00\",\"description\":\"HERMOSILLO, SONORA. MX.\u2014 El libro \u201cApaches, fantasmas de la sierra\u201d del escritor Manuel Rojas fue presentado en el auditorio del Congreso del Estado. El En Sonora en Equipo publicamos toda la informaci\u00f3n de Sonora, M\u00e9xico y el Mundo de manera oportuna y busca que la libertad de expresi\u00f3n sea real. Visita nuestro medio informativo publicado desde Hermosillo, Sonora. %\",\"breadcrumb\":{\"@id\":\"https:\/\/www.sonoraenequipo.com.mx\/apaches-fantasmas-la-sierra-se-presento-congreso-del-estado-sonora\/#breadcrumb\"},\"inLanguage\":\"es\",\"potentialAction\":[{\"@type\":\"ReadAction\",\"target\":[\"https:\/\/www.sonoraenequipo.com.mx\/apaches-fantasmas-la-sierra-se-presento-congreso-del-estado-sonora\/\"]}]},{\"@type\":\"ImageObject\",\"inLanguage\":\"es\",\"@id\":\"https:\/\/www.sonoraenequipo.com.mx\/apaches-fantasmas-la-sierra-se-presento-congreso-del-estado-sonora\/#primaryimage\",\"url\":\"https:\/\/www.sonoraenequipo.com.mx\/storage\/2017\/10\/congreso_presentalibroAFCES-270917-4_opt.jpg\",\"contentUrl\":\"https:\/\/www.sonoraenequipo.com.mx\/storage\/2017\/10\/congreso_presentalibroAFCES-270917-4_opt.jpg\",\"width\":750,\"height\":500},{\"@type\":\"BreadcrumbList\",\"@id\":\"https:\/\/www.sonoraenequipo.com.mx\/apaches-fantasmas-la-sierra-se-presento-congreso-del-estado-sonora\/#breadcrumb\",\"itemListElement\":[{\"@type\":\"ListItem\",\"position\":1,\"name\":\"Portada\",\"item\":\"https:\/\/www.sonoraenequipo.com.mx\/\"},{\"@type\":\"ListItem\",\"position\":2,\"name\":\"\u201cApaches, Fantasmas de la Sierra\u201d se present\u00f3 en el Congreso del Estado de Sonora\"}]},{\"@type\":\"WebSite\",\"@id\":\"https:\/\/www.sonoraenequipo.com.mx\/#website\",\"url\":\"https:\/\/www.sonoraenequipo.com.mx\/\",\"name\":\"Sonora en Equipo.\",\"description\":\"Diario en l\u00ednea con Noticias desde Hermosillo, Sonora\",\"publisher\":{\"@id\":\"https:\/\/www.sonoraenequipo.com.mx\/#organization\"},\"potentialAction\":[{\"@type\":\"SearchAction\",\"target\":{\"@type\":\"EntryPoint\",\"urlTemplate\":\"https:\/\/www.sonoraenequipo.com.mx\/?s={search_term_string}\"},\"query-input\":{\"@type\":\"PropertyValueSpecification\",\"valueRequired\":true,\"valueName\":\"search_term_string\"}}],\"inLanguage\":\"es\"},{\"@type\":\"Organization\",\"@id\":\"https:\/\/www.sonoraenequipo.com.mx\/#organization\",\"name\":\"Sonoraenequipo.com.mx\",\"url\":\"https:\/\/www.sonoraenequipo.com.mx\/\",\"logo\":{\"@type\":\"ImageObject\",\"inLanguage\":\"es\",\"@id\":\"https:\/\/www.sonoraenequipo.com.mx\/#\/schema\/logo\/image\/\",\"url\":\"https:\/\/www.sonoraenequipo.com.mx\/storage\/2019\/01\/sonoraenequipo_opt.png\",\"contentUrl\":\"https:\/\/www.sonoraenequipo.com.mx\/storage\/2019\/01\/sonoraenequipo_opt.png\",\"width\":375,\"height\":125,\"caption\":\"Sonoraenequipo.com.mx\"},\"image\":{\"@id\":\"https:\/\/www.sonoraenequipo.com.mx\/#\/schema\/logo\/image\/\"},\"sameAs\":[\"https:\/\/www.facebook.com\/SonoraEE\/\",\"https:\/\/x.com\/sonoraenequipo\",\"https:\/\/www.youtube.com\/channel\/UC338nW-lPEYmJQs4ZABQ1SQ\"]},{\"@type\":\"Person\",\"@id\":\"https:\/\/www.sonoraenequipo.com.mx\/#\/schema\/person\/50102df0fb23a8fa9e8effad8fa81386\",\"name\":\"enequipo\",\"image\":{\"@type\":\"ImageObject\",\"inLanguage\":\"es\",\"@id\":\"https:\/\/www.sonoraenequipo.com.mx\/#\/schema\/person\/image\/\",\"url\":\"https:\/\/secure.gravatar.com\/avatar\/049821681b589dabc0bc20695993ccebb09f5b5d4d790cd9251b97faac7c652b?s=96&d=blank&r=g\",\"contentUrl\":\"https:\/\/secure.gravatar.com\/avatar\/049821681b589dabc0bc20695993ccebb09f5b5d4d790cd9251b97faac7c652b?s=96&d=blank&r=g\",\"caption\":\"enequipo\"},\"sameAs\":[\"https:\/\/www.facebook.com\/SonoraEE\"]}]}<\/script>\n ","yoast_head_json":{"title":"Sonora en Equipo. \u201cApaches, Fantasmas de la Sierra\u201d se present\u00f3 en el Congreso del Estado de Sonora Destacadas","description":"HERMOSILLO, SONORA. MX.\u2014 El libro \u201cApaches, fantasmas de la sierra\u201d del escritor Manuel Rojas fue presentado en el auditorio del Congreso del Estado. El En Sonora en Equipo publicamos toda la informaci\u00f3n de Sonora, M\u00e9xico y el Mundo de manera oportuna y busca que la libertad de expresi\u00f3n sea real. Visita nuestro medio informativo publicado desde Hermosillo, Sonora. %","robots":{"index":"index","follow":"follow","max-snippet":"max-snippet:-1","max-image-preview":"max-image-preview:large","max-video-preview":"max-video-preview:-1"},"canonical":"https:\/\/www.sonoraenequipo.com.mx\/apaches-fantasmas-la-sierra-se-presento-congreso-del-estado-sonora\/","og_locale":"es_ES","og_type":"article","og_title":"Sonora en Equipo. \u201cApaches, Fantasmas de la Sierra\u201d se present\u00f3 en el Congreso del Estado de Sonora Destacadas","og_description":"HERMOSILLO, SONORA. MX.\u2014 El libro \u201cApaches, fantasmas de la sierra\u201d del escritor Manuel Rojas fue presentado en el auditorio del Congreso del Estado. El En Sonora en Equipo publicamos toda la informaci\u00f3n de Sonora, M\u00e9xico y el Mundo de manera oportuna y busca que la libertad de expresi\u00f3n sea real. Visita nuestro medio informativo publicado desde Hermosillo, Sonora. %","og_url":"https:\/\/www.sonoraenequipo.com.mx\/apaches-fantasmas-la-sierra-se-presento-congreso-del-estado-sonora\/","og_site_name":"Sonora en Equipo.","article_publisher":"https:\/\/www.facebook.com\/SonoraEE\/","article_author":"https:\/\/www.facebook.com\/SonoraEE","article_published_time":"2017-09-30T20:30:36+00:00","article_modified_time":"2017-10-01T16:13:03+00:00","og_image":[{"width":750,"height":500,"url":"https:\/\/www.sonoraenequipo.com.mx\/storage\/2017\/10\/congreso_presentalibroAFCES-270917-4_opt.jpg","type":"image\/jpeg"}],"author":"enequipo","twitter_card":"summary_large_image","twitter_creator":"@sonoraenequipo","twitter_site":"@sonoraenequipo","twitter_misc":{"Escrito por":"enequipo","Tiempo de lectura":"2 minutos"},"schema":{"@context":"https:\/\/schema.org","@graph":[{"@type":"Article","@id":"https:\/\/www.sonoraenequipo.com.mx\/apaches-fantasmas-la-sierra-se-presento-congreso-del-estado-sonora\/#article","isPartOf":{"@id":"https:\/\/www.sonoraenequipo.com.mx\/apaches-fantasmas-la-sierra-se-presento-congreso-del-estado-sonora\/"},"author":{"name":"enequipo","@id":"https:\/\/www.sonoraenequipo.com.mx\/#\/schema\/person\/50102df0fb23a8fa9e8effad8fa81386"},"headline":"\u201cApaches, Fantasmas de la Sierra\u201d se present\u00f3 en el Congreso del Estado de Sonora","datePublished":"2017-09-30T20:30:36+00:00","dateModified":"2017-10-01T16:13:03+00:00","mainEntityOfPage":{"@id":"https:\/\/www.sonoraenequipo.com.mx\/apaches-fantasmas-la-sierra-se-presento-congreso-del-estado-sonora\/"},"wordCount":316,"commentCount":0,"publisher":{"@id":"https:\/\/www.sonoraenequipo.com.mx\/#organization"},"image":{"@id":"https:\/\/www.sonoraenequipo.com.mx\/apaches-fantasmas-la-sierra-se-presento-congreso-del-estado-sonora\/#primaryimage"},"thumbnailUrl":"https:\/\/www.sonoraenequipo.com.mx\/storage\/2017\/10\/congreso_presentalibroAFCES-270917-4_opt.jpg","articleSection":["Destacadas","Sonora"],"inLanguage":"es","potentialAction":[{"@type":"CommentAction","name":"Comment","target":["https:\/\/www.sonoraenequipo.com.mx\/apaches-fantasmas-la-sierra-se-presento-congreso-del-estado-sonora\/#respond"]}]},{"@type":"WebPage","@id":"https:\/\/www.sonoraenequipo.com.mx\/apaches-fantasmas-la-sierra-se-presento-congreso-del-estado-sonora\/","url":"https:\/\/www.sonoraenequipo.com.mx\/apaches-fantasmas-la-sierra-se-presento-congreso-del-estado-sonora\/","name":"Sonora en Equipo. \u201cApaches, Fantasmas de la Sierra\u201d se present\u00f3 en el Congreso del Estado de Sonora Destacadas","isPartOf":{"@id":"https:\/\/www.sonoraenequipo.com.mx\/#website"},"primaryImageOfPage":{"@id":"https:\/\/www.sonoraenequipo.com.mx\/apaches-fantasmas-la-sierra-se-presento-congreso-del-estado-sonora\/#primaryimage"},"image":{"@id":"https:\/\/www.sonoraenequipo.com.mx\/apaches-fantasmas-la-sierra-se-presento-congreso-del-estado-sonora\/#primaryimage"},"thumbnailUrl":"https:\/\/www.sonoraenequipo.com.mx\/storage\/2017\/10\/congreso_presentalibroAFCES-270917-4_opt.jpg","datePublished":"2017-09-30T20:30:36+00:00","dateModified":"2017-10-01T16:13:03+00:00","description":"HERMOSILLO, SONORA. MX.\u2014 El libro \u201cApaches, fantasmas de la sierra\u201d del escritor Manuel Rojas fue presentado en el auditorio del Congreso del Estado. El En Sonora en Equipo publicamos toda la informaci\u00f3n de Sonora, M\u00e9xico y el Mundo de manera oportuna y busca que la libertad de expresi\u00f3n sea real. Visita nuestro medio informativo publicado desde Hermosillo, Sonora. %","breadcrumb":{"@id":"https:\/\/www.sonoraenequipo.com.mx\/apaches-fantasmas-la-sierra-se-presento-congreso-del-estado-sonora\/#breadcrumb"},"inLanguage":"es","potentialAction":[{"@type":"ReadAction","target":["https:\/\/www.sonoraenequipo.com.mx\/apaches-fantasmas-la-sierra-se-presento-congreso-del-estado-sonora\/"]}]},{"@type":"ImageObject","inLanguage":"es","@id":"https:\/\/www.sonoraenequipo.com.mx\/apaches-fantasmas-la-sierra-se-presento-congreso-del-estado-sonora\/#primaryimage","url":"https:\/\/www.sonoraenequipo.com.mx\/storage\/2017\/10\/congreso_presentalibroAFCES-270917-4_opt.jpg","contentUrl":"https:\/\/www.sonoraenequipo.com.mx\/storage\/2017\/10\/congreso_presentalibroAFCES-270917-4_opt.jpg","width":750,"height":500},{"@type":"BreadcrumbList","@id":"https:\/\/www.sonoraenequipo.com.mx\/apaches-fantasmas-la-sierra-se-presento-congreso-del-estado-sonora\/#breadcrumb","itemListElement":[{"@type":"ListItem","position":1,"name":"Portada","item":"https:\/\/www.sonoraenequipo.com.mx\/"},{"@type":"ListItem","position":2,"name":"\u201cApaches, Fantasmas de la Sierra\u201d se present\u00f3 en el Congreso del Estado de Sonora"}]},{"@type":"WebSite","@id":"https:\/\/www.sonoraenequipo.com.mx\/#website","url":"https:\/\/www.sonoraenequipo.com.mx\/","name":"Sonora en Equipo.","description":"Diario en l\u00ednea con Noticias desde Hermosillo, Sonora","publisher":{"@id":"https:\/\/www.sonoraenequipo.com.mx\/#organization"},"potentialAction":[{"@type":"SearchAction","target":{"@type":"EntryPoint","urlTemplate":"https:\/\/www.sonoraenequipo.com.mx\/?s={search_term_string}"},"query-input":{"@type":"PropertyValueSpecification","valueRequired":true,"valueName":"search_term_string"}}],"inLanguage":"es"},{"@type":"Organization","@id":"https:\/\/www.sonoraenequipo.com.mx\/#organization","name":"Sonoraenequipo.com.mx","url":"https:\/\/www.sonoraenequipo.com.mx\/","logo":{"@type":"ImageObject","inLanguage":"es","@id":"https:\/\/www.sonoraenequipo.com.mx\/#\/schema\/logo\/image\/","url":"https:\/\/www.sonoraenequipo.com.mx\/storage\/2019\/01\/sonoraenequipo_opt.png","contentUrl":"https:\/\/www.sonoraenequipo.com.mx\/storage\/2019\/01\/sonoraenequipo_opt.png","width":375,"height":125,"caption":"Sonoraenequipo.com.mx"},"image":{"@id":"https:\/\/www.sonoraenequipo.com.mx\/#\/schema\/logo\/image\/"},"sameAs":["https:\/\/www.facebook.com\/SonoraEE\/","https:\/\/x.com\/sonoraenequipo","https:\/\/www.youtube.com\/channel\/UC338nW-lPEYmJQs4ZABQ1SQ"]},{"@type":"Person","@id":"https:\/\/www.sonoraenequipo.com.mx\/#\/schema\/person\/50102df0fb23a8fa9e8effad8fa81386","name":"enequipo","image":{"@type":"ImageObject","inLanguage":"es","@id":"https:\/\/www.sonoraenequipo.com.mx\/#\/schema\/person\/image\/","url":"https:\/\/secure.gravatar.com\/avatar\/049821681b589dabc0bc20695993ccebb09f5b5d4d790cd9251b97faac7c652b?s=96&d=blank&r=g","contentUrl":"https:\/\/secure.gravatar.com\/avatar\/049821681b589dabc0bc20695993ccebb09f5b5d4d790cd9251b97faac7c652b?s=96&d=blank&r=g","caption":"enequipo"},"sameAs":["https:\/\/www.facebook.com\/SonoraEE"]}]}},"jetpack_featured_media_url":"https:\/\/www.sonoraenequipo.com.mx\/storage\/2017\/10\/congreso_presentalibroAFCES-270917-4_opt.jpg","_links":{"self":[{"href":"https:\/\/www.sonoraenequipo.com.mx\/api\/wp\/v2\/posts\/26714","targetHints":{"allow":["GET"]}}],"collection":[{"href":"https:\/\/www.sonoraenequipo.com.mx\/api\/wp\/v2\/posts"}],"about":[{"href":"https:\/\/www.sonoraenequipo.com.mx\/api\/wp\/v2\/types\/post"}],"author":[{"embeddable":true,"href":"https:\/\/www.sonoraenequipo.com.mx\/api\/wp\/v2\/users\/1"}],"replies":[{"embeddable":true,"href":"https:\/\/www.sonoraenequipo.com.mx\/api\/wp\/v2\/comments?post=26714"}],"version-history":[{"count":0,"href":"https:\/\/www.sonoraenequipo.com.mx\/api\/wp\/v2\/posts\/26714\/revisions"}],"wp:featuredmedia":[{"embeddable":true,"href":"https:\/\/www.sonoraenequipo.com.mx\/api\/wp\/v2\/media\/26715"}],"wp:attachment":[{"href":"https:\/\/www.sonoraenequipo.com.mx\/api\/wp\/v2\/media?parent=26714"}],"wp:term":[{"taxonomy":"category","embeddable":true,"href":"https:\/\/www.sonoraenequipo.com.mx\/api\/wp\/v2\/categories?post=26714"},{"taxonomy":"post_tag","embeddable":true,"href":"https:\/\/www.sonoraenequipo.com.mx\/api\/wp\/v2\/tags?post=26714"}],"curies":[{"name":"wp","href":"https:\/\/api.w.org\/{rel}","templated":true}]}}