{"id":26717,"date":"2017-09-30T14:00:37","date_gmt":"2017-09-30T21:00:37","guid":{"rendered":"http:\/\/www.sonoraenequipo.com.mx\/?p=26717"},"modified":"2017-10-01T09:21:24","modified_gmt":"2017-10-01T16:21:24","slug":"lleva-pri-municipal-jornada-gestion-social-la-colonia-4-marzo","status":"publish","type":"post","link":"https:\/\/www.sonoraenequipo.com.mx\/lleva-pri-municipal-jornada-gestion-social-la-colonia-4-marzo\/","title":{"rendered":"Lleva PRI municipal jornada de gesti\u00f3n social a la Colonia 4 de Marzo"},"content":{"rendered":"<p>HERMOSILLO, SONORA. MX.\u2014 Cientos de personas de la colonia 4 de Marzo y zonas cercanas aprovecharon los diferentes servicios gratuitos y el mercadito que llev\u00f3 el PRI de Hermosillo a trav\u00e9s de su jornada de gesti\u00f3n social.<\/p>\n<p> <\/p>\n<p>Se prestaron servicios de medicina general, pediatr\u00eda, optometr\u00eda, farmacia, gestiones con regidores, asesor\u00eda jur\u00eddica y corte de cabello, adem\u00e1s del mercadito donde se ofertaron productos de la canasta b\u00e1sica como frutas, verduras, arroz y frijol para beneficio de las familias del sector.<\/p>\n<p>Edgardo Brice\u00f1o Hern\u00e1ndez, presidente del Comit\u00e9 Municipal del PRI, destac\u00f3 que tanto esta jornada como las anteriores, han sido exitosas al acercar los servicios y gestiones a los sectores m\u00e1s vulnerables de la ciudad.<\/p>\n<p><em>\u201cEn el PRI Municipal continuamos con nuestro trabajo permanente de gesti\u00f3n social, un \u00e1rea muy importante para el partido que seguiremos fortaleciendo para llevarle servicios y herramientas de utilidad a la gente\u201d,<\/em> coment\u00f3.<\/p>\n<p>Brice\u00f1o Hern\u00e1ndez agreg\u00f3 que, de acuerdo al recorrido que se realiz\u00f3 previamente en la colonia 4 de Marzo, el servicio de pediatr\u00eda era uno de los que m\u00e1s solicitaban los habitantes del sector.<\/p>\n<p>Vecinos recibieron atenci\u00f3n en los diferentes servicios, tanto habitantes de la 4 de Marzo como de otras colonias cercanas como Invasi\u00f3n Guayac\u00e1n, Red 2000, Manantiales, entre otras.<\/p>\n<p>Asistieron la secretaria general del PRI de Hermosillo, Claudia Cano Vivero; Andrea de la Mora, secretaria general del Comit\u00e9 Directivo Estatal del PRI Sonora; el diputado federal Ulises Crist\u00f3pulos R\u00edos; los diputados locales David Palafox Celaya y Kitty Guti\u00e9rrez Maz\u00f3n; Zaira Fern\u00e1ndez, directora general de Bebidas Alcoh\u00f3licas; y la regidora Jazm\u00edn Escalante.<\/p>\n<p>&nbsp;<\/p>\n<p>(Fecha de publicaci\u00f3n 30092017)<\/p>\n","protected":false},"excerpt":{"rendered":"<p>HERMOSILLO, SONORA. MX.\u2014 Cientos de personas de la colonia 4 de Marzo y zonas cercanas&#8230;<\/p>\n","protected":false},"author":1,"featured_media":26719,"comment_status":"open","ping_status":"open","sticky":false,"template":"","format":"standard","meta":{"_monsterinsights_skip_tracking":false,"_monsterinsights_sitenote_active":false,"_monsterinsights_sitenote_note":"","_monsterinsights_sitenote_category":0,"footnotes":""},"categories":[13,4],"tags":[],"class_list":["post"],"yoast_head":" \n<title>Sonora en Equipo. Lleva PRI municipal jornada de gesti\u00f3n social a la Colonia 4 de Marzo Destacadas<\/title>\n<meta name=\"description\" content=\"HERMOSILLO, SONORA. MX.\u2014 Cientos de personas de la colonia 4 de Marzo y zonas cercanas aprovecharon los diferentes servicios gratuitos y el mercadito que En Sonora en Equipo publicamos toda la informaci\u00f3n de Sonora, M\u00e9xico y el Mundo de manera oportuna y busca que la libertad de expresi\u00f3n sea real. Visita nuestro medio informativo publicado desde Hermosillo, Sonora. %\" \/>\n<meta name=\"robots\" content=\"index, follow, max-snippet:-1, max-image-preview:large, max-video-preview:-1\" \/>\n<link rel=\"canonical\" href=\"https:\/\/www.sonoraenequipo.com.mx\/lleva-pri-municipal-jornada-gestion-social-la-colonia-4-marzo\/\" \/>\n<meta property=\"og:locale\" content=\"es_ES\" \/>\n<meta property=\"og:type\" content=\"article\" \/>\n<meta property=\"og:title\" content=\"Sonora en Equipo. Lleva PRI municipal jornada de gesti\u00f3n social a la Colonia 4 de Marzo Destacadas\" \/>\n<meta property=\"og:description\" content=\"HERMOSILLO, SONORA. MX.\u2014 Cientos de personas de la colonia 4 de Marzo y zonas cercanas aprovecharon los diferentes servicios gratuitos y el mercadito que En Sonora en Equipo publicamos toda la informaci\u00f3n de Sonora, M\u00e9xico y el Mundo de manera oportuna y busca que la libertad de expresi\u00f3n sea real. Visita nuestro medio informativo publicado desde Hermosillo, Sonora. %\" \/>\n<meta property=\"og:url\" content=\"https:\/\/www.sonoraenequipo.com.mx\/lleva-pri-municipal-jornada-gestion-social-la-colonia-4-marzo\/\" \/>\n<meta property=\"og:site_name\" content=\"Sonora en Equipo.\" \/>\n<meta property=\"article:publisher\" content=\"https:\/\/www.facebook.com\/SonoraEE\/\" \/>\n<meta property=\"article:author\" content=\"https:\/\/www.facebook.com\/SonoraEE\" \/>\n<meta property=\"article:published_time\" content=\"2017-09-30T21:00:37+00:00\" \/>\n<meta property=\"article:modified_time\" content=\"2017-10-01T16:21:24+00:00\" \/>\n<meta property=\"og:image\" content=\"https:\/\/www.sonoraenequipo.com.mx\/storage\/2017\/10\/pri_opt1.jpg\" \/>\n\t<meta property=\"og:image:width\" content=\"675\" \/>\n\t<meta property=\"og:image:height\" content=\"450\" \/>\n\t<meta property=\"og:image:type\" content=\"image\/jpeg\" \/>\n<meta name=\"author\" content=\"enequipo\" \/>\n<meta name=\"twitter:card\" content=\"summary_large_image\" \/>\n<meta name=\"twitter:creator\" content=\"@sonoraenequipo\" \/>\n<meta name=\"twitter:site\" content=\"@sonoraenequipo\" \/>\n<meta name=\"twitter:label1\" content=\"Escrito por\" \/>\n\t<meta name=\"twitter:data1\" content=\"enequipo\" \/>\n\t<meta name=\"twitter:label2\" content=\"Tiempo de lectura\" \/>\n\t<meta name=\"twitter:data2\" content=\"1 minuto\" \/>\n<script type=\"application\/ld+json\" class=\"yoast-schema-graph\">{\"@context\":\"https:\/\/schema.org\",\"@graph\":[{\"@type\":\"Article\",\"@id\":\"https:\/\/www.sonoraenequipo.com.mx\/lleva-pri-municipal-jornada-gestion-social-la-colonia-4-marzo\/#article\",\"isPartOf\":{\"@id\":\"https:\/\/www.sonoraenequipo.com.mx\/lleva-pri-municipal-jornada-gestion-social-la-colonia-4-marzo\/\"},\"author\":{\"name\":\"enequipo\",\"@id\":\"https:\/\/www.sonoraenequipo.com.mx\/#\/schema\/person\/50102df0fb23a8fa9e8effad8fa81386\"},\"headline\":\"Lleva PRI municipal jornada de gesti\u00f3n social a la Colonia 4 de Marzo\",\"datePublished\":\"2017-09-30T21:00:37+00:00\",\"dateModified\":\"2017-10-01T16:21:24+00:00\",\"mainEntityOfPage\":{\"@id\":\"https:\/\/www.sonoraenequipo.com.mx\/lleva-pri-municipal-jornada-gestion-social-la-colonia-4-marzo\/\"},\"wordCount\":298,\"commentCount\":0,\"publisher\":{\"@id\":\"https:\/\/www.sonoraenequipo.com.mx\/#organization\"},\"image\":{\"@id\":\"https:\/\/www.sonoraenequipo.com.mx\/lleva-pri-municipal-jornada-gestion-social-la-colonia-4-marzo\/#primaryimage\"},\"thumbnailUrl\":\"https:\/\/www.sonoraenequipo.com.mx\/storage\/2017\/10\/pri_opt1.jpg\",\"articleSection\":[\"Destacadas\",\"Municipios\"],\"inLanguage\":\"es\",\"potentialAction\":[{\"@type\":\"CommentAction\",\"name\":\"Comment\",\"target\":[\"https:\/\/www.sonoraenequipo.com.mx\/lleva-pri-municipal-jornada-gestion-social-la-colonia-4-marzo\/#respond\"]}]},{\"@type\":\"WebPage\",\"@id\":\"https:\/\/www.sonoraenequipo.com.mx\/lleva-pri-municipal-jornada-gestion-social-la-colonia-4-marzo\/\",\"url\":\"https:\/\/www.sonoraenequipo.com.mx\/lleva-pri-municipal-jornada-gestion-social-la-colonia-4-marzo\/\",\"name\":\"Sonora en Equipo. Lleva PRI municipal jornada de gesti\u00f3n social a la Colonia 4 de Marzo Destacadas\",\"isPartOf\":{\"@id\":\"https:\/\/www.sonoraenequipo.com.mx\/#website\"},\"primaryImageOfPage\":{\"@id\":\"https:\/\/www.sonoraenequipo.com.mx\/lleva-pri-municipal-jornada-gestion-social-la-colonia-4-marzo\/#primaryimage\"},\"image\":{\"@id\":\"https:\/\/www.sonoraenequipo.com.mx\/lleva-pri-municipal-jornada-gestion-social-la-colonia-4-marzo\/#primaryimage\"},\"thumbnailUrl\":\"https:\/\/www.sonoraenequipo.com.mx\/storage\/2017\/10\/pri_opt1.jpg\",\"datePublished\":\"2017-09-30T21:00:37+00:00\",\"dateModified\":\"2017-10-01T16:21:24+00:00\",\"description\":\"HERMOSILLO, SONORA. MX.\u2014 Cientos de personas de la colonia 4 de Marzo y zonas cercanas aprovecharon los diferentes servicios gratuitos y el mercadito que En Sonora en Equipo publicamos toda la informaci\u00f3n de Sonora, M\u00e9xico y el Mundo de manera oportuna y busca que la libertad de expresi\u00f3n sea real. Visita nuestro medio informativo publicado desde Hermosillo, Sonora. %\",\"breadcrumb\":{\"@id\":\"https:\/\/www.sonoraenequipo.com.mx\/lleva-pri-municipal-jornada-gestion-social-la-colonia-4-marzo\/#breadcrumb\"},\"inLanguage\":\"es\",\"potentialAction\":[{\"@type\":\"ReadAction\",\"target\":[\"https:\/\/www.sonoraenequipo.com.mx\/lleva-pri-municipal-jornada-gestion-social-la-colonia-4-marzo\/\"]}]},{\"@type\":\"ImageObject\",\"inLanguage\":\"es\",\"@id\":\"https:\/\/www.sonoraenequipo.com.mx\/lleva-pri-municipal-jornada-gestion-social-la-colonia-4-marzo\/#primaryimage\",\"url\":\"https:\/\/www.sonoraenequipo.com.mx\/storage\/2017\/10\/pri_opt1.jpg\",\"contentUrl\":\"https:\/\/www.sonoraenequipo.com.mx\/storage\/2017\/10\/pri_opt1.jpg\",\"width\":675,\"height\":450},{\"@type\":\"BreadcrumbList\",\"@id\":\"https:\/\/www.sonoraenequipo.com.mx\/lleva-pri-municipal-jornada-gestion-social-la-colonia-4-marzo\/#breadcrumb\",\"itemListElement\":[{\"@type\":\"ListItem\",\"position\":1,\"name\":\"Portada\",\"item\":\"https:\/\/www.sonoraenequipo.com.mx\/\"},{\"@type\":\"ListItem\",\"position\":2,\"name\":\"Lleva PRI municipal jornada de gesti\u00f3n social a la Colonia 4 de Marzo\"}]},{\"@type\":\"WebSite\",\"@id\":\"https:\/\/www.sonoraenequipo.com.mx\/#website\",\"url\":\"https:\/\/www.sonoraenequipo.com.mx\/\",\"name\":\"Sonora en Equipo.\",\"description\":\"Diario en l\u00ednea con Noticias desde Hermosillo, Sonora\",\"publisher\":{\"@id\":\"https:\/\/www.sonoraenequipo.com.mx\/#organization\"},\"potentialAction\":[{\"@type\":\"SearchAction\",\"target\":{\"@type\":\"EntryPoint\",\"urlTemplate\":\"https:\/\/www.sonoraenequipo.com.mx\/?s={search_term_string}\"},\"query-input\":{\"@type\":\"PropertyValueSpecification\",\"valueRequired\":true,\"valueName\":\"search_term_string\"}}],\"inLanguage\":\"es\"},{\"@type\":\"Organization\",\"@id\":\"https:\/\/www.sonoraenequipo.com.mx\/#organization\",\"name\":\"Sonoraenequipo.com.mx\",\"url\":\"https:\/\/www.sonoraenequipo.com.mx\/\",\"logo\":{\"@type\":\"ImageObject\",\"inLanguage\":\"es\",\"@id\":\"https:\/\/www.sonoraenequipo.com.mx\/#\/schema\/logo\/image\/\",\"url\":\"https:\/\/www.sonoraenequipo.com.mx\/storage\/2019\/01\/sonoraenequipo_opt.png\",\"contentUrl\":\"https:\/\/www.sonoraenequipo.com.mx\/storage\/2019\/01\/sonoraenequipo_opt.png\",\"width\":375,\"height\":125,\"caption\":\"Sonoraenequipo.com.mx\"},\"image\":{\"@id\":\"https:\/\/www.sonoraenequipo.com.mx\/#\/schema\/logo\/image\/\"},\"sameAs\":[\"https:\/\/www.facebook.com\/SonoraEE\/\",\"https:\/\/x.com\/sonoraenequipo\",\"https:\/\/www.youtube.com\/channel\/UC338nW-lPEYmJQs4ZABQ1SQ\"]},{\"@type\":\"Person\",\"@id\":\"https:\/\/www.sonoraenequipo.com.mx\/#\/schema\/person\/50102df0fb23a8fa9e8effad8fa81386\",\"name\":\"enequipo\",\"image\":{\"@type\":\"ImageObject\",\"inLanguage\":\"es\",\"@id\":\"https:\/\/www.sonoraenequipo.com.mx\/#\/schema\/person\/image\/\",\"url\":\"https:\/\/secure.gravatar.com\/avatar\/049821681b589dabc0bc20695993ccebb09f5b5d4d790cd9251b97faac7c652b?s=96&d=blank&r=g\",\"contentUrl\":\"https:\/\/secure.gravatar.com\/avatar\/049821681b589dabc0bc20695993ccebb09f5b5d4d790cd9251b97faac7c652b?s=96&d=blank&r=g\",\"caption\":\"enequipo\"},\"sameAs\":[\"https:\/\/www.facebook.com\/SonoraEE\"]}]}<\/script>\n ","yoast_head_json":{"title":"Sonora en Equipo. Lleva PRI municipal jornada de gesti\u00f3n social a la Colonia 4 de Marzo Destacadas","description":"HERMOSILLO, SONORA. MX.\u2014 Cientos de personas de la colonia 4 de Marzo y zonas cercanas aprovecharon los diferentes servicios gratuitos y el mercadito que En Sonora en Equipo publicamos toda la informaci\u00f3n de Sonora, M\u00e9xico y el Mundo de manera oportuna y busca que la libertad de expresi\u00f3n sea real. Visita nuestro medio informativo publicado desde Hermosillo, Sonora. %","robots":{"index":"index","follow":"follow","max-snippet":"max-snippet:-1","max-image-preview":"max-image-preview:large","max-video-preview":"max-video-preview:-1"},"canonical":"https:\/\/www.sonoraenequipo.com.mx\/lleva-pri-municipal-jornada-gestion-social-la-colonia-4-marzo\/","og_locale":"es_ES","og_type":"article","og_title":"Sonora en Equipo. Lleva PRI municipal jornada de gesti\u00f3n social a la Colonia 4 de Marzo Destacadas","og_description":"HERMOSILLO, SONORA. MX.\u2014 Cientos de personas de la colonia 4 de Marzo y zonas cercanas aprovecharon los diferentes servicios gratuitos y el mercadito que En Sonora en Equipo publicamos toda la informaci\u00f3n de Sonora, M\u00e9xico y el Mundo de manera oportuna y busca que la libertad de expresi\u00f3n sea real. Visita nuestro medio informativo publicado desde Hermosillo, Sonora. %","og_url":"https:\/\/www.sonoraenequipo.com.mx\/lleva-pri-municipal-jornada-gestion-social-la-colonia-4-marzo\/","og_site_name":"Sonora en Equipo.","article_publisher":"https:\/\/www.facebook.com\/SonoraEE\/","article_author":"https:\/\/www.facebook.com\/SonoraEE","article_published_time":"2017-09-30T21:00:37+00:00","article_modified_time":"2017-10-01T16:21:24+00:00","og_image":[{"width":675,"height":450,"url":"https:\/\/www.sonoraenequipo.com.mx\/storage\/2017\/10\/pri_opt1.jpg","type":"image\/jpeg"}],"author":"enequipo","twitter_card":"summary_large_image","twitter_creator":"@sonoraenequipo","twitter_site":"@sonoraenequipo","twitter_misc":{"Escrito por":"enequipo","Tiempo de lectura":"1 minuto"},"schema":{"@context":"https:\/\/schema.org","@graph":[{"@type":"Article","@id":"https:\/\/www.sonoraenequipo.com.mx\/lleva-pri-municipal-jornada-gestion-social-la-colonia-4-marzo\/#article","isPartOf":{"@id":"https:\/\/www.sonoraenequipo.com.mx\/lleva-pri-municipal-jornada-gestion-social-la-colonia-4-marzo\/"},"author":{"name":"enequipo","@id":"https:\/\/www.sonoraenequipo.com.mx\/#\/schema\/person\/50102df0fb23a8fa9e8effad8fa81386"},"headline":"Lleva PRI municipal jornada de gesti\u00f3n social a la Colonia 4 de Marzo","datePublished":"2017-09-30T21:00:37+00:00","dateModified":"2017-10-01T16:21:24+00:00","mainEntityOfPage":{"@id":"https:\/\/www.sonoraenequipo.com.mx\/lleva-pri-municipal-jornada-gestion-social-la-colonia-4-marzo\/"},"wordCount":298,"commentCount":0,"publisher":{"@id":"https:\/\/www.sonoraenequipo.com.mx\/#organization"},"image":{"@id":"https:\/\/www.sonoraenequipo.com.mx\/lleva-pri-municipal-jornada-gestion-social-la-colonia-4-marzo\/#primaryimage"},"thumbnailUrl":"https:\/\/www.sonoraenequipo.com.mx\/storage\/2017\/10\/pri_opt1.jpg","articleSection":["Destacadas","Municipios"],"inLanguage":"es","potentialAction":[{"@type":"CommentAction","name":"Comment","target":["https:\/\/www.sonoraenequipo.com.mx\/lleva-pri-municipal-jornada-gestion-social-la-colonia-4-marzo\/#respond"]}]},{"@type":"WebPage","@id":"https:\/\/www.sonoraenequipo.com.mx\/lleva-pri-municipal-jornada-gestion-social-la-colonia-4-marzo\/","url":"https:\/\/www.sonoraenequipo.com.mx\/lleva-pri-municipal-jornada-gestion-social-la-colonia-4-marzo\/","name":"Sonora en Equipo. Lleva PRI municipal jornada de gesti\u00f3n social a la Colonia 4 de Marzo Destacadas","isPartOf":{"@id":"https:\/\/www.sonoraenequipo.com.mx\/#website"},"primaryImageOfPage":{"@id":"https:\/\/www.sonoraenequipo.com.mx\/lleva-pri-municipal-jornada-gestion-social-la-colonia-4-marzo\/#primaryimage"},"image":{"@id":"https:\/\/www.sonoraenequipo.com.mx\/lleva-pri-municipal-jornada-gestion-social-la-colonia-4-marzo\/#primaryimage"},"thumbnailUrl":"https:\/\/www.sonoraenequipo.com.mx\/storage\/2017\/10\/pri_opt1.jpg","datePublished":"2017-09-30T21:00:37+00:00","dateModified":"2017-10-01T16:21:24+00:00","description":"HERMOSILLO, SONORA. MX.\u2014 Cientos de personas de la colonia 4 de Marzo y zonas cercanas aprovecharon los diferentes servicios gratuitos y el mercadito que En Sonora en Equipo publicamos toda la informaci\u00f3n de Sonora, M\u00e9xico y el Mundo de manera oportuna y busca que la libertad de expresi\u00f3n sea real. Visita nuestro medio informativo publicado desde Hermosillo, Sonora. %","breadcrumb":{"@id":"https:\/\/www.sonoraenequipo.com.mx\/lleva-pri-municipal-jornada-gestion-social-la-colonia-4-marzo\/#breadcrumb"},"inLanguage":"es","potentialAction":[{"@type":"ReadAction","target":["https:\/\/www.sonoraenequipo.com.mx\/lleva-pri-municipal-jornada-gestion-social-la-colonia-4-marzo\/"]}]},{"@type":"ImageObject","inLanguage":"es","@id":"https:\/\/www.sonoraenequipo.com.mx\/lleva-pri-municipal-jornada-gestion-social-la-colonia-4-marzo\/#primaryimage","url":"https:\/\/www.sonoraenequipo.com.mx\/storage\/2017\/10\/pri_opt1.jpg","contentUrl":"https:\/\/www.sonoraenequipo.com.mx\/storage\/2017\/10\/pri_opt1.jpg","width":675,"height":450},{"@type":"BreadcrumbList","@id":"https:\/\/www.sonoraenequipo.com.mx\/lleva-pri-municipal-jornada-gestion-social-la-colonia-4-marzo\/#breadcrumb","itemListElement":[{"@type":"ListItem","position":1,"name":"Portada","item":"https:\/\/www.sonoraenequipo.com.mx\/"},{"@type":"ListItem","position":2,"name":"Lleva PRI municipal jornada de gesti\u00f3n social a la Colonia 4 de Marzo"}]},{"@type":"WebSite","@id":"https:\/\/www.sonoraenequipo.com.mx\/#website","url":"https:\/\/www.sonoraenequipo.com.mx\/","name":"Sonora en Equipo.","description":"Diario en l\u00ednea con Noticias desde Hermosillo, Sonora","publisher":{"@id":"https:\/\/www.sonoraenequipo.com.mx\/#organization"},"potentialAction":[{"@type":"SearchAction","target":{"@type":"EntryPoint","urlTemplate":"https:\/\/www.sonoraenequipo.com.mx\/?s={search_term_string}"},"query-input":{"@type":"PropertyValueSpecification","valueRequired":true,"valueName":"search_term_string"}}],"inLanguage":"es"},{"@type":"Organization","@id":"https:\/\/www.sonoraenequipo.com.mx\/#organization","name":"Sonoraenequipo.com.mx","url":"https:\/\/www.sonoraenequipo.com.mx\/","logo":{"@type":"ImageObject","inLanguage":"es","@id":"https:\/\/www.sonoraenequipo.com.mx\/#\/schema\/logo\/image\/","url":"https:\/\/www.sonoraenequipo.com.mx\/storage\/2019\/01\/sonoraenequipo_opt.png","contentUrl":"https:\/\/www.sonoraenequipo.com.mx\/storage\/2019\/01\/sonoraenequipo_opt.png","width":375,"height":125,"caption":"Sonoraenequipo.com.mx"},"image":{"@id":"https:\/\/www.sonoraenequipo.com.mx\/#\/schema\/logo\/image\/"},"sameAs":["https:\/\/www.facebook.com\/SonoraEE\/","https:\/\/x.com\/sonoraenequipo","https:\/\/www.youtube.com\/channel\/UC338nW-lPEYmJQs4ZABQ1SQ"]},{"@type":"Person","@id":"https:\/\/www.sonoraenequipo.com.mx\/#\/schema\/person\/50102df0fb23a8fa9e8effad8fa81386","name":"enequipo","image":{"@type":"ImageObject","inLanguage":"es","@id":"https:\/\/www.sonoraenequipo.com.mx\/#\/schema\/person\/image\/","url":"https:\/\/secure.gravatar.com\/avatar\/049821681b589dabc0bc20695993ccebb09f5b5d4d790cd9251b97faac7c652b?s=96&d=blank&r=g","contentUrl":"https:\/\/secure.gravatar.com\/avatar\/049821681b589dabc0bc20695993ccebb09f5b5d4d790cd9251b97faac7c652b?s=96&d=blank&r=g","caption":"enequipo"},"sameAs":["https:\/\/www.facebook.com\/SonoraEE"]}]}},"jetpack_featured_media_url":"https:\/\/www.sonoraenequipo.com.mx\/storage\/2017\/10\/pri_opt1.jpg","_links":{"self":[{"href":"https:\/\/www.sonoraenequipo.com.mx\/api\/wp\/v2\/posts\/26717","targetHints":{"allow":["GET"]}}],"collection":[{"href":"https:\/\/www.sonoraenequipo.com.mx\/api\/wp\/v2\/posts"}],"about":[{"href":"https:\/\/www.sonoraenequipo.com.mx\/api\/wp\/v2\/types\/post"}],"author":[{"embeddable":true,"href":"https:\/\/www.sonoraenequipo.com.mx\/api\/wp\/v2\/users\/1"}],"replies":[{"embeddable":true,"href":"https:\/\/www.sonoraenequipo.com.mx\/api\/wp\/v2\/comments?post=26717"}],"version-history":[{"count":0,"href":"https:\/\/www.sonoraenequipo.com.mx\/api\/wp\/v2\/posts\/26717\/revisions"}],"wp:featuredmedia":[{"embeddable":true,"href":"https:\/\/www.sonoraenequipo.com.mx\/api\/wp\/v2\/media\/26719"}],"wp:attachment":[{"href":"https:\/\/www.sonoraenequipo.com.mx\/api\/wp\/v2\/media?parent=26717"}],"wp:term":[{"taxonomy":"category","embeddable":true,"href":"https:\/\/www.sonoraenequipo.com.mx\/api\/wp\/v2\/categories?post=26717"},{"taxonomy":"post_tag","embeddable":true,"href":"https:\/\/www.sonoraenequipo.com.mx\/api\/wp\/v2\/tags?post=26717"}],"curies":[{"name":"wp","href":"https:\/\/api.w.org\/{rel}","templated":true}]}}