{"id":26722,"date":"2017-09-30T13:35:52","date_gmt":"2017-09-30T20:35:52","guid":{"rendered":"http:\/\/www.sonoraenequipo.com.mx\/?p=26722"},"modified":"2017-10-01T09:25:20","modified_gmt":"2017-10-01T16:25:20","slug":"representara-obra-sergio-galindo-region-noroeste-muestra-nacional-teatro","status":"publish","type":"post","link":"https:\/\/www.sonoraenequipo.com.mx\/representara-obra-sergio-galindo-region-noroeste-muestra-nacional-teatro\/","title":{"rendered":"Representar\u00e1 obra de Sergio Galindo a regi\u00f3n noroeste en Muestra Nacional de Teatro"},"content":{"rendered":"<p>HERMOSILLO, SONORA. MX.\u2014 El escritor sonorense Sergio Galindo representar\u00e1 a la regi\u00f3n en la Muestra Nacional de Teatro a celebrarse a finales de noviembre en Le\u00f3n Guanajuato.<\/p>\n<p> <\/p>\n<p>El Director del Instituto Sonorense de Cultura (ISC), Mario Welfo \u00c1lvarez Beltr\u00e1n, le entreg\u00f3 un reconocimiento luego de que resultara ganador de la Muestra Regional de Teatro Noroeste 2017 por su obra No ser sino parecer, dirigida por Paulo Sergio Galindo, de la compa\u00f1\u00eda Ju\u00edlas Teatro.<\/p>\n<p>\u00c1lvarez Beltr\u00e1n coment\u00f3 que las cuatro obras teatrales que se presentaron fueron de muy alta calidad, lo que dificult\u00f3 la labor del jurado, ya que todas mostraron grandes contenidos e interpretaciones.<\/p>\n<p><em>\u201cMuchas felicidades, por parte del Instituto Sonorense de Cultura nos sentimos muy agradecidos y muy honrados en que sea Sonora quien represente a la regi\u00f3n noroeste en la Muestra Nacional de Teatro, a desarrollarse a finales de noviembre, principios de diciembre en la ciudad de Le\u00f3n, Guanajuato\u201d,<\/em> expres\u00f3.<\/p>\n<p>El escritor galardonado, Sergio Galindo, agradeci\u00f3 el reconocimiento y asegur\u00f3 que es un honor el que Sonora encabece la representaci\u00f3n de la regi\u00f3n Noroeste en la Muestra Nacional de Teatro.<\/p>\n<p><em>\u201cMuchas gracias, gracias al Instituto Sonorense de Cultura, gracias a los t\u00e9cnicos de este teatro, gracias a todos ustedes por estar aqu\u00ed, vamos a representar con mucho \u00edmpetu, con mucho cari\u00f1o, con mucha pasi\u00f3n al noroeste una vez m\u00e1s a nivel nacional, gracias\u201d,<\/em> enfatiz\u00f3.<\/p>\n<p>Las obras que se presentaron son: El abuelo, escrita y dirigida por Teresa D\u00edaz del Guante, de la compa\u00f1\u00eda La Terca Teatro, de Sinaloa; Fragmentos de vestigios para recorridos posibles, escrita y dirigida por Calafia Pi\u00f1a, de la compa\u00f1\u00eda Esc\u00e9nica Colectiva Devaneo, de Baja California Sur; y Prohibido sentarse como se\u00f1orita, escrita por Gilberto Corrales, bajo la direcci\u00f3n de Miguel Rodr\u00edguez, de la compa\u00f1\u00eda Teatro en el Incendio, de Baja California.<\/p>\n<p>Presente el director de Cultura en Baja California Sur, Christopher Alexter Amador Cervantes; el coordinador del programa Creadores en los Estados de la Direcci\u00f3n General de Vinculaci\u00f3n Cultural de la Secretar\u00eda de Cultura, Augusto Molina Heredia; los coordinadores de Artes y Artes Esc\u00e9nicas del ISC, Mariana Gonz\u00e1lez Gast\u00e9lum y Oswaldo S\u00e1nchez Valenzuela, respectivamente; y los integrantes del jurado Juan Carlos Bonet, Rodolfo Ortega y Flavio Gonz\u00e1lez.<\/p>\n<p>&nbsp;<\/p>\n<p>&nbsp;<\/p>\n<p>(Fecha de publicaci\u00f3n 30092017)<\/p>\n","protected":false},"excerpt":{"rendered":"<p>HERMOSILLO, SONORA. MX.\u2014 El escritor sonorense Sergio Galindo representar\u00e1 a la regi\u00f3n en la Muestra&#8230;<\/p>\n","protected":false},"author":1,"featured_media":26723,"comment_status":"open","ping_status":"open","sticky":false,"template":"","format":"standard","meta":{"_monsterinsights_skip_tracking":false,"_monsterinsights_sitenote_active":false,"_monsterinsights_sitenote_note":"","_monsterinsights_sitenote_category":0,"footnotes":""},"categories":[13,9],"tags":[],"class_list":["post"],"yoast_head":" \n<title>Sonora en Equipo. Representar\u00e1 obra de Sergio Galindo a regi\u00f3n noroeste en Muestra Nacional de Teatro Destacadas<\/title>\n<meta name=\"description\" content=\"HERMOSILLO, SONORA. MX.\u2014 El escritor sonorense Sergio Galindo representar\u00e1 a la regi\u00f3n en la Muestra Nacional de Teatro a celebrarse a finales de En Sonora en Equipo publicamos toda la informaci\u00f3n de Sonora, M\u00e9xico y el Mundo de manera oportuna y busca que la libertad de expresi\u00f3n sea real. Visita nuestro medio informativo publicado desde Hermosillo, Sonora. %\" \/>\n<meta name=\"robots\" content=\"index, follow, max-snippet:-1, max-image-preview:large, max-video-preview:-1\" \/>\n<link rel=\"canonical\" href=\"https:\/\/www.sonoraenequipo.com.mx\/representara-obra-sergio-galindo-region-noroeste-muestra-nacional-teatro\/\" \/>\n<meta property=\"og:locale\" content=\"es_ES\" \/>\n<meta property=\"og:type\" content=\"article\" \/>\n<meta property=\"og:title\" content=\"Sonora en Equipo. Representar\u00e1 obra de Sergio Galindo a regi\u00f3n noroeste en Muestra Nacional de Teatro Destacadas\" \/>\n<meta property=\"og:description\" content=\"HERMOSILLO, SONORA. MX.\u2014 El escritor sonorense Sergio Galindo representar\u00e1 a la regi\u00f3n en la Muestra Nacional de Teatro a celebrarse a finales de En Sonora en Equipo publicamos toda la informaci\u00f3n de Sonora, M\u00e9xico y el Mundo de manera oportuna y busca que la libertad de expresi\u00f3n sea real. Visita nuestro medio informativo publicado desde Hermosillo, Sonora. %\" \/>\n<meta property=\"og:url\" content=\"https:\/\/www.sonoraenequipo.com.mx\/representara-obra-sergio-galindo-region-noroeste-muestra-nacional-teatro\/\" \/>\n<meta property=\"og:site_name\" content=\"Sonora en Equipo.\" \/>\n<meta property=\"article:publisher\" content=\"https:\/\/www.facebook.com\/SonoraEE\/\" \/>\n<meta property=\"article:author\" content=\"https:\/\/www.facebook.com\/SonoraEE\" \/>\n<meta property=\"article:published_time\" content=\"2017-09-30T20:35:52+00:00\" \/>\n<meta property=\"article:modified_time\" content=\"2017-10-01T16:25:20+00:00\" \/>\n<meta property=\"og:image\" content=\"https:\/\/www.sonoraenequipo.com.mx\/storage\/2017\/10\/sergiogalindo-y-mario-alvarez_beltran_opt.jpg\" \/>\n\t<meta property=\"og:image:width\" content=\"600\" \/>\n\t<meta property=\"og:image:height\" content=\"400\" \/>\n\t<meta property=\"og:image:type\" content=\"image\/jpeg\" \/>\n<meta name=\"author\" content=\"enequipo\" \/>\n<meta name=\"twitter:card\" content=\"summary_large_image\" \/>\n<meta name=\"twitter:creator\" content=\"@sonoraenequipo\" \/>\n<meta name=\"twitter:site\" content=\"@sonoraenequipo\" \/>\n<meta name=\"twitter:label1\" content=\"Escrito por\" \/>\n\t<meta name=\"twitter:data1\" content=\"enequipo\" \/>\n\t<meta name=\"twitter:label2\" content=\"Tiempo de lectura\" \/>\n\t<meta name=\"twitter:data2\" content=\"2 minutos\" \/>\n<script type=\"application\/ld+json\" class=\"yoast-schema-graph\">{\"@context\":\"https:\/\/schema.org\",\"@graph\":[{\"@type\":\"Article\",\"@id\":\"https:\/\/www.sonoraenequipo.com.mx\/representara-obra-sergio-galindo-region-noroeste-muestra-nacional-teatro\/#article\",\"isPartOf\":{\"@id\":\"https:\/\/www.sonoraenequipo.com.mx\/representara-obra-sergio-galindo-region-noroeste-muestra-nacional-teatro\/\"},\"author\":{\"name\":\"enequipo\",\"@id\":\"https:\/\/www.sonoraenequipo.com.mx\/#\/schema\/person\/50102df0fb23a8fa9e8effad8fa81386\"},\"headline\":\"Representar\u00e1 obra de Sergio Galindo a regi\u00f3n noroeste en Muestra Nacional de Teatro\",\"datePublished\":\"2017-09-30T20:35:52+00:00\",\"dateModified\":\"2017-10-01T16:25:20+00:00\",\"mainEntityOfPage\":{\"@id\":\"https:\/\/www.sonoraenequipo.com.mx\/representara-obra-sergio-galindo-region-noroeste-muestra-nacional-teatro\/\"},\"wordCount\":413,\"commentCount\":0,\"publisher\":{\"@id\":\"https:\/\/www.sonoraenequipo.com.mx\/#organization\"},\"image\":{\"@id\":\"https:\/\/www.sonoraenequipo.com.mx\/representara-obra-sergio-galindo-region-noroeste-muestra-nacional-teatro\/#primaryimage\"},\"thumbnailUrl\":\"https:\/\/www.sonoraenequipo.com.mx\/storage\/2017\/10\/sergiogalindo-y-mario-alvarez_beltran_opt.jpg\",\"articleSection\":[\"Destacadas\",\"Etc\u00e9tera\"],\"inLanguage\":\"es\",\"potentialAction\":[{\"@type\":\"CommentAction\",\"name\":\"Comment\",\"target\":[\"https:\/\/www.sonoraenequipo.com.mx\/representara-obra-sergio-galindo-region-noroeste-muestra-nacional-teatro\/#respond\"]}]},{\"@type\":\"WebPage\",\"@id\":\"https:\/\/www.sonoraenequipo.com.mx\/representara-obra-sergio-galindo-region-noroeste-muestra-nacional-teatro\/\",\"url\":\"https:\/\/www.sonoraenequipo.com.mx\/representara-obra-sergio-galindo-region-noroeste-muestra-nacional-teatro\/\",\"name\":\"Sonora en Equipo. Representar\u00e1 obra de Sergio Galindo a regi\u00f3n noroeste en Muestra Nacional de Teatro Destacadas\",\"isPartOf\":{\"@id\":\"https:\/\/www.sonoraenequipo.com.mx\/#website\"},\"primaryImageOfPage\":{\"@id\":\"https:\/\/www.sonoraenequipo.com.mx\/representara-obra-sergio-galindo-region-noroeste-muestra-nacional-teatro\/#primaryimage\"},\"image\":{\"@id\":\"https:\/\/www.sonoraenequipo.com.mx\/representara-obra-sergio-galindo-region-noroeste-muestra-nacional-teatro\/#primaryimage\"},\"thumbnailUrl\":\"https:\/\/www.sonoraenequipo.com.mx\/storage\/2017\/10\/sergiogalindo-y-mario-alvarez_beltran_opt.jpg\",\"datePublished\":\"2017-09-30T20:35:52+00:00\",\"dateModified\":\"2017-10-01T16:25:20+00:00\",\"description\":\"HERMOSILLO, SONORA. MX.\u2014 El escritor sonorense Sergio Galindo representar\u00e1 a la regi\u00f3n en la Muestra Nacional de Teatro a celebrarse a finales de En Sonora en Equipo publicamos toda la informaci\u00f3n de Sonora, M\u00e9xico y el Mundo de manera oportuna y busca que la libertad de expresi\u00f3n sea real. Visita nuestro medio informativo publicado desde Hermosillo, Sonora. %\",\"breadcrumb\":{\"@id\":\"https:\/\/www.sonoraenequipo.com.mx\/representara-obra-sergio-galindo-region-noroeste-muestra-nacional-teatro\/#breadcrumb\"},\"inLanguage\":\"es\",\"potentialAction\":[{\"@type\":\"ReadAction\",\"target\":[\"https:\/\/www.sonoraenequipo.com.mx\/representara-obra-sergio-galindo-region-noroeste-muestra-nacional-teatro\/\"]}]},{\"@type\":\"ImageObject\",\"inLanguage\":\"es\",\"@id\":\"https:\/\/www.sonoraenequipo.com.mx\/representara-obra-sergio-galindo-region-noroeste-muestra-nacional-teatro\/#primaryimage\",\"url\":\"https:\/\/www.sonoraenequipo.com.mx\/storage\/2017\/10\/sergiogalindo-y-mario-alvarez_beltran_opt.jpg\",\"contentUrl\":\"https:\/\/www.sonoraenequipo.com.mx\/storage\/2017\/10\/sergiogalindo-y-mario-alvarez_beltran_opt.jpg\",\"width\":600,\"height\":400},{\"@type\":\"BreadcrumbList\",\"@id\":\"https:\/\/www.sonoraenequipo.com.mx\/representara-obra-sergio-galindo-region-noroeste-muestra-nacional-teatro\/#breadcrumb\",\"itemListElement\":[{\"@type\":\"ListItem\",\"position\":1,\"name\":\"Portada\",\"item\":\"https:\/\/www.sonoraenequipo.com.mx\/\"},{\"@type\":\"ListItem\",\"position\":2,\"name\":\"Representar\u00e1 obra de Sergio Galindo a regi\u00f3n noroeste en Muestra Nacional de Teatro\"}]},{\"@type\":\"WebSite\",\"@id\":\"https:\/\/www.sonoraenequipo.com.mx\/#website\",\"url\":\"https:\/\/www.sonoraenequipo.com.mx\/\",\"name\":\"Sonora en Equipo.\",\"description\":\"Diario en l\u00ednea con Noticias desde Hermosillo, Sonora\",\"publisher\":{\"@id\":\"https:\/\/www.sonoraenequipo.com.mx\/#organization\"},\"potentialAction\":[{\"@type\":\"SearchAction\",\"target\":{\"@type\":\"EntryPoint\",\"urlTemplate\":\"https:\/\/www.sonoraenequipo.com.mx\/?s={search_term_string}\"},\"query-input\":{\"@type\":\"PropertyValueSpecification\",\"valueRequired\":true,\"valueName\":\"search_term_string\"}}],\"inLanguage\":\"es\"},{\"@type\":\"Organization\",\"@id\":\"https:\/\/www.sonoraenequipo.com.mx\/#organization\",\"name\":\"Sonoraenequipo.com.mx\",\"url\":\"https:\/\/www.sonoraenequipo.com.mx\/\",\"logo\":{\"@type\":\"ImageObject\",\"inLanguage\":\"es\",\"@id\":\"https:\/\/www.sonoraenequipo.com.mx\/#\/schema\/logo\/image\/\",\"url\":\"https:\/\/www.sonoraenequipo.com.mx\/storage\/2019\/01\/sonoraenequipo_opt.png\",\"contentUrl\":\"https:\/\/www.sonoraenequipo.com.mx\/storage\/2019\/01\/sonoraenequipo_opt.png\",\"width\":375,\"height\":125,\"caption\":\"Sonoraenequipo.com.mx\"},\"image\":{\"@id\":\"https:\/\/www.sonoraenequipo.com.mx\/#\/schema\/logo\/image\/\"},\"sameAs\":[\"https:\/\/www.facebook.com\/SonoraEE\/\",\"https:\/\/x.com\/sonoraenequipo\",\"https:\/\/www.youtube.com\/channel\/UC338nW-lPEYmJQs4ZABQ1SQ\"]},{\"@type\":\"Person\",\"@id\":\"https:\/\/www.sonoraenequipo.com.mx\/#\/schema\/person\/50102df0fb23a8fa9e8effad8fa81386\",\"name\":\"enequipo\",\"image\":{\"@type\":\"ImageObject\",\"inLanguage\":\"es\",\"@id\":\"https:\/\/www.sonoraenequipo.com.mx\/#\/schema\/person\/image\/\",\"url\":\"https:\/\/secure.gravatar.com\/avatar\/049821681b589dabc0bc20695993ccebb09f5b5d4d790cd9251b97faac7c652b?s=96&d=blank&r=g\",\"contentUrl\":\"https:\/\/secure.gravatar.com\/avatar\/049821681b589dabc0bc20695993ccebb09f5b5d4d790cd9251b97faac7c652b?s=96&d=blank&r=g\",\"caption\":\"enequipo\"},\"sameAs\":[\"https:\/\/www.facebook.com\/SonoraEE\"]}]}<\/script>\n ","yoast_head_json":{"title":"Sonora en Equipo. Representar\u00e1 obra de Sergio Galindo a regi\u00f3n noroeste en Muestra Nacional de Teatro Destacadas","description":"HERMOSILLO, SONORA. MX.\u2014 El escritor sonorense Sergio Galindo representar\u00e1 a la regi\u00f3n en la Muestra Nacional de Teatro a celebrarse a finales de En Sonora en Equipo publicamos toda la informaci\u00f3n de Sonora, M\u00e9xico y el Mundo de manera oportuna y busca que la libertad de expresi\u00f3n sea real. Visita nuestro medio informativo publicado desde Hermosillo, Sonora. %","robots":{"index":"index","follow":"follow","max-snippet":"max-snippet:-1","max-image-preview":"max-image-preview:large","max-video-preview":"max-video-preview:-1"},"canonical":"https:\/\/www.sonoraenequipo.com.mx\/representara-obra-sergio-galindo-region-noroeste-muestra-nacional-teatro\/","og_locale":"es_ES","og_type":"article","og_title":"Sonora en Equipo. Representar\u00e1 obra de Sergio Galindo a regi\u00f3n noroeste en Muestra Nacional de Teatro Destacadas","og_description":"HERMOSILLO, SONORA. MX.\u2014 El escritor sonorense Sergio Galindo representar\u00e1 a la regi\u00f3n en la Muestra Nacional de Teatro a celebrarse a finales de En Sonora en Equipo publicamos toda la informaci\u00f3n de Sonora, M\u00e9xico y el Mundo de manera oportuna y busca que la libertad de expresi\u00f3n sea real. Visita nuestro medio informativo publicado desde Hermosillo, Sonora. %","og_url":"https:\/\/www.sonoraenequipo.com.mx\/representara-obra-sergio-galindo-region-noroeste-muestra-nacional-teatro\/","og_site_name":"Sonora en Equipo.","article_publisher":"https:\/\/www.facebook.com\/SonoraEE\/","article_author":"https:\/\/www.facebook.com\/SonoraEE","article_published_time":"2017-09-30T20:35:52+00:00","article_modified_time":"2017-10-01T16:25:20+00:00","og_image":[{"width":600,"height":400,"url":"https:\/\/www.sonoraenequipo.com.mx\/storage\/2017\/10\/sergiogalindo-y-mario-alvarez_beltran_opt.jpg","type":"image\/jpeg"}],"author":"enequipo","twitter_card":"summary_large_image","twitter_creator":"@sonoraenequipo","twitter_site":"@sonoraenequipo","twitter_misc":{"Escrito por":"enequipo","Tiempo de lectura":"2 minutos"},"schema":{"@context":"https:\/\/schema.org","@graph":[{"@type":"Article","@id":"https:\/\/www.sonoraenequipo.com.mx\/representara-obra-sergio-galindo-region-noroeste-muestra-nacional-teatro\/#article","isPartOf":{"@id":"https:\/\/www.sonoraenequipo.com.mx\/representara-obra-sergio-galindo-region-noroeste-muestra-nacional-teatro\/"},"author":{"name":"enequipo","@id":"https:\/\/www.sonoraenequipo.com.mx\/#\/schema\/person\/50102df0fb23a8fa9e8effad8fa81386"},"headline":"Representar\u00e1 obra de Sergio Galindo a regi\u00f3n noroeste en Muestra Nacional de Teatro","datePublished":"2017-09-30T20:35:52+00:00","dateModified":"2017-10-01T16:25:20+00:00","mainEntityOfPage":{"@id":"https:\/\/www.sonoraenequipo.com.mx\/representara-obra-sergio-galindo-region-noroeste-muestra-nacional-teatro\/"},"wordCount":413,"commentCount":0,"publisher":{"@id":"https:\/\/www.sonoraenequipo.com.mx\/#organization"},"image":{"@id":"https:\/\/www.sonoraenequipo.com.mx\/representara-obra-sergio-galindo-region-noroeste-muestra-nacional-teatro\/#primaryimage"},"thumbnailUrl":"https:\/\/www.sonoraenequipo.com.mx\/storage\/2017\/10\/sergiogalindo-y-mario-alvarez_beltran_opt.jpg","articleSection":["Destacadas","Etc\u00e9tera"],"inLanguage":"es","potentialAction":[{"@type":"CommentAction","name":"Comment","target":["https:\/\/www.sonoraenequipo.com.mx\/representara-obra-sergio-galindo-region-noroeste-muestra-nacional-teatro\/#respond"]}]},{"@type":"WebPage","@id":"https:\/\/www.sonoraenequipo.com.mx\/representara-obra-sergio-galindo-region-noroeste-muestra-nacional-teatro\/","url":"https:\/\/www.sonoraenequipo.com.mx\/representara-obra-sergio-galindo-region-noroeste-muestra-nacional-teatro\/","name":"Sonora en Equipo. Representar\u00e1 obra de Sergio Galindo a regi\u00f3n noroeste en Muestra Nacional de Teatro Destacadas","isPartOf":{"@id":"https:\/\/www.sonoraenequipo.com.mx\/#website"},"primaryImageOfPage":{"@id":"https:\/\/www.sonoraenequipo.com.mx\/representara-obra-sergio-galindo-region-noroeste-muestra-nacional-teatro\/#primaryimage"},"image":{"@id":"https:\/\/www.sonoraenequipo.com.mx\/representara-obra-sergio-galindo-region-noroeste-muestra-nacional-teatro\/#primaryimage"},"thumbnailUrl":"https:\/\/www.sonoraenequipo.com.mx\/storage\/2017\/10\/sergiogalindo-y-mario-alvarez_beltran_opt.jpg","datePublished":"2017-09-30T20:35:52+00:00","dateModified":"2017-10-01T16:25:20+00:00","description":"HERMOSILLO, SONORA. MX.\u2014 El escritor sonorense Sergio Galindo representar\u00e1 a la regi\u00f3n en la Muestra Nacional de Teatro a celebrarse a finales de En Sonora en Equipo publicamos toda la informaci\u00f3n de Sonora, M\u00e9xico y el Mundo de manera oportuna y busca que la libertad de expresi\u00f3n sea real. Visita nuestro medio informativo publicado desde Hermosillo, Sonora. %","breadcrumb":{"@id":"https:\/\/www.sonoraenequipo.com.mx\/representara-obra-sergio-galindo-region-noroeste-muestra-nacional-teatro\/#breadcrumb"},"inLanguage":"es","potentialAction":[{"@type":"ReadAction","target":["https:\/\/www.sonoraenequipo.com.mx\/representara-obra-sergio-galindo-region-noroeste-muestra-nacional-teatro\/"]}]},{"@type":"ImageObject","inLanguage":"es","@id":"https:\/\/www.sonoraenequipo.com.mx\/representara-obra-sergio-galindo-region-noroeste-muestra-nacional-teatro\/#primaryimage","url":"https:\/\/www.sonoraenequipo.com.mx\/storage\/2017\/10\/sergiogalindo-y-mario-alvarez_beltran_opt.jpg","contentUrl":"https:\/\/www.sonoraenequipo.com.mx\/storage\/2017\/10\/sergiogalindo-y-mario-alvarez_beltran_opt.jpg","width":600,"height":400},{"@type":"BreadcrumbList","@id":"https:\/\/www.sonoraenequipo.com.mx\/representara-obra-sergio-galindo-region-noroeste-muestra-nacional-teatro\/#breadcrumb","itemListElement":[{"@type":"ListItem","position":1,"name":"Portada","item":"https:\/\/www.sonoraenequipo.com.mx\/"},{"@type":"ListItem","position":2,"name":"Representar\u00e1 obra de Sergio Galindo a regi\u00f3n noroeste en Muestra Nacional de Teatro"}]},{"@type":"WebSite","@id":"https:\/\/www.sonoraenequipo.com.mx\/#website","url":"https:\/\/www.sonoraenequipo.com.mx\/","name":"Sonora en Equipo.","description":"Diario en l\u00ednea con Noticias desde Hermosillo, Sonora","publisher":{"@id":"https:\/\/www.sonoraenequipo.com.mx\/#organization"},"potentialAction":[{"@type":"SearchAction","target":{"@type":"EntryPoint","urlTemplate":"https:\/\/www.sonoraenequipo.com.mx\/?s={search_term_string}"},"query-input":{"@type":"PropertyValueSpecification","valueRequired":true,"valueName":"search_term_string"}}],"inLanguage":"es"},{"@type":"Organization","@id":"https:\/\/www.sonoraenequipo.com.mx\/#organization","name":"Sonoraenequipo.com.mx","url":"https:\/\/www.sonoraenequipo.com.mx\/","logo":{"@type":"ImageObject","inLanguage":"es","@id":"https:\/\/www.sonoraenequipo.com.mx\/#\/schema\/logo\/image\/","url":"https:\/\/www.sonoraenequipo.com.mx\/storage\/2019\/01\/sonoraenequipo_opt.png","contentUrl":"https:\/\/www.sonoraenequipo.com.mx\/storage\/2019\/01\/sonoraenequipo_opt.png","width":375,"height":125,"caption":"Sonoraenequipo.com.mx"},"image":{"@id":"https:\/\/www.sonoraenequipo.com.mx\/#\/schema\/logo\/image\/"},"sameAs":["https:\/\/www.facebook.com\/SonoraEE\/","https:\/\/x.com\/sonoraenequipo","https:\/\/www.youtube.com\/channel\/UC338nW-lPEYmJQs4ZABQ1SQ"]},{"@type":"Person","@id":"https:\/\/www.sonoraenequipo.com.mx\/#\/schema\/person\/50102df0fb23a8fa9e8effad8fa81386","name":"enequipo","image":{"@type":"ImageObject","inLanguage":"es","@id":"https:\/\/www.sonoraenequipo.com.mx\/#\/schema\/person\/image\/","url":"https:\/\/secure.gravatar.com\/avatar\/049821681b589dabc0bc20695993ccebb09f5b5d4d790cd9251b97faac7c652b?s=96&d=blank&r=g","contentUrl":"https:\/\/secure.gravatar.com\/avatar\/049821681b589dabc0bc20695993ccebb09f5b5d4d790cd9251b97faac7c652b?s=96&d=blank&r=g","caption":"enequipo"},"sameAs":["https:\/\/www.facebook.com\/SonoraEE"]}]}},"jetpack_featured_media_url":"https:\/\/www.sonoraenequipo.com.mx\/storage\/2017\/10\/sergiogalindo-y-mario-alvarez_beltran_opt.jpg","_links":{"self":[{"href":"https:\/\/www.sonoraenequipo.com.mx\/api\/wp\/v2\/posts\/26722","targetHints":{"allow":["GET"]}}],"collection":[{"href":"https:\/\/www.sonoraenequipo.com.mx\/api\/wp\/v2\/posts"}],"about":[{"href":"https:\/\/www.sonoraenequipo.com.mx\/api\/wp\/v2\/types\/post"}],"author":[{"embeddable":true,"href":"https:\/\/www.sonoraenequipo.com.mx\/api\/wp\/v2\/users\/1"}],"replies":[{"embeddable":true,"href":"https:\/\/www.sonoraenequipo.com.mx\/api\/wp\/v2\/comments?post=26722"}],"version-history":[{"count":0,"href":"https:\/\/www.sonoraenequipo.com.mx\/api\/wp\/v2\/posts\/26722\/revisions"}],"wp:featuredmedia":[{"embeddable":true,"href":"https:\/\/www.sonoraenequipo.com.mx\/api\/wp\/v2\/media\/26723"}],"wp:attachment":[{"href":"https:\/\/www.sonoraenequipo.com.mx\/api\/wp\/v2\/media?parent=26722"}],"wp:term":[{"taxonomy":"category","embeddable":true,"href":"https:\/\/www.sonoraenequipo.com.mx\/api\/wp\/v2\/categories?post=26722"},{"taxonomy":"post_tag","embeddable":true,"href":"https:\/\/www.sonoraenequipo.com.mx\/api\/wp\/v2\/tags?post=26722"}],"curies":[{"name":"wp","href":"https:\/\/api.w.org\/{rel}","templated":true}]}}