{"id":26728,"date":"2017-09-30T13:50:06","date_gmt":"2017-09-30T20:50:06","guid":{"rendered":"http:\/\/www.sonoraenequipo.com.mx\/?p=26728"},"modified":"2017-10-01T16:09:36","modified_gmt":"2017-10-01T23:09:36","slug":"inauguran-area-exhibicion-del-proyecto-codornices-mexico-ces","status":"publish","type":"post","link":"https:\/\/www.sonoraenequipo.com.mx\/inauguran-area-exhibicion-del-proyecto-codornices-mexico-ces\/","title":{"rendered":"Inauguran \u00e1rea de exhibici\u00f3n del Proyecto Codornices de M\u00e9xico en el CES"},"content":{"rendered":"<p>HERMOSILLO, SONORA. MX.\u2014 Para fortalecer las acciones de conservaci\u00f3n y educaci\u00f3n ambiental mediante la exhibici\u00f3n de todas las especies de codornices que existen en el pa\u00eds, se realiz\u00f3 en el Centro Ecol\u00f3gico de Sonora (CES) la apertura del \u00e1rea de exhibici\u00f3n del Proyecto Codornices de M\u00e9xico.<\/p>\n<p> <\/p>\n<p>Luis Carlos Romo Salazar, titular de la Comisi\u00f3n de Ecolog\u00eda y Desarrollo Sustentable del Estado de Sonora (CEDES), destac\u00f3 que con este proyecto buscan contar con las 14 especies de codornices que existen en M\u00e9xico, para que el CES sea el primer lugar en hacerlo posible.<\/p>\n<p><em>\u201cSe inicia un ambicioso proyecto de tener por primera vez reunidas en un solo lugar las 14 especies de codornices que tenemos en M\u00e9xico\u201d,<\/em> se\u00f1al\u00f3.<\/p>\n<p>El funcionario explic\u00f3 el \u00e1rea de exhibici\u00f3n inicia con las especies: Chiquiri, Cotu\u00ed o Mascarita, Moctezuma, Escama o Cresta Blanca, Elegante o Cresta Dorada, Crestidora y Norte\u00f1a, sin embargo, se espera que antes de finalizar el a\u00f1o se cuente con las otras siete especies.<\/p>\n<p>Romo Salazar inform\u00f3 que en esta primera etapa del \u00c1rea de Exhibici\u00f3n y Reproducci\u00f3n de Codornices en el CES se aplicaron 350 mil pesos, y al finalizar el proyecto se tendr\u00e1 una inversi\u00f3n total de 700 mil pesos.<\/p>\n<p>Agreg\u00f3 que la participaci\u00f3n de la Asociaci\u00f3n Mexicana para la Conservaci\u00f3n de la Vida Silvestre ha sido fundamental para llevar a cabo el Proyecto Codornices de M\u00e9xico en el Centro Ecol\u00f3gico de Sonora.<\/p>\n<p>Presentes en la inauguraci\u00f3n: Jos\u00e9 Santos Guti\u00e9rrez Luken, Presidente del Patronato del CES; Sergio Torres Serrano, integrante del Patronato del CES; Edgardo L\u00f3pez Gonz\u00e1lez, representante de la Asociaci\u00f3n Mexicana para la Conservaci\u00f3n de la Vida Silvestre; Luis Francisco Molina Ruibal, Director General del CES; y Kitty Guti\u00e9rrez Maz\u00f3n, diputada y Presidenta del Congreso del Estado.<\/p>\n<p>(Fecha de publicaci\u00f3n 30092017)<\/p>\n","protected":false},"excerpt":{"rendered":"<p>HERMOSILLO, SONORA. MX.\u2014 Para fortalecer las acciones de conservaci\u00f3n y educaci\u00f3n ambiental mediante la exhibici\u00f3n&#8230;<\/p>\n","protected":false},"author":1,"featured_media":26729,"comment_status":"open","ping_status":"open","sticky":false,"template":"","format":"standard","meta":{"_monsterinsights_skip_tracking":false,"_monsterinsights_sitenote_active":false,"_monsterinsights_sitenote_note":"","_monsterinsights_sitenote_category":0,"footnotes":""},"categories":[13,9],"tags":[],"class_list":["post"],"yoast_head":" \n<title>Sonora en Equipo. Inauguran \u00e1rea de exhibici\u00f3n del Proyecto Codornices de M\u00e9xico en el CES Destacadas<\/title>\n<meta name=\"description\" content=\"HERMOSILLO, SONORA. MX.\u2014 Para fortalecer las acciones de conservaci\u00f3n y educaci\u00f3n ambiental mediante la exhibici\u00f3n de todas las especies de codornices que En Sonora en Equipo publicamos toda la informaci\u00f3n de Sonora, M\u00e9xico y el Mundo de manera oportuna y busca que la libertad de expresi\u00f3n sea real. Visita nuestro medio informativo publicado desde Hermosillo, Sonora. %\" \/>\n<meta name=\"robots\" content=\"index, follow, max-snippet:-1, max-image-preview:large, max-video-preview:-1\" \/>\n<link rel=\"canonical\" href=\"https:\/\/www.sonoraenequipo.com.mx\/inauguran-area-exhibicion-del-proyecto-codornices-mexico-ces\/\" \/>\n<meta property=\"og:locale\" content=\"es_ES\" \/>\n<meta property=\"og:type\" content=\"article\" \/>\n<meta property=\"og:title\" content=\"Sonora en Equipo. Inauguran \u00e1rea de exhibici\u00f3n del Proyecto Codornices de M\u00e9xico en el CES Destacadas\" \/>\n<meta property=\"og:description\" content=\"HERMOSILLO, SONORA. MX.\u2014 Para fortalecer las acciones de conservaci\u00f3n y educaci\u00f3n ambiental mediante la exhibici\u00f3n de todas las especies de codornices que En Sonora en Equipo publicamos toda la informaci\u00f3n de Sonora, M\u00e9xico y el Mundo de manera oportuna y busca que la libertad de expresi\u00f3n sea real. Visita nuestro medio informativo publicado desde Hermosillo, Sonora. %\" \/>\n<meta property=\"og:url\" content=\"https:\/\/www.sonoraenequipo.com.mx\/inauguran-area-exhibicion-del-proyecto-codornices-mexico-ces\/\" \/>\n<meta property=\"og:site_name\" content=\"Sonora en Equipo.\" \/>\n<meta property=\"article:publisher\" content=\"https:\/\/www.facebook.com\/SonoraEE\/\" \/>\n<meta property=\"article:author\" content=\"https:\/\/www.facebook.com\/SonoraEE\" \/>\n<meta property=\"article:published_time\" content=\"2017-09-30T20:50:06+00:00\" \/>\n<meta property=\"article:modified_time\" content=\"2017-10-01T23:09:36+00:00\" \/>\n<meta property=\"og:image\" content=\"https:\/\/www.sonoraenequipo.com.mx\/storage\/2017\/10\/luiscarlosromosalazar_opt.jpg\" \/>\n\t<meta property=\"og:image:width\" content=\"535\" \/>\n\t<meta property=\"og:image:height\" content=\"400\" \/>\n\t<meta property=\"og:image:type\" content=\"image\/jpeg\" \/>\n<meta name=\"author\" content=\"enequipo\" \/>\n<meta name=\"twitter:card\" content=\"summary_large_image\" \/>\n<meta name=\"twitter:creator\" content=\"@sonoraenequipo\" \/>\n<meta name=\"twitter:site\" content=\"@sonoraenequipo\" \/>\n<meta name=\"twitter:label1\" content=\"Escrito por\" \/>\n\t<meta name=\"twitter:data1\" content=\"enequipo\" \/>\n\t<meta name=\"twitter:label2\" content=\"Tiempo de lectura\" \/>\n\t<meta name=\"twitter:data2\" content=\"2 minutos\" \/>\n<script type=\"application\/ld+json\" class=\"yoast-schema-graph\">{\"@context\":\"https:\/\/schema.org\",\"@graph\":[{\"@type\":\"Article\",\"@id\":\"https:\/\/www.sonoraenequipo.com.mx\/inauguran-area-exhibicion-del-proyecto-codornices-mexico-ces\/#article\",\"isPartOf\":{\"@id\":\"https:\/\/www.sonoraenequipo.com.mx\/inauguran-area-exhibicion-del-proyecto-codornices-mexico-ces\/\"},\"author\":{\"name\":\"enequipo\",\"@id\":\"https:\/\/www.sonoraenequipo.com.mx\/#\/schema\/person\/50102df0fb23a8fa9e8effad8fa81386\"},\"headline\":\"Inauguran \u00e1rea de exhibici\u00f3n del Proyecto Codornices de M\u00e9xico en el CES\",\"datePublished\":\"2017-09-30T20:50:06+00:00\",\"dateModified\":\"2017-10-01T23:09:36+00:00\",\"mainEntityOfPage\":{\"@id\":\"https:\/\/www.sonoraenequipo.com.mx\/inauguran-area-exhibicion-del-proyecto-codornices-mexico-ces\/\"},\"wordCount\":332,\"commentCount\":0,\"publisher\":{\"@id\":\"https:\/\/www.sonoraenequipo.com.mx\/#organization\"},\"image\":{\"@id\":\"https:\/\/www.sonoraenequipo.com.mx\/inauguran-area-exhibicion-del-proyecto-codornices-mexico-ces\/#primaryimage\"},\"thumbnailUrl\":\"https:\/\/www.sonoraenequipo.com.mx\/storage\/2017\/10\/luiscarlosromosalazar_opt.jpg\",\"articleSection\":[\"Destacadas\",\"Etc\u00e9tera\"],\"inLanguage\":\"es\",\"potentialAction\":[{\"@type\":\"CommentAction\",\"name\":\"Comment\",\"target\":[\"https:\/\/www.sonoraenequipo.com.mx\/inauguran-area-exhibicion-del-proyecto-codornices-mexico-ces\/#respond\"]}]},{\"@type\":\"WebPage\",\"@id\":\"https:\/\/www.sonoraenequipo.com.mx\/inauguran-area-exhibicion-del-proyecto-codornices-mexico-ces\/\",\"url\":\"https:\/\/www.sonoraenequipo.com.mx\/inauguran-area-exhibicion-del-proyecto-codornices-mexico-ces\/\",\"name\":\"Sonora en Equipo. Inauguran \u00e1rea de exhibici\u00f3n del Proyecto Codornices de M\u00e9xico en el CES Destacadas\",\"isPartOf\":{\"@id\":\"https:\/\/www.sonoraenequipo.com.mx\/#website\"},\"primaryImageOfPage\":{\"@id\":\"https:\/\/www.sonoraenequipo.com.mx\/inauguran-area-exhibicion-del-proyecto-codornices-mexico-ces\/#primaryimage\"},\"image\":{\"@id\":\"https:\/\/www.sonoraenequipo.com.mx\/inauguran-area-exhibicion-del-proyecto-codornices-mexico-ces\/#primaryimage\"},\"thumbnailUrl\":\"https:\/\/www.sonoraenequipo.com.mx\/storage\/2017\/10\/luiscarlosromosalazar_opt.jpg\",\"datePublished\":\"2017-09-30T20:50:06+00:00\",\"dateModified\":\"2017-10-01T23:09:36+00:00\",\"description\":\"HERMOSILLO, SONORA. MX.\u2014 Para fortalecer las acciones de conservaci\u00f3n y educaci\u00f3n ambiental mediante la exhibici\u00f3n de todas las especies de codornices que En Sonora en Equipo publicamos toda la informaci\u00f3n de Sonora, M\u00e9xico y el Mundo de manera oportuna y busca que la libertad de expresi\u00f3n sea real. Visita nuestro medio informativo publicado desde Hermosillo, Sonora. %\",\"breadcrumb\":{\"@id\":\"https:\/\/www.sonoraenequipo.com.mx\/inauguran-area-exhibicion-del-proyecto-codornices-mexico-ces\/#breadcrumb\"},\"inLanguage\":\"es\",\"potentialAction\":[{\"@type\":\"ReadAction\",\"target\":[\"https:\/\/www.sonoraenequipo.com.mx\/inauguran-area-exhibicion-del-proyecto-codornices-mexico-ces\/\"]}]},{\"@type\":\"ImageObject\",\"inLanguage\":\"es\",\"@id\":\"https:\/\/www.sonoraenequipo.com.mx\/inauguran-area-exhibicion-del-proyecto-codornices-mexico-ces\/#primaryimage\",\"url\":\"https:\/\/www.sonoraenequipo.com.mx\/storage\/2017\/10\/luiscarlosromosalazar_opt.jpg\",\"contentUrl\":\"https:\/\/www.sonoraenequipo.com.mx\/storage\/2017\/10\/luiscarlosromosalazar_opt.jpg\",\"width\":535,\"height\":400},{\"@type\":\"BreadcrumbList\",\"@id\":\"https:\/\/www.sonoraenequipo.com.mx\/inauguran-area-exhibicion-del-proyecto-codornices-mexico-ces\/#breadcrumb\",\"itemListElement\":[{\"@type\":\"ListItem\",\"position\":1,\"name\":\"Portada\",\"item\":\"https:\/\/www.sonoraenequipo.com.mx\/\"},{\"@type\":\"ListItem\",\"position\":2,\"name\":\"Inauguran \u00e1rea de exhibici\u00f3n del Proyecto Codornices de M\u00e9xico en el CES\"}]},{\"@type\":\"WebSite\",\"@id\":\"https:\/\/www.sonoraenequipo.com.mx\/#website\",\"url\":\"https:\/\/www.sonoraenequipo.com.mx\/\",\"name\":\"Sonora en Equipo.\",\"description\":\"Diario en l\u00ednea con Noticias desde Hermosillo, Sonora\",\"publisher\":{\"@id\":\"https:\/\/www.sonoraenequipo.com.mx\/#organization\"},\"potentialAction\":[{\"@type\":\"SearchAction\",\"target\":{\"@type\":\"EntryPoint\",\"urlTemplate\":\"https:\/\/www.sonoraenequipo.com.mx\/?s={search_term_string}\"},\"query-input\":{\"@type\":\"PropertyValueSpecification\",\"valueRequired\":true,\"valueName\":\"search_term_string\"}}],\"inLanguage\":\"es\"},{\"@type\":\"Organization\",\"@id\":\"https:\/\/www.sonoraenequipo.com.mx\/#organization\",\"name\":\"Sonoraenequipo.com.mx\",\"url\":\"https:\/\/www.sonoraenequipo.com.mx\/\",\"logo\":{\"@type\":\"ImageObject\",\"inLanguage\":\"es\",\"@id\":\"https:\/\/www.sonoraenequipo.com.mx\/#\/schema\/logo\/image\/\",\"url\":\"https:\/\/www.sonoraenequipo.com.mx\/storage\/2019\/01\/sonoraenequipo_opt.png\",\"contentUrl\":\"https:\/\/www.sonoraenequipo.com.mx\/storage\/2019\/01\/sonoraenequipo_opt.png\",\"width\":375,\"height\":125,\"caption\":\"Sonoraenequipo.com.mx\"},\"image\":{\"@id\":\"https:\/\/www.sonoraenequipo.com.mx\/#\/schema\/logo\/image\/\"},\"sameAs\":[\"https:\/\/www.facebook.com\/SonoraEE\/\",\"https:\/\/x.com\/sonoraenequipo\",\"https:\/\/www.youtube.com\/channel\/UC338nW-lPEYmJQs4ZABQ1SQ\"]},{\"@type\":\"Person\",\"@id\":\"https:\/\/www.sonoraenequipo.com.mx\/#\/schema\/person\/50102df0fb23a8fa9e8effad8fa81386\",\"name\":\"enequipo\",\"image\":{\"@type\":\"ImageObject\",\"inLanguage\":\"es\",\"@id\":\"https:\/\/www.sonoraenequipo.com.mx\/#\/schema\/person\/image\/\",\"url\":\"https:\/\/secure.gravatar.com\/avatar\/049821681b589dabc0bc20695993ccebb09f5b5d4d790cd9251b97faac7c652b?s=96&d=blank&r=g\",\"contentUrl\":\"https:\/\/secure.gravatar.com\/avatar\/049821681b589dabc0bc20695993ccebb09f5b5d4d790cd9251b97faac7c652b?s=96&d=blank&r=g\",\"caption\":\"enequipo\"},\"sameAs\":[\"https:\/\/www.facebook.com\/SonoraEE\"]}]}<\/script>\n ","yoast_head_json":{"title":"Sonora en Equipo. Inauguran \u00e1rea de exhibici\u00f3n del Proyecto Codornices de M\u00e9xico en el CES Destacadas","description":"HERMOSILLO, SONORA. MX.\u2014 Para fortalecer las acciones de conservaci\u00f3n y educaci\u00f3n ambiental mediante la exhibici\u00f3n de todas las especies de codornices que En Sonora en Equipo publicamos toda la informaci\u00f3n de Sonora, M\u00e9xico y el Mundo de manera oportuna y busca que la libertad de expresi\u00f3n sea real. Visita nuestro medio informativo publicado desde Hermosillo, Sonora. %","robots":{"index":"index","follow":"follow","max-snippet":"max-snippet:-1","max-image-preview":"max-image-preview:large","max-video-preview":"max-video-preview:-1"},"canonical":"https:\/\/www.sonoraenequipo.com.mx\/inauguran-area-exhibicion-del-proyecto-codornices-mexico-ces\/","og_locale":"es_ES","og_type":"article","og_title":"Sonora en Equipo. Inauguran \u00e1rea de exhibici\u00f3n del Proyecto Codornices de M\u00e9xico en el CES Destacadas","og_description":"HERMOSILLO, SONORA. MX.\u2014 Para fortalecer las acciones de conservaci\u00f3n y educaci\u00f3n ambiental mediante la exhibici\u00f3n de todas las especies de codornices que En Sonora en Equipo publicamos toda la informaci\u00f3n de Sonora, M\u00e9xico y el Mundo de manera oportuna y busca que la libertad de expresi\u00f3n sea real. Visita nuestro medio informativo publicado desde Hermosillo, Sonora. %","og_url":"https:\/\/www.sonoraenequipo.com.mx\/inauguran-area-exhibicion-del-proyecto-codornices-mexico-ces\/","og_site_name":"Sonora en Equipo.","article_publisher":"https:\/\/www.facebook.com\/SonoraEE\/","article_author":"https:\/\/www.facebook.com\/SonoraEE","article_published_time":"2017-09-30T20:50:06+00:00","article_modified_time":"2017-10-01T23:09:36+00:00","og_image":[{"width":535,"height":400,"url":"https:\/\/www.sonoraenequipo.com.mx\/storage\/2017\/10\/luiscarlosromosalazar_opt.jpg","type":"image\/jpeg"}],"author":"enequipo","twitter_card":"summary_large_image","twitter_creator":"@sonoraenequipo","twitter_site":"@sonoraenequipo","twitter_misc":{"Escrito por":"enequipo","Tiempo de lectura":"2 minutos"},"schema":{"@context":"https:\/\/schema.org","@graph":[{"@type":"Article","@id":"https:\/\/www.sonoraenequipo.com.mx\/inauguran-area-exhibicion-del-proyecto-codornices-mexico-ces\/#article","isPartOf":{"@id":"https:\/\/www.sonoraenequipo.com.mx\/inauguran-area-exhibicion-del-proyecto-codornices-mexico-ces\/"},"author":{"name":"enequipo","@id":"https:\/\/www.sonoraenequipo.com.mx\/#\/schema\/person\/50102df0fb23a8fa9e8effad8fa81386"},"headline":"Inauguran \u00e1rea de exhibici\u00f3n del Proyecto Codornices de M\u00e9xico en el CES","datePublished":"2017-09-30T20:50:06+00:00","dateModified":"2017-10-01T23:09:36+00:00","mainEntityOfPage":{"@id":"https:\/\/www.sonoraenequipo.com.mx\/inauguran-area-exhibicion-del-proyecto-codornices-mexico-ces\/"},"wordCount":332,"commentCount":0,"publisher":{"@id":"https:\/\/www.sonoraenequipo.com.mx\/#organization"},"image":{"@id":"https:\/\/www.sonoraenequipo.com.mx\/inauguran-area-exhibicion-del-proyecto-codornices-mexico-ces\/#primaryimage"},"thumbnailUrl":"https:\/\/www.sonoraenequipo.com.mx\/storage\/2017\/10\/luiscarlosromosalazar_opt.jpg","articleSection":["Destacadas","Etc\u00e9tera"],"inLanguage":"es","potentialAction":[{"@type":"CommentAction","name":"Comment","target":["https:\/\/www.sonoraenequipo.com.mx\/inauguran-area-exhibicion-del-proyecto-codornices-mexico-ces\/#respond"]}]},{"@type":"WebPage","@id":"https:\/\/www.sonoraenequipo.com.mx\/inauguran-area-exhibicion-del-proyecto-codornices-mexico-ces\/","url":"https:\/\/www.sonoraenequipo.com.mx\/inauguran-area-exhibicion-del-proyecto-codornices-mexico-ces\/","name":"Sonora en Equipo. Inauguran \u00e1rea de exhibici\u00f3n del Proyecto Codornices de M\u00e9xico en el CES Destacadas","isPartOf":{"@id":"https:\/\/www.sonoraenequipo.com.mx\/#website"},"primaryImageOfPage":{"@id":"https:\/\/www.sonoraenequipo.com.mx\/inauguran-area-exhibicion-del-proyecto-codornices-mexico-ces\/#primaryimage"},"image":{"@id":"https:\/\/www.sonoraenequipo.com.mx\/inauguran-area-exhibicion-del-proyecto-codornices-mexico-ces\/#primaryimage"},"thumbnailUrl":"https:\/\/www.sonoraenequipo.com.mx\/storage\/2017\/10\/luiscarlosromosalazar_opt.jpg","datePublished":"2017-09-30T20:50:06+00:00","dateModified":"2017-10-01T23:09:36+00:00","description":"HERMOSILLO, SONORA. MX.\u2014 Para fortalecer las acciones de conservaci\u00f3n y educaci\u00f3n ambiental mediante la exhibici\u00f3n de todas las especies de codornices que En Sonora en Equipo publicamos toda la informaci\u00f3n de Sonora, M\u00e9xico y el Mundo de manera oportuna y busca que la libertad de expresi\u00f3n sea real. Visita nuestro medio informativo publicado desde Hermosillo, Sonora. %","breadcrumb":{"@id":"https:\/\/www.sonoraenequipo.com.mx\/inauguran-area-exhibicion-del-proyecto-codornices-mexico-ces\/#breadcrumb"},"inLanguage":"es","potentialAction":[{"@type":"ReadAction","target":["https:\/\/www.sonoraenequipo.com.mx\/inauguran-area-exhibicion-del-proyecto-codornices-mexico-ces\/"]}]},{"@type":"ImageObject","inLanguage":"es","@id":"https:\/\/www.sonoraenequipo.com.mx\/inauguran-area-exhibicion-del-proyecto-codornices-mexico-ces\/#primaryimage","url":"https:\/\/www.sonoraenequipo.com.mx\/storage\/2017\/10\/luiscarlosromosalazar_opt.jpg","contentUrl":"https:\/\/www.sonoraenequipo.com.mx\/storage\/2017\/10\/luiscarlosromosalazar_opt.jpg","width":535,"height":400},{"@type":"BreadcrumbList","@id":"https:\/\/www.sonoraenequipo.com.mx\/inauguran-area-exhibicion-del-proyecto-codornices-mexico-ces\/#breadcrumb","itemListElement":[{"@type":"ListItem","position":1,"name":"Portada","item":"https:\/\/www.sonoraenequipo.com.mx\/"},{"@type":"ListItem","position":2,"name":"Inauguran \u00e1rea de exhibici\u00f3n del Proyecto Codornices de M\u00e9xico en el CES"}]},{"@type":"WebSite","@id":"https:\/\/www.sonoraenequipo.com.mx\/#website","url":"https:\/\/www.sonoraenequipo.com.mx\/","name":"Sonora en Equipo.","description":"Diario en l\u00ednea con Noticias desde Hermosillo, Sonora","publisher":{"@id":"https:\/\/www.sonoraenequipo.com.mx\/#organization"},"potentialAction":[{"@type":"SearchAction","target":{"@type":"EntryPoint","urlTemplate":"https:\/\/www.sonoraenequipo.com.mx\/?s={search_term_string}"},"query-input":{"@type":"PropertyValueSpecification","valueRequired":true,"valueName":"search_term_string"}}],"inLanguage":"es"},{"@type":"Organization","@id":"https:\/\/www.sonoraenequipo.com.mx\/#organization","name":"Sonoraenequipo.com.mx","url":"https:\/\/www.sonoraenequipo.com.mx\/","logo":{"@type":"ImageObject","inLanguage":"es","@id":"https:\/\/www.sonoraenequipo.com.mx\/#\/schema\/logo\/image\/","url":"https:\/\/www.sonoraenequipo.com.mx\/storage\/2019\/01\/sonoraenequipo_opt.png","contentUrl":"https:\/\/www.sonoraenequipo.com.mx\/storage\/2019\/01\/sonoraenequipo_opt.png","width":375,"height":125,"caption":"Sonoraenequipo.com.mx"},"image":{"@id":"https:\/\/www.sonoraenequipo.com.mx\/#\/schema\/logo\/image\/"},"sameAs":["https:\/\/www.facebook.com\/SonoraEE\/","https:\/\/x.com\/sonoraenequipo","https:\/\/www.youtube.com\/channel\/UC338nW-lPEYmJQs4ZABQ1SQ"]},{"@type":"Person","@id":"https:\/\/www.sonoraenequipo.com.mx\/#\/schema\/person\/50102df0fb23a8fa9e8effad8fa81386","name":"enequipo","image":{"@type":"ImageObject","inLanguage":"es","@id":"https:\/\/www.sonoraenequipo.com.mx\/#\/schema\/person\/image\/","url":"https:\/\/secure.gravatar.com\/avatar\/049821681b589dabc0bc20695993ccebb09f5b5d4d790cd9251b97faac7c652b?s=96&d=blank&r=g","contentUrl":"https:\/\/secure.gravatar.com\/avatar\/049821681b589dabc0bc20695993ccebb09f5b5d4d790cd9251b97faac7c652b?s=96&d=blank&r=g","caption":"enequipo"},"sameAs":["https:\/\/www.facebook.com\/SonoraEE"]}]}},"jetpack_featured_media_url":"https:\/\/www.sonoraenequipo.com.mx\/storage\/2017\/10\/luiscarlosromosalazar_opt.jpg","_links":{"self":[{"href":"https:\/\/www.sonoraenequipo.com.mx\/api\/wp\/v2\/posts\/26728","targetHints":{"allow":["GET"]}}],"collection":[{"href":"https:\/\/www.sonoraenequipo.com.mx\/api\/wp\/v2\/posts"}],"about":[{"href":"https:\/\/www.sonoraenequipo.com.mx\/api\/wp\/v2\/types\/post"}],"author":[{"embeddable":true,"href":"https:\/\/www.sonoraenequipo.com.mx\/api\/wp\/v2\/users\/1"}],"replies":[{"embeddable":true,"href":"https:\/\/www.sonoraenequipo.com.mx\/api\/wp\/v2\/comments?post=26728"}],"version-history":[{"count":0,"href":"https:\/\/www.sonoraenequipo.com.mx\/api\/wp\/v2\/posts\/26728\/revisions"}],"wp:featuredmedia":[{"embeddable":true,"href":"https:\/\/www.sonoraenequipo.com.mx\/api\/wp\/v2\/media\/26729"}],"wp:attachment":[{"href":"https:\/\/www.sonoraenequipo.com.mx\/api\/wp\/v2\/media?parent=26728"}],"wp:term":[{"taxonomy":"category","embeddable":true,"href":"https:\/\/www.sonoraenequipo.com.mx\/api\/wp\/v2\/categories?post=26728"},{"taxonomy":"post_tag","embeddable":true,"href":"https:\/\/www.sonoraenequipo.com.mx\/api\/wp\/v2\/tags?post=26728"}],"curies":[{"name":"wp","href":"https:\/\/api.w.org\/{rel}","templated":true}]}}