{"id":26731,"date":"2017-09-30T15:10:55","date_gmt":"2017-09-30T22:10:55","guid":{"rendered":"http:\/\/www.sonoraenequipo.com.mx\/?p=26731"},"modified":"2017-10-01T16:14:24","modified_gmt":"2017-10-01T23:14:24","slug":"establece-sec-acuerdo-movilidad-estudiantil-universidad-texas","status":"publish","type":"post","link":"https:\/\/www.sonoraenequipo.com.mx\/establece-sec-acuerdo-movilidad-estudiantil-universidad-texas\/","title":{"rendered":"Establece SEC acuerdo de movilidad estudiantil con Universidad de Texas"},"content":{"rendered":"<p>DALLAS, TEXAS, EUA. \u2014 El Secretario de Educaci\u00f3n y Cultura, Ernesto De Lucas Hopkins, firm\u00f3 un convenio de colaboraci\u00f3n con la tercera instituci\u00f3n p\u00fablica superior m\u00e1s importante de Estados Unidos, Universidad de Texas en Dallas (UT), junto al Vicepresidente Ejecutivo Dr. B. Hobson Wildenthal.<\/p>\n<p> <\/p>\n<p>La alianza se logr\u00f3 en el marco de la gira de trabajo por el estado fronterizo de Texas que realiza el titular de la SEC y tiene como principal objetivo lograr una mayor movilidad e interacci\u00f3n mundial en favor de los alumnos, investigadores y maestros sonorenses, en temas sobre ciencia, tecnolog\u00eda, ingenier\u00eda y matem\u00e1ticas.<\/p>\n<p>En su recorrido por las instalaciones de la universidad norteamericana, el titular de la SEC plante\u00f3 a sus directivos el inter\u00e9s de la Gobernadora Claudia Pavlovich Arellano de impulsar oportunidades de preparaci\u00f3n profesional y con visi\u00f3n global para los j\u00f3venes.<\/p>\n<p><em>\u201cNos resulta muy grato encontrar aliados para fortalecer la oferta educativa que tenemos en Sonora pero sobre todo, cumplir con el compromiso que tenemos de brindar a las nuevas generaciones opciones que los formar\u00e1n en un contexto global\u201d,<\/em> dijo De Lucas Hopkins sobre este convenio.<\/p>\n<p>El acuerdo contempla: movilidad de estudiantes y docentes, investigaci\u00f3n conjunta, as\u00ed como apoyo financiero para estudiantes e investigadores sonorenses, a trav\u00e9s del Cr\u00e9dito Educativo.<\/p>\n<p>En d\u00edas anteriores el Secretario de Educaci\u00f3n y Cultura visit\u00f3 la Universidad del Norte de Texas (UNT) y sostuvo un encuentro con el Presidente de dicha instituci\u00f3n, con quien plante\u00f3 las posibilidades de trabajo en conjunto, que tambi\u00e9n se pueden consolidar en beneficio de las y los sonorenses.<\/p>\n<p>Esta gira de trabajo se desarrolla en coordinaci\u00f3n con el Consulado de M\u00e9xico en Dallas, ProM\u00e9xico, Consejo de Promoci\u00f3n Tur\u00edstica de M\u00e9xico y las instituciones de educaci\u00f3n superior de la regi\u00f3n, ya que tambi\u00e9n se gestionan estrategias de acci\u00f3n para promover el turismo hacia el Estado de Sonora.<\/p>\n<p>El titular de la SEC estuvo acompa\u00f1ado por Francisco De La Torre, C\u00f3nsul General de M\u00e9xico en Dallas, Texas; Sergio Espinosa Delgado, Director General de Intercambios y Asuntos Internacionales de la SEC; y H\u00e9ctor Platt Maz\u00f3n, Coordinador de la Comisi\u00f3n de Fomento al Turismo de Sonora.<\/p>\n<p>(Fecha de publicaci\u00f3n 30092017)<\/p>\n","protected":false},"excerpt":{"rendered":"<p>DALLAS, TEXAS, EUA. \u2014 El Secretario de Educaci\u00f3n y Cultura, Ernesto De Lucas Hopkins, firm\u00f3&#8230;<\/p>\n","protected":false},"author":1,"featured_media":26732,"comment_status":"open","ping_status":"open","sticky":false,"template":"","format":"standard","meta":{"_monsterinsights_skip_tracking":false,"_monsterinsights_sitenote_active":false,"_monsterinsights_sitenote_note":"","_monsterinsights_sitenote_category":0,"footnotes":""},"categories":[13,3],"tags":[],"class_list":["post"],"yoast_head":" \n<title>Sonora en Equipo. Establece SEC acuerdo de movilidad estudiantil con Universidad de Texas Destacadas<\/title>\n<meta name=\"description\" content=\"DALLAS, TEXAS, EUA. \u2014 El Secretario de Educaci\u00f3n y Cultura, Ernesto De Lucas Hopkins, firm\u00f3 un convenio de colaboraci\u00f3n con la tercera instituci\u00f3n p\u00fablica En Sonora en Equipo publicamos toda la informaci\u00f3n de Sonora, M\u00e9xico y el Mundo de manera oportuna y busca que la libertad de expresi\u00f3n sea real. Visita nuestro medio informativo publicado desde Hermosillo, Sonora. %\" \/>\n<meta name=\"robots\" content=\"index, follow, max-snippet:-1, max-image-preview:large, max-video-preview:-1\" \/>\n<link rel=\"canonical\" href=\"https:\/\/www.sonoraenequipo.com.mx\/establece-sec-acuerdo-movilidad-estudiantil-universidad-texas\/\" \/>\n<meta property=\"og:locale\" content=\"es_ES\" \/>\n<meta property=\"og:type\" content=\"article\" \/>\n<meta property=\"og:title\" content=\"Sonora en Equipo. Establece SEC acuerdo de movilidad estudiantil con Universidad de Texas Destacadas\" \/>\n<meta property=\"og:description\" content=\"DALLAS, TEXAS, EUA. \u2014 El Secretario de Educaci\u00f3n y Cultura, Ernesto De Lucas Hopkins, firm\u00f3 un convenio de colaboraci\u00f3n con la tercera instituci\u00f3n p\u00fablica En Sonora en Equipo publicamos toda la informaci\u00f3n de Sonora, M\u00e9xico y el Mundo de manera oportuna y busca que la libertad de expresi\u00f3n sea real. Visita nuestro medio informativo publicado desde Hermosillo, Sonora. %\" \/>\n<meta property=\"og:url\" content=\"https:\/\/www.sonoraenequipo.com.mx\/establece-sec-acuerdo-movilidad-estudiantil-universidad-texas\/\" \/>\n<meta property=\"og:site_name\" content=\"Sonora en Equipo.\" \/>\n<meta property=\"article:publisher\" content=\"https:\/\/www.facebook.com\/SonoraEE\/\" \/>\n<meta property=\"article:author\" content=\"https:\/\/www.facebook.com\/SonoraEE\" \/>\n<meta property=\"article:published_time\" content=\"2017-09-30T22:10:55+00:00\" \/>\n<meta property=\"article:modified_time\" content=\"2017-10-01T23:14:24+00:00\" \/>\n<meta property=\"og:image\" content=\"https:\/\/www.sonoraenequipo.com.mx\/storage\/2017\/10\/dallastexas_opt.jpg\" \/>\n\t<meta property=\"og:image:width\" content=\"778\" \/>\n\t<meta property=\"og:image:height\" content=\"500\" \/>\n\t<meta property=\"og:image:type\" content=\"image\/jpeg\" \/>\n<meta name=\"author\" content=\"enequipo\" \/>\n<meta name=\"twitter:card\" content=\"summary_large_image\" \/>\n<meta name=\"twitter:creator\" content=\"@sonoraenequipo\" \/>\n<meta name=\"twitter:site\" content=\"@sonoraenequipo\" \/>\n<meta name=\"twitter:label1\" content=\"Escrito por\" \/>\n\t<meta name=\"twitter:data1\" content=\"enequipo\" \/>\n\t<meta name=\"twitter:label2\" content=\"Tiempo de lectura\" \/>\n\t<meta name=\"twitter:data2\" content=\"2 minutos\" \/>\n<script type=\"application\/ld+json\" class=\"yoast-schema-graph\">{\"@context\":\"https:\/\/schema.org\",\"@graph\":[{\"@type\":\"Article\",\"@id\":\"https:\/\/www.sonoraenequipo.com.mx\/establece-sec-acuerdo-movilidad-estudiantil-universidad-texas\/#article\",\"isPartOf\":{\"@id\":\"https:\/\/www.sonoraenequipo.com.mx\/establece-sec-acuerdo-movilidad-estudiantil-universidad-texas\/\"},\"author\":{\"name\":\"enequipo\",\"@id\":\"https:\/\/www.sonoraenequipo.com.mx\/#\/schema\/person\/50102df0fb23a8fa9e8effad8fa81386\"},\"headline\":\"Establece SEC acuerdo de movilidad estudiantil con Universidad de Texas\",\"datePublished\":\"2017-09-30T22:10:55+00:00\",\"dateModified\":\"2017-10-01T23:14:24+00:00\",\"mainEntityOfPage\":{\"@id\":\"https:\/\/www.sonoraenequipo.com.mx\/establece-sec-acuerdo-movilidad-estudiantil-universidad-texas\/\"},\"wordCount\":399,\"commentCount\":0,\"publisher\":{\"@id\":\"https:\/\/www.sonoraenequipo.com.mx\/#organization\"},\"image\":{\"@id\":\"https:\/\/www.sonoraenequipo.com.mx\/establece-sec-acuerdo-movilidad-estudiantil-universidad-texas\/#primaryimage\"},\"thumbnailUrl\":\"https:\/\/www.sonoraenequipo.com.mx\/storage\/2017\/10\/dallastexas_opt.jpg\",\"articleSection\":[\"Destacadas\",\"MUNDO\"],\"inLanguage\":\"es\",\"potentialAction\":[{\"@type\":\"CommentAction\",\"name\":\"Comment\",\"target\":[\"https:\/\/www.sonoraenequipo.com.mx\/establece-sec-acuerdo-movilidad-estudiantil-universidad-texas\/#respond\"]}]},{\"@type\":\"WebPage\",\"@id\":\"https:\/\/www.sonoraenequipo.com.mx\/establece-sec-acuerdo-movilidad-estudiantil-universidad-texas\/\",\"url\":\"https:\/\/www.sonoraenequipo.com.mx\/establece-sec-acuerdo-movilidad-estudiantil-universidad-texas\/\",\"name\":\"Sonora en Equipo. Establece SEC acuerdo de movilidad estudiantil con Universidad de Texas Destacadas\",\"isPartOf\":{\"@id\":\"https:\/\/www.sonoraenequipo.com.mx\/#website\"},\"primaryImageOfPage\":{\"@id\":\"https:\/\/www.sonoraenequipo.com.mx\/establece-sec-acuerdo-movilidad-estudiantil-universidad-texas\/#primaryimage\"},\"image\":{\"@id\":\"https:\/\/www.sonoraenequipo.com.mx\/establece-sec-acuerdo-movilidad-estudiantil-universidad-texas\/#primaryimage\"},\"thumbnailUrl\":\"https:\/\/www.sonoraenequipo.com.mx\/storage\/2017\/10\/dallastexas_opt.jpg\",\"datePublished\":\"2017-09-30T22:10:55+00:00\",\"dateModified\":\"2017-10-01T23:14:24+00:00\",\"description\":\"DALLAS, TEXAS, EUA. \u2014 El Secretario de Educaci\u00f3n y Cultura, Ernesto De Lucas Hopkins, firm\u00f3 un convenio de colaboraci\u00f3n con la tercera instituci\u00f3n p\u00fablica En Sonora en Equipo publicamos toda la informaci\u00f3n de Sonora, M\u00e9xico y el Mundo de manera oportuna y busca que la libertad de expresi\u00f3n sea real. Visita nuestro medio informativo publicado desde Hermosillo, Sonora. %\",\"breadcrumb\":{\"@id\":\"https:\/\/www.sonoraenequipo.com.mx\/establece-sec-acuerdo-movilidad-estudiantil-universidad-texas\/#breadcrumb\"},\"inLanguage\":\"es\",\"potentialAction\":[{\"@type\":\"ReadAction\",\"target\":[\"https:\/\/www.sonoraenequipo.com.mx\/establece-sec-acuerdo-movilidad-estudiantil-universidad-texas\/\"]}]},{\"@type\":\"ImageObject\",\"inLanguage\":\"es\",\"@id\":\"https:\/\/www.sonoraenequipo.com.mx\/establece-sec-acuerdo-movilidad-estudiantil-universidad-texas\/#primaryimage\",\"url\":\"https:\/\/www.sonoraenequipo.com.mx\/storage\/2017\/10\/dallastexas_opt.jpg\",\"contentUrl\":\"https:\/\/www.sonoraenequipo.com.mx\/storage\/2017\/10\/dallastexas_opt.jpg\",\"width\":778,\"height\":500},{\"@type\":\"BreadcrumbList\",\"@id\":\"https:\/\/www.sonoraenequipo.com.mx\/establece-sec-acuerdo-movilidad-estudiantil-universidad-texas\/#breadcrumb\",\"itemListElement\":[{\"@type\":\"ListItem\",\"position\":1,\"name\":\"Portada\",\"item\":\"https:\/\/www.sonoraenequipo.com.mx\/\"},{\"@type\":\"ListItem\",\"position\":2,\"name\":\"Establece SEC acuerdo de movilidad estudiantil con Universidad de Texas\"}]},{\"@type\":\"WebSite\",\"@id\":\"https:\/\/www.sonoraenequipo.com.mx\/#website\",\"url\":\"https:\/\/www.sonoraenequipo.com.mx\/\",\"name\":\"Sonora en Equipo.\",\"description\":\"Diario en l\u00ednea con Noticias desde Hermosillo, Sonora\",\"publisher\":{\"@id\":\"https:\/\/www.sonoraenequipo.com.mx\/#organization\"},\"potentialAction\":[{\"@type\":\"SearchAction\",\"target\":{\"@type\":\"EntryPoint\",\"urlTemplate\":\"https:\/\/www.sonoraenequipo.com.mx\/?s={search_term_string}\"},\"query-input\":{\"@type\":\"PropertyValueSpecification\",\"valueRequired\":true,\"valueName\":\"search_term_string\"}}],\"inLanguage\":\"es\"},{\"@type\":\"Organization\",\"@id\":\"https:\/\/www.sonoraenequipo.com.mx\/#organization\",\"name\":\"Sonoraenequipo.com.mx\",\"url\":\"https:\/\/www.sonoraenequipo.com.mx\/\",\"logo\":{\"@type\":\"ImageObject\",\"inLanguage\":\"es\",\"@id\":\"https:\/\/www.sonoraenequipo.com.mx\/#\/schema\/logo\/image\/\",\"url\":\"https:\/\/www.sonoraenequipo.com.mx\/storage\/2019\/01\/sonoraenequipo_opt.png\",\"contentUrl\":\"https:\/\/www.sonoraenequipo.com.mx\/storage\/2019\/01\/sonoraenequipo_opt.png\",\"width\":375,\"height\":125,\"caption\":\"Sonoraenequipo.com.mx\"},\"image\":{\"@id\":\"https:\/\/www.sonoraenequipo.com.mx\/#\/schema\/logo\/image\/\"},\"sameAs\":[\"https:\/\/www.facebook.com\/SonoraEE\/\",\"https:\/\/x.com\/sonoraenequipo\",\"https:\/\/www.youtube.com\/channel\/UC338nW-lPEYmJQs4ZABQ1SQ\"]},{\"@type\":\"Person\",\"@id\":\"https:\/\/www.sonoraenequipo.com.mx\/#\/schema\/person\/50102df0fb23a8fa9e8effad8fa81386\",\"name\":\"enequipo\",\"image\":{\"@type\":\"ImageObject\",\"inLanguage\":\"es\",\"@id\":\"https:\/\/www.sonoraenequipo.com.mx\/#\/schema\/person\/image\/\",\"url\":\"https:\/\/secure.gravatar.com\/avatar\/049821681b589dabc0bc20695993ccebb09f5b5d4d790cd9251b97faac7c652b?s=96&d=blank&r=g\",\"contentUrl\":\"https:\/\/secure.gravatar.com\/avatar\/049821681b589dabc0bc20695993ccebb09f5b5d4d790cd9251b97faac7c652b?s=96&d=blank&r=g\",\"caption\":\"enequipo\"},\"sameAs\":[\"https:\/\/www.facebook.com\/SonoraEE\"]}]}<\/script>\n ","yoast_head_json":{"title":"Sonora en Equipo. Establece SEC acuerdo de movilidad estudiantil con Universidad de Texas Destacadas","description":"DALLAS, TEXAS, EUA. \u2014 El Secretario de Educaci\u00f3n y Cultura, Ernesto De Lucas Hopkins, firm\u00f3 un convenio de colaboraci\u00f3n con la tercera instituci\u00f3n p\u00fablica En Sonora en Equipo publicamos toda la informaci\u00f3n de Sonora, M\u00e9xico y el Mundo de manera oportuna y busca que la libertad de expresi\u00f3n sea real. Visita nuestro medio informativo publicado desde Hermosillo, Sonora. %","robots":{"index":"index","follow":"follow","max-snippet":"max-snippet:-1","max-image-preview":"max-image-preview:large","max-video-preview":"max-video-preview:-1"},"canonical":"https:\/\/www.sonoraenequipo.com.mx\/establece-sec-acuerdo-movilidad-estudiantil-universidad-texas\/","og_locale":"es_ES","og_type":"article","og_title":"Sonora en Equipo. Establece SEC acuerdo de movilidad estudiantil con Universidad de Texas Destacadas","og_description":"DALLAS, TEXAS, EUA. \u2014 El Secretario de Educaci\u00f3n y Cultura, Ernesto De Lucas Hopkins, firm\u00f3 un convenio de colaboraci\u00f3n con la tercera instituci\u00f3n p\u00fablica En Sonora en Equipo publicamos toda la informaci\u00f3n de Sonora, M\u00e9xico y el Mundo de manera oportuna y busca que la libertad de expresi\u00f3n sea real. Visita nuestro medio informativo publicado desde Hermosillo, Sonora. %","og_url":"https:\/\/www.sonoraenequipo.com.mx\/establece-sec-acuerdo-movilidad-estudiantil-universidad-texas\/","og_site_name":"Sonora en Equipo.","article_publisher":"https:\/\/www.facebook.com\/SonoraEE\/","article_author":"https:\/\/www.facebook.com\/SonoraEE","article_published_time":"2017-09-30T22:10:55+00:00","article_modified_time":"2017-10-01T23:14:24+00:00","og_image":[{"width":778,"height":500,"url":"https:\/\/www.sonoraenequipo.com.mx\/storage\/2017\/10\/dallastexas_opt.jpg","type":"image\/jpeg"}],"author":"enequipo","twitter_card":"summary_large_image","twitter_creator":"@sonoraenequipo","twitter_site":"@sonoraenequipo","twitter_misc":{"Escrito por":"enequipo","Tiempo de lectura":"2 minutos"},"schema":{"@context":"https:\/\/schema.org","@graph":[{"@type":"Article","@id":"https:\/\/www.sonoraenequipo.com.mx\/establece-sec-acuerdo-movilidad-estudiantil-universidad-texas\/#article","isPartOf":{"@id":"https:\/\/www.sonoraenequipo.com.mx\/establece-sec-acuerdo-movilidad-estudiantil-universidad-texas\/"},"author":{"name":"enequipo","@id":"https:\/\/www.sonoraenequipo.com.mx\/#\/schema\/person\/50102df0fb23a8fa9e8effad8fa81386"},"headline":"Establece SEC acuerdo de movilidad estudiantil con Universidad de Texas","datePublished":"2017-09-30T22:10:55+00:00","dateModified":"2017-10-01T23:14:24+00:00","mainEntityOfPage":{"@id":"https:\/\/www.sonoraenequipo.com.mx\/establece-sec-acuerdo-movilidad-estudiantil-universidad-texas\/"},"wordCount":399,"commentCount":0,"publisher":{"@id":"https:\/\/www.sonoraenequipo.com.mx\/#organization"},"image":{"@id":"https:\/\/www.sonoraenequipo.com.mx\/establece-sec-acuerdo-movilidad-estudiantil-universidad-texas\/#primaryimage"},"thumbnailUrl":"https:\/\/www.sonoraenequipo.com.mx\/storage\/2017\/10\/dallastexas_opt.jpg","articleSection":["Destacadas","MUNDO"],"inLanguage":"es","potentialAction":[{"@type":"CommentAction","name":"Comment","target":["https:\/\/www.sonoraenequipo.com.mx\/establece-sec-acuerdo-movilidad-estudiantil-universidad-texas\/#respond"]}]},{"@type":"WebPage","@id":"https:\/\/www.sonoraenequipo.com.mx\/establece-sec-acuerdo-movilidad-estudiantil-universidad-texas\/","url":"https:\/\/www.sonoraenequipo.com.mx\/establece-sec-acuerdo-movilidad-estudiantil-universidad-texas\/","name":"Sonora en Equipo. Establece SEC acuerdo de movilidad estudiantil con Universidad de Texas Destacadas","isPartOf":{"@id":"https:\/\/www.sonoraenequipo.com.mx\/#website"},"primaryImageOfPage":{"@id":"https:\/\/www.sonoraenequipo.com.mx\/establece-sec-acuerdo-movilidad-estudiantil-universidad-texas\/#primaryimage"},"image":{"@id":"https:\/\/www.sonoraenequipo.com.mx\/establece-sec-acuerdo-movilidad-estudiantil-universidad-texas\/#primaryimage"},"thumbnailUrl":"https:\/\/www.sonoraenequipo.com.mx\/storage\/2017\/10\/dallastexas_opt.jpg","datePublished":"2017-09-30T22:10:55+00:00","dateModified":"2017-10-01T23:14:24+00:00","description":"DALLAS, TEXAS, EUA. \u2014 El Secretario de Educaci\u00f3n y Cultura, Ernesto De Lucas Hopkins, firm\u00f3 un convenio de colaboraci\u00f3n con la tercera instituci\u00f3n p\u00fablica En Sonora en Equipo publicamos toda la informaci\u00f3n de Sonora, M\u00e9xico y el Mundo de manera oportuna y busca que la libertad de expresi\u00f3n sea real. Visita nuestro medio informativo publicado desde Hermosillo, Sonora. %","breadcrumb":{"@id":"https:\/\/www.sonoraenequipo.com.mx\/establece-sec-acuerdo-movilidad-estudiantil-universidad-texas\/#breadcrumb"},"inLanguage":"es","potentialAction":[{"@type":"ReadAction","target":["https:\/\/www.sonoraenequipo.com.mx\/establece-sec-acuerdo-movilidad-estudiantil-universidad-texas\/"]}]},{"@type":"ImageObject","inLanguage":"es","@id":"https:\/\/www.sonoraenequipo.com.mx\/establece-sec-acuerdo-movilidad-estudiantil-universidad-texas\/#primaryimage","url":"https:\/\/www.sonoraenequipo.com.mx\/storage\/2017\/10\/dallastexas_opt.jpg","contentUrl":"https:\/\/www.sonoraenequipo.com.mx\/storage\/2017\/10\/dallastexas_opt.jpg","width":778,"height":500},{"@type":"BreadcrumbList","@id":"https:\/\/www.sonoraenequipo.com.mx\/establece-sec-acuerdo-movilidad-estudiantil-universidad-texas\/#breadcrumb","itemListElement":[{"@type":"ListItem","position":1,"name":"Portada","item":"https:\/\/www.sonoraenequipo.com.mx\/"},{"@type":"ListItem","position":2,"name":"Establece SEC acuerdo de movilidad estudiantil con Universidad de Texas"}]},{"@type":"WebSite","@id":"https:\/\/www.sonoraenequipo.com.mx\/#website","url":"https:\/\/www.sonoraenequipo.com.mx\/","name":"Sonora en Equipo.","description":"Diario en l\u00ednea con Noticias desde Hermosillo, Sonora","publisher":{"@id":"https:\/\/www.sonoraenequipo.com.mx\/#organization"},"potentialAction":[{"@type":"SearchAction","target":{"@type":"EntryPoint","urlTemplate":"https:\/\/www.sonoraenequipo.com.mx\/?s={search_term_string}"},"query-input":{"@type":"PropertyValueSpecification","valueRequired":true,"valueName":"search_term_string"}}],"inLanguage":"es"},{"@type":"Organization","@id":"https:\/\/www.sonoraenequipo.com.mx\/#organization","name":"Sonoraenequipo.com.mx","url":"https:\/\/www.sonoraenequipo.com.mx\/","logo":{"@type":"ImageObject","inLanguage":"es","@id":"https:\/\/www.sonoraenequipo.com.mx\/#\/schema\/logo\/image\/","url":"https:\/\/www.sonoraenequipo.com.mx\/storage\/2019\/01\/sonoraenequipo_opt.png","contentUrl":"https:\/\/www.sonoraenequipo.com.mx\/storage\/2019\/01\/sonoraenequipo_opt.png","width":375,"height":125,"caption":"Sonoraenequipo.com.mx"},"image":{"@id":"https:\/\/www.sonoraenequipo.com.mx\/#\/schema\/logo\/image\/"},"sameAs":["https:\/\/www.facebook.com\/SonoraEE\/","https:\/\/x.com\/sonoraenequipo","https:\/\/www.youtube.com\/channel\/UC338nW-lPEYmJQs4ZABQ1SQ"]},{"@type":"Person","@id":"https:\/\/www.sonoraenequipo.com.mx\/#\/schema\/person\/50102df0fb23a8fa9e8effad8fa81386","name":"enequipo","image":{"@type":"ImageObject","inLanguage":"es","@id":"https:\/\/www.sonoraenequipo.com.mx\/#\/schema\/person\/image\/","url":"https:\/\/secure.gravatar.com\/avatar\/049821681b589dabc0bc20695993ccebb09f5b5d4d790cd9251b97faac7c652b?s=96&d=blank&r=g","contentUrl":"https:\/\/secure.gravatar.com\/avatar\/049821681b589dabc0bc20695993ccebb09f5b5d4d790cd9251b97faac7c652b?s=96&d=blank&r=g","caption":"enequipo"},"sameAs":["https:\/\/www.facebook.com\/SonoraEE"]}]}},"jetpack_featured_media_url":"https:\/\/www.sonoraenequipo.com.mx\/storage\/2017\/10\/dallastexas_opt.jpg","_links":{"self":[{"href":"https:\/\/www.sonoraenequipo.com.mx\/api\/wp\/v2\/posts\/26731","targetHints":{"allow":["GET"]}}],"collection":[{"href":"https:\/\/www.sonoraenequipo.com.mx\/api\/wp\/v2\/posts"}],"about":[{"href":"https:\/\/www.sonoraenequipo.com.mx\/api\/wp\/v2\/types\/post"}],"author":[{"embeddable":true,"href":"https:\/\/www.sonoraenequipo.com.mx\/api\/wp\/v2\/users\/1"}],"replies":[{"embeddable":true,"href":"https:\/\/www.sonoraenequipo.com.mx\/api\/wp\/v2\/comments?post=26731"}],"version-history":[{"count":0,"href":"https:\/\/www.sonoraenequipo.com.mx\/api\/wp\/v2\/posts\/26731\/revisions"}],"wp:featuredmedia":[{"embeddable":true,"href":"https:\/\/www.sonoraenequipo.com.mx\/api\/wp\/v2\/media\/26732"}],"wp:attachment":[{"href":"https:\/\/www.sonoraenequipo.com.mx\/api\/wp\/v2\/media?parent=26731"}],"wp:term":[{"taxonomy":"category","embeddable":true,"href":"https:\/\/www.sonoraenequipo.com.mx\/api\/wp\/v2\/categories?post=26731"},{"taxonomy":"post_tag","embeddable":true,"href":"https:\/\/www.sonoraenequipo.com.mx\/api\/wp\/v2\/tags?post=26731"}],"curies":[{"name":"wp","href":"https:\/\/api.w.org\/{rel}","templated":true}]}}