{"id":26744,"date":"2017-10-01T13:20:33","date_gmt":"2017-10-01T20:20:33","guid":{"rendered":"http:\/\/www.sonoraenequipo.com.mx\/?p=26744"},"modified":"2017-10-01T19:02:54","modified_gmt":"2017-10-02T02:02:54","slug":"debemos-apoyar-ninos-jovenes-cumplan-suenos-ana-luisa-valdes","status":"publish","type":"post","link":"https:\/\/www.sonoraenequipo.com.mx\/debemos-apoyar-ninos-jovenes-cumplan-suenos-ana-luisa-valdes\/","title":{"rendered":"Debemos apoyar a ni\u00f1os y j\u00f3venes para que cumplan sus sue\u00f1os: Ana Luisa Vald\u00e9s"},"content":{"rendered":"<p>NAVOJOA, SONORA. MX.\u2014 El problema de las adicciones es un peligro que est\u00e1 latente todos los d\u00edas, donde nuestros ni\u00f1os y j\u00f3venes estudiantes est\u00e1n expuestos a que sean tocados por alguien que los convenza de tomar la decisi\u00f3n equivocada, manifest\u00f3 la diputada local Ana Luisa Vald\u00e9s Avil\u00e9s, durante su segundo informe de trabajo legislativo.<\/p>\n<p> <\/p>\n<p>Durante la reuni\u00f3n que se celebr\u00f3 en sal\u00f3n del Sindicato de Trabajadores del Ayuntamiento de esta ciudad, la legisladora inform\u00f3 sobre las actividades realizadas en este a\u00f1o, se\u00f1alando los logros realizados en el tema de la prevenci\u00f3n de las adicciones.<\/p>\n<p>Vald\u00e9s Avil\u00e9s mencion\u00f3 la creaci\u00f3n de la Comisi\u00f3n Especial Contra las Adicciones, aprobado por el total de los 33 diputados del Congreso Local, la cual ha tenido una intensa labor en la prevenci\u00f3n, realizando estrategias, iniciativas y programas para combatir ese flagelo que da\u00f1a a la sociedad, principalmente a los ni\u00f1os y j\u00f3venes sonorenses.<\/p>\n<p>\u201cDebemos coordinarnos en un frente com\u00fan con el tema de la prevenci\u00f3n. Hay que definir los protocolos a seguir cuando se detecte un alumno con problema de adicciones, ya que no se resuelve el problema, solo con correrlo de la escuela\u201d, puntualiz\u00f3 la diputada Ana Luisa Vald\u00e9s.<\/p>\n<p>Mencion\u00f3 la diputada que ha estado trabajando de manera conjunta con la organizaci\u00f3n internacional \u201cPor un Mundo Libre de Drogas\u201d con sede en Los \u00c1ngeles, California, y esta labor la ha formalizado con un Convenio de trabajo con ellos, quienes nos han dado el material y la capacitaci\u00f3n para compartir esta informaci\u00f3n, estas herramientas que les sirven a cada uno de ustedes, dirigi\u00e9ndose a la sociedad civil, instituciones educativas y gobierno.<\/p>\n<p>Dijo que gracias al apoyo a esta instituci\u00f3n, se ha impulsado el programa denominado<em> \u201cDecide Vivir Libre de Adicciones\u201d,<\/em> el cual ha sido impartido a alumnos de primaria, as\u00ed como de preparatoria y universitarios que han sido capacitados como educadores de drogas, llevando esta informaci\u00f3n a m\u00e1s ni\u00f1os y j\u00f3venes de sus comunidades, adem\u00e1s se ha capacitado al personal de las dependencias de gobierno de los municipios del sur del estado.<\/p>\n<p>Agradeci\u00f3 el apoyo de la Gobernadora Claudia Pavlovich, quien ha trabajado por a\u00f1os la problem\u00e1tica de las adicciones, as\u00ed como del Congreso Local.<\/p>\n<p><em>\u201cNecesitamos llegar primero, con informaci\u00f3n verdadera de cu\u00e1les son las consecuencias que se tiene al estar consumiendo. La Gobernadora Pavlovich y mis compa\u00f1eros diputados, han apoyado esta iniciativa preocupados y ocupados con el tema de la prevenci\u00f3n de manera transversal, incluyendo a todas las dependencias que tengan que ver con esta problem\u00e1tica\u201d,<\/em> precis\u00f3 la legisladora.<\/p>\n<p>La diputada Ana Luisa Vald\u00e9s destac\u00f3 la Iniciativa que ha impulsado para la creaci\u00f3n de los Tribunales contra las adicciones, que no significa hacer otro mecanismo burocr\u00e1tico, sino aprovechar los que ya existen para que den la oportunidad a aquellas personas que han delinquido bajo los influjos de alguna droga.<\/p>\n<p>Al evento asisti\u00f3 el Coordinador de los Diputados del PRI, Epifanio \u201cPano\u201d Salido, los presidentes municipales del sur, representantes del sector empresarial, sociedad civil, as\u00ed como del sector educativo como el CREN y la UPN que han adoptado el programa \u201cDecide Vivir Libre de las Adicciones\u201d, donde sus alumnos que va a ser maestros, aprovechen estas herramientas que luego van a poder utilizar con sus propios alumnos.<\/p>\n<p>Mencion\u00f3 con orgullo la invitaci\u00f3n hecha a Sonora para que participe en la \u201cCumbre Noroeste Contra el abuso de drogas\u201d, organizada por el Gobierno de Estados Unidos, a celebrarse en noviembre pr\u00f3ximo, en San Diego California, con organizaciones que est\u00e1n previniendo las drogas con ni\u00f1os y j\u00f3venes.<\/p>\n<p>Finalmente expres\u00f3 que todos debemos apoyar a ni\u00f1os y j\u00f3venes para que alcancen sus sue\u00f1os y avancen en un camino limpio y honesto.<\/p>\n<p>&nbsp;<\/p>\n<p>(Fecha de publicaci\u00f3n 01102017)<\/p>\n","protected":false},"excerpt":{"rendered":"<p>NAVOJOA, SONORA. MX.\u2014 El problema de las adicciones es un peligro que est\u00e1 latente todos&#8230;<\/p>\n","protected":false},"author":1,"featured_media":26745,"comment_status":"open","ping_status":"open","sticky":false,"template":"","format":"standard","meta":{"_monsterinsights_skip_tracking":false,"_monsterinsights_sitenote_active":false,"_monsterinsights_sitenote_note":"","_monsterinsights_sitenote_category":0,"footnotes":""},"categories":[4,1],"tags":[],"class_list":["post"],"yoast_head":" \n<title>Sonora en Equipo. Debemos apoyar a ni\u00f1os y j\u00f3venes para que cumplan sus sue\u00f1os: Ana Luisa Vald\u00e9s Sin categorizar<\/title>\n<meta name=\"description\" content=\"NAVOJOA, SONORA. MX.\u2014 El problema de las adicciones es un peligro que est\u00e1 latente todos los d\u00edas, donde nuestros ni\u00f1os y j\u00f3venes estudiantes est\u00e1n En Sonora en Equipo publicamos toda la informaci\u00f3n de Sonora, M\u00e9xico y el Mundo de manera oportuna y busca que la libertad de expresi\u00f3n sea real. Visita nuestro medio informativo publicado desde Hermosillo, Sonora. %\" \/>\n<meta name=\"robots\" content=\"index, follow, max-snippet:-1, max-image-preview:large, max-video-preview:-1\" \/>\n<link rel=\"canonical\" href=\"https:\/\/www.sonoraenequipo.com.mx\/debemos-apoyar-ninos-jovenes-cumplan-suenos-ana-luisa-valdes\/\" \/>\n<meta property=\"og:locale\" content=\"es_ES\" \/>\n<meta property=\"og:type\" content=\"article\" \/>\n<meta property=\"og:title\" content=\"Sonora en Equipo. Debemos apoyar a ni\u00f1os y j\u00f3venes para que cumplan sus sue\u00f1os: Ana Luisa Vald\u00e9s Sin categorizar\" \/>\n<meta property=\"og:description\" content=\"NAVOJOA, SONORA. MX.\u2014 El problema de las adicciones es un peligro que est\u00e1 latente todos los d\u00edas, donde nuestros ni\u00f1os y j\u00f3venes estudiantes est\u00e1n En Sonora en Equipo publicamos toda la informaci\u00f3n de Sonora, M\u00e9xico y el Mundo de manera oportuna y busca que la libertad de expresi\u00f3n sea real. Visita nuestro medio informativo publicado desde Hermosillo, Sonora. %\" \/>\n<meta property=\"og:url\" content=\"https:\/\/www.sonoraenequipo.com.mx\/debemos-apoyar-ninos-jovenes-cumplan-suenos-ana-luisa-valdes\/\" \/>\n<meta property=\"og:site_name\" content=\"Sonora en Equipo.\" \/>\n<meta property=\"article:publisher\" content=\"https:\/\/www.facebook.com\/SonoraEE\/\" \/>\n<meta property=\"article:author\" content=\"https:\/\/www.facebook.com\/SonoraEE\" \/>\n<meta property=\"article:published_time\" content=\"2017-10-01T20:20:33+00:00\" \/>\n<meta property=\"article:modified_time\" content=\"2017-10-02T02:02:54+00:00\" \/>\n<meta property=\"og:image\" content=\"https:\/\/www.sonoraenequipo.com.mx\/storage\/2017\/10\/Evento-de-DVLA-en-Navojoa-7-_opt.jpg\" \/>\n\t<meta property=\"og:image:width\" content=\"897\" \/>\n\t<meta property=\"og:image:height\" content=\"600\" \/>\n\t<meta property=\"og:image:type\" content=\"image\/jpeg\" \/>\n<meta name=\"author\" content=\"enequipo\" \/>\n<meta name=\"twitter:card\" content=\"summary_large_image\" \/>\n<meta name=\"twitter:creator\" content=\"@sonoraenequipo\" \/>\n<meta name=\"twitter:site\" content=\"@sonoraenequipo\" \/>\n<meta name=\"twitter:label1\" content=\"Escrito por\" \/>\n\t<meta name=\"twitter:data1\" content=\"enequipo\" \/>\n\t<meta name=\"twitter:label2\" content=\"Tiempo de lectura\" \/>\n\t<meta name=\"twitter:data2\" content=\"3 minutos\" \/>\n<script type=\"application\/ld+json\" class=\"yoast-schema-graph\">{\"@context\":\"https:\/\/schema.org\",\"@graph\":[{\"@type\":\"Article\",\"@id\":\"https:\/\/www.sonoraenequipo.com.mx\/debemos-apoyar-ninos-jovenes-cumplan-suenos-ana-luisa-valdes\/#article\",\"isPartOf\":{\"@id\":\"https:\/\/www.sonoraenequipo.com.mx\/debemos-apoyar-ninos-jovenes-cumplan-suenos-ana-luisa-valdes\/\"},\"author\":{\"name\":\"enequipo\",\"@id\":\"https:\/\/www.sonoraenequipo.com.mx\/#\/schema\/person\/50102df0fb23a8fa9e8effad8fa81386\"},\"headline\":\"Debemos apoyar a ni\u00f1os y j\u00f3venes para que cumplan sus sue\u00f1os: Ana Luisa Vald\u00e9s\",\"datePublished\":\"2017-10-01T20:20:33+00:00\",\"dateModified\":\"2017-10-02T02:02:54+00:00\",\"mainEntityOfPage\":{\"@id\":\"https:\/\/www.sonoraenequipo.com.mx\/debemos-apoyar-ninos-jovenes-cumplan-suenos-ana-luisa-valdes\/\"},\"wordCount\":675,\"commentCount\":0,\"publisher\":{\"@id\":\"https:\/\/www.sonoraenequipo.com.mx\/#organization\"},\"image\":{\"@id\":\"https:\/\/www.sonoraenequipo.com.mx\/debemos-apoyar-ninos-jovenes-cumplan-suenos-ana-luisa-valdes\/#primaryimage\"},\"thumbnailUrl\":\"https:\/\/www.sonoraenequipo.com.mx\/storage\/2017\/10\/Evento-de-DVLA-en-Navojoa-7-_opt.jpg\",\"articleSection\":[\"Municipios\",\"Sin categorizar\"],\"inLanguage\":\"es\",\"potentialAction\":[{\"@type\":\"CommentAction\",\"name\":\"Comment\",\"target\":[\"https:\/\/www.sonoraenequipo.com.mx\/debemos-apoyar-ninos-jovenes-cumplan-suenos-ana-luisa-valdes\/#respond\"]}]},{\"@type\":\"WebPage\",\"@id\":\"https:\/\/www.sonoraenequipo.com.mx\/debemos-apoyar-ninos-jovenes-cumplan-suenos-ana-luisa-valdes\/\",\"url\":\"https:\/\/www.sonoraenequipo.com.mx\/debemos-apoyar-ninos-jovenes-cumplan-suenos-ana-luisa-valdes\/\",\"name\":\"Sonora en Equipo. Debemos apoyar a ni\u00f1os y j\u00f3venes para que cumplan sus sue\u00f1os: Ana Luisa Vald\u00e9s Sin categorizar\",\"isPartOf\":{\"@id\":\"https:\/\/www.sonoraenequipo.com.mx\/#website\"},\"primaryImageOfPage\":{\"@id\":\"https:\/\/www.sonoraenequipo.com.mx\/debemos-apoyar-ninos-jovenes-cumplan-suenos-ana-luisa-valdes\/#primaryimage\"},\"image\":{\"@id\":\"https:\/\/www.sonoraenequipo.com.mx\/debemos-apoyar-ninos-jovenes-cumplan-suenos-ana-luisa-valdes\/#primaryimage\"},\"thumbnailUrl\":\"https:\/\/www.sonoraenequipo.com.mx\/storage\/2017\/10\/Evento-de-DVLA-en-Navojoa-7-_opt.jpg\",\"datePublished\":\"2017-10-01T20:20:33+00:00\",\"dateModified\":\"2017-10-02T02:02:54+00:00\",\"description\":\"NAVOJOA, SONORA. MX.\u2014 El problema de las adicciones es un peligro que est\u00e1 latente todos los d\u00edas, donde nuestros ni\u00f1os y j\u00f3venes estudiantes est\u00e1n En Sonora en Equipo publicamos toda la informaci\u00f3n de Sonora, M\u00e9xico y el Mundo de manera oportuna y busca que la libertad de expresi\u00f3n sea real. Visita nuestro medio informativo publicado desde Hermosillo, Sonora. %\",\"breadcrumb\":{\"@id\":\"https:\/\/www.sonoraenequipo.com.mx\/debemos-apoyar-ninos-jovenes-cumplan-suenos-ana-luisa-valdes\/#breadcrumb\"},\"inLanguage\":\"es\",\"potentialAction\":[{\"@type\":\"ReadAction\",\"target\":[\"https:\/\/www.sonoraenequipo.com.mx\/debemos-apoyar-ninos-jovenes-cumplan-suenos-ana-luisa-valdes\/\"]}]},{\"@type\":\"ImageObject\",\"inLanguage\":\"es\",\"@id\":\"https:\/\/www.sonoraenequipo.com.mx\/debemos-apoyar-ninos-jovenes-cumplan-suenos-ana-luisa-valdes\/#primaryimage\",\"url\":\"https:\/\/www.sonoraenequipo.com.mx\/storage\/2017\/10\/Evento-de-DVLA-en-Navojoa-7-_opt.jpg\",\"contentUrl\":\"https:\/\/www.sonoraenequipo.com.mx\/storage\/2017\/10\/Evento-de-DVLA-en-Navojoa-7-_opt.jpg\",\"width\":897,\"height\":600},{\"@type\":\"BreadcrumbList\",\"@id\":\"https:\/\/www.sonoraenequipo.com.mx\/debemos-apoyar-ninos-jovenes-cumplan-suenos-ana-luisa-valdes\/#breadcrumb\",\"itemListElement\":[{\"@type\":\"ListItem\",\"position\":1,\"name\":\"Portada\",\"item\":\"https:\/\/www.sonoraenequipo.com.mx\/\"},{\"@type\":\"ListItem\",\"position\":2,\"name\":\"Debemos apoyar a ni\u00f1os y j\u00f3venes para que cumplan sus sue\u00f1os: Ana Luisa Vald\u00e9s\"}]},{\"@type\":\"WebSite\",\"@id\":\"https:\/\/www.sonoraenequipo.com.mx\/#website\",\"url\":\"https:\/\/www.sonoraenequipo.com.mx\/\",\"name\":\"Sonora en Equipo.\",\"description\":\"Diario en l\u00ednea con Noticias desde Hermosillo, Sonora\",\"publisher\":{\"@id\":\"https:\/\/www.sonoraenequipo.com.mx\/#organization\"},\"potentialAction\":[{\"@type\":\"SearchAction\",\"target\":{\"@type\":\"EntryPoint\",\"urlTemplate\":\"https:\/\/www.sonoraenequipo.com.mx\/?s={search_term_string}\"},\"query-input\":{\"@type\":\"PropertyValueSpecification\",\"valueRequired\":true,\"valueName\":\"search_term_string\"}}],\"inLanguage\":\"es\"},{\"@type\":\"Organization\",\"@id\":\"https:\/\/www.sonoraenequipo.com.mx\/#organization\",\"name\":\"Sonoraenequipo.com.mx\",\"url\":\"https:\/\/www.sonoraenequipo.com.mx\/\",\"logo\":{\"@type\":\"ImageObject\",\"inLanguage\":\"es\",\"@id\":\"https:\/\/www.sonoraenequipo.com.mx\/#\/schema\/logo\/image\/\",\"url\":\"https:\/\/www.sonoraenequipo.com.mx\/storage\/2019\/01\/sonoraenequipo_opt.png\",\"contentUrl\":\"https:\/\/www.sonoraenequipo.com.mx\/storage\/2019\/01\/sonoraenequipo_opt.png\",\"width\":375,\"height\":125,\"caption\":\"Sonoraenequipo.com.mx\"},\"image\":{\"@id\":\"https:\/\/www.sonoraenequipo.com.mx\/#\/schema\/logo\/image\/\"},\"sameAs\":[\"https:\/\/www.facebook.com\/SonoraEE\/\",\"https:\/\/x.com\/sonoraenequipo\",\"https:\/\/www.youtube.com\/channel\/UC338nW-lPEYmJQs4ZABQ1SQ\"]},{\"@type\":\"Person\",\"@id\":\"https:\/\/www.sonoraenequipo.com.mx\/#\/schema\/person\/50102df0fb23a8fa9e8effad8fa81386\",\"name\":\"enequipo\",\"image\":{\"@type\":\"ImageObject\",\"inLanguage\":\"es\",\"@id\":\"https:\/\/www.sonoraenequipo.com.mx\/#\/schema\/person\/image\/\",\"url\":\"https:\/\/secure.gravatar.com\/avatar\/049821681b589dabc0bc20695993ccebb09f5b5d4d790cd9251b97faac7c652b?s=96&d=blank&r=g\",\"contentUrl\":\"https:\/\/secure.gravatar.com\/avatar\/049821681b589dabc0bc20695993ccebb09f5b5d4d790cd9251b97faac7c652b?s=96&d=blank&r=g\",\"caption\":\"enequipo\"},\"sameAs\":[\"https:\/\/www.facebook.com\/SonoraEE\"]}]}<\/script>\n ","yoast_head_json":{"title":"Sonora en Equipo. Debemos apoyar a ni\u00f1os y j\u00f3venes para que cumplan sus sue\u00f1os: Ana Luisa Vald\u00e9s Sin categorizar","description":"NAVOJOA, SONORA. MX.\u2014 El problema de las adicciones es un peligro que est\u00e1 latente todos los d\u00edas, donde nuestros ni\u00f1os y j\u00f3venes estudiantes est\u00e1n En Sonora en Equipo publicamos toda la informaci\u00f3n de Sonora, M\u00e9xico y el Mundo de manera oportuna y busca que la libertad de expresi\u00f3n sea real. Visita nuestro medio informativo publicado desde Hermosillo, Sonora. %","robots":{"index":"index","follow":"follow","max-snippet":"max-snippet:-1","max-image-preview":"max-image-preview:large","max-video-preview":"max-video-preview:-1"},"canonical":"https:\/\/www.sonoraenequipo.com.mx\/debemos-apoyar-ninos-jovenes-cumplan-suenos-ana-luisa-valdes\/","og_locale":"es_ES","og_type":"article","og_title":"Sonora en Equipo. Debemos apoyar a ni\u00f1os y j\u00f3venes para que cumplan sus sue\u00f1os: Ana Luisa Vald\u00e9s Sin categorizar","og_description":"NAVOJOA, SONORA. MX.\u2014 El problema de las adicciones es un peligro que est\u00e1 latente todos los d\u00edas, donde nuestros ni\u00f1os y j\u00f3venes estudiantes est\u00e1n En Sonora en Equipo publicamos toda la informaci\u00f3n de Sonora, M\u00e9xico y el Mundo de manera oportuna y busca que la libertad de expresi\u00f3n sea real. Visita nuestro medio informativo publicado desde Hermosillo, Sonora. %","og_url":"https:\/\/www.sonoraenequipo.com.mx\/debemos-apoyar-ninos-jovenes-cumplan-suenos-ana-luisa-valdes\/","og_site_name":"Sonora en Equipo.","article_publisher":"https:\/\/www.facebook.com\/SonoraEE\/","article_author":"https:\/\/www.facebook.com\/SonoraEE","article_published_time":"2017-10-01T20:20:33+00:00","article_modified_time":"2017-10-02T02:02:54+00:00","og_image":[{"width":897,"height":600,"url":"https:\/\/www.sonoraenequipo.com.mx\/storage\/2017\/10\/Evento-de-DVLA-en-Navojoa-7-_opt.jpg","type":"image\/jpeg"}],"author":"enequipo","twitter_card":"summary_large_image","twitter_creator":"@sonoraenequipo","twitter_site":"@sonoraenequipo","twitter_misc":{"Escrito por":"enequipo","Tiempo de lectura":"3 minutos"},"schema":{"@context":"https:\/\/schema.org","@graph":[{"@type":"Article","@id":"https:\/\/www.sonoraenequipo.com.mx\/debemos-apoyar-ninos-jovenes-cumplan-suenos-ana-luisa-valdes\/#article","isPartOf":{"@id":"https:\/\/www.sonoraenequipo.com.mx\/debemos-apoyar-ninos-jovenes-cumplan-suenos-ana-luisa-valdes\/"},"author":{"name":"enequipo","@id":"https:\/\/www.sonoraenequipo.com.mx\/#\/schema\/person\/50102df0fb23a8fa9e8effad8fa81386"},"headline":"Debemos apoyar a ni\u00f1os y j\u00f3venes para que cumplan sus sue\u00f1os: Ana Luisa Vald\u00e9s","datePublished":"2017-10-01T20:20:33+00:00","dateModified":"2017-10-02T02:02:54+00:00","mainEntityOfPage":{"@id":"https:\/\/www.sonoraenequipo.com.mx\/debemos-apoyar-ninos-jovenes-cumplan-suenos-ana-luisa-valdes\/"},"wordCount":675,"commentCount":0,"publisher":{"@id":"https:\/\/www.sonoraenequipo.com.mx\/#organization"},"image":{"@id":"https:\/\/www.sonoraenequipo.com.mx\/debemos-apoyar-ninos-jovenes-cumplan-suenos-ana-luisa-valdes\/#primaryimage"},"thumbnailUrl":"https:\/\/www.sonoraenequipo.com.mx\/storage\/2017\/10\/Evento-de-DVLA-en-Navojoa-7-_opt.jpg","articleSection":["Municipios","Sin categorizar"],"inLanguage":"es","potentialAction":[{"@type":"CommentAction","name":"Comment","target":["https:\/\/www.sonoraenequipo.com.mx\/debemos-apoyar-ninos-jovenes-cumplan-suenos-ana-luisa-valdes\/#respond"]}]},{"@type":"WebPage","@id":"https:\/\/www.sonoraenequipo.com.mx\/debemos-apoyar-ninos-jovenes-cumplan-suenos-ana-luisa-valdes\/","url":"https:\/\/www.sonoraenequipo.com.mx\/debemos-apoyar-ninos-jovenes-cumplan-suenos-ana-luisa-valdes\/","name":"Sonora en Equipo. Debemos apoyar a ni\u00f1os y j\u00f3venes para que cumplan sus sue\u00f1os: Ana Luisa Vald\u00e9s Sin categorizar","isPartOf":{"@id":"https:\/\/www.sonoraenequipo.com.mx\/#website"},"primaryImageOfPage":{"@id":"https:\/\/www.sonoraenequipo.com.mx\/debemos-apoyar-ninos-jovenes-cumplan-suenos-ana-luisa-valdes\/#primaryimage"},"image":{"@id":"https:\/\/www.sonoraenequipo.com.mx\/debemos-apoyar-ninos-jovenes-cumplan-suenos-ana-luisa-valdes\/#primaryimage"},"thumbnailUrl":"https:\/\/www.sonoraenequipo.com.mx\/storage\/2017\/10\/Evento-de-DVLA-en-Navojoa-7-_opt.jpg","datePublished":"2017-10-01T20:20:33+00:00","dateModified":"2017-10-02T02:02:54+00:00","description":"NAVOJOA, SONORA. MX.\u2014 El problema de las adicciones es un peligro que est\u00e1 latente todos los d\u00edas, donde nuestros ni\u00f1os y j\u00f3venes estudiantes est\u00e1n En Sonora en Equipo publicamos toda la informaci\u00f3n de Sonora, M\u00e9xico y el Mundo de manera oportuna y busca que la libertad de expresi\u00f3n sea real. Visita nuestro medio informativo publicado desde Hermosillo, Sonora. %","breadcrumb":{"@id":"https:\/\/www.sonoraenequipo.com.mx\/debemos-apoyar-ninos-jovenes-cumplan-suenos-ana-luisa-valdes\/#breadcrumb"},"inLanguage":"es","potentialAction":[{"@type":"ReadAction","target":["https:\/\/www.sonoraenequipo.com.mx\/debemos-apoyar-ninos-jovenes-cumplan-suenos-ana-luisa-valdes\/"]}]},{"@type":"ImageObject","inLanguage":"es","@id":"https:\/\/www.sonoraenequipo.com.mx\/debemos-apoyar-ninos-jovenes-cumplan-suenos-ana-luisa-valdes\/#primaryimage","url":"https:\/\/www.sonoraenequipo.com.mx\/storage\/2017\/10\/Evento-de-DVLA-en-Navojoa-7-_opt.jpg","contentUrl":"https:\/\/www.sonoraenequipo.com.mx\/storage\/2017\/10\/Evento-de-DVLA-en-Navojoa-7-_opt.jpg","width":897,"height":600},{"@type":"BreadcrumbList","@id":"https:\/\/www.sonoraenequipo.com.mx\/debemos-apoyar-ninos-jovenes-cumplan-suenos-ana-luisa-valdes\/#breadcrumb","itemListElement":[{"@type":"ListItem","position":1,"name":"Portada","item":"https:\/\/www.sonoraenequipo.com.mx\/"},{"@type":"ListItem","position":2,"name":"Debemos apoyar a ni\u00f1os y j\u00f3venes para que cumplan sus sue\u00f1os: Ana Luisa Vald\u00e9s"}]},{"@type":"WebSite","@id":"https:\/\/www.sonoraenequipo.com.mx\/#website","url":"https:\/\/www.sonoraenequipo.com.mx\/","name":"Sonora en Equipo.","description":"Diario en l\u00ednea con Noticias desde Hermosillo, Sonora","publisher":{"@id":"https:\/\/www.sonoraenequipo.com.mx\/#organization"},"potentialAction":[{"@type":"SearchAction","target":{"@type":"EntryPoint","urlTemplate":"https:\/\/www.sonoraenequipo.com.mx\/?s={search_term_string}"},"query-input":{"@type":"PropertyValueSpecification","valueRequired":true,"valueName":"search_term_string"}}],"inLanguage":"es"},{"@type":"Organization","@id":"https:\/\/www.sonoraenequipo.com.mx\/#organization","name":"Sonoraenequipo.com.mx","url":"https:\/\/www.sonoraenequipo.com.mx\/","logo":{"@type":"ImageObject","inLanguage":"es","@id":"https:\/\/www.sonoraenequipo.com.mx\/#\/schema\/logo\/image\/","url":"https:\/\/www.sonoraenequipo.com.mx\/storage\/2019\/01\/sonoraenequipo_opt.png","contentUrl":"https:\/\/www.sonoraenequipo.com.mx\/storage\/2019\/01\/sonoraenequipo_opt.png","width":375,"height":125,"caption":"Sonoraenequipo.com.mx"},"image":{"@id":"https:\/\/www.sonoraenequipo.com.mx\/#\/schema\/logo\/image\/"},"sameAs":["https:\/\/www.facebook.com\/SonoraEE\/","https:\/\/x.com\/sonoraenequipo","https:\/\/www.youtube.com\/channel\/UC338nW-lPEYmJQs4ZABQ1SQ"]},{"@type":"Person","@id":"https:\/\/www.sonoraenequipo.com.mx\/#\/schema\/person\/50102df0fb23a8fa9e8effad8fa81386","name":"enequipo","image":{"@type":"ImageObject","inLanguage":"es","@id":"https:\/\/www.sonoraenequipo.com.mx\/#\/schema\/person\/image\/","url":"https:\/\/secure.gravatar.com\/avatar\/049821681b589dabc0bc20695993ccebb09f5b5d4d790cd9251b97faac7c652b?s=96&d=blank&r=g","contentUrl":"https:\/\/secure.gravatar.com\/avatar\/049821681b589dabc0bc20695993ccebb09f5b5d4d790cd9251b97faac7c652b?s=96&d=blank&r=g","caption":"enequipo"},"sameAs":["https:\/\/www.facebook.com\/SonoraEE"]}]}},"jetpack_featured_media_url":"https:\/\/www.sonoraenequipo.com.mx\/storage\/2017\/10\/Evento-de-DVLA-en-Navojoa-7-_opt.jpg","_links":{"self":[{"href":"https:\/\/www.sonoraenequipo.com.mx\/api\/wp\/v2\/posts\/26744","targetHints":{"allow":["GET"]}}],"collection":[{"href":"https:\/\/www.sonoraenequipo.com.mx\/api\/wp\/v2\/posts"}],"about":[{"href":"https:\/\/www.sonoraenequipo.com.mx\/api\/wp\/v2\/types\/post"}],"author":[{"embeddable":true,"href":"https:\/\/www.sonoraenequipo.com.mx\/api\/wp\/v2\/users\/1"}],"replies":[{"embeddable":true,"href":"https:\/\/www.sonoraenequipo.com.mx\/api\/wp\/v2\/comments?post=26744"}],"version-history":[{"count":0,"href":"https:\/\/www.sonoraenequipo.com.mx\/api\/wp\/v2\/posts\/26744\/revisions"}],"wp:featuredmedia":[{"embeddable":true,"href":"https:\/\/www.sonoraenequipo.com.mx\/api\/wp\/v2\/media\/26745"}],"wp:attachment":[{"href":"https:\/\/www.sonoraenequipo.com.mx\/api\/wp\/v2\/media?parent=26744"}],"wp:term":[{"taxonomy":"category","embeddable":true,"href":"https:\/\/www.sonoraenequipo.com.mx\/api\/wp\/v2\/categories?post=26744"},{"taxonomy":"post_tag","embeddable":true,"href":"https:\/\/www.sonoraenequipo.com.mx\/api\/wp\/v2\/tags?post=26744"}],"curies":[{"name":"wp","href":"https:\/\/api.w.org\/{rel}","templated":true}]}}